{"id":9710,"date":"2019-12-06T09:50:40","date_gmt":"2019-12-06T08:50:40","guid":{"rendered":"https:\/\/www.raum-blick.de\/magazin\/?p=9710"},"modified":"2022-06-03T14:11:25","modified_gmt":"2022-06-03T12:11:25","slug":"dekoration-zu-weihnachten","status":"publish","type":"post","link":"https:\/\/raum-blick.de\/magazin\/dekoration-zu-weihnachten\/","title":{"rendered":"Dekoration zu Weihnachten"},"content":{"rendered":"<h2><span class=\"ez-toc-section\" id=\"%C2%AB_Es_wird_festlich_%C2%BB\"><\/span>\u00ab Es wird festlich \u00bb<span class=\"ez-toc-section-end\"><\/span><\/h2>\n<p style=\"text-align: justify;\"><strong>Die Vorfreude steigt. Weihnachten steht vor der T\u00fcr und die Aromen von Gl\u00fchwein und Pl\u00e4tzchen schmeicheln der Nase. Wenn die ganze Familie zum fr\u00f6hlichen Beisammensein kommt, dann darf sich schon mal Gedanken gemacht werden, welcher Festtagsschmaus auf den Tisch kommt. Aber auch die stimmungsvolle Dekoration zu Weihnachten sollten Sie nicht vergessen, damit es rundum besinnlich wird.<\/strong><\/p>\n<h2><span class=\"ez-toc-section\" id=\"Ideen_fuer_die_Raumdekoration\"><\/span>Ideen f\u00fcr die Raumdekoration<span class=\"ez-toc-section-end\"><\/span><\/h2>\n<p style=\"text-align: justify;\">Kinder lieben verspieltes Design. Bei der Dekoration zu Weihnachten schlie\u00dfen sich die meisten Erwachsenen an. Unwillk\u00fcrlich zaubern die vertrauten Symbole und Figuren ein L\u00e4cheln ins Gesicht. Das gilt beispielsweise f\u00fcr den Weihnachtsmann, der die \u00dcberraschungen ins Haus bringt.<\/p><div id=\"ez-toc-container\" class=\"ez-toc-v2_0_82_2 counter-hierarchy ez-toc-counter ez-toc-grey ez-toc-container-direction\">\n<div class=\"ez-toc-title-container\">\n<p class=\"ez-toc-title\" style=\"cursor:inherit\">Was hier auf Sie wartet<\/p>\n<span class=\"ez-toc-title-toggle\"><a href=\"#\" class=\"ez-toc-pull-right ez-toc-btn ez-toc-btn-xs ez-toc-btn-default ez-toc-toggle\" aria-label=\"Toggle Table of Content\"><span class=\"ez-toc-js-icon-con\"><span class=\"\"><span class=\"eztoc-hide\" style=\"display:none;\">Toggle<\/span><span class=\"ez-toc-icon-toggle-span\"><svg style=\"fill: #999;color:#999\" xmlns=\"http:\/\/www.w3.org\/2000\/svg\" class=\"list-377408\" width=\"20px\" height=\"20px\" viewBox=\"0 0 24 24\" fill=\"none\"><path d=\"M6 6H4v2h2V6zm14 0H8v2h12V6zM4 11h2v2H4v-2zm16 0H8v2h12v-2zM4 16h2v2H4v-2zm16 0H8v2h12v-2z\" fill=\"currentColor\"><\/path><\/svg><svg style=\"fill: #999;color:#999\" class=\"arrow-unsorted-368013\" xmlns=\"http:\/\/www.w3.org\/2000\/svg\" width=\"10px\" height=\"10px\" viewBox=\"0 0 24 24\" version=\"1.2\" baseProfile=\"tiny\"><path d=\"M18.2 9.3l-6.2-6.3-6.2 6.3c-.2.2-.3.4-.3.7s.1.5.3.7c.2.2.4.3.7.3h11c.3 0 .5-.1.7-.3.2-.2.3-.5.3-.7s-.1-.5-.3-.7zM5.8 14.7l6.2 6.3 6.2-6.3c.2-.2.3-.5.3-.7s-.1-.5-.3-.7c-.2-.2-.4-.3-.7-.3h-11c-.3 0-.5.1-.7.3-.2.2-.3.5-.3.7s.1.5.3.7z\"\/><\/svg><\/span><\/span><\/span><\/a><\/span><\/div>\n<nav><ul class='ez-toc-list ez-toc-list-level-1 ' ><li class='ez-toc-page-1 ez-toc-heading-level-2'><a class=\"ez-toc-link ez-toc-heading-1\" href=\"https:\/\/raum-blick.de\/magazin\/dekoration-zu-weihnachten\/#%C2%AB_Es_wird_festlich_%C2%BB\" >\u00ab Es wird festlich \u00bb<\/a><\/li><li class='ez-toc-page-1 ez-toc-heading-level-2'><a class=\"ez-toc-link ez-toc-heading-2\" href=\"https:\/\/raum-blick.de\/magazin\/dekoration-zu-weihnachten\/#Ideen_fuer_die_Raumdekoration\" >Ideen f\u00fcr die Raumdekoration<\/a><\/li><li class='ez-toc-page-1 ez-toc-heading-level-2'><a class=\"ez-toc-link ez-toc-heading-3\" href=\"https:\/\/raum-blick.de\/magazin\/dekoration-zu-weihnachten\/#Exklusiver_Christbaumschmuck_%E2%80%93_Dekoration_zum_Verlieben\" >Exklusiver Christbaumschmuck \u2013 Dekoration zum Verlieben<\/a><\/li><li class='ez-toc-page-1 ez-toc-heading-level-2'><a class=\"ez-toc-link ez-toc-heading-4\" href=\"https:\/\/raum-blick.de\/magazin\/dekoration-zu-weihnachten\/#Dekorationsideen_fuer_die_weihnachtliche_Dinnertafel\" >Dekorationsideen f\u00fcr die weihnachtliche Dinnertafel<\/a><\/li><li class='ez-toc-page-1 ez-toc-heading-level-2'><a class=\"ez-toc-link ez-toc-heading-5\" href=\"https:\/\/raum-blick.de\/magazin\/dekoration-zu-weihnachten\/#Verfuehrerischer_Auftritt_fuer_die_Weihnachtsplaetzchen\" >Verf\u00fchrerischer Auftritt f\u00fcr die Weihnachtspl\u00e4tzchen<\/a><\/li><li class='ez-toc-page-1 ez-toc-heading-level-2'><a class=\"ez-toc-link ez-toc-heading-6\" href=\"https:\/\/raum-blick.de\/magazin\/dekoration-zu-weihnachten\/#Dekoration_fuer_die_Abendstunden_Lauschige_Kerzendeko\" >Dekoration f\u00fcr die Abendstunden: Lauschige Kerzendeko<\/a><\/li><\/ul><\/nav><\/div>\n\n<p><a href=\"https:\/\/www.raum-blick.de\/kay-bojesen-weihnachtsmann\"><img loading=\"lazy\" decoding=\"async\" class=\"aligncenter wp-image-9722 size-full\" title=\"Kay Bojesen Weihnachtsmann | Holz-Figur | Design: Kay Bojesen\" src=\"https:\/\/www.raum-blick.de\/magazin\/wp-content\/uploads\/2020\/12\/kay-bojesen-weihnachtsmann.jpg\" alt=\"kay-bojesen-weihnachtsmann\" width=\"600\" height=\"600\" srcset=\"https:\/\/raum-blick.de\/magazin\/wp-content\/uploads\/2020\/12\/kay-bojesen-weihnachtsmann.jpg 600w, https:\/\/raum-blick.de\/magazin\/wp-content\/uploads\/2020\/12\/kay-bojesen-weihnachtsmann-300x300.jpg 300w, https:\/\/raum-blick.de\/magazin\/wp-content\/uploads\/2020\/12\/kay-bojesen-weihnachtsmann-150x150.jpg 150w\" sizes=\"(max-width: 600px) 100vw, 600px\" \/><\/a><\/p>\n<p style=\"text-align: justify;\"><a href=\"https:\/\/www.raum-blick.de\/kay-bojesen\/\">Kay Bojesen<\/a> w\u00fcrdigte den saisonalen Protagonisten vor Jahrzehnten. Seither hat die Holzfigur nichts von ihrer Attraktivit\u00e4t eingeb\u00fc\u00dft. Denn die bewegliche Gestaltung erm\u00f6glicht es, die Deko nach Belieben zu positionieren.<\/p>\n<p><img loading=\"lazy\" decoding=\"async\" class=\"aligncenter wp-image-9724\" title=\"Georg Jensen Weihnachtsmobile 2019 | Herz | Design: Sanne Lund Traberg\" src=\"https:\/\/www.raum-blick.de\/magazin\/wp-content\/uploads\/2020\/12\/georg-jensen-weihnachtsmobile-2019-herz.jpg\" alt=\"georg-jensen-weihnachtsmobile-2019-herz\" width=\"500\" height=\"500\" srcset=\"https:\/\/raum-blick.de\/magazin\/wp-content\/uploads\/2020\/12\/georg-jensen-weihnachtsmobile-2019-herz.jpg 600w, https:\/\/raum-blick.de\/magazin\/wp-content\/uploads\/2020\/12\/georg-jensen-weihnachtsmobile-2019-herz-300x300.jpg 300w, https:\/\/raum-blick.de\/magazin\/wp-content\/uploads\/2020\/12\/georg-jensen-weihnachtsmobile-2019-herz-150x150.jpg 150w\" sizes=\"(max-width: 500px) 100vw, 500px\" \/><\/p>\n<p style=\"text-align: justify;\">Sanne Lund Traberg st\u00f6berte in den Archiven von <a href=\"https:\/\/www.raum-blick.de\/georg-jensen\/\">Georg Jensen<\/a>, um sich von den Accessoires aus der Art d\u00e9co-\u00c4ra inspirieren zu lassen. Die Quintessenz ist ein edles Mobile. Passend zum Fest der Liebe umgibt ein grafisch gemusterter Rahmen das symbolische Herz. Glamour\u00f6s akzentuiert die Edelmetallauflage den Anh\u00e4nger mit B\u00e4ndchen f\u00fcrs Weihnachtsfest 2019. Dieses Deko-Element ist origin\u00e4r als Baumschmuck gedacht, macht sich aber ebenso schick an der Wohnzimmert\u00fcr.<\/p>\n<h2><span class=\"ez-toc-section\" id=\"Exklusiver_Christbaumschmuck_%E2%80%93_Dekoration_zum_Verlieben\"><\/span>Exklusiver Christbaumschmuck \u2013 Dekoration zum Verlieben<span class=\"ez-toc-section-end\"><\/span><\/h2>\n<p style=\"text-align: justify;\">Der Weihnachtsbaum ist zweifelsohne der Hauptdarsteller am Heiligen Abend. Er hat sich die sch\u00f6nste Deko verdient. Der Meinung schie\u00dft sich Zarah Voigt mit ihrem vergoldeten Weihnachtsschmuck an. F\u00fcr eine klassische Gestaltung entschied sich die Schmuckdesignerin bei den Christbaumkugeln. Bezaubernd filigran muten die Engel und Sterne der <a href=\"https:\/\/www.raum-blick.de\/rosendahl\/\">Rosendahl<\/a> Haute Couture-Kollektion an.<\/p>\n<p><img loading=\"lazy\" decoding=\"async\" class=\"aligncenter wp-image-9716 size-full\" title=\"Rosendahl Weihnachtsschmuck | Serie: Karen Blixen | Design: Zarah Voigt\" src=\"https:\/\/www.raum-blick.de\/magazin\/wp-content\/uploads\/2020\/12\/rosendahl-weihnachtsschmuck.jpg\" alt=\"rosendahl-weihnachtsschmuck\" width=\"600\" height=\"480\" srcset=\"https:\/\/raum-blick.de\/magazin\/wp-content\/uploads\/2020\/12\/rosendahl-weihnachtsschmuck.jpg 600w, https:\/\/raum-blick.de\/magazin\/wp-content\/uploads\/2020\/12\/rosendahl-weihnachtsschmuck-300x240.jpg 300w\" sizes=\"(max-width: 600px) 100vw, 600px\" \/><\/p>\n<p style=\"text-align: justify;\">Exzellent passen dazu die Kerzenhalter von Georg Jensen f\u00fcr die Dekoration zu Weihnachten. Oberhalb bietet sich der spiralf\u00f6rmige Part zur Fixierung der Christbaumkerzen an. H\u00fcbsche Motive lenken an der Verl\u00e4ngerung das Interesse auf sich. Eine glanzvolle Gold- oder Palladiumveredelung rundet die Accessoires ab.<\/p>\n<p><img loading=\"lazy\" decoding=\"async\" class=\"aligncenter wp-image-9718 size-full\" title=\"Georg Jensen Kerzenhalter Eichel &amp; Wintervogel | Set | Design: Monica F\u00f6rster, 2018\" src=\"https:\/\/www.raum-blick.de\/magazin\/wp-content\/uploads\/2020\/12\/georg-jensen-weihnachts-kerzenhalter.jpg\" alt=\"georg-jensen-weihnachts-kerzenhalter\" width=\"600\" height=\"580\" srcset=\"https:\/\/raum-blick.de\/magazin\/wp-content\/uploads\/2020\/12\/georg-jensen-weihnachts-kerzenhalter.jpg 600w, https:\/\/raum-blick.de\/magazin\/wp-content\/uploads\/2020\/12\/georg-jensen-weihnachts-kerzenhalter-300x290.jpg 300w\" sizes=\"(max-width: 600px) 100vw, 600px\" \/><\/p>\n<p style=\"text-align: justify;\">Es lohnt sich, den polierten Edelmetallen bei der Dekoration treu zu bleiben. Sie vervielf\u00e4ltigen durch Reflexionen den Kerzenschein und bringen den Tannenbaum zum Funkeln. Staunende Gesichter sind bei der Bescherung vorprogrammiert.<\/p>\n<h2><span class=\"ez-toc-section\" id=\"Dekorationsideen_fuer_die_weihnachtliche_Dinnertafel\"><\/span>Dekorationsideen f\u00fcr die weihnachtliche Dinnertafel<span class=\"ez-toc-section-end\"><\/span><\/h2>\n<p style=\"text-align: justify;\">Bei Festlichkeiten bevorzugen Sie Porzellan, Tischt\u00fccher und Stoffservietten im strahlenden Wei\u00df. Au\u00dferdem steht fest, dass Ihr pr\u00e4chtiger Kandelaber die Tafel beim Weihnachtsdinner illuminiert. Es fehlt nur der saisonale Akzent f\u00fcr die Tischdeko.<\/p>\n<p><a href=\"https:\/\/www.raum-blick.de\/georg-jensen-tischbaum-2019\"><img loading=\"lazy\" decoding=\"async\" class=\"aligncenter wp-image-9727 size-full\" title=\"Georg Jensen Tischbaum | Design: Sanne Lund Traberg, 2019\" src=\"https:\/\/www.raum-blick.de\/magazin\/wp-content\/uploads\/2020\/12\/georg-jensen-tischbaum-2019.jpg\" alt=\"georg-jensen-tischbaum-2019\" width=\"600\" height=\"590\" srcset=\"https:\/\/raum-blick.de\/magazin\/wp-content\/uploads\/2020\/12\/georg-jensen-tischbaum-2019.jpg 600w, https:\/\/raum-blick.de\/magazin\/wp-content\/uploads\/2020\/12\/georg-jensen-tischbaum-2019-300x295.jpg 300w\" sizes=\"(max-width: 600px) 100vw, 600px\" \/><\/a><\/p>\n<p style=\"text-align: justify;\">Fabelhaft harmonieren die goldenen Tischb\u00e4ume von Georg Jensen mit einer Festtafel, die sich zur klassischen Eleganz bekennt. Die skizzierten Tannenb\u00e4ume mit edlem Touch kommen solo und im Ensemble gut zur Geltung. Greifen Sie das Herzmotiv der Dekoration mit Pralinen in Goldpapier auf, die Sie auf den Platztellern drapieren. Schon wirkt das Arrangement rundum stimmig.<\/p>\n<p><a href=\"https:\/\/www.raum-blick.de\/bjoern-wiinblad-lucia-engel-teelichthalter\"><img loading=\"lazy\" decoding=\"async\" class=\"aligncenter wp-image-9731 size-full\" title=\"Bj\u00f8rn Wiinblad Lucia Teelichthalter | in zwei Gr\u00f6\u00dfen | Design: Bj\u00f8rn Wiinblad\" src=\"https:\/\/www.raum-blick.de\/magazin\/wp-content\/uploads\/2020\/12\/bjoern-wiinblad-lucia-engel-teelichthalter.jpg\" alt=\"bjoern-wiinblad-lucia-engel-teelichthalter\" width=\"600\" height=\"600\" srcset=\"https:\/\/raum-blick.de\/magazin\/wp-content\/uploads\/2020\/12\/bjoern-wiinblad-lucia-engel-teelichthalter.jpg 600w, https:\/\/raum-blick.de\/magazin\/wp-content\/uploads\/2020\/12\/bjoern-wiinblad-lucia-engel-teelichthalter-300x300.jpg 300w, https:\/\/raum-blick.de\/magazin\/wp-content\/uploads\/2020\/12\/bjoern-wiinblad-lucia-engel-teelichthalter-150x150.jpg 150w\" sizes=\"(max-width: 600px) 100vw, 600px\" \/><\/a><\/p>\n<p style=\"text-align: justify;\">Zu Weihnachten ist der Tisch reich gedeckt. F\u00fcr zahlreiche Accessoires fehlt oft der Platz. Vereinen Sie die fig\u00fcrliche Weihnachtsdeko mit dem behaglichen Kerzenschein. Das gelingt ihnen wunderbar mit den Lucia Teelichthaltern von <a href=\"https:\/\/www.raum-blick.de\/bjoern-wiinblad\/\">Bj\u00f8rn Wiinblad<\/a>. Der d\u00e4nische Designer wird f\u00fcr ausdrucksvolle Porzellanarbeiten mit markanten Gesichtern gesch\u00e4tzt. Seine engelsgleiche Dekoration f\u00fcr Weihnachten wirkt anmutig, friedvoll und ulkig zugleich. W\u00e4hlen Sie passend dazu bei den Servietten eine Falttechnik, die Engel skizziert. So avanciert die unverzichtbare Tischausstattung zur Deko.<\/p>\n<h2><span class=\"ez-toc-section\" id=\"Verfuehrerischer_Auftritt_fuer_die_Weihnachtsplaetzchen\"><\/span>Verf\u00fchrerischer Auftritt f\u00fcr die Weihnachtspl\u00e4tzchen<span class=\"ez-toc-section-end\"><\/span><\/h2>\n<p style=\"text-align: justify;\">In der Adventszeit werden eifrig Weihnachtskekse gebacken. Ambitionierte Hobbyk\u00f6che erg\u00e4nzen selbst gemachte Pralinen mit k\u00f6stlichen F\u00fcllungen. Der Duft bei den Vorbereitungen weckt die Vorfreude auf die Leckereien beim Weihnachtsfest. Sie laden bei den entspannten Plaudereien mit der Familie zum Zugreifen ein.<\/p>\n<p><img loading=\"lazy\" decoding=\"async\" class=\"aligncenter wp-image-9739 size-full\" title=\"K\u00e4hler Hammershoi Weihnachtsschale auf Fu\u00df | Design: Hans-Christian Bauer &amp; Rikke Jacobsen\" src=\"https:\/\/www.raum-blick.de\/magazin\/wp-content\/uploads\/2020\/12\/kaehler-design-hammershoi-weihnachtsschale.jpg\" alt=\"kaehler-design-hammershoi-weihnachtsschale\" width=\"600\" height=\"600\" srcset=\"https:\/\/raum-blick.de\/magazin\/wp-content\/uploads\/2020\/12\/kaehler-design-hammershoi-weihnachtsschale.jpg 600w, https:\/\/raum-blick.de\/magazin\/wp-content\/uploads\/2020\/12\/kaehler-design-hammershoi-weihnachtsschale-300x300.jpg 300w, https:\/\/raum-blick.de\/magazin\/wp-content\/uploads\/2020\/12\/kaehler-design-hammershoi-weihnachtsschale-150x150.jpg 150w\" sizes=\"(max-width: 600px) 100vw, 600px\" \/><\/p>\n<p style=\"text-align: justify;\">Schick pr\u00e4sentiert die Weihnachtsschale von <a href=\"https:\/\/www.raum-blick.de\/kaehler-design\/\">K\u00e4hler Design<\/a> die S\u00fc\u00dfigkeiten. Hans-Christian Bauer und Rikke Jakobsen kombinierten geschickt die pr\u00e4gnante Riffelung der Erfolgskollektion Hammersh\u00f8i mit einer weihnachtlichen Malerei. In der Porzellanschale mit Fu\u00df wirkt das Geb\u00e4ck appetitlich. Drapieren Sie daneben auf dem Sofatisch die passende Bonbonniere der Traditionsmarke.<\/p>\n<p><img loading=\"lazy\" decoding=\"async\" class=\"aligncenter wp-image-9741 size-full\" title=\"K\u00e4hler Hammershoi Weihnachtsbonbonniere mit passendem Deckel | Design: Hans-Christian Bauer &amp; Rikke Jacobsen\" src=\"https:\/\/www.raum-blick.de\/magazin\/wp-content\/uploads\/2020\/12\/kaehler-design-hammershoi-weihnachtsbonbonniere.jpg\" alt=\"kaehler-design-hammershoi-weihnachtsbonbonniere\" width=\"600\" height=\"600\" srcset=\"https:\/\/raum-blick.de\/magazin\/wp-content\/uploads\/2020\/12\/kaehler-design-hammershoi-weihnachtsbonbonniere.jpg 600w, https:\/\/raum-blick.de\/magazin\/wp-content\/uploads\/2020\/12\/kaehler-design-hammershoi-weihnachtsbonbonniere-300x300.jpg 300w, https:\/\/raum-blick.de\/magazin\/wp-content\/uploads\/2020\/12\/kaehler-design-hammershoi-weihnachtsbonbonniere-150x150.jpg 150w\" sizes=\"(max-width: 600px) 100vw, 600px\" \/><\/p>\n<p style=\"text-align: justify;\">G\u00e4ste sind entz\u00fcckt, wenn sie darin erfrischende Pfefferminzbonbons entdecken. Sie relativieren angenehm die S\u00fc\u00dfe der Pl\u00e4tzchen. Leert sich der Vorrat, verlieren die Gef\u00e4\u00dfe nicht ihren Reiz. Sie bereichern mit Motiven wie Nussknacker und Zuckerstangen ungef\u00fcllt die Dekoration zu Weihnachten.<\/p>\n<h2><span class=\"ez-toc-section\" id=\"Dekoration_fuer_die_Abendstunden_Lauschige_Kerzendeko\"><\/span>Dekoration f\u00fcr die Abendstunden: Lauschige Kerzendeko<span class=\"ez-toc-section-end\"><\/span><\/h2>\n<p style=\"text-align: justify;\">W\u00e4hrend der Feiertage erfreut das Wohnzimmer dank der zahlreichen Accessoires mit seiner Behaglichkeit. Ungern verabschiedet man sich von der besinnlichen Atmosph\u00e4re. Der festliche Bezug spricht aber daf\u00fcr, die Deko nach Weihnachten wieder einzupacken. Das bringt man leichter \u00fcbers Herz, wenn einige gem\u00fctliche Akzente im Rennen bleiben.<\/p>\n<p><img loading=\"lazy\" decoding=\"async\" class=\"aligncenter wp-image-9752 size-full\" title=\"R\u00e4der Lichthaus, klein | Lichthaus Indoor | Design: R\u00e4der\" src=\"https:\/\/www.raum-blick.de\/magazin\/wp-content\/uploads\/2020\/12\/raeder-design-lichthaus-klein.jpg\" alt=\"raeder-design-lichthaus-klein\" width=\"600\" height=\"600\" srcset=\"https:\/\/raum-blick.de\/magazin\/wp-content\/uploads\/2020\/12\/raeder-design-lichthaus-klein.jpg 600w, https:\/\/raum-blick.de\/magazin\/wp-content\/uploads\/2020\/12\/raeder-design-lichthaus-klein-300x300.jpg 300w, https:\/\/raum-blick.de\/magazin\/wp-content\/uploads\/2020\/12\/raeder-design-lichthaus-klein-150x150.jpg 150w\" sizes=\"(max-width: 600px) 100vw, 600px\" \/><\/p>\n<p style=\"text-align: justify;\">Aus dem Portfolio von <a href=\"https:\/\/www.raum-blick.de\/raeder\/\">R\u00e4der Design<\/a> stammt das Lichthaus. Sanft erleuchtet das Teelicht im Inneren die kleinen Fenster. Das schneewei\u00dfe Porzellanaccessoire ist mit viel Liebe zum Detail gefertigt und passt vortrefflich zu Weihnachten. Dank der dezenten Gestaltung bekennt es sich aber nicht eindeutig zur Festdeko.<\/p>\n<p><img loading=\"lazy\" decoding=\"async\" class=\"aligncenter wp-image-9749 size-full\" title=\"R\u00e4der Lichthaus Traumhaus | Serie: Living | Design: R\u00e4der\" src=\"https:\/\/www.raum-blick.de\/magazin\/wp-content\/uploads\/2020\/12\/raeder-design-lichthaus-traumhaus.jpg\" alt=\"raeder-design-lichthaus-traumhaus\" width=\"600\" height=\"600\" srcset=\"https:\/\/raum-blick.de\/magazin\/wp-content\/uploads\/2020\/12\/raeder-design-lichthaus-traumhaus.jpg 600w, https:\/\/raum-blick.de\/magazin\/wp-content\/uploads\/2020\/12\/raeder-design-lichthaus-traumhaus-300x300.jpg 300w, https:\/\/raum-blick.de\/magazin\/wp-content\/uploads\/2020\/12\/raeder-design-lichthaus-traumhaus-150x150.jpg 150w\" sizes=\"(max-width: 600px) 100vw, 600px\" \/><\/p>\n<p style=\"text-align: justify;\">Das runde Lichthaus ist kein Einzelg\u00e4nger, sondern Teil einer Kollektion. Sie erm\u00f6glicht es, mit zahlreichen Porzellanh\u00e4usern auf der Fensterbank eine winterliche Stadt zu arrangieren. Ein abstraktes Hirschgeweih umschlie\u00dft das Kerzenglas beim Windlicht Kingston von <a href=\"https:\/\/www.raum-blick.de\/edzard\/\">Edzard<\/a>. Tauchen im Umfeld Tannenzweige und Zapfen auf, wirkt es wie Weihnachtsschmuck. Ohne erg\u00e4nzende Dekoration steht das Naturmotiv im Vordergrund. Die ausgefallene Kerzendeko bereichert schon im Herbst stilvoll das Ambiente. Gleiches gilt f\u00fcr die kalten Monate nach dem Jahreswechsel.<\/p>\n<p><img loading=\"lazy\" decoding=\"async\" class=\"aligncenter wp-image-9746 size-full\" title=\"Windlicht Kingston | Design: EDZARD\" src=\"https:\/\/www.raum-blick.de\/magazin\/wp-content\/uploads\/2020\/12\/edzard-kingston-windlicht.jpg\" alt=\"edzard-kingston-windlicht\" width=\"600\" height=\"400\" srcset=\"https:\/\/raum-blick.de\/magazin\/wp-content\/uploads\/2020\/12\/edzard-kingston-windlicht.jpg 600w, https:\/\/raum-blick.de\/magazin\/wp-content\/uploads\/2020\/12\/edzard-kingston-windlicht-300x200.jpg 300w\" sizes=\"(max-width: 600px) 100vw, 600px\" \/><\/p>\n<p style=\"text-align: justify;\">Das Accessoire wirkt sogleich anders, wenn Sie die Kerzenfarbe variieren. Unterstreichen Sie beispielsweise mit einem silbernen oder wei\u00dfen Exemplar die k\u00fchle Eleganz des vernickelten Aluminiums. Mit einem satten Braun oder Tannengr\u00fcn verst\u00e4rkt sich hingegen der urige Bezug zu den Waldbewohnern. So l\u00e4sst sich eine vollkommene Dekoration erzielen.<\/p>\n","protected":false},"excerpt":{"rendered":"<p>\u00ab Es wird festlich \u00bb Die Vorfreude steigt. Weihnachten steht vor der T\u00fcr und die Aromen von Gl\u00fchwein und Pl\u00e4tzchen schmeicheln der Nase. Wenn die ganze Familie zum fr\u00f6hlichen Beisammensein kommt, dann darf sich schon mal Gedanken gemacht werden, welcher Festtagsschmaus auf den Tisch kommt. Aber auch die stimmungsvolle Dekoration zu Weihnachten sollten Sie nicht [&hellip;]<\/p>\n","protected":false},"author":4,"featured_media":9758,"comment_status":"closed","ping_status":"open","sticky":false,"template":"","format":"standard","meta":{"_et_pb_use_builder":"","_et_pb_old_content":"","_et_gb_content_width":"","inline_featured_image":false,"footnotes":""},"categories":[7],"tags":[998,707,342,683,840,341,323,56,357,322,736,288,777,1001,996,493,997,486,1000,995,999,733,848],"class_list":["post-9710","post","type-post","status-publish","format-standard","has-post-thumbnail","hentry","category-accessoires-lifestyle","tag-bjrn-wiinblad","tag-christbaumschmuck","tag-dekoration","tag-dekorationsideen","tag-edzard","tag-georg-jensen","tag-holzfiguren","tag-indoor","tag-kaehler","tag-kay-bojesen","tag-kerzendeko","tag-kerzenhalter","tag-lichthaus","tag-raeder","tag-rosendahl","tag-teelichthalter","tag-tischbaum","tag-weihnachten","tag-weihnachtsbonbonniere","tag-weihnachtsmobile","tag-weihnachtsschale","tag-weihnachtsschmuck","tag-windlicht"],"_links":{"self":[{"href":"https:\/\/raum-blick.de\/magazin\/wp-json\/wp\/v2\/posts\/9710","targetHints":{"allow":["GET"]}}],"collection":[{"href":"https:\/\/raum-blick.de\/magazin\/wp-json\/wp\/v2\/posts"}],"about":[{"href":"https:\/\/raum-blick.de\/magazin\/wp-json\/wp\/v2\/types\/post"}],"author":[{"embeddable":true,"href":"https:\/\/raum-blick.de\/magazin\/wp-json\/wp\/v2\/users\/4"}],"replies":[{"embeddable":true,"href":"https:\/\/raum-blick.de\/magazin\/wp-json\/wp\/v2\/comments?post=9710"}],"version-history":[{"count":44,"href":"https:\/\/raum-blick.de\/magazin\/wp-json\/wp\/v2\/posts\/9710\/revisions"}],"predecessor-version":[{"id":16459,"href":"https:\/\/raum-blick.de\/magazin\/wp-json\/wp\/v2\/posts\/9710\/revisions\/16459"}],"wp:featuredmedia":[{"embeddable":true,"href":"https:\/\/raum-blick.de\/magazin\/wp-json\/wp\/v2\/media\/9758"}],"wp:attachment":[{"href":"https:\/\/raum-blick.de\/magazin\/wp-json\/wp\/v2\/media?parent=9710"}],"wp:term":[{"taxonomy":"category","embeddable":true,"href":"https:\/\/raum-blick.de\/magazin\/wp-json\/wp\/v2\/categories?post=9710"},{"taxonomy":"post_tag","embeddable":true,"href":"https:\/\/raum-blick.de\/magazin\/wp-json\/wp\/v2\/tags?post=9710"}],"curies":[{"name":"wp","href":"https:\/\/api.w.org\/{rel}","templated":true}]}}