{"id":9663,"date":"2019-11-28T14:40:00","date_gmt":"2019-11-28T13:40:00","guid":{"rendered":"https:\/\/www.raum-blick.de\/magazin\/?p=9663"},"modified":"2021-11-22T18:07:32","modified_gmt":"2021-11-22T17:07:32","slug":"moma-kollektion","status":"publish","type":"post","link":"https:\/\/raum-blick.de\/magazin\/moma-kollektion\/","title":{"rendered":"Die MoMA Kollektion im Blickpunkt"},"content":{"rendered":"<h2><span class=\"ez-toc-section\" id=\"%C2%AB_Das_Museum_of_Modern_Art_praesentiert_seine_Designs_%C2%BB\"><\/span>\u00ab Das Museum of Modern Art pr\u00e4sentiert seine Designs \u00bb<span class=\"ez-toc-section-end\"><\/span><\/h2>\n<p style=\"text-align: justify;\"><strong>Akribisch w\u00e4hlt das Museum of Modern Art seine Ausstellungsobjekte aus. Das Gleiche gilt f\u00fcr die <\/strong><a href=\"https:\/\/www.raum-blick.de\/moma\/\"><strong>MoMA Kollektion<\/strong><\/a><strong>, die Designliebhaber erwerben k\u00f6nnen. Jedes Accessoire gleicht deshalb einem Gl\u00fccksgriff f\u00fcr stilvolles Einrichten.<\/strong><\/p>\n<h2><span class=\"ez-toc-section\" id=\"Die_Sahnestuecke_des_modernen_Designs\"><\/span>Die Sahnest\u00fccke des modernen Designs<span class=\"ez-toc-section-end\"><\/span><\/h2>\n<p style=\"text-align: justify;\">Kunstinteressierte bemerkten in den 1920er Jahren, dass es keinen dauerhaften Ausstellungsort f\u00fcr zeitgen\u00f6ssische Werke gab. Man beschloss, das Manko z\u00fcgig zu beheben. Schon wenige Jahre sp\u00e4ter er\u00f6ffnete man am 7. November 1929 das Museum of Modern Art in New York. Der Kunsthistoriker Alfred Barr \u00fcbernahm bei der Gr\u00fcndung als Direktor die Leitung.<\/p><div id=\"ez-toc-container\" class=\"ez-toc-v2_0_82_2 counter-hierarchy ez-toc-counter ez-toc-grey ez-toc-container-direction\">\n<div class=\"ez-toc-title-container\">\n<p class=\"ez-toc-title\" style=\"cursor:inherit\">Was hier auf Sie wartet<\/p>\n<span class=\"ez-toc-title-toggle\"><a href=\"#\" class=\"ez-toc-pull-right ez-toc-btn ez-toc-btn-xs ez-toc-btn-default ez-toc-toggle\" aria-label=\"Toggle Table of Content\"><span class=\"ez-toc-js-icon-con\"><span class=\"\"><span class=\"eztoc-hide\" style=\"display:none;\">Toggle<\/span><span class=\"ez-toc-icon-toggle-span\"><svg style=\"fill: #999;color:#999\" xmlns=\"http:\/\/www.w3.org\/2000\/svg\" class=\"list-377408\" width=\"20px\" height=\"20px\" viewBox=\"0 0 24 24\" fill=\"none\"><path d=\"M6 6H4v2h2V6zm14 0H8v2h12V6zM4 11h2v2H4v-2zm16 0H8v2h12v-2zM4 16h2v2H4v-2zm16 0H8v2h12v-2z\" fill=\"currentColor\"><\/path><\/svg><svg style=\"fill: #999;color:#999\" class=\"arrow-unsorted-368013\" xmlns=\"http:\/\/www.w3.org\/2000\/svg\" width=\"10px\" height=\"10px\" viewBox=\"0 0 24 24\" version=\"1.2\" baseProfile=\"tiny\"><path d=\"M18.2 9.3l-6.2-6.3-6.2 6.3c-.2.2-.3.4-.3.7s.1.5.3.7c.2.2.4.3.7.3h11c.3 0 .5-.1.7-.3.2-.2.3-.5.3-.7s-.1-.5-.3-.7zM5.8 14.7l6.2 6.3 6.2-6.3c.2-.2.3-.5.3-.7s-.1-.5-.3-.7c-.2-.2-.4-.3-.7-.3h-11c-.3 0-.5.1-.7.3-.2.2-.3.5-.3.7s.1.5.3.7z\"\/><\/svg><\/span><\/span><\/span><\/a><\/span><\/div>\n<nav><ul class='ez-toc-list ez-toc-list-level-1 ' ><li class='ez-toc-page-1 ez-toc-heading-level-2'><a class=\"ez-toc-link ez-toc-heading-1\" href=\"https:\/\/raum-blick.de\/magazin\/moma-kollektion\/#%C2%AB_Das_Museum_of_Modern_Art_praesentiert_seine_Designs_%C2%BB\" >\u00ab Das Museum of Modern Art pr\u00e4sentiert seine Designs \u00bb<\/a><\/li><li class='ez-toc-page-1 ez-toc-heading-level-2'><a class=\"ez-toc-link ez-toc-heading-2\" href=\"https:\/\/raum-blick.de\/magazin\/moma-kollektion\/#Die_Sahnestuecke_des_modernen_Designs\" >Die Sahnest\u00fccke des modernen Designs<\/a><\/li><li class='ez-toc-page-1 ez-toc-heading-level-2'><a class=\"ez-toc-link ez-toc-heading-3\" href=\"https:\/\/raum-blick.de\/magazin\/moma-kollektion\/#Handverlesene_Designstuecke_fuer_die_Wohnung\" >Handverlesene Designst\u00fccke f\u00fcr die Wohnung<\/a><\/li><li class='ez-toc-page-1 ez-toc-heading-level-2'><a class=\"ez-toc-link ez-toc-heading-4\" href=\"https:\/\/raum-blick.de\/magazin\/moma-kollektion\/#Innovative_Aesthetik_und_Materialwahl\" >Innovative \u00c4sthetik und Materialwahl<\/a><ul class='ez-toc-list-level-3' ><li class='ez-toc-heading-level-3'><a class=\"ez-toc-link ez-toc-heading-5\" href=\"https:\/\/raum-blick.de\/magazin\/moma-kollektion\/#Carlo_Contin_Satellitenschale\" >Carlo Contin Satellitenschale<\/a><\/li><\/ul><\/li><li class='ez-toc-page-1 ez-toc-heading-level-2'><a class=\"ez-toc-link ez-toc-heading-6\" href=\"https:\/\/raum-blick.de\/magazin\/moma-kollektion\/#Designideen_mit_beachtenswerter_Funktionalitaet\" >Designideen mit beachtenswerter Funktionalit\u00e4t<\/a><ul class='ez-toc-list-level-3' ><li class='ez-toc-heading-level-3'><a class=\"ez-toc-link ez-toc-heading-7\" href=\"https:\/\/raum-blick.de\/magazin\/moma-kollektion\/#Natalie_Sun_Color_Cube_Clock\" >Natalie Sun Color Cube Clock<\/a><\/li><\/ul><\/li><li class='ez-toc-page-1 ez-toc-heading-level-2'><a class=\"ez-toc-link ez-toc-heading-8\" href=\"https:\/\/raum-blick.de\/magazin\/moma-kollektion\/#Geistreiches_Objektdesign_fuer_die_Wohnwelt\" >Geistreiches Objektdesign f\u00fcr die Wohnwelt<\/a><ul class='ez-toc-list-level-3' ><li class='ez-toc-heading-level-3'><a class=\"ez-toc-link ez-toc-heading-9\" href=\"https:\/\/raum-blick.de\/magazin\/moma-kollektion\/#Gideon_Dagan_Ewiger_Kalender\" >Gideon Dagan Ewiger Kalender<\/a><\/li><\/ul><\/li><\/ul><\/nav><\/div>\n\n<div class=\"brlbs-cmpnt-container brlbs-cmpnt-content-blocker brlbs-cmpnt-with-individual-styles\" data-borlabs-cookie-content-blocker-id=\"default\" data-borlabs-cookie-content=\"PGlmcmFtZSBzcmM9Imh0dHBzOi8vd3d3LnlvdXR1YmUtbm9jb29raWUuY29tL2VtYmVkL1RLVUsxQ3hzT2VvIiB3aWR0aD0iNTYwIiBoZWlnaHQ9IjMxNSIgZnJhbWVib3JkZXI9IjAiIGFsbG93ZnVsbHNjcmVlbj0iYWxsb3dmdWxsc2NyZWVuIj48L2lmcmFtZT4=\">\n<div class=\"brlbs-cmpnt-cb-preset-a\">\n<p class=\"brlbs-cmpnt-cb-description\">Sie sehen gerade einen Platzhalterinhalt von <strong>Standard<\/strong>. Um auf den eigentlichen Inhalt zuzugreifen, klicken Sie auf den Button unten. Bitte beachten Sie, dass dabei Daten an Drittanbieter weitergegeben werden.<\/p>\n<div class=\"brlbs-cmpnt-cb-buttons\"> <a class=\"brlbs-cmpnt-cb-btn\" href=\"#\" data-borlabs-cookie-unblock role=\"button\">Inhalt entsperren<\/a> <a class=\"brlbs-cmpnt-cb-btn\" href=\"#\" data-borlabs-cookie-accept-service role=\"button\" style=\"display: none\">Erforderlichen Service akzeptieren und Inhalte entsperren<\/a> <\/div>\n<p> <a class=\"brlbs-cmpnt-cb-provider-toggle\" href=\"#\" data-borlabs-cookie-show-provider-information role=\"button\">Weitere Informationen<\/a> <\/div>\n<\/div>\n<p style=\"text-align: justify;\">Das MoMA kam nicht nur damals fabelhaft beim Publikum an. Mehrere Millionen Kunstfans besuchen j\u00e4hrlich das Museum in Manhattan. Es geh\u00f6rt zu den weltweit einflussreichsten Sammlungen f\u00fcr moderne Kunst. Pr\u00e4sentiert werden von jeher nicht nur klassische Ausstellungsobjekte wie Gem\u00e4lde. Besucher entdecken dort Architektur ebenso wie Filme und Designobjekte, die man f\u00fcr den allt\u00e4glichen Gebrauch entwarf.<\/p>\n<p><img loading=\"lazy\" decoding=\"async\" class=\"aligncenter wp-image-9687\" title=\"MoMa Wanduhr History of Art | Design: Donald Seitz, 2014 | Material: MDF mit Aluminium-Zeigern und einem Quarzwerk\" src=\"https:\/\/www.raum-blick.de\/magazin\/wp-content\/uploads\/2019\/12\/moma-history-of-art-wanduhr.jpg\" alt=\"moma-history-of-art-wanduhr\" width=\"500\" height=\"475\" srcset=\"https:\/\/raum-blick.de\/magazin\/wp-content\/uploads\/2019\/12\/moma-history-of-art-wanduhr.jpg 600w, https:\/\/raum-blick.de\/magazin\/wp-content\/uploads\/2019\/12\/moma-history-of-art-wanduhr-300x285.jpg 300w\" sizes=\"(max-width: 500px) 100vw, 500px\" \/><\/p>\n<p style=\"text-align: justify;\">Die Kunstsammlung z\u00e4hlt inzwischen \u00fcber 150.000 Exponate. Aufgenommen werden in die MoMA Kollektion trotzdem nur Meisterwerke mit wegweisendem Charakter. Jeder ambitionierte Jungdesigner tr\u00e4umt davon, ein pr\u00e4sentationsw\u00fcrdiges Objekt zu entwerfen. Denn es gibt kaum eine gr\u00f6\u00dfere Hommage an die pers\u00f6nliche Leistung eines Designers oder Kunsthandwerkers.<\/p>\n<h2><span class=\"ez-toc-section\" id=\"Handverlesene_Designstuecke_fuer_die_Wohnung\"><\/span>Handverlesene Designst\u00fccke f\u00fcr die Wohnung<span class=\"ez-toc-section-end\"><\/span><\/h2>\n<p style=\"text-align: justify;\">Es ist nicht nur inspirierend, durch die New Yorker Kunstsammlung zu flanieren. Der Streifzug kurbelt die individuellen Anspr\u00fcche an. Gleiches gilt f\u00fcr die Lekt\u00fcre der Ausstellungskataloge oder die Begegnung mit Designideen, die es ins Museum geschafft haben. Das f\u00fchrt oftmals zum Wunsch, die Punktlandungen der Designgeschichte zu besitzen.<\/p>\n<p><img loading=\"lazy\" decoding=\"async\" class=\"aligncenter wp-image-9684\" title=\"MoMa Wanduhr Rainbow | Design: Kazunori Tashima, 2015 | Material: PVS, Aluminium\" src=\"https:\/\/www.raum-blick.de\/magazin\/wp-content\/uploads\/2019\/12\/moma-rainbow-wanduhr.jpg\" alt=\"moma-rainbow-wanduhr\" width=\"500\" height=\"475\" srcset=\"https:\/\/raum-blick.de\/magazin\/wp-content\/uploads\/2019\/12\/moma-rainbow-wanduhr.jpg 600w, https:\/\/raum-blick.de\/magazin\/wp-content\/uploads\/2019\/12\/moma-rainbow-wanduhr-300x285.jpg 300w\" sizes=\"(max-width: 500px) 100vw, 500px\" \/><\/p>\n<p style=\"text-align: justify;\">Daran kn\u00fcpft die MoMA Kollektion an. Sie erm\u00f6glicht es, das Zuhause mit einem au\u00dfergew\u00f6hnlichen Blickfang aufzuwerten. Im Sortiment finden sich nur autorisierte Produkte, die selbst zu den Ausstellungsobjekten geh\u00f6ren oder damit direkt verlinkt sind. Die K\u00fcnstler werden gegebenenfalls einbezogen und segnen beispielsweise die Produktionsweise ab. Das beschert Designliebhabern einen Fundus der Extraklasse f\u00fcr die stilbewusste Wohnungseinrichtung.<\/p>\n<h2><span class=\"ez-toc-section\" id=\"Innovative_Aesthetik_und_Materialwahl\"><\/span>Innovative \u00c4sthetik und Materialwahl<span class=\"ez-toc-section-end\"><\/span><\/h2>\n<p style=\"text-align: justify;\">Erwartungsgem\u00e4\u00df gen\u00fcgt es dem Museum nicht, dass ein Design dem Auge schmeichelt. Das Interesse des Kunstmuseums wecken nur Entw\u00fcrfe, die sich deutlich vom Gewohnten abheben. Das kann sich beispielsweise auf die aparte Formgebung oder den unkonventionellen Einsatz von Materialien beziehen.<\/p>\n<p><img loading=\"lazy\" decoding=\"async\" class=\"aligncenter wp-image-9692\" title=\"MoMa Bodoni Wanduhr | Design: Tibor &amp; Maria Kalman, 1984 | Material: Kunststoff, Quarz-Uhrwerk\" src=\"https:\/\/www.raum-blick.de\/magazin\/wp-content\/uploads\/2019\/12\/moma-bodoni-wanduhr.jpg\" alt=\"moma-bodoni-wanduhr\" width=\"500\" height=\"475\" srcset=\"https:\/\/raum-blick.de\/magazin\/wp-content\/uploads\/2019\/12\/moma-bodoni-wanduhr.jpg 600w, https:\/\/raum-blick.de\/magazin\/wp-content\/uploads\/2019\/12\/moma-bodoni-wanduhr-300x285.jpg 300w\" sizes=\"(max-width: 500px) 100vw, 500px\" \/><\/p>\n<p style=\"text-align: justify;\">Design-Highlights haben das Potenzial, den Nutzer ebenso zu inspirieren wie K\u00fcnstler. Dann bringt die Begegnung mit dem Innovativen wiederum etwas Neues hervor. Die unentwegte Weiterentwicklung von Kunststilen ist die Quintessenz.<\/p>\n<h3><span class=\"ez-toc-section\" id=\"Carlo_Contin_Satellitenschale\"><\/span>Carlo Contin Satellitenschale<span class=\"ez-toc-section-end\"><\/span><\/h3>\n<p style=\"text-align: justify;\">Carlo Contin wurde 1967 in Limbiate bei Mailand geboren. Er brachte sein kreatives Talent zun\u00e4chst in die M\u00f6belmanufaktur seiner Familie ein. Sein eigenes Designstudio er\u00f6ffnete er 1998. Schon 1999 deb\u00fctierte der Italiener erfolgreich bei der weltweit renommierten Mail\u00e4nder M\u00f6belmesse Salone Satellite. Darauf verweist seine <a href=\"https:\/\/www.raum-blick.de\/moma-satellitenschale\">Satellitenschale aus der MoMA Kollektion<\/a>, die er im selben Jahr entwarf. Bei ihr ist der Materialeinsatz ebenso bemerkenswert wie die Formensprache.<\/p>\n<p><a href=\"https:\/\/www.raum-blick.de\/moma-satellitenschale\"><img loading=\"lazy\" decoding=\"async\" class=\"aligncenter wp-image-9673 size-full\" title=\"MoMa Satellitenschale | Design: Carlo Contin, 1999 | Material: Holz\" src=\"https:\/\/www.raum-blick.de\/magazin\/wp-content\/uploads\/2019\/12\/MoMa-Satellitenschale.jpg\" alt=\"MoMa-Satellitenschale\" width=\"600\" height=\"580\" srcset=\"https:\/\/raum-blick.de\/magazin\/wp-content\/uploads\/2019\/12\/MoMa-Satellitenschale.jpg 600w, https:\/\/raum-blick.de\/magazin\/wp-content\/uploads\/2019\/12\/MoMa-Satellitenschale-300x290.jpg 300w\" sizes=\"(max-width: 600px) 100vw, 600px\" \/><\/a><\/p>\n<p style=\"text-align: justify;\">Dem Nachwuchstalent gelang es, durch die geschickte Anordnung gleichf\u00f6rmiger Holzst\u00e4be eine attraktive Schale zu kreieren. Gedanklich l\u00e4sst sie sich aufgrund der Fertigungsart endlos erweitern. Man hat dadurch das Gef\u00fchl, dass die Obstschale \u00fcber sich hinauswachsen k\u00f6nnte. Gleichzeitig liegt angesichts der filigranen Speichen die Bef\u00fcrchtung nahe, das Gef\u00e4\u00df k\u00f6nnte zusammenfallen. Der Betrachter wird deshalb in vieler Hinsicht \u00fcberrascht, wenn er das Design studiert.<\/p>\n<h2><span class=\"ez-toc-section\" id=\"Designideen_mit_beachtenswerter_Funktionalitaet\"><\/span>Designideen mit beachtenswerter Funktionalit\u00e4t<span class=\"ez-toc-section-end\"><\/span><\/h2>\n<p style=\"text-align: justify;\">Geht es um Alltagsobjekte, beschert die \u00e4sthetische Glanzleistung allein kein Gl\u00fcck. Das Leben bereichern nur Gegenst\u00e4nde, die praktisch sind.<\/p>\n<p><img loading=\"lazy\" decoding=\"async\" class=\"aligncenter wp-image-9700 size-full\" title=\"MoMa Color Cube Wecker mit Alarm-Funktion | Design: Natalie Sun, 2014 | Material: Holz und Kunstoff\" src=\"https:\/\/www.raum-blick.de\/magazin\/wp-content\/uploads\/2019\/12\/moma-color-cube-clock.jpg\" alt=\"moma-color-cube-clock\" width=\"600\" height=\"450\" srcset=\"https:\/\/raum-blick.de\/magazin\/wp-content\/uploads\/2019\/12\/moma-color-cube-clock.jpg 600w, https:\/\/raum-blick.de\/magazin\/wp-content\/uploads\/2019\/12\/moma-color-cube-clock-300x225.jpg 300w\" sizes=\"(max-width: 600px) 100vw, 600px\" \/><\/p>\n<p style=\"text-align: justify;\">L\u00f6sen sie bekannte Probleme \u00fcberraschend simpel, passen sie zur Kollektion des New Yorker Designmuseums.<\/p>\n<h3><span class=\"ez-toc-section\" id=\"Natalie_Sun_Color_Cube_Clock\"><\/span>Natalie Sun Color Cube Clock<span class=\"ez-toc-section-end\"><\/span><\/h3>\n<p style=\"text-align: justify;\">F\u00fcr die Color Cube Clock der MoMA Kollektion zeichnet Natalie Sun sich verantwortlich. Auffallend minimalistisch pr\u00e4sentiert sich der Wecker aus Holz und Kunststoff. Er zeigt das Datum, die Zeit und die Temperatur an, sobald man mit dem Finger auf ihn tippt.<\/p>\n<p><img loading=\"lazy\" decoding=\"async\" class=\"aligncenter wp-image-9697\" title=\"MoMa Alume Cube Clock mit LED Display | Design: Natalie Sun, 2014 | Gr\u00f6\u00dfe: 7 x 7 cm\" src=\"https:\/\/www.raum-blick.de\/magazin\/wp-content\/uploads\/2019\/12\/moma-alume-cube-clock.jpg\" alt=\"moma-alume-cube-clock\" width=\"350\" height=\"308\" srcset=\"https:\/\/raum-blick.de\/magazin\/wp-content\/uploads\/2019\/12\/moma-alume-cube-clock.jpg 500w, https:\/\/raum-blick.de\/magazin\/wp-content\/uploads\/2019\/12\/moma-alume-cube-clock-300x264.jpg 300w\" sizes=\"(max-width: 350px) 100vw, 350px\" \/><\/p>\n<p style=\"text-align: justify;\">Ansonsten entzieht sich die Anzeige des LED-Displays der Aufmerksamkeit. Wer sich von einer blinkenden Tischuhr beim Einschlafen gest\u00f6rt f\u00fchlt, ist von der genialen Erfindung begeistert.<\/p>\n<h2><span class=\"ez-toc-section\" id=\"Geistreiches_Objektdesign_fuer_die_Wohnwelt\"><\/span>Geistreiches Objektdesign f\u00fcr die Wohnwelt<span class=\"ez-toc-section-end\"><\/span><\/h2>\n<p style=\"text-align: justify;\">Die \u00c4sthetik schmeichelt den Sinnen. Das funktionelle Design bereichert den Alltag. Wenn das Objekt zudem den Geist anregt, ist der Entwurf genial.<\/p>\n<h3><span class=\"ez-toc-section\" id=\"Gideon_Dagan_Ewiger_Kalender\"><\/span>Gideon Dagan Ewiger Kalender<span class=\"ez-toc-section-end\"><\/span><\/h3>\n<p style=\"text-align: justify;\">Gideon Dagan stammt aus Israel, wohnt aber inzwischen in Los Angeles. Er geh\u00f6rt nicht nur zu den Industriedesignern, die man mehrfach mit Auszeichnungen bedachte. Als Erfinder meldete er bereits einige Patente an. Das spiegelt sich in seiner Arbeit wider. Sein Produktdesign \u00fcberzeugt nicht nur mit zeitgem\u00e4\u00dfem Purismus und hochfunktioneller Gestaltung. Distinktiv ist die experimentelle Herangehensweise. Er entwarf 1998 den MoMA Ewigen Kalender.<\/p>\n<p><img loading=\"lazy\" decoding=\"async\" class=\"aligncenter wp-image-9669 size-full\" title=\"MoMa Ewiger Kalender | Design: Gideon Dagan, 1998 | Material: Kunststoff und Magnete\" src=\"https:\/\/www.raum-blick.de\/magazin\/wp-content\/uploads\/2019\/12\/moma-ewiger-kalender.jpg\" alt=\"moma-ewiger-kalender\" width=\"600\" height=\"430\" srcset=\"https:\/\/raum-blick.de\/magazin\/wp-content\/uploads\/2019\/12\/moma-ewiger-kalender.jpg 600w, https:\/\/raum-blick.de\/magazin\/wp-content\/uploads\/2019\/12\/moma-ewiger-kalender-300x215.jpg 300w\" sizes=\"(max-width: 600px) 100vw, 600px\" \/><\/p>\n<p style=\"text-align: justify;\">Zum zehnten Geburtstag des Klassikers wurde eine kompakte Kollektion aufgelegt. Es gen\u00fcgt das Aufsetzen der magnetischen Kugeln, damit der ewige Kalender funktioniert. Modern interpretierte Dagan eine \u00fcberlieferte Art, den Lauf der Zeit im Blick zu behalten. So vereinen sich Vergangenheit, der gegenw\u00e4rtige Tag und zukunftsweisendes Design in einem Accessoire. Diese Symbiose hat einen stimulierenden Charakter, der zum Philosophieren einl\u00e4dt. Ein Gewinn f\u00fcr jedes Ambiente.<\/p>\n","protected":false},"excerpt":{"rendered":"<p>\u00ab Das Museum of Modern Art pr\u00e4sentiert seine Designs \u00bb Akribisch w\u00e4hlt das Museum of Modern Art seine Ausstellungsobjekte aus. Das Gleiche gilt f\u00fcr die MoMA Kollektion, die Designliebhaber erwerben k\u00f6nnen. Jedes Accessoire gleicht deshalb einem Gl\u00fccksgriff f\u00fcr stilvolles Einrichten. Die Sahnest\u00fccke des modernen Designs Kunstinteressierte bemerkten in den 1920er Jahren, dass es keinen dauerhaften [&hellip;]<\/p>\n","protected":false},"author":4,"featured_media":9667,"comment_status":"closed","ping_status":"open","sticky":false,"template":"","format":"standard","meta":{"_et_pb_use_builder":"","_et_pb_old_content":"","_et_gb_content_width":"","inline_featured_image":false,"footnotes":""},"categories":[8],"tags":[334,709,993,277,989,990,994,846,991,992,828],"class_list":["post-9663","post","type-post","status-publish","format-standard","has-post-thumbnail","hentry","category-features","tag-design","tag-designideen","tag-ewiger-kalender","tag-led","tag-moma","tag-museum-of-modern-art","tag-objektdesign","tag-schale","tag-wanduhr","tag-wecker","tag-wohnen"],"_links":{"self":[{"href":"https:\/\/raum-blick.de\/magazin\/wp-json\/wp\/v2\/posts\/9663","targetHints":{"allow":["GET"]}}],"collection":[{"href":"https:\/\/raum-blick.de\/magazin\/wp-json\/wp\/v2\/posts"}],"about":[{"href":"https:\/\/raum-blick.de\/magazin\/wp-json\/wp\/v2\/types\/post"}],"author":[{"embeddable":true,"href":"https:\/\/raum-blick.de\/magazin\/wp-json\/wp\/v2\/users\/4"}],"replies":[{"embeddable":true,"href":"https:\/\/raum-blick.de\/magazin\/wp-json\/wp\/v2\/comments?post=9663"}],"version-history":[{"count":36,"href":"https:\/\/raum-blick.de\/magazin\/wp-json\/wp\/v2\/posts\/9663\/revisions"}],"predecessor-version":[{"id":14420,"href":"https:\/\/raum-blick.de\/magazin\/wp-json\/wp\/v2\/posts\/9663\/revisions\/14420"}],"wp:featuredmedia":[{"embeddable":true,"href":"https:\/\/raum-blick.de\/magazin\/wp-json\/wp\/v2\/media\/9667"}],"wp:attachment":[{"href":"https:\/\/raum-blick.de\/magazin\/wp-json\/wp\/v2\/media?parent=9663"}],"wp:term":[{"taxonomy":"category","embeddable":true,"href":"https:\/\/raum-blick.de\/magazin\/wp-json\/wp\/v2\/categories?post=9663"},{"taxonomy":"post_tag","embeddable":true,"href":"https:\/\/raum-blick.de\/magazin\/wp-json\/wp\/v2\/tags?post=9663"}],"curies":[{"name":"wp","href":"https:\/\/api.w.org\/{rel}","templated":true}]}}