{"id":9372,"date":"2019-10-15T09:30:44","date_gmt":"2019-10-15T07:30:44","guid":{"rendered":"https:\/\/www.raum-blick.de\/magazin\/?p=9372"},"modified":"2021-12-09T17:25:46","modified_gmt":"2021-12-09T16:25:46","slug":"design-schreibtischlampen","status":"publish","type":"post","link":"https:\/\/raum-blick.de\/magazin\/design-schreibtischlampen\/","title":{"rendered":"Die sch\u00f6nsten Design-Schreibtischlampen"},"content":{"rendered":"<h2><span class=\"ez-toc-section\" id=\"%C2%AB_Licht_mit_Stil_fuer_den_Arbeitsplatz_%C2%BB\"><\/span>\u00ab Licht mit Stil f\u00fcr den Arbeitsplatz \u00bb<span class=\"ez-toc-section-end\"><\/span><\/h2>\n<p style=\"text-align: justify;\"><strong>Wer am Schreibtisch Platz nimmt, sehnt sich nach erhellenden Geistesblitzen. Sie kurbeln den Erfolg fast ebenso an wie das Arbeitstempo. Motivation allein beschert die z\u00fcndenden Ideen nicht. Eine zentrale Rolle spielt die inspirierende Atmosph\u00e4re. Dieser Aufgabe widmen sich Leuchten mit au\u00dfergew\u00f6hnlichem Design und durchdachter Funktionalit\u00e4t.<\/strong><\/p>\n<h2><span class=\"ez-toc-section\" id=\"Pioniere_des_Lichtdesigns_fuers_ermutigende_Arbeitsklima\"><\/span>Pioniere des Lichtdesigns f\u00fcrs ermutigende Arbeitsklima<span class=\"ez-toc-section-end\"><\/span><\/h2>\n<p style=\"text-align: justify;\">Es erfordert Courage, k\u00fchne Ideen umzusetzen. Legend\u00e4re Design-Schreibtischlampen verdeutlichen, dass sich vision\u00e4re Herangehensweisen auszahlen. Robert Dudley Best war vom Bauhausstil begeistert, der den praktischen Nutzen in den Mittelpunkt r\u00fcckte. Das spiegelt sich in der Tischleuchte Bestlite wider, die er 1930 vorstellte.<\/p><div id=\"ez-toc-container\" class=\"ez-toc-v2_0_82_2 counter-hierarchy ez-toc-counter ez-toc-grey ez-toc-container-direction\">\n<div class=\"ez-toc-title-container\">\n<p class=\"ez-toc-title\" style=\"cursor:inherit\">Was hier auf Sie wartet<\/p>\n<span class=\"ez-toc-title-toggle\"><a href=\"#\" class=\"ez-toc-pull-right ez-toc-btn ez-toc-btn-xs ez-toc-btn-default ez-toc-toggle\" aria-label=\"Toggle Table of Content\"><span class=\"ez-toc-js-icon-con\"><span class=\"\"><span class=\"eztoc-hide\" style=\"display:none;\">Toggle<\/span><span class=\"ez-toc-icon-toggle-span\"><svg style=\"fill: #999;color:#999\" xmlns=\"http:\/\/www.w3.org\/2000\/svg\" class=\"list-377408\" width=\"20px\" height=\"20px\" viewBox=\"0 0 24 24\" fill=\"none\"><path d=\"M6 6H4v2h2V6zm14 0H8v2h12V6zM4 11h2v2H4v-2zm16 0H8v2h12v-2zM4 16h2v2H4v-2zm16 0H8v2h12v-2z\" fill=\"currentColor\"><\/path><\/svg><svg style=\"fill: #999;color:#999\" class=\"arrow-unsorted-368013\" xmlns=\"http:\/\/www.w3.org\/2000\/svg\" width=\"10px\" height=\"10px\" viewBox=\"0 0 24 24\" version=\"1.2\" baseProfile=\"tiny\"><path d=\"M18.2 9.3l-6.2-6.3-6.2 6.3c-.2.2-.3.4-.3.7s.1.5.3.7c.2.2.4.3.7.3h11c.3 0 .5-.1.7-.3.2-.2.3-.5.3-.7s-.1-.5-.3-.7zM5.8 14.7l6.2 6.3 6.2-6.3c.2-.2.3-.5.3-.7s-.1-.5-.3-.7c-.2-.2-.4-.3-.7-.3h-11c-.3 0-.5.1-.7.3-.2.2-.3.5-.3.7s.1.5.3.7z\"\/><\/svg><\/span><\/span><\/span><\/a><\/span><\/div>\n<nav><ul class='ez-toc-list ez-toc-list-level-1 ' ><li class='ez-toc-page-1 ez-toc-heading-level-2'><a class=\"ez-toc-link ez-toc-heading-1\" href=\"https:\/\/raum-blick.de\/magazin\/design-schreibtischlampen\/#%C2%AB_Licht_mit_Stil_fuer_den_Arbeitsplatz_%C2%BB\" >\u00ab Licht mit Stil f\u00fcr den Arbeitsplatz \u00bb<\/a><\/li><li class='ez-toc-page-1 ez-toc-heading-level-2'><a class=\"ez-toc-link ez-toc-heading-2\" href=\"https:\/\/raum-blick.de\/magazin\/design-schreibtischlampen\/#Pioniere_des_Lichtdesigns_fuers_ermutigende_Arbeitsklima\" >Pioniere des Lichtdesigns f\u00fcrs ermutigende Arbeitsklima<\/a><ul class='ez-toc-list-level-3' ><li class='ez-toc-heading-level-3'><a class=\"ez-toc-link ez-toc-heading-3\" href=\"https:\/\/raum-blick.de\/magazin\/design-schreibtischlampen\/#Gubi_BL_1\" >Gubi BL 1<\/a><\/li><li class='ez-toc-page-1 ez-toc-heading-level-3'><a class=\"ez-toc-link ez-toc-heading-4\" href=\"https:\/\/raum-blick.de\/magazin\/design-schreibtischlampen\/#Gubi_La_Pedrera\" >Gubi La Pedrera<\/a><\/li><\/ul><\/li><li class='ez-toc-page-1 ez-toc-heading-level-2'><a class=\"ez-toc-link ez-toc-heading-5\" href=\"https:\/\/raum-blick.de\/magazin\/design-schreibtischlampen\/#Highlights_fuer_repraesentative_Bueroeinrichtungen\" >Highlights f\u00fcr repr\u00e4sentative B\u00fcroeinrichtungen<\/a><ul class='ez-toc-list-level-3' ><li class='ez-toc-heading-level-3'><a class=\"ez-toc-link ez-toc-heading-6\" href=\"https:\/\/raum-blick.de\/magazin\/design-schreibtischlampen\/#Flos_Kelvin_Base\" >Flos Kelvin Base<\/a><\/li><li class='ez-toc-page-1 ez-toc-heading-level-3'><a class=\"ez-toc-link ez-toc-heading-7\" href=\"https:\/\/raum-blick.de\/magazin\/design-schreibtischlampen\/#Flos_Spun_Light\" >Flos Spun Light<\/a><\/li><\/ul><\/li><li class='ez-toc-page-1 ez-toc-heading-level-2'><a class=\"ez-toc-link ez-toc-heading-8\" href=\"https:\/\/raum-blick.de\/magazin\/design-schreibtischlampen\/#Multitalent_fuer_die_Lichtgestaltung_im_Homeoffice\" >Multitalent f\u00fcr die Lichtgestaltung im Homeoffice<\/a><ul class='ez-toc-list-level-3' ><li class='ez-toc-heading-level-3'><a class=\"ez-toc-link ez-toc-heading-9\" href=\"https:\/\/raum-blick.de\/magazin\/design-schreibtischlampen\/#Absolut_Lighting_Schreibtischleuchte\" >Absolut Lighting Schreibtischleuchte<\/a><\/li><\/ul><\/li><li class='ez-toc-page-1 ez-toc-heading-level-2'><a class=\"ez-toc-link ez-toc-heading-10\" href=\"https:\/\/raum-blick.de\/magazin\/design-schreibtischlampen\/#Muuto_Leuchten\" >Muuto Leuchten<\/a><\/li><\/ul><\/nav><\/div>\n\n<p><img loading=\"lazy\" decoding=\"async\" class=\"aligncenter wp-image-9403 size-full\" title=\"Gubi Bestlite BL2 Tischleuchte | Design: Robert Dudley Best\" src=\"https:\/\/www.raum-blick.de\/magazin\/wp-content\/uploads\/2019\/11\/gubi-bestlite-tischleuchte-bl2.jpg\" alt=\"gubi-bestlite-tischleuchte-bl2\" width=\"600\" height=\"600\" srcset=\"https:\/\/raum-blick.de\/magazin\/wp-content\/uploads\/2019\/11\/gubi-bestlite-tischleuchte-bl2.jpg 600w, https:\/\/raum-blick.de\/magazin\/wp-content\/uploads\/2019\/11\/gubi-bestlite-tischleuchte-bl2-150x150.jpg 150w, https:\/\/raum-blick.de\/magazin\/wp-content\/uploads\/2019\/11\/gubi-bestlite-tischleuchte-bl2-300x300.jpg 300w\" sizes=\"(max-width: 600px) 100vw, 600px\" \/><\/p>\n<p style=\"text-align: justify;\">Ein Stellmechanismus erlaubte es, die H\u00f6he zu variieren. Den Leuchtenarm und die Schirmhalterung konzipierte der Engl\u00e4nder ebenfalls flexibel, um eine pr\u00e4zise Ausrichtung des Lichteinfalls zu erm\u00f6glichen. Den Fokus auf die Zweckm\u00e4\u00dfigkeit unterstrich ein \u00e4sthetischer Minimalismus, der in Gro\u00dfbritannien vorerst auf wenig Gegenliebe stie\u00df.<\/p>\n<blockquote>\n<p style=\"text-align: justify;\">Gubi Olsen erkannte hingegen das Potenzial und angelte sich die Herstellungsrechte an der Schreibtischlampe. Damit bewies der Skandinavier sein Gesp\u00fcr f\u00fcrs Zukunftsf\u00e4hige.<\/p>\n<\/blockquote>\n<p style=\"text-align: justify;\">Die Leuchte avancierte zum Statussymbol, nachdem sich der britische Premierminister Winston Churchill zu ihr bekannte. Sie gilt als Paradebeispiel f\u00fcr die Bauhausschule, die ab 1919 weltweit eine neue Design-\u00c4ra einl\u00e4utete. Bis heute ebbt das Interesse an der Ikone nicht ab.<\/p>\n<h3><span class=\"ez-toc-section\" id=\"Gubi_BL_1\"><\/span>Gubi BL 1<span class=\"ez-toc-section-end\"><\/span><\/h3>\n<p style=\"text-align: justify;\">Die effizienten Lichtverh\u00e4ltnisse f\u00fcrs Arbeiten stehen bei der B\u00fcroausstattung im Vordergrund. Dem Bedarf wird die anpassungsf\u00e4hige <a href=\"https:\/\/www.raum-blick.de\/gubi-bestlite-tischleuchte-bl1\">Schreibtischlampe BL 1<\/a> gerecht. Professionelle Lichtgestalter belassen es aber selten dabei. Sie erg\u00e4nzen Lampen f\u00fcr die indirekte Beleuchtung, um dem angenehmen Flair den Weg zu ebnen.<\/p>\n<p><a href=\"https:\/\/www.raum-blick.de\/gubi-bestlite-tischleuchte-bl1\"><img loading=\"lazy\" decoding=\"async\" class=\"aligncenter wp-image-9377 size-full\" title=\"Gubi Bestlite BL1 Tischleuchte | Design: Robert Dudley Best\" src=\"https:\/\/www.raum-blick.de\/magazin\/wp-content\/uploads\/2019\/11\/gubi-bestlite-tischleuchte-bl1.jpg\" alt=\"gubi-bestlite-tischleuchte-bl1\" width=\"600\" height=\"600\" srcset=\"https:\/\/raum-blick.de\/magazin\/wp-content\/uploads\/2019\/11\/gubi-bestlite-tischleuchte-bl1.jpg 600w, https:\/\/raum-blick.de\/magazin\/wp-content\/uploads\/2019\/11\/gubi-bestlite-tischleuchte-bl1-150x150.jpg 150w, https:\/\/raum-blick.de\/magazin\/wp-content\/uploads\/2019\/11\/gubi-bestlite-tischleuchte-bl1-300x300.jpg 300w\" sizes=\"(max-width: 600px) 100vw, 600px\" \/><\/a><\/p>\n<p style=\"text-align: justify;\">Daf\u00fcr ist ein weiterer Klassiker aus dem Portfolio von Gubi wie geschaffen:<\/p>\n<h3><span class=\"ez-toc-section\" id=\"Gubi_La_Pedrera\"><\/span>Gubi La Pedrera<span class=\"ez-toc-section-end\"><\/span><\/h3>\n<p style=\"text-align: justify;\">Anfang des 20. Jahrhunderts errichtete man in Barcelona &#8222;La Pedrera&#8220;. Antoni Gaud\u00ed konzipierte das Baudenkmal, das Assoziationen mit einem Steinbruch weckt und zum Weltkulturerbe z\u00e4hlt. \u00c4hnlich wie die B\u00fcroleuchte des britischen Industriedesigners provozierte das Modernisme-Geb\u00e4ude zun\u00e4chst eher Kritik als Begeisterung. Barba Corsini entwarf in den 1950ern f\u00fcr das architektonische Meisterwerk die formal reduzierte Stehleuchte Pedrera PD2.<\/p>\n<p><img loading=\"lazy\" decoding=\"async\" class=\"aligncenter wp-image-9380 size-full\" title=\"Gubi Pedrera PD2 Stehleuchte | Design: Barba Corsini\" src=\"https:\/\/www.raum-blick.de\/magazin\/wp-content\/uploads\/2019\/11\/gubi-pedrera-stehleuchte-pd2.jpg\" alt=\"gubi-pedrera-stehleuchte-pd2\" width=\"600\" height=\"600\" srcset=\"https:\/\/raum-blick.de\/magazin\/wp-content\/uploads\/2019\/11\/gubi-pedrera-stehleuchte-pd2.jpg 600w, https:\/\/raum-blick.de\/magazin\/wp-content\/uploads\/2019\/11\/gubi-pedrera-stehleuchte-pd2-150x150.jpg 150w, https:\/\/raum-blick.de\/magazin\/wp-content\/uploads\/2019\/11\/gubi-pedrera-stehleuchte-pd2-300x300.jpg 300w\" sizes=\"(max-width: 600px) 100vw, 600px\" \/><\/p>\n<p style=\"text-align: justify;\">Joaquim Ruiz Millet erg\u00e4nzte rund vierzig Jahre sp\u00e4ter eine passende <a href=\"https:\/\/www.raum-blick.de\/gubi-pedrera-tischleuchte-pd4-abc\">Schreibtischlampe Pedrera PD4 \/ ABC<\/a> , die sich als Hommage an die beiden Idole der spanischen Designgeschichte versteht.<\/p>\n<p><a href=\"https:\/\/www.raum-blick.de\/gubi-pedrera-tischleuchte-pd4-abc\"><img loading=\"lazy\" decoding=\"async\" class=\"aligncenter wp-image-9383 size-full\" title=\"Gubi Pedrera PD4 \/ ABC Tischleuchte | Design: Barba Corsini \/ Ruiz Millet\" src=\"https:\/\/www.raum-blick.de\/magazin\/wp-content\/uploads\/2019\/11\/gubi-pedrera-tischleuchte-pd4-abc.jpg\" alt=\"gubi-pedrera-tischleuchte-pd4-abc\" width=\"600\" height=\"600\" srcset=\"https:\/\/raum-blick.de\/magazin\/wp-content\/uploads\/2019\/11\/gubi-pedrera-tischleuchte-pd4-abc.jpg 600w, https:\/\/raum-blick.de\/magazin\/wp-content\/uploads\/2019\/11\/gubi-pedrera-tischleuchte-pd4-abc-150x150.jpg 150w, https:\/\/raum-blick.de\/magazin\/wp-content\/uploads\/2019\/11\/gubi-pedrera-tischleuchte-pd4-abc-300x300.jpg 300w\" sizes=\"(max-width: 600px) 100vw, 600px\" \/><\/a><\/p>\n<h2><span class=\"ez-toc-section\" id=\"Highlights_fuer_repraesentative_Bueroeinrichtungen\"><\/span>Highlights f\u00fcr repr\u00e4sentative B\u00fcroeinrichtungen<span class=\"ez-toc-section-end\"><\/span><\/h2>\n<p style=\"text-align: justify;\">Die Kombination von Schreibtischlampen f\u00fcrs Direktlicht und Design-Leuchten f\u00fcrs behagliche Akzentlicht \u00fcberzeugt unabh\u00e4ngig vom Einrichtungsstil. F\u00fcr Kollektionen mit eindrucksvoller Vita spricht die unverg\u00e4ngliche Inspirationskraft der damit verbundenen Erfolgsgeschichten.<\/p>\n<blockquote>\n<p style=\"text-align: justify;\">Gleicherma\u00dfen \u00fcberzeugend ist es, wenn die Beleuchtung Ihren erlesenen Geschmack widerspiegelt.<\/p>\n<\/blockquote>\n<p style=\"text-align: justify;\">In den 1960ern etablierte sich die <a href=\"https:\/\/www.raum-blick.de\/flos\/\">Lampenmanufaktur Flos<\/a>. Bewusst w\u00e4hlte man den lateinischen Begriff f\u00fcr Blume als Markenname. Die Beleuchtungsideen beleben das Marktsegment ebenso wie die Raumgestaltung. Dem Unternehmenssitz in Italien wird die elegante \u00c4sthetik gerecht. Praktische Bed\u00fcrfnisse beantwortet die brillante Lichttechnik.<\/p>\n<h3><span class=\"ez-toc-section\" id=\"Flos_Kelvin_Base\"><\/span>Flos Kelvin Base<span class=\"ez-toc-section-end\"><\/span><\/h3>\n<p style=\"text-align: justify;\">Wer sich schicke und hochfunktionale Design-Schreibtischlampen w\u00fcnscht, wird im Sortiment der renommierten Marke f\u00fcndig. Gemeinsam mit Toan Nguyen entwickelte Antonio Citterio die <a href=\"https:\/\/www.raum-blick.de\/kelvin-led-base-tischleuchte-flos\">B\u00fcroleuchte Kelvin Base<\/a>. Der Entwurf ist von einer sachlichen Geradlinigkeit gepr\u00e4gt, die fabelhaft zum Arbeitsumfeld passt.<\/p>\n<p><a href=\"https:\/\/www.raum-blick.de\/kelvin-led-base-tischleuchte-flos\"><img loading=\"lazy\" decoding=\"async\" class=\"aligncenter wp-image-9386 size-full\" title=\"Flos Kelvin LED Base Tischleuchte | Design: Antonio Citterio (mit Toan Nguyen), 2009\" src=\"https:\/\/www.raum-blick.de\/magazin\/wp-content\/uploads\/2019\/11\/kelvin-led-base-tischleuchte-flos.jpg\" alt=\"kelvin-led-base-tischleuchte-flos\" width=\"600\" height=\"550\" srcset=\"https:\/\/raum-blick.de\/magazin\/wp-content\/uploads\/2019\/11\/kelvin-led-base-tischleuchte-flos.jpg 600w, https:\/\/raum-blick.de\/magazin\/wp-content\/uploads\/2019\/11\/kelvin-led-base-tischleuchte-flos-300x275.jpg 300w\" sizes=\"(max-width: 600px) 100vw, 600px\" \/><\/a><\/p>\n<p style=\"text-align: justify;\">Die Lampe entfaltet gleichzeitig eine moderne Eleganz, die der ausgewogenen Formensprache und der hochwertigen Verarbeitung zu verdanken ist. Das Konzept mit doppeltem Pantograph-Arm und justierbarem Kopf beschert eine hohe Flexibilit\u00e4t. Sie wird durch energiesparende LED-Module und den Soft-Touch-Schalter forciert. Er erm\u00f6glicht die Anpassung der Lichtintensit\u00e4t.<\/p>\n<h3><span class=\"ez-toc-section\" id=\"Flos_Spun_Light\"><\/span>Flos Spun Light<span class=\"ez-toc-section-end\"><\/span><\/h3>\n<p style=\"text-align: justify;\">Die <a href=\"https:\/\/www.raum-blick.de\/spun-light-t-tischleuchte-flos\">Flos Spun Light T Schreibtischlampe<\/a> schlie\u00dft sich dem zeitgem\u00e4\u00dfen Minimalismus an, der die Leuchte auf dem Schreibtisch charakterisiert. Sebastian Wrong addierte aber Stilzitate aus den 1970ern, die der Retro-Stehleuchte ihren Charme verleihen.<\/p>\n<p><a href=\"https:\/\/www.raum-blick.de\/spun-light-t-tischleuchte-flos\"><img loading=\"lazy\" decoding=\"async\" class=\"aligncenter wp-image-9389 size-full\" title=\"Flos Spun Light T Tischleuchte | Design: Sebastian Wrong, 2003\" src=\"https:\/\/www.raum-blick.de\/magazin\/wp-content\/uploads\/2019\/11\/spun-light-t-tischleuchte-flos.jpg\" alt=\"spun-light-t-tischleuchte-flos\" width=\"600\" height=\"580\" srcset=\"https:\/\/raum-blick.de\/magazin\/wp-content\/uploads\/2019\/11\/spun-light-t-tischleuchte-flos.jpg 600w, https:\/\/raum-blick.de\/magazin\/wp-content\/uploads\/2019\/11\/spun-light-t-tischleuchte-flos-300x290.jpg 300w\" sizes=\"(max-width: 600px) 100vw, 600px\" \/><\/a><\/p>\n<p style=\"text-align: justify;\">Sie avanciert zum Beispiel im Empfangsbereich zum Blickfang, dr\u00e4ngt sich aber nicht offensiv in den Vordergrund. Der entspannten Atmosph\u00e4re bei Gespr\u00e4chen kommt ihre gem\u00fctliche Lichtwirkung zugute.<\/p>\n<h2><span class=\"ez-toc-section\" id=\"Multitalent_fuer_die_Lichtgestaltung_im_Homeoffice\"><\/span>Multitalent f\u00fcr die Lichtgestaltung im Homeoffice<span class=\"ez-toc-section-end\"><\/span><\/h2>\n<p style=\"text-align: justify;\">In den privaten Gefilden ist es nicht immer m\u00f6glich, ein komplettes Arbeitszimmer zu gestalten. Die B\u00fcroecke im Wohnzimmer z\u00e4hlt zu den verbreiteten Alternativen.<\/p>\n<blockquote>\n<p style=\"text-align: justify;\">Das spricht f\u00fcr Design-Schreibtischlampen, die sich harmonisch ins wohnliche Szenario einf\u00fcgen.<\/p>\n<\/blockquote>\n<p style=\"text-align: justify;\">Es ist zudem w\u00fcnschenswert, dass sich mit den Leuchten motivierende und entspannende Lichtstimmungen erzeugen lassen.<\/p>\n<h3><span class=\"ez-toc-section\" id=\"Absolut_Lighting_Schreibtischleuchte\"><\/span>Absolut Lighting Schreibtischleuchte<span class=\"ez-toc-section-end\"><\/span><\/h3>\n<p style=\"text-align: justify;\">F\u00fcr das Design der Schreibtischlampe von Absolut Lighting zeichnet sich Michael R\u00f6sing verantwortlich. Ein zweiteiliger Carbonstab erhebt sich vom quadratischen Sockel und m\u00fcndet in einem zylinderf\u00f6rmigen Leuchtenkopf aus Edelstahl. Gelenke sorgen daf\u00fcr, dass sich das Licht enorm vielf\u00e4ltig ausrichten l\u00e4sst. Die ausget\u00fcftelte Konzeption des Reflektors erlaubt eine 360 Grad-Drehung.<\/p>\n<p><img loading=\"lazy\" decoding=\"async\" class=\"aligncenter wp-image-9392 size-full\" title=\"ABSOLUT LIGHTING Schreibtischleuchte Halogen- oder LED-Version mit touch-o-matic | Design: Michael R\u00f6sing\" src=\"https:\/\/www.raum-blick.de\/magazin\/wp-content\/uploads\/2019\/11\/absolut-lighting-schreibtischleuchte.jpg\" alt=\"absolut-lighting-schreibtischleuchte\" width=\"600\" height=\"600\" srcset=\"https:\/\/raum-blick.de\/magazin\/wp-content\/uploads\/2019\/11\/absolut-lighting-schreibtischleuchte.jpg 600w, https:\/\/raum-blick.de\/magazin\/wp-content\/uploads\/2019\/11\/absolut-lighting-schreibtischleuchte-150x150.jpg 150w, https:\/\/raum-blick.de\/magazin\/wp-content\/uploads\/2019\/11\/absolut-lighting-schreibtischleuchte-300x300.jpg 300w\" sizes=\"(max-width: 600px) 100vw, 600px\" \/><\/p>\n<p style=\"text-align: justify;\">Effizient erhellt die Lampe bei Bedarf den Schreibtisch. Alternativ k\u00f6nnen Sie den Lichtschein wie bei einer Akzentleuchte an die Wand oder nach oben lenken. Mit dem Ber\u00fchrungsdimmer l\u00e4sst sich zudem die Helligkeit ver\u00e4ndern.<\/p>\n<h2><span class=\"ez-toc-section\" id=\"Muuto_Leuchten\"><\/span>Muuto Leuchten<span class=\"ez-toc-section-end\"><\/span><\/h2>\n<p style=\"text-align: justify;\">Tom Chung schuf f\u00fcr <a href=\"https:\/\/www.raum-blick.de\/muuto\/\">Muuto<\/a> ausgesprochen vielseitige Lichtinstrumente, die sich f\u00fcr den Einsatz als Schreibtischlampen eignen. Sie setzen sich aus zwei Metallr\u00f6hren zusammen, die jeweils als St\u00e4nder und Leuchtenk\u00f6rper fungieren. Das Design erinnert an Spots, die sich diskret in den Raum einf\u00fcgen. \u00c4u\u00dferst raffiniert ist das Technikkonzept mit einem beidseitigen Lichtaustritt. Die Leuchten verbinden dadurch das gerichtete Arbeitslicht mit einem atmosph\u00e4rischen Stimmungslicht.<\/p>\n<p><a href=\"https:\/\/www.raum-blick.de\/muuto-beam-led-tischleuchte\"><img loading=\"lazy\" decoding=\"async\" class=\"aligncenter wp-image-9395 size-full\" title=\"Muuto Beam LED Tischleuchte | Design: Tom Chung\" src=\"https:\/\/www.raum-blick.de\/magazin\/wp-content\/uploads\/2019\/11\/muuto-beam-led-tischleuchte.jpg\" alt=\"muuto-beam-led-tischleuchte\" width=\"600\" height=\"600\" srcset=\"https:\/\/raum-blick.de\/magazin\/wp-content\/uploads\/2019\/11\/muuto-beam-led-tischleuchte.jpg 600w, https:\/\/raum-blick.de\/magazin\/wp-content\/uploads\/2019\/11\/muuto-beam-led-tischleuchte-150x150.jpg 150w, https:\/\/raum-blick.de\/magazin\/wp-content\/uploads\/2019\/11\/muuto-beam-led-tischleuchte-300x300.jpg 300w\" sizes=\"(max-width: 600px) 100vw, 600px\" \/><\/a><\/p>\n<p style=\"text-align: justify;\">Der Dimmer \u00fcberzeugt nicht nur mit seiner intuitiven Bedienung. Mit ihm l\u00e4sst sich die Lichtst\u00e4rke beider Seiten separat steuern. Der Kanadier achtete beim Entwurf au\u00dferdem darauf, dass die Tischleuchte drehbar und schwenkbar ist. So wird sie zur Allesk\u00f6nnerin, die f\u00fcr nahezu jedes Nutzungsmuster geschaffen ist. Sie \u00fcberzeugt beim Soloauftritt als Leseleuchte oder Schreibtischlampe. Taucht zum Beispiel in der Sofaecke ein Pendant auf, ergeben sich am laufenden Band neue Ideen f\u00fcr die r\u00e4umliche Lichtinszenierung.<\/p>\n","protected":false},"excerpt":{"rendered":"<p>\u00ab Licht mit Stil f\u00fcr den Arbeitsplatz \u00bb Wer am Schreibtisch Platz nimmt, sehnt sich nach erhellenden Geistesblitzen. Sie kurbeln den Erfolg fast ebenso an wie das Arbeitstempo. Motivation allein beschert die z\u00fcndenden Ideen nicht. Eine zentrale Rolle spielt die inspirierende Atmosph\u00e4re. Dieser Aufgabe widmen sich Leuchten mit au\u00dfergew\u00f6hnlichem Design und durchdachter Funktionalit\u00e4t. Pioniere des [&hellip;]<\/p>\n","protected":false},"author":4,"featured_media":9405,"comment_status":"closed","ping_status":"open","sticky":false,"template":"","format":"standard","meta":{"_et_pb_use_builder":"","_et_pb_old_content":"","_et_gb_content_width":"","inline_featured_image":false,"footnotes":""},"categories":[1],"tags":[104,406,541,419,334,953,45,81,956,954,277,43,239,952,951,955,910],"class_list":["post-9372","post","type-post","status-publish","format-standard","has-post-thumbnail","hentry","category-drinnen","tag-absolut-lighting","tag-arbeitsplatz","tag-bestlite","tag-buero","tag-design","tag-einrichtung","tag-flos","tag-gubi","tag-halogen","tag-homeoffice","tag-led","tag-leuchten","tag-muuto","tag-pedrera","tag-schreibtischlampen","tag-schreibtischleuchte","tag-tischleuchte"],"_links":{"self":[{"href":"https:\/\/raum-blick.de\/magazin\/wp-json\/wp\/v2\/posts\/9372","targetHints":{"allow":["GET"]}}],"collection":[{"href":"https:\/\/raum-blick.de\/magazin\/wp-json\/wp\/v2\/posts"}],"about":[{"href":"https:\/\/raum-blick.de\/magazin\/wp-json\/wp\/v2\/types\/post"}],"author":[{"embeddable":true,"href":"https:\/\/raum-blick.de\/magazin\/wp-json\/wp\/v2\/users\/4"}],"replies":[{"embeddable":true,"href":"https:\/\/raum-blick.de\/magazin\/wp-json\/wp\/v2\/comments?post=9372"}],"version-history":[{"count":26,"href":"https:\/\/raum-blick.de\/magazin\/wp-json\/wp\/v2\/posts\/9372\/revisions"}],"predecessor-version":[{"id":14600,"href":"https:\/\/raum-blick.de\/magazin\/wp-json\/wp\/v2\/posts\/9372\/revisions\/14600"}],"wp:featuredmedia":[{"embeddable":true,"href":"https:\/\/raum-blick.de\/magazin\/wp-json\/wp\/v2\/media\/9405"}],"wp:attachment":[{"href":"https:\/\/raum-blick.de\/magazin\/wp-json\/wp\/v2\/media?parent=9372"}],"wp:term":[{"taxonomy":"category","embeddable":true,"href":"https:\/\/raum-blick.de\/magazin\/wp-json\/wp\/v2\/categories?post=9372"},{"taxonomy":"post_tag","embeddable":true,"href":"https:\/\/raum-blick.de\/magazin\/wp-json\/wp\/v2\/tags?post=9372"}],"curies":[{"name":"wp","href":"https:\/\/api.w.org\/{rel}","templated":true}]}}