{"id":9303,"date":"2019-10-07T14:57:58","date_gmt":"2019-10-07T12:57:58","guid":{"rendered":"https:\/\/www.raum-blick.de\/magazin\/?p=9303"},"modified":"2022-02-28T09:15:27","modified_gmt":"2022-02-28T08:15:27","slug":"vegane-rucksaecke-von-ranzn","status":"publish","type":"post","link":"https:\/\/raum-blick.de\/magazin\/vegane-rucksaecke-von-ranzn\/","title":{"rendered":"Vegane Rucks\u00e4cke von Ranzn"},"content":{"rendered":"<h2><span class=\"ez-toc-section\" id=\"%C2%AB_Nachhaltigkeit_und_schickes_Design_schliessen_sich_nicht_aus_%C2%BB\"><\/span>\u00ab Nachhaltigkeit und schickes Design schlie\u00dfen sich nicht aus \u00bb<span class=\"ez-toc-section-end\"><\/span><\/h2>\n<p style=\"text-align: justify;\"><strong>Beim Tagestrip in der City oder beim n\u00e4chsten Ausflug inmitten der Natur \u2013 ein guter Rucksack ist der wohl wichtigste Begleiter bei jeder Tour. Vegane Rucks\u00e4cke von Ranzn erf\u00fcllen alle praktischen Anforderungen, zeichnen sich durch ein tolles Design aus und sind dabei noch nachhaltig. Gerade in Zeiten, in denen Umwelt- und Klimaschutz hoch im Kurs stehen ist letzteres von unsch\u00e4tzbarem Wert. Wir werfen einen n\u00e4heren Blick auf diese sch\u00f6nen und umweltfreundlichen Design-St\u00fccke.<\/strong><\/p>\n<h2><span class=\"ez-toc-section\" id=\"Einer_fuer_alles_%E2%80%93_Mut_zum_schlanken_Portfolio\"><\/span>Einer f\u00fcr alle(s) \u2013 Mut zum schlanken Portfolio<span class=\"ez-toc-section-end\"><\/span><\/h2>\n<p style=\"text-align: justify;\">Die Bandbreite an Designideen ist \u00fcberw\u00e4ltigend. F\u00fcr jede erdenkliche Vorliebe bei der Form, Farbe und Musterung finden sich Rucks\u00e4cke. Das kommt nicht nur dem verbreiteten Streben nach dem rundum perfekten und individuellen Outfit entgegen. Angesichts der Vielfalt kann man kaum widerstehen, sich mehrere Accessoires f\u00fcr den identischen Zweck anzuschaffen. Wer sich an derartige Einkaufserlebnisse gew\u00f6hnt hat, ist bei der ersten Begegnung mit Ranzn verdutzt. Das Start-up begrenzt sich derzeit auf vegane Rucks\u00e4cke. Verf\u00fcgbar ist ein Modell. Es orientiert sich passend zum Markennamen an der Urform des Ranzns. Sie bew\u00e4hrte sich schon vor Jahrhunderten, weil es bei ihrer Entwicklung ausschlie\u00dflich um den praktischen Nutzen ging. Das beschert eine formale Klarheit, die kaum zu \u00fcbertreffen ist.<\/p><div id=\"ez-toc-container\" class=\"ez-toc-v2_0_82_2 counter-hierarchy ez-toc-counter ez-toc-grey ez-toc-container-direction\">\n<div class=\"ez-toc-title-container\">\n<p class=\"ez-toc-title\" style=\"cursor:inherit\">Was hier auf Sie wartet<\/p>\n<span class=\"ez-toc-title-toggle\"><a href=\"#\" class=\"ez-toc-pull-right ez-toc-btn ez-toc-btn-xs ez-toc-btn-default ez-toc-toggle\" aria-label=\"Toggle Table of Content\"><span class=\"ez-toc-js-icon-con\"><span class=\"\"><span class=\"eztoc-hide\" style=\"display:none;\">Toggle<\/span><span class=\"ez-toc-icon-toggle-span\"><svg style=\"fill: #999;color:#999\" xmlns=\"http:\/\/www.w3.org\/2000\/svg\" class=\"list-377408\" width=\"20px\" height=\"20px\" viewBox=\"0 0 24 24\" fill=\"none\"><path d=\"M6 6H4v2h2V6zm14 0H8v2h12V6zM4 11h2v2H4v-2zm16 0H8v2h12v-2zM4 16h2v2H4v-2zm16 0H8v2h12v-2z\" fill=\"currentColor\"><\/path><\/svg><svg style=\"fill: #999;color:#999\" class=\"arrow-unsorted-368013\" xmlns=\"http:\/\/www.w3.org\/2000\/svg\" width=\"10px\" height=\"10px\" viewBox=\"0 0 24 24\" version=\"1.2\" baseProfile=\"tiny\"><path d=\"M18.2 9.3l-6.2-6.3-6.2 6.3c-.2.2-.3.4-.3.7s.1.5.3.7c.2.2.4.3.7.3h11c.3 0 .5-.1.7-.3.2-.2.3-.5.3-.7s-.1-.5-.3-.7zM5.8 14.7l6.2 6.3 6.2-6.3c.2-.2.3-.5.3-.7s-.1-.5-.3-.7c-.2-.2-.4-.3-.7-.3h-11c-.3 0-.5.1-.7.3-.2.2-.3.5-.3.7s.1.5.3.7z\"\/><\/svg><\/span><\/span><\/span><\/a><\/span><\/div>\n<nav><ul class='ez-toc-list ez-toc-list-level-1 ' ><li class='ez-toc-page-1 ez-toc-heading-level-2'><a class=\"ez-toc-link ez-toc-heading-1\" href=\"https:\/\/raum-blick.de\/magazin\/vegane-rucksaecke-von-ranzn\/#%C2%AB_Nachhaltigkeit_und_schickes_Design_schliessen_sich_nicht_aus_%C2%BB\" >\u00ab Nachhaltigkeit und schickes Design schlie\u00dfen sich nicht aus \u00bb<\/a><\/li><li class='ez-toc-page-1 ez-toc-heading-level-2'><a class=\"ez-toc-link ez-toc-heading-2\" href=\"https:\/\/raum-blick.de\/magazin\/vegane-rucksaecke-von-ranzn\/#Einer_fuer_alles_%E2%80%93_Mut_zum_schlanken_Portfolio\" >Einer f\u00fcr alle(s) \u2013 Mut zum schlanken Portfolio<\/a><\/li><li class='ez-toc-page-1 ez-toc-heading-level-2'><a class=\"ez-toc-link ez-toc-heading-3\" href=\"https:\/\/raum-blick.de\/magazin\/vegane-rucksaecke-von-ranzn\/#Vegane_Rucksaecke_von_Ranzn_sind_Lebensbegleiter_mit_akribisch_durchdachter_Funktionalitaet\" >Vegane Rucks\u00e4cke von Ranzn sind Lebensbegleiter mit akribisch durchdachter Funktionalit\u00e4t<\/a><\/li><li class='ez-toc-page-1 ez-toc-heading-level-2'><a class=\"ez-toc-link ez-toc-heading-4\" href=\"https:\/\/raum-blick.de\/magazin\/vegane-rucksaecke-von-ranzn\/#Ueberlebenskuenstler_aus_Segeltuch\" >\u00dcberlebensk\u00fcnstler aus Segeltuch<\/a><\/li><li class='ez-toc-page-1 ez-toc-heading-level-2'><a class=\"ez-toc-link ez-toc-heading-5\" href=\"https:\/\/raum-blick.de\/magazin\/vegane-rucksaecke-von-ranzn\/#Ambitionierte_Designmarke_mit_Wurzeln_im_Hochsauerland\" >Ambitionierte Designmarke mit Wurzeln im Hochsauerland<\/a><\/li><\/ul><\/nav><\/div>\n\n<div class=\"brlbs-cmpnt-container brlbs-cmpnt-content-blocker brlbs-cmpnt-with-individual-styles\" data-borlabs-cookie-content-blocker-id=\"default\" data-borlabs-cookie-content=\"PGlmcmFtZSBzcmM9Imh0dHBzOi8vd3d3LnlvdXR1YmUtbm9jb29raWUuY29tL2VtYmVkL0tHUzB1WDJUak53IiB3aWR0aD0iNTYwIiBoZWlnaHQ9IjMxNSIgZnJhbWVib3JkZXI9IjAiIGFsbG93ZnVsbHNjcmVlbj0iYWxsb3dmdWxsc2NyZWVuIj48L2lmcmFtZT4=\">\n<div class=\"brlbs-cmpnt-cb-preset-a\">\n<p class=\"brlbs-cmpnt-cb-description\">Sie sehen gerade einen Platzhalterinhalt von <strong>Standard<\/strong>. Um auf den eigentlichen Inhalt zuzugreifen, klicken Sie auf den Button unten. Bitte beachten Sie, dass dabei Daten an Drittanbieter weitergegeben werden.<\/p>\n<div class=\"brlbs-cmpnt-cb-buttons\"> <a class=\"brlbs-cmpnt-cb-btn\" href=\"#\" data-borlabs-cookie-unblock role=\"button\">Inhalt entsperren<\/a> <a class=\"brlbs-cmpnt-cb-btn\" href=\"#\" data-borlabs-cookie-accept-service role=\"button\" style=\"display: none\">Erforderlichen Service akzeptieren und Inhalte entsperren<\/a> <\/div>\n<p> <a class=\"brlbs-cmpnt-cb-provider-toggle\" href=\"#\" data-borlabs-cookie-show-provider-information role=\"button\">Weitere Informationen<\/a> <\/div>\n<\/div>\n<p style=\"text-align: justify;\">Verst\u00e4rkt wird der \u00e4sthetische Purismus durch ein Hellgrau, das l\u00e4ssig und stilvoll zugleich wirkt. Beides zusammen verhilft dem Rucksack zur Karriere als Universalgenie. Er passt zu den unterschiedlichsten Terrains, Zielgruppen und Kleidungsstilen. Sobald sich die Verwunderung \u00fcber die Solo-Performance legt, kommt Begeisterung auf. Es ist unerwartet angenehm, wenn langwierige Entscheidungsprozesse entfallen. Das gilt f\u00fcr den Kauf ebenso wie die allt\u00e4gliche Nutzung. Die Begrenzung auf ein Multitalent erm\u00f6glicht au\u00dferdem ein nachhaltiges Unternehmenskonzept. Der Lageraufwand verringert sich deutlich. Gebannt ist das Risiko, die Umwelt mit unverk\u00e4uflichen \u00dcberproduktionen zu belasten. Denn das zeitlos schicke Design der Rucks\u00e4cke bleibt unabh\u00e4ngig von saisonalen Trends im Rennen.<\/p>\n<h2><span class=\"ez-toc-section\" id=\"Vegane_Rucksaecke_von_Ranzn_sind_Lebensbegleiter_mit_akribisch_durchdachter_Funktionalitaet\"><\/span>Vegane Rucks\u00e4cke von Ranzn sind Lebensbegleiter mit akribisch durchdachter Funktionalit\u00e4t<span class=\"ez-toc-section-end\"><\/span><\/h2>\n<p style=\"text-align: justify;\">Notebook, Ordner und Terminplaner landen in ihren Stammf\u00e4chern. In der Mitte bleibt gen\u00fcgend Platz, um einen Zwischenstopp im Supermarkt einzulegen. Schon sind Sie startklar f\u00fcrs B\u00fcro. Am Nachmittag deponieren Sie die Arbeitsmittel auf dem Schreibtisch und die Lebensmittel im K\u00fchlschrank. Jetzt ist der treue Wegbegleiter bereit, um Ihre Sportkleidung f\u00fcrs Fitnesstraining in Empfang zu nehmen. Am Wochenende ist dem Allesk\u00f6nner keine Verschnaufpause verg\u00f6nnt. Seine Talente als Wanderrucksack sind beim Familienausflug gefragt. Der Ranzn punktet nicht nur mit einer \u00c4sthetik, die sich in diversen Lebenswelten sehen lassen kann. Seine Aufteilung kommt nahezu allen Nutzungsmustern entgegen.<\/p>\n<p><img loading=\"lazy\" decoding=\"async\" class=\"aligncenter wp-image-9314 size-full\" title=\"RANZN Rucksack | der vegane Begleiter aus Segeltuch | Volumen: ca. 13 Liter\" src=\"https:\/\/www.raum-blick.de\/magazin\/wp-content\/uploads\/2019\/11\/ranzn-rucksack-vegan.jpg\" alt=\"ranzn-rucksack-vegan\" width=\"600\" height=\"570\" srcset=\"https:\/\/raum-blick.de\/magazin\/wp-content\/uploads\/2019\/11\/ranzn-rucksack-vegan.jpg 600w, https:\/\/raum-blick.de\/magazin\/wp-content\/uploads\/2019\/11\/ranzn-rucksack-vegan-300x285.jpg 300w\" sizes=\"(max-width: 600px) 100vw, 600px\" \/><\/p>\n<p style=\"text-align: justify;\">Die drei Innenf\u00e4cher und die Fronttasche erm\u00f6glichen das \u00fcbersichtliche Verstauen. Das gepolsterte Fach bietet sich f\u00fcr Utensilien an, die man vor St\u00f6\u00dfen sch\u00fctzen m\u00f6chte. Hinzu gesellen sich Einsch\u00fcbe an den Au\u00dfenseiten, die sich zum Beispiel f\u00fcr die griffbereite Unterbringung von Getr\u00e4nkeflaschen empfehlen. Leichtg\u00e4ngige Rei\u00dfverschl\u00fcsse forcieren die Funktionalit\u00e4t. Begr\u00fc\u00dfenswert ist der gro\u00dfz\u00fcgig angedachte Stauraum von circa 13 Litern. Dank der minimalistischen Formgebung wirkt der vegane Backpack trotzdem nicht zu volumin\u00f6s. Gut in der Hand liegen die Tragegriffe, die das gelungene Designkonzept vollenden.<\/p>\n<h2><span class=\"ez-toc-section\" id=\"Ueberlebenskuenstler_aus_Segeltuch\"><\/span>\u00dcberlebensk\u00fcnstler aus Segeltuch<span class=\"ez-toc-section-end\"><\/span><\/h2>\n<p style=\"text-align: justify;\">Den Jungunternehmern ist es wichtig, vegane Rucks\u00e4cke anzubieten. So werden keine Zielgruppen aufgrund ihrer Lebensauffassung ausgeschlossen. Der Verzicht auf Rohstoffe mit tierischem Ursprung entspricht ganz der Markenidentit\u00e4t, die der Nachhaltigkeit einen hohen Stellenwert einr\u00e4umt. Bei der Recherche nach dem geeigneten Material geriet ein Klassiker ins Visier: Oxford 600D. Dabei handelt es sich um ein Gewebe, das f\u00fcr seine Strapazierf\u00e4higkeit bekannt ist. Es kommt h\u00e4ufig bei der Fertigung von Segeln und Schutzh\u00fcllen f\u00fcr Gartenm\u00f6bel zum Zuge. Der Ranzn ist ein gelungenes Exempel daf\u00fcr, wie fruchtbar alternative Herangehensweisen sein k\u00f6nnen.<\/p>\n<p><img loading=\"lazy\" decoding=\"async\" class=\"aligncenter wp-image-9317 size-full\" title=\"Veganer Rucksack von RANZN mit Getr\u00e4nketasche\" src=\"https:\/\/www.raum-blick.de\/magazin\/wp-content\/uploads\/2019\/11\/ranzn-rucksack-vegan-getraenketasche.jpg\" alt=\"ranzn-rucksack-vegan-getraenketasche\" width=\"600\" height=\"600\" srcset=\"https:\/\/raum-blick.de\/magazin\/wp-content\/uploads\/2019\/11\/ranzn-rucksack-vegan-getraenketasche.jpg 600w, https:\/\/raum-blick.de\/magazin\/wp-content\/uploads\/2019\/11\/ranzn-rucksack-vegan-getraenketasche-150x150.jpg 150w, https:\/\/raum-blick.de\/magazin\/wp-content\/uploads\/2019\/11\/ranzn-rucksack-vegan-getraenketasche-300x300.jpg 300w\" sizes=\"(max-width: 600px) 100vw, 600px\" \/><\/p>\n<p style=\"text-align: justify;\">Das aufgesp\u00fcrte Material er\u00f6ffnet nicht nur die M\u00f6glichkeit, das Produkt vegan herzustellen. Es kurbelt die Qualit\u00e4t und Funktionalit\u00e4t an. Wer unterwegs vom Regenschauer \u00fcberrascht wird, freut sich \u00fcber den wasserabweisenden Charakter. Die Textur ist leicht zu reinigen und schmutzabweisend. Der Rucksack ist deshalb trotz der hellen Farbe erstaunlich unempfindlich. Die Designidee bringt mit sich, dass sich der Allrounder im Dauereinsatz befindet. Dazu passt die Belastbarkeit des Mischgewebes ebenso wie die sorgf\u00e4ltige Verarbeitung.<\/p>\n<h2><span class=\"ez-toc-section\" id=\"Ambitionierte_Designmarke_mit_Wurzeln_im_Hochsauerland\"><\/span>Ambitionierte Designmarke mit Wurzeln im Hochsauerland<span class=\"ez-toc-section-end\"><\/span><\/h2>\n<p style=\"text-align: justify;\">Im Sommer 2017 kam der Gedanke auf, vegane Rucks\u00e4cke zu entwickeln. Das junge Team startete kurz darauf durch, um die Vision in die Tat umzusetzen. Gleich zu Beginn legte es die Messlatte hoch. Der langlebige Begleiter sollte sich mit einem reflektierten Konsumverhalten vereinbaren lassen. Das Trio w\u00fcnschte sich zudem ein Konzept, das so flexibel und dynamisch ist wie die gegenw\u00e4rtige Lebensart. Der angestrebte Mix aus funktioneller Vielseitigkeit und schickem Design komplettierte die hochgesteckten Ziele. Einige Monate t\u00fcftelte man am Entwurf und der Umsetzung. Das Engagement zahlte sich aus. Im Fr\u00fchjahr 2018 waren die ersten veganen Rucks\u00e4cke reif f\u00fcr die Vermarktung, die sich z\u00fcgig \u00fcber ein positives Feedback freuten.<\/p>\n<p><img loading=\"lazy\" decoding=\"async\" class=\"aligncenter wp-image-9319 size-full\" title=\"Frontseite des veganen RANZN Rucksacks | Material: Segeltuch | wasserabweisend &amp; widerstandsf\u00e4hig\" src=\"https:\/\/www.raum-blick.de\/magazin\/wp-content\/uploads\/2019\/11\/ranzn-rucksack-vegan-frontseite.jpg\" alt=\"ranzn-rucksack-vegan-frontseite\" width=\"600\" height=\"600\" srcset=\"https:\/\/raum-blick.de\/magazin\/wp-content\/uploads\/2019\/11\/ranzn-rucksack-vegan-frontseite.jpg 600w, https:\/\/raum-blick.de\/magazin\/wp-content\/uploads\/2019\/11\/ranzn-rucksack-vegan-frontseite-150x150.jpg 150w, https:\/\/raum-blick.de\/magazin\/wp-content\/uploads\/2019\/11\/ranzn-rucksack-vegan-frontseite-300x300.jpg 300w\" sizes=\"(max-width: 600px) 100vw, 600px\" \/><\/p>\n<p style=\"text-align: justify;\">Bislang z\u00e4hlt der Ranzn zu den Geheimtipps. Das wird sich gewiss bald \u00e4ndern. Denn die wachsende Fangemeinde wartet schon gespannt auf die n\u00e4chste Idee. Wer vermutet, dass der stylishe Weggef\u00e4hrte aus einer pulsierenden Metropole stammen, untersch\u00e4tzt die inspirierende Kraft beschaulicher Landschaften. Marko Mihic und Sebastian Uting blieben ihrer Heimat treu. Sie siedelten das Start-up-Unternehmen in Schmallenberg an.<\/p>\n","protected":false},"excerpt":{"rendered":"<p>\u00ab Nachhaltigkeit und schickes Design schlie\u00dfen sich nicht aus \u00bb Beim Tagestrip in der City oder beim n\u00e4chsten Ausflug inmitten der Natur \u2013 ein guter Rucksack ist der wohl wichtigste Begleiter bei jeder Tour. Vegane Rucks\u00e4cke von Ranzn erf\u00fcllen alle praktischen Anforderungen, zeichnen sich durch ein tolles Design aus und sind dabei noch nachhaltig. Gerade [&hellip;]<\/p>\n","protected":false},"author":4,"featured_media":9307,"comment_status":"closed","ping_status":"open","sticky":false,"template":"","format":"standard","meta":{"_et_pb_use_builder":"","_et_pb_old_content":"","_et_gb_content_width":"","inline_featured_image":false,"footnotes":""},"categories":[6],"tags":[940,941,942,266],"class_list":["post-9303","post","type-post","status-publish","format-standard","has-post-thumbnail","hentry","category-draussen","tag-ranzn","tag-rucksaecke","tag-segeltuch","tag-vegan"],"_links":{"self":[{"href":"https:\/\/raum-blick.de\/magazin\/wp-json\/wp\/v2\/posts\/9303","targetHints":{"allow":["GET"]}}],"collection":[{"href":"https:\/\/raum-blick.de\/magazin\/wp-json\/wp\/v2\/posts"}],"about":[{"href":"https:\/\/raum-blick.de\/magazin\/wp-json\/wp\/v2\/types\/post"}],"author":[{"embeddable":true,"href":"https:\/\/raum-blick.de\/magazin\/wp-json\/wp\/v2\/users\/4"}],"replies":[{"embeddable":true,"href":"https:\/\/raum-blick.de\/magazin\/wp-json\/wp\/v2\/comments?post=9303"}],"version-history":[{"count":15,"href":"https:\/\/raum-blick.de\/magazin\/wp-json\/wp\/v2\/posts\/9303\/revisions"}],"predecessor-version":[{"id":15216,"href":"https:\/\/raum-blick.de\/magazin\/wp-json\/wp\/v2\/posts\/9303\/revisions\/15216"}],"wp:featuredmedia":[{"embeddable":true,"href":"https:\/\/raum-blick.de\/magazin\/wp-json\/wp\/v2\/media\/9307"}],"wp:attachment":[{"href":"https:\/\/raum-blick.de\/magazin\/wp-json\/wp\/v2\/media?parent=9303"}],"wp:term":[{"taxonomy":"category","embeddable":true,"href":"https:\/\/raum-blick.de\/magazin\/wp-json\/wp\/v2\/categories?post=9303"},{"taxonomy":"post_tag","embeddable":true,"href":"https:\/\/raum-blick.de\/magazin\/wp-json\/wp\/v2\/tags?post=9303"}],"curies":[{"name":"wp","href":"https:\/\/api.w.org\/{rel}","templated":true}]}}