{"id":9183,"date":"2019-09-23T10:34:36","date_gmt":"2019-09-23T08:34:36","guid":{"rendered":"https:\/\/www.raum-blick.de\/magazin\/?p=9183"},"modified":"2022-06-27T10:22:16","modified_gmt":"2022-06-27T08:22:16","slug":"schmales-badezimmer-einrichten","status":"publish","type":"post","link":"https:\/\/raum-blick.de\/magazin\/schmales-badezimmer-einrichten\/","title":{"rendered":"Schmales Badezimmer einrichten"},"content":{"rendered":"<h2><span class=\"ez-toc-section\" id=\"%C2%AB_Wenig_Platz_optimal_nutzen_%C2%BB\"><\/span>\u00ab Wenig Platz optimal nutzen \u00bb<span class=\"ez-toc-section-end\"><\/span><\/h2>\n<p style=\"text-align: justify;\"><strong>Mehrmals t\u00e4glich wird das Bad mit unterschiedlichen Anliegen angesteuert. Der Architekt entschied sich trotzdem f\u00fcr einen unvorteilhaften Grundriss. Lassen Sie sich davon nicht ausbremsen. Es gen\u00fcgen ein paar Tipps f\u00fcrs Einrichten. Schon verwandelt sich Ihr schmales Badezimmer in einen gro\u00dfz\u00fcgig ausgestatteten Wohlf\u00fchlort. <\/strong><\/p>\n<h2><span class=\"ez-toc-section\" id=\"Designlinien_mit_aesthetischer_Leichtigkeit\"><\/span>Designlinien mit \u00e4sthetischer Leichtigkeit<span class=\"ez-toc-section-end\"><\/span><\/h2>\n<p style=\"text-align: justify;\">F\u00fcr die praktische Ausstattung werden einige Badm\u00f6bel und Accessoires ben\u00f6tigt. Wer dabei zu ausdrucksstarken Kollektionen tendiert, ist mit dem Ergebnis selten zufrieden. Denn die Vielfalt an optischen Reizen l\u00e4sst ein schmales Badezimmer schnell \u00fcberladen wirken. Das vermeiden Sie geschickt, wenn Sie sich auf puristische Produktserien fokussieren.<\/p><div id=\"ez-toc-container\" class=\"ez-toc-v2_0_82_2 counter-hierarchy ez-toc-counter ez-toc-grey ez-toc-container-direction\">\n<div class=\"ez-toc-title-container\">\n<p class=\"ez-toc-title\" style=\"cursor:inherit\">Was hier auf Sie wartet<\/p>\n<span class=\"ez-toc-title-toggle\"><a href=\"#\" class=\"ez-toc-pull-right ez-toc-btn ez-toc-btn-xs ez-toc-btn-default ez-toc-toggle\" aria-label=\"Toggle Table of Content\"><span class=\"ez-toc-js-icon-con\"><span class=\"\"><span class=\"eztoc-hide\" style=\"display:none;\">Toggle<\/span><span class=\"ez-toc-icon-toggle-span\"><svg style=\"fill: #999;color:#999\" xmlns=\"http:\/\/www.w3.org\/2000\/svg\" class=\"list-377408\" width=\"20px\" height=\"20px\" viewBox=\"0 0 24 24\" fill=\"none\"><path d=\"M6 6H4v2h2V6zm14 0H8v2h12V6zM4 11h2v2H4v-2zm16 0H8v2h12v-2zM4 16h2v2H4v-2zm16 0H8v2h12v-2z\" fill=\"currentColor\"><\/path><\/svg><svg style=\"fill: #999;color:#999\" class=\"arrow-unsorted-368013\" xmlns=\"http:\/\/www.w3.org\/2000\/svg\" width=\"10px\" height=\"10px\" viewBox=\"0 0 24 24\" version=\"1.2\" baseProfile=\"tiny\"><path d=\"M18.2 9.3l-6.2-6.3-6.2 6.3c-.2.2-.3.4-.3.7s.1.5.3.7c.2.2.4.3.7.3h11c.3 0 .5-.1.7-.3.2-.2.3-.5.3-.7s-.1-.5-.3-.7zM5.8 14.7l6.2 6.3 6.2-6.3c.2-.2.3-.5.3-.7s-.1-.5-.3-.7c-.2-.2-.4-.3-.7-.3h-11c-.3 0-.5.1-.7.3-.2.2-.3.5-.3.7s.1.5.3.7z\"\/><\/svg><\/span><\/span><\/span><\/a><\/span><\/div>\n<nav><ul class='ez-toc-list ez-toc-list-level-1 ' ><li class='ez-toc-page-1 ez-toc-heading-level-2'><a class=\"ez-toc-link ez-toc-heading-1\" href=\"https:\/\/raum-blick.de\/magazin\/schmales-badezimmer-einrichten\/#%C2%AB_Wenig_Platz_optimal_nutzen_%C2%BB\" >\u00ab Wenig Platz optimal nutzen \u00bb<\/a><\/li><li class='ez-toc-page-1 ez-toc-heading-level-2'><a class=\"ez-toc-link ez-toc-heading-2\" href=\"https:\/\/raum-blick.de\/magazin\/schmales-badezimmer-einrichten\/#Designlinien_mit_aesthetischer_Leichtigkeit\" >Designlinien mit \u00e4sthetischer Leichtigkeit<\/a><\/li><li class='ez-toc-page-1 ez-toc-heading-level-2'><a class=\"ez-toc-link ez-toc-heading-3\" href=\"https:\/\/raum-blick.de\/magazin\/schmales-badezimmer-einrichten\/#Vielseitig_und_fuer_spontane_Veraenderungen_offen\" >Vielseitig und f\u00fcr spontane Ver\u00e4nderungen offen<\/a><\/li><li class='ez-toc-page-1 ez-toc-heading-level-2'><a class=\"ez-toc-link ez-toc-heading-4\" href=\"https:\/\/raum-blick.de\/magazin\/schmales-badezimmer-einrichten\/#Mehr_Freiraum_durch_pfiffige_Loesungen\" >Mehr Freiraum durch pfiffige L\u00f6sungen<\/a><\/li><li class='ez-toc-page-1 ez-toc-heading-level-2'><a class=\"ez-toc-link ez-toc-heading-5\" href=\"https:\/\/raum-blick.de\/magazin\/schmales-badezimmer-einrichten\/#Eher_grosszuegig_als_kleinteilig\" >Eher gro\u00dfz\u00fcgig als kleinteilig<\/a><\/li><li class='ez-toc-page-1 ez-toc-heading-level-2'><a class=\"ez-toc-link ez-toc-heading-6\" href=\"https:\/\/raum-blick.de\/magazin\/schmales-badezimmer-einrichten\/#Raffinierte_Designideen_fuer_knifflige_Einrichtungsprojekte\" >Raffinierte Designideen f\u00fcr knifflige Einrichtungsprojekte<\/a><\/li><\/ul><\/nav><\/div>\n\n<p><a href=\"https:\/\/www.raum-blick.de\/kartell-rail-handtuchhalter\"><img loading=\"lazy\" decoding=\"async\" class=\"aligncenter wp-image-9230 size-full\" title=\"Kartell Rail Handtuchhalter | Design: Ludovica &amp; Roberto Palomba, 2013\" src=\"https:\/\/www.raum-blick.de\/magazin\/wp-content\/uploads\/2019\/10\/kartell-rail-handtuchhalter.jpg\" alt=\"kartell-rail-handtuchhalter\" width=\"600\" height=\"600\" srcset=\"https:\/\/raum-blick.de\/magazin\/wp-content\/uploads\/2019\/10\/kartell-rail-handtuchhalter.jpg 600w, https:\/\/raum-blick.de\/magazin\/wp-content\/uploads\/2019\/10\/kartell-rail-handtuchhalter-150x150.jpg 150w, https:\/\/raum-blick.de\/magazin\/wp-content\/uploads\/2019\/10\/kartell-rail-handtuchhalter-300x300.jpg 300w\" sizes=\"(max-width: 600px) 100vw, 600px\" \/><\/a><\/p>\n<p style=\"text-align: justify;\">Ein gelungenes Exempel daf\u00fcr ist der <a href=\"https:\/\/www.raum-blick.de\/kartell-rail-handtuchhalter\">Handtuchhalter Rail von Kartell<\/a>. Er f\u00fcgt sich durch die Fertigung aus transparentem Kunststoff beinahe unbemerkt ins Bad ein. Auffallend schmal ist die <a href=\"https:\/\/www.raum-blick.de\/decor-walther-club-hte-handtuchhalter\">Handtuchstange Club von Decor Walther<\/a> ausgef\u00fchrt.<\/p>\n<p><a href=\"https:\/\/www.raum-blick.de\/decor-walther-club-hte-handtuchhalter\"><img loading=\"lazy\" decoding=\"async\" class=\"aligncenter wp-image-9233 size-full\" title=\"Decor Walther CLUB Handtuchstange\" src=\"https:\/\/www.raum-blick.de\/magazin\/wp-content\/uploads\/2019\/10\/decor-walther-club-hte-handtuchhalter.jpg\" alt=\"decor-walther-club-hte-handtuchhalter\" width=\"600\" height=\"220\" srcset=\"https:\/\/raum-blick.de\/magazin\/wp-content\/uploads\/2019\/10\/decor-walther-club-hte-handtuchhalter.jpg 600w, https:\/\/raum-blick.de\/magazin\/wp-content\/uploads\/2019\/10\/decor-walther-club-hte-handtuchhalter-300x110.jpg 300w\" sizes=\"(max-width: 600px) 100vw, 600px\" \/><\/a><\/p>\n<p style=\"text-align: justify;\">Ihr verchromtes Metall verleiht der Badezimmereinrichtung auf diskrete Art einen exquisiten Touch. Zur minimalistischen \u00c4sthetik bekennt sich auch der multifunktionale <a href=\"https:\/\/www.raum-blick.de\/side-by-side-griffhalter-you-will-need-me\">You will need me von Side by Side<\/a>, den Yunlong He entwarf.<\/p>\n<p><a href=\"https:\/\/www.raum-blick.de\/side-by-side-griffhalter-you-will-need-me\"><img loading=\"lazy\" decoding=\"async\" class=\"aligncenter wp-image-9236 size-full\" title=\"side by side You will need me Griffhalter | Design: Yunlong He\" src=\"https:\/\/www.raum-blick.de\/magazin\/wp-content\/uploads\/2019\/10\/side-by-side-griffhalter-you-will-need-me.jpg\" alt=\"side-by-side-griffhalter-you-will-need-me\" width=\"600\" height=\"400\" srcset=\"https:\/\/raum-blick.de\/magazin\/wp-content\/uploads\/2019\/10\/side-by-side-griffhalter-you-will-need-me.jpg 600w, https:\/\/raum-blick.de\/magazin\/wp-content\/uploads\/2019\/10\/side-by-side-griffhalter-you-will-need-me-300x200.jpg 300w\" sizes=\"(max-width: 600px) 100vw, 600px\" \/><\/a><\/p>\n<p style=\"text-align: justify;\">Der Griffhalter erfreut mit einem luftig-leichten Charakter, obwohl er aus massiver Eiche hergestellt wird. Unkonventionell, elegant oder charismatisch: Es liegt bei Ihnen, welche Material\u00e4sthetik Sie f\u00fcr Ihr schmales Badezimmer bevorzugen. Wesentlich ist, dass die Badaccessoires dezent und grazil gestaltet sind.<\/p>\n<h2><span class=\"ez-toc-section\" id=\"Vielseitig_und_fuer_spontane_Veraenderungen_offen\"><\/span>Vielseitig und f\u00fcr spontane Ver\u00e4nderungen offen<span class=\"ez-toc-section-end\"><\/span><\/h2>\n<p style=\"text-align: justify;\">Der <a href=\"https:\/\/www.raum-blick.de\/decor-walther-wood-hocker\">Badhocker Wood<\/a> schmeichelt mit seinem Kontrast zwischen wohnlichem Holz und k\u00fchlem Edelstahl dem Auge. Er empfiehlt sich f\u00fcr ein schmales Bad. Die geringe Tiefe ist ebenso vorteilhaft wie das Konzept mit zwei Ablagen. Nutzen Sie die untere Etage im Alltag beispielsweise f\u00fcr Reservehandt\u00fccher und die obere Fl\u00e4che als Sitzbank. F\u00fcrs Vollbad ver\u00e4ndern Sie kurzum die Position des handlichen Hockers. So wird er zum Beistelltisch, auf dem Sie alles Notwendige f\u00fcrs Wellnesserlebnis platzieren.<\/p>\n<p><a href=\"https:\/\/www.raum-blick.de\/decor-walther-wood-hocker\"><img loading=\"lazy\" decoding=\"async\" class=\"aligncenter wp-image-9226 size-full\" title=\"Decor Walther WOOD Badhocker\" src=\"https:\/\/www.raum-blick.de\/magazin\/wp-content\/uploads\/2019\/10\/decor-walther-wood-hocker.jpg\" alt=\"decor-walther-wood-hocker\" width=\"600\" height=\"600\" srcset=\"https:\/\/raum-blick.de\/magazin\/wp-content\/uploads\/2019\/10\/decor-walther-wood-hocker.jpg 600w, https:\/\/raum-blick.de\/magazin\/wp-content\/uploads\/2019\/10\/decor-walther-wood-hocker-150x150.jpg 150w, https:\/\/raum-blick.de\/magazin\/wp-content\/uploads\/2019\/10\/decor-walther-wood-hocker-300x300.jpg 300w\" sizes=\"(max-width: 600px) 100vw, 600px\" \/><\/a><\/p>\n<p style=\"text-align: justify;\">Ricke &amp; Jens Raecke dachten an Blument\u00f6pfe, als sie die <a href=\"https:\/\/www.raum-blick.de\/vertiplants\/\">VertiPlants<\/a> entwarfen. Z\u00fcgig stellte sich aber heraus, dass die kachelartigen Module f\u00fcr die verschiedensten Einrichtungsideen ideal sind. Im Badezimmer \u00fcberzeugt die Kollektion als Ordnungshelfer. Gestalten Sie mit den vielseitigen Wandt\u00f6pfen zum Beispiel eine dreidimensionale Bord\u00fcre, deren konkrete Verwendung beim Einrichten nicht feststeht.<\/p>\n<p><a href=\"https:\/\/www.raum-blick.de\/verti-copenhagen-vertiplants-mini\"><img loading=\"lazy\" decoding=\"async\" class=\"aligncenter wp-image-9228 size-full\" title=\"VertiPlants Mini Wandblumentopf | Design: Rikke + Jens Raecke\" src=\"https:\/\/www.raum-blick.de\/magazin\/wp-content\/uploads\/2019\/10\/verti-copenhagen-vertiplants-mini.jpg\" alt=\"verti-copenhagen-vertiplants-mini\" width=\"600\" height=\"410\" srcset=\"https:\/\/raum-blick.de\/magazin\/wp-content\/uploads\/2019\/10\/verti-copenhagen-vertiplants-mini.jpg 600w, https:\/\/raum-blick.de\/magazin\/wp-content\/uploads\/2019\/10\/verti-copenhagen-vertiplants-mini-300x205.jpg 300w, https:\/\/raum-blick.de\/magazin\/wp-content\/uploads\/2019\/10\/verti-copenhagen-vertiplants-mini-110x75.jpg 110w\" sizes=\"(max-width: 600px) 100vw, 600px\" \/><\/a><\/p>\n<p style=\"text-align: justify;\">Beim allt\u00e4glichen Gebrauch ergibt sich automatisch, womit die Wandf\u00e4cher best\u00fcckt werden. Es ist durchaus w\u00fcnschenswert, dass einige Elemente freibleiben. So k\u00f6nnen Sie \u00dcbernachtungsg\u00e4sten eine separate Kosmetikablage anbieten. Die Reservef\u00e4cher sind zudem praktisch f\u00fcr Pflegeartikel wie die Sonnencreme, die sich saisonal hinzugesellen.<\/p>\n<h2><span class=\"ez-toc-section\" id=\"Mehr_Freiraum_durch_pfiffige_Loesungen\"><\/span>Mehr Freiraum durch pfiffige L\u00f6sungen<span class=\"ez-toc-section-end\"><\/span><\/h2>\n<p style=\"text-align: justify;\">Nach dem Aufstehen schlendert man etwas schlaksig in sein schmales Bad. Die l\u00e4ssige Gangart reicht, um den Papiereimer zu erwischen. Durch das Scheppern ist nicht nur der Verursacher sofort hellwach. Gleiches gilt f\u00fcr alle Mitbewohner. Wenn Sie ein schmales Badezimmer haben, kommt Ihnen das skizzierte Szenario gewiss bekannt vor. Denn der begrenzte Bewegungsradius provoziert Tollpatschigkeiten. Eine Badezimmereinrichtung ohne Stolperfallen ist deshalb sinnvoll.<\/p>\n<p><a href=\"https:\/\/www.raum-blick.de\/decor-walther-stone-badeimer\"><img loading=\"lazy\" decoding=\"async\" class=\"aligncenter wp-image-9216 size-full\" title=\"Decor Walther Badeimer | Mit oder ohne Schwingdeckel | Aus der Stone Serie\" src=\"https:\/\/www.raum-blick.de\/magazin\/wp-content\/uploads\/2019\/10\/decor-walther-stone-badeimer.jpg\" alt=\"decor-walther-stone-badeimer\" width=\"600\" height=\"500\" srcset=\"https:\/\/raum-blick.de\/magazin\/wp-content\/uploads\/2019\/10\/decor-walther-stone-badeimer.jpg 600w, https:\/\/raum-blick.de\/magazin\/wp-content\/uploads\/2019\/10\/decor-walther-stone-badeimer-300x250.jpg 300w\" sizes=\"(max-width: 600px) 100vw, 600px\" \/><\/a><\/p>\n<p style=\"text-align: justify;\"><a href=\"https:\/\/www.raum-blick.de\/decor-walther\/\">Decor Walther<\/a> verbannt den Papierkorb in die Ecke. So beansprucht er wenig Stellfl\u00e4che und ger\u00e4t aus der Schusslinie. Dem cleveren Prinzip schlie\u00dft sich Zack bei der Toilettenb\u00fcrste Scala an, die mit einer Wandhalterung ausgestattet ist. Zum Portfolio der namhaften Marke z\u00e4hlen au\u00dferdem die schicken <a href=\"https:\/\/www.raum-blick.de\/zack-tico-seifenspender-edelstahl\">Wandspender Tico<\/a>. Sie eignen sich f\u00fcr diverse Pflegeartikel wie Handseife, Duschgel, Shampoo und Lotion.<\/p>\n<p><center><img loading=\"lazy\" decoding=\"async\" class=\"alignnone wp-image-9219 size-full\" title=\"Zack SCALA Toilettenb\u00fcrste | Edelstahl, Wandversion ohne Bohren\" src=\"https:\/\/www.raum-blick.de\/magazin\/wp-content\/uploads\/2019\/10\/zack-scala-toilettenbuerste-edelstahl.jpg\" alt=\"zack-scala-toilettenbuerste-edelstahl\" width=\"300\" height=\"300\" srcset=\"https:\/\/raum-blick.de\/magazin\/wp-content\/uploads\/2019\/10\/zack-scala-toilettenbuerste-edelstahl.jpg 300w, https:\/\/raum-blick.de\/magazin\/wp-content\/uploads\/2019\/10\/zack-scala-toilettenbuerste-edelstahl-150x150.jpg 150w\" sizes=\"(max-width: 300px) 100vw, 300px\" \/> <a href=\"https:\/\/www.raum-blick.de\/zack-tico-seifenspender-edelstahl\"><img loading=\"lazy\" decoding=\"async\" class=\"alignnone wp-image-9220 size-full\" title=\"Zack TICO Seifenspender | Edelstahl poliert, Stand- oder Wandversion\" src=\"https:\/\/www.raum-blick.de\/magazin\/wp-content\/uploads\/2019\/10\/zack-tico-seifenspender-edelstahl.jpg\" alt=\"zack-tico-seifenspender-edelstahl\" width=\"300\" height=\"300\" srcset=\"https:\/\/raum-blick.de\/magazin\/wp-content\/uploads\/2019\/10\/zack-tico-seifenspender-edelstahl.jpg 300w, https:\/\/raum-blick.de\/magazin\/wp-content\/uploads\/2019\/10\/zack-tico-seifenspender-edelstahl-150x150.jpg 150w\" sizes=\"(max-width: 300px) 100vw, 300px\" \/><\/a><\/center><\/p>\n<p style=\"text-align: justify;\">Montieren Sie beim Einrichten mehrere Exemplare am Handwaschbecken und in der Dusche. Das Umf\u00fcllen der Kosmetika beschert Ihnen nicht nur einen enormen Platzgewinn. Selbst ein schmales Badezimmer wirkt hochwertiger, wenn Edelstahlspender die bunten Plastikverpackungen verdr\u00e4ngen.<\/p>\n<h2><span class=\"ez-toc-section\" id=\"Eher_grosszuegig_als_kleinteilig\"><\/span>Eher gro\u00dfz\u00fcgig als kleinteilig<span class=\"ez-toc-section-end\"><\/span><\/h2>\n<p style=\"text-align: justify;\">\u00dcber dem Waschbecken wurde ein Badschrank montiert. Daneben erg\u00e4nzte man eine Glasablage. Der h\u00e4ngende Korb im n\u00e4heren Umfeld erweiterte nochmals das Platzangebot.<\/p>\n<p><img loading=\"lazy\" decoding=\"async\" class=\"aligncenter wp-image-9238 size-full\" title=\"Zack SCALA Bad-Ablage | Edelstahl\/Glas, ohne Bohren\" src=\"https:\/\/www.raum-blick.de\/magazin\/wp-content\/uploads\/2019\/10\/zack-scala-bad-ablage-edelstahl.jpg\" alt=\"zack-scala-bad-ablage-edelstahl\" width=\"600\" height=\"200\" srcset=\"https:\/\/raum-blick.de\/magazin\/wp-content\/uploads\/2019\/10\/zack-scala-bad-ablage-edelstahl.jpg 600w, https:\/\/raum-blick.de\/magazin\/wp-content\/uploads\/2019\/10\/zack-scala-bad-ablage-edelstahl-300x100.jpg 300w\" sizes=\"(max-width: 600px) 100vw, 600px\" \/><\/p>\n<p style=\"text-align: justify;\">H\u00e4ufig offenbart sich auf den ersten Blick, dass die Badezimmereinrichtung mehrmals aufgestockt wurde. Das f\u00fchrt nicht nur zu einem konzeptlosen Gesamteindruck. Es ergeben sich zahlreiche Br\u00fcche, durch die das Flair unruhig wirkt. Deutlich geschickter ist es, schon bei der Grundausstattung f\u00fcr reichlich Stellfl\u00e4che zu sorgen. Denn die Raumgestaltung mutet harmonischer an, wenn m\u00f6glichst wenige Badm\u00f6bel ins Spiel gebracht werden.<\/p>\n<p><img loading=\"lazy\" decoding=\"async\" class=\"aligncenter wp-image-9195 size-full\" title=\"Bad Regal stretch von Patte International | Design: Stefan Patte Design\" src=\"https:\/\/www.raum-blick.de\/magazin\/wp-content\/uploads\/2019\/10\/patte-bad-regal-stretch.jpg\" alt=\"patte-bad-regal-stretch\" width=\"420\" height=\"390\" srcset=\"https:\/\/raum-blick.de\/magazin\/wp-content\/uploads\/2019\/10\/patte-bad-regal-stretch.jpg 420w, https:\/\/raum-blick.de\/magazin\/wp-content\/uploads\/2019\/10\/patte-bad-regal-stretch-300x279.jpg 300w\" sizes=\"(max-width: 420px) 100vw, 420px\" \/><\/p>\n<p style=\"text-align: justify;\">Das filigrane Scherengitter-Regal von Patte International ist optimal f\u00fcr ein schmales Badezimmer. Es ist nur 15 Zentimeter tief, bietet aber f\u00fcnf Regalb\u00f6den f\u00fcrs strukturierte Verstauen der Badutensilien. Die schlauchf\u00f6rmige Raumarchitektur gibt die Laufrichtung vor. Passend zu den momentanen Absichten bleibt man direkt vor dem Waschtisch, der Dusche oder dem WC stehen. Es erf\u00fcllt somit keinen praktischen Zweck, mehrere Badematten auszulegen.<\/p>\n<p><a href=\"https:\/\/www.raum-blick.de\/pappelina-belle-teppich\"><img loading=\"lazy\" decoding=\"async\" class=\"aligncenter wp-image-9214 size-full\" title=\"Pappelina Belle Teppich aus hochwertigem Kunststoff | Design: Lina Rickardsson\" src=\"https:\/\/www.raum-blick.de\/magazin\/wp-content\/uploads\/2019\/10\/pappelina-belle-teppich.jpg\" alt=\"pappelina-belle-teppich\" width=\"600\" height=\"600\" srcset=\"https:\/\/raum-blick.de\/magazin\/wp-content\/uploads\/2019\/10\/pappelina-belle-teppich.jpg 600w, https:\/\/raum-blick.de\/magazin\/wp-content\/uploads\/2019\/10\/pappelina-belle-teppich-150x150.jpg 150w, https:\/\/raum-blick.de\/magazin\/wp-content\/uploads\/2019\/10\/pappelina-belle-teppich-300x300.jpg 300w\" sizes=\"(max-width: 600px) 100vw, 600px\" \/><\/a><\/p>\n<p style=\"text-align: justify;\">Stattdessen empfiehlt sich ein durchg\u00e4ngiger <a href=\"https:\/\/www.raum-blick.de\/pappelina\/\">Badteppich von Pappelina<\/a>. Schick machen sich Designvarianten mit quer verlaufendem Muster. Sie lassen das lang und schmal gestaltete Bad etwas breiter erscheinen.<\/p>\n<h2><span class=\"ez-toc-section\" id=\"Raffinierte_Designideen_fuer_knifflige_Einrichtungsprojekte\"><\/span>Raffinierte Designideen f\u00fcr knifflige Einrichtungsprojekte<span class=\"ez-toc-section-end\"><\/span><\/h2>\n<p style=\"text-align: justify;\">Clever konzipierte Extras sind stets willkommen, wenn die Badezimmereinrichtung einer Herausforderung gleicht. Strecken Sie gezielt die F\u00fchler danach aus. F\u00fcr den klappbaren <a href=\"https:\/\/www.raum-blick.de\/zack-canzo-klapp-garderobe-edelstahl\">Handtuchhaken Canzo von Zack<\/a> findet sich stets ein Pl\u00e4tzchen. Bei Bedarf verwandelt er sich in eine Garderobe f\u00fcr das abgelegte oder vorbereitete Outfit.<\/p>\n<p><center><a href=\"https:\/\/www.raum-blick.de\/zack-canzo-klapp-garderobe-edelstahl\"><img loading=\"lazy\" decoding=\"async\" class=\"alignnone wp-image-9186 size-full\" title=\"Zack CANZO Klapp-Garderobe | Edelstahl, matt\" src=\"https:\/\/www.raum-blick.de\/magazin\/wp-content\/uploads\/2019\/10\/zack-canzo-klapp-garderobe-edelstahl.jpg\" alt=\"zack-canzo-klapp-garderobe-edelstahl\" width=\"300\" height=\"300\" srcset=\"https:\/\/raum-blick.de\/magazin\/wp-content\/uploads\/2019\/10\/zack-canzo-klapp-garderobe-edelstahl.jpg 300w, https:\/\/raum-blick.de\/magazin\/wp-content\/uploads\/2019\/10\/zack-canzo-klapp-garderobe-edelstahl-150x150.jpg 150w\" sizes=\"(max-width: 300px) 100vw, 300px\" \/><\/a> <a href=\"https:\/\/www.raum-blick.de\/zack-exit-tuerhaken-edelstahl\"><img loading=\"lazy\" decoding=\"async\" class=\"alignnone wp-image-9187 size-full\" title=\"Zack Exit T\u00fcrhaken aus Edelstahl\" src=\"https:\/\/www.raum-blick.de\/magazin\/wp-content\/uploads\/2019\/10\/zack-exit-tuerhaken-edelstahl.jpg\" alt=\"zack-exit-tuerhaken-edelstahl\" width=\"300\" height=\"300\" srcset=\"https:\/\/raum-blick.de\/magazin\/wp-content\/uploads\/2019\/10\/zack-exit-tuerhaken-edelstahl.jpg 300w, https:\/\/raum-blick.de\/magazin\/wp-content\/uploads\/2019\/10\/zack-exit-tuerhaken-edelstahl-150x150.jpg 150w\" sizes=\"(max-width: 300px) 100vw, 300px\" \/><\/a><\/center><\/p>\n<p style=\"text-align: justify;\">\u00c4hnlich funktionell ist der T\u00fcrhaken Exit aus dem Sortiment des deutschen Herstellers. Er erlaubt es, Fl\u00e4chen in die Gestaltung einzubeziehen, die normalerweise ungenutzt bleiben. Die Quintessenz: Mit den richtigen Accessoires ger\u00e4t schnell in Vergessenheit, dass das Bad schmal ist. Denn der Komfort l\u00e4sst sich mit weitl\u00e4ufigen Wellnessoasen vergleichen.<\/p>\n","protected":false},"excerpt":{"rendered":"<p>\u00ab Wenig Platz optimal nutzen \u00bb Mehrmals t\u00e4glich wird das Bad mit unterschiedlichen Anliegen angesteuert. Der Architekt entschied sich trotzdem f\u00fcr einen unvorteilhaften Grundriss. Lassen Sie sich davon nicht ausbremsen. Es gen\u00fcgen ein paar Tipps f\u00fcrs Einrichten. Schon verwandelt sich Ihr schmales Badezimmer in einen gro\u00dfz\u00fcgig ausgestatteten Wohlf\u00fchlort. Designlinien mit \u00e4sthetischer Leichtigkeit F\u00fcr die praktische [&hellip;]<\/p>\n","protected":false},"author":4,"featured_media":9240,"comment_status":"closed","ping_status":"open","sticky":false,"template":"","format":"standard","meta":{"_et_pb_use_builder":"","_et_pb_old_content":"","_et_gb_content_width":"","inline_featured_image":false,"footnotes":""},"categories":[1],"tags":[260,933,390,932,107,449,331,931,391,436,752,923,746,32,911,399,133,432,437,807,810,44],"class_list":["post-9183","post","type-post","status-publish","format-standard","has-post-thumbnail","hentry","category-drinnen","tag-badablagen","tag-badeimer","tag-badezimmer","tag-badhocker","tag-decor-walther","tag-einrichtungsideen","tag-garderobe","tag-griffhalter","tag-handtuchhalter","tag-handtuchstangen","tag-holzgarderoben","tag-inneneinrichtung","tag-kartell","tag-pappelina","tag-regal","tag-seifenspender","tag-side-by-side","tag-teppiche","tag-toilettenbuerstenhalter","tag-vertiplants","tag-wandblumentopf","tag-zack"],"_links":{"self":[{"href":"https:\/\/raum-blick.de\/magazin\/wp-json\/wp\/v2\/posts\/9183","targetHints":{"allow":["GET"]}}],"collection":[{"href":"https:\/\/raum-blick.de\/magazin\/wp-json\/wp\/v2\/posts"}],"about":[{"href":"https:\/\/raum-blick.de\/magazin\/wp-json\/wp\/v2\/types\/post"}],"author":[{"embeddable":true,"href":"https:\/\/raum-blick.de\/magazin\/wp-json\/wp\/v2\/users\/4"}],"replies":[{"embeddable":true,"href":"https:\/\/raum-blick.de\/magazin\/wp-json\/wp\/v2\/comments?post=9183"}],"version-history":[{"count":46,"href":"https:\/\/raum-blick.de\/magazin\/wp-json\/wp\/v2\/posts\/9183\/revisions"}],"predecessor-version":[{"id":16658,"href":"https:\/\/raum-blick.de\/magazin\/wp-json\/wp\/v2\/posts\/9183\/revisions\/16658"}],"wp:featuredmedia":[{"embeddable":true,"href":"https:\/\/raum-blick.de\/magazin\/wp-json\/wp\/v2\/media\/9240"}],"wp:attachment":[{"href":"https:\/\/raum-blick.de\/magazin\/wp-json\/wp\/v2\/media?parent=9183"}],"wp:term":[{"taxonomy":"category","embeddable":true,"href":"https:\/\/raum-blick.de\/magazin\/wp-json\/wp\/v2\/categories?post=9183"},{"taxonomy":"post_tag","embeddable":true,"href":"https:\/\/raum-blick.de\/magazin\/wp-json\/wp\/v2\/tags?post=9183"}],"curies":[{"name":"wp","href":"https:\/\/api.w.org\/{rel}","templated":true}]}}