{"id":918,"date":"2016-08-29T08:19:52","date_gmt":"2016-08-29T06:19:52","guid":{"rendered":"https:\/\/www.raum-blick.de\/magazin\/?p=918"},"modified":"2018-08-20T15:08:11","modified_gmt":"2018-08-20T13:08:11","slug":"beleuchtung-in-wohnzimmer-und-co","status":"publish","type":"post","link":"https:\/\/raum-blick.de\/magazin\/beleuchtung-in-wohnzimmer-und-co\/","title":{"rendered":"Beleuchtung in Wohnzimmer und Co."},"content":{"rendered":"<h2><span class=\"ez-toc-section\" id=\"%C2%AB_Mit_durchdachten_Konzepten_die_Beleuchtung_im_eigenen_Heim_optimieren_%C2%BB\"><\/span>\u00ab Mit durchdachten Konzepten die Beleuchtung im eigenen Heim optimieren \u00bb<span class=\"ez-toc-section-end\"><\/span><\/h2>\n<p style=\"text-align: justify;\"><strong>Wenn es um die Gestaltung der eigenen Wohnr\u00e4ume geht, so kennt die Kreativit\u00e4t heutzutage angesichts eines riesigen Angebots an M\u00f6beln und anderen Einrichtungselementen nahezu keine Grenzen mehr. Trotzdem kann auch die aufwendigste Innenausstattung der R\u00e4ume ihre Wirkung nur begrenzt entfalten, wenn nicht auch passende Lichtverh\u00e4ltnisse Ihr Interieur gekonnt in Szene setzen. Dabei gilt es stets eine ausgewogene Mischung zu finden, bei der den Erfordernissen des Alltags in gleichem Ma\u00dfe Rechnung getragen wird, wie den gestalterischen Akzenten der Einrichtung und den Auswirkungen des Lichts auf das menschliche Wohlbefinden.<\/strong><\/p>\n<h2><span class=\"ez-toc-section\" id=\"Die_optimale_Beleuchtung_setzt_sich_raumabhaengig_aus_vielen_kleinen_Bausteinen_zusammen\"><\/span>Die optimale Beleuchtung setzt sich raumabh\u00e4ngig aus vielen kleinen Bausteinen zusammen<span class=\"ez-toc-section-end\"><\/span><\/h2>\n<p style=\"text-align: justify;\">Es gibt wohl kaum etwas Sch\u00f6neres, als sich am Wochenende einmal nicht vom Ton des Weckers, sondern von den freundlichen Strahlen der aufgehenden Morgensonne wecken zu lassen. W\u00e4hrend nat\u00fcrliches Tageslicht durchaus Vorteile hat und bei der architektonischen Planung eines Heims \u00fcber die Positionierung von Fensterfl\u00e4chen in die Gestaltung einbezogen werden sollte, so hat es doch auch einen entscheidenden Nachteil: Es ist weder beliebig steuerbar, noch saison- und wetterunabh\u00e4ngig vorhanden.<\/p><div id=\"ez-toc-container\" class=\"ez-toc-v2_0_82_2 counter-hierarchy ez-toc-counter ez-toc-grey ez-toc-container-direction\">\n<div class=\"ez-toc-title-container\">\n<p class=\"ez-toc-title\" style=\"cursor:inherit\">Was hier auf Sie wartet<\/p>\n<span class=\"ez-toc-title-toggle\"><a href=\"#\" class=\"ez-toc-pull-right ez-toc-btn ez-toc-btn-xs ez-toc-btn-default ez-toc-toggle\" aria-label=\"Toggle Table of Content\"><span class=\"ez-toc-js-icon-con\"><span class=\"\"><span class=\"eztoc-hide\" style=\"display:none;\">Toggle<\/span><span class=\"ez-toc-icon-toggle-span\"><svg style=\"fill: #999;color:#999\" xmlns=\"http:\/\/www.w3.org\/2000\/svg\" class=\"list-377408\" width=\"20px\" height=\"20px\" viewBox=\"0 0 24 24\" fill=\"none\"><path d=\"M6 6H4v2h2V6zm14 0H8v2h12V6zM4 11h2v2H4v-2zm16 0H8v2h12v-2zM4 16h2v2H4v-2zm16 0H8v2h12v-2z\" fill=\"currentColor\"><\/path><\/svg><svg style=\"fill: #999;color:#999\" class=\"arrow-unsorted-368013\" xmlns=\"http:\/\/www.w3.org\/2000\/svg\" width=\"10px\" height=\"10px\" viewBox=\"0 0 24 24\" version=\"1.2\" baseProfile=\"tiny\"><path d=\"M18.2 9.3l-6.2-6.3-6.2 6.3c-.2.2-.3.4-.3.7s.1.5.3.7c.2.2.4.3.7.3h11c.3 0 .5-.1.7-.3.2-.2.3-.5.3-.7s-.1-.5-.3-.7zM5.8 14.7l6.2 6.3 6.2-6.3c.2-.2.3-.5.3-.7s-.1-.5-.3-.7c-.2-.2-.4-.3-.7-.3h-11c-.3 0-.5.1-.7.3-.2.2-.3.5-.3.7s.1.5.3.7z\"\/><\/svg><\/span><\/span><\/span><\/a><\/span><\/div>\n<nav><ul class='ez-toc-list ez-toc-list-level-1 ' ><li class='ez-toc-page-1 ez-toc-heading-level-2'><a class=\"ez-toc-link ez-toc-heading-1\" href=\"https:\/\/raum-blick.de\/magazin\/beleuchtung-in-wohnzimmer-und-co\/#%C2%AB_Mit_durchdachten_Konzepten_die_Beleuchtung_im_eigenen_Heim_optimieren_%C2%BB\" >\u00ab Mit durchdachten Konzepten die Beleuchtung im eigenen Heim optimieren \u00bb<\/a><\/li><li class='ez-toc-page-1 ez-toc-heading-level-2'><a class=\"ez-toc-link ez-toc-heading-2\" href=\"https:\/\/raum-blick.de\/magazin\/beleuchtung-in-wohnzimmer-und-co\/#Die_optimale_Beleuchtung_setzt_sich_raumabhaengig_aus_vielen_kleinen_Bausteinen_zusammen\" >Die optimale Beleuchtung setzt sich raumabh\u00e4ngig aus vielen kleinen Bausteinen zusammen<\/a><\/li><li class='ez-toc-page-1 ez-toc-heading-level-2'><a class=\"ez-toc-link ez-toc-heading-3\" href=\"https:\/\/raum-blick.de\/magazin\/beleuchtung-in-wohnzimmer-und-co\/#Mehrere_Arten_von_Licht_bilden_die_Elemente_eines_optimalen_Beleuchtungskonzepts\" >Mehrere Arten von Licht bilden die Elemente eines optimalen Beleuchtungskonzepts<\/a><ul class='ez-toc-list-level-3' ><li class='ez-toc-heading-level-3'><a class=\"ez-toc-link ez-toc-heading-4\" href=\"https:\/\/raum-blick.de\/magazin\/beleuchtung-in-wohnzimmer-und-co\/#Hintergrundbeleuchtung\" >Hintergrundbeleuchtung<\/a><\/li><li class='ez-toc-page-1 ez-toc-heading-level-3'><a class=\"ez-toc-link ez-toc-heading-5\" href=\"https:\/\/raum-blick.de\/magazin\/beleuchtung-in-wohnzimmer-und-co\/#Akzentbeleuchtung\" >Akzentbeleuchtung<\/a><\/li><li class='ez-toc-page-1 ez-toc-heading-level-3'><a class=\"ez-toc-link ez-toc-heading-6\" href=\"https:\/\/raum-blick.de\/magazin\/beleuchtung-in-wohnzimmer-und-co\/#Arbeitslicht\" >Arbeitslicht<\/a><\/li><\/ul><\/li><li class='ez-toc-page-1 ez-toc-heading-level-2'><a class=\"ez-toc-link ez-toc-heading-7\" href=\"https:\/\/raum-blick.de\/magazin\/beleuchtung-in-wohnzimmer-und-co\/#Die_passende_Beleuchtung_fuer_das_Badezimmer\" >Die passende Beleuchtung f\u00fcr das Badezimmer<\/a><\/li><li class='ez-toc-page-1 ez-toc-heading-level-2'><a class=\"ez-toc-link ez-toc-heading-8\" href=\"https:\/\/raum-blick.de\/magazin\/beleuchtung-in-wohnzimmer-und-co\/#Das_Wohnzimmer_mit_passender_Beleuchtung_gestalten\" >Das Wohnzimmer mit passender Beleuchtung gestalten<\/a><\/li><li class='ez-toc-page-1 ez-toc-heading-level-2'><a class=\"ez-toc-link ez-toc-heading-9\" href=\"https:\/\/raum-blick.de\/magazin\/beleuchtung-in-wohnzimmer-und-co\/#Die_richtige_Beleuchtung_spielt_nicht_nur_innerhalb_des_Hauses_eine_Rolle\" >Die richtige Beleuchtung spielt nicht nur innerhalb des Hauses eine Rolle<\/a><\/li><\/ul><\/nav><\/div>\n\n<p style=\"text-align: justify;\"><img loading=\"lazy\" decoding=\"async\" class=\"aligncenter wp-image-949 size-full\" title=\"Vita &quot;Ripples&quot; Pendelleuchte aus Polycarbonat &amp; Silikon\" src=\"https:\/\/www.raum-blick.de\/magazin\/wp-content\/uploads\/2016\/09\/Vita-Ripples-Pendelleuchte.jpg\" alt=\"Vita Ripples Pendelleuchte\" width=\"600\" height=\"600\" srcset=\"https:\/\/raum-blick.de\/magazin\/wp-content\/uploads\/2016\/09\/Vita-Ripples-Pendelleuchte.jpg 600w, https:\/\/raum-blick.de\/magazin\/wp-content\/uploads\/2016\/09\/Vita-Ripples-Pendelleuchte-150x150.jpg 150w, https:\/\/raum-blick.de\/magazin\/wp-content\/uploads\/2016\/09\/Vita-Ripples-Pendelleuchte-300x300.jpg 300w\" sizes=\"(max-width: 600px) 100vw, 600px\" \/><\/p>\n<p style=\"text-align: justify;\">Insbesondere w\u00e4hrend der Wintermonate weicht der menschliche Tagesrhythmus heutzutage in einem Ma\u00df vom Lauf der Tages- und Nachtzeiten ab, was die Bedeutung einer durchdachten Beleuchtung im Wohnzimmer und anderen Innenr\u00e4umen in den Fokus r\u00fcckt. Bei tr\u00fcbem Wetter und herbstlichen Verh\u00e4ltnissen k\u00f6nnen geschickt angebrachte Lampen nicht nur das Zimmer an sich, sondern mit ihm auch die Launen der Bewohner erhellen.<\/p>\n<p style=\"text-align: justify;\"><a href=\"https:\/\/www.raum-blick.de\/gubi-grossmann-grasshopper-stehleuchte-gm1\"><img loading=\"lazy\" decoding=\"async\" class=\"aligncenter wp-image-958 size-full\" title=\"Gubi &quot;Grossmann Grasshopper&quot; Stehleuchte | dreibeinig\" src=\"https:\/\/www.raum-blick.de\/magazin\/wp-content\/uploads\/2016\/09\/Gubi-Grossmann-Grasshopper-Stehleuchte.jpg\" alt=\"Gubi Grossmann Grasshopper Stehleuchte\" width=\"600\" height=\"600\" srcset=\"https:\/\/raum-blick.de\/magazin\/wp-content\/uploads\/2016\/09\/Gubi-Grossmann-Grasshopper-Stehleuchte.jpg 600w, https:\/\/raum-blick.de\/magazin\/wp-content\/uploads\/2016\/09\/Gubi-Grossmann-Grasshopper-Stehleuchte-150x150.jpg 150w, https:\/\/raum-blick.de\/magazin\/wp-content\/uploads\/2016\/09\/Gubi-Grossmann-Grasshopper-Stehleuchte-300x300.jpg 300w\" sizes=\"(max-width: 600px) 100vw, 600px\" \/><\/a><\/p>\n<p style=\"text-align: justify;\">Allerdings gilt bei der Planung, dass sich ein gelungenes Lichtkonzept in jedem Raum der Wohnung zwingend aus mehreren Elementen zusammensetzt. Schlie\u00dflich sind einerseits die Lichtbed\u00fcrfnisse nicht immer gleich, andererseits haben Lichtquellen mit einer homogen fl\u00e4chigen Gesamtausleuchtung des Raums ungef\u00e4hr den Charme eines Operationssaals oder einer Industriehalle. Daher ist es gut, bereits bei der Planung der Wohnung oder des Hauses an das Licht zu denken.<\/p>\n<h2><span class=\"ez-toc-section\" id=\"Mehrere_Arten_von_Licht_bilden_die_Elemente_eines_optimalen_Beleuchtungskonzepts\"><\/span>Mehrere Arten von Licht bilden die Elemente eines optimalen Beleuchtungskonzepts<span class=\"ez-toc-section-end\"><\/span><\/h2>\n<p style=\"text-align: justify;\">Faktoren wie die exakte Helligkeit oder Lichtfarbe eines bestimmten Leuchtmittels sind Details, die sich oftmals nur durch Ausprobieren vor Ort in einem bestimmten Raumkontext bestimmen lassen. Grundlegender ist dagegen die Frage, aus welchen Komponenten sich das Licht in einem Raum zusammensetzen kann. Die richtige Beleuchtung muss in jedem Fall flexibel steuerbar sein, sodass unterschiedliche Mengen an Tageslicht ausgeglichen werden und das passende Ambiente f\u00fcr verschiedene Nutzungsarten geschaffen werden kann.<\/p>\n<p style=\"text-align: justify;\"><a href=\"https:\/\/www.raum-blick.de\/captain-flint-stehleuchte-flos\"><img loading=\"lazy\" decoding=\"async\" class=\"aligncenter wp-image-947 size-full\" title=\"Flos &quot;Captain Flint&quot; LED Stehleuchte mit Dimmer-Pedalschalter\" src=\"https:\/\/www.raum-blick.de\/magazin\/wp-content\/uploads\/2016\/09\/Flos-Captain-Flint-LED-Stehleuchte-Dimmer-Pedalschalter.jpg\" alt=\"Flos Captain Flint LED Stehleuchte Dimmer-Pedalschalter\" width=\"600\" height=\"600\" srcset=\"https:\/\/raum-blick.de\/magazin\/wp-content\/uploads\/2016\/09\/Flos-Captain-Flint-LED-Stehleuchte-Dimmer-Pedalschalter.jpg 600w, https:\/\/raum-blick.de\/magazin\/wp-content\/uploads\/2016\/09\/Flos-Captain-Flint-LED-Stehleuchte-Dimmer-Pedalschalter-150x150.jpg 150w, https:\/\/raum-blick.de\/magazin\/wp-content\/uploads\/2016\/09\/Flos-Captain-Flint-LED-Stehleuchte-Dimmer-Pedalschalter-300x300.jpg 300w\" sizes=\"(max-width: 600px) 100vw, 600px\" \/><\/a><\/p>\n<p style=\"text-align: justify;\">Dies l\u00e4sst sich nicht nur \u00fcber einen eingebauten Dimmer regeln, sondern auch \u00fcber die Zusammensetzung verschiedener Lichtquellen eines Raumes. Dabei gilt die Faustregel, dass beispielsweise ein Wohnzimmer ab 30 m\u00b2 mindestens 5 verschiedene Lichtquellen haben sollte, ein kleinerer Raum sollte immerhin \u00fcber 3 verschiedene Lichtquellen verf\u00fcgen. Au\u00dferdem integriert ein gelungenes Lichtkonzept die drei Elemente Hintergrundlicht, Akzentbeleuchtung und Arbeitslicht zu einem gelungenen Dreiklang.<\/p>\n<h3><span class=\"ez-toc-section\" id=\"Hintergrundbeleuchtung\"><\/span>Hintergrundbeleuchtung<span class=\"ez-toc-section-end\"><\/span><\/h3>\n<p style=\"text-align: justify;\">Die Hintergrundbeleuchtung ist vor allem wichtig, um an tr\u00fcben Tagen oder nachts eine stimmungsvolle Grundbeleuchtung und damit auch eine gewisse Atmosph\u00e4re zu schaffen. Meist eignen sich hierf\u00fcr Wand- und Deckenleuchten wie beispielsweise die Shining Leuchte von <a href=\"https:\/\/www.raum-blick.de\/absolut-lighting\/\">Absolute Lighting<\/a> oder das Modell Ariette von <a href=\"https:\/\/www.raum-blick.de\/flos\/\">Flos<\/a>.<\/p>\n<p style=\"text-align: justify;\"><a href=\"https:\/\/www.raum-blick.de\/ariette-wand-\/-deckenleuchte-flos\"><img loading=\"lazy\" decoding=\"async\" class=\"aligncenter wp-image-927 size-full\" title=\"Flos &quot;Ariette&quot; Decken- und Wandleuchte | Innenbeleuchtung\" src=\"https:\/\/www.raum-blick.de\/magazin\/wp-content\/uploads\/2016\/09\/Flos-Ariette-Decken-und-Wandleuchte.jpg\" alt=\"Flos Ariette Decken- und Wandleuchte\" width=\"600\" height=\"600\" srcset=\"https:\/\/raum-blick.de\/magazin\/wp-content\/uploads\/2016\/09\/Flos-Ariette-Decken-und-Wandleuchte.jpg 600w, https:\/\/raum-blick.de\/magazin\/wp-content\/uploads\/2016\/09\/Flos-Ariette-Decken-und-Wandleuchte-150x150.jpg 150w, https:\/\/raum-blick.de\/magazin\/wp-content\/uploads\/2016\/09\/Flos-Ariette-Decken-und-Wandleuchte-300x300.jpg 300w\" sizes=\"(max-width: 600px) 100vw, 600px\" \/><\/a><\/p>\n<p style=\"text-align: justify;\">Auch Lichterketten und moderne Seilsysteme k\u00f6nnen eine gute Wahl sein, um ein gem\u00fctliches Hintergrundlicht in einem Raum zu schaffen.<\/p>\n<h3><span class=\"ez-toc-section\" id=\"Akzentbeleuchtung\"><\/span>Akzentbeleuchtung<span class=\"ez-toc-section-end\"><\/span><\/h3>\n<p style=\"text-align: justify;\">Mit der Akzentbeleuchtung wird der Raum optisch modelliert, indem einzelne Elemente betont und andere dagegen \u00e4sthetisch in den Hintergrund ger\u00fcckt werden. Helle Akzente werden beispielsweise gerne bei auff\u00e4lligen Wandgem\u00e4lden oder als Betonung auf einem stilvollen Teppich in der Mitte des Raums gesetzt.<\/p>\n<p style=\"text-align: justify;\"><a href=\"https:\/\/www.raum-blick.de\/nyta-tilt-s-leuchte\"><img loading=\"lazy\" decoding=\"async\" class=\"aligncenter wp-image-931 size-full\" title=\"NYTA &quot;Tilt S&quot; Leuchte | schwenk- und drehbar\" src=\"https:\/\/www.raum-blick.de\/magazin\/wp-content\/uploads\/2016\/09\/NYTA-Tilt-S-Leuchte-schwenk-und-drehbar.jpg\" alt=\"NYTA Tilt S Leuchte schwenk- und drehbar\" width=\"600\" height=\"600\" srcset=\"https:\/\/raum-blick.de\/magazin\/wp-content\/uploads\/2016\/09\/NYTA-Tilt-S-Leuchte-schwenk-und-drehbar.jpg 600w, https:\/\/raum-blick.de\/magazin\/wp-content\/uploads\/2016\/09\/NYTA-Tilt-S-Leuchte-schwenk-und-drehbar-150x150.jpg 150w, https:\/\/raum-blick.de\/magazin\/wp-content\/uploads\/2016\/09\/NYTA-Tilt-S-Leuchte-schwenk-und-drehbar-300x300.jpg 300w\" sizes=\"(max-width: 600px) 100vw, 600px\" \/><\/a><\/p>\n<p style=\"text-align: justify;\">Um das Licht in die jeweils gew\u00fcnschte Richtung zu lenken, k\u00f6nnen Lichtquellen mit Aluminium-Schirm wie die Leuchte TILT S von <a href=\"https:\/\/www.raum-blick.de\/nyta\/\">NYTA<\/a> genutzt werden, flexibel schwenkbar sind aber auch Stehleuchten wie die puristische und dimmbare Daphine Terra von Lumina.<\/p>\n<h3><span class=\"ez-toc-section\" id=\"Arbeitslicht\"><\/span>Arbeitslicht<span class=\"ez-toc-section-end\"><\/span><\/h3>\n<p style=\"text-align: justify;\">Das sogenannte Arbeitslicht kommt schlie\u00dflich an den Punkten im Raum zum Einsatz, wo gelesen, gegessen oder gearbeitet wird. Eine helle Lichtquelle mit breitem Abstrahlwinkel nicht nur \u00fcber dem Esstisch angebracht, auch am gem\u00fctlichen Wohnzimmersessel sollte eine passende Leselampe als Zusatz zur meist schwachen Hintergrundbeleuchtung nicht fehlen.<\/p>\n<p style=\"text-align: justify;\"><a href=\"https:\/\/www.raum-blick.de\/gubi-bestlite-tischleuchte-bl1\"><img loading=\"lazy\" decoding=\"async\" class=\"aligncenter wp-image-954 size-full\" title=\"Gubi &quot;Bestlite BL1&quot; Tischleuchte aus Chrome &amp; pulverbeschichtetem Aluminium\" src=\"https:\/\/www.raum-blick.de\/magazin\/wp-content\/uploads\/2016\/09\/Gubi-Bestlite-BL1-Tischleuchte.jpg\" alt=\"Gubi Bestlite BL1 Tischleuchte\" width=\"600\" height=\"600\" srcset=\"https:\/\/raum-blick.de\/magazin\/wp-content\/uploads\/2016\/09\/Gubi-Bestlite-BL1-Tischleuchte.jpg 600w, https:\/\/raum-blick.de\/magazin\/wp-content\/uploads\/2016\/09\/Gubi-Bestlite-BL1-Tischleuchte-150x150.jpg 150w, https:\/\/raum-blick.de\/magazin\/wp-content\/uploads\/2016\/09\/Gubi-Bestlite-BL1-Tischleuchte-300x300.jpg 300w\" sizes=\"(max-width: 600px) 100vw, 600px\" \/><\/a><\/p>\n<p style=\"text-align: justify;\">Unerl\u00e4sslich ist helles Arbeitslicht auch in der K\u00fcche, wo es dezent als Unterbauleuchte hinter Teilen des K\u00fcchenmobiliars versteckt werden kann.<\/p>\n<h2><span class=\"ez-toc-section\" id=\"Die_passende_Beleuchtung_fuer_das_Badezimmer\"><\/span>Die passende Beleuchtung f\u00fcr das Badezimmer<span class=\"ez-toc-section-end\"><\/span><\/h2>\n<p style=\"text-align: justify;\">Im Badezimmer wird einerseits am Spiegel ein sehr helles Licht ben\u00f6tigt, andererseits sollte aber auch die M\u00f6glichkeit einer dezenten und blendfreien Hintergrundbeleuchtung f\u00fcr entspannende Wannenb\u00e4der und das sanfte Wachwerden bei der Morgentoilette bestehen. Nachtr\u00e4glich helles Licht f\u00fcr den Spiegel liefern beispielsweise die praktischen und formsch\u00f6nen Aufsteckleuchten der Linie Box von <a href=\"https:\/\/www.raum-blick.de\/decor-walther\/\">Decor Walther<\/a> in verschiedenen Gr\u00f6\u00dfen.<\/p>\n<p style=\"text-align: justify;\"><a href=\"https:\/\/www.raum-blick.de\/box-spiegelaufsteckleuchte-decor-walther\"><img loading=\"lazy\" decoding=\"async\" class=\"aligncenter wp-image-936 size-full\" title=\"Decor Walther &quot;BOX&quot; Aufsteckleuchte | per Clip am Spiegel befestigen\" src=\"https:\/\/www.raum-blick.de\/magazin\/wp-content\/uploads\/2016\/09\/Decor-Walther-BOX-Aufsteckleuchte-per-Clip-am-Spiegel-befestigen.jpg\" alt=\"Decor Walther BOX Aufsteckleuchte per Clip am Spiegel befestigen\" width=\"600\" height=\"600\" srcset=\"https:\/\/raum-blick.de\/magazin\/wp-content\/uploads\/2016\/09\/Decor-Walther-BOX-Aufsteckleuchte-per-Clip-am-Spiegel-befestigen.jpg 600w, https:\/\/raum-blick.de\/magazin\/wp-content\/uploads\/2016\/09\/Decor-Walther-BOX-Aufsteckleuchte-per-Clip-am-Spiegel-befestigen-150x150.jpg 150w, https:\/\/raum-blick.de\/magazin\/wp-content\/uploads\/2016\/09\/Decor-Walther-BOX-Aufsteckleuchte-per-Clip-am-Spiegel-befestigen-300x300.jpg 300w\" sizes=\"(max-width: 600px) 100vw, 600px\" \/><\/a><\/p>\n<p style=\"text-align: justify;\">Die richtige Beleuchtung f\u00fcr das Bad umfasst au\u00dferdem mindestens eine punktuell wirkende Lichtquelle und idealerweise weitere Leuchten mit blendfreiem Licht. So k\u00f6nnen bei einem Lichtkonzept f\u00fcr ein modernes Badezimmer beispielsweise sanft abstrahlende Deckenleuchten wie das elegante Modell Moni von Flos eingesetzt werden.<\/p>\n<h2><span class=\"ez-toc-section\" id=\"Das_Wohnzimmer_mit_passender_Beleuchtung_gestalten\"><\/span>Das Wohnzimmer mit passender Beleuchtung gestalten<span class=\"ez-toc-section-end\"><\/span><\/h2>\n<p style=\"text-align: justify;\">In einer modernen Wohnung erf\u00fcllt das Wohnzimmer unterschiedliche Funktionen. Sei es als Entspannungsort f\u00fcr die Freizeit, als Treffpunkt aller Familienmitglieder f\u00fcr gemeinsam gestaltet Zeit oder als repr\u00e4sentativer Raum f\u00fcr den Empfang von G\u00e4sten und das Feiern von Festen. Daher kommt auch dem Wohnzimmer eine zentrale Rolle zu, wenn das Lichtkonzept f\u00fcr das eigene Heim neu geplant oder \u00fcberarbeitet werden soll.<\/p>\n<p style=\"text-align: justify;\"><img loading=\"lazy\" decoding=\"async\" class=\"aligncenter wp-image-951 size-full\" title=\"Vita &quot;Clava Dine&quot; Pendelleuchte inklusive Kabelset &amp; Leuchtmittel\" src=\"https:\/\/www.raum-blick.de\/magazin\/wp-content\/uploads\/2016\/09\/Vita-Clava-Dine-Pendelleuchte-inklusive-Kabelset-und-Leuchtmittel.jpg\" alt=\"Vita Clava Dine Pendelleuchte inklusive Kabelset und Leuchtmittel\" width=\"600\" height=\"600\" srcset=\"https:\/\/raum-blick.de\/magazin\/wp-content\/uploads\/2016\/09\/Vita-Clava-Dine-Pendelleuchte-inklusive-Kabelset-und-Leuchtmittel.jpg 600w, https:\/\/raum-blick.de\/magazin\/wp-content\/uploads\/2016\/09\/Vita-Clava-Dine-Pendelleuchte-inklusive-Kabelset-und-Leuchtmittel-150x150.jpg 150w, https:\/\/raum-blick.de\/magazin\/wp-content\/uploads\/2016\/09\/Vita-Clava-Dine-Pendelleuchte-inklusive-Kabelset-und-Leuchtmittel-300x300.jpg 300w\" sizes=\"(max-width: 600px) 100vw, 600px\" \/><\/p>\n<p style=\"text-align: justify;\">Im Wohnzimmer gilt aufgrund des repr\u00e4sentativen Charakters noch etwas mehr als in anderen R\u00e4umen der Wohnung, dass verschiedene Leuchtenformen nicht nur als funktionaler Selbstzweck und als Lichtquelle dienen, sondern auch selbst Teil des gestalterischen Gesamtpakets werden. Daher sollten die Leuchten nicht nur nach ihren funktionalen Gesichtspunkten, sondern auch nach den M\u00f6glichkeiten der \u00e4sthetischen Integration in das Gesamtkonzept eines Raums ausgew\u00e4hlt werden.<\/p>\n<p style=\"text-align: justify;\"><a href=\"https:\/\/www.raum-blick.de\/skygarden-pendelleuchte-flos\"><img loading=\"lazy\" decoding=\"async\" class=\"aligncenter wp-image-939 size-full\" title=\"Flos &quot;Skygarden&quot; Pendelleuchte in verschiedenen Farben | Deckenbefestigung\" src=\"https:\/\/www.raum-blick.de\/magazin\/wp-content\/uploads\/2016\/09\/Flos-Skygarden-Pendelleuchte-in-verschiedenen-Farben.jpg\" alt=\"Flos Skygarden Pendelleuchte in verschiedenen Farben\" width=\"600\" height=\"579\" srcset=\"https:\/\/raum-blick.de\/magazin\/wp-content\/uploads\/2016\/09\/Flos-Skygarden-Pendelleuchte-in-verschiedenen-Farben.jpg 600w, https:\/\/raum-blick.de\/magazin\/wp-content\/uploads\/2016\/09\/Flos-Skygarden-Pendelleuchte-in-verschiedenen-Farben-300x290.jpg 300w\" sizes=\"(max-width: 600px) 100vw, 600px\" \/><\/a><\/p>\n<p style=\"text-align: justify;\">Eine Pendelleuchte wie das Modell Skygarden von Flos verbindet die moderne N\u00fcchternheit eines Diffusors aus lackiertem Stahl mit der klassischen Sch\u00f6nheit von verspielten Stuck-Elementen. So kann mittels einer geschmackvoll gestalteten Leuchte \u00fcber dem Ess- oder Wohnzimmertisch auch stilistisch der Br\u00fcckenschlag zwischen antiken Erbst\u00fccken und modernen Designm\u00f6beln in einem Zuhause gelingen.<\/p>\n<h2><span class=\"ez-toc-section\" id=\"Die_richtige_Beleuchtung_spielt_nicht_nur_innerhalb_des_Hauses_eine_Rolle\"><\/span>Die richtige Beleuchtung spielt nicht nur innerhalb des Hauses eine Rolle<span class=\"ez-toc-section-end\"><\/span><\/h2>\n<p style=\"text-align: justify;\">Naturgem\u00e4\u00df wird das Hauptaugenmerk bei der Erstellung eines Lichtkonzepts auf die Innenr\u00e4ume eines Hauses gelegt. Allerdings sollten auch &#8222;Verl\u00e4ngerungen des Wohnraums&#8220; in den Garten hinaus wie Balkone, Terrassen und Sitzecken bei der passenden Illumination nicht vergessen werden, wenn man an lauen Sommerabenden nicht allein auf Kerzenlicht und batteriebetriebene Lichtquellen angewiesen sein m\u00f6chte.<\/p>\n<p style=\"text-align: justify;\"><img loading=\"lazy\" decoding=\"async\" class=\"aligncenter wp-image-943 size-full\" title=\"moree &quot;Bubble&quot; leuchtender gute Laune Beistelltisch &amp; Hocker | Indoor \/ Outdoor\" src=\"https:\/\/www.raum-blick.de\/magazin\/wp-content\/uploads\/2016\/09\/moree-Bubble-Indoor-Outdoor-leuchtender-gute-Laune-Beistelltisch-und-Hocker.jpg\" alt=\"moree Bubble Indoor Outdoor leuchtender gute Laune Beistelltisch und Hocker\" width=\"600\" height=\"600\" srcset=\"https:\/\/raum-blick.de\/magazin\/wp-content\/uploads\/2016\/09\/moree-Bubble-Indoor-Outdoor-leuchtender-gute-Laune-Beistelltisch-und-Hocker.jpg 600w, https:\/\/raum-blick.de\/magazin\/wp-content\/uploads\/2016\/09\/moree-Bubble-Indoor-Outdoor-leuchtender-gute-Laune-Beistelltisch-und-Hocker-150x150.jpg 150w, https:\/\/raum-blick.de\/magazin\/wp-content\/uploads\/2016\/09\/moree-Bubble-Indoor-Outdoor-leuchtender-gute-Laune-Beistelltisch-und-Hocker-300x300.jpg 300w\" sizes=\"(max-width: 600px) 100vw, 600px\" \/><\/p>\n<p style=\"text-align: justify;\">Licht im Au\u00dfenbereich kann entweder \u00fcber fest installierte Wandstrahler und Gartenleuchten mit wetterfestem Design erzeugt werden, oder aber \u00fcber die Aufstellung moderner Leuchtm\u00f6bel wie dem Bubble LED Akku von moree. So kann auch im Au\u00dfenbereich jederzeit die richtige Beleuchtung kreiert werden, die sich den Erfordernissen von Grillfeiern oder der abendlichen Entspannung bei einem guten Glas Wein gekonnt anpasst.<\/p>\n","protected":false},"excerpt":{"rendered":"<p>\u00ab Mit durchdachten Konzepten die Beleuchtung im eigenen Heim optimieren \u00bb Wenn es um die Gestaltung der eigenen Wohnr\u00e4ume geht, so kennt die Kreativit\u00e4t heutzutage angesichts eines riesigen Angebots an M\u00f6beln und anderen Einrichtungselementen nahezu keine Grenzen mehr. Trotzdem kann auch die aufwendigste Innenausstattung der R\u00e4ume ihre Wirkung nur begrenzt entfalten, wenn nicht auch passende [&hellip;]<\/p>\n","protected":false},"author":4,"featured_media":946,"comment_status":"closed","ping_status":"open","sticky":false,"template":"","format":"standard","meta":{"_et_pb_use_builder":"","_et_pb_old_content":"","_et_gb_content_width":"","inline_featured_image":false,"footnotes":""},"categories":[1],"tags":[104,106,14,98,102,107,101,45,81,56,67,43,82,35,105,47,100,46,99,103],"class_list":["post-918","post","type-post","status-publish","format-standard","has-post-thumbnail","hentry","category-drinnen","tag-absolut-lighting","tag-aufsteckleuchten","tag-ausstattung","tag-beleuchtung","tag-deckenleuchte","tag-decor-walther","tag-dimmer","tag-flos","tag-gubi","tag-indoor","tag-led-moebel","tag-leuchten","tag-lumina","tag-moree","tag-nyta","tag-pendelleuchten","tag-stehleuchten","tag-tischleuchten","tag-vita","tag-wandleuchte"],"_links":{"self":[{"href":"https:\/\/raum-blick.de\/magazin\/wp-json\/wp\/v2\/posts\/918","targetHints":{"allow":["GET"]}}],"collection":[{"href":"https:\/\/raum-blick.de\/magazin\/wp-json\/wp\/v2\/posts"}],"about":[{"href":"https:\/\/raum-blick.de\/magazin\/wp-json\/wp\/v2\/types\/post"}],"author":[{"embeddable":true,"href":"https:\/\/raum-blick.de\/magazin\/wp-json\/wp\/v2\/users\/4"}],"replies":[{"embeddable":true,"href":"https:\/\/raum-blick.de\/magazin\/wp-json\/wp\/v2\/comments?post=918"}],"version-history":[{"count":36,"href":"https:\/\/raum-blick.de\/magazin\/wp-json\/wp\/v2\/posts\/918\/revisions"}],"predecessor-version":[{"id":6418,"href":"https:\/\/raum-blick.de\/magazin\/wp-json\/wp\/v2\/posts\/918\/revisions\/6418"}],"wp:featuredmedia":[{"embeddable":true,"href":"https:\/\/raum-blick.de\/magazin\/wp-json\/wp\/v2\/media\/946"}],"wp:attachment":[{"href":"https:\/\/raum-blick.de\/magazin\/wp-json\/wp\/v2\/media?parent=918"}],"wp:term":[{"taxonomy":"category","embeddable":true,"href":"https:\/\/raum-blick.de\/magazin\/wp-json\/wp\/v2\/categories?post=918"},{"taxonomy":"post_tag","embeddable":true,"href":"https:\/\/raum-blick.de\/magazin\/wp-json\/wp\/v2\/tags?post=918"}],"curies":[{"name":"wp","href":"https:\/\/api.w.org\/{rel}","templated":true}]}}