{"id":8946,"date":"2019-08-09T11:01:37","date_gmt":"2019-08-09T09:01:37","guid":{"rendered":"https:\/\/www.raum-blick.de\/magazin\/?p=8946"},"modified":"2022-05-24T19:15:21","modified_gmt":"2022-05-24T17:15:21","slug":"kreative-blumentoepfe-und-pflanztoepfe","status":"publish","type":"post","link":"https:\/\/raum-blick.de\/magazin\/kreative-blumentoepfe-und-pflanztoepfe\/","title":{"rendered":"Kreative Blument\u00f6pfe und Pflanzt\u00f6pfe"},"content":{"rendered":"<h2><span class=\"ez-toc-section\" id=\"%C2%AB_Deko_mit_dem_Charme_der_Natur_%C2%BB\"><\/span>\u00ab Deko mit dem Charme der Natur \u00bb<span class=\"ez-toc-section-end\"><\/span><\/h2>\n<p style=\"text-align: justify;\"><strong>Beim Relaxen auf der Terrasse verw\u00f6hnen die farbenfrohen Blumen die Sinne. Den Anblick genie\u00dfen Sie, seufzen aber wehm\u00fctig auf: Geschwind steht der Herbst vor der T\u00fcr. Dann ist es vorbei mit der Gartenidylle. Halten Sie sich nicht mit tr\u00fcben Gedanken auf. Organisieren Sie sich kreative Pflanzt\u00f6pfe, um die Wohnung in ein gr\u00fcnes Paradies zu verwandeln. <\/strong><\/p>\n<h2><span class=\"ez-toc-section\" id=\"Herzlich_willkommen_in_der_Ruheoase\"><\/span>Herzlich willkommen in der Ruheoase!<span class=\"ez-toc-section-end\"><\/span><\/h2>\n<p style=\"text-align: justify;\">Sie schlie\u00dfen die Wohnungst\u00fcr auf. Schon befinden Sie sich im Naturparadies. Das ist keine unerreichbare Illusion. <a href=\"https:\/\/www.raum-blick.de\/vertiplants\/\">Verti Copenhagen<\/a> erm\u00f6glicht Ihnen mit den VertiPlants, diesen Traum unkompliziert zu verwirklichen. Die d\u00e4nische Marke hat sich nicht nur auf kreative Blument\u00f6pfe f\u00fcr die Wandgestaltung spezialisiert. Zum Portfolio geh\u00f6ren Sets, die der Fantasie auf die Spr\u00fcnge helfen.<\/p><div id=\"ez-toc-container\" class=\"ez-toc-v2_0_82_2 counter-hierarchy ez-toc-counter ez-toc-grey ez-toc-container-direction\">\n<div class=\"ez-toc-title-container\">\n<p class=\"ez-toc-title\" style=\"cursor:inherit\">Was hier auf Sie wartet<\/p>\n<span class=\"ez-toc-title-toggle\"><a href=\"#\" class=\"ez-toc-pull-right ez-toc-btn ez-toc-btn-xs ez-toc-btn-default ez-toc-toggle\" aria-label=\"Toggle Table of Content\"><span class=\"ez-toc-js-icon-con\"><span class=\"\"><span class=\"eztoc-hide\" style=\"display:none;\">Toggle<\/span><span class=\"ez-toc-icon-toggle-span\"><svg style=\"fill: #999;color:#999\" xmlns=\"http:\/\/www.w3.org\/2000\/svg\" class=\"list-377408\" width=\"20px\" height=\"20px\" viewBox=\"0 0 24 24\" fill=\"none\"><path d=\"M6 6H4v2h2V6zm14 0H8v2h12V6zM4 11h2v2H4v-2zm16 0H8v2h12v-2zM4 16h2v2H4v-2zm16 0H8v2h12v-2z\" fill=\"currentColor\"><\/path><\/svg><svg style=\"fill: #999;color:#999\" class=\"arrow-unsorted-368013\" xmlns=\"http:\/\/www.w3.org\/2000\/svg\" width=\"10px\" height=\"10px\" viewBox=\"0 0 24 24\" version=\"1.2\" baseProfile=\"tiny\"><path d=\"M18.2 9.3l-6.2-6.3-6.2 6.3c-.2.2-.3.4-.3.7s.1.5.3.7c.2.2.4.3.7.3h11c.3 0 .5-.1.7-.3.2-.2.3-.5.3-.7s-.1-.5-.3-.7zM5.8 14.7l6.2 6.3 6.2-6.3c.2-.2.3-.5.3-.7s-.1-.5-.3-.7c-.2-.2-.4-.3-.7-.3h-11c-.3 0-.5.1-.7.3-.2.2-.3.5-.3.7s.1.5.3.7z\"\/><\/svg><\/span><\/span><\/span><\/a><\/span><\/div>\n<nav><ul class='ez-toc-list ez-toc-list-level-1 ' ><li class='ez-toc-page-1 ez-toc-heading-level-2'><a class=\"ez-toc-link ez-toc-heading-1\" href=\"https:\/\/raum-blick.de\/magazin\/kreative-blumentoepfe-und-pflanztoepfe\/#%C2%AB_Deko_mit_dem_Charme_der_Natur_%C2%BB\" >\u00ab Deko mit dem Charme der Natur \u00bb<\/a><\/li><li class='ez-toc-page-1 ez-toc-heading-level-2'><a class=\"ez-toc-link ez-toc-heading-2\" href=\"https:\/\/raum-blick.de\/magazin\/kreative-blumentoepfe-und-pflanztoepfe\/#Herzlich_willkommen_in_der_Ruheoase\" >Herzlich willkommen in der Ruheoase!<\/a><\/li><li class='ez-toc-page-1 ez-toc-heading-level-2'><a class=\"ez-toc-link ez-toc-heading-3\" href=\"https:\/\/raum-blick.de\/magazin\/kreative-blumentoepfe-und-pflanztoepfe\/#Kulinarischer_Treffpunkt_mit_toskanischem_Flair\" >Kulinarischer Treffpunkt mit toskanischem Flair<\/a><\/li><li class='ez-toc-page-1 ez-toc-heading-level-2'><a class=\"ez-toc-link ez-toc-heading-4\" href=\"https:\/\/raum-blick.de\/magazin\/kreative-blumentoepfe-und-pflanztoepfe\/#Natuerliche_Signatur_fuer_die_Wohnlounge\" >Nat\u00fcrliche Signatur f\u00fcr die Wohnlounge<\/a><\/li><li class='ez-toc-page-1 ez-toc-heading-level-2'><a class=\"ez-toc-link ez-toc-heading-5\" href=\"https:\/\/raum-blick.de\/magazin\/kreative-blumentoepfe-und-pflanztoepfe\/#Lichtblick_fuer_den_gelungenen_Start_in_den_Tag\" >Lichtblick f\u00fcr den gelungenen Start in den Tag<\/a><\/li><\/ul><\/nav><\/div>\n\n<p><a href=\"https:\/\/www.raum-blick.de\/verti-copenhagen-vertiplants\"><img loading=\"lazy\" decoding=\"async\" class=\"aligncenter wp-image-8949 size-full\" title=\"Verti Copenhagen VertiPlants\" src=\"https:\/\/www.raum-blick.de\/magazin\/wp-content\/uploads\/2019\/08\/Verti-Copenhagen-VertiPlants.jpg\" alt=\"Verti Copenhagen VertiPlants\" width=\"620\" height=\"514\" srcset=\"https:\/\/raum-blick.de\/magazin\/wp-content\/uploads\/2019\/08\/Verti-Copenhagen-VertiPlants.jpg 620w, https:\/\/raum-blick.de\/magazin\/wp-content\/uploads\/2019\/08\/Verti-Copenhagen-VertiPlants-300x249.jpg 300w\" sizes=\"(max-width: 620px) 100vw, 620px\" \/><\/a><\/p>\n<p style=\"text-align: justify;\">Bei einer Kombination flankieren zwei Blument\u00f6pfe die kleine Ablage und senkrechte Spiegelfl\u00e4che. Sie ist attraktiv f\u00fcr den Flur, weil sie die praktische Ausstattung mit der Deko vereint. Wiederholen Sie das Arrangement mehrmals auf beiden Seiten. Dann erinnert die Einrichtungsidee an den Vorgarten. Dort s\u00e4umen Pflanzen den Pfad zum Haus. An den Flurw\u00e4nden begleitet ein gr\u00fcnes Band den Weg zu den Wohnr\u00e4umen. Die reflektierenden Spiegel sorgen nicht nur daf\u00fcr, dass enge Flure weitl\u00e4ufiger erscheinen. Wird die beidseitige Wanddekoration versetzt montiert, wirkt die Bepflanzung wegen der Spiegeleffekte \u00fcppiger.<\/p>\n<p><a href=\"https:\/\/www.raum-blick.de\/verti-copenhagen-kombinationen?number=BG1-VERTIPLANTS\"><img loading=\"lazy\" decoding=\"async\" class=\"aligncenter wp-image-8951 size-full\" title=\"Verti Copenhagen VertiPlants\" src=\"https:\/\/www.raum-blick.de\/magazin\/wp-content\/uploads\/2019\/08\/Verti-Copenhagen-VertiPlants_.jpg\" alt=\"Verti Copenhagen VertiPlants\" width=\"620\" height=\"588\" srcset=\"https:\/\/raum-blick.de\/magazin\/wp-content\/uploads\/2019\/08\/Verti-Copenhagen-VertiPlants_.jpg 620w, https:\/\/raum-blick.de\/magazin\/wp-content\/uploads\/2019\/08\/Verti-Copenhagen-VertiPlants_-300x285.jpg 300w\" sizes=\"(max-width: 620px) 100vw, 620px\" \/><\/a><\/p>\n<p style=\"text-align: justify;\">Die Idee mit der Pflanzendeko ist kreativ, hat aber einen Haken: In Flurr\u00e4umen gibt es meist wenig Tageslicht. Lassen Sie sich davon nicht ausbremsen. Viele Gattungen sind erstaunlich anspruchslos. Sie kommen mit schattigen Standorten zurecht. Hierzu z\u00e4hlt der Zwergpfeffer mit seinen \u00fcber 1.500 Arten. Bei jeder Variante sind die Bl\u00e4tter anders geformt und gef\u00e4rbt. Selbst wenn Sie der pflegeleichten Familie treu bleiben, ergibt sich eine facettenreiche Flurbegr\u00fcnung. Die krautigen Pflanzen haben einen weiteren Vorteil: Sie wachsen langsam und werden nicht besonders hoch. Im Deko-Blumentopf f\u00fchlen sie sich deshalb lange wohl.<\/p>\n<h2><span class=\"ez-toc-section\" id=\"Kulinarischer_Treffpunkt_mit_toskanischem_Flair\"><\/span>Kulinarischer Treffpunkt mit toskanischem Flair<span class=\"ez-toc-section-end\"><\/span><\/h2>\n<p style=\"text-align: justify;\">Der warme Wind f\u00e4chert der Nase einen w\u00fcrzigen Duft zu. Er stammt von den Gartenkr\u00e4utern, die parallel den Gaumen verw\u00f6hnen. Denn damit aromatisiert die italienische K\u00fcchenfee ihre Antipasti. Der fruchtige Rotwein setzt dem Genussmoment die Krone auf. Die Sehnsucht nach einem Sommerabend in der Toskana ist bei dieser Gedankenreise vorprogrammiert. Berufliche Verpflichtungen sprechen dagegen, umgehend die Koffer zu packen. Das st\u00f6rt den Lebensk\u00fcnstler nicht. Den Wein hat der Fachh\u00e4ndler vorr\u00e4tig. Mediterrane Vorspeisen sind schnell zubereitet. Jetzt fehlt nur die Naturidylle.<\/p>\n<p><img loading=\"lazy\" decoding=\"async\" class=\"aligncenter wp-image-8953 size-full\" title=\"Rig-Tig GROW-IT Pflanztopf \" src=\"https:\/\/www.raum-blick.de\/magazin\/wp-content\/uploads\/2019\/08\/Rig-Tig-GROW-IT-Pflanztopf.jpg\" alt=\"Rig-Tig GROW-IT Pflanztopf \" width=\"620\" height=\"541\" srcset=\"https:\/\/raum-blick.de\/magazin\/wp-content\/uploads\/2019\/08\/Rig-Tig-GROW-IT-Pflanztopf.jpg 620w, https:\/\/raum-blick.de\/magazin\/wp-content\/uploads\/2019\/08\/Rig-Tig-GROW-IT-Pflanztopf-300x262.jpg 300w\" sizes=\"(max-width: 620px) 100vw, 620px\" \/><\/p>\n<p style=\"text-align: justify;\">Gestalten Sie die K\u00fcche im Stil eines s\u00fcdl\u00e4ndischen Bauerngartens. Christian Bj\u00f8rn entwarf f\u00fcr Rig-Tig by stelton den Grow-it. Der Pflanztopf ist optimal f\u00fcr die Kr\u00e4uterzucht. Er bew\u00e4ssert sich durch die integrierte Drainage selbst. Das erleichtert die Pflege. Rosmarin, Thymian, Basilikum, Oregano: Wer gerne kocht, bringt viele Zutaten ins Spiel. Z\u00fcgig f\u00fcllt sich die Fensterbank. Mit dem Blumentopf aus Skandinavien ist das kein Problem. Der Designer hat an eine Aufh\u00e4ngung gedacht. Die K\u00fcchendekoration wirkt kreativ, wenn Sie die Pflanzen wie h\u00e4ngende G\u00e4rten von der Decke herablassen.<\/p>\n<p><a href=\"https:\/\/www.raum-blick.de\/ferm-living-hourglass-pot-pflanzenkuebel\"><img loading=\"lazy\" decoding=\"async\" class=\"aligncenter wp-image-8955 size-full\" title=\"ferm Living Hourglass\" src=\"https:\/\/www.raum-blick.de\/magazin\/wp-content\/uploads\/2019\/08\/ferm-Living-Hourglass.jpg\" alt=\"ferm Living Hourglass\" width=\"620\" height=\"509\" srcset=\"https:\/\/raum-blick.de\/magazin\/wp-content\/uploads\/2019\/08\/ferm-Living-Hourglass.jpg 620w, https:\/\/raum-blick.de\/magazin\/wp-content\/uploads\/2019\/08\/ferm-Living-Hourglass-300x246.jpg 300w\" sizes=\"(max-width: 620px) 100vw, 620px\" \/><\/a><\/p>\n<p style=\"text-align: justify;\">Mit etwas Gl\u00fcck befindet sich das K\u00fcchenfenster auf der Sonnenseite. Gesellt sich ein gr\u00fcner Daumen hinzu, lassen sich kleine Olivenb\u00e4ume und Zitrusgew\u00e4chse im Innenraum z\u00fcchten. Sie passen fantastisch zur K\u00fcchengestaltung mit s\u00fcdeurop\u00e4ischem Ambiente. Alternativ macht sich Aloe Vera schick. Die gen\u00fcgsame Heilpflanze gedeiht im Halbschatten. Stellen Sie sich vor, wie Sie im Winter am K\u00fcchentisch aus Teak sitzen. Mit geschlossenen Augen lassen Sie den nat\u00fcrlichen Raumduft auf sich wirken und nippen am Weinglas. So sieht Urlaub vom Alltag aus!<\/p>\n<p><a href=\"https:\/\/www.raum-blick.de\/ferm-living-hourglass-pot-pflanzenkuebel\"><img loading=\"lazy\" decoding=\"async\" class=\"aligncenter wp-image-8957 size-full\" title=\"ferm Living Hourglass\" src=\"https:\/\/www.raum-blick.de\/magazin\/wp-content\/uploads\/2019\/08\/ferm-Living-Hourglass_.jpg\" alt=\"ferm Living Hourglass\" width=\"620\" height=\"513\" srcset=\"https:\/\/raum-blick.de\/magazin\/wp-content\/uploads\/2019\/08\/ferm-Living-Hourglass_.jpg 620w, https:\/\/raum-blick.de\/magazin\/wp-content\/uploads\/2019\/08\/ferm-Living-Hourglass_-300x248.jpg 300w\" sizes=\"(max-width: 620px) 100vw, 620px\" \/><\/a><\/p>\n<p style=\"text-align: justify;\">Im Bau Pot von <a href=\"https:\/\/www.raum-blick.de\/ferm-living\/\">ferm Living<\/a> kommen die Miniaturb\u00e4umchen wunderbar zur Geltung. Daf\u00fcr sorgt das erh\u00f6hte Designkonzept. Der Blumentopf im Bauhausstil ist zudem f\u00fcr drau\u00dfen geeignet. Es spricht deshalb nichts dagegen, den Pflanzen eine Sommerfrische auf dem Balkon zu g\u00f6nnen. Gleiches gilt die K\u00fcchenkr\u00e4uter. Der Clou: Passend zur Saison belebt die Naturdeko den Au\u00dfenbereich oder die Wohnk\u00fcche.<\/p>\n<h2><span class=\"ez-toc-section\" id=\"Natuerliche_Signatur_fuer_die_Wohnlounge\"><\/span>Nat\u00fcrliche Signatur f\u00fcr die Wohnlounge<span class=\"ez-toc-section-end\"><\/span><\/h2>\n<p style=\"text-align: justify;\">Gr\u00fcnpflanzen gefallen Ihnen, weil Sie rund ums Jahr das Zuhause beleben. Im Wohnzimmer w\u00fcnschen Sie sich aber etwas Abwechslung bei der Deko. Dezent gehaltene Blument\u00f6pfe sind daf\u00fcr das ideale Fundament. Die geriffelte Vase von <a href=\"https:\/\/www.raum-blick.de\/lyngby-porzellan\/\">Lyngy Porcel\u00e6n<\/a> geh\u00f6rt zu den Designikonen, die zeitlos faszinieren. Beim Deb\u00fct in den 1930er Jahren war die geriffelte Oberfl\u00e4chengestaltung im strahlenden Wei\u00df ein extravagantes Novum.<\/p>\n<p><a href=\"https:\/\/www.raum-blick.de\/lyngby-porzellan-glasvase\"><img loading=\"lazy\" decoding=\"async\" class=\"aligncenter wp-image-8959 size-full\" title=\"Lyngby Porcel\u00e6n Glas-Vase\" src=\"https:\/\/www.raum-blick.de\/magazin\/wp-content\/uploads\/2019\/08\/Lyngby-Porcel\u00e6n-Glas-Vase.jpg\" alt=\"Lyngby Porcel\u00e6n Glas-Vase\" width=\"620\" height=\"477\" srcset=\"https:\/\/raum-blick.de\/magazin\/wp-content\/uploads\/2019\/08\/Lyngby-Porcel\u00e6n-Glas-Vase.jpg 620w, https:\/\/raum-blick.de\/magazin\/wp-content\/uploads\/2019\/08\/Lyngby-Porcel\u00e6n-Glas-Vase-300x231.jpg 300w\" sizes=\"(max-width: 620px) 100vw, 620px\" \/><\/a><\/p>\n<p style=\"text-align: justify;\">Heute wirkt die puristische \u00c4sthetik nicht nur elegant. Es ist begr\u00fc\u00dfenswert, dass sie die Aufmerksamkeit den Blumen \u00fcberl\u00e4sst. Ein Pflanztopf in diversen Gr\u00f6\u00dfen bereichert inzwischen die legend\u00e4re Kollektion. Er verhilft den fr\u00fchlingshaften Osterglocken ebenso zum gelungenen Auftritt wie dem Lavendel im Sommer und dem Weihnachtsstern zur Adventszeit. Der Allrounder ist optimal f\u00fcr die bl\u00fchende Wohndekoration auf dem Fenstersims oder der Kommode.<\/p>\n<p><img loading=\"lazy\" decoding=\"async\" class=\"aligncenter size-full wp-image-8961\" src=\"https:\/\/www.raum-blick.de\/magazin\/wp-content\/uploads\/2019\/08\/Flyte-Vase.jpg\" alt=\"\" width=\"620\" height=\"545\" title=\"\" srcset=\"https:\/\/raum-blick.de\/magazin\/wp-content\/uploads\/2019\/08\/Flyte-Vase.jpg 620w, https:\/\/raum-blick.de\/magazin\/wp-content\/uploads\/2019\/08\/Flyte-Vase-300x264.jpg 300w\" sizes=\"(max-width: 620px) 100vw, 620px\" \/><\/p>\n<p style=\"text-align: justify;\">Wenn es um kreative Blument\u00f6pfe geht, \u00fcbertrifft <a href=\"https:\/\/www.raum-blick.de\/flyte\/\">Flyte<\/a> die Erwartungen: Die schwedische Marke verbl\u00fcfft mit einem schwebenden Gef\u00e4\u00df. Magnetismus erm\u00f6glicht das kleine Wunder, das die Blicke magisch anzieht. Die Aufmerksamkeit \u00fcbertr\u00e4gt sich galant auf die die Pflanzen. Die seltene Orchidee, das filigrane Bonsaib\u00e4umchen oder der Rosenstrau\u00df zum Hochzeitstag: F\u00fcr diese Highlights der Naturdeko sind die innovativen Blument\u00f6pfe ein Gl\u00fccksgriff.<\/p>\n<p><img loading=\"lazy\" decoding=\"async\" class=\"aligncenter size-full wp-image-8964\" src=\"https:\/\/www.raum-blick.de\/magazin\/wp-content\/uploads\/2019\/08\/Schwebende-Vase.jpg\" alt=\"\" width=\"620\" height=\"548\" title=\"\" srcset=\"https:\/\/raum-blick.de\/magazin\/wp-content\/uploads\/2019\/08\/Schwebende-Vase.jpg 620w, https:\/\/raum-blick.de\/magazin\/wp-content\/uploads\/2019\/08\/Schwebende-Vase-300x265.jpg 300w\" sizes=\"(max-width: 620px) 100vw, 620px\" \/><\/p>\n<h2><span class=\"ez-toc-section\" id=\"Lichtblick_fuer_den_gelungenen_Start_in_den_Tag\"><\/span>Lichtblick f\u00fcr den gelungenen Start in den Tag<span class=\"ez-toc-section-end\"><\/span><\/h2>\n<p style=\"text-align: justify;\">Wenig Sonne, hohe Luftfeuchtigkeit und schwankende Temperaturen: Kaum eine Gattung ist vom Klima im Badezimmer begeistert. Verzichten Sie trotzdem nicht auf einen belebenden Akzent. Der Shell Pot von ferm Living ist wie eine Muschel geformt. Zur Wellnessoase passt das maritime Design hervorragend. Das Accessoire macht solo eine gute Figur. Es eignet sich au\u00dferdem als Pflanzgef\u00e4\u00df oder Blumenvase.<\/p>\n<p style=\"text-align: justify;\">Schauen Sie regelm\u00e4\u00dfig beim Floristen vorbei. Lassen Sie sich Ihre Lieblingsblumen kunstvoll arrangieren, um sie direkt neben dem Waschbecken zu platzieren. So zaubert das Bukett gleich nach dem Aufstehen ein L\u00e4cheln ich Ihr Gesicht. Sie meistern t\u00e4glich viele Herausforderung. Diesen kleinen Luxus haben Sie sich also redlich verdient.<\/p>\n","protected":false},"excerpt":{"rendered":"<p>\u00ab Deko mit dem Charme der Natur \u00bb Beim Relaxen auf der Terrasse verw\u00f6hnen die farbenfrohen Blumen die Sinne. Den Anblick genie\u00dfen Sie, seufzen aber wehm\u00fctig auf: Geschwind steht der Herbst vor der T\u00fcr. Dann ist es vorbei mit der Gartenidylle. Halten Sie sich nicht mit tr\u00fcben Gedanken auf. Organisieren Sie sich kreative Pflanzt\u00f6pfe, um [&hellip;]<\/p>\n","protected":false},"author":4,"featured_media":8967,"comment_status":"closed","ping_status":"open","sticky":false,"template":"","format":"standard","meta":{"_et_pb_use_builder":"","_et_pb_old_content":"","_et_gb_content_width":"","inline_featured_image":false,"footnotes":""},"categories":[7],"tags":[51,903,206,759,902,558,704,832,146,808],"class_list":["post-8946","post","type-post","status-publish","format-standard","has-post-thumbnail","hentry","category-accessoires-lifestyle","tag-blumentoepfe","tag-blumenvasen","tag-ferm-living","tag-flyte","tag-kreative-blumentoepfe","tag-lyngby","tag-pflanztoepfe","tag-rig-tig","tag-vasen","tag-verti-copenhagen"],"_links":{"self":[{"href":"https:\/\/raum-blick.de\/magazin\/wp-json\/wp\/v2\/posts\/8946","targetHints":{"allow":["GET"]}}],"collection":[{"href":"https:\/\/raum-blick.de\/magazin\/wp-json\/wp\/v2\/posts"}],"about":[{"href":"https:\/\/raum-blick.de\/magazin\/wp-json\/wp\/v2\/types\/post"}],"author":[{"embeddable":true,"href":"https:\/\/raum-blick.de\/magazin\/wp-json\/wp\/v2\/users\/4"}],"replies":[{"embeddable":true,"href":"https:\/\/raum-blick.de\/magazin\/wp-json\/wp\/v2\/comments?post=8946"}],"version-history":[{"count":13,"href":"https:\/\/raum-blick.de\/magazin\/wp-json\/wp\/v2\/posts\/8946\/revisions"}],"predecessor-version":[{"id":16268,"href":"https:\/\/raum-blick.de\/magazin\/wp-json\/wp\/v2\/posts\/8946\/revisions\/16268"}],"wp:featuredmedia":[{"embeddable":true,"href":"https:\/\/raum-blick.de\/magazin\/wp-json\/wp\/v2\/media\/8967"}],"wp:attachment":[{"href":"https:\/\/raum-blick.de\/magazin\/wp-json\/wp\/v2\/media?parent=8946"}],"wp:term":[{"taxonomy":"category","embeddable":true,"href":"https:\/\/raum-blick.de\/magazin\/wp-json\/wp\/v2\/categories?post=8946"},{"taxonomy":"post_tag","embeddable":true,"href":"https:\/\/raum-blick.de\/magazin\/wp-json\/wp\/v2\/tags?post=8946"}],"curies":[{"name":"wp","href":"https:\/\/api.w.org\/{rel}","templated":true}]}}