{"id":8898,"date":"2019-08-05T08:51:01","date_gmt":"2019-08-05T06:51:01","guid":{"rendered":"https:\/\/www.raum-blick.de\/magazin\/?p=8898"},"modified":"2024-09-02T01:28:08","modified_gmt":"2024-09-01T23:28:08","slug":"smeg-kuechengeraete","status":"publish","type":"post","link":"https:\/\/raum-blick.de\/magazin\/smeg-kuechengeraete\/","title":{"rendered":"SMEG K\u00fcchenger\u00e4te"},"content":{"rendered":"<h2><span class=\"ez-toc-section\" id=\"%C2%AB_Kuechenausstattung_als_Stilerlebnis_%C2%BB\"><\/span>\u00ab K\u00fcchenausstattung als Stilerlebnis \u00bb<span class=\"ez-toc-section-end\"><\/span><\/h2>\n<p style=\"text-align: justify;\"><strong>Beim Aufwachen prasselt der Regen ans Fenster. Die Sonne scheint aufzugehen, sobald Sie die K\u00fcche betreten. Daf\u00fcr sorgen die kleinen Italiener auf dem Tresen. Ihr farbenfroher Nostalgiefaktor gleicht einem Lichtblick. Hochmodern ist das technische Konzept der <\/strong><strong><a href=\"https:\/\/www.raum-blick.de\/smeg\/\">SMEG<\/a> K\u00fcchenmaschinen<\/strong><strong>. So gelingt das \u00dcberraschende: Die allt\u00e4glichen Handgriffe im Haushalt kurbeln die gute Laune an. Angefangen hat alles mit einem K\u00fchlschrank.<\/strong><\/p>\n<h2><span class=\"ez-toc-section\" id=\"Stilvolle_Nostalgie_und_moderne_Elektrotechnik_im_Duett\"><\/span>Stilvolle Nostalgie und moderne Elektrotechnik im Duett<span class=\"ez-toc-section-end\"><\/span><\/h2>\n<p style=\"text-align: justify;\">Sanfte Rundungen pr\u00e4gen das hochwertige K\u00fcchenzubeh\u00f6r. Selbstbewusst bekennt es sich zur bauchigen Statur. Zierlich sind die vier F\u00fc\u00dfe im Vergleich zum organischen Korpus. Insgesamt wirkt das Design angenehm vertraut. Es erweckt den Eindruck, dass die Elektroger\u00e4te seit den 50er Jahren die K\u00fcche bereichern. Der Verstand relativiert die Wahrnehmung: Wasserkocher waren damals keine verbreiteten K\u00fcchenger\u00e4te.<\/p><div id=\"ez-toc-container\" class=\"ez-toc-v2_0_82_2 counter-hierarchy ez-toc-counter ez-toc-grey ez-toc-container-direction\">\n<div class=\"ez-toc-title-container\">\n<p class=\"ez-toc-title\" style=\"cursor:inherit\">Was hier auf Sie wartet<\/p>\n<span class=\"ez-toc-title-toggle\"><a href=\"#\" class=\"ez-toc-pull-right ez-toc-btn ez-toc-btn-xs ez-toc-btn-default ez-toc-toggle\" aria-label=\"Toggle Table of Content\"><span class=\"ez-toc-js-icon-con\"><span class=\"\"><span class=\"eztoc-hide\" style=\"display:none;\">Toggle<\/span><span class=\"ez-toc-icon-toggle-span\"><svg style=\"fill: #999;color:#999\" xmlns=\"http:\/\/www.w3.org\/2000\/svg\" class=\"list-377408\" width=\"20px\" height=\"20px\" viewBox=\"0 0 24 24\" fill=\"none\"><path d=\"M6 6H4v2h2V6zm14 0H8v2h12V6zM4 11h2v2H4v-2zm16 0H8v2h12v-2zM4 16h2v2H4v-2zm16 0H8v2h12v-2z\" fill=\"currentColor\"><\/path><\/svg><svg style=\"fill: #999;color:#999\" class=\"arrow-unsorted-368013\" xmlns=\"http:\/\/www.w3.org\/2000\/svg\" width=\"10px\" height=\"10px\" viewBox=\"0 0 24 24\" version=\"1.2\" baseProfile=\"tiny\"><path d=\"M18.2 9.3l-6.2-6.3-6.2 6.3c-.2.2-.3.4-.3.7s.1.5.3.7c.2.2.4.3.7.3h11c.3 0 .5-.1.7-.3.2-.2.3-.5.3-.7s-.1-.5-.3-.7zM5.8 14.7l6.2 6.3 6.2-6.3c.2-.2.3-.5.3-.7s-.1-.5-.3-.7c-.2-.2-.4-.3-.7-.3h-11c-.3 0-.5.1-.7.3-.2.2-.3.5-.3.7s.1.5.3.7z\"\/><\/svg><\/span><\/span><\/span><\/a><\/span><\/div>\n<nav><ul class='ez-toc-list ez-toc-list-level-1 ' ><li class='ez-toc-page-1 ez-toc-heading-level-2'><a class=\"ez-toc-link ez-toc-heading-1\" href=\"https:\/\/raum-blick.de\/magazin\/smeg-kuechengeraete\/#%C2%AB_Kuechenausstattung_als_Stilerlebnis_%C2%BB\" >\u00ab K\u00fcchenausstattung als Stilerlebnis \u00bb<\/a><\/li><li class='ez-toc-page-1 ez-toc-heading-level-2'><a class=\"ez-toc-link ez-toc-heading-2\" href=\"https:\/\/raum-blick.de\/magazin\/smeg-kuechengeraete\/#Stilvolle_Nostalgie_und_moderne_Elektrotechnik_im_Duett\" >Stilvolle Nostalgie und moderne Elektrotechnik im Duett<\/a><\/li><li class='ez-toc-page-1 ez-toc-heading-level-2'><a class=\"ez-toc-link ez-toc-heading-3\" href=\"https:\/\/raum-blick.de\/magazin\/smeg-kuechengeraete\/#Farbstarke_Kuechentechnik_im_Vintage-Look_aus_Italien\" >Farbstarke K\u00fcchentechnik im Vintage-Look aus Italien<\/a><\/li><li class='ez-toc-page-1 ez-toc-heading-level-2'><a class=\"ez-toc-link ez-toc-heading-4\" href=\"https:\/\/raum-blick.de\/magazin\/smeg-kuechengeraete\/#Exzellent_durchdachte_Assistenten_fuer_die_Kueche\" >Exzellent durchdachte Assistenten f\u00fcr die K\u00fcche<\/a><\/li><li class='ez-toc-page-1 ez-toc-heading-level-2'><a class=\"ez-toc-link ez-toc-heading-5\" href=\"https:\/\/raum-blick.de\/magazin\/smeg-kuechengeraete\/#Platzsparende_und_familienfreundliche_Designobjekte\" >Platzsparende und familienfreundliche Designobjekte<\/a><\/li><\/ul><\/nav><\/div>\n\n<p><a href=\"https:\/\/www.raum-blick.de\/smeg-kuechenmaschine-vollfarbe\"><img loading=\"lazy\" decoding=\"async\" class=\"aligncenter wp-image-8913 size-full\" title=\"SMEG K\u00fcchenmaschine | 50-er Jahre Retro-Stil, SMF03 | Design: italienisches Design Smeg\" src=\"https:\/\/www.raum-blick.de\/magazin\/wp-content\/uploads\/2019\/09\/smeg-kuechenmaschine-vollfarbe.jpg\" alt=\"smeg-kuechenmaschine-vollfarbe\" width=\"600\" height=\"600\" srcset=\"https:\/\/raum-blick.de\/magazin\/wp-content\/uploads\/2019\/09\/smeg-kuechenmaschine-vollfarbe.jpg 600w, https:\/\/raum-blick.de\/magazin\/wp-content\/uploads\/2019\/09\/smeg-kuechenmaschine-vollfarbe-150x150.jpg 150w, https:\/\/raum-blick.de\/magazin\/wp-content\/uploads\/2019\/09\/smeg-kuechenmaschine-vollfarbe-300x300.jpg 300w\" sizes=\"(max-width: 600px) 100vw, 600px\" \/><\/a><\/p>\n<p style=\"text-align: justify;\">Raffaella Manglarotti pr\u00e4feriert einen ganzheitlichen Ansatz. Ihre Entw\u00fcrfe ber\u00fccksichtigen alle rationalen Aspekte, damit das Produkt alltagstauglich ist. Sie addiert aber eine gro\u00dfz\u00fcgige Prise Sinnlichkeit. Diese weibliche Signatur ist der Clou der SMEG K\u00fcchenger\u00e4te. Die Designerin schloss ihr Studium mit Auszeichnung in Mailand ab. Ihre Inspirationsquelle an der Hochschule war Tom\u00e1s Maldonado. Der argentinische Maler erhielt f\u00fcr sein bedeutendes Lebenswerk den Verdienstorden. Gemeinsam mit Matteo Bazzicalupo gr\u00fcndete die talentierte Italienerin im Jahr 1999 deepdesign. Die Spezialit\u00e4t des erfolgreichen Studios sind Elektroger\u00e4te mit \u00e4sthetischem Mehrwert.<\/p>\n<p><a href=\"https:\/\/www.raum-blick.de\/smeg-kuechenmaschine\"><img loading=\"lazy\" decoding=\"async\" class=\"aligncenter wp-image-8915 size-full\" title=\"SMEG K\u00fcchenmaschine | 50-er Jahre Retro-Stil, SMF01 | Design: italienisches Design Smeg\" src=\"https:\/\/www.raum-blick.de\/magazin\/wp-content\/uploads\/2019\/09\/smeg-kuechenmaschine.jpg\" alt=\"smeg-kuechenmaschine\" width=\"600\" height=\"550\" srcset=\"https:\/\/raum-blick.de\/magazin\/wp-content\/uploads\/2019\/09\/smeg-kuechenmaschine.jpg 600w, https:\/\/raum-blick.de\/magazin\/wp-content\/uploads\/2019\/09\/smeg-kuechenmaschine-300x275.jpg 300w\" sizes=\"(max-width: 600px) 100vw, 600px\" \/><\/a><\/p>\n<p style=\"text-align: justify;\">Das erschlie\u00dft sich beim ersten Blick auf die K\u00fcchenmaschinen von SMEG. Ihr Retrostil spricht das Herz an, ohne altbacken zu sein. Er h\u00e4lt vielmehr f\u00fcr einen kurzen Augenblick die Zeit an. Das gleicht in der schnelllebigen Gegenwart einem Verw\u00f6hnmoment. Sp\u00e4testens bei der Bedienung landen Sie wieder im Hier und Jetzt. Hochaktuell sind die technischen Finessen. So halten die K\u00fcchenhelfer den Erwartungen stand: Sie erleichtern Ihnen zuvorkommend die Hausarbeit.<\/p>\n<h2><span class=\"ez-toc-section\" id=\"Farbstarke_Kuechentechnik_im_Vintage-Look_aus_Italien\"><\/span>Farbstarke K\u00fcchentechnik im Vintage-Look aus Italien<span class=\"ez-toc-section-end\"><\/span><\/h2>\n<p style=\"text-align: justify;\">Feuriges Rot, fruchtiges Pink, maritimes Pastellblau: Frische Farben waren in den 1950ern en vogue. Das l\u00e4sst sich leicht erkl\u00e4ren: D\u00fcster war die Zeitgeschichte der vorhergegangenen Jahrzehnte. Danach keimte endlich die Lebenslust wieder auf. Den optimistischen Spirit fingen die K\u00fcchenger\u00e4te der Wirtschaftswunderzeit gekonnt mit kr\u00e4ftigen T\u00f6nen ein. Sobald die Kollektion der italienischen Designmarke die K\u00fcche belebt, ist klar: Der peppige Retrolook steht auch dem modernen Zuhause ausgesprochen gut.<\/p>\n<p><img loading=\"lazy\" decoding=\"async\" class=\"aligncenter wp-image-8910 size-full\" title=\"SMEG Espressomaschine Espresso-Kaffeemaschine ECF01 | Design: Italienisches Design by SMEG\" src=\"https:\/\/www.raum-blick.de\/magazin\/wp-content\/uploads\/2019\/09\/smeg-espressomaschine.jpg\" alt=\"smeg-espressomaschine\" width=\"600\" height=\"600\" srcset=\"https:\/\/raum-blick.de\/magazin\/wp-content\/uploads\/2019\/09\/smeg-espressomaschine.jpg 600w, https:\/\/raum-blick.de\/magazin\/wp-content\/uploads\/2019\/09\/smeg-espressomaschine-150x150.jpg 150w, https:\/\/raum-blick.de\/magazin\/wp-content\/uploads\/2019\/09\/smeg-espressomaschine-300x300.jpg 300w\" sizes=\"(max-width: 600px) 100vw, 600px\" \/><\/p>\n<p style=\"text-align: justify;\">Vittorio Bertazzoni gr\u00fcndete im Jahr 1948 das Unternehmen &#8222;Smalterie &#8211; Metallurgiche &#8211; Emiliane &#8211; Guastalla\u201c. Der Name verwies auf den Firmensitz und die handwerklichen Schwerpunkte. Dazu z\u00e4hlten Emaillierungen, die typisch f\u00fcr die farbenfrohen K\u00fcchenger\u00e4te waren. Die traditionelle Beschichtung ist grunds\u00e4tzlich robust. Sie neigt beim stetigen Gebrauch jedoch zum Abplatzen.<\/p>\n<p><a href=\"https:\/\/www.raum-blick.de\/smeg-zitruspresse\"><img loading=\"lazy\" decoding=\"async\" class=\"aligncenter wp-image-8908 size-full\" title=\"SMEG Zitruspresse | 50-er Jahre Retro-Stil, CJF01 | Design: italienisches Design Smeg\" src=\"https:\/\/www.raum-blick.de\/magazin\/wp-content\/uploads\/2019\/09\/smeg-zitruspresse.jpg\" alt=\"smeg-zitruspresse\" width=\"600\" height=\"550\" srcset=\"https:\/\/raum-blick.de\/magazin\/wp-content\/uploads\/2019\/09\/smeg-zitruspresse.jpg 600w, https:\/\/raum-blick.de\/magazin\/wp-content\/uploads\/2019\/09\/smeg-zitruspresse-300x275.jpg 300w\" sizes=\"(max-width: 600px) 100vw, 600px\" \/><\/a><\/p>\n<p style=\"text-align: justify;\">Die neuen <a href=\"https:\/\/www.raum-blick.de\/smeg-toaster\">SMEG Toaster<\/a>, <a href=\"https:\/\/www.raum-blick.de\/smeg-zitruspresse\">Zitruspressen<\/a>, Espressomaschinen und K\u00fcchenger\u00e4te \u00e4hneln den emaillierten Vorbildern. Verarbeitet wird aber hochwertiger Edelstahl mit Lackierung. Die Oberfl\u00e4chen sind dadurch pflegeleichter und strapazierf\u00e4higer als bei den historischen Pendants mit Emaille. Bunte Dekorationsideen passen nicht zu Ihrem Einrichtungskonzept? Dann lohnt sich ein Blick auf die K\u00fcchenger\u00e4te in Schwarz, Beige und Chrom. Sie zitieren den Art d\u00e9co Stil. Das verleiht dem Vintage-K\u00fcchenzubeh\u00f6r einen exquisiten Touch.<\/p>\n<h2><span class=\"ez-toc-section\" id=\"Exzellent_durchdachte_Assistenten_fuer_die_Kueche\"><\/span>Exzellent durchdachte Assistenten f\u00fcr die K\u00fcche<span class=\"ez-toc-section-end\"><\/span><\/h2>\n<p style=\"text-align: justify;\">Rund zehn Jahre nach der Gr\u00fcndung stellte SMEG den Innovationsgeist unter Beweis. Das Familienunternehmen entwickelte topmoderne Gasherde: Sie z\u00fcndeten automatisch. Ein Ventil im Backrohr forcierte die Sicherheit. Der Garvorgang lie\u00df sich programmieren. Das bescherte der Marke einen exzellenten Ruf. An der fortschrittlichen Produktphilosophie h\u00e4lt man fest. Der <a href=\"https:\/\/www.raum-blick.de\/smeg-wasserkocher\">Smeg Wasserkocher<\/a> verw\u00f6hnt nicht nur das Auge. Er begeistert mit seiner ausgereiften Funktionalit\u00e4t.<\/p>\n<p style=\"text-align: justify;\">Fast lautlos l\u00e4sst sich der Soft-Opening-Kannenverschluss bedienen. Die weite \u00d6ffnung erleichtert das Bef\u00fcllen ebenso wie das kabellose Designkonzept. Der leuchtende Kugelgriff signalisiert, dass Sie das Ger\u00e4t aktiviert haben. Danach wenden Sie sich besten Gewissens anderen Aufgaben zu. Bei hundert Grad oder Wassermangel schalten sich die SMEG K\u00fcchenger\u00e4te mit Anti-Kalkfilter automatisch ab.<\/p>\n<p><a href=\"https:\/\/www.raum-blick.de\/smeg-wasserkocher-temperaturwahl\"><img loading=\"lazy\" decoding=\"async\" class=\"aligncenter wp-image-8906 size-full\" title=\"SMEG Wasserkocher | 7 Temperaturstufen mit LED-Statusanzeige | Design: SMEG\" src=\"https:\/\/www.raum-blick.de\/magazin\/wp-content\/uploads\/2019\/09\/smeg-wasserkocher-temperaturwahl.jpg\" alt=\"smeg-wasserkocher-temperaturwahl\" width=\"600\" height=\"550\" srcset=\"https:\/\/raum-blick.de\/magazin\/wp-content\/uploads\/2019\/09\/smeg-wasserkocher-temperaturwahl.jpg 600w, https:\/\/raum-blick.de\/magazin\/wp-content\/uploads\/2019\/09\/smeg-wasserkocher-temperaturwahl-300x275.jpg 300w\" sizes=\"(max-width: 600px) 100vw, 600px\" \/><\/a><\/p>\n<p style=\"text-align: justify;\">Mollig warme Fl\u00fcssigkeit w\u00fcnscht sich der Hefeteig. Der gr\u00fcne Tee f\u00fcrs Fr\u00fchst\u00fcck entfaltet bei sechzig Grad sein volles Aroma. Das Risotto gelingt am besten, wenn Sie kochendes Wasser nachgie\u00dfen. Wer in der K\u00fcche Wert auf die Feinheiten legt, freut sich \u00fcber den weiterentwickelten <a href=\"https:\/\/www.raum-blick.de\/smeg-wasserkocher\/\">SMEG Wasserkocher<\/a>. Er erlaubt es, sieben Temperaturstufen auszuw\u00e4hlen.<\/p>\n<h2><span class=\"ez-toc-section\" id=\"Platzsparende_und_familienfreundliche_Designobjekte\"><\/span>Platzsparende und familienfreundliche Designobjekte<span class=\"ez-toc-section-end\"><\/span><\/h2>\n<p style=\"text-align: justify;\">Seit den 1970er Jahren kooperiert SMEG mit namhaften Architekten und Designern. Alle Hausger\u00e4te bereichern deshalb die dekorative Raumgestaltung. Es ist trotzdem hinderlich, wenn der K\u00fcchentresen zum Maschinenpark wird. Der erfahrene Hersteller bedenkt auch dieses Detail bei der Konzeption. Die K\u00fcchenmaschine wird bei Bedarf zum Eisbereiter. Mit einem optionalen Aufsatz zaubert sie frische Pasta-Kreationen. Das Multitalent \u00fcbernimmt versiert die Jobs diverser K\u00fcchenger\u00e4te. So bleibt beim Kochen mehr Platz f\u00fcr die Zutaten und manuellen Zubereitungsschritte.<\/p>\n<p><a href=\"https:\/\/www.raum-blick.de\/smeg-pasta-aufsaetze-set\"><img loading=\"lazy\" decoding=\"async\" class=\"aligncenter wp-image-8904 size-full\" title=\"SMEG Pasta-Zubeh\u00f6r f\u00fcr die K\u00fcchenmaschine | Lasagne-Roller, Fettuccine-Schneider, Tagliolini-Schneider\" src=\"https:\/\/www.raum-blick.de\/magazin\/wp-content\/uploads\/2019\/09\/smeg-pasta-aufsaetze-set.jpg\" alt=\"smeg-pasta-aufsaetze-set\" width=\"600\" height=\"450\" srcset=\"https:\/\/raum-blick.de\/magazin\/wp-content\/uploads\/2019\/09\/smeg-pasta-aufsaetze-set.jpg 600w, https:\/\/raum-blick.de\/magazin\/wp-content\/uploads\/2019\/09\/smeg-pasta-aufsaetze-set-300x225.jpg 300w\" sizes=\"(max-width: 600px) 100vw, 600px\" \/><\/a><\/p>\n<p style=\"text-align: justify;\">Der klassische <a href=\"https:\/\/www.raum-blick.de\/smeg-toaster\">Smeg Toaster<\/a> r\u00f6stet zwei Scheiben. Das reicht f\u00fcr die kleine St\u00e4rkung im Single-Haushalt. Wenn zwei Personen am Tisch sitzen, wird es schon eng. Beim Familienfr\u00fchst\u00fcck sind Warteschlangen vorprogrammiert. Der renommierte Haushaltsausstatter wei\u00df, dass eine ausgefallene \u00c4sthetik allein nicht \u00fcberzeugt. Er l\u00f6st bekannte Probleme mit seinen cleveren Designideen.<\/p>\n<p><a href=\"https:\/\/www.raum-blick.de\/smeg-toaster-4-schlitze\"><img loading=\"lazy\" decoding=\"async\" class=\"aligncenter wp-image-8902 size-full\" title=\"SMEG Toaster 4-Schlitze | 50-er Jahre Retro-Stil, TSF03 | Design: italienisches Design Smeg\" src=\"https:\/\/www.raum-blick.de\/magazin\/wp-content\/uploads\/2019\/09\/smeg-toaster-4-schlitze.jpg\" alt=\"smeg-toaster-4-schlitze\" width=\"600\" height=\"570\" srcset=\"https:\/\/raum-blick.de\/magazin\/wp-content\/uploads\/2019\/09\/smeg-toaster-4-schlitze.jpg 600w, https:\/\/raum-blick.de\/magazin\/wp-content\/uploads\/2019\/09\/smeg-toaster-4-schlitze-300x285.jpg 300w\" sizes=\"(max-width: 600px) 100vw, 600px\" \/><\/a><\/p>\n<p style=\"text-align: justify;\">Mit vier Schlitzen wartet der <a href=\"https:\/\/www.raum-blick.de\/smeg-toaster\/\">Toaster<\/a> TSF03 auf. Er beschleunigt die Brotr\u00f6stung enorm. Aber nicht nur das: Im Doppelpack l\u00e4sst sich das Resultat steuern. Der Zeitgewinn ist somit nicht mit Kompromissen verbunden. Alle Familienmitglieder erhalten ihre bevorzugte R\u00f6stgradstufe. Separat regelbar sind au\u00dferdem die integrierten Automatikprogramme. So bleibt der Familienfrieden gewahrt. Denn die Person mit den Sonderw\u00fcnschen ger\u00e4t nicht ins Abseits.<\/p>\n","protected":false},"excerpt":{"rendered":"<p>\u00ab K\u00fcchenausstattung als Stilerlebnis \u00bb Beim Aufwachen prasselt der Regen ans Fenster. Die Sonne scheint aufzugehen, sobald Sie die K\u00fcche betreten. Daf\u00fcr sorgen die kleinen Italiener auf dem Tresen. Ihr farbenfroher Nostalgiefaktor gleicht einem Lichtblick. Hochmodern ist das technische Konzept der SMEG K\u00fcchenmaschinen. So gelingt das \u00dcberraschende: Die allt\u00e4glichen Handgriffe im Haushalt kurbeln die gute [&hellip;]<\/p>\n","protected":false},"author":4,"featured_media":8917,"comment_status":"closed","ping_status":"open","sticky":false,"template":"","format":"standard","meta":{"_et_pb_use_builder":"","_et_pb_old_content":"","_et_gb_content_width":"","inline_featured_image":false,"footnotes":""},"categories":[7],"tags":[895,894,896,530,718,12,892,898,893,891,899,124,897,641],"class_list":["post-8898","post","type-post","status-publish","format-standard","has-post-thumbnail","hentry","category-accessoires-lifestyle","tag-espresso","tag-espressomaschine","tag-kaffeemaschine","tag-kueche","tag-kuechenausstattung","tag-kuechengeraete","tag-kuechenmaschine","tag-pasta","tag-retro","tag-smeg","tag-toaster","tag-wasserkocher","tag-zitruspresse","tag-zubehoer"],"_links":{"self":[{"href":"https:\/\/raum-blick.de\/magazin\/wp-json\/wp\/v2\/posts\/8898","targetHints":{"allow":["GET"]}}],"collection":[{"href":"https:\/\/raum-blick.de\/magazin\/wp-json\/wp\/v2\/posts"}],"about":[{"href":"https:\/\/raum-blick.de\/magazin\/wp-json\/wp\/v2\/types\/post"}],"author":[{"embeddable":true,"href":"https:\/\/raum-blick.de\/magazin\/wp-json\/wp\/v2\/users\/4"}],"replies":[{"embeddable":true,"href":"https:\/\/raum-blick.de\/magazin\/wp-json\/wp\/v2\/comments?post=8898"}],"version-history":[{"count":16,"href":"https:\/\/raum-blick.de\/magazin\/wp-json\/wp\/v2\/posts\/8898\/revisions"}],"predecessor-version":[{"id":20862,"href":"https:\/\/raum-blick.de\/magazin\/wp-json\/wp\/v2\/posts\/8898\/revisions\/20862"}],"wp:featuredmedia":[{"embeddable":true,"href":"https:\/\/raum-blick.de\/magazin\/wp-json\/wp\/v2\/media\/8917"}],"wp:attachment":[{"href":"https:\/\/raum-blick.de\/magazin\/wp-json\/wp\/v2\/media?parent=8898"}],"wp:term":[{"taxonomy":"category","embeddable":true,"href":"https:\/\/raum-blick.de\/magazin\/wp-json\/wp\/v2\/categories?post=8898"},{"taxonomy":"post_tag","embeddable":true,"href":"https:\/\/raum-blick.de\/magazin\/wp-json\/wp\/v2\/tags?post=8898"}],"curies":[{"name":"wp","href":"https:\/\/api.w.org\/{rel}","templated":true}]}}