{"id":8811,"date":"2019-07-19T12:08:00","date_gmt":"2019-07-19T10:08:00","guid":{"rendered":"https:\/\/www.raum-blick.de\/magazin\/?p=8811"},"modified":"2019-07-19T15:16:21","modified_gmt":"2019-07-19T13:16:21","slug":"beauty2go-lounge","status":"publish","type":"post","link":"https:\/\/raum-blick.de\/magazin\/beauty2go-lounge\/","title":{"rendered":"Beauty2go Lounge"},"content":{"rendered":"<h2><span class=\"ez-toc-section\" id=\"%C2%AB_Berliner_Fashion_Week_Event_fuer_aeussere_und_innere_Schoenheit_%C2%BB\"><\/span>\u00ab Berliner Fashion Week Event f\u00fcr \u00e4u\u00dfere und innere Sch\u00f6nheit \u00bb<span class=\"ez-toc-section-end\"><\/span><\/h2>\n<p style=\"text-align: justify;\"><strong>Die Beauty2go Lounge \u2013 das Event, das sich der Sch\u00f6nheit widmet, wurde \u00fcber 2 Tage w\u00e4hrend der Fashion Week in Berlin von Together Partners veranstaltet. Zahlreiche Stars und Sternchen sowie Hollywood Sch\u00f6nheit Anne Heche lie\u00dfen sich in der Beautypunch Villa verw\u00f6hnen. Bei erfrischendem Kokosnusswasser, syrischen H\u00e4ppchen und Desserts, welche Kunstwerken glichen, genossen die G\u00e4ste der Beauty2go Lounge die Sonne. Auf den von raum-blick gesponserten fatboy Sitzs\u00e4cken lie\u00dfen sie sich in der fatboy Garten Lounge fallen, tauschten sich aus und konnten den Alltagsstress hinter sich lassen.<\/strong><\/p>\n<div id=\"attachment_8822\" style=\"width: 610px\" class=\"wp-caption aligncenter\"><img loading=\"lazy\" decoding=\"async\" aria-describedby=\"caption-attachment-8822\" class=\"wp-image-8822 size-full\" title=\"Veranstalterinnen + Hollywood Sch\u00f6nheit Petra Engelking, Anne Heche, Marina Rudolph\" src=\"https:\/\/www.raum-blick.de\/magazin\/wp-content\/uploads\/2019\/08\/Veranstalterinnen-Hollywood-Schoenheit-Petra-Engelking-Anne-Heche-Marina-Rudolph.jpg\" alt=\"Veranstalterinnen + Hollywood Schoenheit Petra Engelking, Anne Heche, Marina Rudolph\" width=\"600\" height=\"527\" srcset=\"https:\/\/raum-blick.de\/magazin\/wp-content\/uploads\/2019\/08\/Veranstalterinnen-Hollywood-Schoenheit-Petra-Engelking-Anne-Heche-Marina-Rudolph.jpg 600w, https:\/\/raum-blick.de\/magazin\/wp-content\/uploads\/2019\/08\/Veranstalterinnen-Hollywood-Schoenheit-Petra-Engelking-Anne-Heche-Marina-Rudolph-300x264.jpg 300w\" sizes=\"(max-width: 600px) 100vw, 600px\" \/><p id=\"caption-attachment-8822\" class=\"wp-caption-text\">Foto: Andreas Brandt<\/p><div id=\"ez-toc-container\" class=\"ez-toc-v2_0_82_2 counter-hierarchy ez-toc-counter ez-toc-grey ez-toc-container-direction\">\n<div class=\"ez-toc-title-container\">\n<p class=\"ez-toc-title\" style=\"cursor:inherit\">Was hier auf Sie wartet<\/p>\n<span class=\"ez-toc-title-toggle\"><a href=\"#\" class=\"ez-toc-pull-right ez-toc-btn ez-toc-btn-xs ez-toc-btn-default ez-toc-toggle\" aria-label=\"Toggle Table of Content\"><span class=\"ez-toc-js-icon-con\"><span class=\"\"><span class=\"eztoc-hide\" style=\"display:none;\">Toggle<\/span><span class=\"ez-toc-icon-toggle-span\"><svg style=\"fill: #999;color:#999\" xmlns=\"http:\/\/www.w3.org\/2000\/svg\" class=\"list-377408\" width=\"20px\" height=\"20px\" viewBox=\"0 0 24 24\" fill=\"none\"><path d=\"M6 6H4v2h2V6zm14 0H8v2h12V6zM4 11h2v2H4v-2zm16 0H8v2h12v-2zM4 16h2v2H4v-2zm16 0H8v2h12v-2z\" fill=\"currentColor\"><\/path><\/svg><svg style=\"fill: #999;color:#999\" class=\"arrow-unsorted-368013\" xmlns=\"http:\/\/www.w3.org\/2000\/svg\" width=\"10px\" height=\"10px\" viewBox=\"0 0 24 24\" version=\"1.2\" baseProfile=\"tiny\"><path d=\"M18.2 9.3l-6.2-6.3-6.2 6.3c-.2.2-.3.4-.3.7s.1.5.3.7c.2.2.4.3.7.3h11c.3 0 .5-.1.7-.3.2-.2.3-.5.3-.7s-.1-.5-.3-.7zM5.8 14.7l6.2 6.3 6.2-6.3c.2-.2.3-.5.3-.7s-.1-.5-.3-.7c-.2-.2-.4-.3-.7-.3h-11c-.3 0-.5.1-.7.3-.2.2-.3.5-.3.7s.1.5.3.7z\"\/><\/svg><\/span><\/span><\/span><\/a><\/span><\/div>\n<nav><ul class='ez-toc-list ez-toc-list-level-1 ' ><li class='ez-toc-page-1 ez-toc-heading-level-2'><a class=\"ez-toc-link ez-toc-heading-1\" href=\"https:\/\/raum-blick.de\/magazin\/beauty2go-lounge\/#%C2%AB_Berliner_Fashion_Week_Event_fuer_aeussere_und_innere_Schoenheit_%C2%BB\" >\u00ab Berliner Fashion Week Event f\u00fcr \u00e4u\u00dfere und innere Sch\u00f6nheit \u00bb<\/a><\/li><li class='ez-toc-page-1 ez-toc-heading-level-2'><a class=\"ez-toc-link ez-toc-heading-2\" href=\"https:\/\/raum-blick.de\/magazin\/beauty2go-lounge\/#raum-blick_und_die_Fashion_Week_in_Berlin\" >raum-blick und die Fashion Week in Berlin<\/a><\/li><li class='ez-toc-page-1 ez-toc-heading-level-2'><a class=\"ez-toc-link ez-toc-heading-3\" href=\"https:\/\/raum-blick.de\/magazin\/beauty2go-lounge\/#Entspannen_im_Garten\" >Entspannen im Garten<\/a><\/li><li class='ez-toc-page-1 ez-toc-heading-level-2'><a class=\"ez-toc-link ez-toc-heading-4\" href=\"https:\/\/raum-blick.de\/magazin\/beauty2go-lounge\/#Schoene_Designs_die_sich_wahrlich_ueberall_einsetzen_lassen\" >Sch\u00f6ne Designs, die sich wahrlich \u00fcberall einsetzen lassen<\/a><\/li><\/ul><\/nav><\/div>\n<\/div>\n<h2><span class=\"ez-toc-section\" id=\"raum-blick_und_die_Fashion_Week_in_Berlin\"><\/span>raum-blick und die Fashion Week in Berlin<span class=\"ez-toc-section-end\"><\/span><\/h2>\n<p style=\"text-align: justify;\">Tr\u00e4umen wir nicht alle davon, als attraktiv wahrgenommen zu werden? Wollen wir nicht alle f\u00fcr unsere innere sowie \u00e4u\u00dfere Sch\u00f6nheit begehrt werden?<\/p>\n<p><img loading=\"lazy\" decoding=\"async\" class=\"aligncenter wp-image-8826 size-full\" title=\"Beauty2go Lounge &amp; Fatboy-Ecke\" src=\"https:\/\/www.raum-blick.de\/magazin\/wp-content\/uploads\/2019\/08\/Beauty-2-go-Lounge-Fatboy-Ecke.jpg\" alt=\"Beauty 2 go Lounge Fatboy Ecke\" width=\"600\" height=\"400\" srcset=\"https:\/\/raum-blick.de\/magazin\/wp-content\/uploads\/2019\/08\/Beauty-2-go-Lounge-Fatboy-Ecke.jpg 600w, https:\/\/raum-blick.de\/magazin\/wp-content\/uploads\/2019\/08\/Beauty-2-go-Lounge-Fatboy-Ecke-300x200.jpg 300w\" sizes=\"(max-width: 600px) 100vw, 600px\" \/><\/p>\n<p style=\"text-align: justify;\">raum-blick steht f\u00fcr die sch\u00f6nen Dinge im Leben, weshalb wir bei der Fashion-Week Berlin gerne dabei waren. Als Partner pr\u00e4sent zu sein und f\u00fcr die Beauty2go Lounge den Au\u00dfenbereich, die fatboy Garten-Lounge, zu gestalten, war eine tolle Aufgabe f\u00fcr unser Team und ein echtes Erlebnis.<\/p>\n<p><img loading=\"lazy\" decoding=\"async\" class=\"aligncenter wp-image-8836 size-full\" title=\"Beauty2go Lounge und Fatboy Sitzs\u00e4cke\" src=\"https:\/\/www.raum-blick.de\/magazin\/wp-content\/uploads\/2019\/08\/Beauty-2-go-lounge-Fatboy-Sitzsaecke.jpg\" alt=\"Beauty 2 go lounge Fatboy Sitzsaecke\" width=\"600\" height=\"400\" srcset=\"https:\/\/raum-blick.de\/magazin\/wp-content\/uploads\/2019\/08\/Beauty-2-go-lounge-Fatboy-Sitzsaecke.jpg 600w, https:\/\/raum-blick.de\/magazin\/wp-content\/uploads\/2019\/08\/Beauty-2-go-lounge-Fatboy-Sitzsaecke-300x200.jpg 300w\" sizes=\"(max-width: 600px) 100vw, 600px\" \/><\/p>\n<h2><span class=\"ez-toc-section\" id=\"Entspannen_im_Garten\"><\/span>Entspannen im Garten<span class=\"ez-toc-section-end\"><\/span><\/h2>\n<p style=\"text-align: justify;\">&#8222;Mann, sind die gem\u00fctlich! Hier k\u00f6nnte ich den ganzen Tag sitzen&#8220;, schw\u00e4rmte ein Influencer, der sich mit anderen G\u00e4sten in der extra eingerichteten Garten-Lounge unterhielt. W\u00e4hrend die Beauty-Anwendungen der Beauty2go Lounge auf die Haut der G\u00e4ste einwirkten, konnten diese sich in der fatboy Garten-Lounge um ihre innere Sch\u00f6nheit k\u00fcmmern.<\/p>\n<p><img loading=\"lazy\" decoding=\"async\" class=\"aligncenter wp-image-8832 size-full\" title=\"Beauty2go Lounge | Fatboy und raum-blick Ecke\" src=\"https:\/\/www.raum-blick.de\/magazin\/wp-content\/uploads\/2019\/08\/Beauty2go-Lounge-fatboy-Raumblick-ecke.jpg\" alt=\"Beauty2go Lounge fatboy Raumblick ecke\" width=\"600\" height=\"400\" srcset=\"https:\/\/raum-blick.de\/magazin\/wp-content\/uploads\/2019\/08\/Beauty2go-Lounge-fatboy-Raumblick-ecke.jpg 600w, https:\/\/raum-blick.de\/magazin\/wp-content\/uploads\/2019\/08\/Beauty2go-Lounge-fatboy-Raumblick-ecke-300x200.jpg 300w\" sizes=\"(max-width: 600px) 100vw, 600px\" \/><\/p>\n<p style=\"text-align: justify;\">Ein ungezwungenes Gespr\u00e4ch ist ja bekanntlich Balsam f\u00fcr die Seele und mit den richtigen Menschen, kann ein Austausch heilen und die innere Sch\u00f6nheit st\u00e4rken. Ein Gl\u00fcck, dass sich einige auf dem Beauty2go Lounge Event bereits kannten und jene, die sich neu begegneten, gingen offen aufeinander zu, sodass Gespr\u00e4che f\u00fcr die innere Sch\u00f6nheit nicht zur Seltenheit wurden.<\/p>\n<div id=\"attachment_8828\" style=\"width: 610px\" class=\"wp-caption aligncenter\"><img loading=\"lazy\" decoding=\"async\" aria-describedby=\"caption-attachment-8828\" class=\"wp-image-8828 size-full\" title=\"BE BOLD - Fatboy People\" src=\"https:\/\/www.raum-blick.de\/magazin\/wp-content\/uploads\/2019\/08\/Bold-Fatboy-People.jpg\" alt=\"Bold Fatboy People\" width=\"600\" height=\"401\" srcset=\"https:\/\/raum-blick.de\/magazin\/wp-content\/uploads\/2019\/08\/Bold-Fatboy-People.jpg 600w, https:\/\/raum-blick.de\/magazin\/wp-content\/uploads\/2019\/08\/Bold-Fatboy-People-300x201.jpg 300w, https:\/\/raum-blick.de\/magazin\/wp-content\/uploads\/2019\/08\/Bold-Fatboy-People-110x75.jpg 110w\" sizes=\"(max-width: 600px) 100vw, 600px\" \/><p id=\"caption-attachment-8828\" class=\"wp-caption-text\">Foto: Manfred Behrens<\/p><\/div>\n<p style=\"text-align: justify;\">Weicher Stoff, gro\u00dfe Liegefl\u00e4chen und das Gef\u00fchl auf Wolken zu sitzen, regten zum Bleiben und Verweilen an. W\u00e4hrend die <a href=\"https:\/\/www.raum-blick.de\/fatboy\/\">fatboy Sitzs\u00e4cke im Garten<\/a> das Sitzen optimierten und die wei\u00dfen Plat-O-Beistelltische elegant die Getr\u00e4nke hielten, sorgten die pinken, samtweichen Poufs f\u00fcr ein Eye-Catcher an der Fotowand. Hier konnten die G\u00e4ste der Beauty2go Lounge ein Erinnerungsfoto abstauben \u2013 mit fatboy und den Sponsoren wie raum-blick im Hintergrund.<\/p>\n<p><img loading=\"lazy\" decoding=\"async\" class=\"aligncenter wp-image-8834 size-full\" title=\"Entspannen im Garten\" src=\"https:\/\/www.raum-blick.de\/magazin\/wp-content\/uploads\/2019\/08\/Entspannen-im-Garten.jpg\" alt=\"Entspannen im Garten\" width=\"600\" height=\"600\" srcset=\"https:\/\/raum-blick.de\/magazin\/wp-content\/uploads\/2019\/08\/Entspannen-im-Garten.jpg 600w, https:\/\/raum-blick.de\/magazin\/wp-content\/uploads\/2019\/08\/Entspannen-im-Garten-150x150.jpg 150w, https:\/\/raum-blick.de\/magazin\/wp-content\/uploads\/2019\/08\/Entspannen-im-Garten-300x300.jpg 300w\" sizes=\"(max-width: 600px) 100vw, 600px\" \/><\/p>\n<h2><span class=\"ez-toc-section\" id=\"Schoene_Designs_die_sich_wahrlich_ueberall_einsetzen_lassen\"><\/span>Sch\u00f6ne Designs, die sich wahrlich \u00fcberall einsetzen lassen<span class=\"ez-toc-section-end\"><\/span><\/h2>\n<p style=\"text-align: justify;\">Wahrlich, ob zu einer Gartenparty, einem gem\u00fctlichen Abend zu zweit, dem Familienessen auf der Terrasse oder dem Nachmittag nach der Schule: fatboy \u201ethe original\u201c, zu finden bei <a href=\"https:\/\/www.raum-blick.de\/\">raum-blick<\/a>, vers\u00fc\u00dft Ihre Zeit auf alle F\u00e4lle. Die zahlreichen Farbvarianten lassen sich mit jedem Stil vereinen, sodass Sie von rockig bis mediterran jeden Look erzeugen k\u00f6nnen.<\/p>\n<p><img loading=\"lazy\" decoding=\"async\" class=\"aligncenter wp-image-8838 size-full\" title=\"Beauty2go Lounge Fatboy, Ecke 2\" src=\"https:\/\/www.raum-blick.de\/magazin\/wp-content\/uploads\/2019\/08\/Beauty-2-go-Lounge-Fatboy-Ecke-2.jpg\" alt=\"Beauty 2 go Lounge Fatboy Ecke 2\" width=\"600\" height=\"800\" srcset=\"https:\/\/raum-blick.de\/magazin\/wp-content\/uploads\/2019\/08\/Beauty-2-go-Lounge-Fatboy-Ecke-2.jpg 600w, https:\/\/raum-blick.de\/magazin\/wp-content\/uploads\/2019\/08\/Beauty-2-go-Lounge-Fatboy-Ecke-2-225x300.jpg 225w\" sizes=\"(max-width: 600px) 100vw, 600px\" \/><\/p>\n<p style=\"text-align: justify;\">Und um Look geht es ja schlie\u00dflich auch in der Beauty2go Lounge. Ob Poufs, Sitzs\u00e4cke, Beistelltische, Teppiche oder Leuchten das fatboy-Sortiment ist gro\u00df und bietet Ihnen die M\u00f6glichkeit einen Ort zu kreieren, der Ihre innere Sch\u00f6nheit f\u00f6rdert und Ihre \u00e4u\u00dfere Sch\u00f6nheit in das richtige Licht r\u00fcckt.<\/p>\n<div id=\"attachment_8842\" style=\"width: 610px\" class=\"wp-caption aligncenter\"><img loading=\"lazy\" decoding=\"async\" aria-describedby=\"caption-attachment-8842\" class=\"wp-image-8842 size-full\" title=\"J\u00fcrgen Meyknecht\" src=\"https:\/\/www.raum-blick.de\/magazin\/wp-content\/uploads\/2019\/08\/B2G_Juergen-Meyknecht.jpg\" alt=\"B2G_Juergen Meyknecht\" width=\"600\" height=\"600\" srcset=\"https:\/\/raum-blick.de\/magazin\/wp-content\/uploads\/2019\/08\/B2G_Juergen-Meyknecht.jpg 600w, https:\/\/raum-blick.de\/magazin\/wp-content\/uploads\/2019\/08\/B2G_Juergen-Meyknecht-150x150.jpg 150w, https:\/\/raum-blick.de\/magazin\/wp-content\/uploads\/2019\/08\/B2G_Juergen-Meyknecht-300x300.jpg 300w\" sizes=\"(max-width: 600px) 100vw, 600px\" \/><p id=\"caption-attachment-8842\" class=\"wp-caption-text\">Foto: Andreas Brandt<\/p><\/div>\n<div id=\"attachment_8844\" style=\"width: 610px\" class=\"wp-caption aligncenter\"><img loading=\"lazy\" decoding=\"async\" aria-describedby=\"caption-attachment-8844\" class=\"wp-image-8844 size-full\" title=\"Vicente Januario und Begleitung\" src=\"https:\/\/www.raum-blick.de\/magazin\/wp-content\/uploads\/2019\/08\/B2G_Vicente-Januario-Begleitung.jpg\" alt=\"B2G_Vicente Januario Begleitung\" width=\"600\" height=\"900\" srcset=\"https:\/\/raum-blick.de\/magazin\/wp-content\/uploads\/2019\/08\/B2G_Vicente-Januario-Begleitung.jpg 600w, https:\/\/raum-blick.de\/magazin\/wp-content\/uploads\/2019\/08\/B2G_Vicente-Januario-Begleitung-200x300.jpg 200w\" sizes=\"(max-width: 600px) 100vw, 600px\" \/><p id=\"caption-attachment-8844\" class=\"wp-caption-text\">Foto: Andreas Brandt<\/p><\/div>\n<div id=\"attachment_8846\" style=\"width: 610px\" class=\"wp-caption aligncenter\"><img loading=\"lazy\" decoding=\"async\" aria-describedby=\"caption-attachment-8846\" class=\"wp-image-8846 size-full\" title=\"Vicente Januario\" src=\"https:\/\/www.raum-blick.de\/magazin\/wp-content\/uploads\/2019\/08\/B2G_Vicente-Januario.jpg\" alt=\"B2G_Vicente Januario\" width=\"600\" height=\"900\" srcset=\"https:\/\/raum-blick.de\/magazin\/wp-content\/uploads\/2019\/08\/B2G_Vicente-Januario.jpg 600w, https:\/\/raum-blick.de\/magazin\/wp-content\/uploads\/2019\/08\/B2G_Vicente-Januario-200x300.jpg 200w\" sizes=\"(max-width: 600px) 100vw, 600px\" \/><p id=\"caption-attachment-8846\" class=\"wp-caption-text\">Foto: Andreas Brandt<\/p><\/div>\n<div id=\"attachment_8848\" style=\"width: 610px\" class=\"wp-caption aligncenter\"><img loading=\"lazy\" decoding=\"async\" aria-describedby=\"caption-attachment-8848\" class=\"wp-image-8848 size-full\" title=\"Vivi Schmidt\" src=\"https:\/\/www.raum-blick.de\/magazin\/wp-content\/uploads\/2019\/08\/B2G_Vivi-Schmidt.jpg\" alt=\"B2G_Vivi Schmidt\" width=\"600\" height=\"900\" srcset=\"https:\/\/raum-blick.de\/magazin\/wp-content\/uploads\/2019\/08\/B2G_Vivi-Schmidt.jpg 600w, https:\/\/raum-blick.de\/magazin\/wp-content\/uploads\/2019\/08\/B2G_Vivi-Schmidt-200x300.jpg 200w\" sizes=\"(max-width: 600px) 100vw, 600px\" \/><p id=\"caption-attachment-8848\" class=\"wp-caption-text\">Foto: Andreas Brandt<\/p><\/div>\n<div id=\"attachment_8840\" style=\"width: 610px\" class=\"wp-caption aligncenter\"><img loading=\"lazy\" decoding=\"async\" aria-describedby=\"caption-attachment-8840\" class=\"wp-image-8840 size-full\" title=\"Zora Alber\" src=\"https:\/\/www.raum-blick.de\/magazin\/wp-content\/uploads\/2019\/08\/B2G_Zora-Alber1.jpg\" alt=\"B2G_Zora Alber1\" width=\"600\" height=\"900\" srcset=\"https:\/\/raum-blick.de\/magazin\/wp-content\/uploads\/2019\/08\/B2G_Zora-Alber1.jpg 600w, https:\/\/raum-blick.de\/magazin\/wp-content\/uploads\/2019\/08\/B2G_Zora-Alber1-200x300.jpg 200w\" sizes=\"(max-width: 600px) 100vw, 600px\" \/><p id=\"caption-attachment-8840\" class=\"wp-caption-text\">Foto: Andreas Brandt<\/p><\/div>\n<div id=\"attachment_8850\" style=\"width: 610px\" class=\"wp-caption aligncenter\"><img loading=\"lazy\" decoding=\"async\" aria-describedby=\"caption-attachment-8850\" class=\"wp-image-8850 size-full\" title=\"Caroline Beil\" src=\"https:\/\/www.raum-blick.de\/magazin\/wp-content\/uploads\/2019\/08\/Caroline-Beil.jpg\" alt=\"Caroline Beil\" width=\"600\" height=\"900\" srcset=\"https:\/\/raum-blick.de\/magazin\/wp-content\/uploads\/2019\/08\/Caroline-Beil.jpg 600w, https:\/\/raum-blick.de\/magazin\/wp-content\/uploads\/2019\/08\/Caroline-Beil-200x300.jpg 200w\" sizes=\"(max-width: 600px) 100vw, 600px\" \/><p id=\"caption-attachment-8850\" class=\"wp-caption-text\">Foto: Andreas Brandt<\/p><\/div>\n<div id=\"attachment_8852\" style=\"width: 610px\" class=\"wp-caption aligncenter\"><img loading=\"lazy\" decoding=\"async\" aria-describedby=\"caption-attachment-8852\" class=\"wp-image-8852 size-full\" title=\"Gesine Cukrowski\" src=\"https:\/\/www.raum-blick.de\/magazin\/wp-content\/uploads\/2019\/08\/Gesine-Crukowski.jpg\" alt=\"Gesine Cukrowski\" width=\"600\" height=\"900\" srcset=\"https:\/\/raum-blick.de\/magazin\/wp-content\/uploads\/2019\/08\/Gesine-Crukowski.jpg 600w, https:\/\/raum-blick.de\/magazin\/wp-content\/uploads\/2019\/08\/Gesine-Crukowski-200x300.jpg 200w\" sizes=\"(max-width: 600px) 100vw, 600px\" \/><p id=\"caption-attachment-8852\" class=\"wp-caption-text\">Foto: Andreas Brandt<\/p><\/div>\n<\/p>","protected":false},"excerpt":{"rendered":"<p>\u00ab Berliner Fashion Week Event f\u00fcr \u00e4u\u00dfere und innere Sch\u00f6nheit \u00bb Die Beauty2go Lounge \u2013 das Event, das sich der Sch\u00f6nheit widmet, wurde \u00fcber 2 Tage w\u00e4hrend der Fashion Week in Berlin von Together Partners veranstaltet. Zahlreiche Stars und Sternchen sowie Hollywood Sch\u00f6nheit Anne Heche lie\u00dfen sich in der Beautypunch Villa verw\u00f6hnen. Bei erfrischendem Kokosnusswasser, [&hellip;]<\/p>\n","protected":false},"author":4,"featured_media":8821,"comment_status":"closed","ping_status":"open","sticky":false,"template":"","format":"standard","meta":{"_et_pb_use_builder":"","_et_pb_old_content":"","_et_gb_content_width":"","inline_featured_image":false,"footnotes":""},"categories":[1],"tags":[879,881,880,33,54,877],"class_list":["post-8811","post","type-post","status-publish","format-standard","has-post-thumbnail","hentry","category-drinnen","tag-beauty2go","tag-berlin","tag-fashion-week","tag-garten","tag-lounge","tag-raum-blick"],"_links":{"self":[{"href":"https:\/\/raum-blick.de\/magazin\/wp-json\/wp\/v2\/posts\/8811","targetHints":{"allow":["GET"]}}],"collection":[{"href":"https:\/\/raum-blick.de\/magazin\/wp-json\/wp\/v2\/posts"}],"about":[{"href":"https:\/\/raum-blick.de\/magazin\/wp-json\/wp\/v2\/types\/post"}],"author":[{"embeddable":true,"href":"https:\/\/raum-blick.de\/magazin\/wp-json\/wp\/v2\/users\/4"}],"replies":[{"embeddable":true,"href":"https:\/\/raum-blick.de\/magazin\/wp-json\/wp\/v2\/comments?post=8811"}],"version-history":[{"count":28,"href":"https:\/\/raum-blick.de\/magazin\/wp-json\/wp\/v2\/posts\/8811\/revisions"}],"predecessor-version":[{"id":8854,"href":"https:\/\/raum-blick.de\/magazin\/wp-json\/wp\/v2\/posts\/8811\/revisions\/8854"}],"wp:featuredmedia":[{"embeddable":true,"href":"https:\/\/raum-blick.de\/magazin\/wp-json\/wp\/v2\/media\/8821"}],"wp:attachment":[{"href":"https:\/\/raum-blick.de\/magazin\/wp-json\/wp\/v2\/media?parent=8811"}],"wp:term":[{"taxonomy":"category","embeddable":true,"href":"https:\/\/raum-blick.de\/magazin\/wp-json\/wp\/v2\/categories?post=8811"},{"taxonomy":"post_tag","embeddable":true,"href":"https:\/\/raum-blick.de\/magazin\/wp-json\/wp\/v2\/tags?post=8811"}],"curies":[{"name":"wp","href":"https:\/\/api.w.org\/{rel}","templated":true}]}}