{"id":8702,"date":"2019-07-16T09:36:35","date_gmt":"2019-07-16T07:36:35","guid":{"rendered":"https:\/\/www.raum-blick.de\/magazin\/?p=8702"},"modified":"2024-08-28T10:38:17","modified_gmt":"2024-08-28T08:38:17","slug":"dachterrasse-gestalten","status":"publish","type":"post","link":"https:\/\/raum-blick.de\/magazin\/dachterrasse-gestalten\/","title":{"rendered":"Dachterrasse gestalten"},"content":{"rendered":"<h2><span class=\"ez-toc-section\" id=\"%C2%AB_Oase_der_Entspannung_%C2%BB\"><\/span>\u00ab Oase der Entspannung \u00bb<span class=\"ez-toc-section-end\"><\/span><\/h2>\n<p style=\"text-align: justify;\"><strong>Unten beherrscht der allt\u00e4gliche Trubel die City. Einige Etagen h\u00f6her relaxen die Gl\u00fcckspilze in ihrem privaten Sommerparadies. Die Dachterrasse ist daf\u00fcr geschaffen, sich den st\u00e4dtischen Lifestyle zu vers\u00fc\u00dfen. Setzen Sie auf vielseitige Gestaltungsideen. Dann wird der urbane Garten zum Lebensmittelpunkt, dem Sie nur ungern den R\u00fccken kehren. <\/strong><\/p>\n<h2><span class=\"ez-toc-section\" id=\"Schickes_Plaetzchen_fuers_vertraeumte_Sonnenbad\"><\/span>Schickes Pl\u00e4tzchen f\u00fcrs vertr\u00e4umte Sonnenbad<span class=\"ez-toc-section-end\"><\/span><\/h2>\n<p style=\"text-align: justify;\">Die Sonne meint es gut. Das Thermometer knackt die 30-Grad-Marke. Wie sch\u00f6n w\u00e4re es, nach den beruflichen Verpflichtungen sofort den Strand anzusteuern. Fern der K\u00fcste bleibt das eine Illusion. Die Realit\u00e4t n\u00e4hert sich aber dem Traum, wenn Sie eine chillige Dachterrasse gestalten. An das Flair tropischer S\u00fcdseeinseln erinnert die <a href=\"https:\/\/www.raum-blick.de\/fatboy-haengematten-set-deluxe\">l\u00e4ssige H\u00e4ngematte von Fatboy<\/a>. Die Sonnenstrahlen verw\u00f6hnen die Haut. Beruhigend wirkt das sanfte Schaukeln. Wenige Minuten sp\u00e4ter sind Sie geistig im Urlaubsparadies angekommen. Angenehm relativiert der leichte Wind die Sommerhitze.<\/p><div id=\"ez-toc-container\" class=\"ez-toc-v2_0_82_2 counter-hierarchy ez-toc-counter ez-toc-grey ez-toc-container-direction\">\n<div class=\"ez-toc-title-container\">\n<p class=\"ez-toc-title\" style=\"cursor:inherit\">Was hier auf Sie wartet<\/p>\n<span class=\"ez-toc-title-toggle\"><a href=\"#\" class=\"ez-toc-pull-right ez-toc-btn ez-toc-btn-xs ez-toc-btn-default ez-toc-toggle\" aria-label=\"Toggle Table of Content\"><span class=\"ez-toc-js-icon-con\"><span class=\"\"><span class=\"eztoc-hide\" style=\"display:none;\">Toggle<\/span><span class=\"ez-toc-icon-toggle-span\"><svg style=\"fill: #999;color:#999\" xmlns=\"http:\/\/www.w3.org\/2000\/svg\" class=\"list-377408\" width=\"20px\" height=\"20px\" viewBox=\"0 0 24 24\" fill=\"none\"><path d=\"M6 6H4v2h2V6zm14 0H8v2h12V6zM4 11h2v2H4v-2zm16 0H8v2h12v-2zM4 16h2v2H4v-2zm16 0H8v2h12v-2z\" fill=\"currentColor\"><\/path><\/svg><svg style=\"fill: #999;color:#999\" class=\"arrow-unsorted-368013\" xmlns=\"http:\/\/www.w3.org\/2000\/svg\" width=\"10px\" height=\"10px\" viewBox=\"0 0 24 24\" version=\"1.2\" baseProfile=\"tiny\"><path d=\"M18.2 9.3l-6.2-6.3-6.2 6.3c-.2.2-.3.4-.3.7s.1.5.3.7c.2.2.4.3.7.3h11c.3 0 .5-.1.7-.3.2-.2.3-.5.3-.7s-.1-.5-.3-.7zM5.8 14.7l6.2 6.3 6.2-6.3c.2-.2.3-.5.3-.7s-.1-.5-.3-.7c-.2-.2-.4-.3-.7-.3h-11c-.3 0-.5.1-.7.3-.2.2-.3.5-.3.7s.1.5.3.7z\"\/><\/svg><\/span><\/span><\/span><\/a><\/span><\/div>\n<nav><ul class='ez-toc-list ez-toc-list-level-1 ' ><li class='ez-toc-page-1 ez-toc-heading-level-2'><a class=\"ez-toc-link ez-toc-heading-1\" href=\"https:\/\/raum-blick.de\/magazin\/dachterrasse-gestalten\/#%C2%AB_Oase_der_Entspannung_%C2%BB\" >\u00ab Oase der Entspannung \u00bb<\/a><\/li><li class='ez-toc-page-1 ez-toc-heading-level-2'><a class=\"ez-toc-link ez-toc-heading-2\" href=\"https:\/\/raum-blick.de\/magazin\/dachterrasse-gestalten\/#Schickes_Plaetzchen_fuers_vertraeumte_Sonnenbad\" >Schickes Pl\u00e4tzchen f\u00fcrs vertr\u00e4umte Sonnenbad<\/a><\/li><li class='ez-toc-page-1 ez-toc-heading-level-2'><a class=\"ez-toc-link ez-toc-heading-3\" href=\"https:\/\/raum-blick.de\/magazin\/dachterrasse-gestalten\/#Dinieren_wie_im_Sueden\" >Dinieren wie im S\u00fcden<\/a><\/li><li class='ez-toc-page-1 ez-toc-heading-level-2'><a class=\"ez-toc-link ez-toc-heading-4\" href=\"https:\/\/raum-blick.de\/magazin\/dachterrasse-gestalten\/#Gruesse_aus_der_Natur_zum_Vernaschen\" >Gr\u00fc\u00dfe aus der Natur zum Vernaschen<\/a><\/li><li class='ez-toc-page-1 ez-toc-heading-level-2'><a class=\"ez-toc-link ez-toc-heading-5\" href=\"https:\/\/raum-blick.de\/magazin\/dachterrasse-gestalten\/#Multifunktionale_Accessoires_fuers_Ambiente\" >Multifunktionale Accessoires f\u00fcrs Ambiente<\/a><\/li><li class='ez-toc-page-1 ez-toc-heading-level-2'><a class=\"ez-toc-link ez-toc-heading-6\" href=\"https:\/\/raum-blick.de\/magazin\/dachterrasse-gestalten\/#Schicke_Schattenspender_und_Waermequellen\" >Schicke Schattenspender und W\u00e4rmequellen<\/a><\/li><\/ul><\/nav><\/div>\n\n<p><a href=\"https:\/\/www.raum-blick.de\/fatboy-haengematten-set-deluxe\"><img loading=\"lazy\" decoding=\"async\" class=\"aligncenter wp-image-8742 size-full\" title=\"Set - Fatboy Headdemock Deluxe H\u00e4ngematte inkl. Gestell, Kissen und Abdeckplane | Design: Fatboy\" src=\"https:\/\/www.raum-blick.de\/magazin\/wp-content\/uploads\/2019\/08\/fatboy-haengematten-set-deluxe.jpg\" alt=\"fatboy-haengematten-set-deluxe\" width=\"600\" height=\"590\" srcset=\"https:\/\/raum-blick.de\/magazin\/wp-content\/uploads\/2019\/08\/fatboy-haengematten-set-deluxe.jpg 600w, https:\/\/raum-blick.de\/magazin\/wp-content\/uploads\/2019\/08\/fatboy-haengematten-set-deluxe-300x295.jpg 300w\" sizes=\"(max-width: 600px) 100vw, 600px\" \/><\/a><\/p>\n<p style=\"text-align: justify;\">Das sch\u00fcrt die Sehnsucht, die Nacht im Freien zu verbringen. Gl\u00fccklicherweise hat die niederl\u00e4ndische Marke beim Entwurf der Outdoor-M\u00f6bel an alles gedacht: Ein Kissen z\u00e4hlt ebenso zum Set wie die Schutzh\u00fclle f\u00fcr Regentage. Optional erh\u00e4ltlich ist ein M\u00fcckenschutz f\u00fcrs Schlummern unter Sternen. Wer beim Chillen eher von einer luxuri\u00f6sen Kreuzfahrt tr\u00e4umt, liegt mit den <a href=\"https:\/\/www.raum-blick.de\/skagerak-steamer-deck-chair-liegestuhl\">Deckchairs von Skagerak<\/a> richtig. Ihre Vorbilder z\u00e4hlten zur Ausstattung von der Titanic. Seither kommt Fernweh auf, sobald die symboltr\u00e4chtigen Gartenm\u00f6bel ins Blickfeld geraten.<\/p>\n<p><a href=\"https:\/\/www.raum-blick.de\/skagerak-steamer-deck-chair-liegestuhl\"><img loading=\"lazy\" decoding=\"async\" class=\"aligncenter wp-image-8739 size-full\" title=\"Skagerak Steamer Deckchair \/ Liegestuhl\" src=\"https:\/\/www.raum-blick.de\/magazin\/wp-content\/uploads\/2019\/08\/skagerak-steamer-deck-chair-liegestuhl.jpg\" alt=\"skagerak-steamer-deck-chair-liegestuhl\" width=\"600\" height=\"480\" srcset=\"https:\/\/raum-blick.de\/magazin\/wp-content\/uploads\/2019\/08\/skagerak-steamer-deck-chair-liegestuhl.jpg 600w, https:\/\/raum-blick.de\/magazin\/wp-content\/uploads\/2019\/08\/skagerak-steamer-deck-chair-liegestuhl-300x240.jpg 300w\" sizes=\"(max-width: 600px) 100vw, 600px\" \/><\/a><\/p>\n<h2><span class=\"ez-toc-section\" id=\"Dinieren_wie_im_Sueden\"><\/span>Dinieren wie im S\u00fcden<span class=\"ez-toc-section-end\"><\/span><\/h2>\n<p style=\"text-align: justify;\">Ofenwarmes Olivenbrot, aromareiche Antipasti, erfrischende Wassermelone und vieles mehr: Die gedeckte Tafel gleicht einer Hommage an die mediterrane Lebensart. Beherzt umarmen sich die ankommenden Freunde. Ungezwungen zelebrieren sie den Sommerabend auf der Terrasse. Die s\u00fcdl\u00e4ndische Szenerie verdeutlicht: Gartenm\u00f6bel f\u00fcr den kulinarischen Treffpunkt sind unverzichtbar. Greifen Sie dabei nach den Sternen, wenn Sie eine gro\u00dfz\u00fcgige Dachterrasse haben. Reichlich Platz bietet der aus Aluminium und Teak gefertigte <a href=\"https:\/\/www.raum-blick.de\/fast-radice-quadra-tisch\">Radice Qudra Tisch von fast<\/a>. Fabelhaft erg\u00e4nzen die stapelbaren St\u00fchle Forest die Sitzgruppe.<\/p>\n<p><a href=\"https:\/\/www.raum-blick.de\/fast-radice-quadra-tisch\"><img loading=\"lazy\" decoding=\"async\" class=\"aligncenter wp-image-8737 size-full\" title=\"fast Radice Quadra Tisch aus Aluminium | made in Italy\" src=\"https:\/\/www.raum-blick.de\/magazin\/wp-content\/uploads\/2019\/08\/fast-radice-quadra-tisch.jpg\" alt=\"fast-radice-quadra-tisch\" width=\"600\" height=\"600\" srcset=\"https:\/\/raum-blick.de\/magazin\/wp-content\/uploads\/2019\/08\/fast-radice-quadra-tisch.jpg 600w, https:\/\/raum-blick.de\/magazin\/wp-content\/uploads\/2019\/08\/fast-radice-quadra-tisch-150x150.jpg 150w, https:\/\/raum-blick.de\/magazin\/wp-content\/uploads\/2019\/08\/fast-radice-quadra-tisch-300x300.jpg 300w\" sizes=\"(max-width: 600px) 100vw, 600px\" \/><\/a><\/p>\n<p style=\"text-align: justify;\">Das trendige Stadtszenario umgibt ihre Ruheoase. Beim Feierabend sehnen Sie sich nach der beruhigenden Kraft idyllischer Landschaften. Es erscheint stimmig, wenn die M\u00f6bel beide Aspekte widerspiegeln. Dieser Spagat gelingt der Kollektion mit italienischem Design pr\u00e4chtig. Schick erscheint das pulverbeschichtete Metall. Naturbez\u00fcge ergeben sich nicht nur durch die Tischplatte aus Holz. Die Sitzschalen skizzieren abstrakt die \u00c4ste eines Baums. So gestalten die Outdoor-M\u00f6bel mit ihrer kontrastreichen \u00c4sthetik die Dachterrasse. Ihre wetterbest\u00e4ndigen Materialien erlauben die Nutzung rund ums Jahr. Das sind blendende Voraussetzungen f\u00fcr Frischluftvergn\u00fcgen mit w\u00fcrzigem Gl\u00fchwein am sonnenverw\u00f6hnten Wintertag.<\/p>\n<p><img loading=\"lazy\" decoding=\"async\" class=\"aligncenter wp-image-8734 size-full\" title=\"fast FOREST Aluminium-Stuhl | made in Italy\" src=\"https:\/\/www.raum-blick.de\/magazin\/wp-content\/uploads\/2019\/08\/fast-forest-stuhl.jpg\" alt=\"fast-forest-stuhl\" width=\"600\" height=\"600\" srcset=\"https:\/\/raum-blick.de\/magazin\/wp-content\/uploads\/2019\/08\/fast-forest-stuhl.jpg 600w, https:\/\/raum-blick.de\/magazin\/wp-content\/uploads\/2019\/08\/fast-forest-stuhl-150x150.jpg 150w, https:\/\/raum-blick.de\/magazin\/wp-content\/uploads\/2019\/08\/fast-forest-stuhl-300x300.jpg 300w\" sizes=\"(max-width: 600px) 100vw, 600px\" \/><\/p>\n<h2><span class=\"ez-toc-section\" id=\"Gruesse_aus_der_Natur_zum_Vernaschen\"><\/span>Gr\u00fc\u00dfe aus der Natur zum Vernaschen<span class=\"ez-toc-section-end\"><\/span><\/h2>\n<p style=\"text-align: justify;\">Gelbe Osterglocken begr\u00fc\u00dfen den Fr\u00fchling. Tiefrote Geranien signieren die Sommermonate. Erika im zarten Rosa begleiten den Herbst. Es ist \u00fcblich, mit Blumen die Terrasse farbenfroh zu gestalten. Genie\u00dfer bevorzugen inzwischen einen anderen Ansatz. Erdbeeren, Staudensellerie und Feldsalat gedeihen pr\u00e4chtig auf dem Balkon. Das urbane Gartenprojekt gelingt noch besser auf der Dachterrasse. Dort sind die Lichtverh\u00e4ltnisse optimal. Kehren Sie das Prinzip um: Entscheiden Sie sich f\u00fcr bunte Pflanzgef\u00e4\u00dfe, wenn Sie die Dachterrasse gestalten. So verw\u00f6hnen die peppigen Accessoires das Auge, w\u00e4hrend die Gew\u00e4chse den Gaumen bezirzen. F\u00fcr die Grundausstattung eignen sich die hohen <a href=\"https:\/\/www.raum-blick.de\/ferm-living-plant-box\">Plant Boxen von ferm Living<\/a> fabelhaft. Darin ger\u00e4t die nat\u00fcrliche Deko sofort ins Blickfeld.<\/p>\n<p><a href=\"https:\/\/www.raum-blick.de\/ferm-living-plant-box\"><img loading=\"lazy\" decoding=\"async\" class=\"aligncenter wp-image-8726 size-full\" title=\"ferm Living Plant Box Pflanzenbeh\u00e4lter \/ Raumtrenner | Design: ferm Living\" src=\"https:\/\/www.raum-blick.de\/magazin\/wp-content\/uploads\/2019\/08\/ferm-living-plant-box.jpg\" alt=\"ferm-living-plant-box\" width=\"600\" height=\"600\" srcset=\"https:\/\/raum-blick.de\/magazin\/wp-content\/uploads\/2019\/08\/ferm-living-plant-box.jpg 600w, https:\/\/raum-blick.de\/magazin\/wp-content\/uploads\/2019\/08\/ferm-living-plant-box-150x150.jpg 150w, https:\/\/raum-blick.de\/magazin\/wp-content\/uploads\/2019\/08\/ferm-living-plant-box-300x300.jpg 300w\" sizes=\"(max-width: 600px) 100vw, 600px\" \/><\/a><\/p>\n<p style=\"text-align: justify;\">Praktisch sind die <a href=\"https:\/\/www.raum-blick.de\/pflanztasche-pot-100-l-bacsac\">Pflanzs\u00e4cke Pot von Bacsac<\/a>. Das pfiffige Zubeh\u00f6r l\u00e4sst sich kompakt zusammenfalten. Es spricht nichts dagegen, einige Exemplare in den Schrank zu legen. Sukzessive kommen sie zum Einsatz, wenn Ihr gr\u00fcner Daumen kr\u00e4ftige Gem\u00fcsesetzlinge hervorbringt. Die dynamisch zunehmende \u00dcppigkeit w\u00e4hrend der Saison erinnert an einen traditionellen Landhausgarten. Das verleiht der Stadtterrasse au\u00dfergew\u00f6hnlichen Charme.<\/p>\n<p><a href=\"https:\/\/www.raum-blick.de\/pflanztasche-pot-100-l-bacsac\"><img loading=\"lazy\" decoding=\"async\" class=\"aligncenter wp-image-8728 size-full\" title=\"Pflanzsack Pot Bacsac 100 L | Design: Bacsac\" src=\"https:\/\/www.raum-blick.de\/magazin\/wp-content\/uploads\/2019\/08\/pflanztasche-pot-100-l-bacsac.jpg\" alt=\"pflanztasche-pot-100-l-bacsac\" width=\"600\" height=\"530\" srcset=\"https:\/\/raum-blick.de\/magazin\/wp-content\/uploads\/2019\/08\/pflanztasche-pot-100-l-bacsac.jpg 600w, https:\/\/raum-blick.de\/magazin\/wp-content\/uploads\/2019\/08\/pflanztasche-pot-100-l-bacsac-300x265.jpg 300w\" sizes=\"(max-width: 600px) 100vw, 600px\" \/><\/a><\/p>\n<h2><span class=\"ez-toc-section\" id=\"Multifunktionale_Accessoires_fuers_Ambiente\"><\/span>Multifunktionale Accessoires f\u00fcrs Ambiente<span class=\"ez-toc-section-end\"><\/span><\/h2>\n<p style=\"text-align: justify;\">Selbst die weitl\u00e4ufige Terrasse f\u00fcllt sich schnell, wenn die M\u00f6bel dazu passen. Das spricht f\u00fcr erg\u00e4nzende Extras, die funktional und dekorativ sind. Am lauschigen Abend sehnen Sie sich nach einer sanften Beleuchtung und stimmungsvollen Musik. Ein k\u00fchler Prosecco w\u00fcrde die Laune ebenfalls heben. Das junge <a href=\"https:\/\/www.raum-blick.de\/kooduu\/\">Label Kooduu<\/a> vereint alle Bed\u00fcrfnisse im organisch geformten Designobjekt Synergy.<\/p>\n<p><a href=\"https:\/\/www.raum-blick.de\/kooduu-synergy-led-leuchte\"><img loading=\"lazy\" decoding=\"async\" class=\"aligncenter wp-image-8723 size-full\" title=\"Synergy LED Leuchte \/ Weink\u00fchler \/ Lautsprecher d\u00e4nisches Design \u2013 mit drei Funktionen und drei Gr\u00f6\u00dfen\" src=\"https:\/\/www.raum-blick.de\/magazin\/wp-content\/uploads\/2019\/08\/kooduu-synergy-led-leuchte.jpg\" alt=\"kooduu-synergy-led-leuchte\" width=\"600\" height=\"600\" srcset=\"https:\/\/raum-blick.de\/magazin\/wp-content\/uploads\/2019\/08\/kooduu-synergy-led-leuchte.jpg 600w, https:\/\/raum-blick.de\/magazin\/wp-content\/uploads\/2019\/08\/kooduu-synergy-led-leuchte-150x150.jpg 150w, https:\/\/raum-blick.de\/magazin\/wp-content\/uploads\/2019\/08\/kooduu-synergy-led-leuchte-300x300.jpg 300w\" sizes=\"(max-width: 600px) 100vw, 600px\" \/><\/a><\/p>\n<p style=\"text-align: justify;\">Beim entspannten Nachmittag bietet sich das schicke Edelstahlfass von Eva Solo als Beistelltisch f\u00fcr die Erfrischungsgetr\u00e4nke an. Nach Sonnenuntergang offenbart es seine inneren Werte. Unter dem Deckel verbirgt sich ein Grill. Das Geh\u00e4use tarnt die ben\u00f6tigte Gasflasche. So steht alles bereit, um spontan ein Barbecue-Fest auf der Dachterrasse zu gestalten. Auflodernde Flammen tragen unvergleichlich zur Atmosph\u00e4re bei.<\/p>\n<p><img loading=\"lazy\" decoding=\"async\" class=\"aligncenter wp-image-8718 size-full\" title=\"eva solo Gasgrill mit zwei Deckeln \u00d8 59 cm, 2 Ausf\u00fchrungen | Design: Tools Design\" src=\"https:\/\/www.raum-blick.de\/magazin\/wp-content\/uploads\/2019\/08\/gasgrill-eva-solo.jpg\" alt=\"gasgrill-eva-solo\" width=\"600\" height=\"550\" srcset=\"https:\/\/raum-blick.de\/magazin\/wp-content\/uploads\/2019\/08\/gasgrill-eva-solo.jpg 600w, https:\/\/raum-blick.de\/magazin\/wp-content\/uploads\/2019\/08\/gasgrill-eva-solo-300x275.jpg 300w\" sizes=\"(max-width: 600px) 100vw, 600px\" \/><\/p>\n<p style=\"text-align: justify;\">Wer auf dem Balkon des Mehrfamilienhauses ein Holzfeuer entfacht, gef\u00e4hrdet den Nachbarschaftsfrieden. Die Anrainer werden hingegen schnell zu Freunden, wenn das <a href=\"https:\/\/www.raum-blick.de\/roll-fire-feuerstelle-conmoto\">Conmoto Roll fire<\/a> Ihr Gesp\u00fcr f\u00fcr Gem\u00fctlichkeit unterstreicht. Ohne Rauch und Geruch bereichert der Bioethanolkamin die Rooftop-Party. Im Herbst bringen Sie ihn zum Rollen. Bald darauf forciert er die besinnliche Stimmung beim Adventsabend.<\/p>\n<p><a href=\"https:\/\/www.raum-blick.de\/roll-fire-feuerstelle-conmoto\"><img loading=\"lazy\" decoding=\"async\" class=\"aligncenter wp-image-8715 size-full\" title=\"conmoto Roll fire Feuerstelle | Design: Sieger Design\" src=\"https:\/\/www.raum-blick.de\/magazin\/wp-content\/uploads\/2019\/08\/roll-fire-feuerstelle-conmoto.jpg\" alt=\"roll-fire-feuerstelle-conmoto\" width=\"600\" height=\"600\" srcset=\"https:\/\/raum-blick.de\/magazin\/wp-content\/uploads\/2019\/08\/roll-fire-feuerstelle-conmoto.jpg 600w, https:\/\/raum-blick.de\/magazin\/wp-content\/uploads\/2019\/08\/roll-fire-feuerstelle-conmoto-150x150.jpg 150w, https:\/\/raum-blick.de\/magazin\/wp-content\/uploads\/2019\/08\/roll-fire-feuerstelle-conmoto-300x300.jpg 300w\" sizes=\"(max-width: 600px) 100vw, 600px\" \/><\/a><\/p>\n<h2><span class=\"ez-toc-section\" id=\"Schicke_Schattenspender_und_Waermequellen\"><\/span>Schicke Schattenspender und W\u00e4rmequellen<span class=\"ez-toc-section-end\"><\/span><\/h2>\n<p style=\"text-align: justify;\">Sie entwickeln ausgefallene Gestaltungsideen. Passend dazu w\u00e4hlen Sie versiert Outdoor-M\u00f6bel aus. Hochwertige Deko setzt dem Ganzen das i-T\u00fcpfelchen auf. Es w\u00e4re schade, wenn das Wetter die Freude an Ihrer Dachterrasse ausbremst. An hei\u00dfen Tagen f\u00e4llt dem Sonnenschutz eine Schl\u00fcsselrolle zu. Fatboy begeistert mit unkonventionellen Schirmen, die reichlich Schatten spenden. Das Studio Tools verl\u00e4ngert mit der Designidee HeatUp galant die Saison.<\/p>\n<p><a href=\"https:\/\/www.raum-blick.de\/fatboy-stripesol-sonnenschirm\"><img loading=\"lazy\" decoding=\"async\" class=\"aligncenter wp-image-8713 size-full\" title=\"Fatboy Stripesol Sonnenschirm | Design: Fatboy\" src=\"https:\/\/www.raum-blick.de\/magazin\/wp-content\/uploads\/2019\/08\/fatboy-stripesol-sonnenschirm.jpg\" alt=\"fatboy-stripesol-sonnenschirm\" width=\"600\" height=\"600\" srcset=\"https:\/\/raum-blick.de\/magazin\/wp-content\/uploads\/2019\/08\/fatboy-stripesol-sonnenschirm.jpg 600w, https:\/\/raum-blick.de\/magazin\/wp-content\/uploads\/2019\/08\/fatboy-stripesol-sonnenschirm-150x150.jpg 150w, https:\/\/raum-blick.de\/magazin\/wp-content\/uploads\/2019\/08\/fatboy-stripesol-sonnenschirm-300x300.jpg 300w\" sizes=\"(max-width: 600px) 100vw, 600px\" \/><\/a><\/p>\n<p style=\"text-align: justify;\">Der <a href=\"https:\/\/www.raum-blick.de\/eva-solo-heatup-terrassenwaermer\">Eva Solo Terrassenw\u00e4rmer<\/a> entfaltet innerhalb von Minuten seine Leistung. Danach relativiert er effektiv die K\u00e4lte beim luftigen Dinner, wenn die Temperaturen auffrischen. Die Statur des elektrischen Ger\u00e4ts \u00e4hnelt einem Kaktus. So integriert es sich ansprechend in Ihre Oase \u00fcber den D\u00e4chern der Stadt.<\/p>\n<p><a href=\"https:\/\/www.raum-blick.de\/eva-solo-heatup-terrassenwaermer\"><img loading=\"lazy\" decoding=\"async\" class=\"aligncenter wp-image-8709 size-full\" title=\"Eva Solo HeatUp Terrassenw\u00e4rmer | elektrischer Heizstrahler | Design: Tools\u00ae\" src=\"https:\/\/www.raum-blick.de\/magazin\/wp-content\/uploads\/2019\/08\/eva-solo-heatup-terrassenwaermer.jpg\" alt=\"eva-solo-heatup-terrassenwaermer\" width=\"600\" height=\"600\" srcset=\"https:\/\/raum-blick.de\/magazin\/wp-content\/uploads\/2019\/08\/eva-solo-heatup-terrassenwaermer.jpg 600w, https:\/\/raum-blick.de\/magazin\/wp-content\/uploads\/2019\/08\/eva-solo-heatup-terrassenwaermer-150x150.jpg 150w, https:\/\/raum-blick.de\/magazin\/wp-content\/uploads\/2019\/08\/eva-solo-heatup-terrassenwaermer-300x300.jpg 300w\" sizes=\"(max-width: 600px) 100vw, 600px\" \/><\/a><\/p>\n","protected":false},"excerpt":{"rendered":"<p>\u00ab Oase der Entspannung \u00bb Unten beherrscht der allt\u00e4gliche Trubel die City. Einige Etagen h\u00f6her relaxen die Gl\u00fcckspilze in ihrem privaten Sommerparadies. Die Dachterrasse ist daf\u00fcr geschaffen, sich den st\u00e4dtischen Lifestyle zu vers\u00fc\u00dfen. Setzen Sie auf vielseitige Gestaltungsideen. Dann wird der urbane Garten zum Lebensmittelpunkt, dem Sie nur ungern den R\u00fccken kehren. Schickes Pl\u00e4tzchen f\u00fcrs [&hellip;]<\/p>\n","protected":false},"author":4,"featured_media":8736,"comment_status":"closed","ping_status":"open","sticky":false,"template":"","format":"standard","meta":{"_et_pb_use_builder":"","_et_pb_old_content":"","_et_gb_content_width":"","inline_featured_image":false,"footnotes":""},"categories":[6],"tags":[517,48,65,865,18,705,40,206,714,576,740,669,83,95,505,50,19,867,64,866,868,55,372],"class_list":["post-8702","post","type-post","status-publish","format-standard","has-post-thumbnail","hentry","category-draussen","tag-accessoires","tag-bacsac","tag-conmoto","tag-dachterrasse","tag-eva-solo","tag-fast","tag-fatboy","tag-ferm-living","tag-feuerstelle","tag-gasgrill","tag-gestaltungsideen","tag-gestaltungstipps","tag-haengematten","tag-liegestuehle","tag-pflanzenbehaelter","tag-pflanzsaecke","tag-skagerak","tag-sonnenschirm","tag-stuehle","tag-synergy","tag-terrassenwaermer","tag-tische","tag-weinkuehler"],"_links":{"self":[{"href":"https:\/\/raum-blick.de\/magazin\/wp-json\/wp\/v2\/posts\/8702","targetHints":{"allow":["GET"]}}],"collection":[{"href":"https:\/\/raum-blick.de\/magazin\/wp-json\/wp\/v2\/posts"}],"about":[{"href":"https:\/\/raum-blick.de\/magazin\/wp-json\/wp\/v2\/types\/post"}],"author":[{"embeddable":true,"href":"https:\/\/raum-blick.de\/magazin\/wp-json\/wp\/v2\/users\/4"}],"replies":[{"embeddable":true,"href":"https:\/\/raum-blick.de\/magazin\/wp-json\/wp\/v2\/comments?post=8702"}],"version-history":[{"count":31,"href":"https:\/\/raum-blick.de\/magazin\/wp-json\/wp\/v2\/posts\/8702\/revisions"}],"predecessor-version":[{"id":20725,"href":"https:\/\/raum-blick.de\/magazin\/wp-json\/wp\/v2\/posts\/8702\/revisions\/20725"}],"wp:featuredmedia":[{"embeddable":true,"href":"https:\/\/raum-blick.de\/magazin\/wp-json\/wp\/v2\/media\/8736"}],"wp:attachment":[{"href":"https:\/\/raum-blick.de\/magazin\/wp-json\/wp\/v2\/media?parent=8702"}],"wp:term":[{"taxonomy":"category","embeddable":true,"href":"https:\/\/raum-blick.de\/magazin\/wp-json\/wp\/v2\/categories?post=8702"},{"taxonomy":"post_tag","embeddable":true,"href":"https:\/\/raum-blick.de\/magazin\/wp-json\/wp\/v2\/tags?post=8702"}],"curies":[{"name":"wp","href":"https:\/\/api.w.org\/{rel}","templated":true}]}}