{"id":8667,"date":"2019-07-10T10:45:52","date_gmt":"2019-07-10T08:45:52","guid":{"rendered":"https:\/\/www.raum-blick.de\/magazin\/?p=8667"},"modified":"2019-07-10T13:18:40","modified_gmt":"2019-07-10T11:18:40","slug":"kartell-masters-stuehle","status":"publish","type":"post","link":"https:\/\/raum-blick.de\/magazin\/kartell-masters-stuehle\/","title":{"rendered":"Kartell Masters St\u00fchle"},"content":{"rendered":"<h2><span class=\"ez-toc-section\" id=\"%C2%AB_Drei_Sitzklassiker_vereint_%C2%BB\"><\/span>\u00ab Drei Sitzklassiker vereint \u00bb<span class=\"ez-toc-section-end\"><\/span><\/h2>\n<p style=\"text-align: justify;\"><strong>Von drei Ikonen lie\u00dfen sich Philippe Starck und Eugeni Quitllet inspirieren. Die <\/strong><a href=\"https:\/\/www.raum-blick.de\/kartell-masters-sedia-stuhl\"><strong>Kartell Masters St\u00fchle<\/strong><\/a><strong> sind deshalb so inspirierend wie der Streifzug durch ein Designmuseum. Gleichzeitig bleibt die Kollektion der Markenphilosophie treu. Denn es handelt sich um praktische Kunststoffm\u00f6bel mit exklusiver Aura. <\/strong><\/p>\n<h2><span class=\"ez-toc-section\" id=\"Designobjekt_mit_Ueberraschungseffekt\"><\/span>Designobjekt mit \u00dcberraschungseffekt<span class=\"ez-toc-section-end\"><\/span><\/h2>\n<p style=\"text-align: justify;\">Sie n\u00e4hern sich von vorne, hinten und der Seite. Jedes Mal \u00fcberrascht Sie der Kartell Masters Sedia mit einer anderen Facette. Die R\u00fcckfront \u00e4hnelt einer Skizze, die bemerkenswert fein gezeichnet und abstrakt ist. Ohne die Einrichtungswelt als Bezugspunkt lie\u00dfe sich der Zusammenhang zwischen dem grafischen Eindruck und einem Stuhl nur erahnen. Das weckt die Neugier.<\/p><div id=\"ez-toc-container\" class=\"ez-toc-v2_0_82_2 counter-hierarchy ez-toc-counter ez-toc-grey ez-toc-container-direction\">\n<div class=\"ez-toc-title-container\">\n<p class=\"ez-toc-title\" style=\"cursor:inherit\">Was hier auf Sie wartet<\/p>\n<span class=\"ez-toc-title-toggle\"><a href=\"#\" class=\"ez-toc-pull-right ez-toc-btn ez-toc-btn-xs ez-toc-btn-default ez-toc-toggle\" aria-label=\"Toggle Table of Content\"><span class=\"ez-toc-js-icon-con\"><span class=\"\"><span class=\"eztoc-hide\" style=\"display:none;\">Toggle<\/span><span class=\"ez-toc-icon-toggle-span\"><svg style=\"fill: #999;color:#999\" xmlns=\"http:\/\/www.w3.org\/2000\/svg\" class=\"list-377408\" width=\"20px\" height=\"20px\" viewBox=\"0 0 24 24\" fill=\"none\"><path d=\"M6 6H4v2h2V6zm14 0H8v2h12V6zM4 11h2v2H4v-2zm16 0H8v2h12v-2zM4 16h2v2H4v-2zm16 0H8v2h12v-2z\" fill=\"currentColor\"><\/path><\/svg><svg style=\"fill: #999;color:#999\" class=\"arrow-unsorted-368013\" xmlns=\"http:\/\/www.w3.org\/2000\/svg\" width=\"10px\" height=\"10px\" viewBox=\"0 0 24 24\" version=\"1.2\" baseProfile=\"tiny\"><path d=\"M18.2 9.3l-6.2-6.3-6.2 6.3c-.2.2-.3.4-.3.7s.1.5.3.7c.2.2.4.3.7.3h11c.3 0 .5-.1.7-.3.2-.2.3-.5.3-.7s-.1-.5-.3-.7zM5.8 14.7l6.2 6.3 6.2-6.3c.2-.2.3-.5.3-.7s-.1-.5-.3-.7c-.2-.2-.4-.3-.7-.3h-11c-.3 0-.5.1-.7.3-.2.2-.3.5-.3.7s.1.5.3.7z\"\/><\/svg><\/span><\/span><\/span><\/a><\/span><\/div>\n<nav><ul class='ez-toc-list ez-toc-list-level-1 ' ><li class='ez-toc-page-1 ez-toc-heading-level-2'><a class=\"ez-toc-link ez-toc-heading-1\" href=\"https:\/\/raum-blick.de\/magazin\/kartell-masters-stuehle\/#%C2%AB_Drei_Sitzklassiker_vereint_%C2%BB\" >\u00ab Drei Sitzklassiker vereint \u00bb<\/a><\/li><li class='ez-toc-page-1 ez-toc-heading-level-2'><a class=\"ez-toc-link ez-toc-heading-2\" href=\"https:\/\/raum-blick.de\/magazin\/kartell-masters-stuehle\/#Designobjekt_mit_Ueberraschungseffekt\" >Designobjekt mit \u00dcberraschungseffekt<\/a><\/li><li class='ez-toc-page-1 ez-toc-heading-level-2'><a class=\"ez-toc-link ez-toc-heading-3\" href=\"https:\/\/raum-blick.de\/magazin\/kartell-masters-stuehle\/#Skizzenhafter_Streifzug_durch_die_Designgeschichte\" >Skizzenhafter Streifzug durch die Designgeschichte<\/a><\/li><li class='ez-toc-page-1 ez-toc-heading-level-2'><a class=\"ez-toc-link ez-toc-heading-4\" href=\"https:\/\/raum-blick.de\/magazin\/kartell-masters-stuehle\/#Eindrucksvolle_Inszenierung_von_Materialinnovationen\" >Eindrucksvolle Inszenierung von Materialinnovationen<\/a><\/li><li class='ez-toc-page-1 ez-toc-heading-level-2'><a class=\"ez-toc-link ez-toc-heading-5\" href=\"https:\/\/raum-blick.de\/magazin\/kartell-masters-stuehle\/#Extravagante_Ausstattung_fuer_drinnen_und_draussen\" >Extravagante Ausstattung f\u00fcr drinnen und drau\u00dfen<\/a><\/li><\/ul><\/nav><\/div>\n\n<p><a href=\"https:\/\/www.raum-blick.de\/kartell-masters-sedia-stuhl\"><img loading=\"lazy\" decoding=\"async\" class=\"aligncenter wp-image-8692 size-full\" title=\"Kartell Marsters Sedia Stuhl | Design: Philippe Starck, 2010 | Farbe: Schwarz\" src=\"https:\/\/www.raum-blick.de\/magazin\/wp-content\/uploads\/2019\/08\/kartell-masters-sedia-stuhl-schwarz.jpg\" alt=\"kartell-masters-sedia-stuhl-schwarz\" width=\"600\" height=\"570\" srcset=\"https:\/\/raum-blick.de\/magazin\/wp-content\/uploads\/2019\/08\/kartell-masters-sedia-stuhl-schwarz.jpg 600w, https:\/\/raum-blick.de\/magazin\/wp-content\/uploads\/2019\/08\/kartell-masters-sedia-stuhl-schwarz-300x285.jpg 300w\" sizes=\"(max-width: 600px) 100vw, 600px\" \/><\/a><\/p>\n<p style=\"text-align: justify;\">Beim seitlichen Betrachtungswinkel erscheint das Designobjekt komplex verwoben. Wenn Sie den Blick ruhen lassen, erkennen Sie die flie\u00dfenden \u00dcberg\u00e4nge von der Lehne \u00fcber die Sitzfl\u00e4che zu den Stuhlbeinen. Der Sedia Masters verbl\u00fcfft dadurch mit einer Exzentrik, die zugleich harmonisch anmutet. Aus der frontalen Perspektive verdeutlicht sich nicht nur die skulpturale Dynamik der Sitzm\u00f6bel.<\/p>\n<div class=\"brlbs-cmpnt-container brlbs-cmpnt-content-blocker brlbs-cmpnt-with-individual-styles\" data-borlabs-cookie-content-blocker-id=\"default\" data-borlabs-cookie-content=\"PGlmcmFtZSBzcmM9Imh0dHBzOi8vd3d3LnlvdXR1YmUtbm9jb29raWUuY29tL2VtYmVkL3Z5aUNodmttM1BJIiB3aWR0aD0iNTYwIiBoZWlnaHQ9IjMxNSIgZnJhbWVib3JkZXI9IjAiIGFsbG93ZnVsbHNjcmVlbj0iYWxsb3dmdWxsc2NyZWVuIj48L2lmcmFtZT4=\">\n<div class=\"brlbs-cmpnt-cb-preset-a\">\n<p class=\"brlbs-cmpnt-cb-description\">Sie sehen gerade einen Platzhalterinhalt von <strong>Standard<\/strong>. Um auf den eigentlichen Inhalt zuzugreifen, klicken Sie auf den Button unten. Bitte beachten Sie, dass dabei Daten an Drittanbieter weitergegeben werden.<\/p>\n<div class=\"brlbs-cmpnt-cb-buttons\"> <a class=\"brlbs-cmpnt-cb-btn\" href=\"#\" data-borlabs-cookie-unblock role=\"button\">Inhalt entsperren<\/a> <a class=\"brlbs-cmpnt-cb-btn\" href=\"#\" data-borlabs-cookie-accept-service role=\"button\" style=\"display: none\">Erforderlichen Service akzeptieren und Inhalte entsperren<\/a> <\/div>\n<p> <a class=\"brlbs-cmpnt-cb-provider-toggle\" href=\"#\" data-borlabs-cookie-show-provider-information role=\"button\">Weitere Informationen<\/a> <\/div>\n<\/div>\n<p style=\"text-align: justify;\">Wenn Sie die drei Linien der R\u00fcckenlehne einzeln studieren, gelangen Sie zum Aha-Effekt. Pl\u00f6tzlich kommt Ihnen die unkonventionelle \u00c4sthetik sehr vertraut vor. Dieses D\u00e9j\u00e0-vu-Erlebnis ist vorprogrammiert. Tats\u00e4chlich zitiert der Masters andere St\u00fchle, die private und \u00f6ffentliche R\u00e4ume seit Jahrzehnten pr\u00e4gen. So vereinen sich fulminant Innovation und Nostalgie in einem Designm\u00f6bel, dass langfristig fasziniert.<\/p>\n<h2><span class=\"ez-toc-section\" id=\"Skizzenhafter_Streifzug_durch_die_Designgeschichte\"><\/span>Skizzenhafter Streifzug durch die Designgeschichte<span class=\"ez-toc-section-end\"><\/span><\/h2>\n<p style=\"text-align: justify;\">Masters wurde keineswegs zuf\u00e4llig als Produktname gew\u00e4hlt. Im Mittelpunkt steht eine Hommage an unvergessene Meister des M\u00f6beldesigns. Arne Jacobsen trug zum internationalen Renommee der d\u00e4nischen Designszene ma\u00dfgeblich bei. Der ber\u00fchmte Funktionalist entwarf 1951 den Stapelstuhl Ameise.<\/p>\n<p><a href=\"https:\/\/www.raum-blick.de\/kartell-masters-sedia-stuhl\"><img loading=\"lazy\" decoding=\"async\" class=\"aligncenter wp-image-8695 size-full\" title=\"Kartell Marsters Sedia Stuhl | Design: Philippe Starck, 2010 | Farbe: Senfgelb\" src=\"https:\/\/www.raum-blick.de\/magazin\/wp-content\/uploads\/2019\/08\/kartell-masters-sedia-stuhl-senffarbe.jpg\" alt=\"kartell-masters-sedia-stuhl-senffarbe\" width=\"600\" height=\"570\" srcset=\"https:\/\/raum-blick.de\/magazin\/wp-content\/uploads\/2019\/08\/kartell-masters-sedia-stuhl-senffarbe.jpg 600w, https:\/\/raum-blick.de\/magazin\/wp-content\/uploads\/2019\/08\/kartell-masters-sedia-stuhl-senffarbe-300x285.jpg 300w\" sizes=\"(max-width: 600px) 100vw, 600px\" \/><\/a><\/p>\n<p style=\"text-align: justify;\">Auf seine Vorliebe f\u00fcr Botanik verwies die Formgebung. Sein Innovationsgeist spiegelte sich in der Verwendung verleimter Furnierplatten wider. Sie pr\u00e4gten auch die nachfolgende Serie 7. Von ihr wurden f\u00fcnf Millionen Exemplare verkauft. Das begr\u00fcndet den Bekanntheitsgrad der organischen Form, die sich beim \u00dcbergang von der Stuhllehne zur Sitzfl\u00e4che stark verj\u00fcngt. Ebenso charakteristisch waren die filigranen Metallbeine des Designklassikers.<\/p>\n<blockquote>\n<p style=\"text-align: justify;\">Geformtes Sperrholz und wegweisende Produktionstechniken spielten beim Organic Chair ebenfalls eine Rolle. Er geh\u00f6rte zu den preisgekr\u00f6nten Highlights beim Wettbewerb des New Yorker MoMa im Jahr 1940.<\/p>\n<\/blockquote>\n<p style=\"text-align: justify;\">Unabh\u00e4ngig voneinander entwickelten die beiden verantwortlichen Designer den Ansatz weiter: Charles Eames fokussierte sich auf moderne M\u00f6belkollektionen, die schick und erschwinglich waren. In vielen \u00f6ffentliche Geb\u00e4uden zog sein Eiffel Chair ein. Dieses Erfolgsmodell skizziert der Sedia von Kartell. Sein Wettbewerbspartner Eero Saarinen lenkte in den 1950ern mit einer tulpenf\u00f6rmigen M\u00f6belserie das Interesse auf sich. Sein Sessel Tulp hob sich durch die schalenf\u00f6rmige Fertigungsweise vom Standard ab. Neuartig war au\u00dferdem die Begrenzung auf einen zentrierten Fu\u00df. Die Kartell Masters St\u00fchle greifen die pr\u00e4gnante Formsprache des Schalensessels auf.<\/p>\n<h2><span class=\"ez-toc-section\" id=\"Eindrucksvolle_Inszenierung_von_Materialinnovationen\"><\/span>Eindrucksvolle Inszenierung von Materialinnovationen<span class=\"ez-toc-section-end\"><\/span><\/h2>\n<p style=\"text-align: justify;\">Alle drei Stuhlklassiker begeistern nicht nur seit Jahrzehnten mit ihrer ausdrucksvollen \u00c4sthetik. Ihre Sch\u00f6pfer lie\u00dfen sich auf ungew\u00f6hnliche Materialien ein. Jacobsen verhalf mit seiner M\u00f6belkollektion einem mehrschichtigen Holzwerkstoff zum Durchbruch. Sp\u00e4ter experimentierte er mit glasfaserverst\u00e4rktem Kunststoff. Gleiches gilt f\u00fcr Eames. Sein stilistisches Vorbild f\u00fcr die Masters-Serie wird als Pionier der industriell gefertigten Plastikm\u00f6bel eingestuft. \u00c4hnlich vision\u00e4r war die Designlinie von Saarinen wegen ihrer Kunststoffsitzschale. Die materiellen Besonderheiten er\u00f6ffnen einen direkten Link zwischen der Hommage und der Philosophie von Kartell.<\/p>\n<p><a href=\"https:\/\/www.raum-blick.de\/kartell-masters-sedia-stuhl\"><img loading=\"lazy\" decoding=\"async\" class=\"aligncenter wp-image-8697 size-full\" title=\"Kartell Marsters Sedia Stuhl | Design: Philippe Starck, 2010 | Farbe: Grau\" src=\"https:\/\/www.raum-blick.de\/magazin\/wp-content\/uploads\/2019\/08\/kartell-masters-sedia-stuhl-grau.jpg\" alt=\"kartell-masters-sedia-stuhl-grau\" width=\"600\" height=\"570\" srcset=\"https:\/\/raum-blick.de\/magazin\/wp-content\/uploads\/2019\/08\/kartell-masters-sedia-stuhl-grau.jpg 600w, https:\/\/raum-blick.de\/magazin\/wp-content\/uploads\/2019\/08\/kartell-masters-sedia-stuhl-grau-300x285.jpg 300w\" sizes=\"(max-width: 600px) 100vw, 600px\" \/><\/a><\/p>\n<p style=\"text-align: justify;\">Seit Jahrzehnten beweist die 1949 gegr\u00fcndete Marke, wie luxuri\u00f6s Kunststoffobjekte wirken k\u00f6nnen. Stets treibt das italienische Unternehmen die Materialentwicklung voran, um den kreativen Spielraum f\u00fcr Designm\u00f6bel zu erweitern.<\/p>\n<p><a href=\"https:\/\/www.raum-blick.de\/kartell-masters-sedia-stuhl\"><img loading=\"lazy\" decoding=\"async\" class=\"aligncenter wp-image-8699 size-full\" title=\"Kartell Marsters Sedia Stuhl | Design: Philippe Starck, 2010 | Farbe: Wei\u00df\" src=\"https:\/\/www.raum-blick.de\/magazin\/wp-content\/uploads\/2019\/08\/kartell-masters-sedia-stuhl-weiss.jpg\" alt=\"kartell-masters-sedia-stuhl-weiss\" width=\"600\" height=\"570\" srcset=\"https:\/\/raum-blick.de\/magazin\/wp-content\/uploads\/2019\/08\/kartell-masters-sedia-stuhl-weiss.jpg 600w, https:\/\/raum-blick.de\/magazin\/wp-content\/uploads\/2019\/08\/kartell-masters-sedia-stuhl-weiss-300x285.jpg 300w\" sizes=\"(max-width: 600px) 100vw, 600px\" \/><\/a><\/p>\n<p style=\"text-align: justify;\">Gefertigt sind die Kartell Masters St\u00fchle aus durchgef\u00e4rbtem Polyethylen. Die hochmodernen Materialeigenschaften und Herstellungsverfahren sind f\u00fcr den Designansatz elementar. Sie sorgen daf\u00fcr, dass die St\u00fchle trotz ihrer filigranen Ausf\u00fchrung robust und langlebig sind.<\/p>\n<h2><span class=\"ez-toc-section\" id=\"Extravagante_Ausstattung_fuer_drinnen_und_draussen\"><\/span>Extravagante Ausstattung f\u00fcr drinnen und drau\u00dfen<span class=\"ez-toc-section-end\"><\/span><\/h2>\n<p style=\"text-align: justify;\">Die unvergleichlichen Silhouetten der Ikonen verleihen der Designkollektion Masters Sedia einen vielsagenden Charakter. Ihre hybride Bogenform wirkt zugleich originell. So bleibt es nicht bei Stilzitaten. Durch die kunstvolle Fusion ergibt sich etwas Neues, das f\u00fcr sich spricht. Gewiss tr\u00e4gt dieser brillante Mix aus Nostalgie und Moderne zum Erfolg bei. Die St\u00fchle wurden 2010 vom Museum f\u00fcr Architektur und Design in Chicago ausgezeichnet. Beim Red Dot Design Award 2013 erhielt die Produktlinie ebenfalls einen Preis. Die Lorbeeren beziehen sich aber nicht nur auf die tiefsinnige Stilfusion.<\/p>\n<blockquote>\n<p style=\"text-align: justify;\">Die Stuhlserie \u00fcberzeugt mit ihrer Leichtigkeit. Problemlos lassen sich mehrere Exemplare stapeln und platzsparend lagern.<\/p>\n<\/blockquote>\n<p style=\"text-align: justify;\">Der ausdrucksvolle Hybrid macht in der Wohnung und im Garten eine gute Figur. Gegen den Einsatz im Freien spricht dank der strapazierf\u00e4higen Fertigungsart nichts. Das ebnet taktisch klugen Einrichtungskonzepten den Weg: Bleiben Sie der Designlinie bei der M\u00f6blierung des Innenraums und Au\u00dfenbereichs treu. Dann sind f\u00fcr gro\u00dfe Anl\u00e4sse stets gen\u00fcgend Sitzgelegenheiten verf\u00fcgbar, die perfekt zueinander passen. Hinter dem Kartell Masters Sedia verbirgt sich ein kreatives Doppel. Philippe Starck wurde in Paris geboren und z\u00e4hlt zu den namhaften Produktdesignern. In der Szene wird er f\u00fcr Entw\u00fcrfe gesch\u00e4tzt, die spektakul\u00e4r und funktional zugleich sind.<\/p>\n<p><a href=\"https:\/\/www.raum-blick.de\/kartell-louis-ghost-stuhl\"><img loading=\"lazy\" decoding=\"async\" class=\"aligncenter wp-image-8685 size-full\" title=\"Kartell Louis Ghost Stuhl | Design: Philippe Starck, 2002\" src=\"https:\/\/www.raum-blick.de\/magazin\/wp-content\/uploads\/2019\/08\/kartell-louis-ghost-stuhl.jpg\" alt=\"kartell-louis-ghost-stuhl\" width=\"600\" height=\"440\" srcset=\"https:\/\/raum-blick.de\/magazin\/wp-content\/uploads\/2019\/08\/kartell-louis-ghost-stuhl.jpg 600w, https:\/\/raum-blick.de\/magazin\/wp-content\/uploads\/2019\/08\/kartell-louis-ghost-stuhl-300x220.jpg 300w\" sizes=\"(max-width: 600px) 100vw, 600px\" \/><\/a><\/p>\n<p style=\"text-align: justify;\"><a href=\"https:\/\/www.raum-blick.de\/kartell\/\">Das Sortiment von Kartell<\/a> bereicherte er mit dem Stuhl Louis Ghost, der Barockstil eigenwillig interpretiert. Eugeni Quitllet erblickte auf Ibiza das Licht der Welt und studierte in Barcelona. Bei seiner Arbeit versucht er, Emotionen zu materialisieren. Das beschert Objekte mit moderner Eleganz und hoher Wirkkraft.<\/p>\n<p><a href=\"https:\/\/www.raum-blick.de\/kartell-i-shine-u-shine-vase\"><img loading=\"lazy\" decoding=\"async\" class=\"aligncenter wp-image-8689 size-full\" title=\"Kartell I Shine, U Shine Vasen | Design: Eugeni Quitllet, 2013\" src=\"https:\/\/www.raum-blick.de\/magazin\/wp-content\/uploads\/2019\/08\/kartell-i-shine-u-shine-vase.jpg\" alt=\"kartell-i-shine-u-shine-vase\" width=\"600\" height=\"460\" srcset=\"https:\/\/raum-blick.de\/magazin\/wp-content\/uploads\/2019\/08\/kartell-i-shine-u-shine-vase.jpg 600w, https:\/\/raum-blick.de\/magazin\/wp-content\/uploads\/2019\/08\/kartell-i-shine-u-shine-vase-300x230.jpg 300w\" sizes=\"(max-width: 600px) 100vw, 600px\" \/><\/a><\/p>\n<p style=\"text-align: justify;\">Die Wohnaccessoires<a href=\"https:\/\/www.raum-blick.de\/kartell-i-shine-u-shine-vase\"> I Shine und U Shine<\/a> sind hierf\u00fcr gelungene Beispiele. Sie wirken wie noble Kristallkunst, obwohl sie aus bruchsicherem Acrylglas hergestellt werden.<\/p>\n","protected":false},"excerpt":{"rendered":"<p>\u00ab Drei Sitzklassiker vereint \u00bb Von drei Ikonen lie\u00dfen sich Philippe Starck und Eugeni Quitllet inspirieren. Die Kartell Masters St\u00fchle sind deshalb so inspirierend wie der Streifzug durch ein Designmuseum. Gleichzeitig bleibt die Kollektion der Markenphilosophie treu. Denn es handelt sich um praktische Kunststoffm\u00f6bel mit exklusiver Aura. Designobjekt mit \u00dcberraschungseffekt Sie n\u00e4hern sich von vorne, [&hellip;]<\/p>\n","protected":false},"author":4,"featured_media":8674,"comment_status":"closed","ping_status":"open","sticky":false,"template":"","format":"standard","meta":{"_et_pb_use_builder":"","_et_pb_old_content":"","_et_gb_content_width":"","inline_featured_image":false,"footnotes":""},"categories":[1],"tags":[334,746,863,864,64],"class_list":["post-8667","post","type-post","status-publish","format-standard","has-post-thumbnail","hentry","category-drinnen","tag-design","tag-kartell","tag-masters","tag-sedia","tag-stuehle"],"_links":{"self":[{"href":"https:\/\/raum-blick.de\/magazin\/wp-json\/wp\/v2\/posts\/8667","targetHints":{"allow":["GET"]}}],"collection":[{"href":"https:\/\/raum-blick.de\/magazin\/wp-json\/wp\/v2\/posts"}],"about":[{"href":"https:\/\/raum-blick.de\/magazin\/wp-json\/wp\/v2\/types\/post"}],"author":[{"embeddable":true,"href":"https:\/\/raum-blick.de\/magazin\/wp-json\/wp\/v2\/users\/4"}],"replies":[{"embeddable":true,"href":"https:\/\/raum-blick.de\/magazin\/wp-json\/wp\/v2\/comments?post=8667"}],"version-history":[{"count":26,"href":"https:\/\/raum-blick.de\/magazin\/wp-json\/wp\/v2\/posts\/8667\/revisions"}],"predecessor-version":[{"id":8700,"href":"https:\/\/raum-blick.de\/magazin\/wp-json\/wp\/v2\/posts\/8667\/revisions\/8700"}],"wp:featuredmedia":[{"embeddable":true,"href":"https:\/\/raum-blick.de\/magazin\/wp-json\/wp\/v2\/media\/8674"}],"wp:attachment":[{"href":"https:\/\/raum-blick.de\/magazin\/wp-json\/wp\/v2\/media?parent=8667"}],"wp:term":[{"taxonomy":"category","embeddable":true,"href":"https:\/\/raum-blick.de\/magazin\/wp-json\/wp\/v2\/categories?post=8667"},{"taxonomy":"post_tag","embeddable":true,"href":"https:\/\/raum-blick.de\/magazin\/wp-json\/wp\/v2\/tags?post=8667"}],"curies":[{"name":"wp","href":"https:\/\/api.w.org\/{rel}","templated":true}]}}