{"id":8592,"date":"2019-06-24T11:42:00","date_gmt":"2019-06-24T09:42:00","guid":{"rendered":"https:\/\/www.raum-blick.de\/magazin\/?p=8592"},"modified":"2024-09-17T15:44:41","modified_gmt":"2024-09-17T13:44:41","slug":"georg-jensen-bernadotte","status":"publish","type":"post","link":"https:\/\/raum-blick.de\/magazin\/georg-jensen-bernadotte\/","title":{"rendered":"Georg Jensen Bernadotte"},"content":{"rendered":"<h2><span class=\"ez-toc-section\" id=\"%C2%AB_Doppelt_adelige_Geschirrserie_aus_Daenemark_%C2%BB\"><\/span>\u00ab Doppelt adelige Geschirrserie aus D\u00e4nemark \u00bb<span class=\"ez-toc-section-end\"><\/span><\/h2>\n<p style=\"text-align: justify;\"><strong>Das Logo verdeutlicht den Respekt gegen\u00fcber der K\u00f6nigin von D\u00e4nemark. Der Gr\u00fcnder bekannte sich zum demokratischen Design, das Sch\u00f6nheit und Funktionalit\u00e4t f\u00fcr alle Zielgruppen vereint. Schon vor Jahrzehnten bewies <\/strong><a href=\"https:\/\/www.raum-blick.de\/georg-jensen\/\"><strong>Georg Jensen<\/strong><\/a><strong> mit einem Besteck, dass sich majest\u00e4tische Grandesse und alltagsnahe Entw\u00fcrfe nicht widersprechen. Die legend\u00e4re Kollektion Bernadotte sorgt in jeder Situation daf\u00fcr, dass Ihr gedeckter Tisch einladend wirkt. <\/strong><\/p>\n<h2><span class=\"ez-toc-section\" id=\"Daenische_Designikone_mit_vornehmen_Wurzeln\"><\/span>D\u00e4nische Designikone mit vornehmen Wurzeln<span class=\"ez-toc-section-end\"><\/span><\/h2>\n<p style=\"text-align: justify;\">Seit \u00fcber hundert Jahren ist die renommierte Marke f\u00fcr hochklassige Designideen bekannt. Bereits 1939 lancierte Georg Jensen Bernadotte Geschirr. Ihr Name verweist auf den Urheber der erfolgreichen Designlinie f\u00fcr den gedeckten Tisch. Sigvard Bernadotte z\u00e4hlte zum skandinavischen Adelsgeschlecht. Als Prinz nahm er den vierten Rang bei der schwedischen Thronfolge ein. Von seiner mond\u00e4nen Herkunft lie\u00df er sich nicht leiten. Stattdessen bekannte sich Sigvard zu seinen pers\u00f6nlichen Interessen und studierte Kunst in Uppsala. Mit dem K\u00f6nig ging er auf Konfrontationskurs. Er b\u00fc\u00dfte dadurch sp\u00e4ter seinen Prinzentitel ein.<\/p><div id=\"ez-toc-container\" class=\"ez-toc-v2_0_82_2 counter-hierarchy ez-toc-counter ez-toc-grey ez-toc-container-direction\">\n<div class=\"ez-toc-title-container\">\n<p class=\"ez-toc-title\" style=\"cursor:inherit\">Was hier auf Sie wartet<\/p>\n<span class=\"ez-toc-title-toggle\"><a href=\"#\" class=\"ez-toc-pull-right ez-toc-btn ez-toc-btn-xs ez-toc-btn-default ez-toc-toggle\" aria-label=\"Toggle Table of Content\"><span class=\"ez-toc-js-icon-con\"><span class=\"\"><span class=\"eztoc-hide\" style=\"display:none;\">Toggle<\/span><span class=\"ez-toc-icon-toggle-span\"><svg style=\"fill: #999;color:#999\" xmlns=\"http:\/\/www.w3.org\/2000\/svg\" class=\"list-377408\" width=\"20px\" height=\"20px\" viewBox=\"0 0 24 24\" fill=\"none\"><path d=\"M6 6H4v2h2V6zm14 0H8v2h12V6zM4 11h2v2H4v-2zm16 0H8v2h12v-2zM4 16h2v2H4v-2zm16 0H8v2h12v-2z\" fill=\"currentColor\"><\/path><\/svg><svg style=\"fill: #999;color:#999\" class=\"arrow-unsorted-368013\" xmlns=\"http:\/\/www.w3.org\/2000\/svg\" width=\"10px\" height=\"10px\" viewBox=\"0 0 24 24\" version=\"1.2\" baseProfile=\"tiny\"><path d=\"M18.2 9.3l-6.2-6.3-6.2 6.3c-.2.2-.3.4-.3.7s.1.5.3.7c.2.2.4.3.7.3h11c.3 0 .5-.1.7-.3.2-.2.3-.5.3-.7s-.1-.5-.3-.7zM5.8 14.7l6.2 6.3 6.2-6.3c.2-.2.3-.5.3-.7s-.1-.5-.3-.7c-.2-.2-.4-.3-.7-.3h-11c-.3 0-.5.1-.7.3-.2.2-.3.5-.3.7s.1.5.3.7z\"\/><\/svg><\/span><\/span><\/span><\/a><\/span><\/div>\n<nav><ul class='ez-toc-list ez-toc-list-level-1 ' ><li class='ez-toc-page-1 ez-toc-heading-level-2'><a class=\"ez-toc-link ez-toc-heading-1\" href=\"https:\/\/raum-blick.de\/magazin\/georg-jensen-bernadotte\/#%C2%AB_Doppelt_adelige_Geschirrserie_aus_Daenemark_%C2%BB\" >\u00ab Doppelt adelige Geschirrserie aus D\u00e4nemark \u00bb<\/a><\/li><li class='ez-toc-page-1 ez-toc-heading-level-2'><a class=\"ez-toc-link ez-toc-heading-2\" href=\"https:\/\/raum-blick.de\/magazin\/georg-jensen-bernadotte\/#Daenische_Designikone_mit_vornehmen_Wurzeln\" >D\u00e4nische Designikone mit vornehmen Wurzeln<\/a><\/li><li class='ez-toc-page-1 ez-toc-heading-level-2'><a class=\"ez-toc-link ez-toc-heading-3\" href=\"https:\/\/raum-blick.de\/magazin\/georg-jensen-bernadotte\/#Ueberzeugender_Mix_aus_Industriedesign_und_klassischem_Stil\" >\u00dcberzeugender Mix aus Industriedesign und klassischem Stil<\/a><\/li><li class='ez-toc-page-1 ez-toc-heading-level-2'><a class=\"ez-toc-link ez-toc-heading-4\" href=\"https:\/\/raum-blick.de\/magazin\/georg-jensen-bernadotte\/#Stilvolle_Signatur_fuers_ungezwungene_Familienleben\" >Stilvolle Signatur f\u00fcrs ungezwungene Familienleben<\/a><\/li><li class='ez-toc-page-1 ez-toc-heading-level-2'><a class=\"ez-toc-link ez-toc-heading-5\" href=\"https:\/\/raum-blick.de\/magazin\/georg-jensen-bernadotte\/#Georg_Jensen_Geschirr_%E2%80%93_stilvoll_fuer_jede_Mahlzeit\" >Georg Jensen Geschirr \u2013 stilvoll f\u00fcr jede Mahlzeit<\/a><\/li><\/ul><\/nav><\/div>\n\n<p><img loading=\"lazy\" decoding=\"async\" class=\"aligncenter wp-image-8615 size-full\" title=\"Georg Jensen Bernadotte Besteck 24-teilig | Design: Sigvard Bernadotte, 1939\" src=\"https:\/\/www.raum-blick.de\/magazin\/wp-content\/uploads\/2019\/07\/georg-jensen-bernadotte-besteck-24-teilig.jpg\" alt=\"georg-jensen-bernadotte-besteck-24-teilig\" width=\"600\" height=\"560\" srcset=\"https:\/\/raum-blick.de\/magazin\/wp-content\/uploads\/2019\/07\/georg-jensen-bernadotte-besteck-24-teilig.jpg 600w, https:\/\/raum-blick.de\/magazin\/wp-content\/uploads\/2019\/07\/georg-jensen-bernadotte-besteck-24-teilig-300x280.jpg 300w\" sizes=\"(max-width: 600px) 100vw, 600px\" \/><\/p>\n<p style=\"text-align: justify;\">F\u00fcr Designliebhaber war all das eine begr\u00fc\u00dfenswerte Entwicklung. Denn seine kreative Ader brachte zeitlos faszinierende Entw\u00fcrfe hervor. Hierzu geh\u00f6rt ein Besteck, das bis heute das Sortiment von Georg Jensen bereichert. Ein gro\u00dfes Fest steht ins Haus. Sie legen die Tischw\u00e4sche im strahlenden Wei\u00df auf. Dazu passen die gest\u00e4rkten Stoffservietten auf dem feinen Porzellan. Mit dem Besteck vervollst\u00e4ndigen Sie das Tischgedeck. Gleich darauf erfasst eine feierliche Atmosph\u00e4re die Tafel.<\/p>\n<blockquote>\n<p style=\"text-align: justify;\">Ausgewogen erscheint die Formsprache der Serie Bernadotte. Raffinierte Details verleihen den Accessoires ihre zeitlose Eleganz.<\/p>\n<\/blockquote>\n<p style=\"text-align: justify;\">Hierf\u00fcr ist der L\u00f6ffel ein gelungenes Beispiel. Der runde Funktionsbereich verj\u00fcngt sich an der Spitze. Das beschert den filigranen Touch. Die Hochglanzpolitur steuert einen Hauch von Luxus bei. Er verst\u00e4rkt sich, sobald sich die Tafelkerzen darin spiegeln. Flink erg\u00e4nzen Sie die passenden Bernadotte Vasen. Sie unterstreichen die puristische Grazie der wei\u00dfen Rosen.<\/p>\n<p><a href=\"georg-jensen-bernadotte-schale-mit-sockel\"><img loading=\"lazy\" decoding=\"async\" class=\"aligncenter wp-image-8603 size-full\" title=\"Georg Jensen Bernadotte Schale | Design: Prinz Sigvard Bernadotte, 2015\" src=\"https:\/\/www.raum-blick.de\/magazin\/wp-content\/uploads\/2019\/07\/georg-jensen-bernadotte-schale-mit-sockel.jpg\" alt=\"georg-jensen-bernadotte-schale-mit-sockel\" width=\"600\" height=\"300\" srcset=\"https:\/\/raum-blick.de\/magazin\/wp-content\/uploads\/2019\/07\/georg-jensen-bernadotte-schale-mit-sockel.jpg 600w, https:\/\/raum-blick.de\/magazin\/wp-content\/uploads\/2019\/07\/georg-jensen-bernadotte-schale-mit-sockel-300x150.jpg 300w\" sizes=\"(max-width: 600px) 100vw, 600px\" \/><\/a><\/p>\n<p style=\"text-align: justify;\">Die geschwungene Sockelschale Bernadotte rundet das Arrangement ab. Darin kommen die Hors d&#8217;oeuvres fabelhaft zur Geltung. Sie vers\u00fc\u00dfen den G\u00e4sten das Warten bis zum ersten Gang. W\u00e4hrend die Freunde danach greifen, nicken sie respektvoll. Denn die Appetith\u00e4ppchen bezirzen die Sinne genauso vorz\u00fcglich wie die f\u00fcrstlich inszenierte Tafel.<\/p>\n<h2><span class=\"ez-toc-section\" id=\"Ueberzeugender_Mix_aus_Industriedesign_und_klassischem_Stil\"><\/span>\u00dcberzeugender Mix aus Industriedesign und klassischem Stil<span class=\"ez-toc-section-end\"><\/span><\/h2>\n<p style=\"text-align: justify;\">W\u00e4hrend des Studiums lie\u00df sich Bernadotte von Olle Hjortzberg inspirieren. Der Professor hegte eine Vorliebe f\u00fcr klare Formgebungen. Sp\u00e4ter zeigte sich der Designer stets offen f\u00fcr Impulse der aktuellen Kunststr\u00f6mungen. Davon profitierte Georg Jensen. Bei seiner Arbeit f\u00fcr das Unternehmen ab 1930 interpretierte er skandinavisches Design modern. Der Minimalismus fiel aber weniger pointiert aus als bei anderen Industriedesignern der Epoche. Das Besteck erscheint dadurch nicht zu extravagant. Es signiert stattdessen geschmackvoll das Tischgedeck.<\/p>\n<p><img loading=\"lazy\" decoding=\"async\" class=\"aligncenter wp-image-8611 size-full\" title=\"Georg Jensen Bernadotte Etagere | Design: Bernadotte, 2018\" src=\"https:\/\/www.raum-blick.de\/magazin\/wp-content\/uploads\/2019\/07\/georg-jensen-bernadotte-etagere.jpg\" alt=\"georg-jensen-bernadotte-etagere\" width=\"600\" height=\"560\" srcset=\"https:\/\/raum-blick.de\/magazin\/wp-content\/uploads\/2019\/07\/georg-jensen-bernadotte-etagere.jpg 600w, https:\/\/raum-blick.de\/magazin\/wp-content\/uploads\/2019\/07\/georg-jensen-bernadotte-etagere-300x280.jpg 300w\" sizes=\"(max-width: 600px) 100vw, 600px\" \/><\/p>\n<p style=\"text-align: justify;\">Daran hat sich nach Jahrzehnten nichts ge\u00e4ndert. Bei der Kaffeetafel beweisen Sie Mut zur Farbe. Im kr\u00e4ftigen Grasgr\u00fcn pr\u00e4sentiert sich die Tischdecke. Bunte Wiesenblumen drapieren Sie in den schlanken Vasen aus Edelstahl. Ihr vielseitiges Lieblingsbesteck gesellt sich hinzu. Beim Arrangieren der s\u00fc\u00dfen Leckereien freuen Sie sich dar\u00fcber, dass Georg Jensen die Bernadotte-Linie regelm\u00e4\u00dfig erweitert. Verf\u00fchrerisch lecker wirken die Muffins auf der Bernadotte Etagere.<\/p>\n<p><img loading=\"lazy\" decoding=\"async\" class=\"aligncenter wp-image-8599 size-full\" title=\"Georg Jensen Bernadotte Servierplatte | Design: Bernadotte, 2018\" src=\"https:\/\/www.raum-blick.de\/magazin\/wp-content\/uploads\/2019\/07\/georg-jensen-bernadotte-servierplatte.jpg\" alt=\"georg-jensen-bernadotte-servierplatte\" width=\"600\" height=\"300\" srcset=\"https:\/\/raum-blick.de\/magazin\/wp-content\/uploads\/2019\/07\/georg-jensen-bernadotte-servierplatte.jpg 600w, https:\/\/raum-blick.de\/magazin\/wp-content\/uploads\/2019\/07\/georg-jensen-bernadotte-servierplatte-300x150.jpg 300w\" sizes=\"(max-width: 600px) 100vw, 600px\" \/><\/p>\n<p style=\"text-align: justify;\">K\u00f6stlich sieht der Kuchen auf der runden Servierplatte aus. Aber nicht nur das. Die eleganten Accessoires relativieren effektvoll den peppigen Ansatz bei der Tischdeko. Gleiches gilt f\u00fcr die geometrisch klare Riffelung. Sie verleiht der Bernadotte-Serie ihren unverwechselbaren Stil. So \u00fcberzeugt der Kaffeetisch mit seinem schicken Gesamteindruck.<\/p>\n<h2><span class=\"ez-toc-section\" id=\"Stilvolle_Signatur_fuers_ungezwungene_Familienleben\"><\/span>Stilvolle Signatur f\u00fcrs ungezwungene Familienleben<span class=\"ez-toc-section-end\"><\/span><\/h2>\n<p style=\"text-align: justify;\">Bernadotte bereicherte das Sortiment von Georg Jensen schon als Silberdesigner, bevor er das Studium abschloss. Danach blieb er dem Edelmetall bei vielen kreativen Ideen treu. Die legend\u00e4re Besteckserie bietet die Kopenhagener Marke bis heute als Tafelsilber an.<\/p>\n<blockquote>\n<p style=\"text-align: justify;\">Gefragter ist aber die Variante aus poliertem Edelstahl. Er punktet mit seinen \u00e4sthetischen Parallelen zum Silber.<\/p>\n<\/blockquote>\n<p style=\"text-align: justify;\">Die Entscheidung f\u00fcr den Werkstoff schm\u00e4lert deshalb die exklusive Note nicht. Das zeitgem\u00e4\u00dfe Material optimiert aber die Funktionalit\u00e4t. Denn die pflegeleichte Designlinie ist sp\u00fclmaschinenfest. Das erleichtert Ihnen nicht nur die Arbeit nach dem Dinner. Der allt\u00e4glichen Nutzung als K\u00fcchenaccessoires steht nichts im Weg. So gen\u00fcgt eine Ausstattung f\u00fcr alle Anl\u00e4sse.<\/p>\n<p><img loading=\"lazy\" decoding=\"async\" class=\"aligncenter wp-image-8608 size-full\" title=\"Georg Jensen Bernadotte Zuckerdose mit L\u00f6ffel | Design: Bernadotte, 2018\" src=\"https:\/\/www.raum-blick.de\/magazin\/wp-content\/uploads\/2019\/07\/georg-jensen-bernadotte-zuckerdose-mit-loeffel.jpg\" alt=\"georg-jensen-bernadotte-zuckerdose-mit-loeffel\" width=\"600\" height=\"460\" srcset=\"https:\/\/raum-blick.de\/magazin\/wp-content\/uploads\/2019\/07\/georg-jensen-bernadotte-zuckerdose-mit-loeffel.jpg 600w, https:\/\/raum-blick.de\/magazin\/wp-content\/uploads\/2019\/07\/georg-jensen-bernadotte-zuckerdose-mit-loeffel-300x230.jpg 300w\" sizes=\"(max-width: 600px) 100vw, 600px\" \/><\/p>\n<p style=\"text-align: justify;\">Auf dem Tisch freut sich die runde Zuckerdose \u00fcber einen Stammplatz. Direkt daneben platzieren Sie stets die beiden Vasen der Kollektion. Das Trio erh\u00e4lt durch die Gr\u00f6\u00dfenunterschiede einen dynamischen Charakter. Schick akzentuieren die Edelstahloberfl\u00e4chen und ausdrucksstarken L\u00e4ngsrillen die K\u00fcchendekoration.<\/p>\n<p><img loading=\"lazy\" decoding=\"async\" class=\"aligncenter wp-image-8597 size-full\" title=\"Georg Jensen Bernadotte Vase | Design: Bernadotte, 2018\" src=\"https:\/\/www.raum-blick.de\/magazin\/wp-content\/uploads\/2019\/07\/georg-jensen-bernadotte-vase.jpg\" alt=\"georg-jensen-bernadotte-vase\" width=\"600\" height=\"600\" srcset=\"https:\/\/raum-blick.de\/magazin\/wp-content\/uploads\/2019\/07\/georg-jensen-bernadotte-vase.jpg 600w, https:\/\/raum-blick.de\/magazin\/wp-content\/uploads\/2019\/07\/georg-jensen-bernadotte-vase-150x150.jpg 150w, https:\/\/raum-blick.de\/magazin\/wp-content\/uploads\/2019\/07\/georg-jensen-bernadotte-vase-300x300.jpg 300w\" sizes=\"(max-width: 600px) 100vw, 600px\" \/><\/p>\n<p style=\"text-align: justify;\">Unkonventionell ist der Gru\u00df aus dem Garten, den Sie in den Gef\u00e4\u00dfen arrangieren: Die Str\u00e4u\u00dfe mit frisch gepfl\u00fcckter Minze und Zitronenmelisse passen nicht nur wunderbar zum Flair des kulinarischen Treffpunkts. Die Kr\u00e4uter sorgen f\u00fcr einen erquickenden Raumduft. Bei einer spontanen Pause verf\u00fchren Sie die Bewohner dazu, den Tee mit nat\u00fcrlichen Aromen aufzuwerten.<\/p>\n<h2><span class=\"ez-toc-section\" id=\"Georg_Jensen_Geschirr_%E2%80%93_stilvoll_fuer_jede_Mahlzeit\"><\/span>Georg Jensen Geschirr \u2013 stilvoll f\u00fcr jede Mahlzeit<span class=\"ez-toc-section-end\"><\/span><\/h2>\n<p style=\"text-align: justify;\">Beim Fr\u00fchst\u00fcck gesellen sich das Bernadotte Milchk\u00e4nnchen und das Essbesteck hinzu. Ansprechend kontrastiert das silbrig schimmernde Metall das warme Charisma des Holztisches. Die urigen Facetten des Naturmaterials relativieren wiederum den exquisiten Touch des Tafelbestecks.<\/p>\n<p><img loading=\"lazy\" decoding=\"async\" class=\"aligncenter wp-image-8606 size-full\" title=\"Georg Jensen Bernadotte Sahnek\u00e4nnchen | Design: Bernadotte, 2018\" src=\"https:\/\/www.raum-blick.de\/magazin\/wp-content\/uploads\/2019\/07\/georg-jensen-bernadotte-sahnekaennchen.jpg\" alt=\"georg-jensen-bernadotte-sahnekaennchen\" width=\"600\" height=\"550\" srcset=\"https:\/\/raum-blick.de\/magazin\/wp-content\/uploads\/2019\/07\/georg-jensen-bernadotte-sahnekaennchen.jpg 600w, https:\/\/raum-blick.de\/magazin\/wp-content\/uploads\/2019\/07\/georg-jensen-bernadotte-sahnekaennchen-300x275.jpg 300w\" sizes=\"(max-width: 600px) 100vw, 600px\" \/><\/p>\n<p style=\"text-align: justify;\">Die Verwendung im Alltag erscheint dadurch nicht aufgesetzt. Das Art d\u00e9co-Design der K\u00fcchenaccessoires g\u00f6nnt dem modernen Lifestyle zudem eine Prise Nostalgie. So gen\u00fcgt bei den formlosen Mahlzeiten das Eindecken. Schon entfaltet sich ein stilvolles Ambiente, das die entspannten Stunden mit der Familie adelt.<\/p>\n","protected":false},"excerpt":{"rendered":"<p>\u00ab Doppelt adelige Geschirrserie aus D\u00e4nemark \u00bb Das Logo verdeutlicht den Respekt gegen\u00fcber der K\u00f6nigin von D\u00e4nemark. Der Gr\u00fcnder bekannte sich zum demokratischen Design, das Sch\u00f6nheit und Funktionalit\u00e4t f\u00fcr alle Zielgruppen vereint. Schon vor Jahrzehnten bewies Georg Jensen mit einem Besteck, dass sich majest\u00e4tische Grandesse und alltagsnahe Entw\u00fcrfe nicht widersprechen. Die legend\u00e4re Kollektion Bernadotte sorgt [&hellip;]<\/p>\n","protected":false},"author":4,"featured_media":8619,"comment_status":"closed","ping_status":"open","sticky":false,"template":"","format":"standard","meta":{"_et_pb_use_builder":"","_et_pb_old_content":"","_et_gb_content_width":"","inline_featured_image":false,"footnotes":""},"categories":[7],"tags":[849,217,388,689,341,119,853,846,850,852,851],"class_list":["post-8592","post","type-post","status-publish","format-standard","has-post-thumbnail","hentry","category-accessoires-lifestyle","tag-bernadotte","tag-besteck","tag-edelstahl","tag-etagere","tag-georg-jensen","tag-geschirr","tag-sahnekaennchen","tag-schale","tag-servierplatte","tag-vase","tag-zuckerdose"],"_links":{"self":[{"href":"https:\/\/raum-blick.de\/magazin\/wp-json\/wp\/v2\/posts\/8592","targetHints":{"allow":["GET"]}}],"collection":[{"href":"https:\/\/raum-blick.de\/magazin\/wp-json\/wp\/v2\/posts"}],"about":[{"href":"https:\/\/raum-blick.de\/magazin\/wp-json\/wp\/v2\/types\/post"}],"author":[{"embeddable":true,"href":"https:\/\/raum-blick.de\/magazin\/wp-json\/wp\/v2\/users\/4"}],"replies":[{"embeddable":true,"href":"https:\/\/raum-blick.de\/magazin\/wp-json\/wp\/v2\/comments?post=8592"}],"version-history":[{"count":22,"href":"https:\/\/raum-blick.de\/magazin\/wp-json\/wp\/v2\/posts\/8592\/revisions"}],"predecessor-version":[{"id":21037,"href":"https:\/\/raum-blick.de\/magazin\/wp-json\/wp\/v2\/posts\/8592\/revisions\/21037"}],"wp:featuredmedia":[{"embeddable":true,"href":"https:\/\/raum-blick.de\/magazin\/wp-json\/wp\/v2\/media\/8619"}],"wp:attachment":[{"href":"https:\/\/raum-blick.de\/magazin\/wp-json\/wp\/v2\/media?parent=8592"}],"wp:term":[{"taxonomy":"category","embeddable":true,"href":"https:\/\/raum-blick.de\/magazin\/wp-json\/wp\/v2\/categories?post=8592"},{"taxonomy":"post_tag","embeddable":true,"href":"https:\/\/raum-blick.de\/magazin\/wp-json\/wp\/v2\/tags?post=8592"}],"curies":[{"name":"wp","href":"https:\/\/api.w.org\/{rel}","templated":true}]}}