{"id":7928,"date":"2019-03-06T13:37:33","date_gmt":"2019-03-06T12:37:33","guid":{"rendered":"https:\/\/www.raum-blick.de\/magazin\/?p=7928"},"modified":"2024-09-17T14:56:44","modified_gmt":"2024-09-17T12:56:44","slug":"georg-jensen-bestecksets","status":"publish","type":"post","link":"https:\/\/raum-blick.de\/magazin\/georg-jensen-bestecksets\/","title":{"rendered":"Georg Jensen Bestecksets"},"content":{"rendered":"<h2><span class=\"ez-toc-section\" id=\"%C2%AB_Daenisches_Design_von_seiner_klarsten_Seite_%C2%BB\"><\/span>\u00ab D\u00e4nisches Design von seiner klarsten Seite \u00bb<span class=\"ez-toc-section-end\"><\/span><\/h2>\n<p style=\"text-align: justify;\"><strong>Das Logo deutet es an: Es gibt einen Link zum d\u00e4nischen K\u00f6nigshaus. Wenn Sie die Tafel f\u00fcrstlich eindecken m\u00f6chten, liegen Sie mit den <a href=\"https:\/\/www.raum-blick.de\/georg-jensen\/\">Bestecksets von Georg Jensen<\/a> richtig. Die skandinavische Premiummarke spricht sich von jeher f\u00fcr demokratisches Design aus, das sch\u00f6n und praktisch ist. Die Kollektionen aus Kopenhagen sind deshalb auch ein Gl\u00fccksgriff f\u00fcr den schick zelebrierten Alltag. <\/strong><\/p>\n<h2><span class=\"ez-toc-section\" id=\"Designklassiker_fuer_den_erlesenen_Geschmack\"><\/span>Designklassiker f\u00fcr den erlesenen Geschmack<span class=\"ez-toc-section-end\"><\/span><\/h2>\n<p style=\"text-align: justify;\">Der Gast ist bei Ihnen K\u00f6nig. Eine Prise Luxus signiert deshalb stets die Tafel, wenn Sie Freunde erwarten. Jedes Detail der Tischdekoration verw\u00f6hnt das Auge, ohne sich forsch in den Vordergrund zu dr\u00e4ngen. Der exquisite Touch ist eher den hochklassigen Materialien und der formvollendeten \u00c4sthetik zu verdanken. Es ist Ihnen vielleicht noch nicht bewusst: Sie pflegen einen \u00e4hnlichen Geschmack wie Georg Arthur Jensen.<\/p><div id=\"ez-toc-container\" class=\"ez-toc-v2_0_82_2 counter-hierarchy ez-toc-counter ez-toc-grey ez-toc-container-direction\">\n<div class=\"ez-toc-title-container\">\n<p class=\"ez-toc-title\" style=\"cursor:inherit\">Was hier auf Sie wartet<\/p>\n<span class=\"ez-toc-title-toggle\"><a href=\"#\" class=\"ez-toc-pull-right ez-toc-btn ez-toc-btn-xs ez-toc-btn-default ez-toc-toggle\" aria-label=\"Toggle Table of Content\"><span class=\"ez-toc-js-icon-con\"><span class=\"\"><span class=\"eztoc-hide\" style=\"display:none;\">Toggle<\/span><span class=\"ez-toc-icon-toggle-span\"><svg style=\"fill: #999;color:#999\" xmlns=\"http:\/\/www.w3.org\/2000\/svg\" class=\"list-377408\" width=\"20px\" height=\"20px\" viewBox=\"0 0 24 24\" fill=\"none\"><path d=\"M6 6H4v2h2V6zm14 0H8v2h12V6zM4 11h2v2H4v-2zm16 0H8v2h12v-2zM4 16h2v2H4v-2zm16 0H8v2h12v-2z\" fill=\"currentColor\"><\/path><\/svg><svg style=\"fill: #999;color:#999\" class=\"arrow-unsorted-368013\" xmlns=\"http:\/\/www.w3.org\/2000\/svg\" width=\"10px\" height=\"10px\" viewBox=\"0 0 24 24\" version=\"1.2\" baseProfile=\"tiny\"><path d=\"M18.2 9.3l-6.2-6.3-6.2 6.3c-.2.2-.3.4-.3.7s.1.5.3.7c.2.2.4.3.7.3h11c.3 0 .5-.1.7-.3.2-.2.3-.5.3-.7s-.1-.5-.3-.7zM5.8 14.7l6.2 6.3 6.2-6.3c.2-.2.3-.5.3-.7s-.1-.5-.3-.7c-.2-.2-.4-.3-.7-.3h-11c-.3 0-.5.1-.7.3-.2.2-.3.5-.3.7s.1.5.3.7z\"\/><\/svg><\/span><\/span><\/span><\/a><\/span><\/div>\n<nav><ul class='ez-toc-list ez-toc-list-level-1 ' ><li class='ez-toc-page-1 ez-toc-heading-level-2'><a class=\"ez-toc-link ez-toc-heading-1\" href=\"https:\/\/raum-blick.de\/magazin\/georg-jensen-bestecksets\/#%C2%AB_Daenisches_Design_von_seiner_klarsten_Seite_%C2%BB\" >\u00ab D\u00e4nisches Design von seiner klarsten Seite \u00bb<\/a><\/li><li class='ez-toc-page-1 ez-toc-heading-level-2'><a class=\"ez-toc-link ez-toc-heading-2\" href=\"https:\/\/raum-blick.de\/magazin\/georg-jensen-bestecksets\/#Designklassiker_fuer_den_erlesenen_Geschmack\" >Designklassiker f\u00fcr den erlesenen Geschmack<\/a><\/li><li class='ez-toc-page-1 ez-toc-heading-level-2'><a class=\"ez-toc-link ez-toc-heading-3\" href=\"https:\/\/raum-blick.de\/magazin\/georg-jensen-bestecksets\/#Minimalistische_Augenschmeichler_fuers_Gaumenfeuerwerk\" >Minimalistische Augenschmeichler f\u00fcrs Gaumenfeuerwerk<\/a><\/li><li class='ez-toc-page-1 ez-toc-heading-level-2'><a class=\"ez-toc-link ez-toc-heading-4\" href=\"https:\/\/raum-blick.de\/magazin\/georg-jensen-bestecksets\/#Diskrete_Eleganz_mit_Ausdruckskraft\" >Diskrete Eleganz mit Ausdruckskraft<\/a><\/li><li class='ez-toc-page-1 ez-toc-heading-level-2'><a class=\"ez-toc-link ez-toc-heading-5\" href=\"https:\/\/raum-blick.de\/magazin\/georg-jensen-bestecksets\/#Multitalente_fuers_unkomplizierte_Leben\" >Multitalente f\u00fcrs unkomplizierte Leben<\/a><\/li><\/ul><\/nav><\/div>\n\n<blockquote>\n<p style=\"text-align: justify;\">Der Silberschmied besuchte die K\u00f6niglich D\u00e4nische Kunstakademie und verfeinerte sein Talent beim Hofjuwelier.<\/p>\n<\/blockquote>\n<p style=\"text-align: justify;\">1904 gr\u00fcndete er das gleichnamige Unternehmen, das d\u00e4nisches Design in die Welt hinaustrug. In den 1920er Jahren wurde hierf\u00fcr sogar eine Filiale an der New Yorker Fifth Avenue er\u00f6ffnet. Die nachfolgende Generation hielt nicht nur an seinen hohen Qualit\u00e4tsanspr\u00fcchen fest. Sie \u00fcbernahm die Strategie des Gr\u00fcnders, mit verschiedenen Designern zusammenzuarbeiten.<\/p>\n<p><img loading=\"lazy\" decoding=\"async\" class=\"aligncenter wp-image-7947 size-full\" title=\"Kinderbesteck von Georg Jensen: Louise Campbell | Serie aus Edelstahl | Design: Louise Campbell\" src=\"https:\/\/www.raum-blick.de\/magazin\/wp-content\/uploads\/2019\/04\/georg-jensen-louise-campbell-kinderbesteck.jpg\" alt=\"georg-jensen-louise-campbell-kinderbesteck\" width=\"600\" height=\"600\" srcset=\"https:\/\/raum-blick.de\/magazin\/wp-content\/uploads\/2019\/04\/georg-jensen-louise-campbell-kinderbesteck.jpg 600w, https:\/\/raum-blick.de\/magazin\/wp-content\/uploads\/2019\/04\/georg-jensen-louise-campbell-kinderbesteck-150x150.jpg 150w, https:\/\/raum-blick.de\/magazin\/wp-content\/uploads\/2019\/04\/georg-jensen-louise-campbell-kinderbesteck-300x300.jpg 300w\" sizes=\"(max-width: 600px) 100vw, 600px\" \/><\/p>\n<p style=\"text-align: justify;\">Wegen seiner adligen Abstammung h\u00e4tte Sigvard Bernadotte auf dem schwedischen Thron landen k\u00f6nnen. Der vierte Platz in der Rangfolge sorgte gl\u00fccklicherweise daf\u00fcr, dass der Graf seine Kreativit\u00e4t auslebte. Denn er entwarf 1939 einen Designklassiker, der bis heute das stilvolle Dinner adelt.<\/p>\n<p><img loading=\"lazy\" decoding=\"async\" class=\"aligncenter wp-image-7932 size-full\" title=\"Besteck von Georg Jensen: Bernadotte | 24-teilig | Design: Sigvard Bernadotte, 1939\" src=\"https:\/\/www.raum-blick.de\/magazin\/wp-content\/uploads\/2019\/04\/georg-jensen-bernadotte-besteck-24-teilig.jpg\" alt=\"georg-jensen-bernadotte-besteck-24-teilig\" width=\"600\" height=\"560\" srcset=\"https:\/\/raum-blick.de\/magazin\/wp-content\/uploads\/2019\/04\/georg-jensen-bernadotte-besteck-24-teilig.jpg 600w, https:\/\/raum-blick.de\/magazin\/wp-content\/uploads\/2019\/04\/georg-jensen-bernadotte-besteck-24-teilig-300x280.jpg 300w\" sizes=\"(max-width: 600px) 100vw, 600px\" \/><\/p>\n<p style=\"text-align: justify;\">Die Hochglanzpolierung verleiht dem Georg Jensen Besteck Bernadotte einen Hauch von Glamour. Die markante Aura ist den L\u00e4ngsrillen zu verdanken. Klassisch f\u00e4llt die Form beim edlen Besteckset aus, das dem kulinarischen Event die Krone aufsetzt.<\/p>\n<h2><span class=\"ez-toc-section\" id=\"Minimalistische_Augenschmeichler_fuers_Gaumenfeuerwerk\"><\/span>Minimalistische Augenschmeichler f\u00fcrs Gaumenfeuerwerk<span class=\"ez-toc-section-end\"><\/span><\/h2>\n<p style=\"text-align: justify;\">Kochen ist Ihr Hobby. Sie freuen sich auf jedes Ereignis, bei dem Sie Ihre Leidenschaft ausleben k\u00f6nnen. Pr\u00e4zise werden die G\u00e4nge des Men\u00fcs aufeinander abgestimmt. Auf dem Markt organisieren Sie Zutaten mit exzellenter Qualit\u00e4t. Die Rezepte sind nur eine Richtschnur. Die servierten Spezialit\u00e4ten tragen Ihre Handschrift. Es ist eine Kunst, au\u00dfergew\u00f6hnliche Gaumenschmeichler zu komponieren. Dazu passt eine Besteckset exzellent, das sich ebenfalls vom Konventionellen distanziert.<\/p>\n<p><a href=\"https:\/\/www.raum-blick.de\/georg-jensen-arne-jacobsen-besteck\"><img loading=\"lazy\" decoding=\"async\" class=\"aligncenter wp-image-7942 size-full\" title=\"Besteck von Georg Jensen: Arne Jacobsen | 4 \/ 24 teilig | Design: Arne Jacobsen\" src=\"https:\/\/www.raum-blick.de\/magazin\/wp-content\/uploads\/2019\/04\/georg-jensen-arne-jacobsen-besteck.jpg\" alt=\"georg-jensen-arne-jacobsen-besteck\" width=\"600\" height=\"570\" srcset=\"https:\/\/raum-blick.de\/magazin\/wp-content\/uploads\/2019\/04\/georg-jensen-arne-jacobsen-besteck.jpg 600w, https:\/\/raum-blick.de\/magazin\/wp-content\/uploads\/2019\/04\/georg-jensen-arne-jacobsen-besteck-300x285.jpg 300w\" sizes=\"(max-width: 600px) 100vw, 600px\" \/><\/a><\/p>\n<p style=\"text-align: justify;\">Arne Jacobsen ist jedem Designliebhaber ein Begriff. Er z\u00e4hlt weltweit zu den bedeutendsten Architekten. Sein funktionalistischer Stil ist unverwechselbar und f\u00fcr d\u00e4nisches Design von gro\u00dfer Bedeutung. 1957 entwarf Arne Jacobsen ein Besteck, das durch seine eigenwillige Formsprache zum Blickfang avanciert. Die Gabel und das Messer wirken so futuristisch, dass ihre lange Vita verbl\u00fcfft. Im Vergleich dazu mutet die Gestalt der L\u00f6ffel angenehm weich an. Das matte <a href=\"https:\/\/www.raum-blick.de\/georg-jensen-arne-jacobsen-besteck\">Arne Jacobsen Besteckset<\/a> gleicht einem individuellen Statement. Das weckt die Neugier aufs kulinarische Programm.<\/p>\n<h2><span class=\"ez-toc-section\" id=\"Diskrete_Eleganz_mit_Ausdruckskraft\"><\/span>Diskrete Eleganz mit Ausdruckskraft<span class=\"ez-toc-section-end\"><\/span><\/h2>\n<p style=\"text-align: justify;\">Wei\u00dfes Tischtuch, funkelnde Kristallgl\u00e4ser und ein silberner Kerzenleuchter: Bei besonderen Anl\u00e4ssen bevorzugen Sie eine klassische Festtafel. Minimalistisch ist Ihre Tischdeko beim asiatisch angehauchten Dinner akzentuiert. Zu Weihnachten freuen sich die Kids, wenn ihre vielen Bastelarbeiten in Szene gesetzt werden. Mit prachtvollem Tafelsilber w\u00fcrde das Arrangement \u00fcberladen wirken.<\/p>\n<p><a href=\"https:\/\/www.raum-blick.de\/georg-jensen-louise-campbell-tafelbesteck\"><img loading=\"lazy\" decoding=\"async\" class=\"aligncenter wp-image-7949 size-full\" title=\"Kinderbesteck von Georg Jensen: Louise Campbell | Serie aus Edelstahl | Design: Louise Campbell\" src=\"https:\/\/www.raum-blick.de\/magazin\/wp-content\/uploads\/2019\/04\/Georg-Jensen-Kinderbesteck-Louise-Campbell-Serie-aus-Edelstahl.jpg\" alt=\"Georg Jensen Kinderbesteck Louise Campbell Serie aus Edelstahl\" width=\"600\" height=\"540\" srcset=\"https:\/\/raum-blick.de\/magazin\/wp-content\/uploads\/2019\/04\/Georg-Jensen-Kinderbesteck-Louise-Campbell-Serie-aus-Edelstahl.jpg 600w, https:\/\/raum-blick.de\/magazin\/wp-content\/uploads\/2019\/04\/Georg-Jensen-Kinderbesteck-Louise-Campbell-Serie-aus-Edelstahl-300x270.jpg 300w\" sizes=\"(max-width: 600px) 100vw, 600px\" \/><\/a><\/p>\n<p style=\"text-align: justify;\">Wenn Sie abwechslungsreich dinieren, sind dezente Bestecksets optimal. Henning Koppel war f\u00fcr die Designgeschichte bedeutend, weil er einen neuartigen Ansatz bei der Gestaltung w\u00e4hlte. Die floralen Dekorelemente des Jugendstils, die bei Bestecksets noch h\u00e4ufig anzutreffen waren, sagten ihm nicht zu. Mit dem rigiden Funktionalismus konnte er sich aber ebenso wenig anfreunden. Er etablierte deshalb ein Design, das diskret und markant zugleich war.<\/p>\n<p><img loading=\"lazy\" decoding=\"async\" class=\"aligncenter wp-image-7938 size-full\" title=\"Besteck von Georg Jensen: New York | Design: Henning Koppel\" src=\"https:\/\/www.raum-blick.de\/magazin\/wp-content\/uploads\/2019\/04\/georg-jensen-new-york-besteck.jpg\" alt=\"georg-jensen-new-york-besteck\" width=\"600\" height=\"550\" srcset=\"https:\/\/raum-blick.de\/magazin\/wp-content\/uploads\/2019\/04\/georg-jensen-new-york-besteck.jpg 600w, https:\/\/raum-blick.de\/magazin\/wp-content\/uploads\/2019\/04\/georg-jensen-new-york-besteck-300x275.jpg 300w\" sizes=\"(max-width: 600px) 100vw, 600px\" \/><\/p>\n<p style=\"text-align: justify;\">Im Jahr 1963 entwarf er f\u00fcr Georg Jensen ein Besteck, das ein typisches Beispiel f\u00fcr seine Entw\u00fcrfe ist. Die kantigen Griffe orientieren sich an der geometrischen Klarheit des Modernismus. Dazu bilden die organisch geformten Funktionsbereiche einen ansprechenden Kontrast.<\/p>\n<blockquote>\n<p style=\"text-align: justify;\">Die L\u00f6ffel distanzieren sich von der ovalen Statur, die bis heute \u00fcblich ist. Sie sind beinahe kreisrund.<\/p>\n<\/blockquote>\n<p style=\"text-align: justify;\">Mit diesen ungew\u00f6hnlichen Feinheiten verlieh der gelernte Bildhauer und Grafiker seinem Besteckset New York eine einzigartige Note.<\/p>\n<h2><span class=\"ez-toc-section\" id=\"Multitalente_fuers_unkomplizierte_Leben\"><\/span>Multitalente f\u00fcrs unkomplizierte Leben<span class=\"ez-toc-section-end\"><\/span><\/h2>\n<p style=\"text-align: justify;\">Nach der Arbeit steuern Sie geschwind Ihr Zuhause an. Denn in einer knappen Stunde steht das Mittagessen mit der ganzen Familie an. Im beeindruckenden Tempo bereiten Sie nicht nur das Lieblingsgericht der Kinder vor. F\u00fcr den vitaminreichen Energieschub gibt es einen knackigen Salat.<\/p>\n<p><img loading=\"lazy\" decoding=\"async\" class=\"aligncenter wp-image-7936 size-full\" title=\"Salatbesteck von Georg Jensen: Arne Jacobsen | matt | Design: Arne Jacobsen\" src=\"https:\/\/www.raum-blick.de\/magazin\/wp-content\/uploads\/2019\/04\/georg-jensen-arne-jacobsen-salatbesteck.jpg\" alt=\"georg-jensen-arne-jacobsen-salatbesteck\" width=\"600\" height=\"590\" srcset=\"https:\/\/raum-blick.de\/magazin\/wp-content\/uploads\/2019\/04\/georg-jensen-arne-jacobsen-salatbesteck.jpg 600w, https:\/\/raum-blick.de\/magazin\/wp-content\/uploads\/2019\/04\/georg-jensen-arne-jacobsen-salatbesteck-300x295.jpg 300w\" sizes=\"(max-width: 600px) 100vw, 600px\" \/><\/p>\n<p style=\"text-align: justify;\">Damit die Augen der Kleinen strahlen, gesellt sich Schokoladenpudding hinzu. Niemand vermutet, dass der Tisch im Multitasking-Verfahren eingedeckt wurde. Denn versiert haben Sie Accessoires gekauft, die alltagstauglich und schick sind.<\/p>\n<blockquote>\n<p style=\"text-align: justify;\">Designideen dieser Art waren die Spezialit\u00e4t von Grete Meyer.<\/p>\n<\/blockquote>\n<p style=\"text-align: justify;\">Sie vertrat die Auffassung, dass jeder das Recht hat, sich mit h\u00fcbschen Dingen zu umgeben. Diese Einstellung pr\u00e4gte nicht nur Ihr kreatives Schaffen. Sie passte hervorragend zur Philosophie von Georg Jensen. Er pl\u00e4dierte f\u00fcr einen Mix aus Sch\u00f6nheit und Funktionalit\u00e4t, der mit jeder Lebensart harmoniert. Dieser Philosophie bleibt die Marke bis heute treu.<\/p>\n<p><img loading=\"lazy\" decoding=\"async\" class=\"aligncenter wp-image-7940 size-full\" title=\"Besteck von Georg Jensen: Copenhagen | 24-teilig | Design: Grethe Meyer\" src=\"https:\/\/www.raum-blick.de\/magazin\/wp-content\/uploads\/2019\/04\/georg-jensen-copenhagen-besteck-24-teilig.jpg\" alt=\"georg-jensen-copenhagen-besteck-24-teilig\" width=\"600\" height=\"590\" srcset=\"https:\/\/raum-blick.de\/magazin\/wp-content\/uploads\/2019\/04\/georg-jensen-copenhagen-besteck-24-teilig.jpg 600w, https:\/\/raum-blick.de\/magazin\/wp-content\/uploads\/2019\/04\/georg-jensen-copenhagen-besteck-24-teilig-300x295.jpg 300w\" sizes=\"(max-width: 600px) 100vw, 600px\" \/><\/p>\n<p style=\"text-align: justify;\">Das Copenhagen Besteck stammt aus der Feder der renommierten Designerin. Da der Gesamteindruck nat\u00fcrlich ist, wirkt es bei den lockeren Mahlzeiten nicht deplatziert. Feine Details wie die geschwungene Messerklinge sorgen daf\u00fcr, dass die \u00c4sthetik nicht spr\u00f6de erscheint. Beim n\u00e4heren Betrachten erscheint das Design sogar h\u00f6chst individuell. Der Edelstahl erg\u00e4nzt nicht nur eine elegante Note.<\/p>\n<blockquote>\n<p style=\"text-align: justify;\">Das langlebige Material ist pflegeleicht.<\/p>\n<\/blockquote>\n<p style=\"text-align: justify;\">Nach dem Essen d\u00fcrfen Sie deshalb das Besteckset blitzschnell in die Sp\u00fclmaschine einr\u00e4umen. Dank der matten Veredelung er\u00fcbrigt sich au\u00dferdem das Nachpolieren.<\/p>\n","protected":false},"excerpt":{"rendered":"<p>\u00ab D\u00e4nisches Design von seiner klarsten Seite \u00bb Das Logo deutet es an: Es gibt einen Link zum d\u00e4nischen K\u00f6nigshaus. Wenn Sie die Tafel f\u00fcrstlich eindecken m\u00f6chten, liegen Sie mit den Bestecksets von Georg Jensen richtig. Die skandinavische Premiummarke spricht sich von jeher f\u00fcr demokratisches Design aus, das sch\u00f6n und praktisch ist. Die Kollektionen aus [&hellip;]<\/p>\n","protected":false},"author":4,"featured_media":7931,"comment_status":"closed","ping_status":"open","sticky":false,"template":"","format":"standard","meta":{"_et_pb_use_builder":"","_et_pb_old_content":"","_et_gb_content_width":"","inline_featured_image":false,"footnotes":""},"categories":[7],"tags":[623,217,772,334,388,341,638,773,469],"class_list":["post-7928","post","type-post","status-publish","format-standard","has-post-thumbnail","hentry","category-accessoires-lifestyle","tag-arne-jacobsen","tag-besteck","tag-bestecksets","tag-design","tag-edelstahl","tag-georg-jensen","tag-kinder","tag-kinderbesteck","tag-salatbesteck"],"_links":{"self":[{"href":"https:\/\/raum-blick.de\/magazin\/wp-json\/wp\/v2\/posts\/7928","targetHints":{"allow":["GET"]}}],"collection":[{"href":"https:\/\/raum-blick.de\/magazin\/wp-json\/wp\/v2\/posts"}],"about":[{"href":"https:\/\/raum-blick.de\/magazin\/wp-json\/wp\/v2\/types\/post"}],"author":[{"embeddable":true,"href":"https:\/\/raum-blick.de\/magazin\/wp-json\/wp\/v2\/users\/4"}],"replies":[{"embeddable":true,"href":"https:\/\/raum-blick.de\/magazin\/wp-json\/wp\/v2\/comments?post=7928"}],"version-history":[{"count":18,"href":"https:\/\/raum-blick.de\/magazin\/wp-json\/wp\/v2\/posts\/7928\/revisions"}],"predecessor-version":[{"id":21027,"href":"https:\/\/raum-blick.de\/magazin\/wp-json\/wp\/v2\/posts\/7928\/revisions\/21027"}],"wp:featuredmedia":[{"embeddable":true,"href":"https:\/\/raum-blick.de\/magazin\/wp-json\/wp\/v2\/media\/7931"}],"wp:attachment":[{"href":"https:\/\/raum-blick.de\/magazin\/wp-json\/wp\/v2\/media?parent=7928"}],"wp:term":[{"taxonomy":"category","embeddable":true,"href":"https:\/\/raum-blick.de\/magazin\/wp-json\/wp\/v2\/categories?post=7928"},{"taxonomy":"post_tag","embeddable":true,"href":"https:\/\/raum-blick.de\/magazin\/wp-json\/wp\/v2\/tags?post=7928"}],"curies":[{"name":"wp","href":"https:\/\/api.w.org\/{rel}","templated":true}]}}