{"id":7880,"date":"2019-03-04T10:02:36","date_gmt":"2019-03-04T09:02:36","guid":{"rendered":"https:\/\/www.raum-blick.de\/magazin\/?p=7880"},"modified":"2024-07-12T08:54:37","modified_gmt":"2024-07-12T06:54:37","slug":"kartell-componibili-container","status":"publish","type":"post","link":"https:\/\/raum-blick.de\/magazin\/kartell-componibili-container\/","title":{"rendered":"Kartell Componibili Container"},"content":{"rendered":"<h2><span class=\"ez-toc-section\" id=\"%C2%AB_Kompakt_vielseitig_in_zahlreichen_Varianten_%C2%BB\"><\/span>\u00ab Kompakt, vielseitig in zahlreichen Varianten\u00a0\u00bb<span class=\"ez-toc-section-end\"><\/span><\/h2>\n<p style=\"text-align: justify;\"><strong>Ber\u00fchmt, entgegenkommend und unkompliziert \u2013 beim 50. Jubil\u00e4um wirkt das Multitalent genauso jung wie bei der Geburt.\u00a0Componibili\u00a0ist kein klassisches M\u00f6belst\u00fcck. Der\u00a0Container\u00a0gleicht eher einem guten Freund, dem man lebenslang treu bleibt. Wenn Sie jetzt neugierig sind, lohnt sich ein Rendezvous mit der Designikone von\u00a0<a href=\"https:\/\/www.raum-blick.de\/kartell\/\">Kartell<\/a>.<\/strong><\/p>\n<h2><span class=\"ez-toc-section\" id=\"Italienischer_Spezialist_fuer_schicke_Patentloesungen\"><\/span>Italienischer Spezialist f\u00fcr schicke Patentl\u00f6sungen<span class=\"ez-toc-section-end\"><\/span><\/h2>\n<p style=\"text-align: justify;\">\u00dcberall ben\u00f6tigen Sie Stauraum. Das gilt f\u00fcr die private Wohnung und das B\u00fcro. Es erscheint unlogisch, jedes Mal eine neue L\u00f6sung f\u00fcr das Grundbed\u00fcrfnis zu entwickeln. Wer nach Patentrezepten f\u00fcrs Einrichten sucht, ist bei\u00a0Kartell\u00a0grunds\u00e4tzlich an der richtigen Adresse.<\/p><div id=\"ez-toc-container\" class=\"ez-toc-v2_0_82_2 counter-hierarchy ez-toc-counter ez-toc-grey ez-toc-container-direction\">\n<div class=\"ez-toc-title-container\">\n<p class=\"ez-toc-title\" style=\"cursor:inherit\">Was hier auf Sie wartet<\/p>\n<span class=\"ez-toc-title-toggle\"><a href=\"#\" class=\"ez-toc-pull-right ez-toc-btn ez-toc-btn-xs ez-toc-btn-default ez-toc-toggle\" aria-label=\"Toggle Table of Content\"><span class=\"ez-toc-js-icon-con\"><span class=\"\"><span class=\"eztoc-hide\" style=\"display:none;\">Toggle<\/span><span class=\"ez-toc-icon-toggle-span\"><svg style=\"fill: #999;color:#999\" xmlns=\"http:\/\/www.w3.org\/2000\/svg\" class=\"list-377408\" width=\"20px\" height=\"20px\" viewBox=\"0 0 24 24\" fill=\"none\"><path d=\"M6 6H4v2h2V6zm14 0H8v2h12V6zM4 11h2v2H4v-2zm16 0H8v2h12v-2zM4 16h2v2H4v-2zm16 0H8v2h12v-2z\" fill=\"currentColor\"><\/path><\/svg><svg style=\"fill: #999;color:#999\" class=\"arrow-unsorted-368013\" xmlns=\"http:\/\/www.w3.org\/2000\/svg\" width=\"10px\" height=\"10px\" viewBox=\"0 0 24 24\" version=\"1.2\" baseProfile=\"tiny\"><path d=\"M18.2 9.3l-6.2-6.3-6.2 6.3c-.2.2-.3.4-.3.7s.1.5.3.7c.2.2.4.3.7.3h11c.3 0 .5-.1.7-.3.2-.2.3-.5.3-.7s-.1-.5-.3-.7zM5.8 14.7l6.2 6.3 6.2-6.3c.2-.2.3-.5.3-.7s-.1-.5-.3-.7c-.2-.2-.4-.3-.7-.3h-11c-.3 0-.5.1-.7.3-.2.2-.3.5-.3.7s.1.5.3.7z\"\/><\/svg><\/span><\/span><\/span><\/a><\/span><\/div>\n<nav><ul class='ez-toc-list ez-toc-list-level-1 ' ><li class='ez-toc-page-1 ez-toc-heading-level-2'><a class=\"ez-toc-link ez-toc-heading-1\" href=\"https:\/\/raum-blick.de\/magazin\/kartell-componibili-container\/#%C2%AB_Kompakt_vielseitig_in_zahlreichen_Varianten_%C2%BB\" >\u00ab Kompakt, vielseitig in zahlreichen Varianten\u00a0\u00bb<\/a><\/li><li class='ez-toc-page-1 ez-toc-heading-level-2'><a class=\"ez-toc-link ez-toc-heading-2\" href=\"https:\/\/raum-blick.de\/magazin\/kartell-componibili-container\/#Italienischer_Spezialist_fuer_schicke_Patentloesungen\" >Italienischer Spezialist f\u00fcr schicke Patentl\u00f6sungen<\/a><\/li><li class='ez-toc-page-1 ez-toc-heading-level-2'><a class=\"ez-toc-link ez-toc-heading-3\" href=\"https:\/\/raum-blick.de\/magazin\/kartell-componibili-container\/#Vielseitige_Bausteine_fuers_moderne_Wohnen\" >Vielseitige Bausteine f\u00fcrs moderne Wohnen<\/a><\/li><li class='ez-toc-page-1 ez-toc-heading-level-2'><a class=\"ez-toc-link ez-toc-heading-4\" href=\"https:\/\/raum-blick.de\/magazin\/kartell-componibili-container\/#Liebenswerter_Ordnungshelfer_fuer_Klein_und_Gross\" >Liebenswerter Ordnungshelfer f\u00fcr Klein und Gro\u00df<\/a><\/li><li class='ez-toc-page-1 ez-toc-heading-level-2'><a class=\"ez-toc-link ez-toc-heading-5\" href=\"https:\/\/raum-blick.de\/magazin\/kartell-componibili-container\/#Problemloeser_fuer_den_Alltag\" >Probleml\u00f6ser f\u00fcr den Alltag<\/a><\/li><li class='ez-toc-page-1 ez-toc-heading-level-2'><a class=\"ez-toc-link ez-toc-heading-6\" href=\"https:\/\/raum-blick.de\/magazin\/kartell-componibili-container\/#Genialer_Coup_der_Designgeschichte\" >Genialer Coup der Designgeschichte<\/a><\/li><\/ul><\/nav><\/div>\n\n<p><a href=\"https:\/\/www.raum-blick.de\/kartell-componibili-4953\"><img loading=\"lazy\" decoding=\"async\" class=\"aligncenter wp-image-7906 size-full\" title=\"Componibili 4953 von Kartell | ein Fach | Design: Anna Castelli Ferrieri, 1969\" src=\"https:\/\/www.raum-blick.de\/magazin\/wp-content\/uploads\/2019\/04\/kartell-componibili-4953.jpg\" alt=\"kartell-componibili-4953\" width=\"600\" height=\"220\" srcset=\"https:\/\/raum-blick.de\/magazin\/wp-content\/uploads\/2019\/04\/kartell-componibili-4953.jpg 600w, https:\/\/raum-blick.de\/magazin\/wp-content\/uploads\/2019\/04\/kartell-componibili-4953-300x110.jpg 300w\" sizes=\"(max-width: 600px) 100vw, 600px\" \/><\/a><\/p>\n<p style=\"text-align: justify;\">Seit dem Deb\u00fct im Jahr 1949 fokussiert sich die Marke auf Produkte, die sich einfach handhaben und multifunktional einsetzen lassen. Macht eine Designidee querbeet in allen Lebenswelten eine exzellente Figur, passt sie zur Firmenphilosophie. Der Unternehmenssitz im n\u00e4heren Umfeld der Modestadt Milano verpflichtet. Die schicke \u00c4sthetik z\u00e4hlt zu den Selbstverst\u00e4ndlichkeiten.<\/p>\n<p><a href=\"https:\/\/www.raum-blick.de\/kartell-componibili-4955\"><img loading=\"lazy\" decoding=\"async\" class=\"aligncenter wp-image-7894 size-full\" title=\"Componibili 4955 von Kartell | ein Fach | Design: Anna Castelli Ferrieri, 1969\" src=\"https:\/\/www.raum-blick.de\/magazin\/wp-content\/uploads\/2019\/04\/kartell-componibili-4955.jpg\" alt=\"kartell-componibili-4955\" width=\"600\" height=\"310\" srcset=\"https:\/\/raum-blick.de\/magazin\/wp-content\/uploads\/2019\/04\/kartell-componibili-4955.jpg 600w, https:\/\/raum-blick.de\/magazin\/wp-content\/uploads\/2019\/04\/kartell-componibili-4955-300x155.jpg 300w\" sizes=\"(max-width: 600px) 100vw, 600px\" \/><\/a><\/p>\n<p style=\"text-align: justify;\">Vor f\u00fcnfzig Jahren entwarf die Ehefrau des Gr\u00fcnders ein Paradebeispiel f\u00fcr die Markenidentit\u00e4t. Anna Castelli Ferrieri lernte schon als M\u00e4dchen ber\u00fchmte Schriftsteller wie Thomas Mann oder James Joyce kennen. W\u00e4hrend des Studiums lie\u00df sie sich vom Rationalisten Franco Albini inspirieren. Beides befl\u00fcgelte ihren Stil. Das zeigte sich, als die Architektin f\u00fcr\u00a0Kartell den Componibili\u00a0entwarf.<\/p>\n<p><a href=\"https:\/\/www.raum-blick.de\/kartell-componibili-4985\"><img loading=\"lazy\" decoding=\"async\" class=\"aligncenter wp-image-7896 size-full\" title=\"Componibili 4985 von Kartell | vier F\u00e4cher | Design: Anna Castelli Ferrieri, 1969\" src=\"https:\/\/www.raum-blick.de\/magazin\/wp-content\/uploads\/2019\/04\/kartell-componibili-4985.jpg\" alt=\"kartell-componibili-4985\" width=\"600\" height=\"500\" srcset=\"https:\/\/raum-blick.de\/magazin\/wp-content\/uploads\/2019\/04\/kartell-componibili-4985.jpg 600w, https:\/\/raum-blick.de\/magazin\/wp-content\/uploads\/2019\/04\/kartell-componibili-4985-300x250.jpg 300w\" sizes=\"(max-width: 600px) 100vw, 600px\" \/><\/a><\/p>\n<p style=\"text-align: justify;\">Bemerkenswert rational erf\u00fcllt der\u00a0Container\u00a0den allt\u00e4glichen Wunsch, Dinge ordentlich zu verstauen. Seine geometrische Klarheit ist markant, harmoniert aber mit allen Einrichtungsstilen. Es wird nicht verraten, ob er sich als B\u00fcroregal, Beistelltisch oder Nachtkonsole versteht. Wie eine Poetin \u00fcberl\u00e4sst Anna Castelli Ihnen die Interpretation. Der pers\u00f6nliche Kontext gibt dabei bekannterma\u00dfen den Ton an.<\/p>\n<h2><span class=\"ez-toc-section\" id=\"Vielseitige_Bausteine_fuers_moderne_Wohnen\"><\/span>Vielseitige Bausteine f\u00fcrs moderne Wohnen<span class=\"ez-toc-section-end\"><\/span><\/h2>\n<p style=\"text-align: justify;\">Sie gestalten als Single Ihre privaten Gefilde. Bei der Badezimmergestaltung erobern die italienischen\u00a0Aufbewahrungsm\u00f6bel das Herz. Sie wirken stylisch und unkompliziert. Das passt wunderbar zum jungen Flair. Ein\u00a0<a href=\"https:\/\/www.raum-blick.de\/kartell-componibili-4967\/5967\">Kartell Componibili Container<\/a> gen\u00fcgt vollkommen, damit alle Utensilien aus dem Blickfeld verschwinden. Kurz darauf wird die Wohnung zum Zuhause einer Familie.<\/p>\n<p><a href=\"https:\/\/www.raum-blick.de\/kartell-componibili-deckel-quadratisch\"><img loading=\"lazy\" decoding=\"async\" class=\"aligncenter wp-image-7890 size-full\" title=\"Quadratische Componibili Abschlussplatte\/Deckel von Kartell | Design: Anna Castelli Ferrieri, 1969\" src=\"https:\/\/www.raum-blick.de\/magazin\/wp-content\/uploads\/2019\/04\/kartell-componibili-deckel-quadratisch.jpg\" alt=\"kartell-componibili-deckel-quadratisch\" width=\"600\" height=\"520\" srcset=\"https:\/\/raum-blick.de\/magazin\/wp-content\/uploads\/2019\/04\/kartell-componibili-deckel-quadratisch.jpg 600w, https:\/\/raum-blick.de\/magazin\/wp-content\/uploads\/2019\/04\/kartell-componibili-deckel-quadratisch-300x260.jpg 300w\" sizes=\"(max-width: 600px) 100vw, 600px\" \/><\/a><\/p>\n<p style=\"text-align: justify;\">Spontan platzieren Sie ein weiteres Element auf Ihr Lieblingsst\u00fcck. Schon reicht die Staufl\u00e4che f\u00fcr mehrere Personen. Nach dem Umzug treffen Sie auf ein Bad mit Einbauschr\u00e4nken, aber im Wohnzimmer fehlt ein Regal. Ihr Kartell Componibili-Duo ist f\u00fcr die Metamorphose offen. Damit die Einrichtungsidee mit der niedrigen Dachschr\u00e4ge harmoniert, werden die beiden Module kurzum nebeneinander drapiert. Das Beispiel verdeutlicht den Gedanken, der hinter dem Designklassiker steckt. &#8222;Componibili&#8220; ist im Italienischen der klangvolle Name f\u00fcr &#8222;modular&#8220;.<\/p>\n<p style=\"text-align: justify;\"><a href=\"https:\/\/www.raum-blick.de\/kartell-componibili-deckel\"><img loading=\"lazy\" decoding=\"async\" class=\"aligncenter wp-image-7903 size-full\" title=\"Componibili Abschlussplatte\/Deckel von Kartell | Design: Anna Castelli Ferrieri, 1969\" src=\"https:\/\/www.raum-blick.de\/magazin\/wp-content\/uploads\/2019\/04\/kartell-componibili-deckel.jpg\" alt=\"kartell-componibili-deckel\" width=\"600\" height=\"450\" srcset=\"https:\/\/raum-blick.de\/magazin\/wp-content\/uploads\/2019\/04\/kartell-componibili-deckel.jpg 600w, https:\/\/raum-blick.de\/magazin\/wp-content\/uploads\/2019\/04\/kartell-componibili-deckel-300x225.jpg 300w\" sizes=\"(max-width: 600px) 100vw, 600px\" \/><\/a><\/p>\n<p style=\"text-align: justify;\">Anna Castelli Ferrieri entwickelte das Grundkonzept mit zeitlos ansprechender \u00c4sthetik. Die breit gef\u00e4cherte Kollektion versteht sich als Baukasten, aus dem Sie die ben\u00f6tigten Module herauspicken. Das spricht nicht nur die spielerische Ader an, die in nahezu jedem Erwachsenen schlummert. Es ist kinderleicht, passend zum Bedarf die optimalen\u00a0Aufbewahrungsm\u00f6bel\u00a0zu entwerfen. Aussuchen, stapeln und arrangieren \u2013 fertig ist das individuelle Einrichtungsobjekt!<\/p>\n<h2><span class=\"ez-toc-section\" id=\"Liebenswerter_Ordnungshelfer_fuer_Klein_und_Gross\"><\/span>Liebenswerter Ordnungshelfer f\u00fcr Klein und Gro\u00df<span class=\"ez-toc-section-end\"><\/span><\/h2>\n<p style=\"text-align: justify;\">Es erleichtert Ihnen die Arbeit, wenn Sie alle Dokumente im Blick haben. Das Gleiche gilt f\u00fcr die g\u00e4ngigen Hilfsmittel. Bei Bedarf m\u00f6chten Sie ungehindert zugreifen. Schon ist der Locher zur Hand.<\/p>\n<div class=\"brlbs-cmpnt-container brlbs-cmpnt-content-blocker brlbs-cmpnt-with-individual-styles\" data-borlabs-cookie-content-blocker-id=\"default\" data-borlabs-cookie-content=\"PGlmcmFtZSBzcmM9Imh0dHBzOi8vd3d3LnlvdXR1YmUuY29tL2VtYmVkL0hTUURsYXY4dXVzIiB3aWR0aD0iNTYwIiBoZWlnaHQ9IjMxNSIgZnJhbWVib3JkZXI9IjAiIGFsbG93ZnVsbHNjcmVlbj0iYWxsb3dmdWxsc2NyZWVuIj48L2lmcmFtZT4=\">\n<div class=\"brlbs-cmpnt-cb-preset-a\">\n<p class=\"brlbs-cmpnt-cb-description\">Sie sehen gerade einen Platzhalterinhalt von <strong>Standard<\/strong>. Um auf den eigentlichen Inhalt zuzugreifen, klicken Sie auf den Button unten. Bitte beachten Sie, dass dabei Daten an Drittanbieter weitergegeben werden.<\/p>\n<div class=\"brlbs-cmpnt-cb-buttons\"> <a class=\"brlbs-cmpnt-cb-btn\" href=\"#\" data-borlabs-cookie-unblock role=\"button\">Inhalt entsperren<\/a> <a class=\"brlbs-cmpnt-cb-btn\" href=\"#\" data-borlabs-cookie-accept-service role=\"button\" style=\"display: none\">Erforderlichen Service akzeptieren und Inhalte entsperren<\/a> <\/div>\n<p> <a class=\"brlbs-cmpnt-cb-provider-toggle\" href=\"#\" data-borlabs-cookie-show-provider-information role=\"button\">Weitere Informationen<\/a> <\/div>\n<\/div>\n<p style=\"text-align: justify;\">Nichts spricht dagegen, den\u00a0<a href=\"https:\/\/www.raum-blick.de\/kartell-componibili-4985\">Componibili\u00a0als offenes B\u00fcroregal<\/a> zu nutzen. Werden die T\u00fcren komplett ge\u00f6ffnet, verschwinden sie im\u00a0Container. Das ver\u00e4ndert die Optik und die Funktionalit\u00e4t der\u00a0Aufbewahrungsm\u00f6bel. Mit der Zeit schleicht sich ein geordnetes Chaos ein. Ausgerechnet jetzt k\u00fcndigt sich hoher Besuch an. Kein Problem: Dank der Schiebet\u00fcren f\u00e4llt der Vorhang. Gleich darauf wirkt das Arbeitszimmer ohne Aufr\u00e4umaktion picobello.<\/p>\n<p><a href=\"https:\/\/www.raum-blick.de\/kartell-componibili-smile\"><img loading=\"lazy\" decoding=\"async\" class=\"aligncenter wp-image-7886 size-full\" title=\"Smile Componibili von Kartell | zwei F\u00e4cher mit Gesicht | Design: Anna Castelli Ferrieri 6, 1969\" src=\"https:\/\/www.raum-blick.de\/magazin\/wp-content\/uploads\/2019\/04\/kartell-componibili-smile.jpg\" alt=\"kartell-componibili-smile\" width=\"600\" height=\"250\" srcset=\"https:\/\/raum-blick.de\/magazin\/wp-content\/uploads\/2019\/04\/kartell-componibili-smile.jpg 600w, https:\/\/raum-blick.de\/magazin\/wp-content\/uploads\/2019\/04\/kartell-componibili-smile-300x125.jpg 300w\" sizes=\"(max-width: 600px) 100vw, 600px\" \/><\/a><\/p>\n<p style=\"text-align: justify;\">Sp\u00e4testens in diesem Moment wird der Nachwuchs neidisch und w\u00fcnscht sich ein flippiges Pendant f\u00fcrs Kinderzimmer. Der Wunsch l\u00e4sst sich problemlos erf\u00fcllen. Fabio Novembre variierte die Designikone nur einen Hauch, um ihr ein neues Gesicht zu verleihen. Der feuerrote\u00a0<a href=\"https:\/\/www.raum-blick.de\/kartell-componibili-smile\">Kartell Componibili\u00a0Smile<\/a> empf\u00e4ngt die kleinen G\u00e4ste mit einem wachsamen Blick, einladenden L\u00e4cheln oder gewitzten Zwinkern.<\/p>\n<h2><span class=\"ez-toc-section\" id=\"Problemloeser_fuer_den_Alltag\"><\/span>Probleml\u00f6ser f\u00fcr den Alltag<span class=\"ez-toc-section-end\"><\/span><\/h2>\n<p style=\"text-align: justify;\">Wer nun glaubt, die Flexibilit\u00e4t sei damit ausgereizt, hat die Rollen noch nicht entdeckt. Mit dem optionalen Zubeh\u00f6r wird der Allesk\u00f6nner mobil. Das er\u00f6ffnet ungeahnte M\u00f6glichkeiten: Beim TV-Abend m\u00f6chten die Kinder parallel spielen. Ohne Z\u00f6gern rollen sie ihren Schrank ins Wohnzimmer. Das geht nicht nur flotter. Die Eltern freuen sich, weil nicht alles auf dem Boden herumliegt.<\/p>\n<p><a href=\"https:\/\/www.raum-blick.de\/kartell-componibili-rollen\"><img loading=\"lazy\" decoding=\"async\" class=\"aligncenter wp-image-7883 size-full\" title=\"Rollen f\u00fcr den Container Componibili von Kartell | Design: Anna Castelli Ferrieri, 1969\" src=\"https:\/\/www.raum-blick.de\/magazin\/wp-content\/uploads\/2019\/04\/kartell-componibili-rollen.jpg\" alt=\"kartell-componibili-rollen\" width=\"600\" height=\"600\" srcset=\"https:\/\/raum-blick.de\/magazin\/wp-content\/uploads\/2019\/04\/kartell-componibili-rollen.jpg 600w, https:\/\/raum-blick.de\/magazin\/wp-content\/uploads\/2019\/04\/kartell-componibili-rollen-150x150.jpg 150w, https:\/\/raum-blick.de\/magazin\/wp-content\/uploads\/2019\/04\/kartell-componibili-rollen-300x300.jpg 300w\" sizes=\"(max-width: 600px) 100vw, 600px\" \/><\/a><\/p>\n<p style=\"text-align: justify;\">Am Wochenende steht eine Bastelaktion an. Sie haben beim Einrichten vorausgedacht. Alle Materialien befinden sich in einem Rollcontainer Ihres B\u00fcros. Nach einem Standortwechsel ist am Esszimmertisch alles f\u00fcrs Kreativprojekt verf\u00fcgbar. Beim Sommerfest suchen Sie h\u00e4nderingend nach einem Beistelltisch f\u00fcr die Gartenm\u00f6bel.<\/p>\n<p><a href=\"https:\/\/www.raum-blick.de\/kartell-componibili-4931\"><img loading=\"lazy\" decoding=\"async\" class=\"aligncenter wp-image-7908 size-full\" title=\"Kartell Componibili 4931 | zwei F\u00e4cher | Design: Anna Castelli Ferrieri, 1969\" src=\"https:\/\/www.raum-blick.de\/magazin\/wp-content\/uploads\/2019\/04\/kartell-componibili-4931.jpg\" alt=\"kartell-componibili-4931\" width=\"600\" height=\"530\" srcset=\"https:\/\/raum-blick.de\/magazin\/wp-content\/uploads\/2019\/04\/kartell-componibili-4931.jpg 600w, https:\/\/raum-blick.de\/magazin\/wp-content\/uploads\/2019\/04\/kartell-componibili-4931-300x265.jpg 300w\" sizes=\"(max-width: 600px) 100vw, 600px\" \/><\/a><\/p>\n<p style=\"text-align: justify;\">Der rollbare Bastelschrank kommt in den Sinn und Sie wagen etwas Verr\u00fccktes: Die \u00d6ffnungen werden zur Wand der Terrasse ausgerichtet. Danach vermutet niemand, welcher Aufgabe sich der\u00a0Componibili\u00a0im Alltag widmet. Denn er wirkt wie ein moderner Hocker. Wenn sich Probleme derart unkompliziert in Luft aufl\u00f6sen, verbessert sich die Lebensqualit\u00e4t. Zu diesem \u00fcbergeordneten Ziel bekannte sich die Designerin von\u00a0Kartell.<\/p>\n<h2><span class=\"ez-toc-section\" id=\"Genialer_Coup_der_Designgeschichte\"><\/span>Genialer Coup der Designgeschichte<span class=\"ez-toc-section-end\"><\/span><\/h2>\n<p style=\"text-align: justify;\">Kartell Componibili Container\u00a0\u00fcberzeugen nicht nur mit ihrem exzellenten Mix aus Pr\u00e4gnanz und Innovation. Es macht Spa\u00df, damit kreativ zu experimentieren. Verf\u00fcgbar sind nicht nur verschiedene Durchmesser und Gr\u00f6\u00dfen, bei denen die Anzahl der F\u00e4cher variiert. Puristisches Wei\u00df, kr\u00e4ftiges Blau und schillerndes Gold sind nur drei Beispiele f\u00fcr die umfangreiche Farbpalette.<\/p>\n<div class=\"brlbs-cmpnt-container brlbs-cmpnt-content-blocker brlbs-cmpnt-with-individual-styles\" data-borlabs-cookie-content-blocker-id=\"default\" data-borlabs-cookie-content=\"PGlmcmFtZSBzcmM9Imh0dHBzOi8vd3d3LnlvdXR1YmUuY29tL2VtYmVkL0lsVk5zeVc1WFRRIiB3aWR0aD0iNTYwIiBoZWlnaHQ9IjMxNSIgZnJhbWVib3JkZXI9IjAiIGFsbG93ZnVsbHNjcmVlbj0iYWxsb3dmdWxsc2NyZWVuIj48L2lmcmFtZT4=\">\n<div class=\"brlbs-cmpnt-cb-preset-a\">\n<p class=\"brlbs-cmpnt-cb-description\">Sie sehen gerade einen Platzhalterinhalt von <strong>Standard<\/strong>. Um auf den eigentlichen Inhalt zuzugreifen, klicken Sie auf den Button unten. Bitte beachten Sie, dass dabei Daten an Drittanbieter weitergegeben werden.<\/p>\n<div class=\"brlbs-cmpnt-cb-buttons\"> <a class=\"brlbs-cmpnt-cb-btn\" href=\"#\" data-borlabs-cookie-unblock role=\"button\">Inhalt entsperren<\/a> <a class=\"brlbs-cmpnt-cb-btn\" href=\"#\" data-borlabs-cookie-accept-service role=\"button\" style=\"display: none\">Erforderlichen Service akzeptieren und Inhalte entsperren<\/a> <\/div>\n<p> <a class=\"brlbs-cmpnt-cb-provider-toggle\" href=\"#\" data-borlabs-cookie-show-provider-information role=\"button\">Weitere Informationen<\/a> <\/div>\n<\/div>\n<p style=\"text-align: justify;\">Die Nutzer entscheiden, ob sie die Bauelemente einzeln pr\u00e4sentieren, stapeln oder als Ensemble arrangieren. Bei jedem Fach legen Sie fest, ob eine offene Ablage oder geschlossen Einheit sinnvoller ist. Der \u00e4sthetische Gesamteindruck und die funktionale Optimierung sind somit Ihr Werk. Es war vor einem halben Jahrhundert mutig, einen derart offenen M\u00f6belentwurf vorzustellen. Denn die Marke hatte keinen Einfluss auf die individuelle Vollendung der Designidee. In diesem Fall gilt: \u201eWer wagt, gewinnt\u201c.<\/p>\n<p><a href=\"https:\/\/www.raum-blick.de\/kartell-componibili-4966\/5966\"><img loading=\"lazy\" decoding=\"async\" class=\"aligncenter wp-image-7888 size-full\" title=\"4966\/5966 Componibili von Kartell | zwei F\u00e4cher | Design: Anna Castelli Ferrieri, 1969\" src=\"https:\/\/www.raum-blick.de\/magazin\/wp-content\/uploads\/2019\/04\/kartell-componibili-4966-5966.jpg\" alt=\"kartell-componibili-4966-5966\" width=\"600\" height=\"420\" srcset=\"https:\/\/raum-blick.de\/magazin\/wp-content\/uploads\/2019\/04\/kartell-componibili-4966-5966.jpg 600w, https:\/\/raum-blick.de\/magazin\/wp-content\/uploads\/2019\/04\/kartell-componibili-4966-5966-300x210.jpg 300w\" sizes=\"(max-width: 600px) 100vw, 600px\" \/><\/a><\/p>\n<p style=\"text-align: justify;\">Der\u00a0Kartell Componibili\u00a0ist inzwischen legend\u00e4r, wirkt aber hochmodern. Er spielt eine bedeutende Rolle in der Geschichte des M\u00f6beldesigns. Das bezeugt seine Pr\u00e4senz in den st\u00e4ndigen Ausstellungen des Pariser Centre George Pompidou und des New Yorker Museums of Modern Art.<\/p>\n","protected":false},"excerpt":{"rendered":"<p>\u00ab Kompakt, vielseitig in zahlreichen Varianten\u00a0\u00bb Ber\u00fchmt, entgegenkommend und unkompliziert \u2013 beim 50. Jubil\u00e4um wirkt das Multitalent genauso jung wie bei der Geburt.\u00a0Componibili\u00a0ist kein klassisches M\u00f6belst\u00fcck. Der\u00a0Container\u00a0gleicht eher einem guten Freund, dem man lebenslang treu bleibt. Wenn Sie jetzt neugierig sind, lohnt sich ein Rendezvous mit der Designikone von\u00a0Kartell. Italienischer Spezialist f\u00fcr schicke Patentl\u00f6sungen \u00dcberall [&hellip;]<\/p>\n","protected":false},"author":4,"featured_media":7924,"comment_status":"closed","ping_status":"open","sticky":false,"template":"","format":"standard","meta":{"_et_pb_use_builder":"","_et_pb_old_content":"","_et_gb_content_width":"","inline_featured_image":false,"footnotes":""},"categories":[1],"tags":[770,771,449,746,168,300],"class_list":["post-7880","post","type-post","status-publish","format-standard","has-post-thumbnail","hentry","category-drinnen","tag-componibili","tag-container","tag-einrichtungsideen","tag-kartell","tag-regale","tag-schraenke"],"_links":{"self":[{"href":"https:\/\/raum-blick.de\/magazin\/wp-json\/wp\/v2\/posts\/7880","targetHints":{"allow":["GET"]}}],"collection":[{"href":"https:\/\/raum-blick.de\/magazin\/wp-json\/wp\/v2\/posts"}],"about":[{"href":"https:\/\/raum-blick.de\/magazin\/wp-json\/wp\/v2\/types\/post"}],"author":[{"embeddable":true,"href":"https:\/\/raum-blick.de\/magazin\/wp-json\/wp\/v2\/users\/4"}],"replies":[{"embeddable":true,"href":"https:\/\/raum-blick.de\/magazin\/wp-json\/wp\/v2\/comments?post=7880"}],"version-history":[{"count":32,"href":"https:\/\/raum-blick.de\/magazin\/wp-json\/wp\/v2\/posts\/7880\/revisions"}],"predecessor-version":[{"id":20328,"href":"https:\/\/raum-blick.de\/magazin\/wp-json\/wp\/v2\/posts\/7880\/revisions\/20328"}],"wp:featuredmedia":[{"embeddable":true,"href":"https:\/\/raum-blick.de\/magazin\/wp-json\/wp\/v2\/media\/7924"}],"wp:attachment":[{"href":"https:\/\/raum-blick.de\/magazin\/wp-json\/wp\/v2\/media?parent=7880"}],"wp:term":[{"taxonomy":"category","embeddable":true,"href":"https:\/\/raum-blick.de\/magazin\/wp-json\/wp\/v2\/categories?post=7880"},{"taxonomy":"post_tag","embeddable":true,"href":"https:\/\/raum-blick.de\/magazin\/wp-json\/wp\/v2\/tags?post=7880"}],"curies":[{"name":"wp","href":"https:\/\/api.w.org\/{rel}","templated":true}]}}