{"id":7765,"date":"2019-02-13T15:03:15","date_gmt":"2019-02-13T14:03:15","guid":{"rendered":"https:\/\/www.raum-blick.de\/magazin\/?p=7765"},"modified":"2024-09-02T14:30:18","modified_gmt":"2024-09-02T12:30:18","slug":"kaehler-omaggio-vasen","status":"publish","type":"post","link":"https:\/\/raum-blick.de\/magazin\/kaehler-omaggio-vasen\/","title":{"rendered":"K\u00e4hler Omaggio Vasen"},"content":{"rendered":"<h2><span class=\"ez-toc-section\" id=\"%C2%AB_Die_neue_daenische_Kultvase_%C2%BB\"><\/span>\u00ab Die neue d\u00e4nische Kultvase \u00bb<span class=\"ez-toc-section-end\"><\/span><\/h2>\n<p style=\"text-align: justify;\"><strong>Die Historie von K\u00e4hler ist beeindruckend. D\u00e4nisches Design brachte Klassiker hervor, die bis heute verbl\u00fcffend modern wirken. Beide Aspekte w\u00fcrdigte das Designduo Stilleben bei den Entw\u00fcrfen f\u00fcr die <a href=\"https:\/\/www.raum-blick.de\/kaehler-design\/\">Kollektion K\u00e4hler Omaggio<\/a>. Die kreative Hommage gelang so exzellent, dass sie selbst zur Designikone avancierte. Wer das Zuhause mit den Vasen aus Keramik dekoriert, wundert sich nicht \u00fcber den Erfolg. Die Accessoires sind ideal f\u00fcr geschmackvolle Arrangements mit individueller Note. <\/strong><\/p>\n<h2><span class=\"ez-toc-section\" id=\"Tiefsinniger_Purismus_aus_Daenemark\"><\/span>Tiefsinniger Purismus aus D\u00e4nemark<span class=\"ez-toc-section-end\"><\/span><\/h2>\n<p style=\"text-align: justify;\">Ein T\u00f6pfer aus Heiligenhafen er\u00f6ffnete 1839 in N\u00e6stved seinen kleinen Betrieb f\u00fcr praktische Keramikwaren.<\/p><div id=\"ez-toc-container\" class=\"ez-toc-v2_0_82_2 counter-hierarchy ez-toc-counter ez-toc-grey ez-toc-container-direction\">\n<div class=\"ez-toc-title-container\">\n<p class=\"ez-toc-title\" style=\"cursor:inherit\">Was hier auf Sie wartet<\/p>\n<span class=\"ez-toc-title-toggle\"><a href=\"#\" class=\"ez-toc-pull-right ez-toc-btn ez-toc-btn-xs ez-toc-btn-default ez-toc-toggle\" aria-label=\"Toggle Table of Content\"><span class=\"ez-toc-js-icon-con\"><span class=\"\"><span class=\"eztoc-hide\" style=\"display:none;\">Toggle<\/span><span class=\"ez-toc-icon-toggle-span\"><svg style=\"fill: #999;color:#999\" xmlns=\"http:\/\/www.w3.org\/2000\/svg\" class=\"list-377408\" width=\"20px\" height=\"20px\" viewBox=\"0 0 24 24\" fill=\"none\"><path d=\"M6 6H4v2h2V6zm14 0H8v2h12V6zM4 11h2v2H4v-2zm16 0H8v2h12v-2zM4 16h2v2H4v-2zm16 0H8v2h12v-2z\" fill=\"currentColor\"><\/path><\/svg><svg style=\"fill: #999;color:#999\" class=\"arrow-unsorted-368013\" xmlns=\"http:\/\/www.w3.org\/2000\/svg\" width=\"10px\" height=\"10px\" viewBox=\"0 0 24 24\" version=\"1.2\" baseProfile=\"tiny\"><path d=\"M18.2 9.3l-6.2-6.3-6.2 6.3c-.2.2-.3.4-.3.7s.1.5.3.7c.2.2.4.3.7.3h11c.3 0 .5-.1.7-.3.2-.2.3-.5.3-.7s-.1-.5-.3-.7zM5.8 14.7l6.2 6.3 6.2-6.3c.2-.2.3-.5.3-.7s-.1-.5-.3-.7c-.2-.2-.4-.3-.7-.3h-11c-.3 0-.5.1-.7.3-.2.2-.3.5-.3.7s.1.5.3.7z\"\/><\/svg><\/span><\/span><\/span><\/a><\/span><\/div>\n<nav><ul class='ez-toc-list ez-toc-list-level-1 ' ><li class='ez-toc-page-1 ez-toc-heading-level-2'><a class=\"ez-toc-link ez-toc-heading-1\" href=\"https:\/\/raum-blick.de\/magazin\/kaehler-omaggio-vasen\/#%C2%AB_Die_neue_daenische_Kultvase_%C2%BB\" >\u00ab Die neue d\u00e4nische Kultvase \u00bb<\/a><\/li><li class='ez-toc-page-1 ez-toc-heading-level-2'><a class=\"ez-toc-link ez-toc-heading-2\" href=\"https:\/\/raum-blick.de\/magazin\/kaehler-omaggio-vasen\/#Tiefsinniger_Purismus_aus_Daenemark\" >Tiefsinniger Purismus aus D\u00e4nemark<\/a><\/li><li class='ez-toc-page-1 ez-toc-heading-level-2'><a class=\"ez-toc-link ez-toc-heading-3\" href=\"https:\/\/raum-blick.de\/magazin\/kaehler-omaggio-vasen\/#Dynamische_Wohndekoration_die_emotional_beruehrt\" >Dynamische Wohndekoration, die emotional ber\u00fchrt<\/a><\/li><li class='ez-toc-page-1 ez-toc-heading-level-2'><a class=\"ez-toc-link ez-toc-heading-4\" href=\"https:\/\/raum-blick.de\/magazin\/kaehler-omaggio-vasen\/#Herzlich_Willkommen_im_Reich_der_Geniesser\" >Herzlich Willkommen im Reich der Genie\u00dfer!<\/a><\/li><li class='ez-toc-page-1 ez-toc-heading-level-2'><a class=\"ez-toc-link ez-toc-heading-5\" href=\"https:\/\/raum-blick.de\/magazin\/kaehler-omaggio-vasen\/#Glamour_Romantik_oder_Lockerheit_Kult-Design_mit_vielen_Facetten\" >Glamour, Romantik oder Lockerheit: Kult-Design mit vielen Facetten<\/a><\/li><\/ul><\/nav><\/div>\n\n<blockquote>\n<p style=\"text-align: justify;\">Die n\u00e4chste Generation blieb dem Werkstoff treu, forcierte aber den k\u00fcnstlerischen Anspruch.<\/p>\n<\/blockquote>\n<p style=\"text-align: justify;\">Daran h\u00e4lt das skandinavische Traditionsunternehmen fest. Gleiches gilt f\u00fcr die Fertigung von Hand. Ditte Reckweg und Jelena Schou Nordentoft spezialisierten sich beim Studium an der Kopenhagener Akademie f\u00fcr feine K\u00fcnste auf Keramik. Dem Duo ist nicht nur klar, wie bedeutend die renommierte Manufaktur auf Seeland f\u00fcr d\u00e4nisches Design ist. Es hegt eine Leidenschaft f\u00fcrs Kunsthandwerk.<\/p>\n<div class=\"brlbs-cmpnt-container brlbs-cmpnt-content-blocker brlbs-cmpnt-with-individual-styles\" data-borlabs-cookie-content-blocker-id=\"default\" data-borlabs-cookie-content=\"PGlmcmFtZSBzcmM9Imh0dHBzOi8vd3d3LnlvdXR1YmUuY29tL2VtYmVkL1VTVjYxRURYZHFvIiB3aWR0aD0iNTYwIiBoZWlnaHQ9IjMxNSIgZnJhbWVib3JkZXI9IjAiIGFsbG93ZnVsbHNjcmVlbj0iYWxsb3dmdWxsc2NyZWVuIj48L2lmcmFtZT4=\">\n<div class=\"brlbs-cmpnt-cb-preset-a\">\n<p class=\"brlbs-cmpnt-cb-description\">Sie sehen gerade einen Platzhalterinhalt von <strong>Standard<\/strong>. Um auf den eigentlichen Inhalt zuzugreifen, klicken Sie auf den Button unten. Bitte beachten Sie, dass dabei Daten an Drittanbieter weitergegeben werden.<\/p>\n<div class=\"brlbs-cmpnt-cb-buttons\"> <a class=\"brlbs-cmpnt-cb-btn\" href=\"#\" data-borlabs-cookie-unblock role=\"button\">Inhalt entsperren<\/a> <a class=\"brlbs-cmpnt-cb-btn\" href=\"#\" data-borlabs-cookie-accept-service role=\"button\" style=\"display: none\">Erforderlichen Service akzeptieren und Inhalte entsperren<\/a> <\/div>\n<p> <a class=\"brlbs-cmpnt-cb-provider-toggle\" href=\"#\" data-borlabs-cookie-show-provider-information role=\"button\">Weitere Informationen<\/a> <\/div>\n<\/div>\n<p style=\"text-align: justify;\">Das kreative Doppel favorisiert gleichzeitig einen modernen Stil, der bemerkenswert einfach und pr\u00e4zise ist. Die K\u00e4hler Omaggio Vasen profitieren von der Melange aus Traditionsbewusstsein und Zeitgeist. Das kontrastreiche Dessin mit den plakativen Querstreifen verweist auf Svend Hammersh\u00f8i, der f\u00fcr die Markengeschichte wichtig war. Der Keramikk\u00fcnstler hegte eine Schw\u00e4che f\u00fcr quer oder l\u00e4ngs verlaufende Riffelungen. Die Designerinnen entschieden sich bewusst f\u00fcr das Bemalen von Hand. Jede Vase wird dadurch zum Unikat. Der Betrachter kann au\u00dferdem nachvollziehen, wie der Pinselstrich von einer k\u00fcnstlerisch talentierten Person aufgetragen wurde.<\/p>\n<p><a href=\"https:\/\/www.raum-blick.de\/kaehler-omaggio-vase-gross\"><img loading=\"lazy\" decoding=\"async\" class=\"aligncenter wp-image-7791 size-full\" title=\"K\u00e4hler Omaggio Vase, gro\u00df | Design: Stilleben\" src=\"https:\/\/www.raum-blick.de\/magazin\/wp-content\/uploads\/2019\/03\/kaehler-omaggio-vase-gross.jpg\" alt=\"kaehler-omaggio-vase-gross\" width=\"600\" height=\"600\" srcset=\"https:\/\/raum-blick.de\/magazin\/wp-content\/uploads\/2019\/03\/kaehler-omaggio-vase-gross.jpg 600w, https:\/\/raum-blick.de\/magazin\/wp-content\/uploads\/2019\/03\/kaehler-omaggio-vase-gross-150x150.jpg 150w, https:\/\/raum-blick.de\/magazin\/wp-content\/uploads\/2019\/03\/kaehler-omaggio-vase-gross-300x300.jpg 300w\" sizes=\"(max-width: 600px) 100vw, 600px\" \/><\/a><\/p>\n<p style=\"text-align: justify;\">Dieser Bezug zum traditionellen Entstehungsprozess verleiht den Wohnaccessoires ihren Charme. Ditte und Jelena legen Wert darauf, dass ihre \u00e4sthetischen Entw\u00fcrfe die Funktionalit\u00e4t des Objekts optimieren. Das Streifenmuster lenkt die Aufmerksamkeit auf die Keramikvasen. Monochrome T\u00f6ne wie Schwarz, Grau und Wei\u00df charakterisieren das Sortiment. So geht das geweckte Interesse auf die bunten Farben und filigranen Details der Blumen \u00fcber. Das Gef\u00e4\u00df fesselt somit wie ein Spot den Blick, \u00fcberl\u00e4sst das Rampenlicht aber Ihrer Blumen-Deko.<\/p>\n<h2><span class=\"ez-toc-section\" id=\"Dynamische_Wohndekoration_die_emotional_beruehrt\"><\/span>Dynamische Wohndekoration, die emotional ber\u00fchrt<span class=\"ez-toc-section-end\"><\/span><\/h2>\n<p style=\"text-align: justify;\">Nebendarsteller veranschaulichen die Botschaft der Hauptakteure. Regisseure \u00fcberlassen deshalb selten einem Solisten die Theaterb\u00fchne. Die skandinavische Marke greift diese Strategie auf und bietet diverse Varianten der Keramikvasen an.<\/p>\n<blockquote>\n<p style=\"text-align: justify;\">Stellen Sie sich ein Ensemble mit drei verschiedenen Gr\u00f6\u00dfen zusammen. Damit ist der Grundstein f\u00fcr eindrucksvolle Deko-Ideen gelegt.<\/p>\n<\/blockquote>\n<p style=\"text-align: justify;\">Thematisieren Sie zum Beispiel das Ende des Winters: Skizzieren Sie mit puren \u00c4sten in der gro\u00dfen Vase die karge Landschaft w\u00e4hrend der kalten Jahreszeit. Die zarten Bl\u00e4ttchen ausschlagender Zweige deuten im mittelgro\u00dfen Blumengef\u00e4\u00df an, wie die Natur zaghaft auflebt.<\/p>\n<p><img loading=\"lazy\" decoding=\"async\" class=\"aligncenter wp-image-7779 size-full\" title=\"K\u00e4hler Omaggio Vase Mini (3 St\u00fcck) | Design: Stilleben\" src=\"https:\/\/www.raum-blick.de\/magazin\/wp-content\/uploads\/2019\/03\/kaehler-omaggio-vase-mini-3-stueck.jpg\" alt=\"kaehler-omaggio-vase-mini-3-stueck\" width=\"600\" height=\"600\" srcset=\"https:\/\/raum-blick.de\/magazin\/wp-content\/uploads\/2019\/03\/kaehler-omaggio-vase-mini-3-stueck.jpg 600w, https:\/\/raum-blick.de\/magazin\/wp-content\/uploads\/2019\/03\/kaehler-omaggio-vase-mini-3-stueck-150x150.jpg 150w, https:\/\/raum-blick.de\/magazin\/wp-content\/uploads\/2019\/03\/kaehler-omaggio-vase-mini-3-stueck-300x300.jpg 300w\" sizes=\"(max-width: 600px) 100vw, 600px\" \/><\/p>\n<p style=\"text-align: justify;\">Krokusse sind mutige Vork\u00e4mpfer. Sie durchbrechen sogar den Schnee. Wer die Fr\u00fchbl\u00fcher in der Mini-Omaggio entdeckt, freut sich auf den nahenden Fr\u00fchling. So wird aus der h\u00fcbschen Dekoration ein geistreicher Stimmungsaufheller, der den Winterblues verscheucht. \u00c4hnlich schick machen sich Solos, die im glorreichen Duett m\u00fcnden.<\/p>\n<p><a href=\"https:\/\/www.raum-blick.de\/kaehler-omaggio-vase-klein\"><img loading=\"lazy\" decoding=\"async\" class=\"aligncenter wp-image-7789 size-full\" title=\"K\u00e4hler Omaggio Vase, klein | Design: Stilleben\" src=\"https:\/\/www.raum-blick.de\/magazin\/wp-content\/uploads\/2019\/03\/kaehler-omaggio-vase-klein.jpg\" alt=\"kaehler-omaggio-vase-klein\" width=\"600\" height=\"600\" srcset=\"https:\/\/raum-blick.de\/magazin\/wp-content\/uploads\/2019\/03\/kaehler-omaggio-vase-klein.jpg 600w, https:\/\/raum-blick.de\/magazin\/wp-content\/uploads\/2019\/03\/kaehler-omaggio-vase-klein-150x150.jpg 150w, https:\/\/raum-blick.de\/magazin\/wp-content\/uploads\/2019\/03\/kaehler-omaggio-vase-klein-300x300.jpg 300w\" sizes=\"(max-width: 600px) 100vw, 600px\" \/><\/a><\/p>\n<p style=\"text-align: justify;\">Pr\u00e4sentieren Sie saisonale Klassiker wie Weidek\u00e4tzchen und Osterglocken in den kleineren Blumenvasen einzeln, um die Vorfreude auf das fr\u00fchlingshafte Fest zu sch\u00fcren. Am Ostersonntag gesellt sich Ihre <a href=\"https:\/\/www.raum-blick.de\/kaehler-omaggio-vase-gross\">gro\u00dfe K\u00e4hler Omaggio<\/a> hinzu, in der sich die Gattungen zum \u00fcppigen Strau\u00df vereinen.<\/p>\n<h2><span class=\"ez-toc-section\" id=\"Herzlich_Willkommen_im_Reich_der_Geniesser\"><\/span>Herzlich Willkommen im Reich der Genie\u00dfer!<span class=\"ez-toc-section-end\"><\/span><\/h2>\n<p style=\"text-align: justify;\">K\u00e4hler Design erweiterte die Kult-Kollektion inzwischen durch passende Accessoires. Das erm\u00f6glicht dekorative Potpourris, die mehrere Sinne ansprechen.<\/p>\n<p><img loading=\"lazy\" decoding=\"async\" class=\"aligncenter wp-image-7786 size-full\" title=\"K\u00e4hler Omaggio Vase, Bodenvase | Design: Stilleben\" src=\"https:\/\/www.raum-blick.de\/magazin\/wp-content\/uploads\/2019\/03\/kaehler-omaggio-bodenvase-schwarz.jpg\" alt=\"kaehler-omaggio-bodenvase-schwarz\" width=\"600\" height=\"550\" srcset=\"https:\/\/raum-blick.de\/magazin\/wp-content\/uploads\/2019\/03\/kaehler-omaggio-bodenvase-schwarz.jpg 600w, https:\/\/raum-blick.de\/magazin\/wp-content\/uploads\/2019\/03\/kaehler-omaggio-bodenvase-schwarz-300x275.jpg 300w\" sizes=\"(max-width: 600px) 100vw, 600px\" \/><\/p>\n<p style=\"text-align: justify;\">Die schwarz-wei\u00dfen Designvarianten harmonieren fantastisch mit dem lockeren Flair in der K\u00fcche. Bunte Bl\u00fcten intensivieren nicht nur die legere \u00c4sthetik. Die lebhafte Tischdekoration sorgt beim Fr\u00fchst\u00fcck f\u00fcr gute Laune. Das steigert die Lust, selbst etwas Energie zu tanken. In der gestreiften Schale neben der Blumendeko bieten sich daf\u00fcr die vitaminreichen Fr\u00fcchte an. Die Atmosph\u00e4re im Flur wirkt umgehend einladender, wenn Sie auf der Kommode einen bl\u00fchenden Willkommensgru\u00df platzieren.<\/p>\n<p><img loading=\"lazy\" decoding=\"async\" class=\"aligncenter wp-image-7770 size-full\" title=\"K\u00e4hler Omaggio Schale | handbemalt\" src=\"https:\/\/www.raum-blick.de\/magazin\/wp-content\/uploads\/2019\/03\/kaehler-omaggio-schale-30-cm.jpg\" alt=\"kaehler-omaggio-schale-30-cm\" width=\"600\" height=\"300\" srcset=\"https:\/\/raum-blick.de\/magazin\/wp-content\/uploads\/2019\/03\/kaehler-omaggio-schale-30-cm.jpg 600w, https:\/\/raum-blick.de\/magazin\/wp-content\/uploads\/2019\/03\/kaehler-omaggio-schale-30-cm-300x150.jpg 300w\" sizes=\"(max-width: 600px) 100vw, 600px\" \/><\/p>\n<p style=\"text-align: justify;\">Der frische Akzent im Hauseingang f\u00e4llt den G\u00e4sten sofort auf. Gleich darauf entdecken sie die leckeren Pralinen in der K\u00e4hler Omaggio Schale. Kaum jemand wird das verf\u00fchrerische Angebot ausschlagen. Schon in den ersten Minuten nach der Ankunft verw\u00f6hnen Sie die Augen und den Gaumen. Jetzt k\u00f6nnen es die Besucher kaum erwarten, alle Schokoladenseiten Ihrer Gastfreundschaft kennenzulernen.<\/p>\n<h2><span class=\"ez-toc-section\" id=\"Glamour_Romantik_oder_Lockerheit_Kult-Design_mit_vielen_Facetten\"><\/span>Glamour, Romantik oder Lockerheit: Kult-Design mit vielen Facetten<span class=\"ez-toc-section-end\"><\/span><\/h2>\n<p style=\"text-align: justify;\">Hinter jedem \u00e4sthetischen Detail der K\u00e4hler Omaggio Vasen steckt ein tieferer Sinn. Bei der Pariser Weltausstellung im 19. Jahrhundert begeisterte die Manufaktur das internationale Publikum mit effektvoll glasierten Designideen. Die Veredelung der Omaggio Kollektion er\u00f6ffnet aber nicht nur einen Link zur Markenhistorie. Sie offenbart ihre optische Finesse, wenn Sie einen Standplatz mit reichlich Tageslicht aussuchen: Die Glasur f\u00e4ngt die Sonnenstrahlen ein, um der Designvase einen glanzvollen Auftritt zu bescheren. Geschickt variierte das Designduo den Entwurf.<\/p>\n<p><a href=\"https:\/\/www.raum-blick.de\/kaehler-omaggio-vase\"><img loading=\"lazy\" decoding=\"async\" class=\"aligncenter wp-image-7781 size-full\" title=\"K\u00e4hler Omaggio Vase, medium | Design: Stilleben\" src=\"https:\/\/www.raum-blick.de\/magazin\/wp-content\/uploads\/2019\/03\/kaehler-omaggio-vase.jpg\" alt=\"kaehler-omaggio-vase\" width=\"600\" height=\"600\" srcset=\"https:\/\/raum-blick.de\/magazin\/wp-content\/uploads\/2019\/03\/kaehler-omaggio-vase.jpg 600w, https:\/\/raum-blick.de\/magazin\/wp-content\/uploads\/2019\/03\/kaehler-omaggio-vase-150x150.jpg 150w, https:\/\/raum-blick.de\/magazin\/wp-content\/uploads\/2019\/03\/kaehler-omaggio-vase-300x300.jpg 300w\" sizes=\"(max-width: 600px) 100vw, 600px\" \/><\/a><\/p>\n<p style=\"text-align: justify;\">Die Keramikvasen mit schwarzen Querstreifen wirken sowohl l\u00e4ssig als auch elegant. Edel mutet die Oberfl\u00e4chengestaltung an, wenn Perlmutt oder Silber die wei\u00dfe Grundfarbe kontrastiert. Das diskrete Streifenmuster punktet mit einem Zusatzeffekt: Best\u00fccken Sie die Vasen mit einer Gattung, die nach unten reicht. Dann ergeben sich partielle Spiegelbilder der Bl\u00fcten und Bl\u00e4tter. Das verleiht der Dekoration einen extravaganten Touch. Die Reflexionen entfalten au\u00dferdem ihren Mehrwert, wenn Sie die Dinnertafel eindecken.<\/p>\n<p><img loading=\"lazy\" decoding=\"async\" class=\"aligncenter wp-image-7776 size-full\" title=\"K\u00e4hler Omaggio Kerzenst\u00e4nder, gro\u00df | Design: Stilleben\" src=\"https:\/\/www.raum-blick.de\/magazin\/wp-content\/uploads\/2019\/03\/kaehler-omaggio-kerzenstaender-gross.jpg\" alt=\"kaehler-omaggio-kerzenstaender-gross\" width=\"600\" height=\"600\" srcset=\"https:\/\/raum-blick.de\/magazin\/wp-content\/uploads\/2019\/03\/kaehler-omaggio-kerzenstaender-gross.jpg 600w, https:\/\/raum-blick.de\/magazin\/wp-content\/uploads\/2019\/03\/kaehler-omaggio-kerzenstaender-gross-150x150.jpg 150w, https:\/\/raum-blick.de\/magazin\/wp-content\/uploads\/2019\/03\/kaehler-omaggio-kerzenstaender-gross-300x300.jpg 300w\" sizes=\"(max-width: 600px) 100vw, 600px\" \/><\/p>\n<p style=\"text-align: justify;\">Wird der Kerzenhalter geschickt platziert, vervielf\u00e4ltigt die Vasenoberfl\u00e4che die sanft flackernde Flamme. So verst\u00e4rkt sich der festliche Charakter der Tischdeko. Die hochtalentierten Frauen aus D\u00e4nemark setzten 2016 erneut eine geniale Idee um: Sie \u00fcbertrugen das beliebte Grundkonzept auf Glas. Das Design Omaggio erh\u00e4lt dadurch eine erfrischende Leichtigkeit. Farben wie Pflaume, Blau und Gr\u00fcn intensivieren den Eindruck. Zur Lebensart im Sommer passen gepfl\u00fcckte Wiesenblumen wunderbar.<\/p>\n<p><img loading=\"lazy\" decoding=\"async\" class=\"aligncenter wp-image-7772 size-full\" title=\"K\u00e4hler Omaggio Teelichtleuchter | Design: Stilleben\" src=\"https:\/\/www.raum-blick.de\/magazin\/wp-content\/uploads\/2019\/03\/kaehler-omaggio-teelichtleuchter.jpg\" alt=\"kaehler-omaggio-teelichtleuchter\" width=\"600\" height=\"350\" srcset=\"https:\/\/raum-blick.de\/magazin\/wp-content\/uploads\/2019\/03\/kaehler-omaggio-teelichtleuchter.jpg 600w, https:\/\/raum-blick.de\/magazin\/wp-content\/uploads\/2019\/03\/kaehler-omaggio-teelichtleuchter-300x175.jpg 300w\" sizes=\"(max-width: 600px) 100vw, 600px\" \/><\/p>\n<p style=\"text-align: justify;\">Erg\u00e4nzen Sie im Umfeld der Designvase kleine Teelichtgl\u00e4ser f\u00fcrs Ambiente nach Sonnenuntergang. Das Ensemble auf dem Gartentisch wirkt ungezwungen, verdeutlicht aber trotzdem Ihren erlesenen Geschmack.<\/p>\n","protected":false},"excerpt":{"rendered":"<p>\u00ab Die neue d\u00e4nische Kultvase \u00bb Die Historie von K\u00e4hler ist beeindruckend. D\u00e4nisches Design brachte Klassiker hervor, die bis heute verbl\u00fcffend modern wirken. Beide Aspekte w\u00fcrdigte das Designduo Stilleben bei den Entw\u00fcrfen f\u00fcr die Kollektion K\u00e4hler Omaggio. Die kreative Hommage gelang so exzellent, dass sie selbst zur Designikone avancierte. Wer das Zuhause mit den Vasen [&hellip;]<\/p>\n","protected":false},"author":4,"featured_media":7797,"comment_status":"closed","ping_status":"open","sticky":false,"template":"","format":"standard","meta":{"_et_pb_use_builder":"","_et_pb_old_content":"","_et_gb_content_width":"","inline_featured_image":false,"footnotes":""},"categories":[7],"tags":[668,342,357,358,146,27],"class_list":["post-7765","post","type-post","status-publish","format-standard","has-post-thumbnail","hentry","category-accessoires-lifestyle","tag-bodenvasen","tag-dekoration","tag-kaehler","tag-omaggio","tag-vasen","tag-wohnaccessoires"],"_links":{"self":[{"href":"https:\/\/raum-blick.de\/magazin\/wp-json\/wp\/v2\/posts\/7765","targetHints":{"allow":["GET"]}}],"collection":[{"href":"https:\/\/raum-blick.de\/magazin\/wp-json\/wp\/v2\/posts"}],"about":[{"href":"https:\/\/raum-blick.de\/magazin\/wp-json\/wp\/v2\/types\/post"}],"author":[{"embeddable":true,"href":"https:\/\/raum-blick.de\/magazin\/wp-json\/wp\/v2\/users\/4"}],"replies":[{"embeddable":true,"href":"https:\/\/raum-blick.de\/magazin\/wp-json\/wp\/v2\/comments?post=7765"}],"version-history":[{"count":28,"href":"https:\/\/raum-blick.de\/magazin\/wp-json\/wp\/v2\/posts\/7765\/revisions"}],"predecessor-version":[{"id":20919,"href":"https:\/\/raum-blick.de\/magazin\/wp-json\/wp\/v2\/posts\/7765\/revisions\/20919"}],"wp:featuredmedia":[{"embeddable":true,"href":"https:\/\/raum-blick.de\/magazin\/wp-json\/wp\/v2\/media\/7797"}],"wp:attachment":[{"href":"https:\/\/raum-blick.de\/magazin\/wp-json\/wp\/v2\/media?parent=7765"}],"wp:term":[{"taxonomy":"category","embeddable":true,"href":"https:\/\/raum-blick.de\/magazin\/wp-json\/wp\/v2\/categories?post=7765"},{"taxonomy":"post_tag","embeddable":true,"href":"https:\/\/raum-blick.de\/magazin\/wp-json\/wp\/v2\/tags?post=7765"}],"curies":[{"name":"wp","href":"https:\/\/api.w.org\/{rel}","templated":true}]}}