{"id":7489,"date":"2019-01-16T16:09:45","date_gmt":"2019-01-16T15:09:45","guid":{"rendered":"https:\/\/www.raum-blick.de\/magazin\/?p=7489"},"modified":"2024-08-30T13:23:58","modified_gmt":"2024-08-30T11:23:58","slug":"holzgarderoben","status":"publish","type":"post","link":"https:\/\/raum-blick.de\/magazin\/holzgarderoben\/","title":{"rendered":"Die sch\u00f6nsten Holzgarderoben"},"content":{"rendered":"<h2><span class=\"ez-toc-section\" id=\"%C2%AB_Garderobenleisten-_und_Haken_in_grandiosen_Designs_%C2%BB\"><\/span>\u00ab Garderobenleisten- und Haken in grandiosen Designs \u00bb<span class=\"ez-toc-section-end\"><\/span><\/h2>\n<p style=\"text-align: justify;\"><strong>Sie empfangen die G\u00e4ste an der Haust\u00fcr. Gleich darauf offenbart sich nicht nur die warme und herzliche Atmosph\u00e4re. Ihr H\u00e4ndchen f\u00fcr eine schicke Einrichtung ist un\u00fcbersehbar. Die Holzgarderobe verleiht dem Flur einen wohnlichen Charakter. Mit den erlesenen Designideen beweisen Sie zudem, wie luftig und leicht der massive Werkstoff wirken kann. Wir stellen Ihnen ein paar wundervolle Garderoben aus Holz vor.<\/strong><\/p>\n<h2><span class=\"ez-toc-section\" id=\"Essenziell_in_Flur_und_Schlafzimmer\"><\/span>Essenziell in Flur und Schlafzimmer<span class=\"ez-toc-section-end\"><\/span><\/h2>\n<p style=\"text-align: justify;\">Garderoben stellen die klassischen Flurm\u00f6bel dar. Sie kommen von au\u00dfen herein und finden gleich eine M\u00f6glichkeit vor, Mantel oder Jacke sowie Hut sorgsam aufzuh\u00e4ngen.<\/p><div id=\"ez-toc-container\" class=\"ez-toc-v2_0_82_2 counter-hierarchy ez-toc-counter ez-toc-grey ez-toc-container-direction\">\n<div class=\"ez-toc-title-container\">\n<p class=\"ez-toc-title\" style=\"cursor:inherit\">Was hier auf Sie wartet<\/p>\n<span class=\"ez-toc-title-toggle\"><a href=\"#\" class=\"ez-toc-pull-right ez-toc-btn ez-toc-btn-xs ez-toc-btn-default ez-toc-toggle\" aria-label=\"Toggle Table of Content\"><span class=\"ez-toc-js-icon-con\"><span class=\"\"><span class=\"eztoc-hide\" style=\"display:none;\">Toggle<\/span><span class=\"ez-toc-icon-toggle-span\"><svg style=\"fill: #999;color:#999\" xmlns=\"http:\/\/www.w3.org\/2000\/svg\" class=\"list-377408\" width=\"20px\" height=\"20px\" viewBox=\"0 0 24 24\" fill=\"none\"><path d=\"M6 6H4v2h2V6zm14 0H8v2h12V6zM4 11h2v2H4v-2zm16 0H8v2h12v-2zM4 16h2v2H4v-2zm16 0H8v2h12v-2z\" fill=\"currentColor\"><\/path><\/svg><svg style=\"fill: #999;color:#999\" class=\"arrow-unsorted-368013\" xmlns=\"http:\/\/www.w3.org\/2000\/svg\" width=\"10px\" height=\"10px\" viewBox=\"0 0 24 24\" version=\"1.2\" baseProfile=\"tiny\"><path d=\"M18.2 9.3l-6.2-6.3-6.2 6.3c-.2.2-.3.4-.3.7s.1.5.3.7c.2.2.4.3.7.3h11c.3 0 .5-.1.7-.3.2-.2.3-.5.3-.7s-.1-.5-.3-.7zM5.8 14.7l6.2 6.3 6.2-6.3c.2-.2.3-.5.3-.7s-.1-.5-.3-.7c-.2-.2-.4-.3-.7-.3h-11c-.3 0-.5.1-.7.3-.2.2-.3.5-.3.7s.1.5.3.7z\"\/><\/svg><\/span><\/span><\/span><\/a><\/span><\/div>\n<nav><ul class='ez-toc-list ez-toc-list-level-1 ' ><li class='ez-toc-page-1 ez-toc-heading-level-2'><a class=\"ez-toc-link ez-toc-heading-1\" href=\"https:\/\/raum-blick.de\/magazin\/holzgarderoben\/#%C2%AB_Garderobenleisten-_und_Haken_in_grandiosen_Designs_%C2%BB\" >\u00ab Garderobenleisten- und Haken in grandiosen Designs \u00bb<\/a><\/li><li class='ez-toc-page-1 ez-toc-heading-level-2'><a class=\"ez-toc-link ez-toc-heading-2\" href=\"https:\/\/raum-blick.de\/magazin\/holzgarderoben\/#Essenziell_in_Flur_und_Schlafzimmer\" >Essenziell in Flur und Schlafzimmer<\/a><\/li><li class='ez-toc-page-1 ez-toc-heading-level-2'><a class=\"ez-toc-link ez-toc-heading-3\" href=\"https:\/\/raum-blick.de\/magazin\/holzgarderoben\/#Komfortabler_Auftakt_mit_natuerlichem_Charme\" >Komfortabler Auftakt mit nat\u00fcrlichem Charme<\/a><\/li><li class='ez-toc-page-1 ez-toc-heading-level-2'><a class=\"ez-toc-link ez-toc-heading-4\" href=\"https:\/\/raum-blick.de\/magazin\/holzgarderoben\/#Purismus_aus_Holz_zum_Wohlfuehlen\" >Purismus aus Holz zum Wohlf\u00fchlen<\/a><\/li><li class='ez-toc-page-1 ez-toc-heading-level-2'><a class=\"ez-toc-link ez-toc-heading-5\" href=\"https:\/\/raum-blick.de\/magazin\/holzgarderoben\/#Pfiffige_Alternativen_fuer_kleine_Flure\" >Pfiffige Alternativen f\u00fcr kleine Flure<\/a><\/li><li class='ez-toc-page-1 ez-toc-heading-level-2'><a class=\"ez-toc-link ez-toc-heading-6\" href=\"https:\/\/raum-blick.de\/magazin\/holzgarderoben\/#Einladende_Einrichtungsideen_fuer_den_Hausflur\" >Einladende Einrichtungsideen f\u00fcr den Hausflur<\/a><\/li><li class='ez-toc-page-1 ez-toc-heading-level-2'><a class=\"ez-toc-link ez-toc-heading-7\" href=\"https:\/\/raum-blick.de\/magazin\/holzgarderoben\/#Das_Ambiente_abrunden\" >Das Ambiente abrunden<\/a><\/li><\/ul><\/nav><\/div>\n\n<p><img loading=\"lazy\" decoding=\"async\" class=\"aligncenter wp-image-7539 size-full\" title=\"Garderobe von Normann Copenhagen: Toj | Design: Simon Legald, 2012\" src=\"https:\/\/www.raum-blick.de\/magazin\/wp-content\/uploads\/2019\/02\/normann-copenhagen-toj-garderobe.jpg\" alt=\"normann-copenhagen-toj-garderobe\" width=\"600\" height=\"600\" srcset=\"https:\/\/raum-blick.de\/magazin\/wp-content\/uploads\/2019\/02\/normann-copenhagen-toj-garderobe.jpg 600w, https:\/\/raum-blick.de\/magazin\/wp-content\/uploads\/2019\/02\/normann-copenhagen-toj-garderobe-150x150.jpg 150w, https:\/\/raum-blick.de\/magazin\/wp-content\/uploads\/2019\/02\/normann-copenhagen-toj-garderobe-300x300.jpg 300w\" sizes=\"(max-width: 600px) 100vw, 600px\" \/><\/p>\n<p style=\"text-align: justify;\">Garderobenleisten oder Garderobenhaken schaffen Ordnung und finden ebenso im Schlafzimmer Platz. Neben einem gro\u00dfen Standspiegel aufgestellt schaffen Sie ein ansprechendes Eck, um sich ausgehfertig zu machen.<\/p>\n<blockquote>\n<p style=\"text-align: justify;\">Besonders Holzgarderoben \u00fcberzeugen mit einer einmaligen \u00c4sthetik. Namhafte Marken pr\u00e4sentieren Modelle in aufsehenerregenden Designs.<\/p>\n<\/blockquote>\n<h2><span class=\"ez-toc-section\" id=\"Komfortabler_Auftakt_mit_natuerlichem_Charme\"><\/span>Komfortabler Auftakt mit nat\u00fcrlichem Charme<span class=\"ez-toc-section-end\"><\/span><\/h2>\n<p style=\"text-align: justify;\">Niels Hvass vereint bei der Holzgarderobe Cutter von <a href=\"https:\/\/www.raum-blick.de\/skagerak\/\">Skagerak<\/a> scheinbar widerspr\u00fcchliche W\u00fcnsche in einem Designobjekt. Er greift auf Eiche zur\u00fcck, die wegen ihrer Robustheit und ausdrucksstarken Maserung eine lange Tradition beim M\u00f6belbau hat. Der Designer erg\u00e4nzt durch die Lamellenoptik eine Prise Nostalgie. Denn \u00fcber Jahrzehnte hinweg war der Stil typisch f\u00fcr rustikale Gartenm\u00f6bel aus Holz.<\/p>\n<p><a href=\"https:\/\/www.raum-blick.de\/skagerak-cutter-garderobe\"><img loading=\"lazy\" decoding=\"async\" class=\"aligncenter wp-image-7530 size-full\" title=\"Garderobe von Skagerak: Cutter | Design: Niels Hvass\" src=\"https:\/\/www.raum-blick.de\/magazin\/wp-content\/uploads\/2019\/02\/skagerak-cutter-garderobe.jpg\" alt=\"skagerak-cutter-garderobe\" width=\"600\" height=\"600\" srcset=\"https:\/\/raum-blick.de\/magazin\/wp-content\/uploads\/2019\/02\/skagerak-cutter-garderobe.jpg 600w, https:\/\/raum-blick.de\/magazin\/wp-content\/uploads\/2019\/02\/skagerak-cutter-garderobe-150x150.jpg 150w, https:\/\/raum-blick.de\/magazin\/wp-content\/uploads\/2019\/02\/skagerak-cutter-garderobe-300x300.jpg 300w\" sizes=\"(max-width: 600px) 100vw, 600px\" \/><\/a><\/p>\n<p style=\"text-align: justify;\">Der Ausflug in die Designgeschichte ebnet zugleich dem modernen Eindruck den Weg: Dank der klaren Formsprache und der Aussparungen \u00fcberraschen die Garderoben mit ihrer optischen Leichtigkeit. Das d\u00e4nische Familienunternehmen ist f\u00fcr Produkte bekannt, die \u00fcber Generationen hinweg die Einrichtung bereichern. Die Funktionalit\u00e4t ist ebenso \u00fcberzeugend wie die solide Verarbeitung der Serie. Nach der Montage der Holzgarderobe d\u00fcrfen Sie die Hutablage, Kleiderstange und Garderobenhaken auf Ihrer Checkliste abhaken.<\/p>\n<p><a href=\"https:\/\/www.raum-blick.de\/skagerak-cutter-bank\"><img loading=\"lazy\" decoding=\"async\" class=\"aligncenter wp-image-7533 size-full\" title=\"Bank von Skagerak: Cutter | Design: Niels Hvass\" src=\"https:\/\/www.raum-blick.de\/magazin\/wp-content\/uploads\/2019\/02\/skagerak-cutter-bank.jpg\" alt=\"skagerak-cutter-bank\" width=\"600\" height=\"600\" srcset=\"https:\/\/raum-blick.de\/magazin\/wp-content\/uploads\/2019\/02\/skagerak-cutter-bank.jpg 600w, https:\/\/raum-blick.de\/magazin\/wp-content\/uploads\/2019\/02\/skagerak-cutter-bank-150x150.jpg 150w, https:\/\/raum-blick.de\/magazin\/wp-content\/uploads\/2019\/02\/skagerak-cutter-bank-300x300.jpg 300w\" sizes=\"(max-width: 600px) 100vw, 600px\" \/><\/a><\/p>\n<p style=\"text-align: justify;\">Wenn Sie die passende Holzbank erg\u00e4nzen, ist f\u00fcr den Sitzplatz beim Ankleiden ebenfalls gesorgt. Darunter drapieren Sie Boxen, um Accessoires ordentlich zu verstauen. Die Kollektion aus Skandinavien verleiht dem Eingangsbereich nicht nur ein ansprechendes Flair. Sie sorgt f\u00fcr einen hohen Komfort.<\/p>\n<blockquote>\n<p style=\"text-align: justify;\">Den G\u00e4sten entgeht nicht, wie viel Bequemlichkeit Sie beim Empfang bieten. Ihre Freunde f\u00fchlen sich deshalb herzlich willkommen.<\/p>\n<\/blockquote>\n<h2><span class=\"ez-toc-section\" id=\"Purismus_aus_Holz_zum_Wohlfuehlen\"><\/span>Purismus aus Holz zum Wohlf\u00fchlen<span class=\"ez-toc-section-end\"><\/span><\/h2>\n<p style=\"text-align: justify;\">Eine Wandgarderobe entspricht den Erwartungen. Mit einem Kleiderst\u00e4nder aus Holz legen Sie den Grundstein f\u00fcr eine unkonventionelle Atmosph\u00e4re. K\u00fchles Metall kontrastiert beim Dress-up von Nomess Copenhagen das naturbelassene Eschenholz. Un\u00fcbersehbar beschr\u00e4nkt sich der Entwurf auf das Wesentliche. Auffallend filigran sind die schr\u00e4gen Beine ausgef\u00fchrt. Die pure Eleganz gleicht einem stilistischen Statement. Leger mutet die freie Positionierung der Holzgarderobe an.<\/p>\n<p><img loading=\"lazy\" decoding=\"async\" class=\"aligncenter wp-image-7517 size-full\" title=\"Kleiderst\u00e4nder von Nomess Copenhagen: Dress-Up 120 | Material: Eschenholz massiv, Metall\" src=\"https:\/\/www.raum-blick.de\/magazin\/wp-content\/uploads\/2019\/02\/nomess-copenhagen-dress-up-120.jpg\" alt=\"nomess-copenhagen-dress-up-120\" width=\"600\" height=\"530\" srcset=\"https:\/\/raum-blick.de\/magazin\/wp-content\/uploads\/2019\/02\/nomess-copenhagen-dress-up-120.jpg 600w, https:\/\/raum-blick.de\/magazin\/wp-content\/uploads\/2019\/02\/nomess-copenhagen-dress-up-120-300x265.jpg 300w\" sizes=\"(max-width: 600px) 100vw, 600px\" \/><\/p>\n<p style=\"text-align: justify;\">Eine Stange aus Eichenholz und B\u00e4nder aus Leder: Mehr ben\u00f6tigt <a href=\"https:\/\/www.raum-blick.de\/lind-dna\/\">LIND DNA<\/a> f\u00fcr den Blickfang im Flur nicht. Das Design der Kleiderstange Swing ist bemerkenswert minimalistisch. Raffiniert erscheint die schwebende Installation. Sie ist nicht nur ideal f\u00fcr luftige Einrichtungsideen. Sie verleiht dem Setting eine ungew\u00f6hnliche Dynamik.<\/p>\n<p><img loading=\"lazy\" decoding=\"async\" class=\"aligncenter wp-image-7523 size-full\" title=\"Kleiderstange von LIND DNA: Swing | Design: LIND DNA\" src=\"https:\/\/www.raum-blick.de\/magazin\/wp-content\/uploads\/2019\/02\/swing-garderobe-lind-dna.jpg\" alt=\"swing-garderobe-lind-dna\" width=\"600\" height=\"600\" srcset=\"https:\/\/raum-blick.de\/magazin\/wp-content\/uploads\/2019\/02\/swing-garderobe-lind-dna.jpg 600w, https:\/\/raum-blick.de\/magazin\/wp-content\/uploads\/2019\/02\/swing-garderobe-lind-dna-150x150.jpg 150w, https:\/\/raum-blick.de\/magazin\/wp-content\/uploads\/2019\/02\/swing-garderobe-lind-dna-300x300.jpg 300w\" sizes=\"(max-width: 600px) 100vw, 600px\" \/><\/p>\n<p style=\"text-align: justify;\">Der Fokus auf einen Kleiderst\u00e4nder oder eine Stange zahlt sich aus: Es wirkt stets harmonischer und ordentlicher, wenn Jacken auf B\u00fcgeln drapiert werden. Bleiben Sie dem mutigen Minimalismus beim Raumkonzept treu.<\/p>\n<p><a href=\"https:\/\/www.raum-blick.de\/huk-beistelltisch-mueller-moebelwerkstaetten\"><img loading=\"lazy\" decoding=\"async\" class=\"aligncenter wp-image-7525 size-full\" title=\"Multifunktionsm\u00f6bel von M\u00fcller M\u00f6belwerkst\u00e4tten: Huk | Design: Michael Hilgers\" src=\"https:\/\/www.raum-blick.de\/magazin\/wp-content\/uploads\/2019\/02\/huk-beistelltisch-mueller-moebelwerkstaetten.jpg\" alt=\"huk-beistelltisch-mueller-moebelwerkstaetten\" width=\"600\" height=\"600\" srcset=\"https:\/\/raum-blick.de\/magazin\/wp-content\/uploads\/2019\/02\/huk-beistelltisch-mueller-moebelwerkstaetten.jpg 600w, https:\/\/raum-blick.de\/magazin\/wp-content\/uploads\/2019\/02\/huk-beistelltisch-mueller-moebelwerkstaetten-150x150.jpg 150w, https:\/\/raum-blick.de\/magazin\/wp-content\/uploads\/2019\/02\/huk-beistelltisch-mueller-moebelwerkstaetten-300x300.jpg 300w\" sizes=\"(max-width: 600px) 100vw, 600px\" \/><\/a><\/p>\n<p style=\"text-align: justify;\">Es reicht vollkommen, einen Hocker mit Stauraum zu erg\u00e4nzen. Sie hinterlegen darin griffbereit Ihre Accessoires. Besucher k\u00f6nnen darauf beispielsweise Taschen abstellen, w\u00e4hrend sie bei Ihnen verweilen.<\/p>\n<h2><span class=\"ez-toc-section\" id=\"Pfiffige_Alternativen_fuer_kleine_Flure\"><\/span>Pfiffige Alternativen f\u00fcr kleine Flure<span class=\"ez-toc-section-end\"><\/span><\/h2>\n<p style=\"text-align: justify;\">Die verf\u00fcgbaren Quadratmeter sind \u00fcberschaubar. Unvorteilhaft ist der schmale Grundriss. Mit diesen Rahmenbedingungen werden Sie in vielen Wohnungen bei der Flurgestaltung konfrontiert. Sebastian Jorgensen entwarf eine schicke L\u00f6sung f\u00fcrs verbreitete Problem. Ein attraktiv gemasertes Brett aus Bambus bildet beim Scoreboard von <a href=\"https:\/\/www.raum-blick.de\/we-do-wood\/\">We Do Wood<\/a> die Basis. Die Lochung unterstreicht die geometrische Klarheit und lockert den Entwurf auf.<\/p>\n<p><a href=\"https:\/\/www.raum-blick.de\/we-do-wood-scoreboard-garderobe-horizontal\"><img loading=\"lazy\" decoding=\"async\" class=\"aligncenter wp-image-7513 size-full\" title=\"Horizontale Garderobe aus Bambus von We Do Wood: Scoreboard | Design: Sebastian Jorgensen\" src=\"https:\/\/www.raum-blick.de\/magazin\/wp-content\/uploads\/2019\/02\/we-do-wood-scoreboard-garderobe-horizontal.jpg\" alt=\"we-do-wood-scoreboard-garderobe-horizontal\" width=\"600\" height=\"600\" srcset=\"https:\/\/raum-blick.de\/magazin\/wp-content\/uploads\/2019\/02\/we-do-wood-scoreboard-garderobe-horizontal.jpg 600w, https:\/\/raum-blick.de\/magazin\/wp-content\/uploads\/2019\/02\/we-do-wood-scoreboard-garderobe-horizontal-150x150.jpg 150w, https:\/\/raum-blick.de\/magazin\/wp-content\/uploads\/2019\/02\/we-do-wood-scoreboard-garderobe-horizontal-300x300.jpg 300w\" sizes=\"(max-width: 600px) 100vw, 600px\" \/><\/a><\/p>\n<p style=\"text-align: justify;\">Sie erf\u00fcllt zugleich einen praktischen Zweck: Nach Lust und Laune k\u00f6nnen Sie die farbig akzentuierten St\u00e4be verteilen, die als Haken fungieren. Die Holzgarderoben erhalten durch das Steckprinzip einen verspielten Touch. Es ist au\u00dferdem m\u00f6glich, das Designkonzept an die individuellen Bed\u00fcrfnisse anzupassen. Ber\u00fccksichtigen Sie beim Arrangieren zum Beispiel die K\u00f6rpergr\u00f6\u00dfe von Kindern und Erwachsenen.<\/p>\n<p><img loading=\"lazy\" decoding=\"async\" class=\"aligncenter wp-image-7515 size-full\" title=\"Vertikale Garderobe aus dunkel gebeiztem Bambus von We Do Wood: Scoreboard DARK | Design: Sebastian Jorgensen\" src=\"https:\/\/www.raum-blick.de\/magazin\/wp-content\/uploads\/2019\/02\/we-do-wood-scoreboard-garderobe-dark-vertikal.jpg\" alt=\"we-do-wood-scoreboard-garderobe-dark-vertikal\" width=\"600\" height=\"600\" srcset=\"https:\/\/raum-blick.de\/magazin\/wp-content\/uploads\/2019\/02\/we-do-wood-scoreboard-garderobe-dark-vertikal.jpg 600w, https:\/\/raum-blick.de\/magazin\/wp-content\/uploads\/2019\/02\/we-do-wood-scoreboard-garderobe-dark-vertikal-150x150.jpg 150w, https:\/\/raum-blick.de\/magazin\/wp-content\/uploads\/2019\/02\/we-do-wood-scoreboard-garderobe-dark-vertikal-300x300.jpg 300w\" sizes=\"(max-width: 600px) 100vw, 600px\" \/><\/p>\n<p style=\"text-align: justify;\">Leidenschaftlich t\u00fcftelte Thorkild an seiner Designidee, bis ihn jedes Detail \u00fcberzeugte. Die M\u00fche hat sich gelohnt. Verbl\u00fcffend flach schmiegt sich die preisgekr\u00f6nte Garderobenleiste KNAX von <a href=\"https:\/\/www.raum-blick.de\/loca\/\">LoCa<\/a> an die Wand. Die integrierten Haken heben sich nur dann hervor, wenn sie im Einsatz sind. So wird es zum Kinderspiel, auf kleinstem Raum eine Holzgarderobe zu integrieren.<\/p>\n<p><a href=\"https:\/\/www.raum-blick.de\/loca-knax-rustique-garderobe\"><img loading=\"lazy\" decoding=\"async\" class=\"aligncenter wp-image-7510 size-full\" title=\"Garderobe in verschiedenen Ausf\u00fchrungen: KNAX Rustique | Design: LoCa\" src=\"https:\/\/www.raum-blick.de\/magazin\/wp-content\/uploads\/2019\/02\/loca-knax-rustique-garderobe.jpg\" alt=\"loca-knax-rustique-garderobe\" width=\"600\" height=\"400\" srcset=\"https:\/\/raum-blick.de\/magazin\/wp-content\/uploads\/2019\/02\/loca-knax-rustique-garderobe.jpg 600w, https:\/\/raum-blick.de\/magazin\/wp-content\/uploads\/2019\/02\/loca-knax-rustique-garderobe-300x200.jpg 300w\" sizes=\"(max-width: 600px) 100vw, 600px\" \/><\/a><\/p>\n<p style=\"text-align: justify;\">Die unterschiedlich langen Hakenleisten werten mit ge\u00f6ltem Massivholz oder ihrer farbigen Lackierung das Flair auf. Stellen Sie sich ein bunt gemischtes Ensemble zusammen. Dann ergibt sich die kreative Wandgestaltung bei der Montage von selbst.<\/p>\n<h2><span class=\"ez-toc-section\" id=\"Einladende_Einrichtungsideen_fuer_den_Hausflur\"><\/span>Einladende Einrichtungsideen f\u00fcr den Hausflur<span class=\"ez-toc-section-end\"><\/span><\/h2>\n<p style=\"text-align: justify;\">Im Winter sammeln sich M\u00fctzen und Schals im Eingangsbereich. Wenn Sie Partyg\u00e4ste begr\u00fc\u00dfen, wird es eng an der Garderobe aus Holz. Die runden Wandhaken von <a href=\"https:\/\/www.raum-blick.de\/muuto\/\">Muuto<\/a> beanspruchen kaum Platz. Sie sind aber in vielen Situationen eine willkommene Erg\u00e4nzung. Vor dem Start in den Tag begutachten Sie gewiss Ihr Erscheinungsbild.<\/p>\n<p><a href=\"https:\/\/www.raum-blick.de\/muuto-the-dots-5er-set-wandhaken\"><img loading=\"lazy\" decoding=\"async\" class=\"aligncenter wp-image-7504 size-full\" title=\"Wandhaken aus Eichenholz von Muuto: The Dots | 5er Set | Design: Lars Torn\u00f8e\" src=\"https:\/\/www.raum-blick.de\/magazin\/wp-content\/uploads\/2019\/02\/muuto-the-dots-5er-set-wandhaken.jpg\" alt=\"muuto-the-dots-5er-set-wandhaken\" width=\"600\" height=\"370\" srcset=\"https:\/\/raum-blick.de\/magazin\/wp-content\/uploads\/2019\/02\/muuto-the-dots-5er-set-wandhaken.jpg 600w, https:\/\/raum-blick.de\/magazin\/wp-content\/uploads\/2019\/02\/muuto-the-dots-5er-set-wandhaken-300x185.jpg 300w\" sizes=\"(max-width: 600px) 100vw, 600px\" \/><\/a><\/p>\n<p style=\"text-align: justify;\">Ein gro\u00dfz\u00fcgiger Spiegel z\u00e4hlt deshalb zur grundlegenden Flurausstattung. Dass die Reflexionen den Raum gr\u00f6\u00dfer erscheinen lassen, ist ein begr\u00fc\u00dfenswerter Nebeneffekt. Das nat\u00fcrliche Charisma der Holzgarderoben intensivieren Sie gekonnt mit Wandfarben in zarten Gr\u00fcnt\u00f6nen. Wenn Sie eine kontrastreiche Raumgestaltung bevorzugen, macht sich ein Wandanstrich in Betonoptik schick.<\/p>\n<p><img loading=\"lazy\" decoding=\"async\" class=\"aligncenter wp-image-7506 size-full\" title=\"Vase aus Porzellan von Lyngby: Rhombe | Design: Lyngby Porcel\u00e6n\" src=\"https:\/\/www.raum-blick.de\/magazin\/wp-content\/uploads\/2019\/02\/lyngby-porzellan-rhombe-vase.jpg\" alt=\"lyngby-porzellan-rhombe-vase\" width=\"600\" height=\"600\" srcset=\"https:\/\/raum-blick.de\/magazin\/wp-content\/uploads\/2019\/02\/lyngby-porzellan-rhombe-vase.jpg 600w, https:\/\/raum-blick.de\/magazin\/wp-content\/uploads\/2019\/02\/lyngby-porzellan-rhombe-vase-150x150.jpg 150w, https:\/\/raum-blick.de\/magazin\/wp-content\/uploads\/2019\/02\/lyngby-porzellan-rhombe-vase-300x300.jpg 300w\" sizes=\"(max-width: 600px) 100vw, 600px\" \/><\/p>\n<p style=\"text-align: justify;\">Ein Gru\u00df aus der Natur harmoniert fabelhaft mit den Einrichtungsideen. Es gibt einige Gattungen, die Ihnen den meist schattigen Stellplatz verzeihen. Alternativ macht sich auf der Kommode eine Vase mit frischen Blumen schick.<\/p>\n<h2><span class=\"ez-toc-section\" id=\"Das_Ambiente_abrunden\"><\/span>Das Ambiente abrunden<span class=\"ez-toc-section-end\"><\/span><\/h2>\n<p style=\"text-align: justify;\">Ein Teppich rundet das Ganze nicht nur gem\u00fctlich ab. Da das Wohnaccessoire hereingetragenen Schmutz bindet, erleichtert es die Arbeit im Haushalt. Zum Holz der Garderobe passt beispielsweise die Kollektion Florentina von <a href=\"https:\/\/www.raum-blick.de\/salonloewe\/\">Salonl\u00f6we<\/a> wunderbar.<\/p>\n<p><img loading=\"lazy\" decoding=\"async\" class=\"aligncenter wp-image-7494 size-full\" title=\"Fu\u00dfmatte von Salonl\u00f6we: Florentina | bei 40\u00b0 waschbar | Design: Salonl\u00f6we\" src=\"https:\/\/www.raum-blick.de\/magazin\/wp-content\/uploads\/2019\/02\/salonloewe-florentina-fussmatte.jpg\" alt=\"salonloewe-florentina-fussmatte\" width=\"600\" height=\"470\" srcset=\"https:\/\/raum-blick.de\/magazin\/wp-content\/uploads\/2019\/02\/salonloewe-florentina-fussmatte.jpg 600w, https:\/\/raum-blick.de\/magazin\/wp-content\/uploads\/2019\/02\/salonloewe-florentina-fussmatte-300x235.jpg 300w\" sizes=\"(max-width: 600px) 100vw, 600px\" \/><\/p>\n<p style=\"text-align: justify;\">Passend zum L\u00e4ufer bietet die Marke eine Fu\u00dfmatte an. So ergibt sich ein harmonischer Gesamteindruck, wenn Sie die Haust\u00fcr \u00f6ffnen. Die funktionellen Eigenschaften der Flurteppiche bereiten genauso viel Freude wie das florale Muster. Denn die Reinigung \u00fcbernimmt bei Bedarf die Waschmaschine.<\/p>\n","protected":false},"excerpt":{"rendered":"<p>\u00ab Garderobenleisten- und Haken in grandiosen Designs \u00bb Sie empfangen die G\u00e4ste an der Haust\u00fcr. Gleich darauf offenbart sich nicht nur die warme und herzliche Atmosph\u00e4re. Ihr H\u00e4ndchen f\u00fcr eine schicke Einrichtung ist un\u00fcbersehbar. Die Holzgarderobe verleiht dem Flur einen wohnlichen Charakter. Mit den erlesenen Designideen beweisen Sie zudem, wie luftig und leicht der massive [&hellip;]<\/p>\n","protected":false},"author":4,"featured_media":7536,"comment_status":"closed","ping_status":"open","sticky":false,"template":"","format":"standard","meta":{"_et_pb_use_builder":"","_et_pb_old_content":"","_et_gb_content_width":"","inline_featured_image":false,"footnotes":""},"categories":[1],"tags":[454,457,449,407,149,385,452,752,533,753,110,529,239,534,21,532,19,408,560],"class_list":["post-7489","post","type-post","status-publish","format-standard","has-post-thumbnail","hentry","category-drinnen","tag-bambus","tag-eiche","tag-einrichtungsideen","tag-flur","tag-garderoben","tag-garderobenleisten","tag-holz","tag-holzgarderoben","tag-kleiderstaender","tag-kleiderstange","tag-lind-dna","tag-loca-knax","tag-muuto","tag-nomess-copenhagen","tag-normann-copenhagen","tag-schlafzimmer","tag-skagerak","tag-wandhaken","tag-we-do-wood"],"_links":{"self":[{"href":"https:\/\/raum-blick.de\/magazin\/wp-json\/wp\/v2\/posts\/7489","targetHints":{"allow":["GET"]}}],"collection":[{"href":"https:\/\/raum-blick.de\/magazin\/wp-json\/wp\/v2\/posts"}],"about":[{"href":"https:\/\/raum-blick.de\/magazin\/wp-json\/wp\/v2\/types\/post"}],"author":[{"embeddable":true,"href":"https:\/\/raum-blick.de\/magazin\/wp-json\/wp\/v2\/users\/4"}],"replies":[{"embeddable":true,"href":"https:\/\/raum-blick.de\/magazin\/wp-json\/wp\/v2\/comments?post=7489"}],"version-history":[{"count":46,"href":"https:\/\/raum-blick.de\/magazin\/wp-json\/wp\/v2\/posts\/7489\/revisions"}],"predecessor-version":[{"id":20838,"href":"https:\/\/raum-blick.de\/magazin\/wp-json\/wp\/v2\/posts\/7489\/revisions\/20838"}],"wp:featuredmedia":[{"embeddable":true,"href":"https:\/\/raum-blick.de\/magazin\/wp-json\/wp\/v2\/media\/7536"}],"wp:attachment":[{"href":"https:\/\/raum-blick.de\/magazin\/wp-json\/wp\/v2\/media?parent=7489"}],"wp:term":[{"taxonomy":"category","embeddable":true,"href":"https:\/\/raum-blick.de\/magazin\/wp-json\/wp\/v2\/categories?post=7489"},{"taxonomy":"post_tag","embeddable":true,"href":"https:\/\/raum-blick.de\/magazin\/wp-json\/wp\/v2\/tags?post=7489"}],"curies":[{"name":"wp","href":"https:\/\/api.w.org\/{rel}","templated":true}]}}