{"id":7402,"date":"2019-01-09T13:59:57","date_gmt":"2019-01-09T12:59:57","guid":{"rendered":"https:\/\/www.raum-blick.de\/magazin\/?p=7402"},"modified":"2021-09-22T16:25:07","modified_gmt":"2021-09-22T14:25:07","slug":"kartell-by-laufen","status":"publish","type":"post","link":"https:\/\/raum-blick.de\/magazin\/kartell-by-laufen\/","title":{"rendered":"Kartell by Laufen"},"content":{"rendered":"<h2><span class=\"ez-toc-section\" id=\"%C2%AB_Schweizer_Handwerk_trifft_italienische_Aesthetik_%C2%BB\"><\/span>\u00ab Schweizer Handwerk trifft italienische \u00c4sthetik \u00bb<span class=\"ez-toc-section-end\"><\/span><\/h2>\n<p style=\"text-align: justify;\"><strong>Zwei renommierte Unternehmen aus Italien und der Schweiz warfen ihre Kompetenzen in die Waagschale, um eine distinktive Wohlf\u00fchloase zu gestalten. W\u00e4hrend Laufen f\u00fcr das Bad innovative Sanit\u00e4rkeramik beisteuerte, widmete sich <a href=\"https:\/\/www.raum-blick.de\/kartell\/\">Kartell<\/a> dem formsch\u00f6nen Zubeh\u00f6r. Wer eine allumfassende Sanierung anstrebt, wirft einen Blick auf das Gesamtkonzept der beiden Traditionsmarken. F\u00fcr die flinke Verj\u00fcngungskur gen\u00fcgen die Badaccessoires vollkommen. Denn sie befl\u00fcgeln mit ihrer luftigen Eleganz nicht nur das Flair. Sie wurden f\u00fcr die individuelle Signatur geschaffen. <\/strong><\/p>\n<h2><span class=\"ez-toc-section\" id=\"Exquisite_Badausstattung_aus_der_Schweiz_die_Sie_emotional_beruehrt\"><\/span>Exquisite Badausstattung aus der Schweiz, die Sie emotional ber\u00fchrt<span class=\"ez-toc-section-end\"><\/span><\/h2>\n<p style=\"text-align: justify;\">Das Badezimmer ist inzwischen mehr als ein pragmatischer Ort f\u00fcr die unverzichtbare K\u00f6rperpflege. Es l\u00e4dt im modernen Zuhause zum Verweilen ein, wenn sich die Bewohner nach einer regenerierenden Auszeit sehnen. Seit rund 125 Jahren bereichert Laufen den Sanit\u00e4rbereich mit hochwertigen Produkten aus Keramik. Dem traditionsreichen Hersteller ist die wachsende Bedeutung des Raums bewusst. Er achtet bei den Kollektionen deshalb nicht nur auf eine erstklassige Qualit\u00e4t und Funktionalit\u00e4t. Die Schweizer Marke entwickelt Einrichtungskonzepte f\u00fcrs Bad, die angenehme Emotionen wecken.<\/p><div id=\"ez-toc-container\" class=\"ez-toc-v2_0_82_2 counter-hierarchy ez-toc-counter ez-toc-grey ez-toc-container-direction\">\n<div class=\"ez-toc-title-container\">\n<p class=\"ez-toc-title\" style=\"cursor:inherit\">Was hier auf Sie wartet<\/p>\n<span class=\"ez-toc-title-toggle\"><a href=\"#\" class=\"ez-toc-pull-right ez-toc-btn ez-toc-btn-xs ez-toc-btn-default ez-toc-toggle\" aria-label=\"Toggle Table of Content\"><span class=\"ez-toc-js-icon-con\"><span class=\"\"><span class=\"eztoc-hide\" style=\"display:none;\">Toggle<\/span><span class=\"ez-toc-icon-toggle-span\"><svg style=\"fill: #999;color:#999\" xmlns=\"http:\/\/www.w3.org\/2000\/svg\" class=\"list-377408\" width=\"20px\" height=\"20px\" viewBox=\"0 0 24 24\" fill=\"none\"><path d=\"M6 6H4v2h2V6zm14 0H8v2h12V6zM4 11h2v2H4v-2zm16 0H8v2h12v-2zM4 16h2v2H4v-2zm16 0H8v2h12v-2z\" fill=\"currentColor\"><\/path><\/svg><svg style=\"fill: #999;color:#999\" class=\"arrow-unsorted-368013\" xmlns=\"http:\/\/www.w3.org\/2000\/svg\" width=\"10px\" height=\"10px\" viewBox=\"0 0 24 24\" version=\"1.2\" baseProfile=\"tiny\"><path d=\"M18.2 9.3l-6.2-6.3-6.2 6.3c-.2.2-.3.4-.3.7s.1.5.3.7c.2.2.4.3.7.3h11c.3 0 .5-.1.7-.3.2-.2.3-.5.3-.7s-.1-.5-.3-.7zM5.8 14.7l6.2 6.3 6.2-6.3c.2-.2.3-.5.3-.7s-.1-.5-.3-.7c-.2-.2-.4-.3-.7-.3h-11c-.3 0-.5.1-.7.3-.2.2-.3.5-.3.7s.1.5.3.7z\"\/><\/svg><\/span><\/span><\/span><\/a><\/span><\/div>\n<nav><ul class='ez-toc-list ez-toc-list-level-1 ' ><li class='ez-toc-page-1 ez-toc-heading-level-2'><a class=\"ez-toc-link ez-toc-heading-1\" href=\"https:\/\/raum-blick.de\/magazin\/kartell-by-laufen\/#%C2%AB_Schweizer_Handwerk_trifft_italienische_Aesthetik_%C2%BB\" >\u00ab Schweizer Handwerk trifft italienische \u00c4sthetik \u00bb<\/a><\/li><li class='ez-toc-page-1 ez-toc-heading-level-2'><a class=\"ez-toc-link ez-toc-heading-2\" href=\"https:\/\/raum-blick.de\/magazin\/kartell-by-laufen\/#Exquisite_Badausstattung_aus_der_Schweiz_die_Sie_emotional_beruehrt\" >Exquisite Badausstattung aus der Schweiz, die Sie emotional ber\u00fchrt<\/a><\/li><li class='ez-toc-page-1 ez-toc-heading-level-2'><a class=\"ez-toc-link ez-toc-heading-3\" href=\"https:\/\/raum-blick.de\/magazin\/kartell-by-laufen\/#Moderner_Luxus_mit_erfrischender_Leichtigkeit\" >Moderner Luxus mit erfrischender Leichtigkeit<\/a><\/li><li class='ez-toc-page-1 ez-toc-heading-level-2'><a class=\"ez-toc-link ez-toc-heading-4\" href=\"https:\/\/raum-blick.de\/magazin\/kartell-by-laufen\/#Innovationen_fuer_die_stilvolle_Lebensart\" >Innovationen f\u00fcr die stilvolle Lebensart<\/a><\/li><li class='ez-toc-page-1 ez-toc-heading-level-2'><a class=\"ez-toc-link ez-toc-heading-5\" href=\"https:\/\/raum-blick.de\/magazin\/kartell-by-laufen\/#Preisgekroente_Ikonen_aus_Milano_fuer_Ihre_private_Wellnessoase\" >Preisgekr\u00f6nte Ikonen aus Milano f\u00fcr Ihre private Wellnessoase<\/a><\/li><\/ul><\/nav><\/div>\n\n<p><a href=\"https:\/\/www.raum-blick.de\/kartell-rail-handtuchhalter\"><img loading=\"lazy\" decoding=\"async\" class=\"aligncenter wp-image-7420 size-full\" title=\"Handtuchhalter &quot;Rail&quot; von Kartell | Design: Ludovica &amp; Roberto Palomba, 2013\" src=\"https:\/\/www.raum-blick.de\/magazin\/wp-content\/uploads\/2019\/02\/kartell-rail-handtuchhalter.jpg\" alt=\"kartell-rail-handtuchhalter\" width=\"600\" height=\"490\" srcset=\"https:\/\/raum-blick.de\/magazin\/wp-content\/uploads\/2019\/02\/kartell-rail-handtuchhalter.jpg 600w, https:\/\/raum-blick.de\/magazin\/wp-content\/uploads\/2019\/02\/kartell-rail-handtuchhalter-300x245.jpg 300w\" sizes=\"(max-width: 600px) 100vw, 600px\" \/><\/a><\/p>\n<p style=\"text-align: justify;\">Der Sanit\u00e4rausstatter aus der Schweiz bevorzugt von jeher Entw\u00fcrfe, bei denen sich die handwerkliche Pr\u00e4zision und stilistische Klarheit nordischer L\u00e4nder mit der italienischen Eleganz vereinen. Zur Unternehmensphilosophie passt die Kooperation demnach vortrefflich. Die Designmarke aus Mailand tendiert zur schn\u00f6rkellosen \u00c4sthetik mit luxuri\u00f6sem Touch. Der <a href=\"https:\/\/www.raum-blick.de\/kartell-rail-handtuchhalter\">Handtuchhalter Rail von Kartell<\/a> ist hierf\u00fcr weit vor der Kooperation ein gelungenes Beispiel: Die geradlinige Badausstattung avanciert zum Blickfang, weil sie das Setting bemerkenswert diskret aufwertet. Er stammt aus der Feder des Duos Ludovica &amp; Roberto Palomba.<\/p>\n<h2><span class=\"ez-toc-section\" id=\"Moderner_Luxus_mit_erfrischender_Leichtigkeit\"><\/span>Moderner Luxus mit erfrischender Leichtigkeit<span class=\"ez-toc-section-end\"><\/span><\/h2>\n<p style=\"text-align: justify;\">Die Kooperationspartner entschieden sich auch in der aktuellen Zusammenarbeit daf\u00fcr, Ludovica &amp; Roberto Palomba mit der k\u00fcnstlerischen Leitung zu beauftragen. Das italienische Studio genie\u00dft nicht nur international einen exzellenten Ruf, wenn es um die Gestaltung exklusiver Wohnprojekte und Yachten geht. Die Designer sind daf\u00fcr bekannt, dass ihre kreativen Ideen langfristig \u00fcberzeugen. Bei der Badausstattung ist diese anhaltende Faszination ein bedeutendes Kriterium.<\/p>\n<p><a href=\"https:\/\/www.raum-blick.de\/kartell-seifenschale\"><img loading=\"lazy\" decoding=\"async\" class=\"aligncenter wp-image-7418 size-full\" title=\"Seifenschale &quot;Boxy&quot; von Kartell | Design: Ludovica &amp; Roberto Palomba, 2017\" src=\"https:\/\/www.raum-blick.de\/magazin\/wp-content\/uploads\/2019\/02\/kartell-seifenschale.jpg\" alt=\"kartell-seifenschale\" width=\"600\" height=\"470\" srcset=\"https:\/\/raum-blick.de\/magazin\/wp-content\/uploads\/2019\/02\/kartell-seifenschale.jpg 600w, https:\/\/raum-blick.de\/magazin\/wp-content\/uploads\/2019\/02\/kartell-seifenschale-300x235.jpg 300w\" sizes=\"(max-width: 600px) 100vw, 600px\" \/><\/a><\/p>\n<p style=\"text-align: justify;\">Das Designteam w\u00e4hlte einen \u00e4sthetischen Ansatz, der beiden Partnern gerecht wird. Die keramische Sanit\u00e4reinrichtung \u00fcberrascht nicht nur mit ihrer strengen Geometrie. Funktionelle Elemente wie der Abfluss wurden derart dezent eingef\u00fcgt, dass man sie kaum wahrnimmt. Die Grundausstattung wirkt weder zweckm\u00e4\u00dfig noch extravagant. Es ergibt sich vielmehr ein ungew\u00f6hnlich reiner und unbeschwerter Gesamteindruck.<\/p>\n<p><a href=\"https:\/\/www.raum-blick.de\/kartell-zahnbuerstenhalter\"><img loading=\"lazy\" decoding=\"async\" class=\"aligncenter wp-image-7416 size-full\" title=\"Zahnb\u00fcrstenhalter &quot;Boxy&quot; von Kartell | Design: Ludovica &amp; Roberto Palomba, 2017\" src=\"https:\/\/www.raum-blick.de\/magazin\/wp-content\/uploads\/2019\/02\/kartell-zahnbuerstenhalter.jpg\" alt=\"kartell-zahnbuerstenhalter\" width=\"600\" height=\"420\" srcset=\"https:\/\/raum-blick.de\/magazin\/wp-content\/uploads\/2019\/02\/kartell-zahnbuerstenhalter.jpg 600w, https:\/\/raum-blick.de\/magazin\/wp-content\/uploads\/2019\/02\/kartell-zahnbuerstenhalter-300x210.jpg 300w\" sizes=\"(max-width: 600px) 100vw, 600px\" \/><\/a><\/p>\n<p style=\"text-align: justify;\">Der reduzierten Formsprache bleiben die <a href=\"https:\/\/www.raum-blick.de\/kartell-by-laufen\/\">Badaccessoires von Kartell by Laufen<\/a> treu. Auf effektvollen Dekor wurde bei der Konzeption der <a href=\"https:\/\/www.raum-blick.de\/kartell-seifenschale\">Kartell by Laufen Seifenschale<\/a>, dem Zahnb\u00fcrstenhalter oder dem <a href=\"https:\/\/www.raum-blick.de\/kartell-shelfisch-wandregal\">Wandregal Shelfisch<\/a> verzichtet.<\/p>\n<p><a href=\"https:\/\/www.raum-blick.de\/kartell-shelfisch-wandregal\"><img loading=\"lazy\" decoding=\"async\" class=\"aligncenter wp-image-7413 size-full\" title=\"Wandregal &quot;Shelfisch&quot; von Kartell | Design: Ludovica &amp; Roberto Palomba, 2013\" src=\"https:\/\/www.raum-blick.de\/magazin\/wp-content\/uploads\/2019\/02\/kartell-shelfisch-wandregal.jpg\" alt=\"kartell-shelfisch-wandregal\" width=\"600\" height=\"300\" srcset=\"https:\/\/raum-blick.de\/magazin\/wp-content\/uploads\/2019\/02\/kartell-shelfisch-wandregal.jpg 600w, https:\/\/raum-blick.de\/magazin\/wp-content\/uploads\/2019\/02\/kartell-shelfisch-wandregal-300x150.jpg 300w\" sizes=\"(max-width: 600px) 100vw, 600px\" \/><\/a><\/p>\n<p style=\"text-align: justify;\">Das Zubeh\u00f6r verleiht dem Badezimmer trotzdem einen markanten Charakter, der sich individuell akzentuieren l\u00e4sst. Denn der Hersteller bietet Ihnen ein differenziertes Portfolio an, damit die atmosph\u00e4rische Wirkung zu den pers\u00f6nlichen Bed\u00fcrfnissen passt. Die glasklaren Ausf\u00fchrungen ebnen luftigen Gestaltungsideen den Weg. Das puristische Ambiente betonen die wei\u00dfen Designvarianten.<\/p>\n<blockquote>\n<p style=\"text-align: justify;\">Der Mix aus Transparenz und Aquamarin ist hingegen ideal, wenn Sie sich harmonisierende Farbtupfer f\u00fcrs Bad w\u00fcnschen.<\/p>\n<\/blockquote>\n<h2><span class=\"ez-toc-section\" id=\"Innovationen_fuer_die_stilvolle_Lebensart\"><\/span>Innovationen f\u00fcr die stilvolle Lebensart<span class=\"ez-toc-section-end\"><\/span><\/h2>\n<p style=\"text-align: justify;\">Das Konzept von Ludovica &amp; Roberto Palomba wirkt nicht nur inspirierend minimalistisch, sondern innovativ.<\/p>\n<p><a href=\"https:\/\/www.raum-blick.de\/kartell-rail-handtuchhalter\"><img loading=\"lazy\" decoding=\"async\" class=\"aligncenter wp-image-7430 size-full\" title=\"Handtuchhalter Rail von Kartell\" src=\"https:\/\/www.raum-blick.de\/magazin\/wp-content\/uploads\/2019\/02\/Handtuchhalter-Rail-von-Kartell.jpg\" alt=\"Handtuchhalter Rail von Kartell\" width=\"600\" height=\"600\" srcset=\"https:\/\/raum-blick.de\/magazin\/wp-content\/uploads\/2019\/02\/Handtuchhalter-Rail-von-Kartell.jpg 600w, https:\/\/raum-blick.de\/magazin\/wp-content\/uploads\/2019\/02\/Handtuchhalter-Rail-von-Kartell-150x150.jpg 150w, https:\/\/raum-blick.de\/magazin\/wp-content\/uploads\/2019\/02\/Handtuchhalter-Rail-von-Kartell-300x300.jpg 300w\" sizes=\"(max-width: 600px) 100vw, 600px\" \/><\/a><\/p>\n<p style=\"text-align: justify;\">So ber\u00fccksichtigen die Designer eine wichtige Gemeinsamkeit der beteiligten Marken: Sie sorgen f\u00fcr frischen Wind in der Einrichtungswelt, weil sie mit neuartigen Materialien und Technologien experimentieren. Zu den j\u00fcngeren Errungenschaften des Schweizer Herstellers geh\u00f6rt SaphirKeramik. Bei der Serie Kartell by Laufen \u00fcbernimmt dieser Werkstoff eine Schl\u00fcsselrolle. Er erm\u00f6glicht die auffallend d\u00fcnnwandige Formgestaltung der keramischen K\u00f6rper ebenso wie die klar definierten Kanten. Das italienische Designlabel beweist mit seiner fortschrittlichen Verarbeitung seit Jahrzehnten, wie vielseitig und edel Kunststoffe sind.<\/p>\n<p><img loading=\"lazy\" decoding=\"async\" class=\"aligncenter wp-image-7409 size-full\" title=\"Wandleuchte &quot;Rifly&quot; von Kartell by Laufen | Design: Ludovicia &amp; Roberto Palomba, 2014\" src=\"https:\/\/www.raum-blick.de\/magazin\/wp-content\/uploads\/2019\/02\/kartell-rifly-wandleuchte.jpg\" alt=\"kartell-rifly-wandleuchte\" width=\"600\" height=\"500\" srcset=\"https:\/\/raum-blick.de\/magazin\/wp-content\/uploads\/2019\/02\/kartell-rifly-wandleuchte.jpg 600w, https:\/\/raum-blick.de\/magazin\/wp-content\/uploads\/2019\/02\/kartell-rifly-wandleuchte-300x250.jpg 300w\" sizes=\"(max-width: 600px) 100vw, 600px\" \/><\/p>\n<p style=\"text-align: justify;\">Die energieeffizienten LED-Wandleuchten Rifly mit Spritzwasserschutz signieren das Bad \u00e4hnlich geschmackvoll wie klassische Alternativen aus Glas. Nach dem Einschalten offenbart der geriffelte Schirm seine verborgenen Talente: Er provoziert spannende Lichtreflexionen, die dem Badezimmer eine au\u00dfergew\u00f6hnliche Atmosph\u00e4re verleihen. Derartige Finessen spiegeln die hohen Kompetenzen beim Umgang mit Polycarbonat wider.<\/p>\n<blockquote>\n<p style=\"text-align: justify;\">Die Wandleuchte geh\u00f6rt seit 2014 zum Sortiment der norditalienischen Designfirma und erg\u00e4nzt die gemeinsame Kollektion mit Laufen vortrefflich.<\/p>\n<\/blockquote>\n<h2><span class=\"ez-toc-section\" id=\"Preisgekroente_Ikonen_aus_Milano_fuer_Ihre_private_Wellnessoase\"><\/span>Preisgekr\u00f6nte Ikonen aus Milano f\u00fcr Ihre private Wellnessoase<span class=\"ez-toc-section-end\"><\/span><\/h2>\n<p style=\"text-align: justify;\">Bei B\u00e4dern liegen schlichte Formen und pure Farben im Trend. Die Accessoires der Linie Kartell by Laufen passen deshalb meist zur Grundausstattung, die Sie zum Beispiel in einer Mietwohnung antreffen. So f\u00e4llt es leicht, das Flair mit wenigen Handgriffen exklusiv abzurunden. Nach der Installation bereitet nicht nur die schicke \u00c4sthetik der Badausstattung Freude. Das verwendete Material ist f\u00fcr die Nutzung in feuchten R\u00e4umen ideal, weil es sich unkompliziert reinigen l\u00e4sst. Die praktischen Vorteile laden dazu ein, weitere Einrichtungsideen des Spezialisten f\u00fcr Designobjekte aus Kunststoff kennenzulernen.<\/p>\n<p><a href=\"https:\/\/www.raum-blick.de\/kartell-componibili-4967\/5967\"><img loading=\"lazy\" decoding=\"async\" class=\"aligncenter wp-image-7405 size-full\" title=\"Baukastenelemente &quot;Componibili&quot; von Kartell | drei F\u00e4cher | Design: Anna Castelli Ferrieri, 1969\" src=\"https:\/\/www.raum-blick.de\/magazin\/wp-content\/uploads\/2019\/02\/Kartell-Componibili-Drei-Faecher.jpg\" alt=\"Kartell Componibili Drei Faecher\" width=\"600\" height=\"350\" srcset=\"https:\/\/raum-blick.de\/magazin\/wp-content\/uploads\/2019\/02\/Kartell-Componibili-Drei-Faecher.jpg 600w, https:\/\/raum-blick.de\/magazin\/wp-content\/uploads\/2019\/02\/Kartell-Componibili-Drei-Faecher-300x175.jpg 300w\" sizes=\"(max-width: 600px) 100vw, 600px\" \/><\/a><\/p>\n<p style=\"text-align: justify;\">Giulio Castelli gr\u00fcndete 1949 das Familienunternehmen Kartell f\u00fcr Beleuchtung, M\u00f6bel und Wohnaccessoires. Seither erhielten zahlreiche Produkte hochkar\u00e4tige Auszeichnungen wie den Compassi d&#8217;Oro. Zu den pr\u00e4mierten Klassikern z\u00e4hlt das pfiffige <a href=\"https:\/\/www.raum-blick.de\/kartell-componibili-4967\/5967\">Baukastensystem Componibili<\/a>, das in die Sammlung des Museums of Modern Art aufgenommen wurde. Die Container lassen sich flexibel miteinander verbinden und in die verschiedensten Wohnr\u00e4ume integrieren. Das Aufbewahrungssystem aus dem Jahr 1969 bekennt sich zum pr\u00e4gnanten Stil, der noch immer typisch f\u00fcr die Marke ist.<\/p>\n<p><a href=\"https:\/\/www.raum-blick.de\/kartell-seifenschale\"><img loading=\"lazy\" decoding=\"async\" class=\"aligncenter wp-image-7427 size-full\" title=\"Seifenschale Boxy von Kartell\" src=\"https:\/\/www.raum-blick.de\/magazin\/wp-content\/uploads\/2019\/02\/Seifenschale-Boxy-von-Kartell.jpg\" alt=\"Seifenschale Boxy von Kartell\" width=\"600\" height=\"600\" srcset=\"https:\/\/raum-blick.de\/magazin\/wp-content\/uploads\/2019\/02\/Seifenschale-Boxy-von-Kartell.jpg 600w, https:\/\/raum-blick.de\/magazin\/wp-content\/uploads\/2019\/02\/Seifenschale-Boxy-von-Kartell-150x150.jpg 150w, https:\/\/raum-blick.de\/magazin\/wp-content\/uploads\/2019\/02\/Seifenschale-Boxy-von-Kartell-300x300.jpg 300w\" sizes=\"(max-width: 600px) 100vw, 600px\" \/><\/a><\/p>\n<p style=\"text-align: justify;\">Die Designikone aus Italien harmoniert fantastisch mit dem Badzubeh\u00f6r aus dem Kooperationsprojekt mit Laufen. Es ergeben sich Parallelen bei der formalen Klarheit und dem Material. Gleichzeitig bilden die runden Kunststoffm\u00f6bel einen willkommenen Kontrast zur eckigen Statur der neuen Serie. Deren konkrete Verwendung bleibt \u00fcbrigens Ihrer Fantasie \u00fcberlassen.<\/p>\n<blockquote>\n<p style=\"text-align: justify;\">Die Regale, Beh\u00e4lter und Lampen machen sich im Wohnzimmer oder B\u00fcro ebenso schick wie im Bad. Denn die funktionale Offenheit ist ein zentrales Element der Markenidentit\u00e4t.<\/p>\n<\/blockquote>\n<\/p>","protected":false},"excerpt":{"rendered":"<p>\u00ab Schweizer Handwerk trifft italienische \u00c4sthetik \u00bb Zwei renommierte Unternehmen aus Italien und der Schweiz warfen ihre Kompetenzen in die Waagschale, um eine distinktive Wohlf\u00fchloase zu gestalten. W\u00e4hrend Laufen f\u00fcr das Bad innovative Sanit\u00e4rkeramik beisteuerte, widmete sich Kartell dem formsch\u00f6nen Zubeh\u00f6r. Wer eine allumfassende Sanierung anstrebt, wirft einen Blick auf das Gesamtkonzept der beiden Traditionsmarken. [&hellip;]<\/p>\n","protected":false},"author":4,"featured_media":7422,"comment_status":"closed","ping_status":"open","sticky":false,"template":"","format":"standard","meta":{"_et_pb_use_builder":"","_et_pb_old_content":"","_et_gb_content_width":"","inline_featured_image":false,"footnotes":""},"categories":[8],"tags":[518,263,748,390,433,750,747,391,746,692,103,25,749],"class_list":["post-7402","post","type-post","status-publish","format-standard","has-post-thumbnail","hentry","category-features","tag-bad","tag-badaccessoires","tag-badausstattung","tag-badezimmer","tag-badzubehoer","tag-baukastenelemente","tag-by-laufen","tag-handtuchhalter","tag-kartell","tag-seifenschale","tag-wandleuchte","tag-wandregale","tag-zahnbuerstenhalter"],"_links":{"self":[{"href":"https:\/\/raum-blick.de\/magazin\/wp-json\/wp\/v2\/posts\/7402","targetHints":{"allow":["GET"]}}],"collection":[{"href":"https:\/\/raum-blick.de\/magazin\/wp-json\/wp\/v2\/posts"}],"about":[{"href":"https:\/\/raum-blick.de\/magazin\/wp-json\/wp\/v2\/types\/post"}],"author":[{"embeddable":true,"href":"https:\/\/raum-blick.de\/magazin\/wp-json\/wp\/v2\/users\/4"}],"replies":[{"embeddable":true,"href":"https:\/\/raum-blick.de\/magazin\/wp-json\/wp\/v2\/comments?post=7402"}],"version-history":[{"count":21,"href":"https:\/\/raum-blick.de\/magazin\/wp-json\/wp\/v2\/posts\/7402\/revisions"}],"predecessor-version":[{"id":14069,"href":"https:\/\/raum-blick.de\/magazin\/wp-json\/wp\/v2\/posts\/7402\/revisions\/14069"}],"wp:featuredmedia":[{"embeddable":true,"href":"https:\/\/raum-blick.de\/magazin\/wp-json\/wp\/v2\/media\/7422"}],"wp:attachment":[{"href":"https:\/\/raum-blick.de\/magazin\/wp-json\/wp\/v2\/media?parent=7402"}],"wp:term":[{"taxonomy":"category","embeddable":true,"href":"https:\/\/raum-blick.de\/magazin\/wp-json\/wp\/v2\/categories?post=7402"},{"taxonomy":"post_tag","embeddable":true,"href":"https:\/\/raum-blick.de\/magazin\/wp-json\/wp\/v2\/tags?post=7402"}],"curies":[{"name":"wp","href":"https:\/\/api.w.org\/{rel}","templated":true}]}}