{"id":7290,"date":"2018-12-12T15:08:34","date_gmt":"2018-12-12T14:08:34","guid":{"rendered":"https:\/\/www.raum-blick.de\/magazin\/?p=7290"},"modified":"2024-08-29T16:01:48","modified_gmt":"2024-08-29T14:01:48","slug":"kerzendeko-ideen","status":"publish","type":"post","link":"https:\/\/raum-blick.de\/magazin\/kerzendeko-ideen\/","title":{"rendered":"Die sch\u00f6nsten Ideen f\u00fcr Ihre Kerzendeko"},"content":{"rendered":"<h2><span class=\"ez-toc-section\" id=\"%C2%AB_Leuchtstarke_Konzepte_fuer_jeden_Anlass_%C2%BB\"><\/span>\u00ab Leuchtstarke Konzepte f\u00fcr jeden Anlass \u00bb<span class=\"ez-toc-section-end\"><\/span><\/h2>\n<p style=\"text-align: justify;\"><strong>Ein romantischer Hauch von Tradition mit feierlichem Akzent: Kaum eine Dekoration bereichert die Atmosph\u00e4re so facettenreich wie sanft flackerndes Kerzenlicht. Wenn Sie f\u00fcr ein elegantes Dinner den Tisch decken, m\u00f6chten Sie auf passende Kerzendeko ebenso wenig verzichten wie beim legeren Relaxen im Alltag. Es ist deshalb sinnvoll, diverse Kerzenst\u00e4nder in der Wohnung zu drapieren. So bietet sich f\u00fcr jede Gelegenheit das passende Accessoire an. <\/strong><\/p>\n<h2><span class=\"ez-toc-section\" id=\"Exquisite_Highlights_fuer_die_Weihnachtsdeko\"><\/span>Exquisite Highlights f\u00fcr die Weihnachtsdeko<span class=\"ez-toc-section-end\"><\/span><\/h2>\n<p style=\"text-align: justify;\">F\u00fcr die weihnachtliche Festtafel w\u00fcnschen Sie sich eine saisonal passende Kerzendeko. Thematisch w\u00e4re der Adventskranz treffend. Da er dann aber bereits seit vier Wochen das gem\u00fctliche Ambiente bereichert, beginnt er schon zu nadeln. Erweitern Sie das Repertoire Ihrer Weihnachtsdekoration also durch hochwertige Alternativen. Dann k\u00f6nnen Sie an den Feiertagen am traditionellen Symbol ohne stilistische Kompromisse festhalten.<\/p><div id=\"ez-toc-container\" class=\"ez-toc-v2_0_82_2 counter-hierarchy ez-toc-counter ez-toc-grey ez-toc-container-direction\">\n<div class=\"ez-toc-title-container\">\n<p class=\"ez-toc-title\" style=\"cursor:inherit\">Was hier auf Sie wartet<\/p>\n<span class=\"ez-toc-title-toggle\"><a href=\"#\" class=\"ez-toc-pull-right ez-toc-btn ez-toc-btn-xs ez-toc-btn-default ez-toc-toggle\" aria-label=\"Toggle Table of Content\"><span class=\"ez-toc-js-icon-con\"><span class=\"\"><span class=\"eztoc-hide\" style=\"display:none;\">Toggle<\/span><span class=\"ez-toc-icon-toggle-span\"><svg style=\"fill: #999;color:#999\" xmlns=\"http:\/\/www.w3.org\/2000\/svg\" class=\"list-377408\" width=\"20px\" height=\"20px\" viewBox=\"0 0 24 24\" fill=\"none\"><path d=\"M6 6H4v2h2V6zm14 0H8v2h12V6zM4 11h2v2H4v-2zm16 0H8v2h12v-2zM4 16h2v2H4v-2zm16 0H8v2h12v-2z\" fill=\"currentColor\"><\/path><\/svg><svg style=\"fill: #999;color:#999\" class=\"arrow-unsorted-368013\" xmlns=\"http:\/\/www.w3.org\/2000\/svg\" width=\"10px\" height=\"10px\" viewBox=\"0 0 24 24\" version=\"1.2\" baseProfile=\"tiny\"><path d=\"M18.2 9.3l-6.2-6.3-6.2 6.3c-.2.2-.3.4-.3.7s.1.5.3.7c.2.2.4.3.7.3h11c.3 0 .5-.1.7-.3.2-.2.3-.5.3-.7s-.1-.5-.3-.7zM5.8 14.7l6.2 6.3 6.2-6.3c.2-.2.3-.5.3-.7s-.1-.5-.3-.7c-.2-.2-.4-.3-.7-.3h-11c-.3 0-.5.1-.7.3-.2.2-.3.5-.3.7s.1.5.3.7z\"\/><\/svg><\/span><\/span><\/span><\/a><\/span><\/div>\n<nav><ul class='ez-toc-list ez-toc-list-level-1 ' ><li class='ez-toc-page-1 ez-toc-heading-level-2'><a class=\"ez-toc-link ez-toc-heading-1\" href=\"https:\/\/raum-blick.de\/magazin\/kerzendeko-ideen\/#%C2%AB_Leuchtstarke_Konzepte_fuer_jeden_Anlass_%C2%BB\" >\u00ab Leuchtstarke Konzepte f\u00fcr jeden Anlass \u00bb<\/a><\/li><li class='ez-toc-page-1 ez-toc-heading-level-2'><a class=\"ez-toc-link ez-toc-heading-2\" href=\"https:\/\/raum-blick.de\/magazin\/kerzendeko-ideen\/#Exquisite_Highlights_fuer_die_Weihnachtsdeko\" >Exquisite Highlights f\u00fcr die Weihnachtsdeko<\/a><\/li><li class='ez-toc-page-1 ez-toc-heading-level-2'><a class=\"ez-toc-link ez-toc-heading-3\" href=\"https:\/\/raum-blick.de\/magazin\/kerzendeko-ideen\/#Tischdekoration_mit_luxurioesem_Charakter\" >Tischdekoration mit luxuri\u00f6sem Charakter<\/a><\/li><li class='ez-toc-page-1 ez-toc-heading-level-2'><a class=\"ez-toc-link ez-toc-heading-4\" href=\"https:\/\/raum-blick.de\/magazin\/kerzendeko-ideen\/#Zeitlos_faszinierende_Dekoideen_fuer_alle_Lebensbereiche\" >Zeitlos faszinierende Dekoideen f\u00fcr alle Lebensbereiche<\/a><\/li><li class='ez-toc-page-1 ez-toc-heading-level-2'><a class=\"ez-toc-link ez-toc-heading-5\" href=\"https:\/\/raum-blick.de\/magazin\/kerzendeko-ideen\/#Balsam_fuer_die_Seele_%E2%80%93_jederzeit_und_ueberall\" >Balsam f\u00fcr die Seele \u2013 jederzeit und \u00fcberall<\/a><\/li><\/ul><\/nav><\/div>\n\n<p><img loading=\"lazy\" decoding=\"async\" class=\"aligncenter wp-image-7324 size-full\" title=\"Stelton: Advent-Kerzenhalter &quot;Tangle&quot; aus Messing | Design: Halskov &amp; Dalsgaard\" src=\"https:\/\/www.raum-blick.de\/magazin\/wp-content\/uploads\/2019\/12\/stelton-tangle-advent-kerzenhalter.jpg\" alt=\"stelton-tangle-advent-kerzenhalter\" width=\"600\" height=\"600\" srcset=\"https:\/\/raum-blick.de\/magazin\/wp-content\/uploads\/2019\/12\/stelton-tangle-advent-kerzenhalter.jpg 600w, https:\/\/raum-blick.de\/magazin\/wp-content\/uploads\/2019\/12\/stelton-tangle-advent-kerzenhalter-150x150.jpg 150w, https:\/\/raum-blick.de\/magazin\/wp-content\/uploads\/2019\/12\/stelton-tangle-advent-kerzenhalter-300x300.jpg 300w\" sizes=\"(max-width: 600px) 100vw, 600px\" \/><\/p>\n<p style=\"text-align: justify;\">Der Tangle Advent Kerzenhalter von Stelton avanciert durch die raffinierte Flechtoptik zum Blickfang. Ein Hauch von Luxus gesellt sich hinzu, der dem Goldton des Messings zu verdanken ist.<\/p>\n<p><img loading=\"lazy\" decoding=\"async\" class=\"aligncenter wp-image-7326 size-full\" title=\"Georg Jensen: Kerzenhalter &quot;Season&quot; | nicht nur zur Weihnachtszeit ein Hingucker | Design: Maria Berntsen\" src=\"https:\/\/www.raum-blick.de\/magazin\/wp-content\/uploads\/2019\/12\/Georg-Jensen-Kerzenhalter-Season.jpg\" alt=\"Georg Jensen Kerzenhalter Season\" width=\"600\" height=\"580\" srcset=\"https:\/\/raum-blick.de\/magazin\/wp-content\/uploads\/2019\/12\/Georg-Jensen-Kerzenhalter-Season.jpg 600w, https:\/\/raum-blick.de\/magazin\/wp-content\/uploads\/2019\/12\/Georg-Jensen-Kerzenhalter-Season-300x290.jpg 300w\" sizes=\"(max-width: 600px) 100vw, 600px\" \/><\/p>\n<p style=\"text-align: justify;\">Die weich flie\u00dfenden Formen verleihen dem Kerzenst\u00e4nder Season von <a href=\"https:\/\/www.raum-blick.de\/georg-jensen\/\">Georg Jensen<\/a> eine moderne Eleganz, die mit vielen Anl\u00e4ssen harmoniert. Sie ebnet zu Weihnachten in Kombination mit duftenden Spitzkerzen aus Bienenwachs und etwas Tannengr\u00fcn der gehobenen Gem\u00fctlichkeit den Weg. \u00c4hnlich stimmig wirkt das Arrangement, wenn Sie das Kerzen-Quartett im Fr\u00fchjahr mit bunten Bl\u00fcten aufwerten.<\/p>\n<h2><span class=\"ez-toc-section\" id=\"Tischdekoration_mit_luxurioesem_Charakter\"><\/span>Tischdekoration mit luxuri\u00f6sem Charakter<span class=\"ez-toc-section-end\"><\/span><\/h2>\n<p style=\"text-align: justify;\">Wer zu den Feinschmeckern geh\u00f6rt, l\u00e4dt seine Freunde h\u00e4ufiger zur Dinnerparty ein. Mit viel Liebe zum Detail planen Sie das kulinarische Programm. Die Gaumenfreuden haben sich einerseits eine effektvolle Darbietung verdient. Wenn Sie f\u00fcr mehrere G\u00e4nge den Tisch decken, bleibt andererseits kaum Platz f\u00fcr Deko. Clever gestaltete Accessoires sorgen gl\u00fccklicherweise daf\u00fcr, dass sich dieser Zwiespalt in Luft aufl\u00f6st.<\/p>\n<p><img loading=\"lazy\" decoding=\"async\" class=\"aligncenter wp-image-7315 size-full\" title=\"stelton: Kerzenst\u00e4nder &quot;Reflection&quot; | 17 \/ 23 cm | Design: Halskov &amp; Dalsgaard, 2014\" src=\"https:\/\/www.raum-blick.de\/magazin\/wp-content\/uploads\/2019\/12\/reflection-kerzenstaender-stelton.jpg\" alt=\"reflection-kerzenstaender-stelton\" width=\"600\" height=\"600\" srcset=\"https:\/\/raum-blick.de\/magazin\/wp-content\/uploads\/2019\/12\/reflection-kerzenstaender-stelton.jpg 600w, https:\/\/raum-blick.de\/magazin\/wp-content\/uploads\/2019\/12\/reflection-kerzenstaender-stelton-150x150.jpg 150w, https:\/\/raum-blick.de\/magazin\/wp-content\/uploads\/2019\/12\/reflection-kerzenstaender-stelton-300x300.jpg 300w\" sizes=\"(max-width: 600px) 100vw, 600px\" \/><\/p>\n<p style=\"text-align: justify;\">Halskov &amp; Dalsgaard entwarfen im Jahr 2014 die Stelton-Kollektion Reflection. Das Architekten-Duo entschied sich nicht nur f\u00fcr eine begr\u00fc\u00dfenswert schlanke Statur. Wenige Kerzenst\u00e4nder gen\u00fcgen f\u00fcr eine dynamische Tischdeko mit opulentem Touch. Die Formsprache und polierten Oberfl\u00e4chen beg\u00fcnstigen Reflexionen. Der Schein weniger Kerzen wirkt dadurch wie ein Lichtermeer. Zur Produktlinie z\u00e4hlen au\u00dferdem Varianten in verschiedenen Gr\u00f6\u00dfen und Farben. Kleine Ver\u00e4nderungen beim Gruppieren der Wohnaccessoires gen\u00fcgen, um die G\u00e4ste bei jeder Einladung mit neuen Dekoideen f\u00fcr den Tisch zu \u00fcberraschen.<\/p>\n<p><img loading=\"lazy\" decoding=\"async\" class=\"aligncenter wp-image-7318 size-full\" title=\"Georg Jensen: Kerzenhalter &quot;Harmony&quot; | f\u00fcr 5 Kerzen | Design: Maria Berntsen, 2016\" src=\"https:\/\/www.raum-blick.de\/magazin\/wp-content\/uploads\/2019\/12\/georg-jensen-harmony-kerzenhalter.jpg\" alt=\"georg-jensen-harmony-kerzenhalter\" width=\"600\" height=\"580\" srcset=\"https:\/\/raum-blick.de\/magazin\/wp-content\/uploads\/2019\/12\/georg-jensen-harmony-kerzenhalter.jpg 600w, https:\/\/raum-blick.de\/magazin\/wp-content\/uploads\/2019\/12\/georg-jensen-harmony-kerzenhalter-300x290.jpg 300w\" sizes=\"(max-width: 600px) 100vw, 600px\" \/><\/p>\n<p style=\"text-align: justify;\">Stilelemente mit Symbolcharakter haben ihren Reiz. Thront auf der Dinnertafel ein edler L\u00fcster, kommt Ihre Botschaft sofort an: Heute servieren Sie vorz\u00fcgliche Delikatessen, um ein herausragendes Ereignis f\u00fcrstlich zu feiern. Georg Jensen interpretiert den Klassiker mit f\u00fcnf Armen zeitgem\u00e4\u00df. Schick wirkt die Kerzendeko Harmony mit einem Finish aus gl\u00e4nzendem Edelstahl. Wenn es eine Prise Glamour mehr sein darf, ist die Version mit 18-kar\u00e4tiger Goldauflage die treffende Wahl.<\/p>\n<h2><span class=\"ez-toc-section\" id=\"Zeitlos_faszinierende_Dekoideen_fuer_alle_Lebensbereiche\"><\/span>Zeitlos faszinierende Dekoideen f\u00fcr alle Lebensbereiche<span class=\"ez-toc-section-end\"><\/span><\/h2>\n<p style=\"text-align: justify;\">F\u00fcr Ihren Ehrgeiz w\u00e4hrend des Tages werden Sie entsch\u00e4digt, wenn der Feierabend anbricht. Der Begriff legt nahe, alle entspannten Momente stilvoll zu zelebrieren. Werden bei der Dekoration der Wohnung zahlreiche Kerzenst\u00e4nder ins Spiel gebracht, ger\u00e4t die sinnliche Signatur f\u00fcr die wohlverdienten Verschnaufpausen nicht in Vergessenheit. Das Licht der Kerze mutet sanft und weich an.<\/p>\n<p><a href=\"https:\/\/www.raum-blick.de\/mater-spike-kerzenhalter\"><img loading=\"lazy\" decoding=\"async\" class=\"aligncenter wp-image-7307 size-full\" title=\"Mater Design: Kerzenhalter &quot;Spike&quot; | Design: Maiken Walther, 2017\" src=\"https:\/\/www.raum-blick.de\/magazin\/wp-content\/uploads\/2019\/12\/mater-spike-kerzenhalter.jpg\" alt=\"mater-spike-kerzenhalter\" width=\"600\" height=\"570\" srcset=\"https:\/\/raum-blick.de\/magazin\/wp-content\/uploads\/2019\/12\/mater-spike-kerzenhalter.jpg 600w, https:\/\/raum-blick.de\/magazin\/wp-content\/uploads\/2019\/12\/mater-spike-kerzenhalter-300x285.jpg 300w\" sizes=\"(max-width: 600px) 100vw, 600px\" \/><\/a><\/p>\n<p style=\"text-align: justify;\">Bei der Herstellung der <a href=\"https:\/\/www.raum-blick.de\/mater-design\/\">Serie Spike von Mater Design<\/a> kommt eine alte Sandgusstechnik zum Zuge, um spannende Kontraste zu erzielen. Die kultigen Kerzenst\u00e4nder erhalten dadurch einen ungew\u00f6hnlich schroffen Charakter. Wenn es ums individuelle Statement bei der Gestaltung des Wohnzimmers geht, gleicht die extravagante Designlinie einem Gl\u00fccksgriff.<\/p>\n<p><img loading=\"lazy\" decoding=\"async\" class=\"aligncenter wp-image-7309 size-full\" title=\"K\u00e4hler Design: Kerzenhalter &quot;Hammersh\u00f8i&quot; | elegant und schlicht | Design: Hans-Christian Bauer\" src=\"https:\/\/www.raum-blick.de\/magazin\/wp-content\/uploads\/2019\/12\/kaehler-hammershoi-kerzenhalter.jpg\" alt=\"kaehler-hammershoi-kerzenhalter\" width=\"600\" height=\"600\" srcset=\"https:\/\/raum-blick.de\/magazin\/wp-content\/uploads\/2019\/12\/kaehler-hammershoi-kerzenhalter.jpg 600w, https:\/\/raum-blick.de\/magazin\/wp-content\/uploads\/2019\/12\/kaehler-hammershoi-kerzenhalter-150x150.jpg 150w, https:\/\/raum-blick.de\/magazin\/wp-content\/uploads\/2019\/12\/kaehler-hammershoi-kerzenhalter-300x300.jpg 300w\" sizes=\"(max-width: 600px) 100vw, 600px\" \/><\/p>\n<p style=\"text-align: justify;\">F\u00fcr die Dekoration im Esszimmer ist die <a href=\"https:\/\/www.raum-blick.de\/kaehler-design\/\">Kollektion Hammershoi von K\u00e4hler Design<\/a> ideal. Die hochwertigen Keramikarbeiten verdeutlichen Ihren erlesenen Geschmack. Denn hinter der geriffelten \u00c4sthetik verbirgt sich ein legend\u00e4rer Entwurf der skandinavischen Designgeschichte. Zus\u00e4tzlicher Pluspunkt: Die St\u00e4nder k\u00f6nnen Sie nicht nur f\u00fcr die Kerzendeko verwenden. Sie eignen sich ebenfalls als Blumenvase.<\/p>\n<p><img loading=\"lazy\" decoding=\"async\" class=\"aligncenter wp-image-7312 size-full\" title=\"K\u00e4hler: medium-Kerzenst\u00e4nder &quot;Omaggio&quot; | Desgin: Stilleben\" src=\"https:\/\/www.raum-blick.de\/magazin\/wp-content\/uploads\/2019\/12\/kaehler-omaggio-kerzenstaender-medium.jpg\" alt=\"kaehler-omaggio-kerzenstaender-medium\" width=\"600\" height=\"600\" srcset=\"https:\/\/raum-blick.de\/magazin\/wp-content\/uploads\/2019\/12\/kaehler-omaggio-kerzenstaender-medium.jpg 600w, https:\/\/raum-blick.de\/magazin\/wp-content\/uploads\/2019\/12\/kaehler-omaggio-kerzenstaender-medium-150x150.jpg 150w, https:\/\/raum-blick.de\/magazin\/wp-content\/uploads\/2019\/12\/kaehler-omaggio-kerzenstaender-medium-300x300.jpg 300w\" sizes=\"(max-width: 600px) 100vw, 600px\" \/><\/p>\n<p style=\"text-align: justify;\">Mit handgemalten Streifen lockert die traditionsreiche Manufaktur den Kerzenhalter Omaggio auf. Er harmoniert zum Beispiel fabelhaft mit dem ungezwungenen Flair in einer K\u00fcche, die sich als Treffpunkt versteht und zum Verweilen einl\u00e4dt.<\/p>\n<h2><span class=\"ez-toc-section\" id=\"Balsam_fuer_die_Seele_%E2%80%93_jederzeit_und_ueberall\"><\/span>Balsam f\u00fcr die Seele \u2013 jederzeit und \u00fcberall<span class=\"ez-toc-section-end\"><\/span><\/h2>\n<p style=\"text-align: justify;\">Deko-Kerzen aus dem Portfolio renommierter Marken schmeicheln auch dem Auge, wenn sie nicht im Einsatz sind. Sie sind deshalb ein beliebtes Stilmittel bei der wohnlichen Raumgestaltung. Der wahre Wert entfaltet sich aber erst dann, wenn die funktionalen Accessoires eine Rolle beim Lifestyle spielen. Platzieren Sie in jedem Zimmer ein formsch\u00f6nes Stabfeuerzeug. So gen\u00fcgt ein Handgriff, um die ruhigen Momente im Alltag mit Kerzenschein zu adeln.<\/p>\n<p><img loading=\"lazy\" decoding=\"async\" class=\"aligncenter wp-image-7299 size-full\" title=\"Carl Mertens: Stabfeuerzeug Aggio Premium | mit Kindersicherung und regulierbarer Flamme\" src=\"https:\/\/www.raum-blick.de\/magazin\/wp-content\/uploads\/2019\/12\/carl-mertens-stabfeuerzeug-aggio-premium.jpg\" alt=\"carl-mertens-stabfeuerzeug-aggio-premium\" width=\"600\" height=\"375\" srcset=\"https:\/\/raum-blick.de\/magazin\/wp-content\/uploads\/2019\/12\/carl-mertens-stabfeuerzeug-aggio-premium.jpg 600w, https:\/\/raum-blick.de\/magazin\/wp-content\/uploads\/2019\/12\/carl-mertens-stabfeuerzeug-aggio-premium-300x188.jpg 300w\" sizes=\"(max-width: 600px) 100vw, 600px\" \/><\/p>\n<p style=\"text-align: justify;\">W\u00e4hrend der Woche bleiben f\u00fcrs Fr\u00fchst\u00fcck oft nur wenige Minuten. Es lohnt sich trotzdem, die Kerzendeko auf den Tisch zu stellen. Denn sie kurbelt die gute Laune an. Gleiches gilt f\u00fcr die l\u00e4ssige Kaffeepause am Nachmittag oder das entspannende Vollbad, das Sie sich nach der Arbeit g\u00f6nnen. Umgarnen beispielsweise die Aromen der Duftkerzen von Decor Walther ihre Nase, avanciert die Auszeit im eigenen Badezimmer zum ganzheitlichen Wellness-Erlebnis.<\/p>\n<p><img loading=\"lazy\" decoding=\"async\" class=\"aligncenter wp-image-7297 size-full\" title=\"Decor Walther: Kerzen im 3er-Set | passend f\u00fcr den Brick Kerzenst\u00e4nder\" src=\"https:\/\/www.raum-blick.de\/magazin\/wp-content\/uploads\/2019\/12\/decor-walther-duftkerzen-3er-set.jpg\" alt=\"decor-walther-duftkerzen-3er-set\" width=\"600\" height=\"265\" srcset=\"https:\/\/raum-blick.de\/magazin\/wp-content\/uploads\/2019\/12\/decor-walther-duftkerzen-3er-set.jpg 600w, https:\/\/raum-blick.de\/magazin\/wp-content\/uploads\/2019\/12\/decor-walther-duftkerzen-3er-set-300x133.jpg 300w\" sizes=\"(max-width: 600px) 100vw, 600px\" \/><\/p>\n<p style=\"text-align: justify;\">Erfahrene Hersteller bieten h\u00e4ufig passend zu den Leuchtern kleine Vasen an. Das ist kein Zufall: Die Kerze hat eine beruhigende Wirkung. Frische Blumen beleben das Flair. Die beiden Deko-Klassiker erg\u00e4nzen sich demnach fantastisch. Setzen Sie auf das ansprechende Duett nicht nur bei der Tischdeko f\u00fcr au\u00dfergew\u00f6hnliche Anl\u00e4sse. Sie haben sich zu jeder Zeit ein Zuhause verdient, das Ihre Sinne allumfassend verw\u00f6hnt.<\/p>\n<p><a href=\"https:\/\/www.raum-blick.de\/decor-walther-brick-kerzenhalter\"><img loading=\"lazy\" decoding=\"async\" class=\"aligncenter wp-image-7303 size-full\" title=\"Decor Walther: Kerzenhalter &quot;Brick&quot; | BK KNH BRICK\" src=\"https:\/\/www.raum-blick.de\/magazin\/wp-content\/uploads\/2019\/12\/decor-walther-brick-kerzenhalter.jpg\" alt=\"decor-walther-brick-kerzenhalter\" width=\"600\" height=\"600\" srcset=\"https:\/\/raum-blick.de\/magazin\/wp-content\/uploads\/2019\/12\/decor-walther-brick-kerzenhalter.jpg 600w, https:\/\/raum-blick.de\/magazin\/wp-content\/uploads\/2019\/12\/decor-walther-brick-kerzenhalter-150x150.jpg 150w, https:\/\/raum-blick.de\/magazin\/wp-content\/uploads\/2019\/12\/decor-walther-brick-kerzenhalter-300x300.jpg 300w\" sizes=\"(max-width: 600px) 100vw, 600px\" \/><\/a><\/p>\n","protected":false},"excerpt":{"rendered":"<p>\u00ab Leuchtstarke Konzepte f\u00fcr jeden Anlass \u00bb Ein romantischer Hauch von Tradition mit feierlichem Akzent: Kaum eine Dekoration bereichert die Atmosph\u00e4re so facettenreich wie sanft flackerndes Kerzenlicht. Wenn Sie f\u00fcr ein elegantes Dinner den Tisch decken, m\u00f6chten Sie auf passende Kerzendeko ebenso wenig verzichten wie beim legeren Relaxen im Alltag. Es ist deshalb sinnvoll, diverse [&hellip;]<\/p>\n","protected":false},"author":4,"featured_media":7328,"comment_status":"closed","ping_status":"open","sticky":false,"template":"","format":"standard","meta":{"_et_pb_use_builder":"","_et_pb_old_content":"","_et_gb_content_width":"","inline_featured_image":false,"footnotes":""},"categories":[7],"tags":[462,107,711,341,357,738,736,288,122,703,700,41,737,706],"class_list":["post-7290","post","type-post","status-publish","format-standard","has-post-thumbnail","hentry","category-accessoires-lifestyle","tag-carl-mertens","tag-decor-walther","tag-dekoideen","tag-georg-jensen","tag-kaehler","tag-kerzen","tag-kerzendeko","tag-kerzenhalter","tag-kerzenstaender","tag-mater","tag-stabfeuerzeug","tag-stelton","tag-tischdekoration","tag-weihnachtsdekoration"],"_links":{"self":[{"href":"https:\/\/raum-blick.de\/magazin\/wp-json\/wp\/v2\/posts\/7290","targetHints":{"allow":["GET"]}}],"collection":[{"href":"https:\/\/raum-blick.de\/magazin\/wp-json\/wp\/v2\/posts"}],"about":[{"href":"https:\/\/raum-blick.de\/magazin\/wp-json\/wp\/v2\/types\/post"}],"author":[{"embeddable":true,"href":"https:\/\/raum-blick.de\/magazin\/wp-json\/wp\/v2\/users\/4"}],"replies":[{"embeddable":true,"href":"https:\/\/raum-blick.de\/magazin\/wp-json\/wp\/v2\/comments?post=7290"}],"version-history":[{"count":36,"href":"https:\/\/raum-blick.de\/magazin\/wp-json\/wp\/v2\/posts\/7290\/revisions"}],"predecessor-version":[{"id":20786,"href":"https:\/\/raum-blick.de\/magazin\/wp-json\/wp\/v2\/posts\/7290\/revisions\/20786"}],"wp:featuredmedia":[{"embeddable":true,"href":"https:\/\/raum-blick.de\/magazin\/wp-json\/wp\/v2\/media\/7328"}],"wp:attachment":[{"href":"https:\/\/raum-blick.de\/magazin\/wp-json\/wp\/v2\/media?parent=7290"}],"wp:term":[{"taxonomy":"category","embeddable":true,"href":"https:\/\/raum-blick.de\/magazin\/wp-json\/wp\/v2\/categories?post=7290"},{"taxonomy":"post_tag","embeddable":true,"href":"https:\/\/raum-blick.de\/magazin\/wp-json\/wp\/v2\/tags?post=7290"}],"curies":[{"name":"wp","href":"https:\/\/api.w.org\/{rel}","templated":true}]}}