{"id":7251,"date":"2018-12-10T09:16:25","date_gmt":"2018-12-10T08:16:25","guid":{"rendered":"https:\/\/www.raum-blick.de\/magazin\/?p=7251"},"modified":"2024-08-29T16:03:10","modified_gmt":"2024-08-29T14:03:10","slug":"weihnachtsschmuck","status":"publish","type":"post","link":"https:\/\/raum-blick.de\/magazin\/weihnachtsschmuck\/","title":{"rendered":"Festlicher Weihnachtsschmuck"},"content":{"rendered":"<h2><span class=\"ez-toc-section\" id=\"%C2%AB_Besinnliche_Deko_zum_frohen_Fest_%C2%BB\"><\/span>\u00ab Besinnliche Deko zum frohen Fest \u00bb<span class=\"ez-toc-section-end\"><\/span><\/h2>\n<p style=\"text-align: justify;\"><strong>Eine herzerw\u00e4rmende Behaglichkeit signiert in der Adventszeit Ihr Zuhause. Mit stilvollen Deko-Ideen sch\u00fcren Sie die Vorfreude auf den Heiligen Abend. Das Fest am Jahresende verw\u00f6hnt die Sinne mit einer Melange aus famili\u00e4rer Geborgenheit und feierlichem Ambiente. Dazu passt Weihnachtsschmuck, der einen Hauch von Glamour verspr\u00fcht und zur fr\u00f6hlichen Stimmung beitr\u00e4gt.<\/strong><\/p>\n<h2><span class=\"ez-toc-section\" id=\"Inszenierung_des_immergruenen_Hauptakteurs\"><\/span>Inszenierung des immergr\u00fcnen Hauptakteurs<span class=\"ez-toc-section-end\"><\/span><\/h2>\n<p style=\"text-align: justify;\">Die Geschenke geraten mit der Zeit in Vergessenheit. Dementgegen erinnern sich viele Menschen daran, wie ihre Eltern den Christbaum schm\u00fcckten. Es liegt nahe, dieser Schl\u00fcsselrolle bei der Weihnachtsdeko gerecht zu werden.<\/p><div id=\"ez-toc-container\" class=\"ez-toc-v2_0_82_2 counter-hierarchy ez-toc-counter ez-toc-grey ez-toc-container-direction\">\n<div class=\"ez-toc-title-container\">\n<p class=\"ez-toc-title\" style=\"cursor:inherit\">Was hier auf Sie wartet<\/p>\n<span class=\"ez-toc-title-toggle\"><a href=\"#\" class=\"ez-toc-pull-right ez-toc-btn ez-toc-btn-xs ez-toc-btn-default ez-toc-toggle\" aria-label=\"Toggle Table of Content\"><span class=\"ez-toc-js-icon-con\"><span class=\"\"><span class=\"eztoc-hide\" style=\"display:none;\">Toggle<\/span><span class=\"ez-toc-icon-toggle-span\"><svg style=\"fill: #999;color:#999\" xmlns=\"http:\/\/www.w3.org\/2000\/svg\" class=\"list-377408\" width=\"20px\" height=\"20px\" viewBox=\"0 0 24 24\" fill=\"none\"><path d=\"M6 6H4v2h2V6zm14 0H8v2h12V6zM4 11h2v2H4v-2zm16 0H8v2h12v-2zM4 16h2v2H4v-2zm16 0H8v2h12v-2z\" fill=\"currentColor\"><\/path><\/svg><svg style=\"fill: #999;color:#999\" class=\"arrow-unsorted-368013\" xmlns=\"http:\/\/www.w3.org\/2000\/svg\" width=\"10px\" height=\"10px\" viewBox=\"0 0 24 24\" version=\"1.2\" baseProfile=\"tiny\"><path d=\"M18.2 9.3l-6.2-6.3-6.2 6.3c-.2.2-.3.4-.3.7s.1.5.3.7c.2.2.4.3.7.3h11c.3 0 .5-.1.7-.3.2-.2.3-.5.3-.7s-.1-.5-.3-.7zM5.8 14.7l6.2 6.3 6.2-6.3c.2-.2.3-.5.3-.7s-.1-.5-.3-.7c-.2-.2-.4-.3-.7-.3h-11c-.3 0-.5.1-.7.3-.2.2-.3.5-.3.7s.1.5.3.7z\"\/><\/svg><\/span><\/span><\/span><\/a><\/span><\/div>\n<nav><ul class='ez-toc-list ez-toc-list-level-1 ' ><li class='ez-toc-page-1 ez-toc-heading-level-2'><a class=\"ez-toc-link ez-toc-heading-1\" href=\"https:\/\/raum-blick.de\/magazin\/weihnachtsschmuck\/#%C2%AB_Besinnliche_Deko_zum_frohen_Fest_%C2%BB\" >\u00ab Besinnliche Deko zum frohen Fest \u00bb<\/a><\/li><li class='ez-toc-page-1 ez-toc-heading-level-2'><a class=\"ez-toc-link ez-toc-heading-2\" href=\"https:\/\/raum-blick.de\/magazin\/weihnachtsschmuck\/#Inszenierung_des_immergruenen_Hauptakteurs\" >Inszenierung des immergr\u00fcnen Hauptakteurs<\/a><\/li><li class='ez-toc-page-1 ez-toc-heading-level-2'><a class=\"ez-toc-link ez-toc-heading-3\" href=\"https:\/\/raum-blick.de\/magazin\/weihnachtsschmuck\/#Eleganter_Baumschmuck_in_Gold_und_Silber\" >Eleganter Baumschmuck in Gold und Silber<\/a><\/li><li class='ez-toc-page-1 ez-toc-heading-level-2'><a class=\"ez-toc-link ez-toc-heading-4\" href=\"https:\/\/raum-blick.de\/magazin\/weihnachtsschmuck\/#Weihnachtsdekoration_die_zum_Naschen_verfuehrt\" >Weihnachtsdekoration, die zum Naschen verf\u00fchrt<\/a><\/li><li class='ez-toc-page-1 ez-toc-heading-level-2'><a class=\"ez-toc-link ez-toc-heading-5\" href=\"https:\/\/raum-blick.de\/magazin\/weihnachtsschmuck\/#Weihnachtliche_Signatur_fuers_Dinner\" >Weihnachtliche Signatur f\u00fcrs Dinner<\/a><\/li><li class='ez-toc-page-1 ez-toc-heading-level-2'><a class=\"ez-toc-link ez-toc-heading-6\" href=\"https:\/\/raum-blick.de\/magazin\/weihnachtsschmuck\/#Festliche_Tuerdekoration_fuer_den_herzlichen_Empfang\" >Festliche T\u00fcrdekoration f\u00fcr den herzlichen Empfang<\/a><\/li><\/ul><\/nav><\/div>\n\n<blockquote>\n<p style=\"text-align: justify;\">Platzieren Sie die Tanne nicht in einer Ecke, sondern m\u00f6glichst frei im Raum. So kommt das sorgf\u00e4ltig ausgew\u00e4hlte Prachtst\u00fcck zur Geltung und kann von allen Seiten bewundert werden.<\/p>\n<\/blockquote>\n<p style=\"text-align: justify;\">F\u00fcr die Bescherung drapieren Sie die bunt verpackten P\u00e4ckchen gewiss unterm Baum. Das betont seine Bedeutung beim Deb\u00fct des Weihnachtsfests. Es lohnt sich trotzdem, eine Tannenbaumdecke ins Spiel zu bringen. Denn sie hebt den Hauptdarsteller hervor, wenn die Pr\u00e4sente ausgepackt sind.<\/p>\n<p><img loading=\"lazy\" decoding=\"async\" class=\"aligncenter wp-image-7282 size-full\" title=\"ferm Living: Decke &quot;Christmas Tree&quot; | Design: ferm Living\" src=\"https:\/\/www.raum-blick.de\/magazin\/wp-content\/uploads\/2019\/12\/ferm-living-christmas-tree-decke.jpg\" alt=\"ferm-living-christmas-tree-decke\" width=\"600\" height=\"550\" srcset=\"https:\/\/raum-blick.de\/magazin\/wp-content\/uploads\/2019\/12\/ferm-living-christmas-tree-decke.jpg 600w, https:\/\/raum-blick.de\/magazin\/wp-content\/uploads\/2019\/12\/ferm-living-christmas-tree-decke-300x275.jpg 300w\" sizes=\"(max-width: 600px) 100vw, 600px\" \/><\/p>\n<p style=\"text-align: justify;\">Die Christmas Tree Decken von ferm Living \u00fcberzeugen mit einer modernen Eleganz. Sie erg\u00e4nzen die Deko geschmackvoll, ohne sich in den Vordergrund zu dr\u00e4ngen. So freut sich der Weihnachtsbaum \u00fcber die ungeteilte Aufmerksamkeit.<\/p>\n<h2><span class=\"ez-toc-section\" id=\"Eleganter_Baumschmuck_in_Gold_und_Silber\"><\/span>Eleganter Baumschmuck in Gold und Silber<span class=\"ez-toc-section-end\"><\/span><\/h2>\n<p style=\"text-align: justify;\">Die meisten Laubb\u00e4ume werfen im Herbst ihre Bl\u00e4tter ab. Bei anhaltender K\u00e4lte bl\u00fchen nur wenige Pflanzen. Angesichts der kargen Natur zur Winterzeit ist das satte Gr\u00fcn der traditionellen Dekoration f\u00fcr Weihnachten ein willkommener Lichtblick. Es w\u00e4re schade, wenn zu viel Baumschmuck diese Wirkung verschleiert.<\/p>\n<p><img loading=\"lazy\" decoding=\"async\" class=\"aligncenter wp-image-7275 size-full\" title=\"Georg Jensen: Geschenkkarton &quot;Weihnachten&quot; | 8-teilig | Design: Monica F\u00f6rster, 2018\" src=\"https:\/\/www.raum-blick.de\/magazin\/wp-content\/uploads\/2019\/12\/georg-jensen-geschenkkarton-8-teilig.jpg\" alt=\"georg-jensen-geschenkkarton-8-teilig\" width=\"600\" height=\"530\" srcset=\"https:\/\/raum-blick.de\/magazin\/wp-content\/uploads\/2019\/12\/georg-jensen-geschenkkarton-8-teilig.jpg 600w, https:\/\/raum-blick.de\/magazin\/wp-content\/uploads\/2019\/12\/georg-jensen-geschenkkarton-8-teilig-300x265.jpg 300w\" sizes=\"(max-width: 600px) 100vw, 600px\" \/><\/p>\n<p style=\"text-align: justify;\">Entscheiden Sie sich daf\u00fcr, die nat\u00fcrliche Sch\u00f6nheit zu adeln. Das gelingt Ihnen mit hochwertigem Weihnachtsschmuck, der edel gl\u00e4nzt. Monica F\u00f6rster entwarf die bezaubernde Linie Christmas Collectibles f\u00fcr <a href=\"https:\/\/www.raum-blick.de\/georg-jensen\/\">Georg Jensen<\/a>. Die Designerin bekennt sich dabei zu klassischen Symbolen wie Glocken und Naturmotiven wie Tannenzapfen. Der Weihnachtsschmuck wird dadurch der Festtradition gerecht und wirkt vertraut. W\u00e4hrend die abstrahierende \u00c4sthetik einen modernen Akzent beisteuert, forciert die Veredelung mit Gold oder Palladium die feierliche Atmosph\u00e4re. Es gen\u00fcgt ein \u00fcberschaubares Portfolio, um mit dem glamour\u00f6sen Weihnachtsschmuck einen unvergesslich sch\u00f6nen Christbaum zu gestalten.<\/p>\n<p><img loading=\"lazy\" decoding=\"async\" class=\"aligncenter wp-image-7279 size-full\" title=\"Georg Jensen: Kerzenhalter Eichel &amp; Wintervogel Set | Design: Monica F\u00f6rster, 2018\" src=\"https:\/\/www.raum-blick.de\/magazin\/wp-content\/uploads\/2019\/12\/georg-jensen-kerzenhalter-eichel-wintervogel.jpg\" alt=\"georg-jensen-kerzenhalter-eichel-wintervogel\" width=\"600\" height=\"580\" srcset=\"https:\/\/raum-blick.de\/magazin\/wp-content\/uploads\/2019\/12\/georg-jensen-kerzenhalter-eichel-wintervogel.jpg 600w, https:\/\/raum-blick.de\/magazin\/wp-content\/uploads\/2019\/12\/georg-jensen-kerzenhalter-eichel-wintervogel-300x290.jpg 300w\" sizes=\"(max-width: 600px) 100vw, 600px\" \/><\/p>\n<p style=\"text-align: justify;\">Denn Reflexionen verst\u00e4rken den Effekt der Weihnachtsdeko: Die Kerzen bringen die polierten Anh\u00e4nger zum Funkeln. Die Tannenzweige wirken dadurch prachtvoll geschm\u00fcckt. Wenige Leuchten muten wie ein Lichtermeer an, weil sie sich im glanzvoll veredelten Baumschmuck spiegeln.<\/p>\n<h2><span class=\"ez-toc-section\" id=\"Weihnachtsdekoration_die_zum_Naschen_verfuehrt\"><\/span>Weihnachtsdekoration, die zum Naschen verf\u00fchrt<span class=\"ez-toc-section-end\"><\/span><\/h2>\n<p style=\"text-align: justify;\">Exklusive Deko beh\u00e4lt \u00fcber Jahrzehnte hinweg ihre Faszination. Diese Langlebigkeit schont nicht nur Ressourcen. Die wiederkehrenden Elemente verleihen dem Familienfest seinen Charme. Denn ein Blick auf die Accessoires gen\u00fcgt, um sich an die au\u00dfergew\u00f6hnlichen Momente zu Weihnachten in der Vergangenheit zu erinnern. Nichts spricht dagegen, das bew\u00e4hrte Ensemble jedes Jahr einzigartig abzurunden. Genussvolle Deko-Ideen eignen sich daf\u00fcr fabelhaft. Alle Generationen freuen sich insgeheim auf die s\u00fc\u00dfen Leckereien in der Weihnachtszeit. Kn\u00fcpfen Sie daran mit essbarem Weihnachtsschmuck an.<\/p>\n<p><img loading=\"lazy\" decoding=\"async\" class=\"aligncenter wp-image-7270 size-full\" title=\"K\u00e4hler: Christbaumkugeln &quot;Omaggio&quot; im 3er-Pack | Design: Stilleben\" src=\"https:\/\/www.raum-blick.de\/magazin\/wp-content\/uploads\/2019\/12\/kaehler-omaggio-christbaumkugeln-3er-pack.jpg\" alt=\"kaehler-omaggio-christbaumkugeln-3er-pack\" width=\"600\" height=\"600\" srcset=\"https:\/\/raum-blick.de\/magazin\/wp-content\/uploads\/2019\/12\/kaehler-omaggio-christbaumkugeln-3er-pack.jpg 600w, https:\/\/raum-blick.de\/magazin\/wp-content\/uploads\/2019\/12\/kaehler-omaggio-christbaumkugeln-3er-pack-150x150.jpg 150w, https:\/\/raum-blick.de\/magazin\/wp-content\/uploads\/2019\/12\/kaehler-omaggio-christbaumkugeln-3er-pack-300x300.jpg 300w\" sizes=\"(max-width: 600px) 100vw, 600px\" \/><\/p>\n<p style=\"text-align: justify;\">Bereichern Sie die Zweige mit selbstgebackenen Lebkuchenm\u00e4nnern und Sternpl\u00e4tzchen. Gestreifte Zuckerstangen und Baumanh\u00e4nger aus dem Sortiment renommierter Schokoladenhersteller sind eine vortreffliche Erg\u00e4nzung. Nicht nur die Kinder sind von den verf\u00fchrerischen Deko-Ideen begeistert. Sie freuen sich dar\u00fcber, dass der Baumschmuck vernascht wird und nach Weihnachten keinen Platz in Ihren Schr\u00e4nken beansprucht. S\u00fc\u00dfigkeiten zaubern Gro\u00df und Klein ein L\u00e4cheln ins Gesicht. Gleiches gilt f\u00fcr verspielte Designideen. Runden Sie den Weihnachtsschmuck mit einigen Figuren ab, damit fr\u00f6hliche Eindr\u00fccke das feierliche Flair auflockern.<\/p>\n<p><img loading=\"lazy\" decoding=\"async\" class=\"aligncenter wp-image-7268 size-full\" title=\"Kay Bojesen: Holz-Figur &quot;Weihnachtsfrau&quot; | Design: Kay Bojesen\" src=\"https:\/\/www.raum-blick.de\/magazin\/wp-content\/uploads\/2019\/12\/kay-bojesen-weihnachtsfrau.jpg\" alt=\"kay-bojesen-weihnachtsfrau\" width=\"600\" height=\"480\" srcset=\"https:\/\/raum-blick.de\/magazin\/wp-content\/uploads\/2019\/12\/kay-bojesen-weihnachtsfrau.jpg 600w, https:\/\/raum-blick.de\/magazin\/wp-content\/uploads\/2019\/12\/kay-bojesen-weihnachtsfrau-300x240.jpg 300w\" sizes=\"(max-width: 600px) 100vw, 600px\" \/><\/p>\n<p style=\"text-align: justify;\">In der legend\u00e4ren <a href=\"https:\/\/www.raum-blick.de\/kay-bojesen\/\">Kollektion von Kay Bojesen<\/a> entdecken Sie beispielsweise die Weihnachtsfrau. Sie erobert gewiss die Herzen aller Familienmitglieder.<\/p>\n<p><a href=\"https:\/\/www.raum-blick.de\/zueny-briefbeschwerer-rentier-miyo\"><img loading=\"lazy\" decoding=\"async\" class=\"aligncenter wp-image-7265 size-full\" title=\"Z\u00fcny: Rentier-Briefbeschwerer &quot;Miyo&quot; | Design: Z\u00fcny\" src=\"https:\/\/www.raum-blick.de\/magazin\/wp-content\/uploads\/2019\/12\/zueny-briefbeschwerer-rentier-miyo.jpg\" alt=\"zueny-briefbeschwerer-rentier-miyo\" width=\"600\" height=\"590\" srcset=\"https:\/\/raum-blick.de\/magazin\/wp-content\/uploads\/2019\/12\/zueny-briefbeschwerer-rentier-miyo.jpg 600w, https:\/\/raum-blick.de\/magazin\/wp-content\/uploads\/2019\/12\/zueny-briefbeschwerer-rentier-miyo-300x295.jpg 300w\" sizes=\"(max-width: 600px) 100vw, 600px\" \/><\/a><\/p>\n<p style=\"text-align: justify;\">\u00c4hnlich entz\u00fcckend ist das Rentier Miyo von Z\u00fcny, das sich mit seiner minimalistischen \u00c4sthetik vom Standard abhebt.<\/p>\n<h2><span class=\"ez-toc-section\" id=\"Weihnachtliche_Signatur_fuers_Dinner\"><\/span>Weihnachtliche Signatur f\u00fcrs Dinner<span class=\"ez-toc-section-end\"><\/span><\/h2>\n<p style=\"text-align: justify;\">Der Tannenbaum \u00fcbernimmt bei der Bescherung eine Hauptrolle. Beim famili\u00e4ren Festessen steht die Dinnertafel im Mittelpunkt. Sie hat sich ebenfalls eine stilvolle Inszenierung verdient. Die Gl\u00e4ser und Teller fordern beim mehrg\u00e4ngigen Men\u00fc viel Platz ein. Gesellt sich \u00fcppiger Tischschmuck hinzu, wirkt das Szenario schnell \u00fcberladen. Empfehlenswert ist deshalb eine dezente Weihnachtsdeko mit gehobener Eleganz.<\/p>\n<p><img loading=\"lazy\" decoding=\"async\" class=\"aligncenter wp-image-7259 size-full\" title=\"Georg Jensen: Kerzenhalter &quot;Season&quot; | nicht nur zur Weihnachtszeit ein Hingucker | Design: Maria Berntsen\" src=\"https:\/\/www.raum-blick.de\/magazin\/wp-content\/uploads\/2019\/12\/georg-jensen-kerzenhalter-season.jpg\" alt=\"georg-jensen-kerzenhalter-season\" width=\"600\" height=\"410\" srcset=\"https:\/\/raum-blick.de\/magazin\/wp-content\/uploads\/2019\/12\/georg-jensen-kerzenhalter-season.jpg 600w, https:\/\/raum-blick.de\/magazin\/wp-content\/uploads\/2019\/12\/georg-jensen-kerzenhalter-season-300x205.jpg 300w, https:\/\/raum-blick.de\/magazin\/wp-content\/uploads\/2019\/12\/georg-jensen-kerzenhalter-season-110x75.jpg 110w\" sizes=\"(max-width: 600px) 100vw, 600px\" \/><\/p>\n<p style=\"text-align: justify;\">Der 4-flammige Kerzenst\u00e4nder Season von Georg Jensen weckt diskret Assoziationen mit dem Adventskranz. Wird Tannengr\u00fcn darunter arrangiert, intensiviert sich der saisonale Bezug. Der Entwurf von Maria Berntsen ist gleichzeitig so zeitlos, dass Sie die Tischdekoration rund ums Jahr verwenden k\u00f6nnen. Platzieren Sie die Kerzen am Rand der Tafel. F\u00fcrs gegen\u00fcberliegende Ende best\u00fccken Sie eine Vase mit Tannenzweigen, in die Sie nur ein Accessoire einh\u00e4ngen.<\/p>\n<p><img loading=\"lazy\" decoding=\"async\" class=\"aligncenter wp-image-7257 size-full\" title=\"ferm Living: Brass Star &quot;Winterland&quot; | Weihnachtsschmuck | Design: Leise Dich Abrahamsen\" src=\"https:\/\/www.raum-blick.de\/magazin\/wp-content\/uploads\/2019\/12\/ferm-living-winterland-messing-stern.jpg\" alt=\"ferm-living-winterland-messing-stern\" width=\"600\" height=\"600\" srcset=\"https:\/\/raum-blick.de\/magazin\/wp-content\/uploads\/2019\/12\/ferm-living-winterland-messing-stern.jpg 600w, https:\/\/raum-blick.de\/magazin\/wp-content\/uploads\/2019\/12\/ferm-living-winterland-messing-stern-150x150.jpg 150w, https:\/\/raum-blick.de\/magazin\/wp-content\/uploads\/2019\/12\/ferm-living-winterland-messing-stern-300x300.jpg 300w\" sizes=\"(max-width: 600px) 100vw, 600px\" \/><\/p>\n<p style=\"text-align: justify;\">Modern und filigran mutet zum Beispiel der Winterland Brass Star von ferm Living an. Gesellt sich der skizzenhafte Baum der Messing-Kollektion neben das gr\u00fcne Arrangement, ist der Weihnachtsschmuck f\u00fcrs Dinner komplett. Denn das gl\u00e4nzende Metall unterstreicht den feierlichen Charakter, w\u00e4hrend die Naturbez\u00fcge dem behaglichen Ambiente den Weg ebnen.<\/p>\n<h2><span class=\"ez-toc-section\" id=\"Festliche_Tuerdekoration_fuer_den_herzlichen_Empfang\"><\/span>Festliche T\u00fcrdekoration f\u00fcr den herzlichen Empfang<span class=\"ez-toc-section-end\"><\/span><\/h2>\n<p style=\"text-align: justify;\">Die Verwandten freuen sich \u00fcber Ihre Einladung zu Weihnachten. Schon bei der Ankunft ist klar, wie liebevoll Sie das Fest vorbereitet haben: Am Eingang entdecken die G\u00e4ste das Weihnachtsherz Tangle von Stelton, das nicht nur mit winterlichem Gr\u00fcnzeug best\u00fcckt wurde.<\/p>\n<p><img loading=\"lazy\" decoding=\"async\" class=\"aligncenter wp-image-7255 size-full\" title=\"Stelton: Weihnachtsherz &quot;Tangle&quot; | T\u00fcrschmuck aus Messing | Design: Halskov &amp; Dalsgaard\" src=\"https:\/\/www.raum-blick.de\/magazin\/wp-content\/uploads\/2019\/12\/stelton-tangle-weihnachtsherz-tuerschmuck-gross.jpg\" alt=\"stelton-tangle-weihnachtsherz-tuerschmuck-gross\" width=\"600\" height=\"600\" srcset=\"https:\/\/raum-blick.de\/magazin\/wp-content\/uploads\/2019\/12\/stelton-tangle-weihnachtsherz-tuerschmuck-gross.jpg 600w, https:\/\/raum-blick.de\/magazin\/wp-content\/uploads\/2019\/12\/stelton-tangle-weihnachtsherz-tuerschmuck-gross-150x150.jpg 150w, https:\/\/raum-blick.de\/magazin\/wp-content\/uploads\/2019\/12\/stelton-tangle-weihnachtsherz-tuerschmuck-gross-300x300.jpg 300w\" sizes=\"(max-width: 600px) 100vw, 600px\" \/><\/p>\n<p style=\"text-align: justify;\">Die einzeln verpackten Tr\u00fcffel mit Namensschildern fallen sofort ins Auge, mit denen Sie das Gesteck aufgewertet haben. So avanciert die kurze Wartezeit an der Haust\u00fcr zur k\u00f6stlichen Ouvert\u00fcre der Weihnachtsfeier.<\/p>\n","protected":false},"excerpt":{"rendered":"<p>\u00ab Besinnliche Deko zum frohen Fest \u00bb Eine herzerw\u00e4rmende Behaglichkeit signiert in der Adventszeit Ihr Zuhause. Mit stilvollen Deko-Ideen sch\u00fcren Sie die Vorfreude auf den Heiligen Abend. Das Fest am Jahresende verw\u00f6hnt die Sinne mit einer Melange aus famili\u00e4rer Geborgenheit und feierlichem Ambiente. Dazu passt Weihnachtsschmuck, der einen Hauch von Glamour verspr\u00fcht und zur fr\u00f6hlichen [&hellip;]<\/p>\n","protected":false},"author":4,"featured_media":7272,"comment_status":"closed","ping_status":"open","sticky":false,"template":"","format":"standard","meta":{"_et_pb_use_builder":"","_et_pb_old_content":"","_et_gb_content_width":"","inline_featured_image":false,"footnotes":""},"categories":[7],"tags":[734,496,342,206,341,323,357,322,288,41,735,486,706,733,584],"class_list":["post-7251","post","type-post","status-publish","format-standard","has-post-thumbnail","hentry","category-accessoires-lifestyle","tag-baumschmuck","tag-christbaumkugeln","tag-dekoration","tag-ferm-living","tag-georg-jensen","tag-holzfiguren","tag-kaehler","tag-kay-bojesen","tag-kerzenhalter","tag-stelton","tag-tuerschmuck","tag-weihnachten","tag-weihnachtsdekoration","tag-weihnachtsschmuck","tag-zueny"],"_links":{"self":[{"href":"https:\/\/raum-blick.de\/magazin\/wp-json\/wp\/v2\/posts\/7251","targetHints":{"allow":["GET"]}}],"collection":[{"href":"https:\/\/raum-blick.de\/magazin\/wp-json\/wp\/v2\/posts"}],"about":[{"href":"https:\/\/raum-blick.de\/magazin\/wp-json\/wp\/v2\/types\/post"}],"author":[{"embeddable":true,"href":"https:\/\/raum-blick.de\/magazin\/wp-json\/wp\/v2\/users\/4"}],"replies":[{"embeddable":true,"href":"https:\/\/raum-blick.de\/magazin\/wp-json\/wp\/v2\/comments?post=7251"}],"version-history":[{"count":33,"href":"https:\/\/raum-blick.de\/magazin\/wp-json\/wp\/v2\/posts\/7251\/revisions"}],"predecessor-version":[{"id":20787,"href":"https:\/\/raum-blick.de\/magazin\/wp-json\/wp\/v2\/posts\/7251\/revisions\/20787"}],"wp:featuredmedia":[{"embeddable":true,"href":"https:\/\/raum-blick.de\/magazin\/wp-json\/wp\/v2\/media\/7272"}],"wp:attachment":[{"href":"https:\/\/raum-blick.de\/magazin\/wp-json\/wp\/v2\/media?parent=7251"}],"wp:term":[{"taxonomy":"category","embeddable":true,"href":"https:\/\/raum-blick.de\/magazin\/wp-json\/wp\/v2\/categories?post=7251"},{"taxonomy":"post_tag","embeddable":true,"href":"https:\/\/raum-blick.de\/magazin\/wp-json\/wp\/v2\/tags?post=7251"}],"curies":[{"name":"wp","href":"https:\/\/api.w.org\/{rel}","templated":true}]}}