{"id":6972,"date":"2018-10-29T11:59:12","date_gmt":"2018-10-29T10:59:12","guid":{"rendered":"https:\/\/www.raum-blick.de\/magazin\/?p=6972"},"modified":"2024-08-27T14:03:00","modified_gmt":"2024-08-27T12:03:00","slug":"weihnachtsdekoration","status":"publish","type":"post","link":"https:\/\/raum-blick.de\/magazin\/weihnachtsdekoration\/","title":{"rendered":"Festliches Ambiente mit stimmiger Weihnachtsdekoration"},"content":{"rendered":"<p style=\"text-align: justify;\"><strong>Das Jahr neigt sich dem Ende und die meisten Herausforderungen sind gemeistert. Gleichzeitig steigt Ihre Vorfreude auf Weihnachten. Denn die Feiertage erfreuen mit ihrer Melange aus famili\u00e4rer Fr\u00f6hlichkeit und besinnlicher Ruhe. Stilvolle Dekoration bereichert das au\u00dfergew\u00f6hnliche Ambiente. Daf\u00fcr empfiehlt sich nicht nur klassischer Weihnachtsschmuck. \u00c4hnlich \u00fcberzeugend sind essbare Arrangements und Accessoires, die \u00e4sthetisch die Winterzeit thematisieren. <\/strong><\/p>\n<h2><span class=\"ez-toc-section\" id=\"Dekorative_Stimmungsaufheller_fuer_die_Wintermonate\"><\/span>Dekorative Stimmungsaufheller f\u00fcr die Wintermonate<span class=\"ez-toc-section-end\"><\/span><\/h2>\n<p style=\"text-align: justify;\">Die gr\u00f6\u00dfte Freude bereitet oftmals die Phase vor festlichen Highlights selbst. Langsam stimmt Sie die Adventszeit darauf ein, dass Weihnachten vor der T\u00fcr steht. Das Wetter l\u00e4dt gleichzeitig dazu ein, die Gem\u00fctlichkeit der eigenen vier W\u00e4nde zu genie\u00dfen. Nach Silvester verabschieden Sie sich nicht sofort von der Idee, den Feierabend behaglich zu gestalten. Gelungen erscheint deshalb eine Weihnachtsdekoration, die das Zuhause \u00fcber mehrere Wochen hinweg stimmig aufwertet.<\/p><div id=\"ez-toc-container\" class=\"ez-toc-v2_0_82_2 counter-hierarchy ez-toc-counter ez-toc-grey ez-toc-container-direction\">\n<div class=\"ez-toc-title-container\">\n<p class=\"ez-toc-title\" style=\"cursor:inherit\">Was hier auf Sie wartet<\/p>\n<span class=\"ez-toc-title-toggle\"><a href=\"#\" class=\"ez-toc-pull-right ez-toc-btn ez-toc-btn-xs ez-toc-btn-default ez-toc-toggle\" aria-label=\"Toggle Table of Content\"><span class=\"ez-toc-js-icon-con\"><span class=\"\"><span class=\"eztoc-hide\" style=\"display:none;\">Toggle<\/span><span class=\"ez-toc-icon-toggle-span\"><svg style=\"fill: #999;color:#999\" xmlns=\"http:\/\/www.w3.org\/2000\/svg\" class=\"list-377408\" width=\"20px\" height=\"20px\" viewBox=\"0 0 24 24\" fill=\"none\"><path d=\"M6 6H4v2h2V6zm14 0H8v2h12V6zM4 11h2v2H4v-2zm16 0H8v2h12v-2zM4 16h2v2H4v-2zm16 0H8v2h12v-2z\" fill=\"currentColor\"><\/path><\/svg><svg style=\"fill: #999;color:#999\" class=\"arrow-unsorted-368013\" xmlns=\"http:\/\/www.w3.org\/2000\/svg\" width=\"10px\" height=\"10px\" viewBox=\"0 0 24 24\" version=\"1.2\" baseProfile=\"tiny\"><path d=\"M18.2 9.3l-6.2-6.3-6.2 6.3c-.2.2-.3.4-.3.7s.1.5.3.7c.2.2.4.3.7.3h11c.3 0 .5-.1.7-.3.2-.2.3-.5.3-.7s-.1-.5-.3-.7zM5.8 14.7l6.2 6.3 6.2-6.3c.2-.2.3-.5.3-.7s-.1-.5-.3-.7c-.2-.2-.4-.3-.7-.3h-11c-.3 0-.5.1-.7.3-.2.2-.3.5-.3.7s.1.5.3.7z\"\/><\/svg><\/span><\/span><\/span><\/a><\/span><\/div>\n<nav><ul class='ez-toc-list ez-toc-list-level-1 ' ><li class='ez-toc-page-1 ez-toc-heading-level-2'><a class=\"ez-toc-link ez-toc-heading-1\" href=\"https:\/\/raum-blick.de\/magazin\/weihnachtsdekoration\/#Dekorative_Stimmungsaufheller_fuer_die_Wintermonate\" >Dekorative Stimmungsaufheller f\u00fcr die Wintermonate<\/a><\/li><li class='ez-toc-page-1 ez-toc-heading-level-2'><a class=\"ez-toc-link ez-toc-heading-2\" href=\"https:\/\/raum-blick.de\/magazin\/weihnachtsdekoration\/#Wiederkehrende_Stilelemente_fuers_vertraute_Ambiente\" >Wiederkehrende Stilelemente f\u00fcrs vertraute Ambiente<\/a><\/li><li class='ez-toc-page-1 ez-toc-heading-level-2'><a class=\"ez-toc-link ez-toc-heading-3\" href=\"https:\/\/raum-blick.de\/magazin\/weihnachtsdekoration\/#Moderne_Designideen_fuer_die_Vorweihnachtszeit\" >Moderne Designideen f\u00fcr die Vorweihnachtszeit<\/a><\/li><li class='ez-toc-page-1 ez-toc-heading-level-2'><a class=\"ez-toc-link ez-toc-heading-4\" href=\"https:\/\/raum-blick.de\/magazin\/weihnachtsdekoration\/#Elegantes_Zubehoer_fuer_individuelle_Dekoideen\" >Elegantes Zubeh\u00f6r f\u00fcr individuelle Dekoideen<\/a><\/li><\/ul><\/nav><\/div>\n\n<p><img loading=\"lazy\" decoding=\"async\" class=\"aligncenter wp-image-7013 size-full\" title=\"Christbaumschmuck &quot;Winterland Brass Ornament&quot; von ferm Living | Design: Leise Dich Abrahamsen\" src=\"https:\/\/www.raum-blick.de\/magazin\/wp-content\/uploads\/2018\/11\/ferm-living-winterland-brass-ornament.jpg\" alt=\"ferm-living-winterland-brass-ornament\" width=\"600\" height=\"600\" srcset=\"https:\/\/raum-blick.de\/magazin\/wp-content\/uploads\/2018\/11\/ferm-living-winterland-brass-ornament.jpg 600w, https:\/\/raum-blick.de\/magazin\/wp-content\/uploads\/2018\/11\/ferm-living-winterland-brass-ornament-150x150.jpg 150w, https:\/\/raum-blick.de\/magazin\/wp-content\/uploads\/2018\/11\/ferm-living-winterland-brass-ornament-300x300.jpg 300w\" sizes=\"(max-width: 600px) 100vw, 600px\" \/><\/p>\n<p style=\"text-align: justify;\">Bemerkenswert filigran ist die Kollektion Winterland von <a href=\"https:\/\/www.raum-blick.de\/ferm-living\/\">ferm Living<\/a> gestaltet. F\u00fcr die dezente Weihnachtsdeko im Flur ist der Schmuck aus Messing wie geschaffen. Platzieren Sie die schimmernden Anh\u00e4nger beispielsweise \u00fcber der Kommode, die Sie f\u00fcrs Ankleiden nutzen. So ergibt sich beim Start in den Tag ein Lichtblick, der auf den nahenden Weihnachtsurlaub verweist.<\/p>\n<p><a href=\"https:\/\/www.raum-blick.de\/kay-bojesen-skilaeufer\"><img loading=\"lazy\" decoding=\"async\" class=\"aligncenter wp-image-7007 size-full\" title=\"Holz-Figur &quot;Skil\u00e4ufer&quot; von Kay Bojesen | Design: Kay Bojesen\" src=\"https:\/\/www.raum-blick.de\/magazin\/wp-content\/uploads\/2018\/11\/kay-bojesen-skilaeufer.jpg\" alt=\"kay-bojesen-skilaeufer\" width=\"600\" height=\"600\" srcset=\"https:\/\/raum-blick.de\/magazin\/wp-content\/uploads\/2018\/11\/kay-bojesen-skilaeufer.jpg 600w, https:\/\/raum-blick.de\/magazin\/wp-content\/uploads\/2018\/11\/kay-bojesen-skilaeufer-150x150.jpg 150w, https:\/\/raum-blick.de\/magazin\/wp-content\/uploads\/2018\/11\/kay-bojesen-skilaeufer-300x300.jpg 300w\" sizes=\"(max-width: 600px) 100vw, 600px\" \/><\/a><\/p>\n<p style=\"text-align: justify;\">Nach der Arbeit lenkt der <a href=\"https:\/\/www.raum-blick.de\/kay-bojesen-skilaeufer\">Skil\u00e4ufer von Kay Bojesen<\/a> auf dem Sofatisch das Interesse auf sich. Die nostalgische Holzfigur peppt mit ihren bunten Farben die Weihnachtsdekoration auf. Sie l\u00e4dt zudem zu Fantasiereisen ein, bei denen verschneite Wintersportregionen eine Rolle spielen. Die Assoziationen mit der Bergidylle sind vorm Weihnachtsfest ebenso reizvoll wie nach dem Jahreswechsel.<\/p>\n<p><a href=\"https:\/\/www.raum-blick.de\/kaehler-stella-haengender-teelichthalter\"><img loading=\"lazy\" decoding=\"async\" class=\"aligncenter wp-image-7010 size-full\" title=\"H\u00e4ngender Teelichthalter &quot;Stella&quot; in Sternform | Design: Thora Finnsdottir\" src=\"https:\/\/www.raum-blick.de\/magazin\/wp-content\/uploads\/2018\/11\/kaehler-stella-haengender-teelichthalter.jpg\" alt=\"kaehler-stella-haengender-teelichthalter\" width=\"600\" height=\"600\" srcset=\"https:\/\/raum-blick.de\/magazin\/wp-content\/uploads\/2018\/11\/kaehler-stella-haengender-teelichthalter.jpg 600w, https:\/\/raum-blick.de\/magazin\/wp-content\/uploads\/2018\/11\/kaehler-stella-haengender-teelichthalter-150x150.jpg 150w, https:\/\/raum-blick.de\/magazin\/wp-content\/uploads\/2018\/11\/kaehler-stella-haengender-teelichthalter-300x300.jpg 300w\" sizes=\"(max-width: 600px) 100vw, 600px\" \/><\/a><\/p>\n<p style=\"text-align: justify;\">Fr\u00fch wird es in den kalten Monaten dunkel. Indirekte Lichtakzente z\u00e4hlen deshalb zu den bedeutenden Stilmitteln bei der dekorativen Signatur. Der sternf\u00f6rmige <a href=\"https:\/\/www.raum-blick.de\/kaehler-stella-haengender-teelichthalter\">Teelichthalter Stella von K\u00e4hler Design<\/a> \u00fcberzeugt nicht nur mit seiner modernen Eleganz. Er eignet sich f\u00fcr die Platzierung im Fenster. So profitieren auch die Passanten auf der Stra\u00dfe von Ihrem erlesenen Geschmack an Weihnachten.<\/p>\n<h2><span class=\"ez-toc-section\" id=\"Wiederkehrende_Stilelemente_fuers_vertraute_Ambiente\"><\/span>Wiederkehrende Stilelemente f\u00fcrs vertraute Ambiente<span class=\"ez-toc-section-end\"><\/span><\/h2>\n<p style=\"text-align: justify;\">Das christliche Fest rund um die Geburt von Jesus wurde schon vor Jahrhunderten mit viel Liebe zum Detail gestaltet. Die religi\u00f6se Gesinnung war dabei nur ein Aspekt. Wegen der Witterung und fr\u00fch einbrechenden Dunkelheit ergab sich mehr Freiraum, um sch\u00f6ne Momente mit der Familie zu genie\u00dfen. Es lag nicht nur nahe, die Behaglichkeit mit h\u00fcbscher Weihnachtsdekoration zu forcieren. Br\u00e4uche etablierten sich, um die Zeit vor Weihnachten unvergesslich zu zelebrieren.<\/p>\n<blockquote>\n<p style=\"text-align: justify;\">Viele Traditionen werden bis heute gepflegt. Das gilt meist auch f\u00fcr Personen, die sich zu keiner Religion bekennen.<\/p>\n<\/blockquote>\n<p style=\"text-align: justify;\">Der Adventskalender sorgt daf\u00fcr, dass jeder Dezembertag mit einem kleinen Geschenk vers\u00fc\u00dft wird. \u00dcber diese Weihnachtsdekoration voller \u00dcberraschungen freuen sich nicht nur die Kinder. Gleicherma\u00dfen entz\u00fcckt sind Erwachsene, wenn sie regelm\u00e4\u00dfig ein T\u00fcrchen \u00f6ffnen d\u00fcrfen.<\/p>\n<p><img loading=\"lazy\" decoding=\"async\" class=\"aligncenter wp-image-7000 size-full\" title=\"Adventskalender &quot;Haus&quot; von ferm Living | Design: Trine Andersen\" src=\"https:\/\/www.raum-blick.de\/magazin\/wp-content\/uploads\/2018\/11\/ferm-living-adventskalender-haus.jpg\" alt=\"ferm-living-adventskalender-haus\" width=\"600\" height=\"600\" srcset=\"https:\/\/raum-blick.de\/magazin\/wp-content\/uploads\/2018\/11\/ferm-living-adventskalender-haus.jpg 600w, https:\/\/raum-blick.de\/magazin\/wp-content\/uploads\/2018\/11\/ferm-living-adventskalender-haus-150x150.jpg 150w, https:\/\/raum-blick.de\/magazin\/wp-content\/uploads\/2018\/11\/ferm-living-adventskalender-haus-300x300.jpg 300w\" sizes=\"(max-width: 600px) 100vw, 600px\" \/><\/p>\n<p style=\"text-align: justify;\">Trine Andersen entwarf f\u00fcr die Weihnachtsdeko ein Accessoire aus Baumwolle mit 24 Taschen. Es ist nicht nur praktisch, dass der Kalender langfristig verwendet werden kann. Taucht die Dekoration von ferm Living jedes Jahr vor Weihnachten auf, entwickelt sich eine Familientradition.<\/p>\n<h2><span class=\"ez-toc-section\" id=\"Moderne_Designideen_fuer_die_Vorweihnachtszeit\"><\/span>Moderne Designideen f\u00fcr die Vorweihnachtszeit<span class=\"ez-toc-section-end\"><\/span><\/h2>\n<p style=\"text-align: justify;\">Am ersten Sonntag im Dezember zieht ein aromatischer Duft durchs Haus. Wenig sp\u00e4ter versammelt sich die Familie an der Kaffeetafel, um eine Kerze zu entz\u00fcnden. Bei der Weihnachtsdekoration freut sich der Adventskranz \u00fcber einen Stammplatz. Designer stellen inzwischen moderne Varianten vor, die sich generell f\u00fcr die Raumgestaltung empfehlen.<\/p>\n<p><a href=\"https:\/\/www.raum-blick.de\/adventsleuchter-four-steps-side-by-side\"><img loading=\"lazy\" decoding=\"async\" class=\"aligncenter wp-image-6993 size-full\" title=\"Adventsleuchter &quot;4Steps&quot; von side-by-side | Design: ding3000\" src=\"https:\/\/www.raum-blick.de\/magazin\/wp-content\/uploads\/2018\/11\/adventsleuchter-four-steps-side-by-side-e1540816058952.jpg\" alt=\"adventsleuchter-four-steps-side-by-side\" width=\"600\" height=\"500\" srcset=\"https:\/\/raum-blick.de\/magazin\/wp-content\/uploads\/2018\/11\/adventsleuchter-four-steps-side-by-side-e1540816058952.jpg 600w, https:\/\/raum-blick.de\/magazin\/wp-content\/uploads\/2018\/11\/adventsleuchter-four-steps-side-by-side-e1540816058952-300x250.jpg 300w\" sizes=\"(max-width: 600px) 100vw, 600px\" \/><\/a><\/p>\n<p style=\"text-align: justify;\">Ungew\u00f6hnlich puristisch f\u00e4llt der Adventsleuchter <a href=\"https:\/\/www.raum-blick.de\/adventsleuchter-four-steps-side-by-side\">4Steps von side-by-side<\/a> aus. Das mehrstufige Design aus ge\u00f6ltem Nussbaum offenbart sich sukzessive, bis alle vier Teelichter zu sehen sind. Der festliche Bezug bleibt aber diskret. Wird der Kerzenhalter nicht entfaltet, macht er auch jenseits von Weihnachten eine schicke Figur auf dem Couchtisch.<\/p>\n<p><a href=\"https:\/\/www.raum-blick.de\/design-house-stockholm-nordic-light-kerzenleuchter\"><img loading=\"lazy\" decoding=\"async\" class=\"aligncenter wp-image-6996 size-full\" title=\"Kerzenst\u00e4nder &quot;Nordic Light&quot; von Design House Stockholm | Design: Jonas Grundell\" src=\"https:\/\/www.raum-blick.de\/magazin\/wp-content\/uploads\/2018\/11\/design-house-stockholm-nordic-light-kerzenleuchter.jpg\" alt=\"design-house-stockholm-nordic-light-kerzenleuchter\" width=\"600\" height=\"600\" srcset=\"https:\/\/raum-blick.de\/magazin\/wp-content\/uploads\/2018\/11\/design-house-stockholm-nordic-light-kerzenleuchter.jpg 600w, https:\/\/raum-blick.de\/magazin\/wp-content\/uploads\/2018\/11\/design-house-stockholm-nordic-light-kerzenleuchter-150x150.jpg 150w, https:\/\/raum-blick.de\/magazin\/wp-content\/uploads\/2018\/11\/design-house-stockholm-nordic-light-kerzenleuchter-300x300.jpg 300w\" sizes=\"(max-width: 600px) 100vw, 600px\" \/><\/a><\/p>\n<p style=\"text-align: justify;\">Zum Sortiment von <a href=\"https:\/\/www.raum-blick.de\/design-house-stockholm\/\">Design House Stockholm<\/a> geh\u00f6rt der <a href=\"https:\/\/www.raum-blick.de\/design-house-stockholm-nordic-light-kerzenleuchter\">Kerzenst\u00e4nder Nordic Light<\/a>. Er l\u00e4sst sich so drapieren, dass er wie eine 4-flammige Weihnachtsdeko f\u00fcr die Adventsfeiertage wirkt. Wenn Sie die Leuchterarme aus Gummibaumholz in einer Reihe positionieren, entsteht ein zeitlos eleganter L\u00fcster f\u00fcr die Dinnertafel.<\/p>\n<h2><span class=\"ez-toc-section\" id=\"Elegantes_Zubehoer_fuer_individuelle_Dekoideen\"><\/span>Elegantes Zubeh\u00f6r f\u00fcr individuelle Dekoideen<span class=\"ez-toc-section-end\"><\/span><\/h2>\n<p style=\"text-align: justify;\">Die Schr\u00e4nke im Wohnzimmer f\u00fcllen sich z\u00fcgig. Gesellt sich regelm\u00e4\u00dfig saisonale Dekoration hinzu, ist der Stauraum schnell ersch\u00f6pft. Es ist deshalb sinnvoll, bei der Weihnachtsdekoration auf zeitlos faszinierende Designideen zu setzen. Mit den schm\u00fcckenden Details aus der Adventszeit legen Sie den Grundstein f\u00fcrs besinnliche Ambiente. Zu den Feiertagen gesellen sich liebgewonnene Dauerbrenner hinzu, die angenehme Erinnerungen wecken.<\/p>\n<p><a href=\"https:\/\/www.raum-blick.de\/kay-bojesen-zipfelmuetze\"><img loading=\"lazy\" decoding=\"async\" class=\"aligncenter wp-image-6981 size-full\" title=\"Zipfelm\u00fctze, zum Beispiel f\u00fcr den kleinen Affen, von Kay Bojesen | Design: Kay Bojesen\" src=\"https:\/\/www.raum-blick.de\/magazin\/wp-content\/uploads\/2018\/11\/kay-bojesen-zipfelmuetze.jpg\" alt=\"kay-bojesen-zipfelmuetze\" width=\"600\" height=\"600\" srcset=\"https:\/\/raum-blick.de\/magazin\/wp-content\/uploads\/2018\/11\/kay-bojesen-zipfelmuetze.jpg 600w, https:\/\/raum-blick.de\/magazin\/wp-content\/uploads\/2018\/11\/kay-bojesen-zipfelmuetze-150x150.jpg 150w, https:\/\/raum-blick.de\/magazin\/wp-content\/uploads\/2018\/11\/kay-bojesen-zipfelmuetze-300x300.jpg 300w\" sizes=\"(max-width: 600px) 100vw, 600px\" \/><\/a><\/p>\n<p style=\"text-align: justify;\">Hierf\u00fcr ist die Zipfelm\u00fctze von Kay Bojesen ein gelungenes Beispiel, die der legend\u00e4re Affe des d\u00e4nischen Designers am Heiligen Abend tr\u00e4gt. Ansonsten ist es eine clevere Strategie, auf origin\u00e4ren Weihnachtsschmuck zu verzichten.<\/p>\n<p><a href=\"https:\/\/www.raum-blick.de\/kaehler-hammershoi-vase-h200\"><img loading=\"lazy\" decoding=\"async\" class=\"aligncenter wp-image-6987 size-full\" title=\"Medium-Vase &quot;Hammershoi&quot; von K\u00e4hler | Design: Hans-Christian Bauer\" src=\"https:\/\/www.raum-blick.de\/magazin\/wp-content\/uploads\/2018\/11\/kaehler-hammershoi-vase-h200.jpg\" alt=\"kaehler-hammershoi-vase-h200\" width=\"600\" height=\"600\" srcset=\"https:\/\/raum-blick.de\/magazin\/wp-content\/uploads\/2018\/11\/kaehler-hammershoi-vase-h200.jpg 600w, https:\/\/raum-blick.de\/magazin\/wp-content\/uploads\/2018\/11\/kaehler-hammershoi-vase-h200-150x150.jpg 150w, https:\/\/raum-blick.de\/magazin\/wp-content\/uploads\/2018\/11\/kaehler-hammershoi-vase-h200-300x300.jpg 300w\" sizes=\"(max-width: 600px) 100vw, 600px\" \/><\/a><\/p>\n<p style=\"text-align: justify;\">Sinnvoller ist edles Zubeh\u00f6r f\u00fcr die Deko, das zu vielen Gelegenheiten passt. Die wei\u00dfen Vasen aus der <a href=\"https:\/\/www.raum-blick.de\/kaehler-hammershoi-vase-h200\">Kollektion Hammershoi von K\u00e4hler Design<\/a> \u00fcberzeugen mit einer diskreten Eleganz, die den Blumen das Rampenlicht \u00fcberl\u00e4sst. Best\u00fcckt mit Christrosen oder Tannengr\u00fcn wird aus den hochwertigen Keramikarbeiten im Handumdrehen eine attraktive Weihnachtsdeko.<\/p>\n<p><img loading=\"lazy\" decoding=\"async\" class=\"aligncenter wp-image-6985 size-full\" title=\"Schale &quot;Echasse&quot; mit Messing-Gestell von menu | Design: Theresa Rand\" src=\"https:\/\/www.raum-blick.de\/magazin\/wp-content\/uploads\/2018\/11\/menu-echasse-schale.jpg\" alt=\"menu-echasse-schale\" width=\"600\" height=\"300\" srcset=\"https:\/\/raum-blick.de\/magazin\/wp-content\/uploads\/2018\/11\/menu-echasse-schale.jpg 600w, https:\/\/raum-blick.de\/magazin\/wp-content\/uploads\/2018\/11\/menu-echasse-schale-300x150.jpg 300w\" sizes=\"(max-width: 600px) 100vw, 600px\" \/><\/p>\n<p style=\"text-align: justify;\">Theresa Rand verleiht der Schale Echasse mit dem warmen Farbton von Rauchglas und dem Goldschimmer von Messing einen glamour\u00f6sen Touch. F\u00fcllen Sie das Tischzubeh\u00f6r von menu mit Orangen, N\u00fcssen und S\u00fc\u00dfigkeiten. Salopp werden kleine Tannenzweige hinzugef\u00fcgt. Schon steht die essbare Weihnachtsdekoration auf dem Tisch. Die vielseitigen Designideen f\u00fcr den Service oder die Wohndekoration sind nicht nur ideal, weil sich das Verstauen zahlreicher Kleinigkeiten er\u00fcbrigt.<\/p>\n<blockquote>\n<p style=\"text-align: justify;\">Sie gew\u00e4hren Ihnen bei den feierlichen Ereignissen viel Freiheit f\u00fcr neue Gestaltungsideen.<\/p>\n<\/blockquote>\n<p style=\"text-align: justify;\">Die dekorative Signatur wirkt dadurch jedes Jahr anders und tr\u00e4gt Ihre individuelle Handschrift. Gleichzeitig ist die Atmosph\u00e4re durch die wiederkehrenden Details so vertraut und anheimelnd, wie man es sich beim Familienfest w\u00fcnscht.<\/p>\n","protected":false},"excerpt":{"rendered":"<p>Das Jahr neigt sich dem Ende und die meisten Herausforderungen sind gemeistert. Gleichzeitig steigt Ihre Vorfreude auf Weihnachten. Denn die Feiertage erfreuen mit ihrer Melange aus famili\u00e4rer Fr\u00f6hlichkeit und besinnlicher Ruhe. Stilvolle Dekoration bereichert das au\u00dfergew\u00f6hnliche Ambiente. Daf\u00fcr empfiehlt sich nicht nur klassischer Weihnachtsschmuck. \u00c4hnlich \u00fcberzeugend sind essbare Arrangements und Accessoires, die \u00e4sthetisch die Winterzeit [&hellip;]<\/p>\n","protected":false},"author":4,"featured_media":7012,"comment_status":"closed","ping_status":"open","sticky":false,"template":"","format":"standard","meta":{"_et_pb_use_builder":"","_et_pb_old_content":"","_et_gb_content_width":"","inline_featured_image":false,"footnotes":""},"categories":[8],"tags":[710,708,707,711,342,495,709,206,323,357,322,122,701,93,468,133,493,146,486,706,641],"class_list":["post-6972","post","type-post","status-publish","format-standard","has-post-thumbnail","hentry","category-features","tag-advent","tag-adventskalender","tag-christbaumschmuck","tag-dekoideen","tag-dekoration","tag-design-house-stockholm","tag-designideen","tag-ferm-living","tag-holzfiguren","tag-kaehler","tag-kay-bojesen","tag-kerzenstaender","tag-leuchter","tag-menu","tag-schalen","tag-side-by-side","tag-teelichthalter","tag-vasen","tag-weihnachten","tag-weihnachtsdekoration","tag-zubehoer"],"_links":{"self":[{"href":"https:\/\/raum-blick.de\/magazin\/wp-json\/wp\/v2\/posts\/6972","targetHints":{"allow":["GET"]}}],"collection":[{"href":"https:\/\/raum-blick.de\/magazin\/wp-json\/wp\/v2\/posts"}],"about":[{"href":"https:\/\/raum-blick.de\/magazin\/wp-json\/wp\/v2\/types\/post"}],"author":[{"embeddable":true,"href":"https:\/\/raum-blick.de\/magazin\/wp-json\/wp\/v2\/users\/4"}],"replies":[{"embeddable":true,"href":"https:\/\/raum-blick.de\/magazin\/wp-json\/wp\/v2\/comments?post=6972"}],"version-history":[{"count":34,"href":"https:\/\/raum-blick.de\/magazin\/wp-json\/wp\/v2\/posts\/6972\/revisions"}],"predecessor-version":[{"id":20699,"href":"https:\/\/raum-blick.de\/magazin\/wp-json\/wp\/v2\/posts\/6972\/revisions\/20699"}],"wp:featuredmedia":[{"embeddable":true,"href":"https:\/\/raum-blick.de\/magazin\/wp-json\/wp\/v2\/media\/7012"}],"wp:attachment":[{"href":"https:\/\/raum-blick.de\/magazin\/wp-json\/wp\/v2\/media?parent=6972"}],"wp:term":[{"taxonomy":"category","embeddable":true,"href":"https:\/\/raum-blick.de\/magazin\/wp-json\/wp\/v2\/categories?post=6972"},{"taxonomy":"post_tag","embeddable":true,"href":"https:\/\/raum-blick.de\/magazin\/wp-json\/wp\/v2\/tags?post=6972"}],"curies":[{"name":"wp","href":"https:\/\/api.w.org\/{rel}","templated":true}]}}