{"id":6929,"date":"2018-10-23T14:21:08","date_gmt":"2018-10-23T12:21:08","guid":{"rendered":"https:\/\/www.raum-blick.de\/magazin\/?p=6929"},"modified":"2022-05-24T19:15:21","modified_gmt":"2022-05-24T17:15:21","slug":"wintergarten-einrichten","status":"publish","type":"post","link":"https:\/\/raum-blick.de\/magazin\/wintergarten-einrichten\/","title":{"rendered":"Wintergarten einrichten"},"content":{"rendered":"<h2><span class=\"ez-toc-section\" id=\"%C2%ABSchoene_Gartenaussichten_in_stilvollem_Ambiente%C2%BB\"><\/span>\u00abSch\u00f6ne Gartenaussichten in stilvollem Ambiente!\u00bb<span class=\"ez-toc-section-end\"><\/span><\/h2>\n<p style=\"text-align: justify;\"><strong>Das legere Dinner, die Pause mit Ausblick, meditative Entspannung: Der Wintergarten ist f\u00fcr die verschiedensten Aktivit\u00e4ten der bevorzugte Ort. Die Multifunktionalit\u00e4t spricht nicht nur f\u00fcr eine vielseitige M\u00f6blierung. Erstrebenswert ist eine Raumgestaltung mit eindrucksvollen Kontrasten, die gleichzeitig bes\u00e4nftigend wirkt. <\/strong><\/p>\n<h2><span class=\"ez-toc-section\" id=\"Naturbelassenes_Holz_fuer_den_behaglichen_Aspekt\"><\/span>Naturbelassenes Holz f\u00fcr den behaglichen Aspekt<span class=\"ez-toc-section-end\"><\/span><\/h2>\n<p style=\"text-align: justify;\">Im Au\u00dfenbereich entdecken Sie nicht nur zarte Blumen und kraftvolle Pflanzen in sattem Gr\u00fcn. Laub, \u00c4ste und Baumst\u00e4mme erg\u00e4nzen Details mit schroffer Struktur und warmen Braunt\u00f6nen. Natureindr\u00fccke avancieren durch die Gegens\u00e4tze zum sinnlichen Erlebnis. M\u00f6bel und Accessoires aus unbehandeltem Massivholz \u00fcberzeugen mit ihrer anheimelnden Urspr\u00fcnglichkeit, wenn Sie den Wintergarten einrichten.<\/p><div id=\"ez-toc-container\" class=\"ez-toc-v2_0_82_2 counter-hierarchy ez-toc-counter ez-toc-grey ez-toc-container-direction\">\n<div class=\"ez-toc-title-container\">\n<p class=\"ez-toc-title\" style=\"cursor:inherit\">Was hier auf Sie wartet<\/p>\n<span class=\"ez-toc-title-toggle\"><a href=\"#\" class=\"ez-toc-pull-right ez-toc-btn ez-toc-btn-xs ez-toc-btn-default ez-toc-toggle\" aria-label=\"Toggle Table of Content\"><span class=\"ez-toc-js-icon-con\"><span class=\"\"><span class=\"eztoc-hide\" style=\"display:none;\">Toggle<\/span><span class=\"ez-toc-icon-toggle-span\"><svg style=\"fill: #999;color:#999\" xmlns=\"http:\/\/www.w3.org\/2000\/svg\" class=\"list-377408\" width=\"20px\" height=\"20px\" viewBox=\"0 0 24 24\" fill=\"none\"><path d=\"M6 6H4v2h2V6zm14 0H8v2h12V6zM4 11h2v2H4v-2zm16 0H8v2h12v-2zM4 16h2v2H4v-2zm16 0H8v2h12v-2z\" fill=\"currentColor\"><\/path><\/svg><svg style=\"fill: #999;color:#999\" class=\"arrow-unsorted-368013\" xmlns=\"http:\/\/www.w3.org\/2000\/svg\" width=\"10px\" height=\"10px\" viewBox=\"0 0 24 24\" version=\"1.2\" baseProfile=\"tiny\"><path d=\"M18.2 9.3l-6.2-6.3-6.2 6.3c-.2.2-.3.4-.3.7s.1.5.3.7c.2.2.4.3.7.3h11c.3 0 .5-.1.7-.3.2-.2.3-.5.3-.7s-.1-.5-.3-.7zM5.8 14.7l6.2 6.3 6.2-6.3c.2-.2.3-.5.3-.7s-.1-.5-.3-.7c-.2-.2-.4-.3-.7-.3h-11c-.3 0-.5.1-.7.3-.2.2-.3.5-.3.7s.1.5.3.7z\"\/><\/svg><\/span><\/span><\/span><\/a><\/span><\/div>\n<nav><ul class='ez-toc-list ez-toc-list-level-1 ' ><li class='ez-toc-page-1 ez-toc-heading-level-2'><a class=\"ez-toc-link ez-toc-heading-1\" href=\"https:\/\/raum-blick.de\/magazin\/wintergarten-einrichten\/#%C2%ABSchoene_Gartenaussichten_in_stilvollem_Ambiente%C2%BB\" >\u00abSch\u00f6ne Gartenaussichten in stilvollem Ambiente!\u00bb<\/a><\/li><li class='ez-toc-page-1 ez-toc-heading-level-2'><a class=\"ez-toc-link ez-toc-heading-2\" href=\"https:\/\/raum-blick.de\/magazin\/wintergarten-einrichten\/#Naturbelassenes_Holz_fuer_den_behaglichen_Aspekt\" >Naturbelassenes Holz f\u00fcr den behaglichen Aspekt<\/a><\/li><li class='ez-toc-page-1 ez-toc-heading-level-2'><a class=\"ez-toc-link ez-toc-heading-3\" href=\"https:\/\/raum-blick.de\/magazin\/wintergarten-einrichten\/#Eine_Prise_Eleganz_dank_Naturstein\" >Eine Prise Eleganz dank Naturstein<\/a><\/li><li class='ez-toc-page-1 ez-toc-heading-level-2'><a class=\"ez-toc-link ez-toc-heading-4\" href=\"https:\/\/raum-blick.de\/magazin\/wintergarten-einrichten\/#Rund_ums_Jahr_im_Gruenen_entspannen\" >Rund ums Jahr im Gr\u00fcnen entspannen<\/a><\/li><li class='ez-toc-page-1 ez-toc-heading-level-2'><a class=\"ez-toc-link ez-toc-heading-5\" href=\"https:\/\/raum-blick.de\/magazin\/wintergarten-einrichten\/#Praktisches_Pflanzzubehoer_und_lebensbejahende_Deko\" >Praktisches Pflanzzubeh\u00f6r und lebensbejahende Deko<\/a><\/li><li class='ez-toc-page-1 ez-toc-heading-level-2'><a class=\"ez-toc-link ez-toc-heading-6\" href=\"https:\/\/raum-blick.de\/magazin\/wintergarten-einrichten\/#Lieblingsplaetze_fuer_kulinarische_und_relaxte_Momente\" >Lieblingspl\u00e4tze f\u00fcr kulinarische und relaxte Momente<\/a><\/li><\/ul><\/nav><\/div>\n\n<p><a href=\"https:\/\/www.raum-blick.de\/skagerak-vendia-tisch\"><img loading=\"lazy\" decoding=\"async\" class=\"aligncenter wp-image-6959 size-full\" title=\"Skagerak Vendia Tisch aus Teak\" src=\"https:\/\/www.raum-blick.de\/magazin\/wp-content\/uploads\/2018\/11\/skagerak-vendia-tisch.jpg\" alt=\"skagerak-vendia-tisch\" width=\"600\" height=\"600\" srcset=\"https:\/\/raum-blick.de\/magazin\/wp-content\/uploads\/2018\/11\/skagerak-vendia-tisch.jpg 600w, https:\/\/raum-blick.de\/magazin\/wp-content\/uploads\/2018\/11\/skagerak-vendia-tisch-150x150.jpg 150w, https:\/\/raum-blick.de\/magazin\/wp-content\/uploads\/2018\/11\/skagerak-vendia-tisch-300x300.jpg 300w\" sizes=\"(max-width: 600px) 100vw, 600px\" \/><\/a><\/p>\n<p style=\"text-align: justify;\">Klassisch f\u00e4llt das Design beim runden <a href=\"https:\/\/www.raum-blick.de\/skagerak-vendia-tisch\">Tisch Vendia von Skagerak<\/a> aus, der nicht zu viel Aufmerksamkeit einfordert und doch wirkt. Das Rampenlicht wird der ausdrucksstarken Maserung von Teak \u00fcberlassen. Das Naturmaterial kommt dadurch nicht nur wunderbar zur Geltung. Es \u00fcbernimmt eine bedeutende Rolle beim Einrichtungskonzept, da die urigen Facetten betont werden. Passende <a href=\"https:\/\/www.raum-blick.de\/skagerak-vendia-stuhl\">Vendia St\u00fchle<\/a> komplettieren die kleine Sitzgruppe.<\/p>\n<p><a href=\"https:\/\/www.raum-blick.de\/weinlicht-side-by-side\"><img loading=\"lazy\" decoding=\"async\" class=\"aligncenter wp-image-6962 size-full\" title=\"Weinlicht von side-by-side | Design: Jette Scheib\" src=\"https:\/\/www.raum-blick.de\/magazin\/wp-content\/uploads\/2018\/11\/weinlicht-side-by-side.jpg\" alt=\"weinlicht-side-by-side\" width=\"600\" height=\"600\" srcset=\"https:\/\/raum-blick.de\/magazin\/wp-content\/uploads\/2018\/11\/weinlicht-side-by-side.jpg 600w, https:\/\/raum-blick.de\/magazin\/wp-content\/uploads\/2018\/11\/weinlicht-side-by-side-150x150.jpg 150w, https:\/\/raum-blick.de\/magazin\/wp-content\/uploads\/2018\/11\/weinlicht-side-by-side-300x300.jpg 300w\" sizes=\"(max-width: 600px) 100vw, 600px\" \/><\/a><\/p>\n<p style=\"text-align: justify;\">Wer den gem\u00fctlichen Charakter des Werkstoffs nur punktuell ins Spiel bringen m\u00f6chte, entscheidet sich f\u00fcr Dekorationsartikel mit Echtholz. Charmant rundet beispielsweise ge\u00f6lte Eiche das <a href=\"https:\/\/www.raum-blick.de\/weinlicht-side-by-side\">WeinLicht von side-by-side<\/a> ab.<\/p>\n<h2><span class=\"ez-toc-section\" id=\"Eine_Prise_Eleganz_dank_Naturstein\"><\/span>Eine Prise Eleganz dank Naturstein<span class=\"ez-toc-section-end\"><\/span><\/h2>\n<p style=\"text-align: justify;\">Die Vegetation schmeichelt zweifelsohne dem Auge. Faszinierend sind aber meist Landschaften, bei denen alle Elemente des Planeten aufeinandertreffen. Denken Sie an das Zusammenspiel von tosenden Wellen, Palmen und steilen Klippen. W\u00e4hrend einige Komponenten bewegt sind und sich ver\u00e4ndern, ist der Stein starr und best\u00e4ndig. Wenn Sie M\u00f6bel f\u00fcr den Wintergarten aus Marmor integrieren, erfreuen Sie sich jeden Tag an dieser spannenden Melange.<\/p>\n<p><img loading=\"lazy\" decoding=\"async\" class=\"aligncenter wp-image-6953 size-full\" title=\"Mater Marble Disc Table Beistelltisch \/ Couchtisch | Design: Mater\" src=\"https:\/\/www.raum-blick.de\/magazin\/wp-content\/uploads\/2018\/11\/mater-marble-disc-table.jpg\" alt=\"mater-marble-disc-table\" width=\"600\" height=\"500\" srcset=\"https:\/\/raum-blick.de\/magazin\/wp-content\/uploads\/2018\/11\/mater-marble-disc-table.jpg 600w, https:\/\/raum-blick.de\/magazin\/wp-content\/uploads\/2018\/11\/mater-marble-disc-table-300x250.jpg 300w\" sizes=\"(max-width: 600px) 100vw, 600px\" \/><\/p>\n<p style=\"text-align: justify;\">Beim Marble Disc Table von <a href=\"https:\/\/www.raum-blick.de\/mater-design\/\">Marter Design<\/a> steht die aufregende Strukturierung des nat\u00fcrlichen Rohstoffs im Vordergrund. Der Sofatisch macht sich beispielsweise schick in der Loungeecke, wenn Sie den Wintergarten einrichten. Die k\u00fchle Eleganz des Gesteins forciert die Marke ferm Living bei ihrer Designvariante, weil sie einen pulverbeschichteten Metallrahmen erg\u00e4nzt.<\/p>\n<p><a href=\"https:\/\/www.raum-blick.de\/ferm-living-marble-table\"><img loading=\"lazy\" decoding=\"async\" class=\"aligncenter wp-image-6955 size-full\" title=\"ferm Living Marble Table Beistell- \/ Couchtisch | Design: ferm Living\" src=\"https:\/\/www.raum-blick.de\/magazin\/wp-content\/uploads\/2018\/11\/ferm-living-marble-table.jpg\" alt=\"ferm-living-marble-table\" width=\"600\" height=\"500\" srcset=\"https:\/\/raum-blick.de\/magazin\/wp-content\/uploads\/2018\/11\/ferm-living-marble-table.jpg 600w, https:\/\/raum-blick.de\/magazin\/wp-content\/uploads\/2018\/11\/ferm-living-marble-table-300x250.jpg 300w\" sizes=\"(max-width: 600px) 100vw, 600px\" \/><\/a><\/p>\n<p style=\"text-align: justify;\">Diese Wintergartenm\u00f6bel empfehlen sich f\u00fcr die Verwendung als Blumenhocker. Da Exemplare in unterschiedlichen H\u00f6hen angeboten werden, ist ein mehrstufiges Arrangement m\u00f6glich. Die Begr\u00fcnung gewinnt dadurch an Dynamik.<\/p>\n<h2><span class=\"ez-toc-section\" id=\"Rund_ums_Jahr_im_Gruenen_entspannen\"><\/span>Rund ums Jahr im Gr\u00fcnen entspannen<span class=\"ez-toc-section-end\"><\/span><\/h2>\n<p style=\"text-align: justify;\">Die gro\u00dfz\u00fcgigen Fenster im Wintergarten verw\u00f6hnen Sie mit einem Panoramablick auf Ihre Au\u00dfenanlage. Gleichzeitig l\u00e4dt die typische Bauweise dazu ein, die Natur ins Haus zu holen. F\u00fcr diesen Part ist eine fachkundige Beratung empfehlenswert. Denn die Bepflanzung muss nicht nur mit der Lage und dem Klima des Raums harmonieren. Beim Pflanzkonzept ist ebenfalls relevant, wie viel Zeit Sie in die Pflege investieren k\u00f6nnen und wie ausgepr\u00e4gt Ihr gr\u00fcner Daumen ist.<\/p>\n<div id=\"attachment_6950\" style=\"width: 610px\" class=\"wp-caption aligncenter\"><img loading=\"lazy\" decoding=\"async\" aria-describedby=\"caption-attachment-6950\" class=\"wp-image-6950 size-full\" title=\"Rund ums Jahr im Wintergarten entspannen\" src=\"https:\/\/www.raum-blick.de\/magazin\/wp-content\/uploads\/2018\/11\/Rund-ums-Jahr-im-Wintergarten-entspannen.jpg\" alt=\"Rund ums Jahr im Wintergarten entspannen\" width=\"600\" height=\"383\" srcset=\"https:\/\/raum-blick.de\/magazin\/wp-content\/uploads\/2018\/11\/Rund-ums-Jahr-im-Wintergarten-entspannen.jpg 600w, https:\/\/raum-blick.de\/magazin\/wp-content\/uploads\/2018\/11\/Rund-ums-Jahr-im-Wintergarten-entspannen-300x192.jpg 300w\" sizes=\"(max-width: 600px) 100vw, 600px\" \/><p id=\"caption-attachment-6950\" class=\"wp-caption-text\">\u00a9 Klaus Rose \/ Fotolia.com<\/p><\/div>\n<p style=\"text-align: justify;\">Edel wirken Orchideen, die aber etwas Talent bei der Pflanzenzucht einfordern. Wenig Zuwendung ben\u00f6tigen Agaven, Kakteen und Zimmerpalmen, mit denen das Urlaubsflair am Mittelmeer in die Wohnung einzieht. Fern\u00f6stlich akzentuieren Bambusgew\u00e4chse und Palmfarne das Flair, die ebenfalls pflegeleicht sind. F\u00fcr den stimmigen Gesamteindruck ist es wichtig, dass die Wintergartenm\u00f6bel zum klassischen, mediterranen oder asiatischen Touch der Gew\u00e4chse passen.<\/p>\n<h2><span class=\"ez-toc-section\" id=\"Praktisches_Pflanzzubehoer_und_lebensbejahende_Deko\"><\/span>Praktisches Pflanzzubeh\u00f6r und lebensbejahende Deko<span class=\"ez-toc-section-end\"><\/span><\/h2>\n<p style=\"text-align: justify;\">Wer nicht zu den Hobbyg\u00e4rtnern z\u00e4hlt, beschr\u00e4nkt sich auf ein \u00fcberschaubares Pflanzenportfolio. Das Ganze erscheint deutlich f\u00fclliger, wenn beim Einrichten m\u00f6glichst viele Ebenen erschlossen werden. W\u00e4hlen Sie hochwertige Blument\u00f6pfe f\u00fcr die bl\u00fchenden Highlights aus, die Sie effektvoll auf Hockern platzieren. Mit ihrer diskreten Eleganz \u00fcberzeugen beispielsweise die wei\u00dfen Keramikwaren der Kollektion Hammershoi von <a href=\"https:\/\/www.raum-blick.de\/kaehler-design\/\">K\u00e4hler Design<\/a>.<\/p>\n<p><img loading=\"lazy\" decoding=\"async\" class=\"aligncenter wp-image-6935 size-full\" title=\"Pflanztopf Rig-Tig GROW-IT by stelton | Design: Christian Bj\u00f8rn\" src=\"https:\/\/www.raum-blick.de\/magazin\/wp-content\/uploads\/2018\/11\/rig-tig-grow-it-pflanztopf.jpg\" alt=\"rig-tig-grow-it-pflanztopf\" width=\"600\" height=\"600\" srcset=\"https:\/\/raum-blick.de\/magazin\/wp-content\/uploads\/2018\/11\/rig-tig-grow-it-pflanztopf.jpg 600w, https:\/\/raum-blick.de\/magazin\/wp-content\/uploads\/2018\/11\/rig-tig-grow-it-pflanztopf-150x150.jpg 150w, https:\/\/raum-blick.de\/magazin\/wp-content\/uploads\/2018\/11\/rig-tig-grow-it-pflanztopf-300x300.jpg 300w\" sizes=\"(max-width: 600px) 100vw, 600px\" \/><\/p>\n<p style=\"text-align: justify;\">Der unkonventionelle Kr\u00e4utertopf GROW-IT von RIG-TIG by Stelton erm\u00f6glicht es, einige Rankpflanzen an der Wand zu drapieren oder von der Decke herabzulassen. Das Ambiente erscheint dadurch lebhafter, wenn Sie den Wintergarten einrichten. Gesellen sich w\u00e4hrend der kalten Jahreszeit diverse Au\u00dfenpflanzen f\u00fcrs \u00dcberwintern hinzu, wirkt das Setting mit wenig Pflegeaufwand \u00fcppig begr\u00fcnt. Farbstarke und florale Designideen sind ein fabelhaftes Stilmittel, um die lebendigen Eindr\u00fccke zu verst\u00e4rken.<\/p>\n<p><a href=\"https:\/\/www.raum-blick.de\/pappelina-honey-outdoor-teppich\"><img loading=\"lazy\" decoding=\"async\" class=\"aligncenter wp-image-6938 size-full\" title=\"Pappelina Honey Outdoor Teppich aus hochwertigem Kunststoff | Design: Lina Rickardsson\" src=\"https:\/\/www.raum-blick.de\/magazin\/wp-content\/uploads\/2018\/11\/pappelina-honey-outdoor-teppich.jpg\" alt=\"pappelina-honey-outdoor-teppich\" width=\"600\" height=\"585\" srcset=\"https:\/\/raum-blick.de\/magazin\/wp-content\/uploads\/2018\/11\/pappelina-honey-outdoor-teppich.jpg 600w, https:\/\/raum-blick.de\/magazin\/wp-content\/uploads\/2018\/11\/pappelina-honey-outdoor-teppich-300x293.jpg 300w\" sizes=\"(max-width: 600px) 100vw, 600px\" \/><\/a><\/p>\n<p style=\"text-align: justify;\">Die <a href=\"https:\/\/www.raum-blick.de\/pappelina\/\">Outdoor-Teppiche von Pappelina<\/a> sind in zahlreichen Naturt\u00f6nen und kr\u00e4ftigen Nuancen erh\u00e4ltlich. Expressive Blumenmuster greift die Marke ebenso auf wie dezente Dessins, die Assoziationen mit Honigwaben zulassen. So vorteilhaft wie die \u00c4sthetik ist die Funktionalit\u00e4t der Dekorationsartikel, die bemerkenswert strapazierf\u00e4hig sind. Das ist sinnvoll, wenn der Wintergarten an die Terrasse angrenzt und im Sommer zum Durchgangszimmer wird.<\/p>\n<h2><span class=\"ez-toc-section\" id=\"Lieblingsplaetze_fuer_kulinarische_und_relaxte_Momente\"><\/span>Lieblingspl\u00e4tze f\u00fcr kulinarische und relaxte Momente<span class=\"ez-toc-section-end\"><\/span><\/h2>\n<p style=\"text-align: justify;\">Wenn drau\u00dfen Regen und frostige Temperaturen das Klima beherrschen, gleicht jede Stunde im Wintergarten einem Kurzurlaub im sonnigen S\u00fcden. Da geteilte Freude doppelt so sch\u00f6n ist, organisieren Sie f\u00fcr Freunde einen Sonntagsbrunch. Bei diesen Gelegenheiten bew\u00e4hren sich Wintergartenm\u00f6bel f\u00fcr die gesellige Runde.<\/p>\n<p><a href=\"https:\/\/www.raum-blick.de\/fast-forest-sessel\"><img loading=\"lazy\" decoding=\"async\" class=\"aligncenter wp-image-6942 size-full\" title=\"fast FOREST Sessel aus Aluminium | Made in Italy\" src=\"https:\/\/www.raum-blick.de\/magazin\/wp-content\/uploads\/2018\/11\/fast-forest-sessel.jpg\" alt=\"fast-forest-sessel\" width=\"600\" height=\"600\" srcset=\"https:\/\/raum-blick.de\/magazin\/wp-content\/uploads\/2018\/11\/fast-forest-sessel.jpg 600w, https:\/\/raum-blick.de\/magazin\/wp-content\/uploads\/2018\/11\/fast-forest-sessel-150x150.jpg 150w, https:\/\/raum-blick.de\/magazin\/wp-content\/uploads\/2018\/11\/fast-forest-sessel-300x300.jpg 300w\" sizes=\"(max-width: 600px) 100vw, 600px\" \/><\/a><\/p>\n<p style=\"text-align: justify;\">Kombinieren Sie beim Einrichten einen naturbelassenen Teaktisch mit den <a href=\"https:\/\/www.raum-blick.de\/fast\/\">ausgefallenen Sesseln von fast outdoor lifestyle<\/a>. Die St\u00fchle aus Aluminium erfreuen mit ihrem Mix aus modernem Design und abstrakten Naturbez\u00fcgen. Nach einem herausfordernden Tag ist die gr\u00fcne Oase daheim der Lichtblick.<\/p>\n<p><img loading=\"lazy\" decoding=\"async\" class=\"aligncenter wp-image-6945 size-full\" title=\"Fatboy Tsjonge: Sitzsack, Couch oder Sessel | Design: Fatboy\" src=\"https:\/\/www.raum-blick.de\/magazin\/wp-content\/uploads\/2018\/11\/fatboy-tsjonge-sitzsack.jpg\" alt=\"fatboy-tsjonge-sitzsack\" width=\"600\" height=\"500\" srcset=\"https:\/\/raum-blick.de\/magazin\/wp-content\/uploads\/2018\/11\/fatboy-tsjonge-sitzsack.jpg 600w, https:\/\/raum-blick.de\/magazin\/wp-content\/uploads\/2018\/11\/fatboy-tsjonge-sitzsack-300x250.jpg 300w\" sizes=\"(max-width: 600px) 100vw, 600px\" \/><\/p>\n<p style=\"text-align: justify;\">Dort bieten sich die bequemen Sitzs\u00e4cke der Kollektion Tsjonge von Fatboy f\u00fcr eine entspannte Auszeit an. Auf dem Couchtisch platzieren Sie f\u00fcr den romantischen Feierabend einen Rotwein. Mit dem Radio w\u00e4hlen Sie gezielt einen Sender aus, der die Ohren mit spanischen Rhythmen verw\u00f6hnt. Am Wochenende werden die vielseitigen Loungesessel flink in ein bequemes Sofa verwandelt. Schon bieten sich die M\u00f6bel f\u00fcr eine regenerierende Fantasiereise an.<\/p>\n<p><img loading=\"lazy\" decoding=\"async\" class=\"aligncenter wp-image-6947 size-full\" title=\"Sonoro Relax: Radio inkl. Entspannungs- und Meditatiosinhalten | Design: sonoro, 2017\" src=\"https:\/\/www.raum-blick.de\/magazin\/wp-content\/uploads\/2018\/11\/sonoro-relax.jpg\" alt=\"sonoro-relax\" width=\"600\" height=\"600\" srcset=\"https:\/\/raum-blick.de\/magazin\/wp-content\/uploads\/2018\/11\/sonoro-relax.jpg 600w, https:\/\/raum-blick.de\/magazin\/wp-content\/uploads\/2018\/11\/sonoro-relax-150x150.jpg 150w, https:\/\/raum-blick.de\/magazin\/wp-content\/uploads\/2018\/11\/sonoro-relax-300x300.jpg 300w\" sizes=\"(max-width: 600px) 100vw, 600px\" \/><\/p>\n<p style=\"text-align: justify;\">Daf\u00fcr gen\u00fcgt ein Knopfdruck, denn bei Ihrem kompakten Klangwunder von <a href=\"https:\/\/www.raum-blick.de\/sonoro\/\">sonoro<\/a> z\u00e4hlen die meditativen Kompositionen ebenso zu den integrierten Zusatzfunktionen wie wohltuende Naturkl\u00e4nge.<\/p>\n","protected":false},"excerpt":{"rendered":"<p>\u00abSch\u00f6ne Gartenaussichten in stilvollem Ambiente!\u00bb Das legere Dinner, die Pause mit Ausblick, meditative Entspannung: Der Wintergarten ist f\u00fcr die verschiedensten Aktivit\u00e4ten der bevorzugte Ort. Die Multifunktionalit\u00e4t spricht nicht nur f\u00fcr eine vielseitige M\u00f6blierung. Erstrebenswert ist eine Raumgestaltung mit eindrucksvollen Kontrasten, die gleichzeitig bes\u00e4nftigend wirkt. Naturbelassenes Holz f\u00fcr den behaglichen Aspekt Im Au\u00dfenbereich entdecken Sie nicht [&hellip;]<\/p>\n","protected":false},"author":4,"featured_media":6964,"comment_status":"closed","ping_status":"open","sticky":false,"template":"","format":"standard","meta":{"_et_pb_use_builder":"","_et_pb_old_content":"","_et_gb_content_width":"","inline_featured_image":false,"footnotes":""},"categories":[1],"tags":[159,449,705,40,206,703,31,32,704,553,327,133,68,19,127,41,64,55,343,448],"class_list":["post-6929","post","type-post","status-publish","format-standard","has-post-thumbnail","hentry","category-drinnen","tag-beistelltische","tag-einrichtungsideen","tag-fast","tag-fatboy","tag-ferm-living","tag-mater","tag-outdoor-teppiche","tag-pappelina","tag-pflanztoepfe","tag-radio","tag-sessel","tag-side-by-side","tag-sitzsaecke","tag-skagerak","tag-sonoro","tag-stelton","tag-stuehle","tag-tische","tag-weinlicht","tag-wintergarten"],"_links":{"self":[{"href":"https:\/\/raum-blick.de\/magazin\/wp-json\/wp\/v2\/posts\/6929","targetHints":{"allow":["GET"]}}],"collection":[{"href":"https:\/\/raum-blick.de\/magazin\/wp-json\/wp\/v2\/posts"}],"about":[{"href":"https:\/\/raum-blick.de\/magazin\/wp-json\/wp\/v2\/types\/post"}],"author":[{"embeddable":true,"href":"https:\/\/raum-blick.de\/magazin\/wp-json\/wp\/v2\/users\/4"}],"replies":[{"embeddable":true,"href":"https:\/\/raum-blick.de\/magazin\/wp-json\/wp\/v2\/comments?post=6929"}],"version-history":[{"count":29,"href":"https:\/\/raum-blick.de\/magazin\/wp-json\/wp\/v2\/posts\/6929\/revisions"}],"predecessor-version":[{"id":16267,"href":"https:\/\/raum-blick.de\/magazin\/wp-json\/wp\/v2\/posts\/6929\/revisions\/16267"}],"wp:featuredmedia":[{"embeddable":true,"href":"https:\/\/raum-blick.de\/magazin\/wp-json\/wp\/v2\/media\/6964"}],"wp:attachment":[{"href":"https:\/\/raum-blick.de\/magazin\/wp-json\/wp\/v2\/media?parent=6929"}],"wp:term":[{"taxonomy":"category","embeddable":true,"href":"https:\/\/raum-blick.de\/magazin\/wp-json\/wp\/v2\/categories?post=6929"},{"taxonomy":"post_tag","embeddable":true,"href":"https:\/\/raum-blick.de\/magazin\/wp-json\/wp\/v2\/tags?post=6929"}],"curies":[{"name":"wp","href":"https:\/\/api.w.org\/{rel}","templated":true}]}}