{"id":6861,"date":"2018-10-12T15:16:37","date_gmt":"2018-10-12T13:16:37","guid":{"rendered":"https:\/\/www.raum-blick.de\/magazin\/?p=6861"},"modified":"2021-11-16T09:03:40","modified_gmt":"2021-11-16T08:03:40","slug":"kamin-accessoires","status":"publish","type":"post","link":"https:\/\/raum-blick.de\/magazin\/kamin-accessoires\/","title":{"rendered":"Kamin-Accessoires"},"content":{"rendered":"<h2><span class=\"ez-toc-section\" id=\"%C2%AB_Fuer_entspannte_Herbst-_und_Winterabende_am_Kamin_%C2%BB\"><\/span>\u00ab F\u00fcr entspannte Herbst- und Winterabende am Kamin \u00bb<span class=\"ez-toc-section-end\"><\/span><\/h2>\n<p style=\"text-align: justify;\"><strong>Drau\u00dfen tobt der Wind und prasselt der Regen. Doch das unwirtliche Herbstwetter sorgt bei Ihnen f\u00fcr gute Laune. Denn es sch\u00fcrt die Behaglichkeit eines Feierabends vor dem Kaminofen. Wer die ruhigen Momente in der k\u00fchlen Jahreszeit auskosten m\u00f6chte, setzt auf hochwertiges Kaminzubeh\u00f6r. Damit gehen nicht nur die Vorbereitungen schnell von der Hand. Die formsch\u00f6nen Accessoires bereichern die wohnliche Dekoration im Herbst und Winter. <\/strong><\/p>\n<h2><span class=\"ez-toc-section\" id=\"Das_Praktische_mit_der_Dekoration_verknuepfen\"><\/span>Das Praktische mit der Dekoration verkn\u00fcpfen<span class=\"ez-toc-section-end\"><\/span><\/h2>\n<p style=\"text-align: justify;\">Leicht durchn\u00e4sst erreichen Sie nach einem anstrengenden Arbeitstag die eigenen vier W\u00e4nde. Sofort kommt der Gedanke auf, den Kamin anzuz\u00fcnden. Gleich darauf wird die Idee verworfen. Denn das gediegene Intermezzo zwingt Sie nochmals vor die T\u00fcr, um Holzscheite zu organisieren. Weitere G\u00e4nge durchs Haus schlie\u00dfen sich an, bis alle ben\u00f6tigten Utensilien parat sind. Derartige Abw\u00e4gungen erledigen sich, wenn Sie praktische Kamin-Accessoires ins Spiel bringen.<\/p><div id=\"ez-toc-container\" class=\"ez-toc-v2_0_82_2 counter-hierarchy ez-toc-counter ez-toc-grey ez-toc-container-direction\">\n<div class=\"ez-toc-title-container\">\n<p class=\"ez-toc-title\" style=\"cursor:inherit\">Was hier auf Sie wartet<\/p>\n<span class=\"ez-toc-title-toggle\"><a href=\"#\" class=\"ez-toc-pull-right ez-toc-btn ez-toc-btn-xs ez-toc-btn-default ez-toc-toggle\" aria-label=\"Toggle Table of Content\"><span class=\"ez-toc-js-icon-con\"><span class=\"\"><span class=\"eztoc-hide\" style=\"display:none;\">Toggle<\/span><span class=\"ez-toc-icon-toggle-span\"><svg style=\"fill: #999;color:#999\" xmlns=\"http:\/\/www.w3.org\/2000\/svg\" class=\"list-377408\" width=\"20px\" height=\"20px\" viewBox=\"0 0 24 24\" fill=\"none\"><path d=\"M6 6H4v2h2V6zm14 0H8v2h12V6zM4 11h2v2H4v-2zm16 0H8v2h12v-2zM4 16h2v2H4v-2zm16 0H8v2h12v-2z\" fill=\"currentColor\"><\/path><\/svg><svg style=\"fill: #999;color:#999\" class=\"arrow-unsorted-368013\" xmlns=\"http:\/\/www.w3.org\/2000\/svg\" width=\"10px\" height=\"10px\" viewBox=\"0 0 24 24\" version=\"1.2\" baseProfile=\"tiny\"><path d=\"M18.2 9.3l-6.2-6.3-6.2 6.3c-.2.2-.3.4-.3.7s.1.5.3.7c.2.2.4.3.7.3h11c.3 0 .5-.1.7-.3.2-.2.3-.5.3-.7s-.1-.5-.3-.7zM5.8 14.7l6.2 6.3 6.2-6.3c.2-.2.3-.5.3-.7s-.1-.5-.3-.7c-.2-.2-.4-.3-.7-.3h-11c-.3 0-.5.1-.7.3-.2.2-.3.5-.3.7s.1.5.3.7z\"\/><\/svg><\/span><\/span><\/span><\/a><\/span><\/div>\n<nav><ul class='ez-toc-list ez-toc-list-level-1 ' ><li class='ez-toc-page-1 ez-toc-heading-level-2'><a class=\"ez-toc-link ez-toc-heading-1\" href=\"https:\/\/raum-blick.de\/magazin\/kamin-accessoires\/#%C2%AB_Fuer_entspannte_Herbst-_und_Winterabende_am_Kamin_%C2%BB\" >\u00ab F\u00fcr entspannte Herbst- und Winterabende am Kamin \u00bb<\/a><\/li><li class='ez-toc-page-1 ez-toc-heading-level-2'><a class=\"ez-toc-link ez-toc-heading-2\" href=\"https:\/\/raum-blick.de\/magazin\/kamin-accessoires\/#Das_Praktische_mit_der_Dekoration_verknuepfen\" >Das Praktische mit der Dekoration verkn\u00fcpfen<\/a><\/li><li class='ez-toc-page-1 ez-toc-heading-level-2'><a class=\"ez-toc-link ez-toc-heading-3\" href=\"https:\/\/raum-blick.de\/magazin\/kamin-accessoires\/#Vielseitige_Designideen_fuer_drinnen_und_draussen\" >Vielseitige Designideen f\u00fcr drinnen und drau\u00dfen<\/a><\/li><li class='ez-toc-page-1 ez-toc-heading-level-2'><a class=\"ez-toc-link ez-toc-heading-4\" href=\"https:\/\/raum-blick.de\/magazin\/kamin-accessoires\/#Zuegig_und_sicher_den_Ofen_anfeuern\" >Z\u00fcgig und sicher den Ofen anfeuern<\/a><\/li><li class='ez-toc-page-1 ez-toc-heading-level-2'><a class=\"ez-toc-link ez-toc-heading-5\" href=\"https:\/\/raum-blick.de\/magazin\/kamin-accessoires\/#Tipps_fuer_sinnliche_Kaminabende\" >Tipps f\u00fcr sinnliche Kaminabende<\/a><\/li><\/ul><\/nav><\/div>\n\n<p><a href=\"https:\/\/www.raum-blick.de\/wooden-tree-wand-kaminholzregal-radius-design\"><img loading=\"lazy\" decoding=\"async\" class=\"aligncenter wp-image-6874 size-full\" title=\"radius Wooden Tree | Kaminholzregal f\u00fcr die Wand | Design: Michael R\u00f6sing\" src=\"https:\/\/www.raum-blick.de\/magazin\/wp-content\/uploads\/2018\/11\/wooden-tree-wand-kaminholzregal-radius-design.jpg\" alt=\"wooden-tree-wand-kaminholzregal-radius-design\" width=\"600\" height=\"600\" srcset=\"https:\/\/raum-blick.de\/magazin\/wp-content\/uploads\/2018\/11\/wooden-tree-wand-kaminholzregal-radius-design.jpg 600w, https:\/\/raum-blick.de\/magazin\/wp-content\/uploads\/2018\/11\/wooden-tree-wand-kaminholzregal-radius-design-150x150.jpg 150w, https:\/\/raum-blick.de\/magazin\/wp-content\/uploads\/2018\/11\/wooden-tree-wand-kaminholzregal-radius-design-300x300.jpg 300w\" sizes=\"(max-width: 600px) 100vw, 600px\" \/><\/a><\/p>\n<p style=\"text-align: justify;\">Die Lagerung des Brennmaterials im Wohnzimmer ebnet nicht nur den spontanen Genussmomenten den Weg. Das rustikale Holz befl\u00fcgelt die Atmosph\u00e4re. Michael R\u00f6sing setzt deshalb auf die pure Inszenierung des nat\u00fcrlichen Rohstoffs. Er entwarf f\u00fcr das eigene Unternehmen <a href=\"https:\/\/www.raum-blick.de\/radius-design\/\">radius design<\/a> das <a href=\"https:\/\/www.raum-blick.de\/wooden-tree-wand-kaminholzregal-radius-design\">Kaminzubeh\u00f6r Wooden Tree<\/a>, das sich nicht nur platzsparend an die Wand schmiegt. Das Regal aus Stahl ist selbst beinahe unsichtbar, sobald es best\u00fcckt wird. Das Brennholz scheint frei im Raum zu schweben, wodurch der Vorrat zur unkonventionellen Dekoration avanciert.<\/p>\n<p><a href=\"https:\/\/www.raum-blick.de\/kaminholzkorb-hey-sign\"><img loading=\"lazy\" decoding=\"async\" class=\"aligncenter wp-image-6871 size-full\" title=\"Kaminholzkorb von HEY-SIGN | Material: Filz | Filzst\u00e4rke: 5 mm | Design: Bernadette Ehmann\" src=\"https:\/\/www.raum-blick.de\/magazin\/wp-content\/uploads\/2018\/11\/kaminholzkorb-hey-sign.jpg\" alt=\"kaminholzkorb-hey-sign\" width=\"600\" height=\"600\" srcset=\"https:\/\/raum-blick.de\/magazin\/wp-content\/uploads\/2018\/11\/kaminholzkorb-hey-sign.jpg 600w, https:\/\/raum-blick.de\/magazin\/wp-content\/uploads\/2018\/11\/kaminholzkorb-hey-sign-150x150.jpg 150w, https:\/\/raum-blick.de\/magazin\/wp-content\/uploads\/2018\/11\/kaminholzkorb-hey-sign-300x300.jpg 300w\" sizes=\"(max-width: 600px) 100vw, 600px\" \/><\/a><\/p>\n<p style=\"text-align: justify;\">Bernadette Ehmann entwickelte f\u00fcr <a href=\"https:\/\/www.raum-blick.de\/hey-sign\/\">HEY-SIGN<\/a> ebenfalls attraktives Kaminzubeh\u00f6r. Ihre K\u00f6rbe sind nicht nur ideal, um die Verbrauchsmaterialien ansprechend zu lagern. Sie eignen sich zudem f\u00fcr die Aufbewahrung von Zeitschriften, Spielzeug oder Handarbeitswaren. Der anheimelnde Filz taucht dadurch an verschiedenen Orten auf und zieht sich wie ein roter Faden durch die Raumgestaltung.<\/p>\n<blockquote>\n<p style=\"text-align: justify;\">Ein kr\u00e4ftiger Henkel rundet das Design ab, damit Sie keine weiteren Accessoires f\u00fcr den Transport ben\u00f6tigen.<\/p>\n<\/blockquote>\n<h2><span class=\"ez-toc-section\" id=\"Vielseitige_Designideen_fuer_drinnen_und_draussen\"><\/span>Vielseitige Designideen f\u00fcr drinnen und drau\u00dfen<span class=\"ez-toc-section-end\"><\/span><\/h2>\n<p style=\"text-align: justify;\">Es liegt im Trend, sich bei der Ausstattung der Wohnung und des Gartens auf wenige multifunktionale Accessoires zu beschr\u00e4nken. Das spart nicht nur Platz und Ressourcen. Das Flair erscheint luftiger und harmonischer.<\/p>\n<p><a href=\"https:\/\/www.raum-blick.de\/kaminholzwagen-radius-design\"><img loading=\"lazy\" decoding=\"async\" class=\"aligncenter wp-image-6879 size-full\" title=\"Kaminholzwagen von radius design | Design: Michael R\u00f6sing, Michael Schuster\" src=\"https:\/\/www.raum-blick.de\/magazin\/wp-content\/uploads\/2018\/11\/kaminholzwagen-radius-design.jpg\" alt=\"kaminholzwagen-radius-design\" width=\"600\" height=\"600\" srcset=\"https:\/\/raum-blick.de\/magazin\/wp-content\/uploads\/2018\/11\/kaminholzwagen-radius-design.jpg 600w, https:\/\/raum-blick.de\/magazin\/wp-content\/uploads\/2018\/11\/kaminholzwagen-radius-design-150x150.jpg 150w, https:\/\/raum-blick.de\/magazin\/wp-content\/uploads\/2018\/11\/kaminholzwagen-radius-design-300x300.jpg 300w\" sizes=\"(max-width: 600px) 100vw, 600px\" \/><\/a><\/p>\n<p style=\"text-align: justify;\">Dazu passt der <a href=\"https:\/\/www.raum-blick.de\/kaminholzwagen-radius-design\">Holzwagen von radius design<\/a> fabelhaft. Seine Vielseitigkeit ergibt sich aus der minimalistischen \u00c4sthetik, die mit den verschiedenen Nutzungsmustern und Wohnstilen harmoniert. Dank der Rollen fahren Sie bequem zum Lagerplatz. Mit dem Holzvorrat kehren Sie zur\u00fcck, der in der rechteckigen Stahlbox bleibt. Optionales Zubeh\u00f6r verwandelt den Holzwagen in einen Stehtisch. Damit l\u00e4sst sich im Au\u00dfenbereich ein Treffpunkt neben der Feuerschale er\u00f6ffnen. In den k\u00fchlen Monaten zieht das Multitalent in die Wohnung ein und verkn\u00fcpft die Holzaufbewahrung mit einer bequemen Sitzbank vorm Kaminfeuer.<\/p>\n<p><img loading=\"lazy\" decoding=\"async\" class=\"aligncenter wp-image-6881 size-full\" title=\"Korbo Bottom Plate | Bodenplatte f\u00fcr die Drahtk\u00f6rbe | Design: Korbo\" src=\"https:\/\/www.raum-blick.de\/magazin\/wp-content\/uploads\/2018\/11\/bottom-plate-korbo.jpg\" alt=\"bottom-plate-korbo\" width=\"600\" height=\"600\" srcset=\"https:\/\/raum-blick.de\/magazin\/wp-content\/uploads\/2018\/11\/bottom-plate-korbo.jpg 600w, https:\/\/raum-blick.de\/magazin\/wp-content\/uploads\/2018\/11\/bottom-plate-korbo-150x150.jpg 150w, https:\/\/raum-blick.de\/magazin\/wp-content\/uploads\/2018\/11\/bottom-plate-korbo-300x300.jpg 300w\" sizes=\"(max-width: 600px) 100vw, 600px\" \/><\/p>\n<p style=\"text-align: justify;\">Die robusten Drahtk\u00f6rbe von Korbo sind ebenfalls f\u00fcr den Garten geeignet. In Kombination mit der passenden Bodenplatte werden sie zum vielseitigen Stauraum. Pflanzs\u00e4cke erm\u00f6glichen die Verwendung als Blumenk\u00fcbel. Platzieren Sie die Puristen aus rostfreiem Stahl im Sommer auf der Terrasse, um Gartenutensilien ordentlich aufzubewahren und frostempfindliche Gew\u00e4chse wie Zypressen einzupflanzen.<\/p>\n<blockquote>\n<p style=\"text-align: justify;\">In der Winterzeit verwenden Sie ein Exemplar als Holzkorb f\u00fcr den Kamin. Das Blumengef\u00e4\u00df platzieren Sie daneben.<\/p>\n<\/blockquote>\n<p style=\"text-align: justify;\">So freuen Sie sich nicht nur \u00fcber ein stimmiges Ensemble in der Wohnung. Sie verbinden das \u00dcberwintern der sensiblen Pflanzen mit der gr\u00fcnen Deko im Innenraum.<\/p>\n<h2><span class=\"ez-toc-section\" id=\"Zuegig_und_sicher_den_Ofen_anfeuern\"><\/span>Z\u00fcgig und sicher den Ofen anfeuern<span class=\"ez-toc-section-end\"><\/span><\/h2>\n<p style=\"text-align: justify;\">Flink greifen Sie zu Schaufel und Besen, um die Asche vom Vortag zu entfernen. Gleich darauf werden versiert die Scheite drapiert. Nach dem Anz\u00fcnden kommt gelegentlich der Sch\u00fcrhaken zum Einsatz. Ansonsten beobachten Sie entspannt die auflodernden Flammen und genie\u00dfen das behagliche Ambiente. Wer sich einen derart reibungslosen Verlauf w\u00fcnscht, ben\u00f6tigt ein fachkundig konzipiertes Kaminbesteck. Conmoto bietet zwei Varianten an, die funktional durchdacht und schick sind.<\/p>\n<p><a href=\"https:\/\/www.raum-blick.de\/sino-kaminbesteck-conmoto\"><img loading=\"lazy\" decoding=\"async\" class=\"aligncenter wp-image-6887 size-full\" title=\"conmoto SINO Kaminbesteck | 5-teilig | Design: Sebastian David B\u00fcscher\" src=\"https:\/\/www.raum-blick.de\/magazin\/wp-content\/uploads\/2018\/11\/sino-kaminbesteck-conmoto.jpg\" alt=\"sino-kaminbesteck-conmoto\" width=\"600\" height=\"570\" srcset=\"https:\/\/raum-blick.de\/magazin\/wp-content\/uploads\/2018\/11\/sino-kaminbesteck-conmoto.jpg 600w, https:\/\/raum-blick.de\/magazin\/wp-content\/uploads\/2018\/11\/sino-kaminbesteck-conmoto-300x285.jpg 300w\" sizes=\"(max-width: 600px) 100vw, 600px\" \/><\/a><\/p>\n<p style=\"text-align: justify;\">Beim <a href=\"https:\/\/www.raum-blick.de\/sino-kaminbesteck-conmoto\">Kaminzubeh\u00f6r Sino von Conmoto<\/a> ruhen die Utensilien aus Edelstahl auf einem runden St\u00e4nder. Das ist f\u00fcr die freie Platzierung vor dem Kaminofen ideal. Wenn Sie die Kamin-Accessoires etwas diskreter nahe der Wand arrangieren m\u00f6chten, ist das rechteckige Modell Teras vorteilhaft.<\/p>\n<p><a href=\"https:\/\/www.raum-blick.de\/teras-kaminbesteck-conmoto\"><img loading=\"lazy\" decoding=\"async\" class=\"aligncenter wp-image-6889 size-full\" title=\"conmoto Teras Kaminbesteck | Design: Sebastian David B\u00fcscher\" src=\"https:\/\/www.raum-blick.de\/magazin\/wp-content\/uploads\/2018\/11\/teras-kaminbesteck-conmoto.jpg\" alt=\"teras-kaminbesteck-conmoto\" width=\"600\" height=\"555\" srcset=\"https:\/\/raum-blick.de\/magazin\/wp-content\/uploads\/2018\/11\/teras-kaminbesteck-conmoto.jpg 600w, https:\/\/raum-blick.de\/magazin\/wp-content\/uploads\/2018\/11\/teras-kaminbesteck-conmoto-300x278.jpg 300w\" sizes=\"(max-width: 600px) 100vw, 600px\" \/><\/a><\/p>\n<p style=\"text-align: justify;\">Beim offenen Kamin l\u00e4sst es sich nicht immer vermeiden, dass gl\u00fchende Partikel entweichen. Der Gedanke daran steht der vollkommenen Entspannung im Wege. Mit einem Funkenschutz d\u00fcrfen Sie sich bedenkenlos zur\u00fccklehnen.<\/p>\n<p><a href=\"https:\/\/www.raum-blick.de\/mentas-glas-funkenschutz-conmoto\"><img loading=\"lazy\" decoding=\"async\" class=\"aligncenter wp-image-6867 size-full\" title=\"Glas-Funkenschutz MENTAS von conmoto | Material: 6 mm starkes gebogenes und geh\u00e4rtetes Kristall\" src=\"https:\/\/www.raum-blick.de\/magazin\/wp-content\/uploads\/2018\/11\/conmoto-mentas-glas-funkenschutz.jpg\" alt=\"conmoto-mentas-glas-funkenschutz\" width=\"600\" height=\"600\" srcset=\"https:\/\/raum-blick.de\/magazin\/wp-content\/uploads\/2018\/11\/conmoto-mentas-glas-funkenschutz.jpg 600w, https:\/\/raum-blick.de\/magazin\/wp-content\/uploads\/2018\/11\/conmoto-mentas-glas-funkenschutz-150x150.jpg 150w, https:\/\/raum-blick.de\/magazin\/wp-content\/uploads\/2018\/11\/conmoto-mentas-glas-funkenschutz-300x300.jpg 300w\" sizes=\"(max-width: 600px) 100vw, 600px\" \/><\/a><\/p>\n<p style=\"text-align: justify;\">Bewusst entscheidet sich <a href=\"https:\/\/www.raum-blick.de\/conmoto\/\">conmoto<\/a> beim Kaminzubeh\u00f6r Mentas f\u00fcr geh\u00e4rtetes Kristall. Es ist f\u00fcr die Hitze gewappnet und schr\u00e4nkt die Freude am aufregenden Flammenspiel nicht ein. F\u00fcr die Sicherheit ist es au\u00dferdem sinnvoll, beim Anz\u00fcnden lange Kamin-Accessoires zu verwenden.<\/p>\n<p><img loading=\"lazy\" decoding=\"async\" class=\"aligncenter wp-image-6884 size-full\" title=\"Carl Mertens Stabfeuerzeug &quot;Aggio Premium&quot; mit Kindersicherung und regulierbarer Flamme\" src=\"https:\/\/www.raum-blick.de\/magazin\/wp-content\/uploads\/2018\/11\/carl-mertens-stabfeuerzeug-aggio-premium.jpg\" alt=\"carl-mertens-stabfeuerzeug-aggio-premium\" width=\"600\" height=\"370\" srcset=\"https:\/\/raum-blick.de\/magazin\/wp-content\/uploads\/2018\/11\/carl-mertens-stabfeuerzeug-aggio-premium.jpg 600w, https:\/\/raum-blick.de\/magazin\/wp-content\/uploads\/2018\/11\/carl-mertens-stabfeuerzeug-aggio-premium-300x185.jpg 300w\" sizes=\"(max-width: 600px) 100vw, 600px\" \/><\/p>\n<p style=\"text-align: justify;\">Das Stabfeuerzeug Aggio Premium von Carl Mertens \u00fcberzeugt nicht nur mit seinem stilvollen Design. Sie k\u00f6nnen es griffbereit hinterlegen, da es mit einer Kindersicherung ausgestattet ist.<\/p>\n<h2><span class=\"ez-toc-section\" id=\"Tipps_fuer_sinnliche_Kaminabende\"><\/span>Tipps f\u00fcr sinnliche Kaminabende<span class=\"ez-toc-section-end\"><\/span><\/h2>\n<p style=\"text-align: justify;\">Wer sich erst k\u00fcrzlich den Traum vom Kaminofen erf\u00fcllt hat, beschr\u00e4nkt sich oftmals auf die gem\u00fctliche Wirkung des Feuers. Der Mehrwert der urigen W\u00e4rmequelle wird dabei \u00fcbersehen. Schalen von Zitrusfr\u00fcchten sind eine hervorragende Anz\u00fcndhilfe und bescheren Ihnen beim Relaxen ein Dufterlebnis.<\/p>\n<div id=\"attachment_6894\" style=\"width: 610px\" class=\"wp-caption aligncenter\"><img loading=\"lazy\" decoding=\"async\" aria-describedby=\"caption-attachment-6894\" class=\"wp-image-6894 size-full\" title=\"Sinnliche Kaminabende mit einem guten Buch\" src=\"https:\/\/www.raum-blick.de\/magazin\/wp-content\/uploads\/2018\/11\/Sinnliche-Kaminabende-mit-einem-guten-Buch.jpg\" alt=\"Sinnliche Kaminabende mit einem guten Buch\" width=\"600\" height=\"373\" srcset=\"https:\/\/raum-blick.de\/magazin\/wp-content\/uploads\/2018\/11\/Sinnliche-Kaminabende-mit-einem-guten-Buch.jpg 600w, https:\/\/raum-blick.de\/magazin\/wp-content\/uploads\/2018\/11\/Sinnliche-Kaminabende-mit-einem-guten-Buch-300x187.jpg 300w\" sizes=\"(max-width: 600px) 100vw, 600px\" \/><p id=\"caption-attachment-6894\" class=\"wp-caption-text\">\u00a9 JenkoAtaman \/ Fotolia.com<\/p><\/div>\n<p style=\"text-align: justify;\">Ein w\u00fcrziger Hauch umgarnt die Nase, wenn Sie auf dem Sims eine feuerfeste Sch\u00fcssel mit Wasser, Nelken und Zimtstangen arrangieren. Feinschmecker organisieren sich im Handwerksbetrieb schmiedeeiserne Pfannen. In den traditionellen Kamin-Accessoires lassen sich ohne gro\u00dfen Aufwand ger\u00f6stete Maronen und Mandeln mit feiner Rauchnote zubereiten. Mit einem vollmundigen Glas Rotwein harmoniert der aromatische Snack wunderbar.<\/p>\n<blockquote>\n<p style=\"text-align: justify;\">Wer sich ganzheitlich verw\u00f6hnen m\u00f6chte, orientiert sich beim Abendprogramm an den Vorfahren: Fragen Sie im Buchhandel nach einem Sammelband mit Kamingeschichten.<\/p>\n<\/blockquote>\n<p style=\"text-align: justify;\">Fesselnde Erz\u00e4hlungen von Edgar Allan Poe, am\u00fcsante Verse von Joachim Ringelnatz oder besinnliche Texte f\u00fcr die Adventszeit: F\u00fcr jeden Geschmack gibt es literarische Werke, denen die Genie\u00dfer schon vor Jahrzehnten beim Leseabend vorm Kamin lauschten. Wenn Sie sich einmal auf das Experiment einlassen, erteilen Sie dem Fernseher gewiss h\u00e4ufiger einen Korb.<\/p>\n","protected":false},"excerpt":{"rendered":"<p>\u00ab F\u00fcr entspannte Herbst- und Winterabende am Kamin \u00bb Drau\u00dfen tobt der Wind und prasselt der Regen. Doch das unwirtliche Herbstwetter sorgt bei Ihnen f\u00fcr gute Laune. Denn es sch\u00fcrt die Behaglichkeit eines Feierabends vor dem Kaminofen. Wer die ruhigen Momente in der k\u00fchlen Jahreszeit auskosten m\u00f6chte, setzt auf hochwertiges Kaminzubeh\u00f6r. Damit gehen nicht nur [&hellip;]<\/p>\n","protected":false},"author":4,"featured_media":6896,"comment_status":"closed","ping_status":"open","sticky":false,"template":"","format":"standard","meta":{"_et_pb_use_builder":"","_et_pb_old_content":"","_et_gb_content_width":"","inline_featured_image":false,"footnotes":""},"categories":[8],"tags":[517,462,65,116,699,698,134,144,697,136,143,135,115,38,700,641],"class_list":["post-6861","post","type-post","status-publish","format-standard","has-post-thumbnail","hentry","category-features","tag-accessoires","tag-carl-mertens","tag-conmoto","tag-drahtkoerbe","tag-funkenschutz","tag-hey-sign","tag-kamin","tag-kaminbesteck","tag-kaminholzkoerbe","tag-kaminholzregale","tag-kaminholzwagen","tag-kaminzubehoer","tag-korbo","tag-radius-design","tag-stabfeuerzeug","tag-zubehoer"],"_links":{"self":[{"href":"https:\/\/raum-blick.de\/magazin\/wp-json\/wp\/v2\/posts\/6861","targetHints":{"allow":["GET"]}}],"collection":[{"href":"https:\/\/raum-blick.de\/magazin\/wp-json\/wp\/v2\/posts"}],"about":[{"href":"https:\/\/raum-blick.de\/magazin\/wp-json\/wp\/v2\/types\/post"}],"author":[{"embeddable":true,"href":"https:\/\/raum-blick.de\/magazin\/wp-json\/wp\/v2\/users\/4"}],"replies":[{"embeddable":true,"href":"https:\/\/raum-blick.de\/magazin\/wp-json\/wp\/v2\/comments?post=6861"}],"version-history":[{"count":27,"href":"https:\/\/raum-blick.de\/magazin\/wp-json\/wp\/v2\/posts\/6861\/revisions"}],"predecessor-version":[{"id":14364,"href":"https:\/\/raum-blick.de\/magazin\/wp-json\/wp\/v2\/posts\/6861\/revisions\/14364"}],"wp:featuredmedia":[{"embeddable":true,"href":"https:\/\/raum-blick.de\/magazin\/wp-json\/wp\/v2\/media\/6896"}],"wp:attachment":[{"href":"https:\/\/raum-blick.de\/magazin\/wp-json\/wp\/v2\/media?parent=6861"}],"wp:term":[{"taxonomy":"category","embeddable":true,"href":"https:\/\/raum-blick.de\/magazin\/wp-json\/wp\/v2\/categories?post=6861"},{"taxonomy":"post_tag","embeddable":true,"href":"https:\/\/raum-blick.de\/magazin\/wp-json\/wp\/v2\/tags?post=6861"}],"curies":[{"name":"wp","href":"https:\/\/api.w.org\/{rel}","templated":true}]}}