{"id":6763,"date":"2018-10-04T09:10:46","date_gmt":"2018-10-04T07:10:46","guid":{"rendered":"https:\/\/www.raum-blick.de\/magazin\/?p=6763"},"modified":"2025-01-07T11:25:55","modified_gmt":"2025-01-07T10:25:55","slug":"keramik-accessoires","status":"publish","type":"post","link":"https:\/\/raum-blick.de\/magazin\/keramik-accessoires\/","title":{"rendered":"Dekorative Keramik-Accessoires: schm\u00fcckende Details f\u00fcr Ihre Wohnung"},"content":{"rendered":"<p style=\"text-align: justify;\"><strong>Arch\u00e4ologische Funde beweisen, dass T\u00f6pferwaren bereits w\u00e4hrend des siebten Jahrtausends vor Christus in Europa eine Rolle spielten. Umso verbl\u00fcffender ist es, wie modern Keramik noch immer ist. Bei Badaccessoires sorgen vorteilhafte Materialeigenschaften f\u00fcr anhaltende Begeisterung. Die Deko f\u00fcr die Wohnwelt profitiert von der Symbiose aus traditioneller Handwerkskunst und zeitgem\u00e4\u00dfem Design. <\/strong><\/p>\n<h2><span class=\"ez-toc-section\" id=\"Keramikkunst_geschichtstraechtig_und_anspruchsvoll\"><\/span>Keramikkunst: geschichtstr\u00e4chtig und anspruchsvoll<span class=\"ez-toc-section-end\"><\/span><\/h2>\n<p style=\"text-align: justify;\">Vor 30.0000 Jahren formten K\u00fcnstler erste Figuren aus Ton. Seither verfeinerte sich sukzessive der Umgang mit Keramik. Experten fassen unter diesem Oberbegriff nichtmetallische Werkstoffe wie Porzellan, Irdengut, Steingut und Steinzeug zusammen. Bei den genannten Varianten weicht nicht nur die Zusammensetzung voneinander ab. Das Ausgangsmaterial wirkt sich auf die Funktionalit\u00e4t des erschaffenen Objekts ebenso aus wie die \u00c4sthetik. Nach dem Brennen kann sich beispielsweise eine grobporige Struktur ergeben, die Fl\u00fcssigkeiten speichert. Das ist bei Duftanh\u00e4ngern w\u00fcnschenswert.<\/p><div id=\"ez-toc-container\" class=\"ez-toc-v2_0_82_2 counter-hierarchy ez-toc-counter ez-toc-grey ez-toc-container-direction\">\n<div class=\"ez-toc-title-container\">\n<p class=\"ez-toc-title\" style=\"cursor:inherit\">Was hier auf Sie wartet<\/p>\n<span class=\"ez-toc-title-toggle\"><a href=\"#\" class=\"ez-toc-pull-right ez-toc-btn ez-toc-btn-xs ez-toc-btn-default ez-toc-toggle\" aria-label=\"Toggle Table of Content\"><span class=\"ez-toc-js-icon-con\"><span class=\"\"><span class=\"eztoc-hide\" style=\"display:none;\">Toggle<\/span><span class=\"ez-toc-icon-toggle-span\"><svg style=\"fill: #999;color:#999\" xmlns=\"http:\/\/www.w3.org\/2000\/svg\" class=\"list-377408\" width=\"20px\" height=\"20px\" viewBox=\"0 0 24 24\" fill=\"none\"><path d=\"M6 6H4v2h2V6zm14 0H8v2h12V6zM4 11h2v2H4v-2zm16 0H8v2h12v-2zM4 16h2v2H4v-2zm16 0H8v2h12v-2z\" fill=\"currentColor\"><\/path><\/svg><svg style=\"fill: #999;color:#999\" class=\"arrow-unsorted-368013\" xmlns=\"http:\/\/www.w3.org\/2000\/svg\" width=\"10px\" height=\"10px\" viewBox=\"0 0 24 24\" version=\"1.2\" baseProfile=\"tiny\"><path d=\"M18.2 9.3l-6.2-6.3-6.2 6.3c-.2.2-.3.4-.3.7s.1.5.3.7c.2.2.4.3.7.3h11c.3 0 .5-.1.7-.3.2-.2.3-.5.3-.7s-.1-.5-.3-.7zM5.8 14.7l6.2 6.3 6.2-6.3c.2-.2.3-.5.3-.7s-.1-.5-.3-.7c-.2-.2-.4-.3-.7-.3h-11c-.3 0-.5.1-.7.3-.2.2-.3.5-.3.7s.1.5.3.7z\"\/><\/svg><\/span><\/span><\/span><\/a><\/span><\/div>\n<nav><ul class='ez-toc-list ez-toc-list-level-1 ' ><li class='ez-toc-page-1 ez-toc-heading-level-2'><a class=\"ez-toc-link ez-toc-heading-1\" href=\"https:\/\/raum-blick.de\/magazin\/keramik-accessoires\/#Keramikkunst_geschichtstraechtig_und_anspruchsvoll\" >Keramikkunst: geschichtstr\u00e4chtig und anspruchsvoll<\/a><\/li><li class='ez-toc-page-1 ez-toc-heading-level-2'><a class=\"ez-toc-link ez-toc-heading-2\" href=\"https:\/\/raum-blick.de\/magazin\/keramik-accessoires\/#Ein_Stueck_daenische_Designgeschichte_fuer_die_moderne_Wohndekoration\" >Ein St\u00fcck d\u00e4nische Designgeschichte f\u00fcr die moderne Wohndekoration<\/a><\/li><li class='ez-toc-page-1 ez-toc-heading-level-2'><a class=\"ez-toc-link ez-toc-heading-3\" href=\"https:\/\/raum-blick.de\/magazin\/keramik-accessoires\/#Pure_Eleganz_fuers_Praktische\" >Pure Eleganz f\u00fcrs Praktische<\/a><\/li><li class='ez-toc-page-1 ez-toc-heading-level-2'><a class=\"ez-toc-link ez-toc-heading-4\" href=\"https:\/\/raum-blick.de\/magazin\/keramik-accessoires\/#Schicke_Multitalente\" >Schicke Multitalente<\/a><\/li><li class='ez-toc-page-1 ez-toc-heading-level-2'><a class=\"ez-toc-link ez-toc-heading-5\" href=\"https:\/\/raum-blick.de\/magazin\/keramik-accessoires\/#Praktische_Augenschmeichler_fuers_Bad\" >Praktische Augenschmeichler f\u00fcrs Bad<\/a><\/li><\/ul><\/nav><\/div>\n\n<p><center><img loading=\"lazy\" decoding=\"async\" class=\"alignnone wp-image-6824 size-full\" title=\"K\u00e4hler: Globo Kerzenhalter | Design: Dorthe Helm\" src=\"https:\/\/www.raum-blick.de\/magazin\/wp-content\/uploads\/2018\/11\/kaehler-globo-kerzenhalter-oe-12.jpg\" alt=\"kaehler-globo-kerzenhalter-oe-12\" width=\"300\" height=\"300\" srcset=\"https:\/\/raum-blick.de\/magazin\/wp-content\/uploads\/2018\/11\/kaehler-globo-kerzenhalter-oe-12.jpg 300w, https:\/\/raum-blick.de\/magazin\/wp-content\/uploads\/2018\/11\/kaehler-globo-kerzenhalter-oe-12-150x150.jpg 150w\" sizes=\"(max-width: 300px) 100vw, 300px\" \/> <img loading=\"lazy\" decoding=\"async\" class=\"alignnone wp-image-6825 size-full\" title=\"K\u00e4hler: Hammersh\u00f8i Blumentopf | in verschiedenen Gr\u00f6\u00dfen | Design: Hans-Christian Bauer\" src=\"https:\/\/www.raum-blick.de\/magazin\/wp-content\/uploads\/2018\/11\/kaehler-hammershoi-blumentopf-h115.jpg\" alt=\"kaehler-hammershoi-blumentopf-h115\" width=\"300\" height=\"300\" srcset=\"https:\/\/raum-blick.de\/magazin\/wp-content\/uploads\/2018\/11\/kaehler-hammershoi-blumentopf-h115.jpg 300w, https:\/\/raum-blick.de\/magazin\/wp-content\/uploads\/2018\/11\/kaehler-hammershoi-blumentopf-h115-150x150.jpg 150w\" sizes=\"(max-width: 300px) 100vw, 300px\" \/><\/center><\/p>\n<p style=\"text-align: justify;\">Andere Tonarten bescheren porenfreie Oberfl\u00e4chen, die ohne eine Veredlung wasserdicht sind. F\u00fcr zweckm\u00e4\u00dfige Gef\u00e4\u00dfe sind diese Varianten interessant. Derartige Details muss der T\u00f6pfermeister ber\u00fccksichtigen, um seine Entw\u00fcrfe umzusetzen. Mit dem kreativen Talent kommt man bei Keramikarbeiten demnach nicht weit, wenn sich nicht reichlich Fachwissen hinzugesellt. So wundert es nicht, dass rundum \u00fcberzeugende Kollektionen meist aus traditionsreichen Manufakturen stammen.<\/p>\n<h2><span class=\"ez-toc-section\" id=\"Ein_Stueck_daenische_Designgeschichte_fuer_die_moderne_Wohndekoration\"><\/span>Ein St\u00fcck d\u00e4nische Designgeschichte f\u00fcr die moderne Wohndekoration<span class=\"ez-toc-section-end\"><\/span><\/h2>\n<p style=\"text-align: justify;\">Die Wurzeln von <a href=\"https:\/\/www.raum-blick.de\/kaehler-design\/\">K\u00e4hler Design<\/a> reichen bis ins 19. Jahrhundert zur\u00fcck. 1889 lenkte der Sohn des Gr\u00fcnders bei der Pariser Weltausstellung das internationale Interesse auf seine T\u00f6pferei in N\u00e6stved, weil er innovativ mit farbigen Glasuren experimentierte. Die kreative Philosophie der Werkstatt lockte Svend Hammersh\u00f8i an, der zum Erfolg des skandinavischen Unternehmens beitrug. Der K\u00fcnstler war von geradlinigen Dekoren ebenso begeistert wie vom Material selbst, das er gerne naturbelassen pr\u00e4sentierte.<\/p>\n<p><center><img loading=\"lazy\" decoding=\"async\" class=\"alignnone wp-image-6817 size-full\" title=\"K\u00e4hler: Hammersh\u00f8i Bodenvase | Design: Hans-Christian Bauer\" src=\"https:\/\/www.raum-blick.de\/magazin\/wp-content\/uploads\/2018\/11\/kaehler-hammershoi-bodenvase-h500.jpg\" alt=\"kaehler-hammershoi-bodenvase-h500\" width=\"300\" height=\"300\" srcset=\"https:\/\/raum-blick.de\/magazin\/wp-content\/uploads\/2018\/11\/kaehler-hammershoi-bodenvase-h500.jpg 300w, https:\/\/raum-blick.de\/magazin\/wp-content\/uploads\/2018\/11\/kaehler-hammershoi-bodenvase-h500-150x150.jpg 150w\" sizes=\"(max-width: 300px) 100vw, 300px\" \/> <a href=\"https:\/\/www.raum-blick.de\/kaehler-hammershoi-vase-mini-3-stk.\"><img loading=\"lazy\" decoding=\"async\" class=\"alignnone wp-image-6818 size-full\" title=\"K\u00e4hler: Hammersh\u00f8i Vase Mini (3 St\u00fcck) | Design: Hans-Christian Bauer\" src=\"https:\/\/www.raum-blick.de\/magazin\/wp-content\/uploads\/2018\/11\/kaehler-hammershoi-vase-mini-3-stueck.jpg\" alt=\"kaehler-hammershoi-vase-mini-3-stueck\" width=\"300\" height=\"300\" srcset=\"https:\/\/raum-blick.de\/magazin\/wp-content\/uploads\/2018\/11\/kaehler-hammershoi-vase-mini-3-stueck.jpg 300w, https:\/\/raum-blick.de\/magazin\/wp-content\/uploads\/2018\/11\/kaehler-hammershoi-vase-mini-3-stueck-150x150.jpg 150w\" sizes=\"(max-width: 300px) 100vw, 300px\" \/><\/a><\/center><\/p>\n<p style=\"text-align: justify;\">Hans-Christian Bauer fing viele Aspekte der T\u00f6pfertradition ein, als er f\u00fcr K\u00e4hler Design die Kollektion Hammersh\u00f8i entwarf. Die geriffelten Vasen in kr\u00e4ftigen Farben wie Pflaume, Gr\u00fcn oder Indigo beleben die Wohnwelt deshalb nicht nur zeitlos elegant. Sie erz\u00e4hlen etwas \u00fcber die Geschichte eines Kunsthandwerks, das seit Jahrtausenden die Menschheit fasziniert.<\/p>\n<h2><span class=\"ez-toc-section\" id=\"Pure_Eleganz_fuers_Praktische\"><\/span>Pure Eleganz f\u00fcrs Praktische<span class=\"ez-toc-section-end\"><\/span><\/h2>\n<p style=\"text-align: justify;\">Die Keramikkollektion Hammersh\u00f8i bleibt dem Stil weitestgehend treu, den der d\u00e4nische Kunstschaffende zu Beginn des 20. Jahrhunderts pflegte. Das ist bemerkenswert, da der elegante Purismus fabelhaft mit den aktuellen Trends harmoniert. Den gegenw\u00e4rtigen Deko-Ideen kommt au\u00dferdem entgegen, dass der Designer die gelungene Melange aus klarer Form, geriffelten Oberfl\u00e4chen und edlem Glanz auf praktisches Zubeh\u00f6r \u00fcbertr\u00e4gt. Es f\u00e4llt dadurch leicht, die funktionellen Bed\u00fcrfnisse mit der dekorativen Signatur zu verkn\u00fcpfen.<\/p>\n<p><center><img loading=\"lazy\" decoding=\"async\" class=\"alignnone wp-image-6810 size-full\" title=\"K\u00e4hler: Hammersh\u00f8i Aufbewahrungsglas, klein | Design: Hans-Christian Bauer\" src=\"https:\/\/www.raum-blick.de\/magazin\/wp-content\/uploads\/2018\/11\/kaehler-hammershoi-aufbewahrungsglas-klein.jpg\" alt=\"kaehler-hammershoi-aufbewahrungsglas-klein\" width=\"300\" height=\"300\" srcset=\"https:\/\/raum-blick.de\/magazin\/wp-content\/uploads\/2018\/11\/kaehler-hammershoi-aufbewahrungsglas-klein.jpg 300w, https:\/\/raum-blick.de\/magazin\/wp-content\/uploads\/2018\/11\/kaehler-hammershoi-aufbewahrungsglas-klein-150x150.jpg 150w\" sizes=\"(max-width: 300px) 100vw, 300px\" \/> <img loading=\"lazy\" decoding=\"async\" class=\"alignnone wp-image-6811 size-full\" title=\"Hammersh\u00f8i: Etagere | aus Keramik gefertigt | Design: Hans-Christian Bauer\" src=\"https:\/\/www.raum-blick.de\/magazin\/wp-content\/uploads\/2018\/11\/kaehler-hammershoi-etagere.jpg\" alt=\"kaehler-hammershoi-etagere\" width=\"300\" height=\"300\" srcset=\"https:\/\/raum-blick.de\/magazin\/wp-content\/uploads\/2018\/11\/kaehler-hammershoi-etagere.jpg 300w, https:\/\/raum-blick.de\/magazin\/wp-content\/uploads\/2018\/11\/kaehler-hammershoi-etagere-150x150.jpg 150w\" sizes=\"(max-width: 300px) 100vw, 300px\" \/><\/center><\/p>\n<p style=\"text-align: justify;\">Dank der Aufbewahrungsgl\u00e4ser mit Verschluss aus Keramik avanciert die Vorratshaltung zum \u00e4sthetischen Blickfang. Die Etagere eignet sich nicht nur f\u00fcr den Service auf stilvoll gedeckten Tafeln. Sie ist zum Beispiel ideal, um neben der Kaffeemaschine die ben\u00f6tigten Utensilien griffbereit zu drapieren.<\/p>\n<blockquote>\n<p style=\"text-align: justify;\">So werten die Keramik-Accessoires die K\u00fcche praktisch auf und verw\u00f6hnen ganz nebenbei das Auge.<\/p>\n<\/blockquote>\n<h2><span class=\"ez-toc-section\" id=\"Schicke_Multitalente\"><\/span>Schicke Multitalente<span class=\"ez-toc-section-end\"><\/span><\/h2>\n<p style=\"text-align: justify;\">Die Vorliebe des legend\u00e4ren Keramikk\u00fcnstlers f\u00fcr l\u00e4ngs und quer verlaufende Linien greifen ebenfalls Ditte Reckweg und Jelena Shou Nordentoft auf. Ihre Interpretation f\u00e4llt allerdings lebendiger aus. Das gelingt ohne effektvolle Extras. Das kreative Duo distanziert sich bei den Querstreifen bewusst von der Perfektion. Aufgrund der kleinen Unregelm\u00e4\u00dfigkeiten und Farbunterschiede l\u00e4sst sich erahnen, wie der T\u00f6pfermeister bei der Herstellung mit dem Pinsel \u00fcbers Gef\u00e4\u00df strich. Die Quintessenz ist eine sympathische L\u00e4ssigkeit, die im Kontrast zum exquisiten Touch der gl\u00e4nzenden Glasur steht. Durch den Stilmix wirkt die Serie Omaggio im Alltag nicht aufgesetzt. Vielmehr lockern die gestreiften Accessoires das Ambiente auf.<\/p>\n<p><center><img loading=\"lazy\" decoding=\"async\" class=\"alignnone wp-image-6790 size-full\" title=\"K\u00e4hler: Omaggio Kerzenst\u00e4nder, klein | Design: Stilleben\" src=\"https:\/\/www.raum-blick.de\/magazin\/wp-content\/uploads\/2018\/11\/kaehler-omaggio-kerzenstaender-klein.jpg\" alt=\"kaehler-omaggio-kerzenstaender-klein\" width=\"300\" height=\"300\" srcset=\"https:\/\/raum-blick.de\/magazin\/wp-content\/uploads\/2018\/11\/kaehler-omaggio-kerzenstaender-klein.jpg 300w, https:\/\/raum-blick.de\/magazin\/wp-content\/uploads\/2018\/11\/kaehler-omaggio-kerzenstaender-klein-150x150.jpg 150w\" sizes=\"(max-width: 300px) 100vw, 300px\" \/> <img loading=\"lazy\" decoding=\"async\" class=\"alignnone wp-image-6791 size-full\" title=\"K\u00e4hler: Omaggio Vase Mini (3 St\u00fcck) | Design: Stilleben\" src=\"https:\/\/www.raum-blick.de\/magazin\/wp-content\/uploads\/2018\/11\/kaehler-omaggio-vase-mini-3-stueck.jpg\" alt=\"kaehler-omaggio-vase-mini-3-stueck\" width=\"300\" height=\"300\" srcset=\"https:\/\/raum-blick.de\/magazin\/wp-content\/uploads\/2018\/11\/kaehler-omaggio-vase-mini-3-stueck.jpg 300w, https:\/\/raum-blick.de\/magazin\/wp-content\/uploads\/2018\/11\/kaehler-omaggio-vase-mini-3-stueck-150x150.jpg 150w\" sizes=\"(max-width: 300px) 100vw, 300px\" \/><\/center><\/p>\n<p style=\"text-align: justify;\">Platzieren Sie beispielsweise die Vasen im Miniaturformat auf der Kommode, um sie mit einzelnen Bl\u00fcten der Saison zu best\u00fccken. Die gem\u00fctlichen Stunden in der Sofaecke bereichert der passende Kerzenst\u00e4nder. Wenn sich ein Dinner ank\u00fcndigt, erledigen sich Planungen f\u00fcr die Tischdeko. Sie sammeln die vorhandene Wohndekoration von K\u00e4hler Design ein, um sie als Set auf der Tafel zu arrangieren. Dort signiert das Dessin Omaggio kulinarische Events ausgesprochen schick.<\/p>\n<p style=\"text-align: justify;\">\u00c4hnlich vielseitig sind die <a href=\"https:\/\/www.raum-blick.de\/vitra-l-oiseau\">L&#8217;Oiseau von Vitra<\/a>, die Ronan und Erwan Bouroullec entwarfen. Die Designer entschieden sich f\u00fcr eine auffallend abstrakte Tierdarstellung. Sie inszenieren bei der modernen Deko-Serie au\u00dferdem zwei Werkstoffe mit langer Tradition: massives Holz und glasierten Ton.<\/p>\n<p><center><a href=\"https:\/\/www.raum-blick.de\/vitra-l-oiseau\"><img loading=\"lazy\" decoding=\"async\" class=\"alignnone wp-image-6802 size-full\" title=\"Vitra: L'Oiseau | Dekofigur | Design: Ronan &amp; Erwan Bouroullec, 2011\" src=\"https:\/\/www.raum-blick.de\/magazin\/wp-content\/uploads\/2018\/11\/vitra-l-oiseau.jpg\" alt=\"vitra-l-oiseau\" width=\"300\" height=\"300\" srcset=\"https:\/\/raum-blick.de\/magazin\/wp-content\/uploads\/2018\/11\/vitra-l-oiseau.jpg 300w, https:\/\/raum-blick.de\/magazin\/wp-content\/uploads\/2018\/11\/vitra-l-oiseau-150x150.jpg 150w\" sizes=\"(max-width: 300px) 100vw, 300px\" \/><\/a> <a href=\"https:\/\/www.raum-blick.de\/vitra-wooden-doll\"><img loading=\"lazy\" decoding=\"async\" class=\"alignnone wp-image-6803 size-full\" title=\"Vitra: Wooden Doll | Design: Alexander Girard, 1952\" src=\"https:\/\/www.raum-blick.de\/magazin\/wp-content\/uploads\/2018\/11\/vitra-wooden-doll.jpg\" alt=\"vitra-wooden-doll\" width=\"300\" height=\"300\" srcset=\"https:\/\/raum-blick.de\/magazin\/wp-content\/uploads\/2018\/11\/vitra-wooden-doll.jpg 300w, https:\/\/raum-blick.de\/magazin\/wp-content\/uploads\/2018\/11\/vitra-wooden-doll-150x150.jpg 150w\" sizes=\"(max-width: 300px) 100vw, 300px\" \/><\/a><\/center><\/p>\n<p style=\"text-align: justify;\">Als Briefbeschwerer eignen sich die feschen V\u00f6gel ebenso wie f\u00fcr den nat\u00fcrlichen Blickfang auf dem Sideboard. Bei fr\u00fchlingshaften Anl\u00e4ssen runden die Accessoires Ihre Tischdekoration extravagant ab. Denn die minimalistische Silhouette sorgt daf\u00fcr, dass die Tierfiguren eher avantgardistisch als kitschig erscheinen.<\/p>\n<p style=\"text-align: justify;\">Wer weniger Zur\u00fcckhaltung bevorzugt, kann sich die <a href=\"https:\/\/www.raum-blick.de\/vitra-wooden-doll\">Wooden Dolls von Vitra<\/a> ansehen. Doch nun zur\u00fcck zur Keramik!<\/p>\n<h2><span class=\"ez-toc-section\" id=\"Praktische_Augenschmeichler_fuers_Bad\"><\/span>Praktische Augenschmeichler f\u00fcrs Bad<span class=\"ez-toc-section-end\"><\/span><\/h2>\n<p style=\"text-align: justify;\">Keramik erfreut nicht nur mit einer hochwertigen \u00c4sthetik. Da das Material belastbar und stabil ist, empfiehlt es sich f\u00fcr die langfristige Nutzung. Vorteilhaft sind au\u00dferdem die pflegeleichten und hygienischen Charakteristiken. Der Werkstoff pr\u00e4gt demnach nicht zuf\u00e4llig die Grundausstattung im Sanit\u00e4rbereich.<\/p>\n<p><center><img loading=\"lazy\" decoding=\"async\" class=\"alignnone wp-image-6769 size-full\" title=\"Decor Walther: Papiertuchbox | KB 88\" src=\"https:\/\/www.raum-blick.de\/magazin\/wp-content\/uploads\/2018\/11\/decor-walther-kb-88-papiertuchbox-keramik.jpg\" alt=\"decor-walther-kb-88-papiertuchbox-keramik\" width=\"300\" height=\"300\" srcset=\"https:\/\/raum-blick.de\/magazin\/wp-content\/uploads\/2018\/11\/decor-walther-kb-88-papiertuchbox-keramik.jpg 300w, https:\/\/raum-blick.de\/magazin\/wp-content\/uploads\/2018\/11\/decor-walther-kb-88-papiertuchbox-keramik-150x150.jpg 150w\" sizes=\"(max-width: 300px) 100vw, 300px\" \/> <a href=\"https:\/\/www.raum-blick.de\/seifenspender-porzellan-decor-walther\"><img loading=\"lazy\" decoding=\"async\" class=\"alignnone wp-image-6770 size-full\" title=\"Decor Walther: Seifenspender DW 520 \/ DW 525 | Porzellan und Chrom\" src=\"https:\/\/www.raum-blick.de\/magazin\/wp-content\/uploads\/2018\/11\/seifenspender-porzellan-decor-walther.jpg\" alt=\"seifenspender-porzellan-decor-walther\" width=\"300\" height=\"300\" srcset=\"https:\/\/raum-blick.de\/magazin\/wp-content\/uploads\/2018\/11\/seifenspender-porzellan-decor-walther.jpg 300w, https:\/\/raum-blick.de\/magazin\/wp-content\/uploads\/2018\/11\/seifenspender-porzellan-decor-walther-150x150.jpg 150w\" sizes=\"(max-width: 300px) 100vw, 300px\" \/><\/a><\/center><\/p>\n<p style=\"text-align: justify;\"><a href=\"https:\/\/www.raum-blick.de\/decor-walther\/\">Decor Walther<\/a> l\u00e4dt Sie mit schicken Badaccessoires aus Porzellan dazu ein, es nicht dabei zu belassen. Eine wei\u00dfe Box mit feinem Glanz umh\u00fcllt die Papiert\u00fccher. Runde und eckige Spender bieten sich f\u00fcr das Einf\u00fcllen von Fl\u00fcssigseife an.<\/p>\n<blockquote>\n<p style=\"text-align: justify;\">Die Wohnaccessoires er\u00f6ffnen Ihnen die M\u00f6glichkeit, pragmatische Utensilien harmonisch in den Raum zu integrieren.<\/p>\n<\/blockquote>\n<p style=\"text-align: justify;\">Dem Wunsch nach Hygiene wird die Deko-Idee ebenfalls gerecht: Die Gebrauchsobjekte werden im Alltag oft angefasst. Keramik-Accessoires lassen sich effektiver reinigen als handels\u00fcbliche Verpackungen.<\/p>\n<p><center><img loading=\"lazy\" decoding=\"async\" class=\"alignnone wp-image-6783 size-full\" title=\"Decor Walther: Seifenspender | DW 6350\" src=\"https:\/\/www.raum-blick.de\/magazin\/wp-content\/uploads\/2018\/11\/decor-walther-dw-6350-seifenspender.jpg\" alt=\"decor-walther-dw-6350-seifenspender\" width=\"300\" height=\"300\" srcset=\"https:\/\/raum-blick.de\/magazin\/wp-content\/uploads\/2018\/11\/decor-walther-dw-6350-seifenspender.jpg 300w, https:\/\/raum-blick.de\/magazin\/wp-content\/uploads\/2018\/11\/decor-walther-dw-6350-seifenspender-150x150.jpg 150w\" sizes=\"(max-width: 300px) 100vw, 300px\" \/> <a href=\"https:\/\/www.raum-blick.de\/utensilienbehaelter-basket-utb-decor-walther\"><img loading=\"lazy\" decoding=\"async\" class=\"alignnone wp-image-6784 size-full\" title=\"Decor Walther: Serie BASKET | Utensilienbox UTB\" src=\"https:\/\/www.raum-blick.de\/magazin\/wp-content\/uploads\/2018\/11\/utensilienbehaelter-basket-utb-decor-walther.jpg\" alt=\"utensilienbehaelter-basket-utb-decor-walther\" width=\"300\" height=\"300\" srcset=\"https:\/\/raum-blick.de\/magazin\/wp-content\/uploads\/2018\/11\/utensilienbehaelter-basket-utb-decor-walther.jpg 300w, https:\/\/raum-blick.de\/magazin\/wp-content\/uploads\/2018\/11\/utensilienbehaelter-basket-utb-decor-walther-150x150.jpg 150w\" sizes=\"(max-width: 300px) 100vw, 300px\" \/><\/a><\/center><\/p>\n<p style=\"text-align: justify;\">Treffen die keramischen Badaccessoires auf Naturmaterialien wie Massivholz oder Rattan, erh\u00e4lt die Raumgestaltung einen gem\u00fctlichen Akzent. Eine moderne Eleganz entfaltet sich bei der Kombination von Porzellan und Edelstahl.<\/p>\n<p><center><img loading=\"lazy\" decoding=\"async\" class=\"alignnone wp-image-6776 size-full\" title=\"Decor Walther: Seifenschale | DW 550\" src=\"https:\/\/www.raum-blick.de\/magazin\/wp-content\/uploads\/2018\/11\/decor-walther-dw-550-seifenschale.jpg\" alt=\"decor-walther-dw-550-seifenschale\" width=\"300\" height=\"300\" srcset=\"https:\/\/raum-blick.de\/magazin\/wp-content\/uploads\/2018\/11\/decor-walther-dw-550-seifenschale.jpg 300w, https:\/\/raum-blick.de\/magazin\/wp-content\/uploads\/2018\/11\/decor-walther-dw-550-seifenschale-150x150.jpg 150w\" sizes=\"(max-width: 300px) 100vw, 300px\" \/> <a href=\"https:\/\/www.raum-blick.de\/decor-walther-dw-6270-seifenspender\"><img loading=\"lazy\" decoding=\"async\" class=\"alignnone wp-image-6777 size-full\" title=\"Decor Walther: Seifenspender | DW 6270\" src=\"https:\/\/www.raum-blick.de\/magazin\/wp-content\/uploads\/2018\/11\/decor-walther-dw-6270-seifenspender.jpg\" alt=\"decor-walther-dw-6270-seifenspender\" width=\"300\" height=\"300\" srcset=\"https:\/\/raum-blick.de\/magazin\/wp-content\/uploads\/2018\/11\/decor-walther-dw-6270-seifenspender.jpg 300w, https:\/\/raum-blick.de\/magazin\/wp-content\/uploads\/2018\/11\/decor-walther-dw-6270-seifenspender-150x150.jpg 150w\" sizes=\"(max-width: 300px) 100vw, 300px\" \/><\/a><\/center><\/p>\n<p style=\"text-align: justify;\">Decor Walther entwickelt f\u00fcr die verschiedensten Bed\u00fcrfnisse verchromte Beh\u00e4lter. So liegt sogar ein Hauch von Luxus in der Luft, wenn Sie bei der K\u00f6rperpflege nach einem Wattest\u00e4bchen greifen.<\/p>\n","protected":false},"excerpt":{"rendered":"<p>Arch\u00e4ologische Funde beweisen, dass T\u00f6pferwaren bereits w\u00e4hrend des siebten Jahrtausends vor Christus in Europa eine Rolle spielten. Umso verbl\u00fcffender ist es, wie modern Keramik noch immer ist. Bei Badaccessoires sorgen vorteilhafte Materialeigenschaften f\u00fcr anhaltende Begeisterung. Die Deko f\u00fcr die Wohnwelt profitiert von der Symbiose aus traditioneller Handwerkskunst und zeitgem\u00e4\u00dfem Design. Keramikkunst: geschichtstr\u00e4chtig und anspruchsvoll Vor [&hellip;]<\/p>\n","protected":false},"author":4,"featured_media":6822,"comment_status":"closed","ping_status":"open","sticky":false,"template":"","format":"standard","meta":{"_et_pb_use_builder":"","_et_pb_old_content":"","_et_gb_content_width":"","inline_featured_image":false,"footnotes":""},"categories":[7],"tags":[517,662,51,668,107,690,342,689,357,688,288,122,691,692,399,421,146,520,27],"class_list":["post-6763","post","type-post","status-publish","format-standard","has-post-thumbnail","hentry","category-accessoires-lifestyle","tag-accessoires","tag-aufbewahrungsglaeser","tag-blumentoepfe","tag-bodenvasen","tag-decor-walther","tag-dekofiguren","tag-dekoration","tag-etagere","tag-kaehler","tag-keramik","tag-kerzenhalter","tag-kerzenstaender","tag-papiertuchbox","tag-seifenschale","tag-seifenspender","tag-utensilienboxen","tag-vasen","tag-vitra","tag-wohnaccessoires"],"_links":{"self":[{"href":"https:\/\/raum-blick.de\/magazin\/wp-json\/wp\/v2\/posts\/6763","targetHints":{"allow":["GET"]}}],"collection":[{"href":"https:\/\/raum-blick.de\/magazin\/wp-json\/wp\/v2\/posts"}],"about":[{"href":"https:\/\/raum-blick.de\/magazin\/wp-json\/wp\/v2\/types\/post"}],"author":[{"embeddable":true,"href":"https:\/\/raum-blick.de\/magazin\/wp-json\/wp\/v2\/users\/4"}],"replies":[{"embeddable":true,"href":"https:\/\/raum-blick.de\/magazin\/wp-json\/wp\/v2\/comments?post=6763"}],"version-history":[{"count":54,"href":"https:\/\/raum-blick.de\/magazin\/wp-json\/wp\/v2\/posts\/6763\/revisions"}],"predecessor-version":[{"id":21296,"href":"https:\/\/raum-blick.de\/magazin\/wp-json\/wp\/v2\/posts\/6763\/revisions\/21296"}],"wp:featuredmedia":[{"embeddable":true,"href":"https:\/\/raum-blick.de\/magazin\/wp-json\/wp\/v2\/media\/6822"}],"wp:attachment":[{"href":"https:\/\/raum-blick.de\/magazin\/wp-json\/wp\/v2\/media?parent=6763"}],"wp:term":[{"taxonomy":"category","embeddable":true,"href":"https:\/\/raum-blick.de\/magazin\/wp-json\/wp\/v2\/categories?post=6763"},{"taxonomy":"post_tag","embeddable":true,"href":"https:\/\/raum-blick.de\/magazin\/wp-json\/wp\/v2\/tags?post=6763"}],"curies":[{"name":"wp","href":"https:\/\/api.w.org\/{rel}","templated":true}]}}