{"id":6701,"date":"2018-09-27T15:10:29","date_gmt":"2018-09-27T13:10:29","guid":{"rendered":"https:\/\/www.raum-blick.de\/magazin\/?p=6701"},"modified":"2024-08-28T11:52:17","modified_gmt":"2024-08-28T09:52:17","slug":"souterrainwohnung-einrichten","status":"publish","type":"post","link":"https:\/\/raum-blick.de\/magazin\/souterrainwohnung-einrichten\/","title":{"rendered":"Souterrainwohnung einrichten"},"content":{"rendered":"<h2><span class=\"ez-toc-section\" id=\"%C2%AB_Moebel_und_mehr_fuer_die_Parterre-Gestaltung_%C2%BB\"><\/span>\u00ab M\u00f6bel und mehr f\u00fcr die Parterre-Gestaltung \u00bb<span class=\"ez-toc-section-end\"><\/span><\/h2>\n<p style=\"text-align: justify;\"><strong>Erschwingliche Mietobjekte sind hei\u00df begehrt. Bei einer Parterre- oder Souterrainwohnung bleibt das Interesse aber \u00fcberschaubar. Denn die architektonischen Besonderheiten erscheinen nicht optimal. Ein Detail wird dabei \u00fcbersehen: Die pragmatische Bausubstanz \u00e4hnelt h\u00e4ufig einem Loft und passt mit ihrem industriellen Touch fabelhaft zu aktuellen Wohntrends. Wenn Sie clevere Einrichtungsideen aufgreifen, verwandeln Sie die Kellerr\u00e4ume in einen extravaganten R\u00fcckzugsort.<\/strong><\/p>\n<h2><span class=\"ez-toc-section\" id=\"Herausforderungen_beim_Einrichten_im_Souterrain\"><\/span>Herausforderungen beim Einrichten im Souterrain<span class=\"ez-toc-section-end\"><\/span><\/h2>\n<p style=\"text-align: justify;\">Wer sein Zuhause erreichen m\u00f6chte, steuert \u00fcblicherweise die oberen Etagen an. Die Souterrainwohnung bildet die Ausnahme. Sie ist unterhalb des Haupteingangs gelegen. Urspr\u00fcnglich war das Untergeschoss f\u00fcr Lagerfl\u00e4chen oder Wirtschaftsr\u00e4ume gedacht. Bei dieser Nutzung ist es vorteilhaft, dass sich das Stockwerk teilweise unter der Erde befindet und kaum vom Tageslicht erfasst wird.<\/p><div id=\"ez-toc-container\" class=\"ez-toc-v2_0_82_2 counter-hierarchy ez-toc-counter ez-toc-grey ez-toc-container-direction\">\n<div class=\"ez-toc-title-container\">\n<p class=\"ez-toc-title\" style=\"cursor:inherit\">Was hier auf Sie wartet<\/p>\n<span class=\"ez-toc-title-toggle\"><a href=\"#\" class=\"ez-toc-pull-right ez-toc-btn ez-toc-btn-xs ez-toc-btn-default ez-toc-toggle\" aria-label=\"Toggle Table of Content\"><span class=\"ez-toc-js-icon-con\"><span class=\"\"><span class=\"eztoc-hide\" style=\"display:none;\">Toggle<\/span><span class=\"ez-toc-icon-toggle-span\"><svg style=\"fill: #999;color:#999\" xmlns=\"http:\/\/www.w3.org\/2000\/svg\" class=\"list-377408\" width=\"20px\" height=\"20px\" viewBox=\"0 0 24 24\" fill=\"none\"><path d=\"M6 6H4v2h2V6zm14 0H8v2h12V6zM4 11h2v2H4v-2zm16 0H8v2h12v-2zM4 16h2v2H4v-2zm16 0H8v2h12v-2z\" fill=\"currentColor\"><\/path><\/svg><svg style=\"fill: #999;color:#999\" class=\"arrow-unsorted-368013\" xmlns=\"http:\/\/www.w3.org\/2000\/svg\" width=\"10px\" height=\"10px\" viewBox=\"0 0 24 24\" version=\"1.2\" baseProfile=\"tiny\"><path d=\"M18.2 9.3l-6.2-6.3-6.2 6.3c-.2.2-.3.4-.3.7s.1.5.3.7c.2.2.4.3.7.3h11c.3 0 .5-.1.7-.3.2-.2.3-.5.3-.7s-.1-.5-.3-.7zM5.8 14.7l6.2 6.3 6.2-6.3c.2-.2.3-.5.3-.7s-.1-.5-.3-.7c-.2-.2-.4-.3-.7-.3h-11c-.3 0-.5.1-.7.3-.2.2-.3.5-.3.7s.1.5.3.7z\"\/><\/svg><\/span><\/span><\/span><\/a><\/span><\/div>\n<nav><ul class='ez-toc-list ez-toc-list-level-1 ' ><li class='ez-toc-page-1 ez-toc-heading-level-2'><a class=\"ez-toc-link ez-toc-heading-1\" href=\"https:\/\/raum-blick.de\/magazin\/souterrainwohnung-einrichten\/#%C2%AB_Moebel_und_mehr_fuer_die_Parterre-Gestaltung_%C2%BB\" >\u00ab M\u00f6bel und mehr f\u00fcr die Parterre-Gestaltung \u00bb<\/a><\/li><li class='ez-toc-page-1 ez-toc-heading-level-2'><a class=\"ez-toc-link ez-toc-heading-2\" href=\"https:\/\/raum-blick.de\/magazin\/souterrainwohnung-einrichten\/#Herausforderungen_beim_Einrichten_im_Souterrain\" >Herausforderungen beim Einrichten im Souterrain<\/a><\/li><li class='ez-toc-page-1 ez-toc-heading-level-2'><a class=\"ez-toc-link ez-toc-heading-3\" href=\"https:\/\/raum-blick.de\/magazin\/souterrainwohnung-einrichten\/#Moebel_und_anderes_Interieur_selbst_entwerfen\" >M\u00f6bel und anderes Interieur selbst entwerfen<\/a><\/li><li class='ez-toc-page-1 ez-toc-heading-level-2'><a class=\"ez-toc-link ez-toc-heading-4\" href=\"https:\/\/raum-blick.de\/magazin\/souterrainwohnung-einrichten\/#Mehr_Flair_durch_Minimalismus\" >Mehr Flair durch Minimalismus<\/a><\/li><li class='ez-toc-page-1 ez-toc-heading-level-2'><a class=\"ez-toc-link ez-toc-heading-5\" href=\"https:\/\/raum-blick.de\/magazin\/souterrainwohnung-einrichten\/#Mit_Spiegelflaechen_Lichtreflexionen_provozieren\" >Mit Spiegelfl\u00e4chen Lichtreflexionen provozieren<\/a><\/li><li class='ez-toc-page-1 ez-toc-heading-level-2'><a class=\"ez-toc-link ez-toc-heading-6\" href=\"https:\/\/raum-blick.de\/magazin\/souterrainwohnung-einrichten\/#Designlampen_fuer_spannende_Lichteffekte\" >Designlampen f\u00fcr spannende Lichteffekte<\/a><\/li><li class='ez-toc-page-1 ez-toc-heading-level-2'><a class=\"ez-toc-link ez-toc-heading-7\" href=\"https:\/\/raum-blick.de\/magazin\/souterrainwohnung-einrichten\/#Unkonventionelle_Naturdeko_fuer_die_Behaglichkeit\" >Unkonventionelle Naturdeko f\u00fcr die Behaglichkeit<\/a><\/li><\/ul><\/nav><\/div>\n\n<div id=\"attachment_6745\" style=\"width: 610px\" class=\"wp-caption aligncenter\"><img loading=\"lazy\" decoding=\"async\" aria-describedby=\"caption-attachment-6745\" class=\"wp-image-6745 size-full\" title=\"Kellerwohnung mit wei\u00dfer Wandfarbe\" src=\"https:\/\/www.raum-blick.de\/magazin\/wp-content\/uploads\/2018\/10\/Kellerwohnung-mit-weisser-Wandfarbe.jpg\" alt=\"Kellerwohnung mit weisser Wandfarbe\" width=\"600\" height=\"399\" srcset=\"https:\/\/raum-blick.de\/magazin\/wp-content\/uploads\/2018\/10\/Kellerwohnung-mit-weisser-Wandfarbe.jpg 600w, https:\/\/raum-blick.de\/magazin\/wp-content\/uploads\/2018\/10\/Kellerwohnung-mit-weisser-Wandfarbe-300x200.jpg 300w, https:\/\/raum-blick.de\/magazin\/wp-content\/uploads\/2018\/10\/Kellerwohnung-mit-weisser-Wandfarbe-310x205.jpg 310w\" sizes=\"(max-width: 600px) 100vw, 600px\" \/><p id=\"caption-attachment-6745\" class=\"wp-caption-text\">\u00a9 Omid \/ Fotolia.com<\/p><\/div>\n<p style=\"text-align: justify;\">Nach der Verwandlung in eine Kellerwohnung wendet sich das Blatt. Durch die Lichtverh\u00e4ltnisse besteht die Gefahr, dass das Setting d\u00fcster wirkt. Diesen Eindruck relativieren Sie beim Einrichten mit einer Wandfarbe in purem Wei\u00df.<\/p>\n<blockquote>\n<p style=\"text-align: justify;\">Zarte Nuancen eignen sich ebenso wenig wie dunkle Farben. Denn Pastellt\u00f6ne entfalten nur in hellen R\u00e4umen ihren Charme.<\/p>\n<\/blockquote>\n<p style=\"text-align: justify;\">In der untersten Ebene des Geb\u00e4udes f\u00fchlen sich die B\u00f6den meist kalt an. Ber\u00fccksichtigen Sie diesen Aspekt, wenn Sie die Souterrainwohnung einrichten. Empfehlenswert sind Korkb\u00f6den, weil sie fu\u00dfwarm sind.<\/p>\n<h2><span class=\"ez-toc-section\" id=\"Moebel_und_anderes_Interieur_selbst_entwerfen\"><\/span>M\u00f6bel und anderes Interieur selbst entwerfen<span class=\"ez-toc-section-end\"><\/span><\/h2>\n<p style=\"text-align: justify;\">Beim Lager er\u00fcbrigt sich meist die Unterteilung in mehrere Zimmer. Mit etwas Gl\u00fcck hat Ihre Souterrainwohnung deshalb den weitl\u00e4ufigen Charakter eines Lofts. Im Gegensatz zu anderen Gewerber\u00e4umen f\u00e4llt die Deckenh\u00f6he im Keller niedrig aus. F\u00fcr Ihre Einrichtungsideen sind demnach M\u00f6bel gefragt, die mit den r\u00e4umlichen Gegebenheiten harmonieren.<\/p>\n<p><img loading=\"lazy\" decoding=\"async\" class=\"aligncenter wp-image-6708 size-full\" title=\"Regalsystem von Konstantin Slawinski: SL052 YU (1 Reihe)\" src=\"https:\/\/www.raum-blick.de\/magazin\/wp-content\/uploads\/2018\/10\/regal-yu-set1-konstantin-slawinski.jpg\" alt=\"regal-yu-set1-konstantin-slawinski\" width=\"600\" height=\"600\" srcset=\"https:\/\/raum-blick.de\/magazin\/wp-content\/uploads\/2018\/10\/regal-yu-set1-konstantin-slawinski.jpg 600w, https:\/\/raum-blick.de\/magazin\/wp-content\/uploads\/2018\/10\/regal-yu-set1-konstantin-slawinski-150x150.jpg 150w, https:\/\/raum-blick.de\/magazin\/wp-content\/uploads\/2018\/10\/regal-yu-set1-konstantin-slawinski-300x300.jpg 300w\" sizes=\"(max-width: 600px) 100vw, 600px\" \/><\/p>\n<p style=\"text-align: justify;\">Ideal ist beispielsweise das Regalsystem von Konstantin Slawinski. Der Entwurf von Knut V\u00f6lzke legt nicht fest, wie und wo Sie die Komponenten verwenden. Die Kollektion erm\u00f6glicht Ihnen, individuelle M\u00f6bel zu gestalten. Auf der Fensterseite werfen h\u00f6here Einrichtungsobjekte wegen des speziellen Lichteinfalls im Kellergeschoss unvorteilhafte Schatten. Experten raten, dort Lowboards zu platzieren. Wer den Modulen der Regalserie ein Solo g\u00f6nnt, greift diesen Tipp gekonnt auf.<\/p>\n<p><img loading=\"lazy\" decoding=\"async\" class=\"aligncenter wp-image-6711 size-full\" title=\"Regalsystem von Konstantin Slawinski: SL52 YU (3 Reihen)\" src=\"https:\/\/www.raum-blick.de\/magazin\/wp-content\/uploads\/2018\/10\/regal-yu-set3-konstantin-slawinski-1.jpg\" alt=\"regal-yu-set3-konstantin-slawinski\" width=\"600\" height=\"600\" srcset=\"https:\/\/raum-blick.de\/magazin\/wp-content\/uploads\/2018\/10\/regal-yu-set3-konstantin-slawinski-1.jpg 600w, https:\/\/raum-blick.de\/magazin\/wp-content\/uploads\/2018\/10\/regal-yu-set3-konstantin-slawinski-1-150x150.jpg 150w, https:\/\/raum-blick.de\/magazin\/wp-content\/uploads\/2018\/10\/regal-yu-set3-konstantin-slawinski-1-300x300.jpg 300w\" sizes=\"(max-width: 600px) 100vw, 600px\" \/><\/p>\n<p style=\"text-align: justify;\">Das System eignet sich au\u00dferdem f\u00fcr die Gestaltung eines Raumteilers. So k\u00f6nnen Sie beispielsweise den Schlafplatz optisch von den anderen Wohnbereichen trennen.<\/p>\n<h2><span class=\"ez-toc-section\" id=\"Mehr_Flair_durch_Minimalismus\"><\/span>Mehr Flair durch Minimalismus<span class=\"ez-toc-section-end\"><\/span><\/h2>\n<p style=\"text-align: justify;\">Stattliche Fensterfronten beg\u00fcnstigen einen weitl\u00e4ufigen Gesamteindruck, weil sie die Perspektive erweitern. Bei der Kellerwohnung entf\u00e4llt dieses beliebte Stilmittel. Die Aufmerksamkeit richtet sich somit komplett auf die Inneneinrichtung, wodurch jedes Detail intensiver wahrgenommen wird.<\/p>\n<blockquote>\n<p style=\"text-align: justify;\">Es ist deshalb clever, mit puristischen Einrichtungssystemen eigene M\u00f6bel zu entwerfen.<\/p>\n<\/blockquote>\n<p style=\"text-align: justify;\">So bleibt die Grundausstattung einem diskreten Design treu. Ratsam ist au\u00dferdem, sich auf wenige Objekte zu beschr\u00e4nken. Entscheiden Sie sich beispielsweise f\u00fcr einen gro\u00dfen Tisch, an dem Sie arbeiten und dinieren. Der <a href=\"https:\/\/www.raum-blick.de\/x-man-tisch-conmoto\">conmoto X-Man<\/a> ist wegen seiner \u00e4sthetischen Leichtigkeit ideal, wenn Sie eine Souterrainwohnung einrichten.<\/p>\n<p><a href=\"https:\/\/www.raum-blick.de\/x-man-tisch-conmoto\"><img loading=\"lazy\" decoding=\"async\" class=\"aligncenter wp-image-6715 size-full\" title=\"conmoto: X-Man Tisch f\u00fcr Indoor\" src=\"https:\/\/www.raum-blick.de\/magazin\/wp-content\/uploads\/2018\/10\/x-man-tisch-conmoto.jpg\" alt=\"x-man-tisch-conmoto\" width=\"600\" height=\"600\" srcset=\"https:\/\/raum-blick.de\/magazin\/wp-content\/uploads\/2018\/10\/x-man-tisch-conmoto.jpg 600w, https:\/\/raum-blick.de\/magazin\/wp-content\/uploads\/2018\/10\/x-man-tisch-conmoto-150x150.jpg 150w, https:\/\/raum-blick.de\/magazin\/wp-content\/uploads\/2018\/10\/x-man-tisch-conmoto-300x300.jpg 300w\" sizes=\"(max-width: 600px) 100vw, 600px\" \/><\/a><\/p>\n<p style=\"text-align: justify;\">Es liegt nicht nur im Trend, Betten aus Paletten zu bauen. Die Utensilien aus dem Segment der Lager- und Transporttechnik er\u00f6ffnen einen charmanten Link zur Vorgeschichte der Kellerwohnung. Dem minimalistischen Einrichtungskonzept kommen flexible Designideen entgegen. F\u00fcr den Alltag gen\u00fcgt es vollkommen, wenn Sie einen Beistelltisch vor dem Sofa drapieren. K\u00fcndigt sich Besuch an, erg\u00e4nzen Sie vor\u00fcbergehend ein weiteres Exemplar.<\/p>\n<p><img loading=\"lazy\" decoding=\"async\" class=\"aligncenter wp-image-6721 size-full\" title=\"Beistelltisch von Normann Copenhagen: Tablo Table\" src=\"https:\/\/www.raum-blick.de\/magazin\/wp-content\/uploads\/2018\/10\/normann-copenhagen-tisch-tablo-table.jpg\" alt=\"normann-copenhagen-tisch-tablo-table\" width=\"600\" height=\"600\" srcset=\"https:\/\/raum-blick.de\/magazin\/wp-content\/uploads\/2018\/10\/normann-copenhagen-tisch-tablo-table.jpg 600w, https:\/\/raum-blick.de\/magazin\/wp-content\/uploads\/2018\/10\/normann-copenhagen-tisch-tablo-table-150x150.jpg 150w, https:\/\/raum-blick.de\/magazin\/wp-content\/uploads\/2018\/10\/normann-copenhagen-tisch-tablo-table-300x300.jpg 300w\" sizes=\"(max-width: 600px) 100vw, 600px\" \/><\/p>\n<p style=\"text-align: justify;\">Den Weg zur Spontanit\u00e4t ebnet die Kollektion Tablo von <a href=\"https:\/\/www.raum-blick.de\/normann-copenhagen\/\">Normann Copenhagen<\/a>. Denn Nicholai Wig Hansen konzipierte die M\u00f6bel so, dass sie sich flink zerlegen und platzsparend verstauen lassen.<\/p>\n<h2><span class=\"ez-toc-section\" id=\"Mit_Spiegelflaechen_Lichtreflexionen_provozieren\"><\/span>Mit Spiegelfl\u00e4chen Lichtreflexionen provozieren<span class=\"ez-toc-section-end\"><\/span><\/h2>\n<p style=\"text-align: justify;\">In der Souterrainwohnung ist es wichtig, jeden Hauch von Tageslicht vollends auszukosten. Das gelingt durch den Verzicht auf schwere Vorh\u00e4nge und die ausgekl\u00fcgelte Platzierung von Spiegeln. Denn Reflexionen verst\u00e4rken die Lichtausbeute.<\/p>\n<p><a href=\"https:\/\/www.raum-blick.de\/skagerak-georg-spiegel\"><img loading=\"lazy\" decoding=\"async\" class=\"aligncenter wp-image-6724 size-full\" title=\"Spiegel von Skagerak: Georg | Material: Eiche | Design: Christina L. Halstr\u00f8m\" src=\"https:\/\/www.raum-blick.de\/magazin\/wp-content\/uploads\/2018\/10\/skagerak-georg-spiegel.jpg\" alt=\"skagerak-georg-spiegel\" width=\"600\" height=\"709\" srcset=\"https:\/\/raum-blick.de\/magazin\/wp-content\/uploads\/2018\/10\/skagerak-georg-spiegel.jpg 600w, https:\/\/raum-blick.de\/magazin\/wp-content\/uploads\/2018\/10\/skagerak-georg-spiegel-254x300.jpg 254w\" sizes=\"(max-width: 600px) 100vw, 600px\" \/><\/a><\/p>\n<p style=\"text-align: justify;\">Empfehlenswert sind formal klare Wohnaccessoires mit funktionellem Mehrwert. Der <a href=\"https:\/\/www.raum-blick.de\/skagerak-georg-spiegel\">Garderobenspiegel Georg von Skagerak<\/a> bew\u00e4hrt sich nicht nur bei der Begutachtung des Outfits. Wenn Sie ihn schr\u00e4g an die Wand lehnen, wird das auftreffende Licht teilweise an die Zimmerdecke gelenkt.<\/p>\n<p><a href=\"https:\/\/www.raum-blick.de\/magnetspiegel-max-60x40-cm\"><img loading=\"lazy\" decoding=\"async\" class=\"aligncenter wp-image-6728 size-full\" title=\"Magnetspiegel | 60x40 cm | Design: J\u00f6rg B\u00f6hler\" src=\"https:\/\/www.raum-blick.de\/magazin\/wp-content\/uploads\/2018\/10\/magnetspiegel-max-60x40-cm.jpg\" alt=\"magnetspiegel-max-60x40-cm\" width=\"600\" height=\"600\" srcset=\"https:\/\/raum-blick.de\/magazin\/wp-content\/uploads\/2018\/10\/magnetspiegel-max-60x40-cm.jpg 600w, https:\/\/raum-blick.de\/magazin\/wp-content\/uploads\/2018\/10\/magnetspiegel-max-60x40-cm-150x150.jpg 150w, https:\/\/raum-blick.de\/magazin\/wp-content\/uploads\/2018\/10\/magnetspiegel-max-60x40-cm-300x300.jpg 300w\" sizes=\"(max-width: 600px) 100vw, 600px\" \/><\/a><\/p>\n<p style=\"text-align: justify;\">Rechteckige Wandspiegel erh\u00f6hen nicht nur die Tageslichtausbeute. Sie lassen die Kellerwohnung gro\u00dfz\u00fcgiger erscheinen. J\u00f6rg B\u00f6hler konzipierte seine Designlinie magnetisch. Sie k\u00f6nnen deshalb nicht nur etwas darauf notieren. Die Spiegelfl\u00e4chen ersetzen die Pinnwand.<\/p>\n<p><img loading=\"lazy\" decoding=\"async\" class=\"aligncenter wp-image-6731 size-full\" title=\"stelton Kontra Isolierkanne aus poliertem Edelstahl | Design: Troels Seidenfaden, 2012\" src=\"https:\/\/www.raum-blick.de\/magazin\/wp-content\/uploads\/2018\/10\/kontra-isolierkanne-stelton.jpg\" alt=\"kontra-isolierkanne-stelton\" width=\"600\" height=\"600\" srcset=\"https:\/\/raum-blick.de\/magazin\/wp-content\/uploads\/2018\/10\/kontra-isolierkanne-stelton.jpg 600w, https:\/\/raum-blick.de\/magazin\/wp-content\/uploads\/2018\/10\/kontra-isolierkanne-stelton-150x150.jpg 150w, https:\/\/raum-blick.de\/magazin\/wp-content\/uploads\/2018\/10\/kontra-isolierkanne-stelton-300x300.jpg 300w\" sizes=\"(max-width: 600px) 100vw, 600px\" \/><\/p>\n<p style=\"text-align: justify;\">Es ist geschickt, beim Zubeh\u00f6r f\u00fcr den allt\u00e4glichen Gebrauch ebenfalls zu hochgl\u00e4nzenden Designideen zu tendieren. Steht die Isolierkanne Kontra von stelton auf dem Fr\u00fchst\u00fcckstisch, f\u00e4ngt der polierte Edelstahl die Morgensonne ein. Das tr\u00e4gt zum angenehmen Flair in der Parterrewohnung bei.<\/p>\n<h2><span class=\"ez-toc-section\" id=\"Designlampen_fuer_spannende_Lichteffekte\"><\/span>Designlampen f\u00fcr spannende Lichteffekte<span class=\"ez-toc-section-end\"><\/span><\/h2>\n<p style=\"text-align: justify;\">Eine effiziente Beleuchtung ben\u00f6tigen Sie in der Kellerwohnung nicht nur am Abend. Trotz der Einrichtungstipps gibt es meistenteils entlegene Winkel, die d\u00fcster anmuten. Bei tr\u00fcbem Wetter stellt sich tags\u00fcber selten die gew\u00fcnschte Helligkeit ein. Das spricht f\u00fcr zahlreiche Lichtquellen, wenn Sie die Souterrainwohnung einrichten. Damit die Raumgestaltung durch die vielen Lampen nicht unruhig erscheint, hat schicker Purismus erneut die Nase vorn.<\/p>\n<p><a href=\"https:\/\/www.raum-blick.de\/muuto-e27-led-pendelleuchte\"><img loading=\"lazy\" decoding=\"async\" class=\"aligncenter wp-image-6748 size-full\" title=\"Muuto E27 LED Pendelleuchte | Design: Mattias St\u00e5hlbom\" src=\"https:\/\/www.raum-blick.de\/magazin\/wp-content\/uploads\/2018\/10\/muuto-e27-led-pendelleuchte.jpg\" alt=\"muuto-e27-led-pendelleuchte\" width=\"600\" height=\"600\" srcset=\"https:\/\/raum-blick.de\/magazin\/wp-content\/uploads\/2018\/10\/muuto-e27-led-pendelleuchte.jpg 600w, https:\/\/raum-blick.de\/magazin\/wp-content\/uploads\/2018\/10\/muuto-e27-led-pendelleuchte-150x150.jpg 150w, https:\/\/raum-blick.de\/magazin\/wp-content\/uploads\/2018\/10\/muuto-e27-led-pendelleuchte-300x300.jpg 300w\" sizes=\"(max-width: 600px) 100vw, 600px\" \/><\/a><\/p>\n<p style=\"text-align: justify;\">Die Gl\u00fchbirne selbst r\u00fcckt Muuto bei der Produktserie E27 ins Rampenlicht, die mit Kabeln in starken Nuancen angeboten wird. So lassen sich beim Einrichten geschickt ein paar Farbtupfer integrieren. Einen unkonventionellen Touch erh\u00e4lt die Lichtgestaltung, wenn die Pendelleuchten nicht nur am Esstisch auftauchen. Durch das vier Meter lange Kabel k\u00f6nnen Sie die E27 so weit in den Raum hineinreichen lassen, dass sie beispielsweise die Nachttischlampe ersetzt.<\/p>\n<p><img loading=\"lazy\" decoding=\"async\" class=\"aligncenter wp-image-6751 size-full\" title=\"Lumina Daphine Terra LED Stehleuchte \/ Standleuchte | Design: Tommaso Cimini, 1977\" src=\"https:\/\/www.raum-blick.de\/magazin\/wp-content\/uploads\/2018\/10\/lumina-daphine-terra-led-stehleuchte.jpg\" alt=\"lumina-daphine-terra-led-stehleuchte\" width=\"600\" height=\"600\" srcset=\"https:\/\/raum-blick.de\/magazin\/wp-content\/uploads\/2018\/10\/lumina-daphine-terra-led-stehleuchte.jpg 600w, https:\/\/raum-blick.de\/magazin\/wp-content\/uploads\/2018\/10\/lumina-daphine-terra-led-stehleuchte-150x150.jpg 150w, https:\/\/raum-blick.de\/magazin\/wp-content\/uploads\/2018\/10\/lumina-daphine-terra-led-stehleuchte-300x300.jpg 300w\" sizes=\"(max-width: 600px) 100vw, 600px\" \/><\/p>\n<p style=\"text-align: justify;\">Filigran, sachlich und multifunktional ist die <a href=\"https:\/\/www.raum-blick.de\/lumina\/\">Daphine Terra von Lumina<\/a>. Tommaso Cimino gelang bei der multifunktionalen Stehlampe der Spagat zwischen Extravaganz und Diskretion. Die effiziente Ausleuchtung beim Arbeiten, das sanfte Umgebungslicht beim Lesen oder der gem\u00fctlichen Lichtakzent eines Deckenfluters: Die Ikone aus dem Jahr 1977 vereint alle Bed\u00fcrfnisse in einem Einrichtungsobjekt. Beide Designleuchten setzen auf die energiesparende LED-Technik. Das ist angesichts der Nutzungsmuster in einer Souterrainwohnung begr\u00fc\u00dfenswert.<\/p>\n<h2><span class=\"ez-toc-section\" id=\"Unkonventionelle_Naturdeko_fuer_die_Behaglichkeit\"><\/span>Unkonventionelle Naturdeko f\u00fcr die Behaglichkeit<span class=\"ez-toc-section-end\"><\/span><\/h2>\n<p style=\"text-align: justify;\">Geometrische Klarheit, puristische M\u00f6bel und k\u00fcnstliches Licht mit apartem Design: Diese Einrichtungsideen bescheren Ihnen Parterre eine helle Wohnwelt mit schickem Loftcharakter. Es ist sinnvoll, einige nat\u00fcrliche Akzente f\u00fcr die gem\u00fctliche Signatur zu erg\u00e4nzen. F\u00fcr Pflanzen sind die Rahmenbedingungen unvorteilhaft, wenn sie nicht direkt am Fenster platziert werden. Den ohnehin begrenzten Lichteinfall m\u00fcssten Sie sich aber mit den Gew\u00e4chsen teilen.<\/p>\n<div id=\"attachment_6755\" style=\"width: 610px\" class=\"wp-caption aligncenter\"><img loading=\"lazy\" decoding=\"async\" aria-describedby=\"caption-attachment-6755\" class=\"wp-image-6755 size-full\" title=\"Gr\u00fcner Bambus\" src=\"https:\/\/www.raum-blick.de\/magazin\/wp-content\/uploads\/2018\/10\/Gruener-Bambus.jpg\" alt=\"Gruener Bambus\" width=\"600\" height=\"400\" srcset=\"https:\/\/raum-blick.de\/magazin\/wp-content\/uploads\/2018\/10\/Gruener-Bambus.jpg 600w, https:\/\/raum-blick.de\/magazin\/wp-content\/uploads\/2018\/10\/Gruener-Bambus-300x200.jpg 300w\" sizes=\"(max-width: 600px) 100vw, 600px\" \/><p id=\"caption-attachment-6755\" class=\"wp-caption-text\">\u00a9 Arcady \/ Fotolia.com<\/p><\/div>\n<p style=\"text-align: justify;\">Wer eine Souterrainwohnung einrichten m\u00f6chte, wird sich an ungew\u00f6hnlichen Alternativen deshalb mehr erfreuen. Dazu z\u00e4hlen gr\u00fcne Bambusst\u00e4be, die Sie beim Einrichten vertikal arrangieren. Hierf\u00fcr finden sich im Baumarkt spezielle St\u00e4nder, die normalerweise f\u00fcr den Sichtschutz im Garten gedacht sind. Die Atmosph\u00e4re profitiert nicht nur vom Naturmaterial. Der schmale und hohe Bambus betont die senkrechten Linien. Das relativiert die niedrigen Zimmerdecken im Kellergeschoss. Denn der Raum wirkt h\u00f6her, als er tats\u00e4chlich ist.<\/p>\n<div id=\"attachment_6757\" style=\"width: 610px\" class=\"wp-caption aligncenter\"><img loading=\"lazy\" decoding=\"async\" aria-describedby=\"caption-attachment-6757\" class=\"wp-image-6757 size-full\" title=\"Treibholz\" src=\"https:\/\/www.raum-blick.de\/magazin\/wp-content\/uploads\/2018\/10\/Treibholz.jpg\" alt=\"Treibholz\" width=\"600\" height=\"400\" srcset=\"https:\/\/raum-blick.de\/magazin\/wp-content\/uploads\/2018\/10\/Treibholz.jpg 600w, https:\/\/raum-blick.de\/magazin\/wp-content\/uploads\/2018\/10\/Treibholz-300x200.jpg 300w\" sizes=\"(max-width: 600px) 100vw, 600px\" \/><p id=\"caption-attachment-6757\" class=\"wp-caption-text\">\u00a9 Harald Biebel \/ Fotolia.com<\/p><\/div>\n<p style=\"text-align: justify;\">Diesen Eindruck verst\u00e4rken Sie mit l\u00e4nglichen Treibh\u00f6lzern, die Sie mit Hanfseilen wandnah von der Decke herablassen. Die Seile heben ebenfalls die Vertikalen hervor, w\u00e4hrend das Holz f\u00fcr die lebhaften Natureindr\u00fccke gedacht ist: Leicht l\u00e4sst es sich mit Aussparungen versehen, in die Sie Reagenzgl\u00e4ser stecken. Darin setzen Sie Ihre Lieblingsblumen einzeln in Szene. Alternativ knipsen Sie bei Spazierg\u00e4ngen Zweige und Wiesenblumen ab. Dann erinnern Sie sich beim Blick auf die kreative Dekoration an sch\u00f6ne Momente in der Freizeit.<\/p>\n","protected":false},"excerpt":{"rendered":"<p>\u00ab M\u00f6bel und mehr f\u00fcr die Parterre-Gestaltung \u00bb Erschwingliche Mietobjekte sind hei\u00df begehrt. Bei einer Parterre- oder Souterrainwohnung bleibt das Interesse aber \u00fcberschaubar. Denn die architektonischen Besonderheiten erscheinen nicht optimal. Ein Detail wird dabei \u00fcbersehen: Die pragmatische Bausubstanz \u00e4hnelt h\u00e4ufig einem Loft und passt mit ihrem industriellen Touch fabelhaft zu aktuellen Wohntrends. Wenn Sie clevere [&hellip;]<\/p>\n","protected":false},"author":4,"featured_media":6759,"comment_status":"closed","ping_status":"open","sticky":false,"template":"","format":"standard","meta":{"_et_pb_use_builder":"","_et_pb_old_content":"","_et_gb_content_width":"","inline_featured_image":false,"footnotes":""},"categories":[1],"tags":[615,65,334,449,61,687,113,280,82,160,239,21,47,16,19,686,685,151,100,41,55],"class_list":["post-6701","post","type-post","status-publish","format-standard","has-post-thumbnail","hentry","category-drinnen","tag-beistelltisch","tag-conmoto","tag-design","tag-einrichtungsideen","tag-isolierkannen","tag-kellerwohnung","tag-konstantin-slawinski","tag-lampen","tag-lumina","tag-magnetspiegel","tag-muuto","tag-normann-copenhagen","tag-pendelleuchten","tag-regalsysteme","tag-skagerak","tag-souterrain","tag-souterrainwohnung","tag-spiegel","tag-stehleuchten","tag-stelton","tag-tische"],"_links":{"self":[{"href":"https:\/\/raum-blick.de\/magazin\/wp-json\/wp\/v2\/posts\/6701","targetHints":{"allow":["GET"]}}],"collection":[{"href":"https:\/\/raum-blick.de\/magazin\/wp-json\/wp\/v2\/posts"}],"about":[{"href":"https:\/\/raum-blick.de\/magazin\/wp-json\/wp\/v2\/types\/post"}],"author":[{"embeddable":true,"href":"https:\/\/raum-blick.de\/magazin\/wp-json\/wp\/v2\/users\/4"}],"replies":[{"embeddable":true,"href":"https:\/\/raum-blick.de\/magazin\/wp-json\/wp\/v2\/comments?post=6701"}],"version-history":[{"count":51,"href":"https:\/\/raum-blick.de\/magazin\/wp-json\/wp\/v2\/posts\/6701\/revisions"}],"predecessor-version":[{"id":20758,"href":"https:\/\/raum-blick.de\/magazin\/wp-json\/wp\/v2\/posts\/6701\/revisions\/20758"}],"wp:featuredmedia":[{"embeddable":true,"href":"https:\/\/raum-blick.de\/magazin\/wp-json\/wp\/v2\/media\/6759"}],"wp:attachment":[{"href":"https:\/\/raum-blick.de\/magazin\/wp-json\/wp\/v2\/media?parent=6701"}],"wp:term":[{"taxonomy":"category","embeddable":true,"href":"https:\/\/raum-blick.de\/magazin\/wp-json\/wp\/v2\/categories?post=6701"},{"taxonomy":"post_tag","embeddable":true,"href":"https:\/\/raum-blick.de\/magazin\/wp-json\/wp\/v2\/tags?post=6701"}],"curies":[{"name":"wp","href":"https:\/\/api.w.org\/{rel}","templated":true}]}}