{"id":6643,"date":"2018-09-25T14:54:54","date_gmt":"2018-09-25T12:54:54","guid":{"rendered":"https:\/\/www.raum-blick.de\/magazin\/?p=6643"},"modified":"2024-08-28T13:03:41","modified_gmt":"2024-08-28T11:03:41","slug":"tischdeko-gehoben","status":"publish","type":"post","link":"https:\/\/raum-blick.de\/magazin\/tischdeko-gehoben\/","title":{"rendered":"Stilvolle Tischdeko f\u00fcr gehobene Anl\u00e4sse"},"content":{"rendered":"<h2><span class=\"ez-toc-section\" id=\"%C2%AB_Bringen_Sie_Gaeste_zum_Staunen_%C2%BB\"><\/span>\u00ab Bringen Sie G\u00e4ste zum Staunen \u00bb<span class=\"ez-toc-section-end\"><\/span><\/h2>\n<p style=\"text-align: justify;\"><strong>Das Auge isst mit! Diese Weisheit bezieht sich nicht nur auf die appetitliche Darbietung der Speisen. Wenn die Tischdeko ein k\u00f6stliches Event stilvoll umrahmt, f\u00e4llt der Genuss umso gr\u00f6\u00dfer aus. Elegant wirken Arrangements, die diskret den Moment adeln. Es spricht aber auch nichts dagegen, die \u00e4sthetische Signatur etwas individueller anzugehen. <\/strong><\/p>\n<h2><span class=\"ez-toc-section\" id=\"Dekorative_Klassiker_fuer_den_Festtagstisch\"><\/span>Dekorative Klassiker f\u00fcr den Festtagstisch<span class=\"ez-toc-section-end\"><\/span><\/h2>\n<p style=\"text-align: justify;\">Ein einzigartiges Ereignis steht ins Haus, das Sie mit einem Dinner zelebrieren m\u00f6chten. Gleich mehrere G\u00e4nge mit exklusiven Ingredienzien werden den Gaumen verw\u00f6hnen. Im Keller wartet bereits eine Auswahl hochwertiger Weine auf die Degustation. Besteck, Gl\u00e4ser und Brotteller beanspruchen beim gehobenen Anlass reichlich Platz, wenn Sie den Tisch eindecken. Es ist deshalb wichtig, dass die Deko dezent ausf\u00e4llt. Denn ein Hauch zu viel gen\u00fcgt, damit die Tafel \u00fcberladen anmutet. Mit ihrer vornehmen Zur\u00fcckhaltung punkten die Teeleuchter aus Klarglas von <a href=\"https:\/\/www.raum-blick.de\/kaehler-design\/\">K\u00e4hler Design<\/a>. Feine Streifen g\u00f6nnen der formal klaren Tischdekoration einen modernen Akzent.<\/p><div id=\"ez-toc-container\" class=\"ez-toc-v2_0_82_2 counter-hierarchy ez-toc-counter ez-toc-grey ez-toc-container-direction\">\n<div class=\"ez-toc-title-container\">\n<p class=\"ez-toc-title\" style=\"cursor:inherit\">Was hier auf Sie wartet<\/p>\n<span class=\"ez-toc-title-toggle\"><a href=\"#\" class=\"ez-toc-pull-right ez-toc-btn ez-toc-btn-xs ez-toc-btn-default ez-toc-toggle\" aria-label=\"Toggle Table of Content\"><span class=\"ez-toc-js-icon-con\"><span class=\"\"><span class=\"eztoc-hide\" style=\"display:none;\">Toggle<\/span><span class=\"ez-toc-icon-toggle-span\"><svg style=\"fill: #999;color:#999\" xmlns=\"http:\/\/www.w3.org\/2000\/svg\" class=\"list-377408\" width=\"20px\" height=\"20px\" viewBox=\"0 0 24 24\" fill=\"none\"><path d=\"M6 6H4v2h2V6zm14 0H8v2h12V6zM4 11h2v2H4v-2zm16 0H8v2h12v-2zM4 16h2v2H4v-2zm16 0H8v2h12v-2z\" fill=\"currentColor\"><\/path><\/svg><svg style=\"fill: #999;color:#999\" class=\"arrow-unsorted-368013\" xmlns=\"http:\/\/www.w3.org\/2000\/svg\" width=\"10px\" height=\"10px\" viewBox=\"0 0 24 24\" version=\"1.2\" baseProfile=\"tiny\"><path d=\"M18.2 9.3l-6.2-6.3-6.2 6.3c-.2.2-.3.4-.3.7s.1.5.3.7c.2.2.4.3.7.3h11c.3 0 .5-.1.7-.3.2-.2.3-.5.3-.7s-.1-.5-.3-.7zM5.8 14.7l6.2 6.3 6.2-6.3c.2-.2.3-.5.3-.7s-.1-.5-.3-.7c-.2-.2-.4-.3-.7-.3h-11c-.3 0-.5.1-.7.3-.2.2-.3.5-.3.7s.1.5.3.7z\"\/><\/svg><\/span><\/span><\/span><\/a><\/span><\/div>\n<nav><ul class='ez-toc-list ez-toc-list-level-1 ' ><li class='ez-toc-page-1 ez-toc-heading-level-2'><a class=\"ez-toc-link ez-toc-heading-1\" href=\"https:\/\/raum-blick.de\/magazin\/tischdeko-gehoben\/#%C2%AB_Bringen_Sie_Gaeste_zum_Staunen_%C2%BB\" >\u00ab Bringen Sie G\u00e4ste zum Staunen \u00bb<\/a><\/li><li class='ez-toc-page-1 ez-toc-heading-level-2'><a class=\"ez-toc-link ez-toc-heading-2\" href=\"https:\/\/raum-blick.de\/magazin\/tischdeko-gehoben\/#Dekorative_Klassiker_fuer_den_Festtagstisch\" >Dekorative Klassiker f\u00fcr den Festtagstisch<\/a><\/li><li class='ez-toc-page-1 ez-toc-heading-level-2'><a class=\"ez-toc-link ez-toc-heading-3\" href=\"https:\/\/raum-blick.de\/magazin\/tischdeko-gehoben\/#Charmante_Dekorationsideen_fuer_Geniesser\" >Charmante Dekorationsideen f\u00fcr Genie\u00dfer<\/a><\/li><li class='ez-toc-page-1 ez-toc-heading-level-2'><a class=\"ez-toc-link ez-toc-heading-4\" href=\"https:\/\/raum-blick.de\/magazin\/tischdeko-gehoben\/#Fusion_aus_moderner_Romantik_und_japanischer_Kunst\" >Fusion aus moderner Romantik und japanischer Kunst<\/a><\/li><li class='ez-toc-page-1 ez-toc-heading-level-2'><a class=\"ez-toc-link ez-toc-heading-5\" href=\"https:\/\/raum-blick.de\/magazin\/tischdeko-gehoben\/#Gehobene_Gastlichkeit_im_Blitzverfahren\" >Gehobene Gastlichkeit im Blitzverfahren<\/a><\/li><\/ul><\/nav><\/div>\n\n<p><img loading=\"lazy\" decoding=\"async\" class=\"aligncenter wp-image-6691 size-full\" title=\"K\u00e4hler: Omaggio Teelichtleuchter\" src=\"https:\/\/www.raum-blick.de\/magazin\/wp-content\/uploads\/2018\/10\/kaehler-omaggio-teelichtleuchter.jpg\" alt=\"kaehler-omaggio-teelichtleuchter\" width=\"600\" height=\"350\" srcset=\"https:\/\/raum-blick.de\/magazin\/wp-content\/uploads\/2018\/10\/kaehler-omaggio-teelichtleuchter.jpg 600w, https:\/\/raum-blick.de\/magazin\/wp-content\/uploads\/2018\/10\/kaehler-omaggio-teelichtleuchter-300x175.jpg 300w\" sizes=\"(max-width: 600px) 100vw, 600px\" \/><\/p>\n<p style=\"text-align: justify;\">Gleiches gilt f\u00fcr die kleinen Keramikvasen in edlem Perlmuttton, die ebenfalls zur Kollektion Omaggio geh\u00f6ren. \u00dcberzeugend ist nicht nur die harmonische \u00c4sthetik der Designlinie. Dank der kompakten Ausf\u00fchrung findet sich f\u00fcr die Wohnaccessoires auch auf dem \u00fcppig eingedeckten Tisch ein Pl\u00e4tzchen. Wer sich einen markanten Blickfang w\u00fcnscht, drapiert am Tischrand ein gro\u00dfes Blumengef\u00e4\u00df der Serie.<\/p>\n<p><img loading=\"lazy\" decoding=\"async\" class=\"aligncenter wp-image-6694 size-full\" title=\"K\u00e4hler: Omaggio Glasvase medium\" src=\"https:\/\/www.raum-blick.de\/magazin\/wp-content\/uploads\/2018\/10\/kaehler-omaggio-vase-glas-medium.jpg\" alt=\"kaehler-omaggio-vase-glas-medium\" width=\"600\" height=\"600\" srcset=\"https:\/\/raum-blick.de\/magazin\/wp-content\/uploads\/2018\/10\/kaehler-omaggio-vase-glas-medium.jpg 600w, https:\/\/raum-blick.de\/magazin\/wp-content\/uploads\/2018\/10\/kaehler-omaggio-vase-glas-medium-150x150.jpg 150w, https:\/\/raum-blick.de\/magazin\/wp-content\/uploads\/2018\/10\/kaehler-omaggio-vase-glas-medium-300x300.jpg 300w\" sizes=\"(max-width: 600px) 100vw, 600px\" \/><\/p>\n<p style=\"text-align: justify;\">Treffend erscheint bei klassisch inszenierten Festlichkeiten ein Bezug zur Saison. Zu den typischen Herbstblumen z\u00e4hlt beispielsweise die Dahlie, die in zahlreichen Farben angeboten wird. Entscheiden Sie sich beispielsweise f\u00fcr ein sattes Rot und erg\u00e4nzen einige Hagebuttenzweige.<\/p>\n<div id=\"attachment_6697\" style=\"width: 610px\" class=\"wp-caption aligncenter\"><img loading=\"lazy\" decoding=\"async\" aria-describedby=\"caption-attachment-6697\" class=\"wp-image-6697 size-full\" title=\"Typische Herbstblumen\" src=\"https:\/\/www.raum-blick.de\/magazin\/wp-content\/uploads\/2018\/10\/Typische-Herbstblumen.jpg\" alt=\"Typische Herbstblumen\" width=\"600\" height=\"400\" srcset=\"https:\/\/raum-blick.de\/magazin\/wp-content\/uploads\/2018\/10\/Typische-Herbstblumen.jpg 600w, https:\/\/raum-blick.de\/magazin\/wp-content\/uploads\/2018\/10\/Typische-Herbstblumen-300x200.jpg 300w\" sizes=\"(max-width: 600px) 100vw, 600px\" \/><p id=\"caption-attachment-6697\" class=\"wp-caption-text\">\u00a9 agneskantaruk \/ Fotolia.com<\/p><\/div>\n<p style=\"text-align: justify;\">Die Str\u00e4u\u00dfe erhalten dadurch einen unkonventionellen Touch, ohne dass die Tischdeko zu salopp erscheint. Alternativ setzen Sie auf ein zartes Potpourri mit wei\u00dfem Seifenkraut und Zinnien im Pastellton.<\/p>\n<h2><span class=\"ez-toc-section\" id=\"Charmante_Dekorationsideen_fuer_Geniesser\"><\/span>Charmante Dekorationsideen f\u00fcr Genie\u00dfer<span class=\"ez-toc-section-end\"><\/span><\/h2>\n<p style=\"text-align: justify;\">Der Duft des Weines, das kr\u00e4ftige Aroma des Kr\u00e4uterdressings und die samtige Konsistenz des Desserts: Bekennende Feinschmecker erfassen die servierten Kompositionen mit allen Sinnen. Der wahrhaftige Luxus beim Gourmetdinner ist, dass sich alle G\u00e4ste ganzheitlich verw\u00f6hnt f\u00fchlen. Dazu passt eine stilvolle Tischdeko, die den Genuss thematisiert.<\/p>\n<p><a href=\"https:\/\/www.raum-blick.de\/weinlicht-side-by-side\"><img loading=\"lazy\" decoding=\"async\" class=\"aligncenter wp-image-6678 size-full\" title=\"Weinlicht von side-by-side | Material: Eiche ge\u00f6lt \u2013 Glas in klar oder moosgr\u00fcn\" src=\"https:\/\/www.raum-blick.de\/magazin\/wp-content\/uploads\/2018\/10\/weinlicht-side-by-side.jpg\" alt=\"weinlicht-side-by-side\" width=\"600\" height=\"600\" srcset=\"https:\/\/raum-blick.de\/magazin\/wp-content\/uploads\/2018\/10\/weinlicht-side-by-side.jpg 600w, https:\/\/raum-blick.de\/magazin\/wp-content\/uploads\/2018\/10\/weinlicht-side-by-side-150x150.jpg 150w, https:\/\/raum-blick.de\/magazin\/wp-content\/uploads\/2018\/10\/weinlicht-side-by-side-300x300.jpg 300w\" sizes=\"(max-width: 600px) 100vw, 600px\" \/><\/a><\/p>\n<p style=\"text-align: justify;\">An die kostbaren Sch\u00e4tze im Winzerkeller erinnert das <a href=\"https:\/\/www.raum-blick.de\/weinlicht-side-by-side\">WeinLicht von side-by-side<\/a>. Die Basis ist aus Eichenholz gefertigt, was Assoziationen mit Barriquef\u00e4ssern befl\u00fcgelt. F\u00fcr den oberen Teil verwendet der Hersteller eine Weinflasche. Gourmets interessieren sich nicht nur f\u00fcr die Kochkunst, sondern auch f\u00fcr die Herkunft der Zutaten. Diesen Aspekt k\u00f6nnen Sie geschickt aufgreifen: Verzichten Sie bei der Tischdeko auf herk\u00f6mmliche Blumenstr\u00e4u\u00dfe.<\/p>\n<p><img loading=\"lazy\" decoding=\"async\" class=\"aligncenter wp-image-6684 size-full\" title=\"Greenhouse Mini: Gew\u00e4chshaus als Tischversion\" src=\"https:\/\/www.raum-blick.de\/magazin\/wp-content\/uploads\/2018\/10\/design-house-stockholm-greenhouse-mini.jpg\" alt=\"design-house-stockholm-greenhouse-mini\" width=\"600\" height=\"600\" srcset=\"https:\/\/raum-blick.de\/magazin\/wp-content\/uploads\/2018\/10\/design-house-stockholm-greenhouse-mini.jpg 600w, https:\/\/raum-blick.de\/magazin\/wp-content\/uploads\/2018\/10\/design-house-stockholm-greenhouse-mini-150x150.jpg 150w, https:\/\/raum-blick.de\/magazin\/wp-content\/uploads\/2018\/10\/design-house-stockholm-greenhouse-mini-300x300.jpg 300w\" sizes=\"(max-width: 600px) 100vw, 600px\" \/><\/p>\n<p style=\"text-align: justify;\">Stattdessen r\u00fccken Sie die kleinen Gew\u00e4chsh\u00e4user von <a href=\"https:\/\/www.raum-blick.de\/design-house-stockholm\/\">Design House Stockholm<\/a> ins Rampenlicht, in denen die Sprossen f\u00fcr Ihre Salatkreationen gedeihen. Damit harmonieren essbare Deko-Ideen fabelhaft.<\/p>\n<p><img loading=\"lazy\" decoding=\"async\" class=\"aligncenter wp-image-6686 size-full\" title=\"Holmegaard: Selandia Schale\" src=\"https:\/\/www.raum-blick.de\/magazin\/wp-content\/uploads\/2018\/10\/holmegaard-selandia-schale.jpg\" alt=\"holmegaard-selandia-schale\" width=\"600\" height=\"600\" srcset=\"https:\/\/raum-blick.de\/magazin\/wp-content\/uploads\/2018\/10\/holmegaard-selandia-schale.jpg 600w, https:\/\/raum-blick.de\/magazin\/wp-content\/uploads\/2018\/10\/holmegaard-selandia-schale-150x150.jpg 150w, https:\/\/raum-blick.de\/magazin\/wp-content\/uploads\/2018\/10\/holmegaard-selandia-schale-300x300.jpg 300w\" sizes=\"(max-width: 600px) 100vw, 600px\" \/><\/p>\n<p style=\"text-align: justify;\">Die Glasschale Selandia von Holmegaard verw\u00f6hnt sogar ohne Inhalt das Auge. Wird sie mit frisch ger\u00f6steten Maronen bef\u00fcllt, freuen sich die G\u00e4ste nicht nur \u00fcber einen herbstlichen Blickfang. Schon beim Empfang umgarnt ein anheimelnder Geruch die Nase. Der Pluspunkt: Da die Tischdeko w\u00e4hrend des Abends gegessen wird, beansprucht sie keinen Platz im Schrank.<\/p>\n<h2><span class=\"ez-toc-section\" id=\"Fusion_aus_moderner_Romantik_und_japanischer_Kunst\"><\/span>Fusion aus moderner Romantik und japanischer Kunst<span class=\"ez-toc-section-end\"><\/span><\/h2>\n<p style=\"text-align: justify;\">Zum Hochzeitstag planen Sie ein vertrauliches Festessen mit den Trauzeugen. Zum Auftakt des neuen Lebensabschnitts m\u00f6chten Sie als Paar ein romantisches Dinner genie\u00dfen. Es ist ideal, wenn bei diesen Events reichlich Platz f\u00fcr die Inszenierung zur Verf\u00fcgung steht. Ziehen Sie den Tisch gegebenenfalls aus, obwohl die G\u00e4stezahl \u00fcberschaubar ist. Die seitlichen Bereiche empfehlen sich f\u00fcr die stilvolle Tischdeko. Rund um die Sitzpl\u00e4tze verzichten Sie hingegen auf jegliche Extras. So stehen die Personen im Mittelpunkt, die unvergessliche Stunden miteinander verbringen m\u00f6chten.<\/p>\n<p><a href=\"https:\/\/www.raum-blick.de\/by-lassen-kubus-4\"><img loading=\"lazy\" decoding=\"async\" class=\"aligncenter wp-image-6662 size-full\" title=\"by Lassen: Kubus 4 | Der ikonische Kubus 4 Kerzenhalter\" src=\"https:\/\/www.raum-blick.de\/magazin\/wp-content\/uploads\/2018\/10\/by-lassen-kubus-4-kerzenhalter.jpg\" alt=\"by-lassen-kubus-4-kerzenhalter\" width=\"600\" height=\"600\" srcset=\"https:\/\/raum-blick.de\/magazin\/wp-content\/uploads\/2018\/10\/by-lassen-kubus-4-kerzenhalter.jpg 600w, https:\/\/raum-blick.de\/magazin\/wp-content\/uploads\/2018\/10\/by-lassen-kubus-4-kerzenhalter-150x150.jpg 150w, https:\/\/raum-blick.de\/magazin\/wp-content\/uploads\/2018\/10\/by-lassen-kubus-4-kerzenhalter-300x300.jpg 300w\" sizes=\"(max-width: 600px) 100vw, 600px\" \/><\/a><\/p>\n<p style=\"text-align: justify;\">Sanft flackerndes Licht darf bei sinnlichen Momenten nicht fehlen. Ungew\u00f6hnlich inszeniert der <a href=\"https:\/\/www.raum-blick.de\/by-lassen-kubus-4\">Designklassiker Kubus 4<\/a> den Kerzenschein, den Mogens Lassen im Jahr 1962 entwarf.<\/p>\n<p><img loading=\"lazy\" decoding=\"async\" class=\"aligncenter wp-image-6664 size-full\" title=\"Georg Jensen: Kerzenhalter Cobra | in 3 Gr\u00f6\u00dfen erh\u00e4ltlich\" src=\"https:\/\/www.raum-blick.de\/magazin\/wp-content\/uploads\/2018\/10\/georg-jensen-kerzenhalter-cobra-verschiedene-groessen.jpg\" alt=\"georg-jensen-kerzenhalter-cobra-verschiedene-groessen\" width=\"600\" height=\"600\" srcset=\"https:\/\/raum-blick.de\/magazin\/wp-content\/uploads\/2018\/10\/georg-jensen-kerzenhalter-cobra-verschiedene-groessen.jpg 600w, https:\/\/raum-blick.de\/magazin\/wp-content\/uploads\/2018\/10\/georg-jensen-kerzenhalter-cobra-verschiedene-groessen-150x150.jpg 150w, https:\/\/raum-blick.de\/magazin\/wp-content\/uploads\/2018\/10\/georg-jensen-kerzenhalter-cobra-verschiedene-groessen-300x300.jpg 300w\" sizes=\"(max-width: 600px) 100vw, 600px\" \/><\/p>\n<p style=\"text-align: justify;\">\u00c4hnlich schick wirkt der geschwungene Kerzenhalter Cobra von Georg Jensen, der in verschiedenen Gr\u00f6\u00dfen erh\u00e4ltlich ist. Er eignet sich deshalb f\u00fcr dynamische Deko-Ideen.<\/p>\n<p><img loading=\"lazy\" decoding=\"async\" class=\"aligncenter wp-image-6667 size-full\" title=\"stelton: Foster Schale | in zwei Gr\u00f6\u00dfen erh\u00e4ltlich\" src=\"https:\/\/www.raum-blick.de\/magazin\/wp-content\/uploads\/2018\/10\/stelton-foster-schale.jpg\" alt=\"stelton-foster-schale\" width=\"600\" height=\"600\" srcset=\"https:\/\/raum-blick.de\/magazin\/wp-content\/uploads\/2018\/10\/stelton-foster-schale.jpg 600w, https:\/\/raum-blick.de\/magazin\/wp-content\/uploads\/2018\/10\/stelton-foster-schale-150x150.jpg 150w, https:\/\/raum-blick.de\/magazin\/wp-content\/uploads\/2018\/10\/stelton-foster-schale-300x300.jpg 300w\" sizes=\"(max-width: 600px) 100vw, 600px\" \/><\/p>\n<p style=\"text-align: justify;\">Gekonnt kn\u00fcpfen Sie an der k\u00fchlen Grazie der Kerzenst\u00e4nder mit einer Edelstahlschale von stelton an. Aus der Feder von Norman Foster stammt das zweifarbige Gef\u00e4\u00df, das sie f\u00fcr eine \u00dcberraschung nutzen. Daf\u00fcr schauen Sie \u00fcber den Tellerrand, genau genommen nach Japan. Dort wird eine Kunst gepflegt, die als Ikebana bezeichnet wird.<\/p>\n<div id=\"attachment_6675\" style=\"width: 610px\" class=\"wp-caption aligncenter\"><img loading=\"lazy\" decoding=\"async\" aria-describedby=\"caption-attachment-6675\" class=\"wp-image-6675 size-full\" title=\"Ikebana\" src=\"https:\/\/www.raum-blick.de\/magazin\/wp-content\/uploads\/2018\/10\/Ikebana.jpg\" alt=\"Ikebana\" width=\"600\" height=\"400\" srcset=\"https:\/\/raum-blick.de\/magazin\/wp-content\/uploads\/2018\/10\/Ikebana.jpg 600w, https:\/\/raum-blick.de\/magazin\/wp-content\/uploads\/2018\/10\/Ikebana-300x200.jpg 300w\" sizes=\"(max-width: 600px) 100vw, 600px\" \/><p id=\"caption-attachment-6675\" class=\"wp-caption-text\">\u00a9 Adam \/ Fotolia.com<\/p><\/div>\n<p style=\"text-align: justify;\">Bei einer Variante, der sogenannten Ohara-Schule pr\u00e4sentieren sich die beeindruckenden Blumenarrangements h\u00e4ufig in einer Schale. Der Unterschied zu westlichen Gestecken ist nicht nur die tiefsinnige Gestaltung. Neben den Bl\u00fcten einer Gattung werden zumeist auch andere Pflanzenteile ins Spiel gebracht. Platzieren Sie in der Metallschale den Kenzan, der einem Blumenigel \u00e4hnelt.<\/p>\n<div id=\"attachment_6670\" style=\"width: 610px\" class=\"wp-caption aligncenter\"><img loading=\"lazy\" decoding=\"async\" aria-describedby=\"caption-attachment-6670\" class=\"wp-image-6670 size-full\" title=\"Kenzan\" src=\"https:\/\/www.raum-blick.de\/magazin\/wp-content\/uploads\/2018\/10\/Kenzan.jpg\" alt=\"Kenzan\" width=\"600\" height=\"560\" srcset=\"https:\/\/raum-blick.de\/magazin\/wp-content\/uploads\/2018\/10\/Kenzan.jpg 600w, https:\/\/raum-blick.de\/magazin\/wp-content\/uploads\/2018\/10\/Kenzan-300x280.jpg 300w\" sizes=\"(max-width: 600px) 100vw, 600px\" \/><p id=\"caption-attachment-6670\" class=\"wp-caption-text\">\u00a9 mindstorm \/ Fotolia.com<\/p><\/div>\n<p style=\"text-align: justify;\">Exemplarisch k\u00f6nnten Sie den Baum inszenieren, in den Sie als verliebte Teenager Ihre Initialen einritzten. Daf\u00fcr empfehlen sich die gr\u00fcnen Bl\u00e4tter ebenso wie derbe \u00c4ste und das Moos, was im direkten Umfeld w\u00e4chst. Da die Nadeln des Utensils massiv und spitz sind, spricht nichts gegen Asymmetrien oder schwere Komponenten.<\/p>\n<blockquote>\n<p style=\"text-align: justify;\">Der Clou: Es handelt sich nicht um eine stilvolle Tischdekoration. Sie kr\u00f6nen den Anlass mit einer emotionalen Botschaft.<\/p>\n<\/blockquote>\n<h2><span class=\"ez-toc-section\" id=\"Gehobene_Gastlichkeit_im_Blitzverfahren\"><\/span>Gehobene Gastlichkeit im Blitzverfahren<span class=\"ez-toc-section-end\"><\/span><\/h2>\n<p style=\"text-align: justify;\">W\u00e4hrend sich spontan Besuch ank\u00fcndigt, sitzen Sie noch im B\u00fcro. Umgehend ist klar: Der Zeitpuffer zwischen Arbeit und dem Eintreffen der G\u00e4steschar ist enorm knapp. Wer f\u00fcr die stilvolle Tischdeko in solchen Situationen gewappnet sein m\u00f6chte, leistet sich Designikonen mit unverg\u00e4nglichem Charme.<\/p>\n<p><a href=\"https:\/\/www.raum-blick.de\/lyngby-porzellan-glasvase\"><img loading=\"lazy\" decoding=\"async\" class=\"aligncenter wp-image-6655 size-full\" title=\"Lyngby Porcel\u00e6n: Vase aus Glas\" src=\"https:\/\/www.raum-blick.de\/magazin\/wp-content\/uploads\/2018\/10\/lyngby-porzellan-vase-glas.jpg\" alt=\"lyngby-porzellan-vase-glas\" width=\"600\" height=\"600\" srcset=\"https:\/\/raum-blick.de\/magazin\/wp-content\/uploads\/2018\/10\/lyngby-porzellan-vase-glas.jpg 600w, https:\/\/raum-blick.de\/magazin\/wp-content\/uploads\/2018\/10\/lyngby-porzellan-vase-glas-150x150.jpg 150w, https:\/\/raum-blick.de\/magazin\/wp-content\/uploads\/2018\/10\/lyngby-porzellan-vase-glas-300x300.jpg 300w\" sizes=\"(max-width: 600px) 100vw, 600px\" \/><\/a><\/p>\n<p style=\"text-align: justify;\">Hierzu z\u00e4hlt die geriffelte <a href=\"https:\/\/www.raum-blick.de\/lyngby-porzellan\/\">Vase von Lyngby Porcel\u00e6n<\/a>, um die sich inzwischen eine facettenreiche Glaskollektion rankt. Zur geradlinigen Blumenvase gesellen sich die bunten Teelichthalter und die vielseitigen Bonbonnieren der Linie. Darin k\u00f6nnen Sie beispielsweise Zucker oder Gew\u00fcrze einf\u00fcllen.<\/p>\n<p><center><img loading=\"lazy\" decoding=\"async\" class=\"alignnone wp-image-6650 size-full\" title=\"Lyngby Porcel\u00e6n: Bonbonniere aus Glas\" src=\"https:\/\/www.raum-blick.de\/magazin\/wp-content\/uploads\/2018\/10\/lyngby-porzellan-bonbonniere-glas.jpg\" alt=\"lyngby-porzellan-bonbonniere-glas\" width=\"300\" height=\"300\" srcset=\"https:\/\/raum-blick.de\/magazin\/wp-content\/uploads\/2018\/10\/lyngby-porzellan-bonbonniere-glas.jpg 300w, https:\/\/raum-blick.de\/magazin\/wp-content\/uploads\/2018\/10\/lyngby-porzellan-bonbonniere-glas-150x150.jpg 150w\" sizes=\"(max-width: 300px) 100vw, 300px\" \/> <img loading=\"lazy\" decoding=\"async\" class=\"alignnone wp-image-6651 size-full\" title=\"Lyngby Porcel\u00e6n: Teelichthalter aus Glas\" src=\"https:\/\/www.raum-blick.de\/magazin\/wp-content\/uploads\/2018\/10\/lyngby-porzellan-teelichthalter-glas.jpg\" alt=\"lyngby-porzellan-teelichthalter-glas\" width=\"300\" height=\"300\" srcset=\"https:\/\/raum-blick.de\/magazin\/wp-content\/uploads\/2018\/10\/lyngby-porzellan-teelichthalter-glas.jpg 300w, https:\/\/raum-blick.de\/magazin\/wp-content\/uploads\/2018\/10\/lyngby-porzellan-teelichthalter-glas-150x150.jpg 150w\" sizes=\"(max-width: 300px) 100vw, 300px\" \/><\/center><\/p>\n<p style=\"text-align: justify;\">Durch den roten Faden zwischen der Dekoration und dem Zubeh\u00f6r f\u00fcr den Service wirkt der gedeckte Tisch sehr harmonisch. Dank des farbenfrohen Sets ist das Eindecken nicht nur binnen von Minuten vollbracht. Es gen\u00fcgt vollkommen, wenn Sie am Blumenstand im Supermarkt ein Bund wei\u00dfe Teerosen ergattern.<\/p>\n<div id=\"attachment_6657\" style=\"width: 610px\" class=\"wp-caption aligncenter\"><img loading=\"lazy\" decoding=\"async\" aria-describedby=\"caption-attachment-6657\" class=\"wp-image-6657 size-full\" title=\"Raclette\" src=\"https:\/\/www.raum-blick.de\/magazin\/wp-content\/uploads\/2018\/10\/raclette.jpg\" alt=\"raclette\" width=\"600\" height=\"400\" srcset=\"https:\/\/raum-blick.de\/magazin\/wp-content\/uploads\/2018\/10\/raclette.jpg 600w, https:\/\/raum-blick.de\/magazin\/wp-content\/uploads\/2018\/10\/raclette-300x200.jpg 300w\" sizes=\"(max-width: 600px) 100vw, 600px\" \/><p id=\"caption-attachment-6657\" class=\"wp-caption-text\">\u00a9 M.studio \/ Fotolia.com<\/p><\/div>\n<p style=\"text-align: justify;\">F\u00fcr den k\u00f6stlichen Part gilt die Devise: Lassen Sie die Besucher selbst kochen. Nach einem kurzen Streifzug durch die Feinkostecke, steht das Raclette f\u00fcr Anspruchsvolle. Denn mit Komponenten wie Nordseekrabben, Muscheln, Filetstreifen oder frischer Ananas wirkt der Klassiker umgehend exklusiver. Gleiches gilt f\u00fcrs Schokoladenfondue am Nachmittag, wenn exotische Fr\u00fcchte ins Spiel gebracht werden.<\/p>\n","protected":false},"excerpt":{"rendered":"<p>\u00ab Bringen Sie G\u00e4ste zum Staunen \u00bb Das Auge isst mit! Diese Weisheit bezieht sich nicht nur auf die appetitliche Darbietung der Speisen. Wenn die Tischdeko ein k\u00f6stliches Event stilvoll umrahmt, f\u00e4llt der Genuss umso gr\u00f6\u00dfer aus. Elegant wirken Arrangements, die diskret den Moment adeln. Es spricht aber auch nichts dagegen, die \u00e4sthetische Signatur etwas [&hellip;]<\/p>\n","protected":false},"author":4,"featured_media":6699,"comment_status":"closed","ping_status":"open","sticky":false,"template":"","format":"standard","meta":{"_et_pb_use_builder":"","_et_pb_old_content":"","_et_gb_content_width":"","inline_featured_image":false,"footnotes":""},"categories":[7],"tags":[352,287,342,683,681,682,341,506,359,684,221,357,288,558,468,133,41,680,493,494,215,343],"class_list":["post-6643","post","type-post","status-publish","format-standard","has-post-thumbnail","hentry","category-accessoires-lifestyle","tag-bonbonniere","tag-by-lassen","tag-dekoration","tag-dekorationsideen","tag-festtagstisch","tag-gehoben","tag-georg-jensen","tag-gewaechshaeuser","tag-glasvasen","tag-greenhouse","tag-holmegaard","tag-kaehler","tag-kerzenhalter","tag-lyngby","tag-schalen","tag-side-by-side","tag-stelton","tag-stilvoll","tag-teelichthalter","tag-teelichtleuchter","tag-tischdeko","tag-weinlicht"],"_links":{"self":[{"href":"https:\/\/raum-blick.de\/magazin\/wp-json\/wp\/v2\/posts\/6643","targetHints":{"allow":["GET"]}}],"collection":[{"href":"https:\/\/raum-blick.de\/magazin\/wp-json\/wp\/v2\/posts"}],"about":[{"href":"https:\/\/raum-blick.de\/magazin\/wp-json\/wp\/v2\/types\/post"}],"author":[{"embeddable":true,"href":"https:\/\/raum-blick.de\/magazin\/wp-json\/wp\/v2\/users\/4"}],"replies":[{"embeddable":true,"href":"https:\/\/raum-blick.de\/magazin\/wp-json\/wp\/v2\/comments?post=6643"}],"version-history":[{"count":50,"href":"https:\/\/raum-blick.de\/magazin\/wp-json\/wp\/v2\/posts\/6643\/revisions"}],"predecessor-version":[{"id":20768,"href":"https:\/\/raum-blick.de\/magazin\/wp-json\/wp\/v2\/posts\/6643\/revisions\/20768"}],"wp:featuredmedia":[{"embeddable":true,"href":"https:\/\/raum-blick.de\/magazin\/wp-json\/wp\/v2\/media\/6699"}],"wp:attachment":[{"href":"https:\/\/raum-blick.de\/magazin\/wp-json\/wp\/v2\/media?parent=6643"}],"wp:term":[{"taxonomy":"category","embeddable":true,"href":"https:\/\/raum-blick.de\/magazin\/wp-json\/wp\/v2\/categories?post=6643"},{"taxonomy":"post_tag","embeddable":true,"href":"https:\/\/raum-blick.de\/magazin\/wp-json\/wp\/v2\/tags?post=6643"}],"curies":[{"name":"wp","href":"https:\/\/api.w.org\/{rel}","templated":true}]}}