{"id":6535,"date":"2018-09-11T12:23:05","date_gmt":"2018-09-11T10:23:05","guid":{"rendered":"https:\/\/www.raum-blick.de\/magazin\/?p=6535"},"modified":"2024-08-30T13:52:16","modified_gmt":"2024-08-30T11:52:16","slug":"buero-einrichten","status":"publish","type":"post","link":"https:\/\/raum-blick.de\/magazin\/buero-einrichten\/","title":{"rendered":"Wie Sie ein modernes B\u00fcro einrichten"},"content":{"rendered":"<h2><span class=\"ez-toc-section\" id=\"%C2%AB_Gestaltungstipps_fuer_Ihr_Arbeitszimmer_%C2%BB\"><\/span>\u00ab Gestaltungstipps f\u00fcr Ihr Arbeitszimmer \u00bb<span class=\"ez-toc-section-end\"><\/span><\/h2>\n<p style=\"text-align: justify;\"><strong>Die Digitalisierung er\u00f6ffnet allen Lebensbereichen neue M\u00f6glichkeiten. Das gilt auch f\u00fcrs Arbeitszimmer. Denn f\u00fcr Materialien, allen voran Papier wird heute weniger Stauraum ben\u00f6tigt als fr\u00fcher. So steht einem luftigen Flair nichts mehr im Wege, das f\u00fcr die Motivation und Konzentration vorteilhaft ist. Pfiffige Designideen erleichtern es Ihnen zus\u00e4tzlich, ein modernes B\u00fcro zu gestalten.<\/strong><\/p>\n<h2><span class=\"ez-toc-section\" id=\"Konzentration_auf_das_Wesentliche\"><\/span>Konzentration auf das Wesentliche<span class=\"ez-toc-section-end\"><\/span><\/h2>\n<p style=\"text-align: justify;\">Wuchtige Aktenschr\u00e4nke, Regale bis zur Decke und mehrst\u00f6ckige Ablagen f\u00fcr Dokumente auf dem Schreibtisch: Einst f\u00fchrte an dieser beschwerenden B\u00fcroeinrichtung kaum ein Weg vorbei. Denn mit der Zeit sammelten sich zahlreiche Aktenordner, B\u00fccher und Verbrauchsartikel an. Das Blatt hat sich gl\u00fccklicherweise gewendet. Archiviertes Material wird in der Cloud gelagert, w\u00e4hrend sich die Fachliteratur auf dem Computer befindet. Immer seltener landen Briefe im Postkasten. Sogar bei amtlichen Schriftst\u00fccken wird das elektronische Format forciert. Verschlankt hat sich auch die Technik, da das Notebook h\u00e4ufig den sperrigen PC ersetzt. Es spricht deshalb nichts gegen eine Arbeitsfl\u00e4che mit \u00fcberschaubaren Ma\u00dfen.<\/p><div id=\"ez-toc-container\" class=\"ez-toc-v2_0_82_2 counter-hierarchy ez-toc-counter ez-toc-grey ez-toc-container-direction\">\n<div class=\"ez-toc-title-container\">\n<p class=\"ez-toc-title\" style=\"cursor:inherit\">Was hier auf Sie wartet<\/p>\n<span class=\"ez-toc-title-toggle\"><a href=\"#\" class=\"ez-toc-pull-right ez-toc-btn ez-toc-btn-xs ez-toc-btn-default ez-toc-toggle\" aria-label=\"Toggle Table of Content\"><span class=\"ez-toc-js-icon-con\"><span class=\"\"><span class=\"eztoc-hide\" style=\"display:none;\">Toggle<\/span><span class=\"ez-toc-icon-toggle-span\"><svg style=\"fill: #999;color:#999\" xmlns=\"http:\/\/www.w3.org\/2000\/svg\" class=\"list-377408\" width=\"20px\" height=\"20px\" viewBox=\"0 0 24 24\" fill=\"none\"><path d=\"M6 6H4v2h2V6zm14 0H8v2h12V6zM4 11h2v2H4v-2zm16 0H8v2h12v-2zM4 16h2v2H4v-2zm16 0H8v2h12v-2z\" fill=\"currentColor\"><\/path><\/svg><svg style=\"fill: #999;color:#999\" class=\"arrow-unsorted-368013\" xmlns=\"http:\/\/www.w3.org\/2000\/svg\" width=\"10px\" height=\"10px\" viewBox=\"0 0 24 24\" version=\"1.2\" baseProfile=\"tiny\"><path d=\"M18.2 9.3l-6.2-6.3-6.2 6.3c-.2.2-.3.4-.3.7s.1.5.3.7c.2.2.4.3.7.3h11c.3 0 .5-.1.7-.3.2-.2.3-.5.3-.7s-.1-.5-.3-.7zM5.8 14.7l6.2 6.3 6.2-6.3c.2-.2.3-.5.3-.7s-.1-.5-.3-.7c-.2-.2-.4-.3-.7-.3h-11c-.3 0-.5.1-.7.3-.2.2-.3.5-.3.7s.1.5.3.7z\"\/><\/svg><\/span><\/span><\/span><\/a><\/span><\/div>\n<nav><ul class='ez-toc-list ez-toc-list-level-1 ' ><li class='ez-toc-page-1 ez-toc-heading-level-2'><a class=\"ez-toc-link ez-toc-heading-1\" href=\"https:\/\/raum-blick.de\/magazin\/buero-einrichten\/#%C2%AB_Gestaltungstipps_fuer_Ihr_Arbeitszimmer_%C2%BB\" >\u00ab Gestaltungstipps f\u00fcr Ihr Arbeitszimmer \u00bb<\/a><\/li><li class='ez-toc-page-1 ez-toc-heading-level-2'><a class=\"ez-toc-link ez-toc-heading-2\" href=\"https:\/\/raum-blick.de\/magazin\/buero-einrichten\/#Konzentration_auf_das_Wesentliche\" >Konzentration auf das Wesentliche<\/a><\/li><li class='ez-toc-page-1 ez-toc-heading-level-2'><a class=\"ez-toc-link ez-toc-heading-3\" href=\"https:\/\/raum-blick.de\/magazin\/buero-einrichten\/#Praktische_Bueroregale_fuer_fluessige_Arbeitsablaeufe\" >Praktische B\u00fcroregale f\u00fcr fl\u00fcssige Arbeitsabl\u00e4ufe<\/a><\/li><li class='ez-toc-page-1 ez-toc-heading-level-2'><a class=\"ez-toc-link ez-toc-heading-4\" href=\"https:\/\/raum-blick.de\/magazin\/buero-einrichten\/#Natuerliche_Akzente_fuer_angenehmes_Arbeitsklima\" >Nat\u00fcrliche Akzente f\u00fcr angenehmes Arbeitsklima<\/a><\/li><li class='ez-toc-page-1 ez-toc-heading-level-2'><a class=\"ez-toc-link ez-toc-heading-5\" href=\"https:\/\/raum-blick.de\/magazin\/buero-einrichten\/#Designmoebel_als_Quelle_der_Inspiration\" >Designm\u00f6bel als Quelle der Inspiration<\/a><\/li><\/ul><\/nav><\/div>\n\n<p><img loading=\"lazy\" decoding=\"async\" class=\"aligncenter wp-image-6548 size-full\" title=\"Miss Moneypenny Sekret\u00e4r von radius | Design: Ralph Kraeuter\" src=\"https:\/\/www.raum-blick.de\/magazin\/wp-content\/uploads\/2018\/10\/miss-moneypenny-sekretaer-radius-design.jpg\" alt=\"miss-moneypenny-sekretaer-radius-design\" width=\"600\" height=\"600\" srcset=\"https:\/\/raum-blick.de\/magazin\/wp-content\/uploads\/2018\/10\/miss-moneypenny-sekretaer-radius-design.jpg 600w, https:\/\/raum-blick.de\/magazin\/wp-content\/uploads\/2018\/10\/miss-moneypenny-sekretaer-radius-design-150x150.jpg 150w, https:\/\/raum-blick.de\/magazin\/wp-content\/uploads\/2018\/10\/miss-moneypenny-sekretaer-radius-design-300x300.jpg 300w\" sizes=\"(max-width: 600px) 100vw, 600px\" \/><\/p>\n<p style=\"text-align: justify;\">Hierf\u00fcr ist die puristische Interpretation des Sekret\u00e4rs von <a href=\"https:\/\/www.raum-blick.de\/radius-design\/\">radius design<\/a> ein gelungenes Beispiel, die den Namen &#8222;Miss Moneypenny&#8220; tr\u00e4gt. Das Konzept aus Stahl und lasiertem Holz wirkt nicht nur ausgesprochen schick. Es \u00fcberzeugt mit einer optischen Leichtigkeit, die nicht zuletzt der kompakten Statur zu verdanken ist. Trotzdem ist gen\u00fcgend Platz f\u00fcr den Laptop und das wichtigste Zubeh\u00f6r verf\u00fcgbar.<\/p>\n<p><a href=\"https:\/\/www.raum-blick.de\/laptophalter-fuer-sekretaer-miss-moneypenny-radius-design\"><img loading=\"lazy\" decoding=\"async\" class=\"aligncenter wp-image-6550 size-full\" title=\"Laptophalter f\u00fcr Sekret\u00e4r Miss Moneypenny von radius | Design: Ralph Kraeuter\" src=\"https:\/\/www.raum-blick.de\/magazin\/wp-content\/uploads\/2018\/10\/laptophalter-fuer-sekretaer-miss-moneypenny-radius-design.jpg\" alt=\"laptophalter-fuer-sekretaer-miss-moneypenny-radius-design\" width=\"600\" height=\"600\" srcset=\"https:\/\/raum-blick.de\/magazin\/wp-content\/uploads\/2018\/10\/laptophalter-fuer-sekretaer-miss-moneypenny-radius-design.jpg 600w, https:\/\/raum-blick.de\/magazin\/wp-content\/uploads\/2018\/10\/laptophalter-fuer-sekretaer-miss-moneypenny-radius-design-150x150.jpg 150w, https:\/\/raum-blick.de\/magazin\/wp-content\/uploads\/2018\/10\/laptophalter-fuer-sekretaer-miss-moneypenny-radius-design-300x300.jpg 300w\" sizes=\"(max-width: 600px) 100vw, 600px\" \/><\/a><\/p>\n<p style=\"text-align: justify;\">Die Kabel f\u00fcrs Arbeitsger\u00e4t verschwinden im integrierten Kanal, damit sie sich dem Blickfeld entziehen. Wer aktuelle Unterlagen und technische Hilfsmittel wie das Tablet griffbereit positionieren m\u00f6chte, drapiert im n\u00e4heren Umfeld einen Beistelltisch. Mit seiner Flexibilit\u00e4t punktet der Radius X-Centric, des Duos Murken \/ Hansen. Denn die Abstellfl\u00e4che l\u00e4sst sich spontan verdoppeln.<\/p>\n<p><img loading=\"lazy\" decoding=\"async\" class=\"aligncenter wp-image-6544 size-full\" title=\"X-CENTRIC Beistelltisch von radius design | Design: Murken Hansen\" src=\"https:\/\/www.raum-blick.de\/magazin\/wp-content\/uploads\/2018\/10\/x-centric-beistelltisch-radius-design.jpg\" alt=\"x-centric-beistelltisch-radius-design\" width=\"600\" height=\"600\" srcset=\"https:\/\/raum-blick.de\/magazin\/wp-content\/uploads\/2018\/10\/x-centric-beistelltisch-radius-design.jpg 600w, https:\/\/raum-blick.de\/magazin\/wp-content\/uploads\/2018\/10\/x-centric-beistelltisch-radius-design-150x150.jpg 150w, https:\/\/raum-blick.de\/magazin\/wp-content\/uploads\/2018\/10\/x-centric-beistelltisch-radius-design-300x300.jpg 300w\" sizes=\"(max-width: 600px) 100vw, 600px\" \/><\/p>\n<p style=\"text-align: justify;\">Wenn Sie ein modernes B\u00fcro einrichten, ist das geschilderte Platzangebot im Arbeitsbereich meist ideal. Es deckt nicht nur die g\u00e4ngigen Bed\u00fcrfnisse ab. Es leitet Sie dazu an, sich auf das Notwendigste zu beschr\u00e4nken und die Aufgaben geordnet anzugehen. F\u00fcr die Produktivit\u00e4t ist dieser Aspekt nicht unwesentlich.<\/p>\n<h2><span class=\"ez-toc-section\" id=\"Praktische_Bueroregale_fuer_fluessige_Arbeitsablaeufe\"><\/span>Praktische B\u00fcroregale f\u00fcr fl\u00fcssige Arbeitsabl\u00e4ufe<span class=\"ez-toc-section-end\"><\/span><\/h2>\n<p style=\"text-align: justify;\">Idealerweise steht der Schreibtisch frei im Raum und im rechten Winkel zum Fenster. So nutzen Sie optimal das Tageslicht und k\u00f6nnen beim Nachdenken den Blick in die Ferne schweifen lassen. Da sich der Platzbedarf ver\u00e4ndert hat, d\u00fcrfen gigantische Schrankfronten gerne au\u00dfen vor bleiben. Stattdessen integrieren Sie ein B\u00fcroregal, wenn Sie das Arbeitszimmer einrichten.<\/p>\n<p><img loading=\"lazy\" decoding=\"async\" class=\"aligncenter wp-image-6558 size-full\" title=\"Regalsystem von Konstantin Slawinski: SL052 YU | 2 Reihen | Design: Knut V\u00f6lzke, 2015\" src=\"https:\/\/www.raum-blick.de\/magazin\/wp-content\/uploads\/2018\/10\/regal-yu-set2-konstantin-slawinski.jpg\" alt=\"regal-yu-set2-konstantin-slawinski\" width=\"600\" height=\"469\" srcset=\"https:\/\/raum-blick.de\/magazin\/wp-content\/uploads\/2018\/10\/regal-yu-set2-konstantin-slawinski.jpg 600w, https:\/\/raum-blick.de\/magazin\/wp-content\/uploads\/2018\/10\/regal-yu-set2-konstantin-slawinski-300x235.jpg 300w\" sizes=\"(max-width: 600px) 100vw, 600px\" \/><\/p>\n<p style=\"text-align: justify;\">Fabelhaft eignet sich daf\u00fcr das System von Konstantin Slawinski. Der Hersteller achtete darauf, dass die F\u00e4cher mit der DIN-Norm von Ordnern harmonieren. Es handelt sich au\u00dferdem um ein Konzept, das Sie passend zu Ihren Vorstellungen erweitern und aufstocken k\u00f6nnen.<\/p>\n<p><img loading=\"lazy\" decoding=\"async\" class=\"aligncenter wp-image-6560 size-full\" title=\"Regalsystem von Konstantin Slawinski: SL52 YU | 3 Reihen | Design: Knut V\u00f6lzke, 2015\" src=\"https:\/\/www.raum-blick.de\/magazin\/wp-content\/uploads\/2018\/10\/regal-yu-set3-konstantin-slawinski.jpg\" alt=\"regal-yu-set3-konstantin-slawinski\" width=\"600\" height=\"560\" srcset=\"https:\/\/raum-blick.de\/magazin\/wp-content\/uploads\/2018\/10\/regal-yu-set3-konstantin-slawinski.jpg 600w, https:\/\/raum-blick.de\/magazin\/wp-content\/uploads\/2018\/10\/regal-yu-set3-konstantin-slawinski-300x280.jpg 300w\" sizes=\"(max-width: 600px) 100vw, 600px\" \/><\/p>\n<p style=\"text-align: justify;\">Begr\u00fc\u00dfenswert ist die Fusion aus klarer Formsprache und mehrfarbigem Design. Die B\u00fcroeinrichtung belebt dadurch das Flair, ohne zu viel Aufmerksamkeit zu erregen. Arrangieren Sie das Regal so, dass Sie mit dem R\u00fccken dazu sitzen. Denn dort deponieren Sie pragmatische B\u00fcroartikel und Dokumente f\u00fcr zuk\u00fcnftige Aufgaben, die w\u00e4hrend der Arbeit nicht Ihr Interesse verdienen. Nachschlagewerke, Ladeger\u00e4te und Stifte geh\u00f6ren zum Zubeh\u00f6r, das regelm\u00e4\u00dfig im Einsatz ist. Hierf\u00fcr ist ein Wandregal im direkten Arbeitsumfeld sinnvoll, beispielsweise das Modell Pocket von String.<\/p>\n<p><a href=\"https:\/\/www.raum-blick.de\/string-pocket-regal\"><img loading=\"lazy\" decoding=\"async\" class=\"aligncenter wp-image-6556 size-full\" title=\"Pocket Wandregal von String | Design: Nisse Strinning\" src=\"https:\/\/www.raum-blick.de\/magazin\/wp-content\/uploads\/2018\/10\/string-pocket-regal.jpg\" alt=\"string-pocket-regal\" width=\"600\" height=\"600\" srcset=\"https:\/\/raum-blick.de\/magazin\/wp-content\/uploads\/2018\/10\/string-pocket-regal.jpg 600w, https:\/\/raum-blick.de\/magazin\/wp-content\/uploads\/2018\/10\/string-pocket-regal-150x150.jpg 150w, https:\/\/raum-blick.de\/magazin\/wp-content\/uploads\/2018\/10\/string-pocket-regal-300x300.jpg 300w\" sizes=\"(max-width: 600px) 100vw, 600px\" \/><\/a><\/p>\n<p style=\"text-align: justify;\">Obwohl der Entwurf vor Jahrzehnten entstand, entspricht die minimalistische \u00c4sthetik dem aktuellen Zeitgeist. Seitlich vom Sekret\u00e4r ist die optimale Position f\u00fcr diesen Stammplatz, wenn Sie das B\u00fcro einrichten. Sie m\u00f6chten sich schlie\u00dflich nicht gro\u00dfartig bewegen, um Ihre Lieblingsutensilien zu erreichen.<\/p>\n<h2><span class=\"ez-toc-section\" id=\"Natuerliche_Akzente_fuer_angenehmes_Arbeitsklima\"><\/span>Nat\u00fcrliche Akzente f\u00fcr angenehmes Arbeitsklima<span class=\"ez-toc-section-end\"><\/span><\/h2>\n<p style=\"text-align: justify;\">Wer wenige M\u00f6bel ins B\u00fcro integriert, freut sich nicht nur \u00fcber eine unbeschwerte Atmosph\u00e4re. Es bleibt Raum f\u00fcr Designideen, die zum Erfolg beitragen.<\/p>\n<p><img loading=\"lazy\" decoding=\"async\" class=\"aligncenter wp-image-6569 size-full\" title=\"Glas Magnettafel MAX: 100x60 cm | Farbe: Gr\u00fcn | Design: J\u00f6rg B\u00f6hler\" src=\"https:\/\/www.raum-blick.de\/magazin\/wp-content\/uploads\/2018\/10\/glas-magnettafel-max-100x60-cm-gruen.jpg\" alt=\"glas-magnettafel-max-100x60-cm-gruen\" width=\"600\" height=\"600\" srcset=\"https:\/\/raum-blick.de\/magazin\/wp-content\/uploads\/2018\/10\/glas-magnettafel-max-100x60-cm-gruen.jpg 600w, https:\/\/raum-blick.de\/magazin\/wp-content\/uploads\/2018\/10\/glas-magnettafel-max-100x60-cm-gruen-150x150.jpg 150w, https:\/\/raum-blick.de\/magazin\/wp-content\/uploads\/2018\/10\/glas-magnettafel-max-100x60-cm-gruen-300x300.jpg 300w\" sizes=\"(max-width: 600px) 100vw, 600px\" \/><\/p>\n<p style=\"text-align: justify;\">Wer Projekte effektiv angehen und neue Ideen generieren m\u00f6chte, sollte auf das Visualisieren nicht verzichten.\u00a0<a href=\"https:\/\/www.raum-blick.de\/magnettafel\/\">Magnetw\u00e4nde in verschiedenen Farben<\/a> geh\u00f6ren deshalb zur Grundausstattung, wenn Experten ein modernes B\u00fcro einrichten. Darauf werden h\u00e4ufig wichtige Projektziele oder Abgabetermine notiert. Das Erstellen inspirierender Mindmaps ist ebenso \u00fcblich.<\/p>\n<p><a href=\"https:\/\/www.raum-blick.de\/glas-magnettafel-max-60x40-cm-weiss\"><img loading=\"lazy\" decoding=\"async\" class=\"aligncenter wp-image-6571 size-full\" title=\"Glas Magnettafel: 60x40 cm | Farbe: Wei\u00df | Design: J\u00f6rg B\u00f6hler\" src=\"https:\/\/www.raum-blick.de\/magazin\/wp-content\/uploads\/2018\/10\/glas-magnettafel-max-60x40-cm-weiss.jpg\" alt=\"glas-magnettafel-max-60x40-cm-weiss\" width=\"600\" height=\"600\" srcset=\"https:\/\/raum-blick.de\/magazin\/wp-content\/uploads\/2018\/10\/glas-magnettafel-max-60x40-cm-weiss.jpg 600w, https:\/\/raum-blick.de\/magazin\/wp-content\/uploads\/2018\/10\/glas-magnettafel-max-60x40-cm-weiss-150x150.jpg 150w, https:\/\/raum-blick.de\/magazin\/wp-content\/uploads\/2018\/10\/glas-magnettafel-max-60x40-cm-weiss-300x300.jpg 300w\" sizes=\"(max-width: 600px) 100vw, 600px\" \/><\/a><\/p>\n<p style=\"text-align: justify;\">F\u00fcr private Erledigungen kann es pfiffig sein, dort ein Bild des Reisetraums anzuheften. Dieser motivierende Ausblick erinnert Sie an die Belohnung f\u00fcr all die Arbeit. Die Wand gegen\u00fcber dem Arbeitsplatz ist der ideale Ort f\u00fcr die magnetischen Glastafeln. Dann haben Sie die visuellen Anreize stets im Visier.<\/p>\n<p><a href=\"https:\/\/www.raum-blick.de\/utensilienbehaelter-mit-deckel-utbmd-basket-decor-walther\"><img loading=\"lazy\" decoding=\"async\" class=\"aligncenter wp-image-6577 size-full\" title=\"Utensilienbox mit Deckel UTBMD aus der Serie Basket von Decor Walther\" src=\"https:\/\/www.raum-blick.de\/magazin\/wp-content\/uploads\/2018\/10\/utensilienbehaelter-mit-deckel-utbmd-basket-decor-walther.jpg\" alt=\"utensilienbehaelter-mit-deckel-utbmd-basket-decor-walther\" width=\"600\" height=\"480\" srcset=\"https:\/\/raum-blick.de\/magazin\/wp-content\/uploads\/2018\/10\/utensilienbehaelter-mit-deckel-utbmd-basket-decor-walther.jpg 600w, https:\/\/raum-blick.de\/magazin\/wp-content\/uploads\/2018\/10\/utensilienbehaelter-mit-deckel-utbmd-basket-decor-walther-300x240.jpg 300w\" sizes=\"(max-width: 600px) 100vw, 600px\" \/><\/a><\/p>\n<p style=\"text-align: justify;\">Wenn Sie auf puristisch akzentuierte M\u00f6bel und eine funktionale Wanddekoration setzen, mutet das Arbeitszimmer sachlich und modern an. Diese k\u00fchle Eleganz relativieren Sie geschickt mit der Produktserie Basket von <a href=\"https:\/\/www.raum-blick.de\/decor-walther\/\">Decor Walther<\/a>, die sich f\u00fcr alle Wohnr\u00e4ume eignet. In der Kollektion finden sich Utensilienbeh\u00e4lter f\u00fcr Stifte, geschlossene Aufbewahrungsboxen f\u00fcr Kleinkram und formsch\u00f6ne Papierk\u00f6rbe.<\/p>\n<p><a href=\"https:\/\/www.raum-blick.de\/papierkorb-basket-qk-decor-walther\"><img loading=\"lazy\" decoding=\"async\" class=\"aligncenter wp-image-6575 size-full\" title=\"Papierkorb QK aus der Serie BASKET von Decor Walther\" src=\"https:\/\/www.raum-blick.de\/magazin\/wp-content\/uploads\/2018\/10\/papierkorb-basket-qk-decor-walther.jpg\" alt=\"papierkorb-basket-qk-decor-walther\" width=\"600\" height=\"570\" srcset=\"https:\/\/raum-blick.de\/magazin\/wp-content\/uploads\/2018\/10\/papierkorb-basket-qk-decor-walther.jpg 600w, https:\/\/raum-blick.de\/magazin\/wp-content\/uploads\/2018\/10\/papierkorb-basket-qk-decor-walther-300x285.jpg 300w\" sizes=\"(max-width: 600px) 100vw, 600px\" \/><\/a><\/p>\n<p style=\"text-align: justify;\">Alle Organisationshelfer bleiben den geometrischen Formen und dem naturbelassenen Rattan treu. So zieht sich die warme Signatur wie ein roter Faden durch das B\u00fcro und die Raumgestaltung wirkt harmonisch.<\/p>\n<h2><span class=\"ez-toc-section\" id=\"Designmoebel_als_Quelle_der_Inspiration\"><\/span>Designm\u00f6bel als Quelle der Inspiration<span class=\"ez-toc-section-end\"><\/span><\/h2>\n<p style=\"text-align: justify;\">Rattank\u00f6rbe kontrastieren die \u00e4sthetische Klarheit des Mobiliars im Arbeitszimmer, damit die Atmosph\u00e4re nicht zu n\u00fcchtern erscheint. Sie erf\u00fcllen aber gleichzeitig einen praktischen Zweck und werden dem Ansatz gerecht, sich beim Einrichten auf das Notwendige zu konzentrieren. B\u00fcroleuchten sind ebenfalls unverzichtbar und eignen sich daf\u00fcr, dem Raum eine individuelle Note zu verleihen.<\/p>\n<p><img loading=\"lazy\" decoding=\"async\" class=\"aligncenter wp-image-6581 size-full\" title=\"Wand-\/Tischleuchte von Le Klint: Carronade | Design: Markus Johansson\" src=\"https:\/\/www.raum-blick.de\/magazin\/wp-content\/uploads\/2018\/10\/le-klint-carronade-wand-tischleuchte.jpg\" alt=\"le-klint-carronade-wand-tischleuchte\" width=\"600\" height=\"580\" srcset=\"https:\/\/raum-blick.de\/magazin\/wp-content\/uploads\/2018\/10\/le-klint-carronade-wand-tischleuchte.jpg 600w, https:\/\/raum-blick.de\/magazin\/wp-content\/uploads\/2018\/10\/le-klint-carronade-wand-tischleuchte-300x290.jpg 300w\" sizes=\"(max-width: 600px) 100vw, 600px\" \/><\/p>\n<p style=\"text-align: justify;\">Die <a href=\"https:\/\/www.raum-blick.de\/le-klint\/\">Carronade von Le Klint<\/a> steuert einen Hauch von Angriffslust bei, der bei kniffligen Herausforderungen nicht schaden kann. Denn beim Design dachte Markus Johannson an die kleinen Kanonen, die fr\u00fcher auf Schiffen anzutreffen waren. Wer seinen Arbeitsplatz komplett freihalten m\u00f6chte, liegt mit der justierbaren Lampe f\u00fcr die Wandmontage richtig.<\/p>\n<p><img loading=\"lazy\" decoding=\"async\" class=\"aligncenter wp-image-6584 size-full\" title=\"Tischleuchte\/Leseleuchte von Lumina: Daphine Tavolo Classic | Design: Tommaso Cimini\" src=\"https:\/\/www.raum-blick.de\/magazin\/wp-content\/uploads\/2018\/10\/lumina-daphine-tavolo-classic-tischleuchte.jpg\" alt=\"lumina-daphine-tavolo-classic-tischleuchte\" width=\"600\" height=\"470\" srcset=\"https:\/\/raum-blick.de\/magazin\/wp-content\/uploads\/2018\/10\/lumina-daphine-tavolo-classic-tischleuchte.jpg 600w, https:\/\/raum-blick.de\/magazin\/wp-content\/uploads\/2018\/10\/lumina-daphine-tavolo-classic-tischleuchte-300x235.jpg 300w\" sizes=\"(max-width: 600px) 100vw, 600px\" \/><\/p>\n<p style=\"text-align: justify;\">Mit der <a href=\"https:\/\/www.raum-blick.de\/lumina\/\">Lumina Daphine<\/a>, die Tommaso Cimini im Jahr 1973 entwarf, bekennen Sie sich nicht nur zum Funktionalismus. Die legend\u00e4re Tischleuchte l\u00e4sst sich enorm pr\u00e4zise ausrichten und verdeutlicht die Best\u00e4ndigkeit genialer Einf\u00e4lle. Das motiviert dazu, an guten Grundideen engagiert zu feilen.<\/p>\n<p><img loading=\"lazy\" decoding=\"async\" class=\"aligncenter wp-image-6586 size-full\" title=\"Tischleuchte von Muuto: Wood Lamp | Design: TAF Architects\" src=\"https:\/\/www.raum-blick.de\/magazin\/wp-content\/uploads\/2018\/10\/muuto-wood-lamp-tischleuchte.jpg\" alt=\"muuto-wood-lamp-tischleuchte\" width=\"600\" height=\"550\" srcset=\"https:\/\/raum-blick.de\/magazin\/wp-content\/uploads\/2018\/10\/muuto-wood-lamp-tischleuchte.jpg 600w, https:\/\/raum-blick.de\/magazin\/wp-content\/uploads\/2018\/10\/muuto-wood-lamp-tischleuchte-300x275.jpg 300w\" sizes=\"(max-width: 600px) 100vw, 600px\" \/><\/p>\n<p style=\"text-align: justify;\">Sowohl unkonventionell als auch urig wirkt die Wood Lamp von <a href=\"https:\/\/www.raum-blick.de\/muuto\/\">Muuto<\/a>. Sie distanziert sich mutig von Gewohnheiten und Feinheiten. Dieser Eindruck kann inspirierend sein, wenn Sie zu eingefahrenen Handlungsabl\u00e4ufen oder zum \u00fcbertriebenen Perfektionismus neigen.<\/p>\n<blockquote>\n<p style=\"text-align: justify;\">Die Beispiele f\u00fcr ausgefallene B\u00fcroleuchten verdeutlichen: Werden die Objekte gezielt ausgew\u00e4hlt, f\u00fchlen Sie sich von minimalistischen Einrichtungskonzepten emotional angesprochen. So freuen Sie sich ohne dekorative Extras \u00fcber ein konstruktives Klima im Arbeitszimmer.<\/p>\n<\/blockquote>\n<\/p>","protected":false},"excerpt":{"rendered":"<p>\u00ab Gestaltungstipps f\u00fcr Ihr Arbeitszimmer \u00bb Die Digitalisierung er\u00f6ffnet allen Lebensbereichen neue M\u00f6glichkeiten. Das gilt auch f\u00fcrs Arbeitszimmer. Denn f\u00fcr Materialien, allen voran Papier wird heute weniger Stauraum ben\u00f6tigt als fr\u00fcher. So steht einem luftigen Flair nichts mehr im Wege, das f\u00fcr die Motivation und Konzentration vorteilhaft ist. Pfiffige Designideen erleichtern es Ihnen zus\u00e4tzlich, ein [&hellip;]<\/p>\n","protected":false},"author":4,"featured_media":6590,"comment_status":"closed","ping_status":"open","sticky":false,"template":"","format":"standard","meta":{"_et_pb_use_builder":"","_et_pb_old_content":"","_et_gb_content_width":"","inline_featured_image":false,"footnotes":""},"categories":[1],"tags":[418,615,419,671,107,268,66,449,669,113,670,523,439,82,26,663,239,672,38,16,79,24,46,421,208,25,245],"class_list":["post-6535","post","type-post","status-publish","format-standard","has-post-thumbnail","hentry","category-drinnen","tag-arbeitszimmer","tag-beistelltisch","tag-buero","tag-bueroregale","tag-decor-walther","tag-decor-walther-basket","tag-designmoebel","tag-einrichtungsideen","tag-gestaltungstipps","tag-konstantin-slawinski","tag-laptophalter","tag-le-klint","tag-leseleuchte","tag-lumina","tag-magnettafeln","tag-modern","tag-muuto","tag-papierkoerbe","tag-radius-design","tag-regalsysteme","tag-sekretaere","tag-string-pocket","tag-tischleuchten","tag-utensilienboxen","tag-wandleuchten","tag-wandregale","tag-wood-lamp"],"_links":{"self":[{"href":"https:\/\/raum-blick.de\/magazin\/wp-json\/wp\/v2\/posts\/6535","targetHints":{"allow":["GET"]}}],"collection":[{"href":"https:\/\/raum-blick.de\/magazin\/wp-json\/wp\/v2\/posts"}],"about":[{"href":"https:\/\/raum-blick.de\/magazin\/wp-json\/wp\/v2\/types\/post"}],"author":[{"embeddable":true,"href":"https:\/\/raum-blick.de\/magazin\/wp-json\/wp\/v2\/users\/4"}],"replies":[{"embeddable":true,"href":"https:\/\/raum-blick.de\/magazin\/wp-json\/wp\/v2\/comments?post=6535"}],"version-history":[{"count":50,"href":"https:\/\/raum-blick.de\/magazin\/wp-json\/wp\/v2\/posts\/6535\/revisions"}],"predecessor-version":[{"id":20848,"href":"https:\/\/raum-blick.de\/magazin\/wp-json\/wp\/v2\/posts\/6535\/revisions\/20848"}],"wp:featuredmedia":[{"embeddable":true,"href":"https:\/\/raum-blick.de\/magazin\/wp-json\/wp\/v2\/media\/6590"}],"wp:attachment":[{"href":"https:\/\/raum-blick.de\/magazin\/wp-json\/wp\/v2\/media?parent=6535"}],"wp:term":[{"taxonomy":"category","embeddable":true,"href":"https:\/\/raum-blick.de\/magazin\/wp-json\/wp\/v2\/categories?post=6535"},{"taxonomy":"post_tag","embeddable":true,"href":"https:\/\/raum-blick.de\/magazin\/wp-json\/wp\/v2\/tags?post=6535"}],"curies":[{"name":"wp","href":"https:\/\/api.w.org\/{rel}","templated":true}]}}