{"id":6489,"date":"2018-09-07T10:55:15","date_gmt":"2018-09-07T08:55:15","guid":{"rendered":"https:\/\/www.raum-blick.de\/magazin\/?p=6489"},"modified":"2024-08-28T11:28:11","modified_gmt":"2024-08-28T09:28:11","slug":"kaehler-hammershoi-vasen","status":"publish","type":"post","link":"https:\/\/raum-blick.de\/magazin\/kaehler-hammershoi-vasen\/","title":{"rendered":"K\u00e4hler Hammersh\u00f8i Vasen"},"content":{"rendered":"<h2><span class=\"ez-toc-section\" id=\"%C2%AB_Huldigung_an_eine_Design-Legende%C2%BB\"><\/span>\u00ab Huldigung an eine Design-Legende\u00bb<span class=\"ez-toc-section-end\"><\/span><\/h2>\n<p style=\"text-align: justify;\"><strong>Hammersh\u00f8i ist f\u00fcr die d\u00e4nische Kunstgeschichte ein bemerkenswerter Name. Gleiches gilt f\u00fcr die Chronik einer Keramikwerkstatt auf S\u00fcd-Seeland. <a href=\"https:\/\/www.raum-blick.de\/kaehler-design\/\">K\u00e4hler Design<\/a> tr\u00e4gt dazu bei, dass der K\u00fcnstler aus Frederiksberg nicht in Vergessenheit ger\u00e4t. Gemeinsam mit einem norwegischen Industriedesigner entwickelte die Marke eine Kollektion, die authentisches Handwerk mit der modernen Lebensart vereint. Teil dieser Hommage sind wundersch\u00f6ne K\u00e4hler Hammersh\u00f8i<\/strong><strong> Vasen f\u00fcr die zeitlos faszinierende Dekoration. Die umfangreiche Serie gleicht einem Geheimtipp f\u00fcr den stilvoll gedeckten Tisch.<\/strong><\/p>\n<h2><span class=\"ez-toc-section\" id=\"Keramikkuenstler_mit_unvergleichlichem_Gespuer_fuers_Wesentliche\"><\/span>Keramikk\u00fcnstler mit unvergleichlichem Gesp\u00fcr f\u00fcrs Wesentliche<span class=\"ez-toc-section-end\"><\/span><\/h2>\n<p style=\"text-align: justify;\">Schon im Alter von 14 Jahren hegte Svend Hammersh\u00f8i eine Vorliebe f\u00fcr Keramik. So l\u00e4sst es sich leicht nachvollziehen, dass ihn sein Lebensweg im Jahr 1893 nach N\u00e6stved f\u00fchrte. Dort hatte sich eine Manufaktur etabliert, die viele Kreative anlockte und heute als K\u00e4hlersbakken bekannt ist.<\/p><div id=\"ez-toc-container\" class=\"ez-toc-v2_0_82_2 counter-hierarchy ez-toc-counter ez-toc-grey ez-toc-container-direction\">\n<div class=\"ez-toc-title-container\">\n<p class=\"ez-toc-title\" style=\"cursor:inherit\">Was hier auf Sie wartet<\/p>\n<span class=\"ez-toc-title-toggle\"><a href=\"#\" class=\"ez-toc-pull-right ez-toc-btn ez-toc-btn-xs ez-toc-btn-default ez-toc-toggle\" aria-label=\"Toggle Table of Content\"><span class=\"ez-toc-js-icon-con\"><span class=\"\"><span class=\"eztoc-hide\" style=\"display:none;\">Toggle<\/span><span class=\"ez-toc-icon-toggle-span\"><svg style=\"fill: #999;color:#999\" xmlns=\"http:\/\/www.w3.org\/2000\/svg\" class=\"list-377408\" width=\"20px\" height=\"20px\" viewBox=\"0 0 24 24\" fill=\"none\"><path d=\"M6 6H4v2h2V6zm14 0H8v2h12V6zM4 11h2v2H4v-2zm16 0H8v2h12v-2zM4 16h2v2H4v-2zm16 0H8v2h12v-2z\" fill=\"currentColor\"><\/path><\/svg><svg style=\"fill: #999;color:#999\" class=\"arrow-unsorted-368013\" xmlns=\"http:\/\/www.w3.org\/2000\/svg\" width=\"10px\" height=\"10px\" viewBox=\"0 0 24 24\" version=\"1.2\" baseProfile=\"tiny\"><path d=\"M18.2 9.3l-6.2-6.3-6.2 6.3c-.2.2-.3.4-.3.7s.1.5.3.7c.2.2.4.3.7.3h11c.3 0 .5-.1.7-.3.2-.2.3-.5.3-.7s-.1-.5-.3-.7zM5.8 14.7l6.2 6.3 6.2-6.3c.2-.2.3-.5.3-.7s-.1-.5-.3-.7c-.2-.2-.4-.3-.7-.3h-11c-.3 0-.5.1-.7.3-.2.2-.3.5-.3.7s.1.5.3.7z\"\/><\/svg><\/span><\/span><\/span><\/a><\/span><\/div>\n<nav><ul class='ez-toc-list ez-toc-list-level-1 ' ><li class='ez-toc-page-1 ez-toc-heading-level-2'><a class=\"ez-toc-link ez-toc-heading-1\" href=\"https:\/\/raum-blick.de\/magazin\/kaehler-hammershoi-vasen\/#%C2%AB_Huldigung_an_eine_Design-Legende%C2%BB\" >\u00ab Huldigung an eine Design-Legende\u00bb<\/a><\/li><li class='ez-toc-page-1 ez-toc-heading-level-2'><a class=\"ez-toc-link ez-toc-heading-2\" href=\"https:\/\/raum-blick.de\/magazin\/kaehler-hammershoi-vasen\/#Keramikkuenstler_mit_unvergleichlichem_Gespuer_fuers_Wesentliche\" >Keramikk\u00fcnstler mit unvergleichlichem Gesp\u00fcr f\u00fcrs Wesentliche<\/a><\/li><li class='ez-toc-page-1 ez-toc-heading-level-2'><a class=\"ez-toc-link ez-toc-heading-3\" href=\"https:\/\/raum-blick.de\/magazin\/kaehler-hammershoi-vasen\/#Dekorative_Wohnaccessoires_mit_legendaerem_Charakter\" >Dekorative Wohnaccessoires mit legend\u00e4rem Charakter<\/a><\/li><li class='ez-toc-page-1 ez-toc-heading-level-2'><a class=\"ez-toc-link ez-toc-heading-4\" href=\"https:\/\/raum-blick.de\/magazin\/kaehler-hammershoi-vasen\/#Formale_Geradlinigkeit_trifft_bei_Kaehler_Hammershoi_Vasen_auf_nordische_Farben\" >Formale Geradlinigkeit trifft bei K\u00e4hler Hammersh\u00f8i Vasen auf nordische Farben<\/a><\/li><li class='ez-toc-page-1 ez-toc-heading-level-2'><a class=\"ez-toc-link ez-toc-heading-5\" href=\"https:\/\/raum-blick.de\/magazin\/kaehler-hammershoi-vasen\/#Daenisches_Design_fuer_schicke_Genussmomente\" >D\u00e4nisches Design f\u00fcr schicke Genussmomente<\/a><\/li><\/ul><\/nav><\/div>\n\n<div class=\"brlbs-cmpnt-container brlbs-cmpnt-content-blocker brlbs-cmpnt-with-individual-styles\" data-borlabs-cookie-content-blocker-id=\"default\" data-borlabs-cookie-content=\"PGlmcmFtZSBzcmM9Imh0dHBzOi8vd3d3LnlvdXR1YmUuY29tL2VtYmVkL1I0TEh5c1pOck4wP3JlbD0wIiB3aWR0aD0iNTYwIiBoZWlnaHQ9IjMxNSIgZnJhbWVib3JkZXI9IjAiIGFsbG93ZnVsbHNjcmVlbj0iYWxsb3dmdWxsc2NyZWVuIj48L2lmcmFtZT4=\">\n<div class=\"brlbs-cmpnt-cb-preset-a\">\n<p class=\"brlbs-cmpnt-cb-description\">Sie sehen gerade einen Platzhalterinhalt von <strong>Standard<\/strong>. Um auf den eigentlichen Inhalt zuzugreifen, klicken Sie auf den Button unten. Bitte beachten Sie, dass dabei Daten an Drittanbieter weitergegeben werden.<\/p>\n<div class=\"brlbs-cmpnt-cb-buttons\"> <a class=\"brlbs-cmpnt-cb-btn\" href=\"#\" data-borlabs-cookie-unblock role=\"button\">Inhalt entsperren<\/a> <a class=\"brlbs-cmpnt-cb-btn\" href=\"#\" data-borlabs-cookie-accept-service role=\"button\" style=\"display: none\">Erforderlichen Service akzeptieren und Inhalte entsperren<\/a> <\/div>\n<p> <a class=\"brlbs-cmpnt-cb-provider-toggle\" href=\"#\" data-borlabs-cookie-show-provider-information role=\"button\">Weitere Informationen<\/a> <\/div>\n<\/div>\n<p style=\"text-align: justify;\">Zun\u00e4chst baute er sein Wissen rund um das Handwerk und die au\u00dfergew\u00f6hnliche Gestaltung der Objekte aus. Bald darauf entwickelte er einen unverkennbaren Stil und avancierte zum international anerkannten K\u00fcnstler. Seit langem geh\u00f6ren seine Keramikarbeiten zu den Exponaten vieler Museen. Seine Gem\u00e4lde wurden erst sp\u00e4ter gew\u00fcrdigt. Denn sein Bruder Vilhelm widmete sich ebenfalls der Malerei und lenkte diesbez\u00fcglich das Interesse der Kunstszene auf sich.<\/p>\n<p><a href=\"https:\/\/www.raum-blick.de\/kaehler-hammershoi-vase-h125\"><img loading=\"lazy\" decoding=\"async\" class=\"aligncenter wp-image-6525 size-full\" title=\"Kleine Vase von K\u00e4hler Hammershoi | Design: Hans-Christian Bauer\" src=\"https:\/\/www.raum-blick.de\/magazin\/wp-content\/uploads\/2018\/10\/kaehler-hammershoi-vase-h125.jpg\" alt=\"kaehler-hammershoi-vase-h125\" width=\"600\" height=\"600\" srcset=\"https:\/\/raum-blick.de\/magazin\/wp-content\/uploads\/2018\/10\/kaehler-hammershoi-vase-h125.jpg 600w, https:\/\/raum-blick.de\/magazin\/wp-content\/uploads\/2018\/10\/kaehler-hammershoi-vase-h125-150x150.jpg 150w, https:\/\/raum-blick.de\/magazin\/wp-content\/uploads\/2018\/10\/kaehler-hammershoi-vase-h125-300x300.jpg 300w\" sizes=\"(max-width: 600px) 100vw, 600px\" \/><\/a><\/p>\n<p style=\"text-align: justify;\">Als Keramiker \u00fcberzeugte Svend bereits zur Jahrhundertwende mit seinem einzigartigen Talent. Beim k\u00fcnstlerischen Schaffen brachte er ein Stilelement immer wieder ins Spiel: horizontale und vertikale Profilierungen. Auf den ersten Blick wirkt diese Strukturierung der Oberfl\u00e4chen ungew\u00f6hnlich schlicht. F\u00fcr die akkurate Umsetzung ist aber ein hohes Ma\u00df an Pr\u00e4zision gefragt.<\/p>\n<p><a href=\"https:\/\/www.raum-blick.de\/kaehler-hammershoi-vase-h250\"><img loading=\"lazy\" decoding=\"async\" class=\"aligncenter wp-image-6523 size-full\" title=\"Gro\u00dfe Vase von K\u00e4hler Hammershoi | Design: Hans-Christian Bauer\" src=\"https:\/\/www.raum-blick.de\/magazin\/wp-content\/uploads\/2018\/10\/kaehler-hammershoi-vase-h250.jpg\" alt=\"kaehler-hammershoi-vase-h250\" width=\"600\" height=\"600\" srcset=\"https:\/\/raum-blick.de\/magazin\/wp-content\/uploads\/2018\/10\/kaehler-hammershoi-vase-h250.jpg 600w, https:\/\/raum-blick.de\/magazin\/wp-content\/uploads\/2018\/10\/kaehler-hammershoi-vase-h250-150x150.jpg 150w, https:\/\/raum-blick.de\/magazin\/wp-content\/uploads\/2018\/10\/kaehler-hammershoi-vase-h250-300x300.jpg 300w\" sizes=\"(max-width: 600px) 100vw, 600px\" \/><\/a><\/p>\n<p style=\"text-align: justify;\">Seinen harmonisch geformten Gef\u00e4\u00dfen verlieh er dadurch etwas Markantes, das zugleich einen sinnlichen Aspekt hatte. Denn das Ergebnis hochklassiger T\u00f6pferkunst war sp\u00fcrbar. So ergab sich eine einzigartige Melange aus diskreter \u00c4sthetik, handwerklicher Exzellenz und ganzheitlicher Erfahrung. Davon profitieren auch die K\u00e4hler Hammersh\u00f8i Vasen der gegenw\u00e4rtigen Designlinie.<\/p>\n<h2><span class=\"ez-toc-section\" id=\"Dekorative_Wohnaccessoires_mit_legendaerem_Charakter\"><\/span>Dekorative Wohnaccessoires mit legend\u00e4rem Charakter<span class=\"ez-toc-section-end\"><\/span><\/h2>\n<p style=\"text-align: justify;\">In der zweiten Generation gelang der Manufaktur aus D\u00e4nemark der Durchbruch: Ihre Pr\u00e4sentation bei der Pariser Weltausstellung im Jahr 1889 beeindruckte das anspruchsvolle Publikum. Hammersh\u00f8i traf deshalb nach seiner Ankunft in der K\u00fcnstlerkolonie auf wahrhaftige Meister des Fachs. Er nutzte diese Chance und sammelte vorerst selbst Erfahrungen an der T\u00f6pferscheibe. Dabei entwickelte der Kunstschaffende zunehmend eine Vorliebe f\u00fcr Blumenvasen und \u00e4hnliche Keramikgef\u00e4\u00dfe mit imposanten Dimensionen.<\/p>\n<p><img loading=\"lazy\" decoding=\"async\" class=\"aligncenter wp-image-6507 size-full\" title=\"Bodenvase von K\u00e4hler Hammershoi | Design: Hans-Christian Bauer\" src=\"https:\/\/www.raum-blick.de\/magazin\/wp-content\/uploads\/2018\/10\/kaehler-hammershoi-bodenvase.jpg\" alt=\"kaehler-hammershoi-bodenvase\" width=\"600\" height=\"600\" srcset=\"https:\/\/raum-blick.de\/magazin\/wp-content\/uploads\/2018\/10\/kaehler-hammershoi-bodenvase.jpg 600w, https:\/\/raum-blick.de\/magazin\/wp-content\/uploads\/2018\/10\/kaehler-hammershoi-bodenvase-150x150.jpg 150w, https:\/\/raum-blick.de\/magazin\/wp-content\/uploads\/2018\/10\/kaehler-hammershoi-bodenvase-300x300.jpg 300w\" sizes=\"(max-width: 600px) 100vw, 600px\" \/><\/p>\n<p style=\"text-align: justify;\">Der weltweite Erfolg der Werkstatt und das damit verbundene Interesse f\u00fcr d\u00e4nisches Design ist ebenfalls einer Vase zu verdanken. Die Linie K\u00e4hler Hammersh\u00f8i wird diesen bedeutenden Etappen der Firmenhistorie mit einer Bodenvase gerecht, die sich f\u00fcr den eleganten Blickfang empfiehlt.<\/p>\n<p><img loading=\"lazy\" decoding=\"async\" class=\"aligncenter wp-image-6510 size-full\" title=\"Blumentopf in verschiedenen Gr\u00f6\u00dfen von K\u00e4hler Hammershoi | Design: Hans-Christian Bauer\" src=\"https:\/\/www.raum-blick.de\/magazin\/wp-content\/uploads\/2018\/10\/kaehler-hammershoi-blumentopf.jpg\" alt=\"kaehler-hammershoi-blumentopf\" width=\"600\" height=\"600\" srcset=\"https:\/\/raum-blick.de\/magazin\/wp-content\/uploads\/2018\/10\/kaehler-hammershoi-blumentopf.jpg 600w, https:\/\/raum-blick.de\/magazin\/wp-content\/uploads\/2018\/10\/kaehler-hammershoi-blumentopf-150x150.jpg 150w, https:\/\/raum-blick.de\/magazin\/wp-content\/uploads\/2018\/10\/kaehler-hammershoi-blumentopf-300x300.jpg 300w\" sizes=\"(max-width: 600px) 100vw, 600px\" \/><\/p>\n<p style=\"text-align: justify;\">Daran k\u00f6nnen Sie bei der Raumgestaltung mit weiteren Objekten aus der facettenreichen Kollektion ankn\u00fcpfen. Es wirkt beispielsweise ansprechend, wenn sich die Blument\u00f6pfe auf den Fensterb\u00e4nken der geriffelten \u00c4sthetik anschlie\u00dfen.<\/p>\n<h2><span class=\"ez-toc-section\" id=\"Formale_Geradlinigkeit_trifft_bei_Kaehler_Hammershoi_Vasen_auf_nordische_Farben\"><\/span>Formale Geradlinigkeit trifft bei K\u00e4hler Hammersh\u00f8i Vasen auf nordische Farben<span class=\"ez-toc-section-end\"><\/span><\/h2>\n<p style=\"text-align: justify;\">Dass K\u00e4hler mit Hammersh\u00f8i zusammenarbeitete, war vorteilhaft. Anfangs wirkte seine stilistische Klarheit noch unkonventionell. Das Blatt wendete sich bald. Seine Entw\u00fcrfe waren hochmodern, w\u00e4hrend die farbstarke T\u00f6pferkunst der vorhergehenden Jahrzehnte nicht mehr dem Zeitgeist entsprach. Trotzdem ist diese \u00c4ra f\u00fcr die Unternehmensgeschichte relevant.<\/p>\n<p><a href=\"https:\/\/www.raum-blick.de\/kaehler-hammershoi-vase-h100\"><img loading=\"lazy\" decoding=\"async\" class=\"aligncenter wp-image-6519 size-full\" title=\"Vase von K\u00e4hler Hammershoi | Design: Hans-Christian Bauer\" src=\"https:\/\/www.raum-blick.de\/magazin\/wp-content\/uploads\/2018\/10\/kaehler-hammershoi-vase-h100.jpg\" alt=\"kaehler-hammershoi-vase-h100\" width=\"600\" height=\"600\" srcset=\"https:\/\/raum-blick.de\/magazin\/wp-content\/uploads\/2018\/10\/kaehler-hammershoi-vase-h100.jpg 600w, https:\/\/raum-blick.de\/magazin\/wp-content\/uploads\/2018\/10\/kaehler-hammershoi-vase-h100-150x150.jpg 150w, https:\/\/raum-blick.de\/magazin\/wp-content\/uploads\/2018\/10\/kaehler-hammershoi-vase-h100-300x300.jpg 300w\" sizes=\"(max-width: 600px) 100vw, 600px\" \/><\/a><\/p>\n<p style=\"text-align: justify;\">Als Sohn des Gr\u00fcnders erweiterte Herman A. K\u00e4hler bei Auslandsreisen sein Fachwissen. Nach der \u00dcbernahme des Familiengesch\u00e4fts im Jahr 1875 entschied er sich nicht nur f\u00fcr eine k\u00fcnstlerische Ausrichtung. Er experimentierte mit sogenannten L\u00fcsterfarben. Er tauchte unter anderem eine Vase komplett darin ein. So entstanden auff\u00e4llige Designobjekte mit metallischem Schimmer, die viel Aufmerksamkeit erregten.<\/p>\n<p><a href=\"https:\/\/www.raum-blick.de\/kaehler-hammershoi-vase-h200\"><img loading=\"lazy\" decoding=\"async\" class=\"aligncenter wp-image-6521 size-full\" title=\"Medium-Vase von K\u00e4hler Hammershoi | Design: Hans-Christian Bauer\" src=\"https:\/\/www.raum-blick.de\/magazin\/wp-content\/uploads\/2018\/10\/kaehler-hammershoi-vase-h200.jpg\" alt=\"kaehler-hammershoi-vase-h200\" width=\"600\" height=\"600\" srcset=\"https:\/\/raum-blick.de\/magazin\/wp-content\/uploads\/2018\/10\/kaehler-hammershoi-vase-h200.jpg 600w, https:\/\/raum-blick.de\/magazin\/wp-content\/uploads\/2018\/10\/kaehler-hammershoi-vase-h200-150x150.jpg 150w, https:\/\/raum-blick.de\/magazin\/wp-content\/uploads\/2018\/10\/kaehler-hammershoi-vase-h200-300x300.jpg 300w\" sizes=\"(max-width: 600px) 100vw, 600px\" \/><\/a><\/p>\n<p style=\"text-align: justify;\">Aus heutiger Sicht harmoniert das einstige Bekenntnis zu kr\u00e4ftigen T\u00f6nen fabelhaft mit dem geriffelten Purismus. Inzwischen sind deshalb viele K\u00e4hler Hammersh\u00f8i Vasen in ausdrucksstarken Farben und zarten Pastellt\u00f6nen erh\u00e4ltlich. Au\u00dferdem werden die keramischen Accessoires in verschiedenen Gr\u00f6\u00dfen und Formen angeboten.<\/p>\n<div class=\"brlbs-cmpnt-container brlbs-cmpnt-content-blocker brlbs-cmpnt-with-individual-styles\" data-borlabs-cookie-content-blocker-id=\"default\" data-borlabs-cookie-content=\"PGlmcmFtZSBzcmM9Imh0dHBzOi8vd3d3LnlvdXR1YmUuY29tL2VtYmVkL3NVcjdYSVBqNDJBP3JlbD0wIiB3aWR0aD0iNTYwIiBoZWlnaHQ9IjMxNSIgZnJhbWVib3JkZXI9IjAiIGFsbG93ZnVsbHNjcmVlbj0iYWxsb3dmdWxsc2NyZWVuIj48L2lmcmFtZT4=\">\n<div class=\"brlbs-cmpnt-cb-preset-a\">\n<p class=\"brlbs-cmpnt-cb-description\">Sie sehen gerade einen Platzhalterinhalt von <strong>Standard<\/strong>. Um auf den eigentlichen Inhalt zuzugreifen, klicken Sie auf den Button unten. Bitte beachten Sie, dass dabei Daten an Drittanbieter weitergegeben werden.<\/p>\n<div class=\"brlbs-cmpnt-cb-buttons\"> <a class=\"brlbs-cmpnt-cb-btn\" href=\"#\" data-borlabs-cookie-unblock role=\"button\">Inhalt entsperren<\/a> <a class=\"brlbs-cmpnt-cb-btn\" href=\"#\" data-borlabs-cookie-accept-service role=\"button\" style=\"display: none\">Erforderlichen Service akzeptieren und Inhalte entsperren<\/a> <\/div>\n<p> <a class=\"brlbs-cmpnt-cb-provider-toggle\" href=\"#\" data-borlabs-cookie-show-provider-information role=\"button\">Weitere Informationen<\/a> <\/div>\n<\/div>\n<p style=\"text-align: justify;\">Die stilistische Symbiose verweist nicht nur auf zwei wichtige Phasen bei der kreativen Keramikgestaltung. Daraus ergibt sich eine vielf\u00e4ltige Kollektion, die f\u00fcr individuelle Deko-Ideen wie geschaffen ist. Werden die wei\u00dfen Klassiker beispielsweise mit einem Objekt im satten Pflaumeton kombiniert, wirkt das Ganze sogleich peppiger.<\/p>\n<h2><span class=\"ez-toc-section\" id=\"Daenisches_Design_fuer_schicke_Genussmomente\"><\/span>D\u00e4nisches Design f\u00fcr schicke Genussmomente<span class=\"ez-toc-section-end\"><\/span><\/h2>\n<p style=\"text-align: justify;\">W\u00e4hrend seines Lebens f\u00fchlte sich Hammersh\u00f8i dem Familienbetrieb in N\u00e6stved stets verbunden. Es scheint demnach angemessen, den renommierten Keramikk\u00fcnstler mit einer umfangreichen Kollektion zu ehren. Die Serie kn\u00fcpft aber nicht nur an diesem Detail an. Sie erinnert zugleich an den T\u00f6pfer aus Heiligenhafen, der den Grundstein f\u00fcr ein wichtiges Kapitel der skandinavischen Designgeschichte legte. Denn er fertigte nach der Er\u00f6ffnung der Werkstatt im Jahr 1839 vor allem Gebrauchsobjekte an.<\/p>\n<p><a href=\"https:\/\/www.raum-blick.de\/kaehler-hammershoi-salz-und-pferfferstreuer-set\"><img loading=\"lazy\" decoding=\"async\" class=\"aligncenter wp-image-6501 size-full\" title=\"Salz- und Pfefferstreuer von K\u00e4hler Hammershoi | Design: Hans-Christian Bauer\" src=\"https:\/\/www.raum-blick.de\/magazin\/wp-content\/uploads\/2018\/10\/kaehler-hammershoi-salz-und-pferfferstreuer-set.jpg\" alt=\"kaehler-hammershoi-salz-und-pferfferstreuer-set\" width=\"600\" height=\"600\" srcset=\"https:\/\/raum-blick.de\/magazin\/wp-content\/uploads\/2018\/10\/kaehler-hammershoi-salz-und-pferfferstreuer-set.jpg 600w, https:\/\/raum-blick.de\/magazin\/wp-content\/uploads\/2018\/10\/kaehler-hammershoi-salz-und-pferfferstreuer-set-150x150.jpg 150w, https:\/\/raum-blick.de\/magazin\/wp-content\/uploads\/2018\/10\/kaehler-hammershoi-salz-und-pferfferstreuer-set-300x300.jpg 300w\" sizes=\"(max-width: 600px) 100vw, 600px\" \/><\/a><\/p>\n<p style=\"text-align: justify;\">Hans-Christian Bauer entwarf f\u00fcr K\u00e4hler Design deshalb auch praktisches Zubeh\u00f6r. Er h\u00e4lt bei seinen Entw\u00fcrfen an der charakteristischen Profilierung fest, interpretiert sie aber modern. Mit schimmernden Glasuren rundet er das Design edel ab. Dadurch machen funktionale Utensilien wie Salz- und Pfefferstreuer sogar auf der festlichen Dinnertafel eine gute Figur.<\/p>\n<p><a href=\"https:\/\/www.raum-blick.de\/kaehler-hammershoi-vase-mini-3-stk.\"><img loading=\"lazy\" decoding=\"async\" class=\"aligncenter wp-image-6495 size-full\" title=\"Mini-Vase (3 St\u00fcck) von K\u00e4hler Hammershoi | Design: Hans-Christian Bauer\" src=\"https:\/\/www.raum-blick.de\/magazin\/wp-content\/uploads\/2018\/10\/kaehler-hammershoi-vase-mini.jpg\" alt=\"kaehler-hammershoi-vase-mini\" width=\"600\" height=\"600\" srcset=\"https:\/\/raum-blick.de\/magazin\/wp-content\/uploads\/2018\/10\/kaehler-hammershoi-vase-mini.jpg 600w, https:\/\/raum-blick.de\/magazin\/wp-content\/uploads\/2018\/10\/kaehler-hammershoi-vase-mini-150x150.jpg 150w, https:\/\/raum-blick.de\/magazin\/wp-content\/uploads\/2018\/10\/kaehler-hammershoi-vase-mini-300x300.jpg 300w\" sizes=\"(max-width: 600px) 100vw, 600px\" \/><\/a><\/p>\n<p style=\"text-align: justify;\">Vorteilhaft ist, dass der Designer aus Norwegen bei der Zusammenstellung der Keramikserie die verschiedensten Bed\u00fcrfnisse rund um den Service ber\u00fccksichtigt. Pfiffig sind zum Beispiel die <a href=\"https:\/\/www.raum-blick.de\/kaehler-hammershoi-vase-mini-3-stk.\">Mini K\u00e4hler Hammersh\u00f8i Vasen<\/a>. Damit k\u00f6nnen Sie die florale Dekoration nach Lust und Laune auf dem Tisch verteilen, ohne den G\u00e4sten die Sicht zu versperren.<\/p>\n<p><a href=\"https:\/\/www.raum-blick.de\/kaehler-hammershoi-bonbonniere\"><img loading=\"lazy\" decoding=\"async\" class=\"aligncenter wp-image-6498 size-full\" title=\"Bonbonniere von K\u00e4hler Hammershoi | Design: Hans-Christian Bauer\" src=\"https:\/\/www.raum-blick.de\/magazin\/wp-content\/uploads\/2018\/10\/kaehler-hammershoi-bonbonniere.jpg\" alt=\"kaehler-hammershoi-bonbonniere\" width=\"600\" height=\"600\" srcset=\"https:\/\/raum-blick.de\/magazin\/wp-content\/uploads\/2018\/10\/kaehler-hammershoi-bonbonniere.jpg 600w, https:\/\/raum-blick.de\/magazin\/wp-content\/uploads\/2018\/10\/kaehler-hammershoi-bonbonniere-150x150.jpg 150w, https:\/\/raum-blick.de\/magazin\/wp-content\/uploads\/2018\/10\/kaehler-hammershoi-bonbonniere-300x300.jpg 300w\" sizes=\"(max-width: 600px) 100vw, 600px\" \/><\/a><\/p>\n<p style=\"text-align: justify;\">Durch die optischen Parallelen zwischen den Gebrauchsgegenst\u00e4nden und den Blumenvasen ergibt sich eine elegante Harmonie, die bei allen Anl\u00e4ssen \u00fcberzeugt. Ebenso gut zu Tisch passt die <a href=\"https:\/\/www.raum-blick.de\/kaehler-hammershoi-bonbonniere\">Hammersh\u00f8i Bonbonniere<\/a>.<\/p>\n","protected":false},"excerpt":{"rendered":"<p>\u00ab Huldigung an eine Design-Legende\u00bb Hammersh\u00f8i ist f\u00fcr die d\u00e4nische Kunstgeschichte ein bemerkenswerter Name. Gleiches gilt f\u00fcr die Chronik einer Keramikwerkstatt auf S\u00fcd-Seeland. K\u00e4hler Design tr\u00e4gt dazu bei, dass der K\u00fcnstler aus Frederiksberg nicht in Vergessenheit ger\u00e4t. Gemeinsam mit einem norwegischen Industriedesigner entwickelte die Marke eine Kollektion, die authentisches Handwerk mit der modernen Lebensart vereint. [&hellip;]<\/p>\n","protected":false},"author":4,"featured_media":6533,"comment_status":"closed","ping_status":"open","sticky":false,"template":"","format":"standard","meta":{"_et_pb_use_builder":"","_et_pb_old_content":"","_et_gb_content_width":"","inline_featured_image":false,"footnotes":""},"categories":[7],"tags":[51,668,342,334,667,357,146,27],"class_list":["post-6489","post","type-post","status-publish","format-standard","has-post-thumbnail","hentry","category-accessoires-lifestyle","tag-blumentoepfe","tag-bodenvasen","tag-dekoration","tag-design","tag-hammershi","tag-kaehler","tag-vasen","tag-wohnaccessoires"],"_links":{"self":[{"href":"https:\/\/raum-blick.de\/magazin\/wp-json\/wp\/v2\/posts\/6489","targetHints":{"allow":["GET"]}}],"collection":[{"href":"https:\/\/raum-blick.de\/magazin\/wp-json\/wp\/v2\/posts"}],"about":[{"href":"https:\/\/raum-blick.de\/magazin\/wp-json\/wp\/v2\/types\/post"}],"author":[{"embeddable":true,"href":"https:\/\/raum-blick.de\/magazin\/wp-json\/wp\/v2\/users\/4"}],"replies":[{"embeddable":true,"href":"https:\/\/raum-blick.de\/magazin\/wp-json\/wp\/v2\/comments?post=6489"}],"version-history":[{"count":33,"href":"https:\/\/raum-blick.de\/magazin\/wp-json\/wp\/v2\/posts\/6489\/revisions"}],"predecessor-version":[{"id":20753,"href":"https:\/\/raum-blick.de\/magazin\/wp-json\/wp\/v2\/posts\/6489\/revisions\/20753"}],"wp:featuredmedia":[{"embeddable":true,"href":"https:\/\/raum-blick.de\/magazin\/wp-json\/wp\/v2\/media\/6533"}],"wp:attachment":[{"href":"https:\/\/raum-blick.de\/magazin\/wp-json\/wp\/v2\/media?parent=6489"}],"wp:term":[{"taxonomy":"category","embeddable":true,"href":"https:\/\/raum-blick.de\/magazin\/wp-json\/wp\/v2\/categories?post=6489"},{"taxonomy":"post_tag","embeddable":true,"href":"https:\/\/raum-blick.de\/magazin\/wp-json\/wp\/v2\/tags?post=6489"}],"curies":[{"name":"wp","href":"https:\/\/api.w.org\/{rel}","templated":true}]}}