{"id":6334,"date":"2018-08-13T11:13:42","date_gmt":"2018-08-13T09:13:42","guid":{"rendered":"https:\/\/www.raum-blick.de\/magazin\/?p=6334"},"modified":"2022-05-24T19:15:23","modified_gmt":"2022-05-24T17:15:23","slug":"design-kuechenaccessoires","status":"publish","type":"post","link":"https:\/\/raum-blick.de\/magazin\/design-kuechenaccessoires\/","title":{"rendered":"Design-K\u00fcchenaccessoires"},"content":{"rendered":"<h2><span class=\"ez-toc-section\" id=\"%C2%AB_Mit_diesen_Helfern_wird_Kochen_noch_schoener_%C2%BB\"><\/span>\u00ab Mit diesen Helfern wird Kochen noch sch\u00f6ner! \u00bb<span class=\"ez-toc-section-end\"><\/span><\/h2>\n<p style=\"text-align: justify;\"><strong>Moderne Design-K\u00fcchenhelfer begleiten nicht nur die allt\u00e4glichen Handgriffe am Herd. Sie erleichtern sp\u00fcrbar die Zubereitung. Ganz nebenbei schmeicheln die Accessoires mit ihrer Optik dem Auge. Zur Funktionalit\u00e4t tr\u00e4gt die \u00c4sthetik ebenso bei wie die praktische Konzeption. Denn die Multitalente gl\u00e4nzen beim Kochen und am gedeckten Tisch mit gelungener Performance. <\/strong><\/p>\n<h2><span class=\"ez-toc-section\" id=\"Liebenswerte_Augenschmeichler_fuer_die_Grundausstattung\"><\/span>Liebenswerte Augenschmeichler f\u00fcr die Grundausstattung<span class=\"ez-toc-section-end\"><\/span><\/h2>\n<h3><span class=\"ez-toc-section\" id=\"Gewuerzmuehlen_von_Carl_Mertens\"><\/span>Gew\u00fcrzm\u00fchlen von Carl Mertens<span class=\"ez-toc-section-end\"><\/span><\/h3>\n<p style=\"text-align: justify;\">Sie bereiten einen kleinen Snack vor, zaubern einen deftigen Eintopf oder komponieren eine ausgefallene Vorspeise f\u00fcrs Gourmetdinner. Obwohl die kulinarischen Missionen h\u00f6chst unterschiedlich sind, ist ein K\u00fcchenhelfer stets dabei: die Pfefferm\u00fchle. Sie steht strategisch g\u00fcnstig auf der Arbeitsfl\u00e4che, damit Sie spontan zugreifen k\u00f6nnen. Es ist begr\u00fc\u00dfenswert, wenn offen platzierte K\u00fcchenaccessoires mit ihrem Design zur stilvollen Dekoration beitragen. Wie ein schickes Zwillingsp\u00e4rchen pr\u00e4sentieren sich die schlank ausgef\u00fchrten M\u00fchlen von <a href=\"https:\/\/www.raum-blick.de\/carl-mertens\/\">Carl Mertens<\/a>.<\/p><div id=\"ez-toc-container\" class=\"ez-toc-v2_0_82_2 counter-hierarchy ez-toc-counter ez-toc-grey ez-toc-container-direction\">\n<div class=\"ez-toc-title-container\">\n<p class=\"ez-toc-title\" style=\"cursor:inherit\">Was hier auf Sie wartet<\/p>\n<span class=\"ez-toc-title-toggle\"><a href=\"#\" class=\"ez-toc-pull-right ez-toc-btn ez-toc-btn-xs ez-toc-btn-default ez-toc-toggle\" aria-label=\"Toggle Table of Content\"><span class=\"ez-toc-js-icon-con\"><span class=\"\"><span class=\"eztoc-hide\" style=\"display:none;\">Toggle<\/span><span class=\"ez-toc-icon-toggle-span\"><svg style=\"fill: #999;color:#999\" xmlns=\"http:\/\/www.w3.org\/2000\/svg\" class=\"list-377408\" width=\"20px\" height=\"20px\" viewBox=\"0 0 24 24\" fill=\"none\"><path d=\"M6 6H4v2h2V6zm14 0H8v2h12V6zM4 11h2v2H4v-2zm16 0H8v2h12v-2zM4 16h2v2H4v-2zm16 0H8v2h12v-2z\" fill=\"currentColor\"><\/path><\/svg><svg style=\"fill: #999;color:#999\" class=\"arrow-unsorted-368013\" xmlns=\"http:\/\/www.w3.org\/2000\/svg\" width=\"10px\" height=\"10px\" viewBox=\"0 0 24 24\" version=\"1.2\" baseProfile=\"tiny\"><path d=\"M18.2 9.3l-6.2-6.3-6.2 6.3c-.2.2-.3.4-.3.7s.1.5.3.7c.2.2.4.3.7.3h11c.3 0 .5-.1.7-.3.2-.2.3-.5.3-.7s-.1-.5-.3-.7zM5.8 14.7l6.2 6.3 6.2-6.3c.2-.2.3-.5.3-.7s-.1-.5-.3-.7c-.2-.2-.4-.3-.7-.3h-11c-.3 0-.5.1-.7.3-.2.2-.3.5-.3.7s.1.5.3.7z\"\/><\/svg><\/span><\/span><\/span><\/a><\/span><\/div>\n<nav><ul class='ez-toc-list ez-toc-list-level-1 ' ><li class='ez-toc-page-1 ez-toc-heading-level-2'><a class=\"ez-toc-link ez-toc-heading-1\" href=\"https:\/\/raum-blick.de\/magazin\/design-kuechenaccessoires\/#%C2%AB_Mit_diesen_Helfern_wird_Kochen_noch_schoener_%C2%BB\" >\u00ab Mit diesen Helfern wird Kochen noch sch\u00f6ner! \u00bb<\/a><\/li><li class='ez-toc-page-1 ez-toc-heading-level-2'><a class=\"ez-toc-link ez-toc-heading-2\" href=\"https:\/\/raum-blick.de\/magazin\/design-kuechenaccessoires\/#Liebenswerte_Augenschmeichler_fuer_die_Grundausstattung\" >Liebenswerte Augenschmeichler f\u00fcr die Grundausstattung<\/a><ul class='ez-toc-list-level-3' ><li class='ez-toc-heading-level-3'><a class=\"ez-toc-link ez-toc-heading-3\" href=\"https:\/\/raum-blick.de\/magazin\/design-kuechenaccessoires\/#Gewuerzmuehlen_von_Carl_Mertens\" >Gew\u00fcrzm\u00fchlen von Carl Mertens<\/a><\/li><li class='ez-toc-page-1 ez-toc-heading-level-3'><a class=\"ez-toc-link ez-toc-heading-4\" href=\"https:\/\/raum-blick.de\/magazin\/design-kuechenaccessoires\/#Normann_Copenhagen_Nudelholz_Craft\" >Normann Copenhagen Nudelholz Craft<\/a><\/li><\/ul><\/li><li class='ez-toc-page-1 ez-toc-heading-level-2'><a class=\"ez-toc-link ez-toc-heading-5\" href=\"https:\/\/raum-blick.de\/magazin\/design-kuechenaccessoires\/#Innovative_Assistenten_fuer_effiziente_Ablaeufe\" >Innovative Assistenten f\u00fcr effiziente Abl\u00e4ufe<\/a><\/li><li class='ez-toc-page-1 ez-toc-heading-level-2'><a class=\"ez-toc-link ez-toc-heading-6\" href=\"https:\/\/raum-blick.de\/magazin\/design-kuechenaccessoires\/#Vielseitige_Designideen_fuer_die_Kueche_den_Service_und_die_Dekoration\" >Vielseitige Designideen f\u00fcr die K\u00fcche, den Service und die Dekoration<\/a><\/li><li class='ez-toc-page-1 ez-toc-heading-level-2'><a class=\"ez-toc-link ez-toc-heading-7\" href=\"https:\/\/raum-blick.de\/magazin\/design-kuechenaccessoires\/#Weniger_Aufwand_mehr_Vergnuegen\" >Weniger Aufwand, mehr Vergn\u00fcgen<\/a><\/li><\/ul><\/nav><\/div>\n\n<p><img loading=\"lazy\" decoding=\"async\" class=\"aligncenter wp-image-6365 size-full\" title=\"Carl Mertens M\u00fchlenduo Twins mit Holzblock\" src=\"https:\/\/www.raum-blick.de\/magazin\/wp-content\/uploads\/2018\/09\/carl-mertens-twins-muehlenduo.jpg\" alt=\"carl-mertens-twins-muehlenduo\" width=\"600\" height=\"555\" srcset=\"https:\/\/raum-blick.de\/magazin\/wp-content\/uploads\/2018\/09\/carl-mertens-twins-muehlenduo.jpg 600w, https:\/\/raum-blick.de\/magazin\/wp-content\/uploads\/2018\/09\/carl-mertens-twins-muehlenduo-300x278.jpg 300w\" sizes=\"(max-width: 600px) 100vw, 600px\" \/><\/p>\n<p style=\"text-align: justify;\">Ihr dunkler Holzblock sorgt f\u00fcr einen sicheren Stand und kontrastiert die Eleganz von Edelstahl, der hygienisch und pflegeleicht ist. Multitasking ist bei Hobbyk\u00f6chen an der Tagesordnung. Das ber\u00fccksichtigte der Hersteller beim M\u00fchlenduo TWINS gleicherma\u00dfen: denn das Duo l\u00e4sst sich einh\u00e4ndig bedienen!<\/p>\n<h3><span class=\"ez-toc-section\" id=\"Normann_Copenhagen_Nudelholz_Craft\"><\/span>Normann Copenhagen Nudelholz Craft<span class=\"ez-toc-section-end\"><\/span><\/h3>\n<p style=\"text-align: justify;\">Mit seinem Entwurf f\u00fcr das Craft Nudelholz von <a href=\"https:\/\/www.raum-blick.de\/normann-copenhagen\/\">Normann Copenhagen<\/a> zielte der Designer Simon Legald ebenfalls auf fl\u00fcssige Arbeitsabl\u00e4ufe ab. Er w\u00e4hlt f\u00fcr den K\u00fcchenhelfer bewusst schwere Werkstoffe wie Eiche und Marmor. Dadurch ergibt sich das optimale Gewicht, um Teig sowohl z\u00fcgig als auch gleichm\u00e4\u00dfig auszurollen.<\/p>\n<p><img loading=\"lazy\" decoding=\"async\" class=\"aligncenter wp-image-6362 size-full\" title=\"Craft Nudelholz von Normann Copenhagen | Design: Simon Legald\" src=\"https:\/\/www.raum-blick.de\/magazin\/wp-content\/uploads\/2018\/09\/normann-copenhagen-craft-nudelholz.jpg\" alt=\"normann-copenhagen-craft-nudelholz\" width=\"600\" height=\"200\" srcset=\"https:\/\/raum-blick.de\/magazin\/wp-content\/uploads\/2018\/09\/normann-copenhagen-craft-nudelholz.jpg 600w, https:\/\/raum-blick.de\/magazin\/wp-content\/uploads\/2018\/09\/normann-copenhagen-craft-nudelholz-300x100.jpg 300w\" sizes=\"(max-width: 600px) 100vw, 600px\" \/><\/p>\n<p style=\"text-align: justify;\">Bei den Geburtstagsfesten backen Sie gemeinsam mit den Kindern Pizza. Von Ihren Maultaschen schw\u00e4rmt die ganze Verwandtschaft. Mit dem Duft von Pl\u00e4tzchen sorgen Sie jedes Jahr f\u00fcr eine anheimelnde Adventszeit. K\u00fcchenaccessoires wie Nudelh\u00f6lzer begleiten das Leben und sind mit wundervollen Erinnerungen verbunden. Normann Copenhagen wird dem ideellen Wert dieser Lieblingsst\u00fccke mit der schmeichelhaften Optik und den langlebigen Naturmaterialien gerecht.<\/p>\n<h2><span class=\"ez-toc-section\" id=\"Innovative_Assistenten_fuer_effiziente_Ablaeufe\"><\/span>Innovative Assistenten f\u00fcr effiziente Abl\u00e4ufe<span class=\"ez-toc-section-end\"><\/span><\/h2>\n<p style=\"text-align: justify;\">Diverse Zutaten landen in einer Sch\u00fcssel und werden mit dem Quirl beherzt vermischt. Die Quintessenz f\u00fcllen Sie in ein Gef\u00e4\u00df um, das auf dem Esstisch eine gute Figur macht. Das Salatdressing ist lediglich eine aromatische Signatur. Dennoch kommen mindestens drei K\u00fcchenhelfer zum Einsatz, die sp\u00e4ter gereinigt werden m\u00fcssen.<\/p>\n<p><a href=\"https:\/\/www.raum-blick.de\/dressingshaker-eva-solo\"><img loading=\"lazy\" decoding=\"async\" class=\"aligncenter wp-image-6372 size-full\" title=\"eva solo Dressingshaker | tropfenfrei\" src=\"https:\/\/www.raum-blick.de\/magazin\/wp-content\/uploads\/2018\/09\/dressingshaker-eva-solo-tropfenfrei.jpg\" alt=\"dressingshaker-eva-solo-tropfenfrei\" width=\"600\" height=\"570\" srcset=\"https:\/\/raum-blick.de\/magazin\/wp-content\/uploads\/2018\/09\/dressingshaker-eva-solo-tropfenfrei.jpg 600w, https:\/\/raum-blick.de\/magazin\/wp-content\/uploads\/2018\/09\/dressingshaker-eva-solo-tropfenfrei-300x285.jpg 300w\" sizes=\"(max-width: 600px) 100vw, 600px\" \/><\/a><\/p>\n<p style=\"text-align: justify;\"><a href=\"https:\/\/www.raum-blick.de\/eva-solo\/\">Eva Solo<\/a> widmet sich dem umst\u00e4ndlichen Szenario und vereinfacht es: Sie best\u00fccken den Shaker mit allen Ingredienzien, bevor sich der Silikondeckel hinzugesellt. Nun gen\u00fcgt ein kurzes Sch\u00fctteln. Schon steht die Salatsauce auf der schick eingedeckten Tafel. Denn das K\u00fcchenzubeh\u00f6r gleicht einer formsch\u00f6nen Karaffe, die mit einem pr\u00e4zise geformten Ausgie\u00dfer versehen ist. Dadurch geh\u00f6ren die Dressingflecken auf dem Tischtuch der Vergangenheit an. Zu den innovativen Design-K\u00fcchenaccessoires, die einem funktionellen Rundumschlag gleichen, geh\u00f6rt auch der Multitop von <a href=\"https:\/\/www.raum-blick.de\/mono\/\">mono<\/a>.<\/p>\n<p><a href=\"https:\/\/www.raum-blick.de\/mono-multitop-kochdeckel\"><img loading=\"lazy\" decoding=\"async\" class=\"aligncenter wp-image-6374 size-full\" title=\"mono Multitop Kochdeckel | universeller Topfdeckel | Material: Edelstahl\" src=\"https:\/\/www.raum-blick.de\/magazin\/wp-content\/uploads\/2018\/09\/mono-multitop-kochdeckel.jpg\" alt=\"mono-multitop-kochdeckel\" width=\"600\" height=\"600\" srcset=\"https:\/\/raum-blick.de\/magazin\/wp-content\/uploads\/2018\/09\/mono-multitop-kochdeckel.jpg 600w, https:\/\/raum-blick.de\/magazin\/wp-content\/uploads\/2018\/09\/mono-multitop-kochdeckel-150x150.jpg 150w, https:\/\/raum-blick.de\/magazin\/wp-content\/uploads\/2018\/09\/mono-multitop-kochdeckel-300x300.jpg 300w\" sizes=\"(max-width: 600px) 100vw, 600px\" \/><\/a><\/p>\n<p style=\"text-align: justify;\">Sie m\u00f6chten den Kochl\u00f6ffel ablegen, ohne die Arbeitsplatte zu verschmutzen. F\u00fcr das gew\u00fcrfelte Gem\u00fcse ist bis zur Verwendung eine Zwischenstation gefragt. Die Sauciere hat keinen Deckel, um den Inhalt warmzuhalten. Alle skizzierten Fragen, die regelm\u00e4\u00dfig wiederkehren, beantwortet die deutsche Marke mit einem K\u00fcchenzubeh\u00f6r. Derartige Allesk\u00f6nner sind begehrenswert. Sie vereinfachen die Nebens\u00e4chlichkeiten im Haushalt, die f\u00fcr wenig Begeisterung sorgen. So bleibt mehr Freiraum, um sich an den kreativen Aufgaben zu erfreuen.<\/p>\n<h2><span class=\"ez-toc-section\" id=\"Vielseitige_Designideen_fuer_die_Kueche_den_Service_und_die_Dekoration\"><\/span>Vielseitige Designideen f\u00fcr die K\u00fcche, den Service und die Dekoration<span class=\"ez-toc-section-end\"><\/span><\/h2>\n<p style=\"text-align: justify;\">Einige K\u00fcchenaccessoires haben Designs, das die konkrete Nutzung nicht vorgibt. Dadurch erschlie\u00dft sich erst im Alltag, wie sehr sie das Leben bereichern.<\/p>\n<p><a href=\"https:\/\/www.raum-blick.de\/skagerak-norr-box\"><img loading=\"lazy\" decoding=\"async\" class=\"aligncenter wp-image-6352 size-full\" title=\"Skagerak Norr Box mit Tragegriff\" src=\"https:\/\/www.raum-blick.de\/magazin\/wp-content\/uploads\/2018\/09\/skagerak-norr-box-tragegriff.jpg\" alt=\"skagerak-norr-box-tragegriff\" width=\"600\" height=\"550\" srcset=\"https:\/\/raum-blick.de\/magazin\/wp-content\/uploads\/2018\/09\/skagerak-norr-box-tragegriff.jpg 600w, https:\/\/raum-blick.de\/magazin\/wp-content\/uploads\/2018\/09\/skagerak-norr-box-tragegriff-300x275.jpg 300w\" sizes=\"(max-width: 600px) 100vw, 600px\" \/><\/a><\/p>\n<p style=\"text-align: justify;\">Ditte Buus Nielsen entwarf f\u00fcr <a href=\"https:\/\/www.raum-blick.de\/skagerak\/\">Skagerak<\/a> die Norr Box mit Tragegriff. Die reduzierte Formsprache ist ebenso \u00fcberzeugend wie das Zusammenspiel von gediegenem Eichenholz und gl\u00e4nzendem Messing. Wenn Sie gerne neue Rezepte ausprobieren, stellen sich die Ideen f\u00fcr die Verwendung gewiss z\u00fcgig ein. Sie greifen sich das Utensil und schlendern durch die K\u00fcche oder Vorratskammer. Dabei wird die Holzbox mit den ben\u00f6tigten Gew\u00fcrzen, Kr\u00e4utern und Essenzen best\u00fcckt. Schon haben Sie alles f\u00fcr die kulinarische Kreation parat. Zum Salat wird eine Flasche mit Kern\u00f6l gereicht. Sojasauce und Wasabi begleiten das Sushi. Salz und Pfeffer stehen f\u00fcr den Hauptgang bereit.<\/p>\n<p><a href=\"https:\/\/www.raum-blick.de\/skagerak-norr-box\"><img loading=\"lazy\" decoding=\"async\" class=\"aligncenter wp-image-6355 size-full\" title=\"Skagerak Norr Box \/ Tablett | Design: Ditte Buus Nielsen\" src=\"https:\/\/www.raum-blick.de\/magazin\/wp-content\/uploads\/2018\/09\/skagerak-norr-box.jpg\" alt=\"skagerak-norr-box\" width=\"600\" height=\"600\" srcset=\"https:\/\/raum-blick.de\/magazin\/wp-content\/uploads\/2018\/09\/skagerak-norr-box.jpg 600w, https:\/\/raum-blick.de\/magazin\/wp-content\/uploads\/2018\/09\/skagerak-norr-box-150x150.jpg 150w, https:\/\/raum-blick.de\/magazin\/wp-content\/uploads\/2018\/09\/skagerak-norr-box-300x300.jpg 300w\" sizes=\"(max-width: 600px) 100vw, 600px\" \/><\/a><\/p>\n<p style=\"text-align: justify;\">Es ist \u00fcblich, den G\u00e4sten beim Dinner diverse Extras f\u00fcrs individuelle Verfeinern anzubieten. Im Accessoire von Skagerak k\u00f6nnen Sie die erg\u00e4nzenden Delikatessen zusammenstellen, unkompliziert transportieren und ansprechend auf dem Tisch arrangieren.<\/p>\n<p><img loading=\"lazy\" decoding=\"async\" class=\"aligncenter wp-image-6360 size-full\" title=\"K\u00e4hler Hammershoi Aufbewahrungsglas | klein | Design: Hans-Christian Bauer\" src=\"https:\/\/www.raum-blick.de\/magazin\/wp-content\/uploads\/2018\/09\/kaehler-hammershoi-aufbewahrungsglas-klein.jpg\" alt=\"kaehler-hammershoi-aufbewahrungsglas-klein\" width=\"600\" height=\"600\" srcset=\"https:\/\/raum-blick.de\/magazin\/wp-content\/uploads\/2018\/09\/kaehler-hammershoi-aufbewahrungsglas-klein.jpg 600w, https:\/\/raum-blick.de\/magazin\/wp-content\/uploads\/2018\/09\/kaehler-hammershoi-aufbewahrungsglas-klein-150x150.jpg 150w, https:\/\/raum-blick.de\/magazin\/wp-content\/uploads\/2018\/09\/kaehler-hammershoi-aufbewahrungsglas-klein-300x300.jpg 300w\" sizes=\"(max-width: 600px) 100vw, 600px\" \/><\/p>\n<p style=\"text-align: justify;\">\u00c4hnlich vielseitig sind die Gef\u00e4\u00dfe von <a href=\"https:\/\/www.raum-blick.de\/kaehler-design\/\">K\u00e4hler Design<\/a>, f\u00fcr die Hans-Christian Bauer sein kreatives Talent in die Waagschale warf. Durch das hochwertige Glas und die geriffelten Verschl\u00fcsse aus Porzellan wirken die K\u00fcchenaccessoires ungew\u00f6hnlich edel. Sie empfehlen sich deshalb nicht nur, um Lebensmittel hygienisch aufzubewahren. Beim Brunch m\u00f6chten Sie den Freunden etwas von der selbstgemachten Marmelade anbieten.<\/p>\n<p><img loading=\"lazy\" decoding=\"async\" class=\"aligncenter wp-image-6358 size-full\" title=\"K\u00e4hler Hammershoi Aufbewahrungsglas | gro\u00df | Design: Hans-Christian Bauer\" src=\"https:\/\/www.raum-blick.de\/magazin\/wp-content\/uploads\/2018\/09\/kaehler-hammershoi-aufbewahrungsglas-gross.jpg\" alt=\"kaehler-hammershoi-aufbewahrungsglas-gross\" width=\"600\" height=\"600\" srcset=\"https:\/\/raum-blick.de\/magazin\/wp-content\/uploads\/2018\/09\/kaehler-hammershoi-aufbewahrungsglas-gross.jpg 600w, https:\/\/raum-blick.de\/magazin\/wp-content\/uploads\/2018\/09\/kaehler-hammershoi-aufbewahrungsglas-gross-150x150.jpg 150w, https:\/\/raum-blick.de\/magazin\/wp-content\/uploads\/2018\/09\/kaehler-hammershoi-aufbewahrungsglas-gross-300x300.jpg 300w\" sizes=\"(max-width: 600px) 100vw, 600px\" \/><\/p>\n<p style=\"text-align: justify;\">F\u00fcr das Tischarrangement bei der sommerlichen Dinnerparty legen Sie die Muscheln vom letzten Badeurlaub hinein. Beim Basteln ist das Aufbewahrungsglas ideal f\u00fcr die sichere Ablage von Perlen oder Streuartikeln. So avanciert das K\u00fcchenaccessoire zum Haushaltshelfer, der praktisch und dekorativ ist.<\/p>\n<h2><span class=\"ez-toc-section\" id=\"Weniger_Aufwand_mehr_Vergnuegen\"><\/span>Weniger Aufwand, mehr Vergn\u00fcgen<span class=\"ez-toc-section-end\"><\/span><\/h2>\n<p style=\"text-align: justify;\">Dank der praktischen K\u00fcchenaccessoires ging alles schnell von der Hand. Die Zutaten wurden zusammengestellt und vorbereitet. Einige Komponenten befinden sich im K\u00fchlschrank und m\u00fcssen nur noch serviert werden. Der Hauptgang k\u00f6chelt auf dem Herd. Sogar die Tischdeko ist schon vollbracht.<\/p>\n<p><img loading=\"lazy\" decoding=\"async\" class=\"aligncenter wp-image-6345 size-full\" title=\"iittala Essence Wei\u00dfweinglas | 2er-Set\" src=\"https:\/\/www.raum-blick.de\/magazin\/wp-content\/uploads\/2018\/09\/iittala-essence-weissweinglas-2er-set.jpg\" alt=\"iittala-essence-weissweinglas-2er-set\" width=\"414\" height=\"400\" srcset=\"https:\/\/raum-blick.de\/magazin\/wp-content\/uploads\/2018\/09\/iittala-essence-weissweinglas-2er-set.jpg 414w, https:\/\/raum-blick.de\/magazin\/wp-content\/uploads\/2018\/09\/iittala-essence-weissweinglas-2er-set-300x290.jpg 300w\" sizes=\"(max-width: 414px) 100vw, 414px\" \/><\/p>\n<p style=\"text-align: justify;\">Nichts spricht gegen eine Verschnaufpause mit einem Schluck von jenem Wein, der sp\u00e4ter die Sauce verfeinern wird. Daf\u00fcr nehmen Sie eines der Gl\u00e4ser f\u00fcr die Erfrischungsgetr\u00e4nke aus dem Schrank. W\u00e4hrend Sie am vollmundigen Tropfen nippen, offenbart sich das schlicht schicke Design.<\/p>\n<p><img loading=\"lazy\" decoding=\"async\" class=\"aligncenter wp-image-6341\" title=\"Aino Aalto Glas | 2er-Set | klar\" src=\"https:\/\/www.raum-blick.de\/magazin\/wp-content\/uploads\/2018\/09\/Aino-Aalto-Glas-2er-Set-klar.jpg\" alt=\"Aino Aalto Glas 2er-Set klar\" width=\"268\" height=\"250\" srcset=\"https:\/\/raum-blick.de\/magazin\/wp-content\/uploads\/2018\/09\/Aino-Aalto-Glas-2er-Set-klar.jpg 600w, https:\/\/raum-blick.de\/magazin\/wp-content\/uploads\/2018\/09\/Aino-Aalto-Glas-2er-Set-klar-300x280.jpg 300w\" sizes=\"(max-width: 268px) 100vw, 268px\" \/><\/p>\n<p style=\"text-align: justify;\">Gleich darauf beschlie\u00dfen Sie, die Iittala Gl\u00e4ser f\u00fcr die unkonventionelle Inszenierung des Desserts zu verwenden. Diese Idee w\u00e4re ganz im Sinne von Aino Aalto gewesen, die viele Klassiker in den 1930er Jahren entwarf. Denn der ber\u00fchmten Designerin schwebte ein Trinkglas vor, das vielseitig ist und bei allen Gelegenheiten \u00fcberzeugt.<\/p>\n","protected":false},"excerpt":{"rendered":"<p>\u00ab Mit diesen Helfern wird Kochen noch sch\u00f6ner! \u00bb Moderne Design-K\u00fcchenhelfer begleiten nicht nur die allt\u00e4glichen Handgriffe am Herd. Sie erleichtern sp\u00fcrbar die Zubereitung. Ganz nebenbei schmeicheln die Accessoires mit ihrer Optik dem Auge. Zur Funktionalit\u00e4t tr\u00e4gt die \u00c4sthetik ebenso bei wie die praktische Konzeption. Denn die Multitalente gl\u00e4nzen beim Kochen und am gedeckten Tisch [&hellip;]<\/p>\n","protected":false},"author":4,"featured_media":6376,"comment_status":"closed","ping_status":"open","sticky":false,"template":"","format":"standard","meta":{"_et_pb_use_builder":"","_et_pb_old_content":"","_et_gb_content_width":"","inline_featured_image":false,"footnotes":""},"categories":[7],"tags":[662,462,342,334,660,18,319,147,23,357,510,530,13,11,218,21,659,661,19],"class_list":["post-6334","post","type-post","status-publish","format-standard","has-post-thumbnail","hentry","category-accessoires-lifestyle","tag-aufbewahrungsglaeser","tag-carl-mertens","tag-dekoration","tag-design","tag-dressingshaker","tag-eva-solo","tag-gewuerzmuehlen","tag-glaeser","tag-iittala","tag-kaehler","tag-kochdeckel","tag-kueche","tag-kuechenaccessoires","tag-kuechenhelfer","tag-mono","tag-normann-copenhagen","tag-nudelholz","tag-service","tag-skagerak"],"_links":{"self":[{"href":"https:\/\/raum-blick.de\/magazin\/wp-json\/wp\/v2\/posts\/6334","targetHints":{"allow":["GET"]}}],"collection":[{"href":"https:\/\/raum-blick.de\/magazin\/wp-json\/wp\/v2\/posts"}],"about":[{"href":"https:\/\/raum-blick.de\/magazin\/wp-json\/wp\/v2\/types\/post"}],"author":[{"embeddable":true,"href":"https:\/\/raum-blick.de\/magazin\/wp-json\/wp\/v2\/users\/4"}],"replies":[{"embeddable":true,"href":"https:\/\/raum-blick.de\/magazin\/wp-json\/wp\/v2\/comments?post=6334"}],"version-history":[{"count":37,"href":"https:\/\/raum-blick.de\/magazin\/wp-json\/wp\/v2\/posts\/6334\/revisions"}],"predecessor-version":[{"id":16285,"href":"https:\/\/raum-blick.de\/magazin\/wp-json\/wp\/v2\/posts\/6334\/revisions\/16285"}],"wp:featuredmedia":[{"embeddable":true,"href":"https:\/\/raum-blick.de\/magazin\/wp-json\/wp\/v2\/media\/6376"}],"wp:attachment":[{"href":"https:\/\/raum-blick.de\/magazin\/wp-json\/wp\/v2\/media?parent=6334"}],"wp:term":[{"taxonomy":"category","embeddable":true,"href":"https:\/\/raum-blick.de\/magazin\/wp-json\/wp\/v2\/categories?post=6334"},{"taxonomy":"post_tag","embeddable":true,"href":"https:\/\/raum-blick.de\/magazin\/wp-json\/wp\/v2\/tags?post=6334"}],"curies":[{"name":"wp","href":"https:\/\/api.w.org\/{rel}","templated":true}]}}