{"id":6215,"date":"2018-08-01T13:34:31","date_gmt":"2018-08-01T11:34:31","guid":{"rendered":"https:\/\/www.raum-blick.de\/magazin\/?p=6215"},"modified":"2024-09-04T16:12:46","modified_gmt":"2024-09-04T14:12:46","slug":"tisch-eindecken","status":"publish","type":"post","link":"https:\/\/raum-blick.de\/magazin\/tisch-eindecken\/","title":{"rendered":"Tisch eindecken mit Stil"},"content":{"rendered":"<h2><span class=\"ez-toc-section\" id=\"%C2%AB_Das_perfekte_Dinner_lebt_von_Details_%C2%BB\"><\/span>\u00ab Das perfekte Dinner lebt von Details! \u00bb<span class=\"ez-toc-section-end\"><\/span><\/h2>\n<p style=\"text-align: justify;\"><strong>Im Alltag, wo Sie f\u00fcr sich und die Familie den Tisch decken, ist alles ganz einfach: Sie zelebrieren kulinarische Momente so, wie es Ihnen gef\u00e4llt. Beim festlichen Dinner wendet sich das Blatt. Gewisse Regeln der versierten Gastlichkeit geben vor, wie Gl\u00e4ser, Teller, Besteck und Tischdeko platziert werden. Dabei geht es weniger um eine elit\u00e4re Etikette. Wenn Sie den Tisch richtig decken, ebnen Sie Ihren G\u00e4sten den Weg zu einem angemessenen Auftritt. <\/strong><\/p>\n<h2><span class=\"ez-toc-section\" id=\"Komfort_fuer_jeden_Dinnergast\"><\/span>Komfort f\u00fcr jeden Dinnergast<span class=\"ez-toc-section-end\"><\/span><\/h2>\n<p style=\"text-align: justify;\">Sobald feststeht, wie viele Personen die Einladung annehmen, planen Sie den Service. Damit alle entspannt dinieren k\u00f6nnen, ben\u00f6tigen Sie pro Tischgedeck 80 Zentimeter. Falls es eng wird, m\u00fcssen alternative Ideen wie ein separater Kindertisch vorbereitet werden. Beim Eindecken wird zuerst akkurat ein gest\u00e4rktes Tischtuch im puristischen Wei\u00df ausgebreitet. Falten sind nicht nur unsch\u00f6n, sondern bringen Gl\u00e4ser ins Wanken.<\/p><div id=\"ez-toc-container\" class=\"ez-toc-v2_0_82_2 counter-hierarchy ez-toc-counter ez-toc-grey ez-toc-container-direction\">\n<div class=\"ez-toc-title-container\">\n<p class=\"ez-toc-title\" style=\"cursor:inherit\">Was hier auf Sie wartet<\/p>\n<span class=\"ez-toc-title-toggle\"><a href=\"#\" class=\"ez-toc-pull-right ez-toc-btn ez-toc-btn-xs ez-toc-btn-default ez-toc-toggle\" aria-label=\"Toggle Table of Content\"><span class=\"ez-toc-js-icon-con\"><span class=\"\"><span class=\"eztoc-hide\" style=\"display:none;\">Toggle<\/span><span class=\"ez-toc-icon-toggle-span\"><svg style=\"fill: #999;color:#999\" xmlns=\"http:\/\/www.w3.org\/2000\/svg\" class=\"list-377408\" width=\"20px\" height=\"20px\" viewBox=\"0 0 24 24\" fill=\"none\"><path d=\"M6 6H4v2h2V6zm14 0H8v2h12V6zM4 11h2v2H4v-2zm16 0H8v2h12v-2zM4 16h2v2H4v-2zm16 0H8v2h12v-2z\" fill=\"currentColor\"><\/path><\/svg><svg style=\"fill: #999;color:#999\" class=\"arrow-unsorted-368013\" xmlns=\"http:\/\/www.w3.org\/2000\/svg\" width=\"10px\" height=\"10px\" viewBox=\"0 0 24 24\" version=\"1.2\" baseProfile=\"tiny\"><path d=\"M18.2 9.3l-6.2-6.3-6.2 6.3c-.2.2-.3.4-.3.7s.1.5.3.7c.2.2.4.3.7.3h11c.3 0 .5-.1.7-.3.2-.2.3-.5.3-.7s-.1-.5-.3-.7zM5.8 14.7l6.2 6.3 6.2-6.3c.2-.2.3-.5.3-.7s-.1-.5-.3-.7c-.2-.2-.4-.3-.7-.3h-11c-.3 0-.5.1-.7.3-.2.2-.3.5-.3.7s.1.5.3.7z\"\/><\/svg><\/span><\/span><\/span><\/a><\/span><\/div>\n<nav><ul class='ez-toc-list ez-toc-list-level-1 ' ><li class='ez-toc-page-1 ez-toc-heading-level-2'><a class=\"ez-toc-link ez-toc-heading-1\" href=\"https:\/\/raum-blick.de\/magazin\/tisch-eindecken\/#%C2%AB_Das_perfekte_Dinner_lebt_von_Details_%C2%BB\" >\u00ab Das perfekte Dinner lebt von Details! \u00bb<\/a><\/li><li class='ez-toc-page-1 ez-toc-heading-level-2'><a class=\"ez-toc-link ez-toc-heading-2\" href=\"https:\/\/raum-blick.de\/magazin\/tisch-eindecken\/#Komfort_fuer_jeden_Dinnergast\" >Komfort f\u00fcr jeden Dinnergast<\/a><\/li><li class='ez-toc-page-1 ez-toc-heading-level-2'><a class=\"ez-toc-link ez-toc-heading-3\" href=\"https:\/\/raum-blick.de\/magazin\/tisch-eindecken\/#Besteck-Arrangement_passend_zum_kulinarischen_Programm\" >Besteck-Arrangement passend zum kulinarischen Programm<\/a><\/li><li class='ez-toc-page-1 ez-toc-heading-level-2'><a class=\"ez-toc-link ez-toc-heading-4\" href=\"https:\/\/raum-blick.de\/magazin\/tisch-eindecken\/#Elegante_Glaeser_fuer_fluessige_Begleiter\" >Elegante Gl\u00e4ser f\u00fcr fl\u00fcssige Begleiter<\/a><\/li><li class='ez-toc-page-1 ez-toc-heading-level-2'><a class=\"ez-toc-link ez-toc-heading-5\" href=\"https:\/\/raum-blick.de\/magazin\/tisch-eindecken\/#Dezente_Accessoires_fuer_die_dekorative_Signatur\" >Dezente Accessoires f\u00fcr die dekorative Signatur<\/a><\/li><\/ul><\/nav><\/div>\n\n<p><img loading=\"lazy\" decoding=\"async\" class=\"aligncenter wp-image-6276 size-full\" title=\"Zack MESON Platzteller aus Edelstahl | Material: Edelstahl poliert \/ geb\u00fcrstet\" src=\"https:\/\/www.raum-blick.de\/magazin\/wp-content\/uploads\/2018\/08\/zack-meson-platzteller-edelstahl.jpg\" alt=\"zack-meson-platzteller-edelstahl\" width=\"600\" height=\"270\" srcset=\"https:\/\/raum-blick.de\/magazin\/wp-content\/uploads\/2018\/08\/zack-meson-platzteller-edelstahl.jpg 600w, https:\/\/raum-blick.de\/magazin\/wp-content\/uploads\/2018\/08\/zack-meson-platzteller-edelstahl-300x135.jpg 300w\" sizes=\"(max-width: 600px) 100vw, 600px\" \/><\/p>\n<p style=\"text-align: justify;\">Edle Platzteller bilden das Fundament und bereichern w\u00e4hrend des gesamten Men\u00fcs die Tafel. Brotteller sind ebenfalls sofort dabei, die linksseitig \u00fcber dem Besteck drapiert werden. Diese sind \u2013 penibel genommen \u2013 nur f\u00fcr die gereichten Backwaren gedacht. Dennoch er\u00f6ffnen sie jeder Person einen vertretbaren Weg, um Abf\u00e4lle wie Gr\u00e4ten oder ungeliebte Zutaten vom Essteller zu entfernen. Es h\u00e4ngt vom geplanten Ablauf ab, ob weitere Teller zum Tischgedeck geh\u00f6ren.<\/p>\n<p><a href=\"https:\/\/www.raum-blick.de\/serviettenringe-names-notes-side-by-side\"><img loading=\"lazy\" decoding=\"async\" class=\"aligncenter wp-image-6279 size-full\" title=\"Serviettenringe names &amp; notes von side-by-side | Design: J\u00f6rg G\u00e4tjens\" src=\"https:\/\/www.raum-blick.de\/magazin\/wp-content\/uploads\/2018\/08\/serviettenringe-names-notes-side-by-side.jpg\" alt=\"serviettenringe-names-notes-side-by-side\" width=\"600\" height=\"495\" srcset=\"https:\/\/raum-blick.de\/magazin\/wp-content\/uploads\/2018\/08\/serviettenringe-names-notes-side-by-side.jpg 600w, https:\/\/raum-blick.de\/magazin\/wp-content\/uploads\/2018\/08\/serviettenringe-names-notes-side-by-side-300x248.jpg 300w\" sizes=\"(max-width: 600px) 100vw, 600px\" \/><\/a><\/p>\n<p style=\"text-align: justify;\">Wenn Sie die K\u00f6stlichkeiten kunstvoll inszenieren, erfolgt das Anrichten in der K\u00fcche. Dort sollte in diesem Fall das Geschirr bereitstehen. \u00dcblich ist es, die Stoffserviette mit einem Ring zu versehen und auf den Platzteller zu legen.<\/p>\n<h2><span class=\"ez-toc-section\" id=\"Besteck-Arrangement_passend_zum_kulinarischen_Programm\"><\/span>Besteck-Arrangement passend zum kulinarischen Programm<span class=\"ez-toc-section-end\"><\/span><\/h2>\n<p style=\"text-align: justify;\">Da das Tischgedeck beim Festessen reichlich Platz beansprucht, bleibt wenig Raum f\u00fcr erg\u00e4nzende Dekoration. Es ist deshalb w\u00fcnschenswert, dass unverzichtbare Accessoires eine gute Figur machen.<\/p>\n<p style=\"text-align: justify;\">Das glanzvoll polierte <a href=\"https:\/\/www.raum-blick.de\/mono\/\">Edelstahlbesteck von mono<\/a>, das Peter Racke 1958 entwarf, \u00fcberzeugt beispielsweise mit seiner zeitlosen Eleganz.<\/p>\n<p><a href=\"https:\/\/www.raum-blick.de\/mono-a-besteck-mono\"><img loading=\"lazy\" decoding=\"async\" class=\"aligncenter wp-image-6268 size-full\" title=\"mono-a Besteck | Design: Peter Raacke, 1958\" src=\"https:\/\/www.raum-blick.de\/magazin\/wp-content\/uploads\/2018\/08\/mono-a-besteck-mono.jpg\" alt=\"mono-a-besteck-mono\" width=\"600\" height=\"510\" srcset=\"https:\/\/raum-blick.de\/magazin\/wp-content\/uploads\/2018\/08\/mono-a-besteck-mono.jpg 600w, https:\/\/raum-blick.de\/magazin\/wp-content\/uploads\/2018\/08\/mono-a-besteck-mono-300x255.jpg 300w\" sizes=\"(max-width: 600px) 100vw, 600px\" \/><\/a><\/p>\n<p style=\"text-align: justify;\">Mit den gegenw\u00e4rtigen Trends harmoniert hingegen die matt geb\u00fcrstete \u00c4sthetik der Kollektion Citterio 98 von Iittala. V\u00f6llig unabh\u00e4ngig vom Design stellt sich die Frage, wie Sie das Besteck fachkundig auf dem Tisch eindecken.<\/p>\n<p><img loading=\"lazy\" decoding=\"async\" class=\"aligncenter wp-image-6270 size-full\" title=\"Citterio 98 Besteck Set von iittala | 16-teilig | Design: Glen Oliver L\u00f6w\" src=\"https:\/\/www.raum-blick.de\/magazin\/wp-content\/uploads\/2018\/08\/citterio-98-besteck-set-16-teilig-iittala.jpg\" alt=\"citterio-98-besteck-set-16-teilig-iittala\" width=\"600\" height=\"500\" srcset=\"https:\/\/raum-blick.de\/magazin\/wp-content\/uploads\/2018\/08\/citterio-98-besteck-set-16-teilig-iittala.jpg 600w, https:\/\/raum-blick.de\/magazin\/wp-content\/uploads\/2018\/08\/citterio-98-besteck-set-16-teilig-iittala-300x250.jpg 300w\" sizes=\"(max-width: 600px) 100vw, 600px\" \/><\/p>\n<p style=\"text-align: justify;\">Die Antwort darauf ist simpler als gedacht. Denn der Gast soll dank des Arrangements intuitiv zu den passenden Utensilien f\u00fcr den jeweiligen Gang greifen. Direkt neben dem Teller liegen demnach das Messer und die Gabel f\u00fcr den Hauptgang. Nacheinander gesellen sich entsprechend der Men\u00fcfolge alle weiteren Bestecke hinzu, sodass sich ganz au\u00dfen das Zubeh\u00f6r f\u00fcr die erste Vorspeise befindet. Die Messer landen gew\u00f6hnlich rechts direkt neben der Hand, die der Gast daf\u00fcr nutzt. Links positionieren Sie die dazugeh\u00f6rige Essgabel.<\/p>\n<p><img loading=\"lazy\" decoding=\"async\" class=\"aligncenter wp-image-6272 size-full\" title=\"Eva Solo: Steakbesteck | 4-teilig | Design: Eva Solo\" src=\"https:\/\/www.raum-blick.de\/magazin\/wp-content\/uploads\/2018\/08\/eva-solo-grillbesteck-4-teilig.jpg\" alt=\"eva-solo-grillbesteck-4-teilig\" width=\"600\" height=\"420\" srcset=\"https:\/\/raum-blick.de\/magazin\/wp-content\/uploads\/2018\/08\/eva-solo-grillbesteck-4-teilig.jpg 600w, https:\/\/raum-blick.de\/magazin\/wp-content\/uploads\/2018\/08\/eva-solo-grillbesteck-4-teilig-300x210.jpg 300w\" sizes=\"(max-width: 600px) 100vw, 600px\" \/><\/p>\n<p style=\"text-align: justify;\">Treten Gabeln solo auf, beispielsweise als praktische Begleiter f\u00fcr den Salat oder Spaghetti, werden sie rechts drapiert. Auf der Kopfseite bieten Sie f\u00fcr cremige Nachspeisen einen Dessertl\u00f6ffel an, wobei der Stiel zur rechten Seite ausgerichtet ist. Dar\u00fcber decken Sie umgekehrt die Dessertgabel ein. Wird der Platz knapp, gibt es galante Auswege: Zum Beispiel ist es legitim, wenn Sie den Essl\u00f6ffel auf den Unterteller der Suppentasse eindecken und somit direkt mit der Vorspeise reichen.<\/p>\n<h2><span class=\"ez-toc-section\" id=\"Elegante_Glaeser_fuer_fluessige_Begleiter\"><\/span>Elegante Gl\u00e4ser f\u00fcr fl\u00fcssige Begleiter<span class=\"ez-toc-section-end\"><\/span><\/h2>\n<p style=\"text-align: justify;\">Vollendet ist das Tischgedeck erst, wenn sich f\u00fcr jedes geplante Getr\u00e4nk ein Glas hinzugesellt. Laut Knigge beginnen Sie mit einem Wasserglas, das \u00fcber dem \u00e4u\u00dfersten Besteck auf der rechten Seite steht. Das Aperitifglas schlie\u00dft sich an.<\/p>\n<p><a href=\"https:\/\/www.raum-blick.de\/trinkglaeser-eva-solo\"><img loading=\"lazy\" decoding=\"async\" class=\"aligncenter wp-image-6259 size-full\" title=\"eva solo: Gl\u00e4ser | Set | sp\u00fclmaschinengeeignet | Design: Claus Jensen und Henrik Holb\u00e6k\" src=\"https:\/\/www.raum-blick.de\/magazin\/wp-content\/uploads\/2018\/08\/trinkglaeser-eva-solo.jpg\" alt=\"trinkglaeser-eva-solo\" width=\"600\" height=\"300\" srcset=\"https:\/\/raum-blick.de\/magazin\/wp-content\/uploads\/2018\/08\/trinkglaeser-eva-solo.jpg 600w, https:\/\/raum-blick.de\/magazin\/wp-content\/uploads\/2018\/08\/trinkglaeser-eva-solo-300x150.jpg 300w\" sizes=\"(max-width: 600px) 100vw, 600px\" \/><\/a><\/p>\n<p style=\"text-align: justify;\">Ein guter erster Tropfen regt den Appetit an und harmoniert fabelhaft mit feinen Delikatessen wie Meeresfr\u00fcchten. Die Riege setzt sich mit dem Wei\u00dfweinglas f\u00fcr den leichten Zwischengang und dem Rotweinglas f\u00fcr den w\u00fcrzigen Hauptgang fort. Das Lik\u00f6rglas neben dem Dessertbesteck komplettiert das Ganze.<\/p>\n<p><img loading=\"lazy\" decoding=\"async\" class=\"aligncenter wp-image-6262 size-full\" title=\"Lik\u00f6r Gl\u00e4ser von Normann Copenhagen | 2er Set | Design: Rikke Hagen\" src=\"https:\/\/www.raum-blick.de\/magazin\/wp-content\/uploads\/2018\/08\/normann-copenhagen-likoer-glaeser-2er-set.jpg\" alt=\"normann-copenhagen-likoer-glaeser-2er-set\" width=\"600\" height=\"515\" srcset=\"https:\/\/raum-blick.de\/magazin\/wp-content\/uploads\/2018\/08\/normann-copenhagen-likoer-glaeser-2er-set.jpg 600w, https:\/\/raum-blick.de\/magazin\/wp-content\/uploads\/2018\/08\/normann-copenhagen-likoer-glaeser-2er-set-300x258.jpg 300w\" sizes=\"(max-width: 600px) 100vw, 600px\" \/><\/p>\n<p style=\"text-align: justify;\">Moderne Spitzenrestaurants weichen von der Reihenfolge insofern ab, dass sie beim Eindecken f\u00fcr die Wassergl\u00e4ser die \u00e4u\u00dferst linke Position w\u00e4hlen. Denn sie bleiben auf dem Tisch, w\u00e4hrend die anderen Trinkgef\u00e4\u00dfe nach dem Gang inklusive der Bestecke abger\u00e4umt werden.<\/p>\n<p><center><img loading=\"lazy\" decoding=\"async\" class=\"alignnone wp-image-6254 size-full\" title=\"iittala: Aino Aalto Glas | 2er-Set | 2x 33 cl Glas | Design: Aino Aalto\" src=\"https:\/\/www.raum-blick.de\/magazin\/wp-content\/uploads\/2018\/08\/iittala-aino-aalto-glas-2er-set.jpg\" alt=\"iittala-aino-aalto-glas-2er-set\" width=\"300\" height=\"300\" srcset=\"https:\/\/raum-blick.de\/magazin\/wp-content\/uploads\/2018\/08\/iittala-aino-aalto-glas-2er-set.jpg 300w, https:\/\/raum-blick.de\/magazin\/wp-content\/uploads\/2018\/08\/iittala-aino-aalto-glas-2er-set-150x150.jpg 150w\" sizes=\"(max-width: 300px) 100vw, 300px\" \/> <img loading=\"lazy\" decoding=\"async\" class=\"alignnone wp-image-6255 size-full\" title=\"iittala: Essence | Becher f\u00fcr Wasser, S\u00e4fte... | Design: Alfredo H\u00e4berli, 2001\" src=\"https:\/\/www.raum-blick.de\/magazin\/wp-content\/uploads\/2018\/08\/iittala-essence-wasser-2er-set.jpg\" alt=\"iittala-essence-wasser-2er-set\" width=\"300\" height=\"300\" srcset=\"https:\/\/raum-blick.de\/magazin\/wp-content\/uploads\/2018\/08\/iittala-essence-wasser-2er-set.jpg 300w, https:\/\/raum-blick.de\/magazin\/wp-content\/uploads\/2018\/08\/iittala-essence-wasser-2er-set-150x150.jpg 150w\" sizes=\"(max-width: 300px) 100vw, 300px\" \/><\/center><\/p>\n<p style=\"text-align: justify;\">Fabelhaft sind f\u00fcr exklusive Anl\u00e4sse die Iittala Gl\u00e4ser Essence geeignet. Denn der Schweizer Designer Alfredo H\u00e4berli zielte nicht nur darauf ab, dass Sie mit m\u00f6glichst wenigen Glasvarianten alle Getr\u00e4nke stilvoll servieren k\u00f6nnen.<\/p>\n<p><center><img loading=\"lazy\" decoding=\"async\" class=\"alignnone wp-image-6249 size-full\" title=\"iittala Essence: Rotweinglas | 2er-Set | Design: Alfredo H\u00e4berli, 2001\" src=\"https:\/\/www.raum-blick.de\/magazin\/wp-content\/uploads\/2018\/08\/iittala-essence-rotweinglas-2er-set.jpg\" alt=\"iittala-essence-rotweinglas-2er-set\" width=\"300\" height=\"300\" srcset=\"https:\/\/raum-blick.de\/magazin\/wp-content\/uploads\/2018\/08\/iittala-essence-rotweinglas-2er-set.jpg 300w, https:\/\/raum-blick.de\/magazin\/wp-content\/uploads\/2018\/08\/iittala-essence-rotweinglas-2er-set-150x150.jpg 150w\" sizes=\"(max-width: 300px) 100vw, 300px\" \/> <img loading=\"lazy\" decoding=\"async\" class=\"alignnone wp-image-6250 size-full\" title=\"iittala Essence: Wei\u00dfweinglas | 2er Set | Design: Alfredo H\u00e4berli, 2001\" src=\"https:\/\/www.raum-blick.de\/magazin\/wp-content\/uploads\/2018\/08\/iittala-essence-weissweinglas-2er-set.jpg\" alt=\"iittala-essence-weissweinglas-2er-set\" width=\"300\" height=\"300\" srcset=\"https:\/\/raum-blick.de\/magazin\/wp-content\/uploads\/2018\/08\/iittala-essence-weissweinglas-2er-set.jpg 300w, https:\/\/raum-blick.de\/magazin\/wp-content\/uploads\/2018\/08\/iittala-essence-weissweinglas-2er-set-150x150.jpg 150w\" sizes=\"(max-width: 300px) 100vw, 300px\" \/><\/center><\/p>\n<p style=\"text-align: justify;\">Die Iittala Gl\u00e4ser sind vergleichsweise schlank konzipiert, damit sie nicht zu viel Raum einnehmen. Beim gemeinsamen Auftritt hinterlassen die Gl\u00e4ser au\u00dferdem einen harmonischen Gesamteindruck.<\/p>\n<p><img loading=\"lazy\" decoding=\"async\" class=\"aligncenter wp-image-6237 size-full\" title=\"iittala: Decanter | Weinkaraffe | Glas: klar | H\u00f6he: 20 cm | Design: Antonio Citterio &amp; Toan Nguyen, 2004\" src=\"https:\/\/www.raum-blick.de\/magazin\/wp-content\/uploads\/2018\/08\/iittala-decanter.jpg\" alt=\"iittala-decanter\" width=\"600\" height=\"575\" srcset=\"https:\/\/raum-blick.de\/magazin\/wp-content\/uploads\/2018\/08\/iittala-decanter.jpg 600w, https:\/\/raum-blick.de\/magazin\/wp-content\/uploads\/2018\/08\/iittala-decanter-300x288.jpg 300w\" sizes=\"(max-width: 600px) 100vw, 600px\" \/><\/p>\n<p style=\"text-align: justify;\">Denken Sie nicht nur an das Tischgedeck. Pr\u00e4sentieren Sie den Rotwein beim Einschenken in einem formsch\u00f6nen Decanter. Halten Sie zudem elegante Multitalente f\u00fcr alternative Getr\u00e4nkew\u00fcnsche bereit.<\/p>\n<p><img loading=\"lazy\" decoding=\"async\" class=\"aligncenter wp-image-6246 size-full\" title=\"eva solo: Karaffe | tropffrei, sp\u00fclmaschinenfest | Design: Claus Jensen und Henrik Holb\u00e6k\" src=\"https:\/\/www.raum-blick.de\/magazin\/wp-content\/uploads\/2018\/08\/karaffe-eva-solo.jpg\" alt=\"karaffe-eva-solo\" width=\"600\" height=\"600\" srcset=\"https:\/\/raum-blick.de\/magazin\/wp-content\/uploads\/2018\/08\/karaffe-eva-solo.jpg 600w, https:\/\/raum-blick.de\/magazin\/wp-content\/uploads\/2018\/08\/karaffe-eva-solo-150x150.jpg 150w, https:\/\/raum-blick.de\/magazin\/wp-content\/uploads\/2018\/08\/karaffe-eva-solo-300x300.jpg 300w\" sizes=\"(max-width: 600px) 100vw, 600px\" \/><\/p>\n<p style=\"text-align: justify;\">Die renommierten Marken <a href=\"https:\/\/www.raum-blick.de\/eva-solo\/\">Eva Solo<\/a> mit zahlreichen Karaffen und <a href=\"https:\/\/www.raum-blick.de\/kaehler-design\/\">K\u00e4hler Design<\/a> mit der ber\u00fchmten Hammershoi Serie bieten Kannen und Trinkgl\u00e4ser an, die sich f\u00fcr S\u00e4fte ebenso eignen wie f\u00fcr Longdrinks oder Kaffeespezialit\u00e4ten.<\/p>\n<p><img loading=\"lazy\" decoding=\"async\" class=\"aligncenter wp-image-6244 size-full\" title=\"K\u00e4hler Hammershoi: Trinkglas | 33 cl | auch f\u00fcr Desserts geeignet | Design: Hans-Christian Bauer\" src=\"https:\/\/www.raum-blick.de\/magazin\/wp-content\/uploads\/2018\/08\/kaehler-hammershoi-trinkglas-33-cl.jpg\" alt=\"kaehler-hammershoi-trinkglas-33-cl\" width=\"600\" height=\"600\" srcset=\"https:\/\/raum-blick.de\/magazin\/wp-content\/uploads\/2018\/08\/kaehler-hammershoi-trinkglas-33-cl.jpg 600w, https:\/\/raum-blick.de\/magazin\/wp-content\/uploads\/2018\/08\/kaehler-hammershoi-trinkglas-33-cl-150x150.jpg 150w, https:\/\/raum-blick.de\/magazin\/wp-content\/uploads\/2018\/08\/kaehler-hammershoi-trinkglas-33-cl-300x300.jpg 300w\" sizes=\"(max-width: 600px) 100vw, 600px\" \/><\/p>\n<p style=\"text-align: justify;\">Erg\u00e4nzende Utensilien f\u00fchren Sie w\u00e4hrend des Festessens nie in der Hand zum Tisch. Stattdessen verwenden Sie ein formsch\u00f6nes Tablett.<\/p>\n<p><a href=\"https:\/\/www.raum-blick.de\/norr-tablett-skagerak\"><img loading=\"lazy\" decoding=\"async\" class=\"aligncenter wp-image-6240 size-full\" title=\"Skagerak: &quot;Norr Tray&quot; Tablet | Material: Eiche \/ Leder | Design: Skagerak Design\" src=\"https:\/\/www.raum-blick.de\/magazin\/wp-content\/uploads\/2018\/08\/norr-tablett-skagerak.jpg\" alt=\"norr-tablett-skagerak\" width=\"600\" height=\"600\" srcset=\"https:\/\/raum-blick.de\/magazin\/wp-content\/uploads\/2018\/08\/norr-tablett-skagerak.jpg 600w, https:\/\/raum-blick.de\/magazin\/wp-content\/uploads\/2018\/08\/norr-tablett-skagerak-150x150.jpg 150w, https:\/\/raum-blick.de\/magazin\/wp-content\/uploads\/2018\/08\/norr-tablett-skagerak-300x300.jpg 300w\" sizes=\"(max-width: 600px) 100vw, 600px\" \/><\/a><\/p>\n<h2><span class=\"ez-toc-section\" id=\"Dezente_Accessoires_fuer_die_dekorative_Signatur\"><\/span>Dezente Accessoires f\u00fcr die dekorative Signatur<span class=\"ez-toc-section-end\"><\/span><\/h2>\n<p style=\"text-align: justify;\">W\u00e4hrend Sie den Tisch eindecken, erschlie\u00dft sich der Vorteil wei\u00dfer Tafelw\u00e4sche.<\/p>\n<blockquote>\n<p style=\"text-align: justify;\">Angesichts der vielen unverzichtbaren Komponenten w\u00fcrden gemusterte Textilien zu unruhig anmuten. Aus diesem Grund gen\u00fcgen auch bei der Tischdeko wenige Highlights.<\/p>\n<\/blockquote>\n<p style=\"text-align: justify;\">Mit ihrer modernen Eleganz erfreuen die Metallvasen der Serie <a href=\"https:\/\/www.raum-blick.de\/by-lassen\/\">Kubus by Lassen<\/a>, die S\u00f8ren Lassen im Jahr 2014 entwarf.<\/p>\n<p><a href=\"https:\/\/www.raum-blick.de\/by-lassen-kubus-vase-flora\"><img loading=\"lazy\" decoding=\"async\" class=\"aligncenter wp-image-6221 size-full\" title=\"by Lassen: Kubus Vase &quot;Flora&quot; aus lackiertem Metall | Design: S\u00f8ren Lassen 2014\" src=\"https:\/\/www.raum-blick.de\/magazin\/wp-content\/uploads\/2018\/08\/by-lassen-kubus-vase-flora.jpg\" alt=\"by-lassen-kubus-vase-flora\" width=\"600\" height=\"600\" srcset=\"https:\/\/raum-blick.de\/magazin\/wp-content\/uploads\/2018\/08\/by-lassen-kubus-vase-flora.jpg 600w, https:\/\/raum-blick.de\/magazin\/wp-content\/uploads\/2018\/08\/by-lassen-kubus-vase-flora-150x150.jpg 150w, https:\/\/raum-blick.de\/magazin\/wp-content\/uploads\/2018\/08\/by-lassen-kubus-vase-flora-300x300.jpg 300w\" sizes=\"(max-width: 600px) 100vw, 600px\" \/><\/a><\/p>\n<p style=\"text-align: justify;\">Klassisch wirken die <a href=\"https:\/\/www.raum-blick.de\/lyngby-porzellan\/\">Porzellanvasen von Lyngby Porcel\u00e6n<\/a>, die der Hersteller bei einer j\u00fcngeren Serie mit Laufglasuren aufpeppt. Wenn Sie sich von einem Floristen beraten lassen, gen\u00fcgen die ausgew\u00e4hlten Blumen vollkommen f\u00fcr den stilistischen Bezug auf den Anlass, die Kulinarik oder die Saison.<\/p>\n<p><img loading=\"lazy\" decoding=\"async\" class=\"aligncenter wp-image-6224 size-full\" title=\"Lyngby Porcel\u00e6n: Vase mit Laufglasur | Design: Lyngby Porcel\u00e6n\" src=\"https:\/\/www.raum-blick.de\/magazin\/wp-content\/uploads\/2018\/08\/lyngby-porzellan-vase-mit-laufglasur.jpg\" alt=\"lyngby-porzellan-vase-mit-laufglasur\" width=\"600\" height=\"600\" srcset=\"https:\/\/raum-blick.de\/magazin\/wp-content\/uploads\/2018\/08\/lyngby-porzellan-vase-mit-laufglasur.jpg 600w, https:\/\/raum-blick.de\/magazin\/wp-content\/uploads\/2018\/08\/lyngby-porzellan-vase-mit-laufglasur-150x150.jpg 150w, https:\/\/raum-blick.de\/magazin\/wp-content\/uploads\/2018\/08\/lyngby-porzellan-vase-mit-laufglasur-300x300.jpg 300w\" sizes=\"(max-width: 600px) 100vw, 600px\" \/><\/p>\n<p style=\"text-align: justify;\">Empfehlenswert sind Design-Kerzenhalter aus poliertem Metall, die den Schein der Flamme reflektieren. Eine Designikone dieser Art stammt aus der Feder von Werner Stoff. Alternativ werten die Kerzenst\u00e4nder von <a href=\"https:\/\/www.raum-blick.de\/georg-jensen\/\">Georg Jensen<\/a> die Tafel mit einem schwungvollen Design auf.<\/p>\n<p><img loading=\"lazy\" decoding=\"async\" class=\"aligncenter wp-image-6227 size-full\" title=\"Georg Jensen: Kerzenhalter &quot;Cobra&quot; | in 3 Gr\u00f6\u00dfen erh\u00e4ltlich | Design: Constantin Wortmann\" src=\"https:\/\/www.raum-blick.de\/magazin\/wp-content\/uploads\/2018\/08\/georg-jensen-kerzenhalter-cobra.jpg\" alt=\"georg-jensen-kerzenhalter-cobra\" width=\"600\" height=\"600\" srcset=\"https:\/\/raum-blick.de\/magazin\/wp-content\/uploads\/2018\/08\/georg-jensen-kerzenhalter-cobra.jpg 600w, https:\/\/raum-blick.de\/magazin\/wp-content\/uploads\/2018\/08\/georg-jensen-kerzenhalter-cobra-150x150.jpg 150w, https:\/\/raum-blick.de\/magazin\/wp-content\/uploads\/2018\/08\/georg-jensen-kerzenhalter-cobra-300x300.jpg 300w\" sizes=\"(max-width: 600px) 100vw, 600px\" \/><\/p>\n<p style=\"text-align: justify;\">Arrangieren Sie die Tischdeko stets so, dass sie den Augenkontakt der G\u00e4ste nicht versperrt. Hohe Blumenvasen oder Kerzen geh\u00f6ren demnach eher an den Tischrand. F\u00fcr die dekorativen Akzente in der Mitte sind beispielsweise die niedrigen Glasvasen und Teelichthalter von Lyngby Porcel\u00e6n ideal.<\/p>\n<p><a href=\"https:\/\/www.raum-blick.de\/lyngby-porzellan-glasvase\"><img loading=\"lazy\" decoding=\"async\" class=\"aligncenter wp-image-6233 size-full\" title=\"Lyngby Porcel\u00e6n: Glas-Vase | Weiterentwicklung der Porzellan-Ikone | Design: Lyngby Porcel\u00e6n\" src=\"https:\/\/www.raum-blick.de\/magazin\/wp-content\/uploads\/2018\/08\/lyngby-porzellan-glasvase.jpg\" alt=\"lyngby-porzellan-glasvase\" width=\"600\" height=\"600\" srcset=\"https:\/\/raum-blick.de\/magazin\/wp-content\/uploads\/2018\/08\/lyngby-porzellan-glasvase.jpg 600w, https:\/\/raum-blick.de\/magazin\/wp-content\/uploads\/2018\/08\/lyngby-porzellan-glasvase-150x150.jpg 150w, https:\/\/raum-blick.de\/magazin\/wp-content\/uploads\/2018\/08\/lyngby-porzellan-glasvase-300x300.jpg 300w\" sizes=\"(max-width: 600px) 100vw, 600px\" \/><\/a><\/p>\n<p style=\"text-align: justify;\">Es gen\u00fcgt nicht, wenn Sie wie ein Profi den Tisch eindecken. Der Service sollte ebenfalls versiert wirken. Beim Einschenken, Servieren und Abservieren stehen Sie rechts von der Person. Linksseitig erfolgt das Vorstellen von Getr\u00e4nken und Eindecken von Speisen, die f\u00fcr mehrere G\u00e4ste in der Tischmitte platziert werden.<\/p>\n<p><img loading=\"lazy\" decoding=\"async\" class=\"aligncenter wp-image-6229 size-full\" title=\"Lyngby Porcel\u00e6n: Teelichthalter aus Glas | Design: Lyngby Porcel\u00e6n\" src=\"https:\/\/www.raum-blick.de\/magazin\/wp-content\/uploads\/2018\/08\/lyngby-porzellan-teelichthalter.jpg\" alt=\"lyngby-porzellan-teelichthalter\" width=\"600\" height=\"600\" srcset=\"https:\/\/raum-blick.de\/magazin\/wp-content\/uploads\/2018\/08\/lyngby-porzellan-teelichthalter.jpg 600w, https:\/\/raum-blick.de\/magazin\/wp-content\/uploads\/2018\/08\/lyngby-porzellan-teelichthalter-150x150.jpg 150w, https:\/\/raum-blick.de\/magazin\/wp-content\/uploads\/2018\/08\/lyngby-porzellan-teelichthalter-300x300.jpg 300w\" sizes=\"(max-width: 600px) 100vw, 600px\" \/><\/p>\n<p style=\"text-align: justify;\">Salzstreuer, Saucieren oder \u00e4hnliche Extras sollten immer in mehrfacher Ausf\u00fchrung vorhanden sein, damit sie jeder Gast leicht erreichen kann. Denken Sie daran, die kleinen Kinder und Damen vor den Herren zu bewirten. Dann ist Ihre Gastfreundschaft ebenso beeindruckend wie die Festtafel.<\/p>\n","protected":false},"excerpt":{"rendered":"<p>\u00ab Das perfekte Dinner lebt von Details! \u00bb Im Alltag, wo Sie f\u00fcr sich und die Familie den Tisch decken, ist alles ganz einfach: Sie zelebrieren kulinarische Momente so, wie es Ihnen gef\u00e4llt. Beim festlichen Dinner wendet sich das Blatt. Gewisse Regeln der versierten Gastlichkeit geben vor, wie Gl\u00e4ser, Teller, Besteck und Tischdeko platziert werden. [&hellip;]<\/p>\n","protected":false},"author":4,"featured_media":6281,"comment_status":"closed","ping_status":"open","sticky":false,"template":"","format":"standard","meta":{"_et_pb_use_builder":"","_et_pb_old_content":"","_et_gb_content_width":"","inline_featured_image":false,"footnotes":""},"categories":[8],"tags":[517,123,217,648,388,559,147,60,288,650,557,651,545,493,444,649,652,146],"class_list":["post-6215","post","type-post","status-publish","format-standard","has-post-thumbnail","hentry","category-features","tag-accessoires","tag-becher","tag-besteck","tag-dinner","tag-edelstahl","tag-glas","tag-glaeser","tag-karaffen","tag-kerzenhalter","tag-platzteller","tag-porzellan","tag-serviettenringe","tag-tablett","tag-teelichthalter","tag-teller","tag-tisch-eindecken","tag-trinkglaeser","tag-vasen"],"_links":{"self":[{"href":"https:\/\/raum-blick.de\/magazin\/wp-json\/wp\/v2\/posts\/6215","targetHints":{"allow":["GET"]}}],"collection":[{"href":"https:\/\/raum-blick.de\/magazin\/wp-json\/wp\/v2\/posts"}],"about":[{"href":"https:\/\/raum-blick.de\/magazin\/wp-json\/wp\/v2\/types\/post"}],"author":[{"embeddable":true,"href":"https:\/\/raum-blick.de\/magazin\/wp-json\/wp\/v2\/users\/4"}],"replies":[{"embeddable":true,"href":"https:\/\/raum-blick.de\/magazin\/wp-json\/wp\/v2\/comments?post=6215"}],"version-history":[{"count":62,"href":"https:\/\/raum-blick.de\/magazin\/wp-json\/wp\/v2\/posts\/6215\/revisions"}],"predecessor-version":[{"id":20944,"href":"https:\/\/raum-blick.de\/magazin\/wp-json\/wp\/v2\/posts\/6215\/revisions\/20944"}],"wp:featuredmedia":[{"embeddable":true,"href":"https:\/\/raum-blick.de\/magazin\/wp-json\/wp\/v2\/media\/6281"}],"wp:attachment":[{"href":"https:\/\/raum-blick.de\/magazin\/wp-json\/wp\/v2\/media?parent=6215"}],"wp:term":[{"taxonomy":"category","embeddable":true,"href":"https:\/\/raum-blick.de\/magazin\/wp-json\/wp\/v2\/categories?post=6215"},{"taxonomy":"post_tag","embeddable":true,"href":"https:\/\/raum-blick.de\/magazin\/wp-json\/wp\/v2\/tags?post=6215"}],"curies":[{"name":"wp","href":"https:\/\/api.w.org\/{rel}","templated":true}]}}