{"id":6167,"date":"2018-07-23T15:29:06","date_gmt":"2018-07-23T13:29:06","guid":{"rendered":"https:\/\/www.raum-blick.de\/magazin\/?p=6167"},"modified":"2019-05-20T13:27:09","modified_gmt":"2019-05-20T11:27:09","slug":"fermob-leuchten","status":"publish","type":"post","link":"https:\/\/raum-blick.de\/magazin\/fermob-leuchten\/","title":{"rendered":"Fermob Leuchten"},"content":{"rendered":"<h2><span class=\"ez-toc-section\" id=\"%C2%AB_Je_spaeter_der_Abend_desto_schoener_das_Licht_%C2%BB\"><\/span>\u00ab Je sp\u00e4ter der Abend, desto sch\u00f6ner das Licht \u00bb<span class=\"ez-toc-section-end\"><\/span><\/h2>\n<p style=\"text-align: justify;\"><strong>Modernes Design, das langfristig \u00fcberzeugt und das Leben fr\u00f6hlicher gestaltet: <a href=\"https:\/\/www.raum-blick.de\/fermob\/\">Fermob Leuchten<\/a> schlie\u00dfen sich der Philosophie des franz\u00f6sischen Herstellers an, der mit seinen Kollektionen seit Jahrzehnten den Garten bereichert. Aus der Feder von Tristan Lohner stammen die Entw\u00fcrfe f\u00fcr die Serien Mooon! und Balad, die Sie nicht nur mit ihrer gelungenen \u00c4sthetik erfreuen. Sie gew\u00e4hren Ihnen bemerkenswert viel Freiheit bei der Nutzung der Lampen und der Gestaltung des Au\u00dfenbereichs.<\/strong><\/p>\n<h2><span class=\"ez-toc-section\" id=\"Leuchten_mit_einem_Hauch_von_Nostalgie_und_Mut_zur_Farbe\"><\/span>Leuchten mit einem Hauch von Nostalgie und Mut zur Farbe<span class=\"ez-toc-section-end\"><\/span><\/h2>\n<p style=\"text-align: justify;\">Auf hochwertige M\u00f6bel und Accessoires f\u00fcr den Garten fokussiert sich Fermob seit \u00fcber zwanzig Jahren. Die Geschichte des Unternehmens reicht aber deutlich weiter in die Vergangenheit zur\u00fcck. Denn es ging aus einer Schmiede in der Gemeinde Thoissey hervor. Deren Gr\u00fcnder bewies ein besonderes Gesp\u00fcr f\u00fcr zeitlose Eleganz.<\/p><div id=\"ez-toc-container\" class=\"ez-toc-v2_0_82_2 counter-hierarchy ez-toc-counter ez-toc-grey ez-toc-container-direction\">\n<div class=\"ez-toc-title-container\">\n<p class=\"ez-toc-title\" style=\"cursor:inherit\">Was hier auf Sie wartet<\/p>\n<span class=\"ez-toc-title-toggle\"><a href=\"#\" class=\"ez-toc-pull-right ez-toc-btn ez-toc-btn-xs ez-toc-btn-default ez-toc-toggle\" aria-label=\"Toggle Table of Content\"><span class=\"ez-toc-js-icon-con\"><span class=\"\"><span class=\"eztoc-hide\" style=\"display:none;\">Toggle<\/span><span class=\"ez-toc-icon-toggle-span\"><svg style=\"fill: #999;color:#999\" xmlns=\"http:\/\/www.w3.org\/2000\/svg\" class=\"list-377408\" width=\"20px\" height=\"20px\" viewBox=\"0 0 24 24\" fill=\"none\"><path d=\"M6 6H4v2h2V6zm14 0H8v2h12V6zM4 11h2v2H4v-2zm16 0H8v2h12v-2zM4 16h2v2H4v-2zm16 0H8v2h12v-2z\" fill=\"currentColor\"><\/path><\/svg><svg style=\"fill: #999;color:#999\" class=\"arrow-unsorted-368013\" xmlns=\"http:\/\/www.w3.org\/2000\/svg\" width=\"10px\" height=\"10px\" viewBox=\"0 0 24 24\" version=\"1.2\" baseProfile=\"tiny\"><path d=\"M18.2 9.3l-6.2-6.3-6.2 6.3c-.2.2-.3.4-.3.7s.1.5.3.7c.2.2.4.3.7.3h11c.3 0 .5-.1.7-.3.2-.2.3-.5.3-.7s-.1-.5-.3-.7zM5.8 14.7l6.2 6.3 6.2-6.3c.2-.2.3-.5.3-.7s-.1-.5-.3-.7c-.2-.2-.4-.3-.7-.3h-11c-.3 0-.5.1-.7.3-.2.2-.3.5-.3.7s.1.5.3.7z\"\/><\/svg><\/span><\/span><\/span><\/a><\/span><\/div>\n<nav><ul class='ez-toc-list ez-toc-list-level-1 ' ><li class='ez-toc-page-1 ez-toc-heading-level-2'><a class=\"ez-toc-link ez-toc-heading-1\" href=\"https:\/\/raum-blick.de\/magazin\/fermob-leuchten\/#%C2%AB_Je_spaeter_der_Abend_desto_schoener_das_Licht_%C2%BB\" >\u00ab Je sp\u00e4ter der Abend, desto sch\u00f6ner das Licht \u00bb<\/a><\/li><li class='ez-toc-page-1 ez-toc-heading-level-2'><a class=\"ez-toc-link ez-toc-heading-2\" href=\"https:\/\/raum-blick.de\/magazin\/fermob-leuchten\/#Leuchten_mit_einem_Hauch_von_Nostalgie_und_Mut_zur_Farbe\" >Leuchten mit einem Hauch von Nostalgie und Mut zur Farbe<\/a><\/li><li class='ez-toc-page-1 ez-toc-heading-level-2'><a class=\"ez-toc-link ez-toc-heading-3\" href=\"https:\/\/raum-blick.de\/magazin\/fermob-leuchten\/#Vielseitige_Begleiterin_fuer_den_vergnuegten_Sommer\" >Vielseitige Begleiterin f\u00fcr den vergn\u00fcgten Sommer<\/a><\/li><li class='ez-toc-page-1 ez-toc-heading-level-2'><a class=\"ez-toc-link ez-toc-heading-4\" href=\"https:\/\/raum-blick.de\/magazin\/fermob-leuchten\/#Multitalente_fuer_die_kreative_Beleuchtung\" >Multitalente f\u00fcr die kreative Beleuchtung<\/a><\/li><li class='ez-toc-page-1 ez-toc-heading-level-2'><a class=\"ez-toc-link ez-toc-heading-5\" href=\"https:\/\/raum-blick.de\/magazin\/fermob-leuchten\/#Balad_oder_Mooon_Akku-Lampe_fuer_den_Garten\" >Balad oder Mooon!: Akku-Lampe f\u00fcr den Garten<\/a><\/li><\/ul><\/nav><\/div>\n\n<p><a href=\"https:\/\/www.raum-blick.de\/fermob-moon-lampe\"><img loading=\"lazy\" decoding=\"async\" class=\"aligncenter wp-image-6200 size-full\" title=\"Mooon! Akku Leuchte von Fermob | 2 Lichttemperaturen: Warmes Wei\u00df (4000 \u00b0K) und kaltes Wei\u00df (6000 \u00b0K)\" src=\"https:\/\/www.raum-blick.de\/magazin\/wp-content\/uploads\/2018\/08\/fermob-moon-lampe.jpg\" alt=\"fermob-moon-lampe\" width=\"600\" height=\"600\" srcset=\"https:\/\/raum-blick.de\/magazin\/wp-content\/uploads\/2018\/08\/fermob-moon-lampe.jpg 600w, https:\/\/raum-blick.de\/magazin\/wp-content\/uploads\/2018\/08\/fermob-moon-lampe-150x150.jpg 150w, https:\/\/raum-blick.de\/magazin\/wp-content\/uploads\/2018\/08\/fermob-moon-lampe-300x300.jpg 300w\" sizes=\"(max-width: 600px) 100vw, 600px\" \/><\/a><\/p>\n<p style=\"text-align: justify;\">Er entwarf im Jahr 1889 einen Bistro-Klappstuhl aus Metall, der noch immer zu den gefragten Klassikern der Marke geh\u00f6rt. Die eindrucksvolle Firmengeschichte spiegelt sich nicht nur im traditionellen Bekenntnis zu langlebigen Produkten mit einer exzellenten Qualit\u00e4t wider. Stilistische Zitate aus fr\u00fcheren Epochen werten die \u00c4sthetik vieler Kollektionen auf. Die <a href=\"https:\/\/www.raum-blick.de\/fermob-moon-lampe\">Gartenleuchten Fermob Mooon!<\/a> orientieren sich unverkennbar an den Stra\u00dfenlaternen, die im 19. Jahrhundert \u00fcblich waren.<\/p>\n<div class=\"brlbs-cmpnt-container brlbs-cmpnt-content-blocker brlbs-cmpnt-with-individual-styles\" data-borlabs-cookie-content-blocker-id=\"default\" data-borlabs-cookie-content=\"PGlmcmFtZSBzcmM9Imh0dHBzOi8vd3d3LnlvdXR1YmUuY29tL2VtYmVkL21BTlM4X1I2WTMwP3JlbD0wIiB3aWR0aD0iNTYwIiBoZWlnaHQ9IjMxNSIgZnJhbWVib3JkZXI9IjAiIGFsbG93ZnVsbHNjcmVlbj0iYWxsb3dmdWxsc2NyZWVuIj48L2lmcmFtZT4=\">\n<div class=\"brlbs-cmpnt-cb-preset-a\">\n<p class=\"brlbs-cmpnt-cb-description\">Sie sehen gerade einen Platzhalterinhalt von <strong>Standard<\/strong>. Um auf den eigentlichen Inhalt zuzugreifen, klicken Sie auf den Button unten. Bitte beachten Sie, dass dabei Daten an Drittanbieter weitergegeben werden.<\/p>\n<div class=\"brlbs-cmpnt-cb-buttons\"> <a class=\"brlbs-cmpnt-cb-btn\" href=\"#\" data-borlabs-cookie-unblock role=\"button\">Inhalt entsperren<\/a> <a class=\"brlbs-cmpnt-cb-btn\" href=\"#\" data-borlabs-cookie-accept-service role=\"button\" style=\"display: none\">Erforderlichen Service akzeptieren und Inhalte entsperren<\/a> <\/div>\n<p> <a class=\"brlbs-cmpnt-cb-provider-toggle\" href=\"#\" data-borlabs-cookie-show-provider-information role=\"button\">Weitere Informationen<\/a> <\/div>\n<\/div>\n<p style=\"text-align: justify;\">W\u00e4hrend die flie\u00dfenden Linien der kugelf\u00f6rmigen Leuchte auf die lange Historie des Herstellers verweisen, ist die ausdrucksstarke Farbe des Fu\u00dfes typisch f\u00fcr die gegenw\u00e4rtige Markenidentit\u00e4t.<\/p>\n<p style=\"text-align: justify;\">Das dezente Gewittergrau, warme Muskat und kr\u00e4ftige Honiggelb sind nur Beispiele f\u00fcr die umfangreiche Palette, die stets erweitert wird. Dabei geht es weniger um das Aufgreifen von Modewellen oder eine effektheischende Extravaganz.<\/p>\n<p><a href=\"https:\/\/www.raum-blick.de\/fermob-moon-lampe\"><img loading=\"lazy\" decoding=\"async\" class=\"aligncenter wp-image-6207 size-full\" title=\"Moon! Akku Leuchte von Fermob | durch ultrahochwirksame Schutzbehandlung f\u00fcr den Gebrauch im Freien geeignet\" src=\"https:\/\/www.raum-blick.de\/magazin\/wp-content\/uploads\/2018\/08\/moon-lampe-fermob.jpg\" alt=\"moon-lampe-fermob\" width=\"600\" height=\"600\" srcset=\"https:\/\/raum-blick.de\/magazin\/wp-content\/uploads\/2018\/08\/moon-lampe-fermob.jpg 600w, https:\/\/raum-blick.de\/magazin\/wp-content\/uploads\/2018\/08\/moon-lampe-fermob-150x150.jpg 150w, https:\/\/raum-blick.de\/magazin\/wp-content\/uploads\/2018\/08\/moon-lampe-fermob-300x300.jpg 300w\" sizes=\"(max-width: 600px) 100vw, 600px\" \/><\/a><\/p>\n<p style=\"text-align: justify;\">Leuchten der Marke m\u00f6chten Sie mit einem lebensbejahenden Charakter erfreuen, der vortrefflich mit den vergn\u00fcglichen Stunden im Freien harmoniert. Au\u00dferdem erm\u00f6glicht Ihnen die gro\u00dfe Farbauswahl, den Garten individuell zu gestalten.<\/p>\n<h2><span class=\"ez-toc-section\" id=\"Vielseitige_Begleiterin_fuer_den_vergnuegten_Sommer\"><\/span>Vielseitige Begleiterin f\u00fcr den vergn\u00fcgten Sommer<span class=\"ez-toc-section-end\"><\/span><\/h2>\n<p style=\"text-align: justify;\">Nach der Arbeit genie\u00dfen Sie den lauen Sommerabend im Freien. Am Wochenende stellen sich die G\u00e4ste f\u00fcr eine rauschende Gartenparty ein. Die romantische Nacht in der unber\u00fchrten Natur setzt dem Urlaub das Kr\u00f6nchen auf. In allen drei Situationen w\u00fcnschen Sie sich Leuchten f\u00fcrs stimmungsvolle Flair.<\/p>\n<div class=\"brlbs-cmpnt-container brlbs-cmpnt-content-blocker brlbs-cmpnt-with-individual-styles\" data-borlabs-cookie-content-blocker-id=\"default\" data-borlabs-cookie-content=\"PGlmcmFtZSBzcmM9Imh0dHBzOi8vd3d3LnlvdXR1YmUuY29tL2VtYmVkL21TMnV2SEZlbm1FP3JlbD0wIiB3aWR0aD0iNTYwIiBoZWlnaHQ9IjMxNSIgZnJhbWVib3JkZXI9IjAiIGFsbG93ZnVsbHNjcmVlbj0iYWxsb3dmdWxsc2NyZWVuIj48L2lmcmFtZT4=\">\n<div class=\"brlbs-cmpnt-cb-preset-a\">\n<p class=\"brlbs-cmpnt-cb-description\">Sie sehen gerade einen Platzhalterinhalt von <strong>Standard<\/strong>. Um auf den eigentlichen Inhalt zuzugreifen, klicken Sie auf den Button unten. Bitte beachten Sie, dass dabei Daten an Drittanbieter weitergegeben werden.<\/p>\n<div class=\"brlbs-cmpnt-cb-buttons\"> <a class=\"brlbs-cmpnt-cb-btn\" href=\"#\" data-borlabs-cookie-unblock role=\"button\">Inhalt entsperren<\/a> <a class=\"brlbs-cmpnt-cb-btn\" href=\"#\" data-borlabs-cookie-accept-service role=\"button\" style=\"display: none\">Erforderlichen Service akzeptieren und Inhalte entsperren<\/a> <\/div>\n<p> <a class=\"brlbs-cmpnt-cb-provider-toggle\" href=\"#\" data-borlabs-cookie-show-provider-information role=\"button\">Weitere Informationen<\/a> <\/div>\n<\/div>\n<p style=\"text-align: justify;\">Tristan Lohner ist es gelungen, mit nur einem Entwurf den Bed\u00fcrfnissen bei verschiedensten Outdooraktivit\u00e4ten gerecht zu werden. Der Designer, der an der Ecole des Arts D\u00e9coratifs de Paris sein Talent ausfeilte, setzte eine geniale Idee um: Seine Lampe ist so konzipiert, dass Sie das Licht zum Ort Ihrer Wahl begleitet. Der farbige Henkel aus pulverbeschichtetem Aluminium rundet die <a href=\"https:\/\/www.raum-blick.de\/fermob-balad-lampe\">Gartenleuchte Fermob Balad<\/a> nicht nur schick ab. Bei Bedarf greifen Sie sich damit das leichte Outdoor-Accessoire und nehmen es schlichtweg mit.<\/p>\n<p style=\"text-align: justify;\">Ob Sie die Leuchte auf den Tisch stellen, am Boden platzieren oder an einem Ast arrangieren, liegt bei Ihnen. Einzeln machen sich die Fermob Leuchten ebenso schick wie im Ensemble, das Sie bei einer Party locker in der Au\u00dfenanlage verteilen.<\/p>\n<p><a href=\"https:\/\/www.raum-blick.de\/fermob-balad-lampe\"><img loading=\"lazy\" decoding=\"async\" class=\"aligncenter wp-image-6197 size-full\" title=\"Lampe Balad von Fermob | 2 Helligkeitsstufen (50 % - 100 %) + OFF | besonders geeignet f\u00fcr das gerade Leuchtengestell\" src=\"https:\/\/www.raum-blick.de\/magazin\/wp-content\/uploads\/2018\/08\/fermob-balad-lampe-1.jpg\" alt=\"fermob-balad-lampe\" width=\"600\" height=\"600\" srcset=\"https:\/\/raum-blick.de\/magazin\/wp-content\/uploads\/2018\/08\/fermob-balad-lampe-1.jpg 600w, https:\/\/raum-blick.de\/magazin\/wp-content\/uploads\/2018\/08\/fermob-balad-lampe-1-150x150.jpg 150w, https:\/\/raum-blick.de\/magazin\/wp-content\/uploads\/2018\/08\/fermob-balad-lampe-1-300x300.jpg 300w\" sizes=\"(max-width: 600px) 100vw, 600px\" \/><\/a><\/p>\n<p style=\"text-align: justify;\">Der Hersteller entscheidet sich bewusst daf\u00fcr, regelm\u00e4\u00dfig mit aufstrebenden und etablierten Designern zusammenzuarbeiten. Denn das Sortiment soll nicht nur der typischen Funktionalit\u00e4t und \u00c4sthetik der Marke entsprechen, sondern die Kunden \u00fcberraschen und inspirieren. Das entspricht der Berufung von Tristan Lohner. Er ist Direktor der bekannten RBC Design-Gruppe, in deren Konzept-Stores ambitionierte Architekten und Dekorateure nach neuen Impulsen recherchieren.<\/p>\n<h2><span class=\"ez-toc-section\" id=\"Multitalente_fuer_die_kreative_Beleuchtung\"><\/span>Multitalente f\u00fcr die kreative Beleuchtung<span class=\"ez-toc-section-end\"><\/span><\/h2>\n<p style=\"text-align: justify;\">Die Leuchten der Serien Balad und Mooon! haben eine Gemeinsamkeit: Sie sind enorm flexibel. Zu verdanken ist diese Eigenschaft der innovativen LED-Technik. Jede Lampe ist mit einem Akku ausgestattet, der mit dem zugeh\u00f6rigen USB-Kabel aufgeladen werden kann. Anschlie\u00dfend bereichert das Accessoire f\u00fcr den Garten \u00fcber viele Stunden die Atmosph\u00e4re, ohne dass Sie daf\u00fcr eine Stromversorgung ben\u00f6tigen.<\/p>\n<p><a href=\"https:\/\/www.raum-blick.de\/fermob-balad-lampe-gross\"><img loading=\"lazy\" decoding=\"async\" class=\"aligncenter wp-image-6195 size-full\" title=\"Gro\u00dfe Balad LED-Outdoor Lampe von Fermob | 3 Helligkeitsstufen (50 % - 60 % - 100 %) + OFF\" src=\"https:\/\/www.raum-blick.de\/magazin\/wp-content\/uploads\/2018\/08\/fermob-balad-lampe-gross.jpg\" alt=\"fermob-balad-lampe-gross\" width=\"600\" height=\"600\" srcset=\"https:\/\/raum-blick.de\/magazin\/wp-content\/uploads\/2018\/08\/fermob-balad-lampe-gross.jpg 600w, https:\/\/raum-blick.de\/magazin\/wp-content\/uploads\/2018\/08\/fermob-balad-lampe-gross-150x150.jpg 150w, https:\/\/raum-blick.de\/magazin\/wp-content\/uploads\/2018\/08\/fermob-balad-lampe-gross-300x300.jpg 300w\" sizes=\"(max-width: 600px) 100vw, 600px\" \/><\/a><\/p>\n<p style=\"text-align: justify;\">Bei den Lesestunden am Abend ist eine effektive Beleuchtung gefragt. Wenn Sie mit Freunden nach Sonnenuntergang plaudern, ist ein sanfter Lichtschein w\u00fcnschenswert, der die Gem\u00fctlichkeit unterstreicht. Diese variierenden Vorstellungen von einer sinnvollen Lichtgestaltung bedachte der Designer. Sowohl bei der tragbaren Lampe als auch der Tischleuchte k\u00f6nnen Sie nicht nur die Helligkeit ver\u00e4ndern. Es ist m\u00f6glich, zwischen einer kalten und warmen Lichttemperatur zu w\u00e4hlen.<\/p>\n<p><img loading=\"lazy\" decoding=\"async\" class=\"aligncenter wp-image-6174 size-full\" title=\"Gebogenes Leuchtengestell f\u00fcr die Balad LED Outdoor-Leuchte von Fermob | f\u00fcr den Gebrauch im Freien geeignet\" src=\"https:\/\/www.raum-blick.de\/magazin\/wp-content\/uploads\/2018\/08\/fermob-balad-leuchtengestell-gebogen.jpg\" alt=\"fermob-balad-leuchtengestell-gebogen\" width=\"600\" height=\"570\" srcset=\"https:\/\/raum-blick.de\/magazin\/wp-content\/uploads\/2018\/08\/fermob-balad-leuchtengestell-gebogen.jpg 600w, https:\/\/raum-blick.de\/magazin\/wp-content\/uploads\/2018\/08\/fermob-balad-leuchtengestell-gebogen-300x285.jpg 300w\" sizes=\"(max-width: 600px) 100vw, 600px\" \/><\/p>\n<p style=\"text-align: justify;\">Der begr\u00fc\u00dfenswerte Nebeneffekt ist, dass die LED-Technik \u00e4u\u00dferst energieeffizient ist. Es spricht deshalb nichts gegen eine aufwendigere Lichtinszenierung mit Fermob Leuchten. Arrangieren Sie beispielsweise eine Mooon! Lampe auf dem Tisch der Terrasse. Sehenswerte Bereiche der Gartenanlage heben Sie mit einigen Exemplaren der <a href=\"https:\/\/www.raum-blick.de\/fermob-balad-lampe-gross\">gro\u00dfen Fermob Balad<\/a> gekonnt hervor. Dieses Modell l\u00e4sst sich mit den optional erh\u00e4ltlichen Gestellen au\u00dferdem in eine Stehlampe verwandeln, die in der Lounge-Ecke eine gute Figur macht.<\/p>\n<p><img loading=\"lazy\" decoding=\"async\" class=\"aligncenter wp-image-6177 size-full\" title=\"Gerades Gestell f\u00fcr Balad LED Outdoor-Leuchte von Fermob\" src=\"https:\/\/www.raum-blick.de\/magazin\/wp-content\/uploads\/2018\/08\/fermob-balad-leuchtengestell-gerade.jpg\" alt=\"fermob-balad-leuchtengestell-gerade\" width=\"600\" height=\"570\" srcset=\"https:\/\/raum-blick.de\/magazin\/wp-content\/uploads\/2018\/08\/fermob-balad-leuchtengestell-gerade.jpg 600w, https:\/\/raum-blick.de\/magazin\/wp-content\/uploads\/2018\/08\/fermob-balad-leuchtengestell-gerade-300x285.jpg 300w\" sizes=\"(max-width: 600px) 100vw, 600px\" \/><\/p>\n<h2><span class=\"ez-toc-section\" id=\"Balad_oder_Mooon_Akku-Lampe_fuer_den_Garten\"><\/span>Balad oder Mooon!: Akku-Lampe f\u00fcr den Garten<span class=\"ez-toc-section-end\"><\/span><\/h2>\n<p style=\"text-align: justify;\">Angesichts der differenzierten Lichtgestaltung wirkt der heimische Garten \u00e4hnlich exklusiv wie der Au\u00dfenbereich eines Luxushotels. Steht ein Event an, kommt die Flexibilit\u00e4t der Outdoorausstattung zur Geltung: Mit wenige Handgriffen passen Sie das Lichtkonzept f\u00fcrs elegante Dinner oder gesellige Gartenfest an.<\/p>\n<p style=\"text-align: justify;\">Geht es auf Tour, schnappen Sie sich einfach eine der Lampen. Mit dem Henkel l\u00e4sst sie sich wie eine Laterne tragen und beim Picknick im Park zum Beispiel an einem Baum fixieren. So k\u00f6nnen Sie den Sommer abwechslungsreich genie\u00dfen und m\u00fcssen jenseits der heimischen Gefilde auf eine gem\u00fctliche Beleuchtung nicht verzichten.<\/p>\n<div class=\"brlbs-cmpnt-container brlbs-cmpnt-content-blocker brlbs-cmpnt-with-individual-styles\" data-borlabs-cookie-content-blocker-id=\"default\" data-borlabs-cookie-content=\"PGlmcmFtZSBzcmM9Imh0dHBzOi8vd3d3LnlvdXR1YmUuY29tL2VtYmVkL29ScTlHN2QtaUJnP3JlbD0wIiB3aWR0aD0iNTYwIiBoZWlnaHQ9IjMxNSIgZnJhbWVib3JkZXI9IjAiIGFsbG93ZnVsbHNjcmVlbj0iYWxsb3dmdWxsc2NyZWVuIj48L2lmcmFtZT4=\">\n<div class=\"brlbs-cmpnt-cb-preset-a\">\n<p class=\"brlbs-cmpnt-cb-description\">Sie sehen gerade einen Platzhalterinhalt von <strong>Standard<\/strong>. Um auf den eigentlichen Inhalt zuzugreifen, klicken Sie auf den Button unten. Bitte beachten Sie, dass dabei Daten an Drittanbieter weitergegeben werden.<\/p>\n<div class=\"brlbs-cmpnt-cb-buttons\"> <a class=\"brlbs-cmpnt-cb-btn\" href=\"#\" data-borlabs-cookie-unblock role=\"button\">Inhalt entsperren<\/a> <a class=\"brlbs-cmpnt-cb-btn\" href=\"#\" data-borlabs-cookie-accept-service role=\"button\" style=\"display: none\">Erforderlichen Service akzeptieren und Inhalte entsperren<\/a> <\/div>\n<p> <a class=\"brlbs-cmpnt-cb-provider-toggle\" href=\"#\" data-borlabs-cookie-show-provider-information role=\"button\">Weitere Informationen<\/a> <\/div>\n<\/div>\n<\/p>","protected":false},"excerpt":{"rendered":"<p>\u00ab Je sp\u00e4ter der Abend, desto sch\u00f6ner das Licht \u00bb Modernes Design, das langfristig \u00fcberzeugt und das Leben fr\u00f6hlicher gestaltet: Fermob Leuchten schlie\u00dfen sich der Philosophie des franz\u00f6sischen Herstellers an, der mit seinen Kollektionen seit Jahrzehnten den Garten bereichert. Aus der Feder von Tristan Lohner stammen die Entw\u00fcrfe f\u00fcr die Serien Mooon! und Balad, die [&hellip;]<\/p>\n","protected":false},"author":4,"featured_media":6199,"comment_status":"closed","ping_status":"open","sticky":false,"template":"","format":"standard","meta":{"_et_pb_use_builder":"","_et_pb_old_content":"","_et_gb_content_width":"","inline_featured_image":false,"footnotes":""},"categories":[6],"tags":[645,646,98,621,33,597,75,246,277,43,647,644,57,46],"class_list":["post-6167","post","type-post","status-publish","format-standard","has-post-thumbnail","hentry","category-draussen","tag-akku","tag-balad","tag-beleuchtung","tag-fermob","tag-garten","tag-gartenbeleuchtung","tag-gartenleuchten","tag-haengeleuchten","tag-led","tag-leuchten","tag-leuchtengestell","tag-mooon","tag-outdoor","tag-tischleuchten"],"_links":{"self":[{"href":"https:\/\/raum-blick.de\/magazin\/wp-json\/wp\/v2\/posts\/6167","targetHints":{"allow":["GET"]}}],"collection":[{"href":"https:\/\/raum-blick.de\/magazin\/wp-json\/wp\/v2\/posts"}],"about":[{"href":"https:\/\/raum-blick.de\/magazin\/wp-json\/wp\/v2\/types\/post"}],"author":[{"embeddable":true,"href":"https:\/\/raum-blick.de\/magazin\/wp-json\/wp\/v2\/users\/4"}],"replies":[{"embeddable":true,"href":"https:\/\/raum-blick.de\/magazin\/wp-json\/wp\/v2\/comments?post=6167"}],"version-history":[{"count":38,"href":"https:\/\/raum-blick.de\/magazin\/wp-json\/wp\/v2\/posts\/6167\/revisions"}],"predecessor-version":[{"id":8422,"href":"https:\/\/raum-blick.de\/magazin\/wp-json\/wp\/v2\/posts\/6167\/revisions\/8422"}],"wp:featuredmedia":[{"embeddable":true,"href":"https:\/\/raum-blick.de\/magazin\/wp-json\/wp\/v2\/media\/6199"}],"wp:attachment":[{"href":"https:\/\/raum-blick.de\/magazin\/wp-json\/wp\/v2\/media?parent=6167"}],"wp:term":[{"taxonomy":"category","embeddable":true,"href":"https:\/\/raum-blick.de\/magazin\/wp-json\/wp\/v2\/categories?post=6167"},{"taxonomy":"post_tag","embeddable":true,"href":"https:\/\/raum-blick.de\/magazin\/wp-json\/wp\/v2\/tags?post=6167"}],"curies":[{"name":"wp","href":"https:\/\/api.w.org\/{rel}","templated":true}]}}