{"id":5790,"date":"2018-06-15T15:10:23","date_gmt":"2018-06-15T13:10:23","guid":{"rendered":"https:\/\/www.raum-blick.de\/magazin\/?p=5790"},"modified":"2022-05-24T19:15:25","modified_gmt":"2022-05-24T17:15:25","slug":"iittala-essence","status":"publish","type":"post","link":"https:\/\/raum-blick.de\/magazin\/iittala-essence\/","title":{"rendered":"Hoher Genuss mit Iittala Essence"},"content":{"rendered":"<h2><span class=\"ez-toc-section\" id=\"%C2%AB_Minimalismus_der_nicht_nur_Weinkenner_erfreut_%C2%BB\"><\/span>\u00ab Minimalismus, der nicht nur Weinkenner erfreut \u00bb<span class=\"ez-toc-section-end\"><\/span><\/h2>\n<p style=\"text-align: justify;\"><strong>Der Genuss von Wein gilt als besonders edel und elegant. Deshalb ist die Benutzung von ebenso hochwertigen Gl\u00e4sern \u2013 nat\u00fcrlich passend zur entsprechenden Weinsorte \u2013 sehr wichtig, um das richtige Feeling zu transportieren. Wer sich von dieser Vorstellung angesprochen f\u00fchlt, liegt mit der preisgekr\u00f6nten Glaskollektion Essence richtig. Bei seinen Entw\u00fcrfen fokussierte sich Alfredo H\u00e4berli auf das absolut Wesentliche. Gleichzeitig beweist der Designer mit seiner formsch\u00f6nen Serie, wie ausdrucksstark Minimalismus sein kann.<\/strong><\/p>\n<div class=\"brlbs-cmpnt-container brlbs-cmpnt-content-blocker brlbs-cmpnt-with-individual-styles\" data-borlabs-cookie-content-blocker-id=\"default\" data-borlabs-cookie-content=\"PGlmcmFtZSBzcmM9Imh0dHBzOi8vd3d3LnlvdXR1YmUuY29tL2VtYmVkL3ExdWFRd3dtX0kwP3JlbD0wIiB3aWR0aD0iNTYwIiBoZWlnaHQ9IjMxNSIgZnJhbWVib3JkZXI9IjAiIGFsbG93ZnVsbHNjcmVlbj0iYWxsb3dmdWxsc2NyZWVuIj48L2lmcmFtZT4=\">\n<div class=\"brlbs-cmpnt-cb-preset-a\">\n<p class=\"brlbs-cmpnt-cb-description\">Sie sehen gerade einen Platzhalterinhalt von <strong>Standard<\/strong>. Um auf den eigentlichen Inhalt zuzugreifen, klicken Sie auf den Button unten. Bitte beachten Sie, dass dabei Daten an Drittanbieter weitergegeben werden.<\/p><div id=\"ez-toc-container\" class=\"ez-toc-v2_0_82_2 counter-hierarchy ez-toc-counter ez-toc-grey ez-toc-container-direction\">\n<div class=\"ez-toc-title-container\">\n<p class=\"ez-toc-title\" style=\"cursor:inherit\">Was hier auf Sie wartet<\/p>\n<span class=\"ez-toc-title-toggle\"><a href=\"#\" class=\"ez-toc-pull-right ez-toc-btn ez-toc-btn-xs ez-toc-btn-default ez-toc-toggle\" aria-label=\"Toggle Table of Content\"><span class=\"ez-toc-js-icon-con\"><span class=\"\"><span class=\"eztoc-hide\" style=\"display:none;\">Toggle<\/span><span class=\"ez-toc-icon-toggle-span\"><svg style=\"fill: #999;color:#999\" xmlns=\"http:\/\/www.w3.org\/2000\/svg\" class=\"list-377408\" width=\"20px\" height=\"20px\" viewBox=\"0 0 24 24\" fill=\"none\"><path d=\"M6 6H4v2h2V6zm14 0H8v2h12V6zM4 11h2v2H4v-2zm16 0H8v2h12v-2zM4 16h2v2H4v-2zm16 0H8v2h12v-2z\" fill=\"currentColor\"><\/path><\/svg><svg style=\"fill: #999;color:#999\" class=\"arrow-unsorted-368013\" xmlns=\"http:\/\/www.w3.org\/2000\/svg\" width=\"10px\" height=\"10px\" viewBox=\"0 0 24 24\" version=\"1.2\" baseProfile=\"tiny\"><path d=\"M18.2 9.3l-6.2-6.3-6.2 6.3c-.2.2-.3.4-.3.7s.1.5.3.7c.2.2.4.3.7.3h11c.3 0 .5-.1.7-.3.2-.2.3-.5.3-.7s-.1-.5-.3-.7zM5.8 14.7l6.2 6.3 6.2-6.3c.2-.2.3-.5.3-.7s-.1-.5-.3-.7c-.2-.2-.4-.3-.7-.3h-11c-.3 0-.5.1-.7.3-.2.2-.3.5-.3.7s.1.5.3.7z\"\/><\/svg><\/span><\/span><\/span><\/a><\/span><\/div>\n<nav><ul class='ez-toc-list ez-toc-list-level-1 ' ><li class='ez-toc-page-1 ez-toc-heading-level-2'><a class=\"ez-toc-link ez-toc-heading-1\" href=\"https:\/\/raum-blick.de\/magazin\/iittala-essence\/#%C2%AB_Minimalismus_der_nicht_nur_Weinkenner_erfreut_%C2%BB\" >\u00ab Minimalismus, der nicht nur Weinkenner erfreut \u00bb<\/a><\/li><li class='ez-toc-page-1 ez-toc-heading-level-2'><a class=\"ez-toc-link ez-toc-heading-2\" href=\"https:\/\/raum-blick.de\/magazin\/iittala-essence\/#Puristische_Eleganz_fuer_die_moderne_Tischkultur\" >Puristische Eleganz f\u00fcr die moderne Tischkultur<\/a><\/li><li class='ez-toc-page-1 ez-toc-heading-level-2'><a class=\"ez-toc-link ez-toc-heading-3\" href=\"https:\/\/raum-blick.de\/magazin\/iittala-essence\/#Minimalistische_Aura_bei_maximaler_Funktionalitaet\" >Minimalistische Aura bei maximaler Funktionalit\u00e4t<\/a><\/li><li class='ez-toc-page-1 ez-toc-heading-level-2'><a class=\"ez-toc-link ez-toc-heading-4\" href=\"https:\/\/raum-blick.de\/magazin\/iittala-essence\/#Aesthetische_Multitalente_fuer_alle_Gelegenheiten\" >\u00c4sthetische Multitalente f\u00fcr alle Gelegenheiten<\/a><\/li><\/ul><\/nav><\/div>\n\n<div class=\"brlbs-cmpnt-cb-buttons\"> <a class=\"brlbs-cmpnt-cb-btn\" href=\"#\" data-borlabs-cookie-unblock role=\"button\">Inhalt entsperren<\/a> <a class=\"brlbs-cmpnt-cb-btn\" href=\"#\" data-borlabs-cookie-accept-service role=\"button\" style=\"display: none\">Erforderlichen Service akzeptieren und Inhalte entsperren<\/a> <\/div>\n<p> <a class=\"brlbs-cmpnt-cb-provider-toggle\" href=\"#\" data-borlabs-cookie-show-provider-information role=\"button\">Weitere Informationen<\/a> <\/div>\n<\/div>\n<h2><span class=\"ez-toc-section\" id=\"Puristische_Eleganz_fuer_die_moderne_Tischkultur\"><\/span>Puristische Eleganz f\u00fcr die moderne Tischkultur<span class=\"ez-toc-section-end\"><\/span><\/h2>\n<p style=\"text-align: justify;\">Bis auf das Jahr 1881 reicht die Tradition von Iittala zur\u00fcck. Der internationale Erfolg ist aber weniger der langen Firmengeschichte als einer cleveren Entscheidung zu verdanken. Au\u00dfergew\u00f6hnlich fr\u00fch distanzierte sich der finnische Hersteller von dekorativen Designideen. Stattdessen wurden den Kunden ungew\u00f6hnlich funktionelle Kollektionen mit einer zeitlos sch\u00f6nen \u00c4sthetik vorgestellt. An dieser Philosophie h\u00e4lt die renommierte Marke bis heute fest, was sich an der Gl\u00e4serlinie Iittala Essence leicht ablesen l\u00e4sst. Wenn Sie beim Eindecken einer Dinnertafel das komplette Repertoire nacheinander in die Hand nehmen, f\u00e4llt Ihnen ein Detail auf: Unabh\u00e4ngig von der Art des Glases ist die L\u00e4nge des Stiels bei nahezu allen Exemplaren identisch.<\/p>\n<p><img loading=\"lazy\" decoding=\"async\" class=\"aligncenter wp-image-5821 size-full\" title=\"iittala Essence Biergl\u00e4ser im 2er-Set\" src=\"https:\/\/www.raum-blick.de\/magazin\/wp-content\/uploads\/2018\/07\/iittala-essence-bierglas-2er-set.jpg\" alt=\"iittala-essence-bierglas-2er-set\" width=\"600\" height=\"440\" srcset=\"https:\/\/raum-blick.de\/magazin\/wp-content\/uploads\/2018\/07\/iittala-essence-bierglas-2er-set.jpg 600w, https:\/\/raum-blick.de\/magazin\/wp-content\/uploads\/2018\/07\/iittala-essence-bierglas-2er-set-300x220.jpg 300w\" sizes=\"(max-width: 600px) 100vw, 600px\" \/><\/p>\n<p style=\"text-align: justify;\">Gleiches gilt f\u00fcr die Ausf\u00fchrung des Fu\u00dfes. Dadurch erscheint das Ensemble beim gemeinsamen Auftritt bemerkenswert harmonisch und der \u00fcppig ausstaffierte Tisch wirkt nicht zu unruhig. Da die Konzeption des eigentlichen Trinkgef\u00e4\u00dfes passend zur angedachten Nutzung variiert, ergibt sich aber bei jeder Glasvariante ein einzigartiger Gesamteindruck. Drapieren Sie f\u00fcr die geplante Getr\u00e4nkeauswahl verschiedene Gl\u00e4ser nebeneinander, entfaltet sich trotz der vorherrschenden Harmonie eine diskrete Dynamik. Das dezente Design ist begr\u00fc\u00dfenswert, weil sich das Gedeck nicht in den Vordergrund dr\u00e4ngt. So genie\u00dfen Sie mehr Freiraum bei der Tischdekoration, f\u00fcr die Sie sich gewiss bei jedem Anlass etwas Neues einfallen lassen.<\/p>\n<p><img loading=\"lazy\" decoding=\"async\" class=\"aligncenter wp-image-5797 size-full\" title=\"iittala Essence Champagnerglas | 4er-Set\" src=\"https:\/\/www.raum-blick.de\/magazin\/wp-content\/uploads\/2018\/07\/iittala-essence-champagnerglas-4er-set.jpg\" alt=\"iittala-essence-champagnerglas-4er-set\" width=\"600\" height=\"440\" srcset=\"https:\/\/raum-blick.de\/magazin\/wp-content\/uploads\/2018\/07\/iittala-essence-champagnerglas-4er-set.jpg 600w, https:\/\/raum-blick.de\/magazin\/wp-content\/uploads\/2018\/07\/iittala-essence-champagnerglas-4er-set-300x220.jpg 300w\" sizes=\"(max-width: 600px) 100vw, 600px\" \/><\/p>\n<p style=\"text-align: justify;\">Nicht nur daran erkennen Ihre G\u00e4ste, dass ein besonderes Ereignis gefeiert wird. Darauf verweisen auch die Champagnerschalen, die nicht bei jeder Einladung auf dem Esstisch auftauchen. Diese eignen sich keineswegs nur f\u00fcr prickelnde Winzerprodukte der gehobenen Klasse. F\u00fcr Cocktails ist das schlicht schicke Iittala Cocktailglas ebenso ideal wie f\u00fcr raffinierte Desserts.<\/p>\n<p><img loading=\"lazy\" decoding=\"async\" class=\"aligncenter wp-image-5804\" title=\"iittala Essence Cocktailgl\u00e4ser im 2er-Set\" src=\"https:\/\/www.raum-blick.de\/magazin\/wp-content\/uploads\/2018\/07\/iittala-essence-cocktailglas-2er-set.jpg\" alt=\"iittala-essence-cocktailglas-2er-set\" width=\"520\" height=\"440\" srcset=\"https:\/\/raum-blick.de\/magazin\/wp-content\/uploads\/2018\/07\/iittala-essence-cocktailglas-2er-set.jpg 591w, https:\/\/raum-blick.de\/magazin\/wp-content\/uploads\/2018\/07\/iittala-essence-cocktailglas-2er-set-300x254.jpg 300w\" sizes=\"(max-width: 520px) 100vw, 520px\" \/><\/p>\n<h2><span class=\"ez-toc-section\" id=\"Minimalistische_Aura_bei_maximaler_Funktionalitaet\"><\/span>Minimalistische Aura bei maximaler Funktionalit\u00e4t<span class=\"ez-toc-section-end\"><\/span><\/h2>\n<p style=\"text-align: justify;\">Sie schneiden etwas K\u00e4se zurecht und belassen die H\u00e4ppchen einfach auf dem Holzbrett. Anschlie\u00dfend schenken Sie etwas von Ihrem Lieblingstropfen ins Weinglas und lassen entspannt den Tag ausklingen. Zu diesen unkomplizierten Genussmomenten passt der zur\u00fcckhaltende Charakter der Serie Essence wunderbar. Kunstvoll verzierte Kristallgl\u00e4ser oder wuchtige Rotweinschwenker k\u00f6nnen beim Relaxen im Alltag etwas aufgesetzt anmuten.<\/p>\n<p><img loading=\"lazy\" decoding=\"async\" class=\"aligncenter wp-image-5819 size-full\" title=\"iittala Essence Rotweingl\u00e4ser im 2er-Set\" src=\"https:\/\/www.raum-blick.de\/magazin\/wp-content\/uploads\/2018\/07\/iittala-essence-rotweinglas-2er-set.jpg\" alt=\"iittala-essence-rotweinglas-2er-set\" width=\"465\" height=\"440\" srcset=\"https:\/\/raum-blick.de\/magazin\/wp-content\/uploads\/2018\/07\/iittala-essence-rotweinglas-2er-set.jpg 465w, https:\/\/raum-blick.de\/magazin\/wp-content\/uploads\/2018\/07\/iittala-essence-rotweinglas-2er-set-300x284.jpg 300w\" sizes=\"(max-width: 465px) 100vw, 465px\" \/><\/p>\n<p style=\"text-align: justify;\">Dementgegen erm\u00f6glichen Ihnen die puristischen Weingl\u00e4ser, leger zu bleiben und dennoch auf eine Prise Eleganz nicht zu verzichten. Die Weingl\u00e4ser erscheinen im Vergleich zu klassischen Alternativen nur deshalb so kompakt, weil Alfredo H\u00e4berli beim Design auf rein dekorative Schn\u00f6rkel komplett verzichtet. Bei den praktischen Details l\u00e4sst der geb\u00fcrtige Schweizer keinen Aspekt unber\u00fccksichtigt. F\u00fcr den Rotwein f\u00e4llt die Form im unteren Bereich etwas weiter aus, dadurch entfalten sich wie gew\u00fcnscht die Aromen und das Weinglas liegt gut in der Hand, wenn Sie den Inhalt etwas anw\u00e4rmen m\u00f6chten.<\/p>\n<p><img loading=\"lazy\" decoding=\"async\" class=\"aligncenter wp-image-5811 size-full\" title=\"iittala Essence Sherrygl\u00e4ser im 2er-Set\" src=\"https:\/\/www.raum-blick.de\/magazin\/wp-content\/uploads\/2018\/07\/iittala-essence-sherryglas-2er-set.jpg\" alt=\"iittala-essence-sherryglas-2er-set\" width=\"465\" height=\"440\" srcset=\"https:\/\/raum-blick.de\/magazin\/wp-content\/uploads\/2018\/07\/iittala-essence-sherryglas-2er-set.jpg 465w, https:\/\/raum-blick.de\/magazin\/wp-content\/uploads\/2018\/07\/iittala-essence-sherryglas-2er-set-300x284.jpg 300w\" sizes=\"(max-width: 465px) 100vw, 465px\" \/><\/p>\n<p style=\"text-align: justify;\">Gleicherma\u00dfen weisen die Iittala Essence Gl\u00e4ser f\u00fcr Wei\u00dfwein und spezielle Kompositionen wie Sherry die optimale Formsprache auf. Die kleinste Variante empfiehlt sich nicht nur f\u00fcr Dessertweine. Darin k\u00f6nnen Sie ebenso stilvoll den s\u00fcffigen Lik\u00f6r beim Kaffeeklatsch oder den aufr\u00e4umenden Absacker nach dem reichhaltigen Essen servieren.<\/p>\n<p><img loading=\"lazy\" decoding=\"async\" class=\"aligncenter wp-image-5806 size-full\" title=\"iittala Essence Wei\u00dfweingl\u00e4ser im 2er-Set\" src=\"https:\/\/www.raum-blick.de\/magazin\/wp-content\/uploads\/2018\/07\/iittala-essence-weissweinglas-2er-set.jpg\" alt=\"iittala-essence-weissweinglas-2er-set\" width=\"600\" height=\"440\" srcset=\"https:\/\/raum-blick.de\/magazin\/wp-content\/uploads\/2018\/07\/iittala-essence-weissweinglas-2er-set.jpg 600w, https:\/\/raum-blick.de\/magazin\/wp-content\/uploads\/2018\/07\/iittala-essence-weissweinglas-2er-set-300x220.jpg 300w\" sizes=\"(max-width: 600px) 100vw, 600px\" \/><\/p>\n<h2><span class=\"ez-toc-section\" id=\"Aesthetische_Multitalente_fuer_alle_Gelegenheiten\"><\/span>\u00c4sthetische Multitalente f\u00fcr alle Gelegenheiten<span class=\"ez-toc-section-end\"><\/span><\/h2>\n<p style=\"text-align: justify;\">Trotz der betont simplen Formsprache erfreuen die Essence Gl\u00e4ser mit einem feinen Touch. Denn f\u00fcr eine bleifreie Herstellung ist der Rand auffallend d\u00fcnn ausgef\u00fchrt. Diese dezente Raffinesse ist auch bei den allt\u00e4glichen Erfrischungen willkommen. Ein Glas f\u00fcr Saft, Wasser oder Limonade geh\u00f6rt deshalb zur Erfolgsserie von Iittala. Vielleicht g\u00f6nnen Sie sich abends gerne spritzige Mixdrinks wie Whiskey-Cola oder einen edlen Cognac. Beim genaueren Hinsehen offenbart sich, dass sich die Trinkgl\u00e4ser daf\u00fcr wunderbar eignen. Denn die untere Partie pr\u00e4sentiert sich bauchig und gerundet, w\u00e4hrend sich die Form insgesamt leicht verj\u00fcngt.<\/p>\n<p><img loading=\"lazy\" decoding=\"async\" class=\"aligncenter wp-image-5808\" title=\"iittala Essence Becher f\u00fcr Wasser, S\u00e4fte und vieles mehr\" src=\"https:\/\/www.raum-blick.de\/magazin\/wp-content\/uploads\/2018\/07\/iittala-essence-wasser-2er-set.jpg\" alt=\"iittala-essence-wasser-2er-set\" width=\"470\" height=\"400\" srcset=\"https:\/\/raum-blick.de\/magazin\/wp-content\/uploads\/2018\/07\/iittala-essence-wasser-2er-set.jpg 529w, https:\/\/raum-blick.de\/magazin\/wp-content\/uploads\/2018\/07\/iittala-essence-wasser-2er-set-300x255.jpg 300w\" sizes=\"(max-width: 470px) 100vw, 470px\" \/><\/p>\n<p style=\"text-align: justify;\">F\u00fcr Spirituosen, bei denen Sie das Glas komfortabel umfassen und schwenken m\u00f6chten, ist das Designkonzept vorteilhaft. Da das Trinkglas gleichzeitig niedrig gehalten und am Rand nicht zu schmal ist, sorgt es bei vielen Mixgetr\u00e4nken ebenfalls f\u00fcr eine gelungene Darbietung. Als der Designer im Jahr 2001 das Konzept f\u00fcr Iittala Essence entwickelte, hatte er ein \u00fcbergeordnetes Ziel vor Augen: Die Kollektion sollte aus verbl\u00fcffend wenigen Gl\u00e4sern bestehen und dennoch den stilechten Service von \u00fcberraschend vielen Getr\u00e4nken erm\u00f6glichen. Diese Mission ist so vortrefflich gelungen, dass die puristischen Glaswaren aus Finnland die anspruchsvollen Experten beim Les D\u00e9couvertes Award und IF Award \u00fcberzeugten.<\/p>\n<p><img loading=\"lazy\" decoding=\"async\" class=\"aligncenter wp-image-5802 size-full\" title=\"iittala Essence Karaffe | Wein-\/Wasserkaraffe\" src=\"https:\/\/www.raum-blick.de\/magazin\/wp-content\/uploads\/2018\/07\/iittala-essence-karaffe.jpg\" alt=\"iittala-essence-karaffe\" width=\"550\" height=\"530\" srcset=\"https:\/\/raum-blick.de\/magazin\/wp-content\/uploads\/2018\/07\/iittala-essence-karaffe.jpg 550w, https:\/\/raum-blick.de\/magazin\/wp-content\/uploads\/2018\/07\/iittala-essence-karaffe-300x289.jpg 300w\" sizes=\"(max-width: 550px) 100vw, 550px\" \/><\/p>\n<p style=\"text-align: justify;\">Wenn Sie eine rundum stimmige Tafel bevorzugen, ist die Essence Karaffe eine tolle Erg\u00e4nzung f\u00fcr die Trinkgl\u00e4ser. Passend zur Philosophie der Serie empfiehlt sie sich f\u00fcr Erfrischungsgetr\u00e4nke, Wasser und Wein. Nichts spricht dagegen, das schlanke Gef\u00e4\u00df gelegentlich als Vase zu verwenden.<\/p>\n<blockquote>\n<p style=\"text-align: justify;\">Ganz im Gegenteil: Die intuitive Nutzung w\u00fcrde der Sch\u00f6pfer von Iittala Essence ebenso begr\u00fc\u00dfen wie die \u00e4sthetischen Parallelen bei den funktionellen und dekorativen Elementen der Dinnertafel.<\/p>\n<\/blockquote>\n<p style=\"text-align: justify;\">\u00dcber ein Detail freuen Sie sich nach der geselligen Feier besonders: Alle Gl\u00e4ser d\u00fcrfen Sie ohne mit der Wimper zu zucken in die Sp\u00fclmaschine einr\u00e4umen.<\/p>\n","protected":false},"excerpt":{"rendered":"<p>\u00ab Minimalismus, der nicht nur Weinkenner erfreut \u00bb Der Genuss von Wein gilt als besonders edel und elegant. Deshalb ist die Benutzung von ebenso hochwertigen Gl\u00e4sern \u2013 nat\u00fcrlich passend zur entsprechenden Weinsorte \u2013 sehr wichtig, um das richtige Feeling zu transportieren. Wer sich von dieser Vorstellung angesprochen f\u00fchlt, liegt mit der preisgekr\u00f6nten Glaskollektion Essence richtig. [&hellip;]<\/p>\n","protected":false},"author":4,"featured_media":5823,"comment_status":"closed","ping_status":"open","sticky":false,"template":"","format":"standard","meta":{"_et_pb_use_builder":"","_et_pb_old_content":"","_et_gb_content_width":"","inline_featured_image":false,"footnotes":""},"categories":[7],"tags":[610,123,289,292,220,147,23,179,60,176,611,613,489,612,178],"class_list":["post-5790","post","type-post","status-publish","format-standard","has-post-thumbnail","hentry","category-accessoires-lifestyle","tag-alfredo-haeberli","tag-becher","tag-bierglaeser","tag-champagnerglaeser","tag-cocktailglaeser","tag-glaeser","tag-iittala","tag-iittala-essence","tag-karaffen","tag-rotweinglaeser","tag-sherryglaeser","tag-wasserkaraffe","tag-wein","tag-weinkaraffe","tag-weissweinglaeser"],"_links":{"self":[{"href":"https:\/\/raum-blick.de\/magazin\/wp-json\/wp\/v2\/posts\/5790","targetHints":{"allow":["GET"]}}],"collection":[{"href":"https:\/\/raum-blick.de\/magazin\/wp-json\/wp\/v2\/posts"}],"about":[{"href":"https:\/\/raum-blick.de\/magazin\/wp-json\/wp\/v2\/types\/post"}],"author":[{"embeddable":true,"href":"https:\/\/raum-blick.de\/magazin\/wp-json\/wp\/v2\/users\/4"}],"replies":[{"embeddable":true,"href":"https:\/\/raum-blick.de\/magazin\/wp-json\/wp\/v2\/comments?post=5790"}],"version-history":[{"count":35,"href":"https:\/\/raum-blick.de\/magazin\/wp-json\/wp\/v2\/posts\/5790\/revisions"}],"predecessor-version":[{"id":16288,"href":"https:\/\/raum-blick.de\/magazin\/wp-json\/wp\/v2\/posts\/5790\/revisions\/16288"}],"wp:featuredmedia":[{"embeddable":true,"href":"https:\/\/raum-blick.de\/magazin\/wp-json\/wp\/v2\/media\/5823"}],"wp:attachment":[{"href":"https:\/\/raum-blick.de\/magazin\/wp-json\/wp\/v2\/media?parent=5790"}],"wp:term":[{"taxonomy":"category","embeddable":true,"href":"https:\/\/raum-blick.de\/magazin\/wp-json\/wp\/v2\/categories?post=5790"},{"taxonomy":"post_tag","embeddable":true,"href":"https:\/\/raum-blick.de\/magazin\/wp-json\/wp\/v2\/tags?post=5790"}],"curies":[{"name":"wp","href":"https:\/\/api.w.org\/{rel}","templated":true}]}}