{"id":5702,"date":"2018-05-28T09:52:12","date_gmt":"2018-05-28T07:52:12","guid":{"rendered":"https:\/\/www.raum-blick.de\/magazin\/?p=5702"},"modified":"2024-09-16T10:16:44","modified_gmt":"2024-09-16T08:16:44","slug":"lagom-lifestyle-trend","status":"publish","type":"post","link":"https:\/\/raum-blick.de\/magazin\/lagom-lifestyle-trend\/","title":{"rendered":"Lagom als Lifestyle-Trend"},"content":{"rendered":"<h2><span class=\"ez-toc-section\" id=\"%C2%AB_Alles_genau_im_richtigen_Masse_%C2%BB\"><\/span>\u00ab Alles genau im richtigen Ma\u00dfe \u00bb<span class=\"ez-toc-section-end\"><\/span><\/h2>\n<p style=\"text-align: justify;\"><strong>Wenn es um beachtenswerte Impulse f\u00fcrs wohnliche Umfeld geht, liegt Lagom derzeit im Trend. Genau genommen handelt es sich aber um das Gegenteil von einer Modewelle. Im Rampenlicht steht eine schwedische Lebensphilosophie mit langer Tradition, die durch das Bewusstsein f\u00fcrs richtige Ma\u00df der Dinge den Weg zu Balance und Gl\u00fcck ebnet. Daf\u00fcr m\u00fcssen Sie sich nicht mit Kollektionen aus dem hohen Norden durchweg schwedisch einrichten. Bedeutender ist, dass sich die sorgf\u00e4ltig aufeinander abgestimmten Einrichtungsideen, M\u00f6bel und Accessoires vom \u00dcberfl\u00fcssigen ebenso konsequent distanzieren wie von halbherzigen Kompromissen. <\/strong><\/p>\n<h2><span class=\"ez-toc-section\" id=\"Ein_Rundgang_durch_ein_Lagom_Haus_nachhaltig_zweckmaessig_und_natuerlich_schoen\"><\/span>Ein Rundgang durch ein Lagom Haus: nachhaltig, zweckm\u00e4\u00dfig und nat\u00fcrlich sch\u00f6n<span class=\"ez-toc-section-end\"><\/span><\/h2>\n<p style=\"text-align: justify;\">Beim Betreten des Eingangsbereichs ist sofort klar, dass sich die Bewohner zum schwedisch akzentuierten Landhausstil bekennen. Die kleinen Gew\u00e4chsh\u00e4user von <a href=\"https:\/\/www.raum-blick.de\/design-house-stockholm\/\">Design House Stockholm<\/a> auf der Fensterbank sch\u00fcren nicht nur die Vorfreude auf die Wohnungseinrichtung mit gr\u00fcner Signatur. Die h\u00fcbsche Pr\u00e4sentation verr\u00e4t die Liebe zu Pflanzen und der Natur, die typisch f\u00fcr viele Schweden ist.<\/p><div id=\"ez-toc-container\" class=\"ez-toc-v2_0_82_2 counter-hierarchy ez-toc-counter ez-toc-grey ez-toc-container-direction\">\n<div class=\"ez-toc-title-container\">\n<p class=\"ez-toc-title\" style=\"cursor:inherit\">Was hier auf Sie wartet<\/p>\n<span class=\"ez-toc-title-toggle\"><a href=\"#\" class=\"ez-toc-pull-right ez-toc-btn ez-toc-btn-xs ez-toc-btn-default ez-toc-toggle\" aria-label=\"Toggle Table of Content\"><span class=\"ez-toc-js-icon-con\"><span class=\"\"><span class=\"eztoc-hide\" style=\"display:none;\">Toggle<\/span><span class=\"ez-toc-icon-toggle-span\"><svg style=\"fill: #999;color:#999\" xmlns=\"http:\/\/www.w3.org\/2000\/svg\" class=\"list-377408\" width=\"20px\" height=\"20px\" viewBox=\"0 0 24 24\" fill=\"none\"><path d=\"M6 6H4v2h2V6zm14 0H8v2h12V6zM4 11h2v2H4v-2zm16 0H8v2h12v-2zM4 16h2v2H4v-2zm16 0H8v2h12v-2z\" fill=\"currentColor\"><\/path><\/svg><svg style=\"fill: #999;color:#999\" class=\"arrow-unsorted-368013\" xmlns=\"http:\/\/www.w3.org\/2000\/svg\" width=\"10px\" height=\"10px\" viewBox=\"0 0 24 24\" version=\"1.2\" baseProfile=\"tiny\"><path d=\"M18.2 9.3l-6.2-6.3-6.2 6.3c-.2.2-.3.4-.3.7s.1.5.3.7c.2.2.4.3.7.3h11c.3 0 .5-.1.7-.3.2-.2.3-.5.3-.7s-.1-.5-.3-.7zM5.8 14.7l6.2 6.3 6.2-6.3c.2-.2.3-.5.3-.7s-.1-.5-.3-.7c-.2-.2-.4-.3-.7-.3h-11c-.3 0-.5.1-.7.3-.2.2-.3.5-.3.7s.1.5.3.7z\"\/><\/svg><\/span><\/span><\/span><\/a><\/span><\/div>\n<nav><ul class='ez-toc-list ez-toc-list-level-1 ' ><li class='ez-toc-page-1 ez-toc-heading-level-2'><a class=\"ez-toc-link ez-toc-heading-1\" href=\"https:\/\/raum-blick.de\/magazin\/lagom-lifestyle-trend\/#%C2%AB_Alles_genau_im_richtigen_Masse_%C2%BB\" >\u00ab Alles genau im richtigen Ma\u00dfe \u00bb<\/a><\/li><li class='ez-toc-page-1 ez-toc-heading-level-2'><a class=\"ez-toc-link ez-toc-heading-2\" href=\"https:\/\/raum-blick.de\/magazin\/lagom-lifestyle-trend\/#Ein_Rundgang_durch_ein_Lagom_Haus_nachhaltig_zweckmaessig_und_natuerlich_schoen\" >Ein Rundgang durch ein Lagom Haus: nachhaltig, zweckm\u00e4\u00dfig und nat\u00fcrlich sch\u00f6n<\/a><\/li><li class='ez-toc-page-1 ez-toc-heading-level-2'><a class=\"ez-toc-link ez-toc-heading-3\" href=\"https:\/\/raum-blick.de\/magazin\/lagom-lifestyle-trend\/#Lieblingsstuecke_fuers_anhaltende_und_ausgewogene_Gluecksgefuehl\" >Lieblingsst\u00fccke f\u00fcrs anhaltende und ausgewogene Gl\u00fccksgef\u00fchl<\/a><\/li><li class='ez-toc-page-1 ez-toc-heading-level-2'><a class=\"ez-toc-link ez-toc-heading-4\" href=\"https:\/\/raum-blick.de\/magazin\/lagom-lifestyle-trend\/#Qualitaet_die_bleibt\" >Qualit\u00e4t, die bleibt<\/a><\/li><li class='ez-toc-page-1 ez-toc-heading-level-2'><a class=\"ez-toc-link ez-toc-heading-5\" href=\"https:\/\/raum-blick.de\/magazin\/lagom-lifestyle-trend\/#Gemuetliche_Lebensraeume_ohne_entbehrlichen_Schnickschnack\" >Gem\u00fctliche Lebensr\u00e4ume ohne entbehrlichen Schnickschnack<\/a><\/li><li class='ez-toc-page-1 ez-toc-heading-level-2'><a class=\"ez-toc-link ez-toc-heading-6\" href=\"https:\/\/raum-blick.de\/magazin\/lagom-lifestyle-trend\/#Unsere_Welt\" >Unsere Welt<\/a><\/li><li class='ez-toc-page-1 ez-toc-heading-level-2'><a class=\"ez-toc-link ez-toc-heading-7\" href=\"https:\/\/raum-blick.de\/magazin\/lagom-lifestyle-trend\/#Hyggelig_mit_den_richtigen_Accessoires\" >Hyggelig mit den richtigen Accessoires<\/a><\/li><li class='ez-toc-page-1 ez-toc-heading-level-2'><a class=\"ez-toc-link ez-toc-heading-8\" href=\"https:\/\/raum-blick.de\/magazin\/lagom-lifestyle-trend\/#Mit_wenigen_Gluecksgriffen_das_Leben_schoener_gestalten\" >Mit wenigen Gl\u00fccksgriffen das Leben sch\u00f6ner gestalten<\/a><\/li><\/ul><\/nav><\/div>\n\n<p><img loading=\"lazy\" decoding=\"async\" class=\"aligncenter wp-image-5731 size-full\" title=\"Mini-Greenhouse von Design House Stockholm | Gew\u00e4chshaus als Tischversion | Design: Atelier 2+\" src=\"https:\/\/www.raum-blick.de\/magazin\/wp-content\/uploads\/2018\/06\/design-house-stockholm-greenhouse-mini.jpg\" alt=\"design-house-stockholm-greenhouse-mini\" width=\"600\" height=\"600\" srcset=\"https:\/\/raum-blick.de\/magazin\/wp-content\/uploads\/2018\/06\/design-house-stockholm-greenhouse-mini.jpg 600w, https:\/\/raum-blick.de\/magazin\/wp-content\/uploads\/2018\/06\/design-house-stockholm-greenhouse-mini-150x150.jpg 150w, https:\/\/raum-blick.de\/magazin\/wp-content\/uploads\/2018\/06\/design-house-stockholm-greenhouse-mini-300x300.jpg 300w\" sizes=\"(max-width: 600px) 100vw, 600px\" \/><\/p>\n<p style=\"text-align: justify;\">Mit Bedacht wurde die <a href=\"https:\/\/www.raum-blick.de\/vita\/\">H\u00e4ngelampe von Vita<\/a> ausgew\u00e4hlt, die wie eine Eichel geformt ist und angenehme Erinnerungen an den letzten Waldspaziergang weckt. Durch den Schirm aus Klarglas erhellt sie den Raum effektiv und gleichm\u00e4\u00dfig, was beim sorgf\u00e4ltigen Ankleiden sehr hilfreich ist.<\/p>\n<p><a href=\"https:\/\/www.raum-blick.de\/conia-leuchte-vita\"><img loading=\"lazy\" decoding=\"async\" class=\"aligncenter wp-image-5729 size-full\" title=\"Vita Conia Leuchte inkl. Kabelset und LED Leuchtmittel | Design: Vita\" src=\"https:\/\/www.raum-blick.de\/magazin\/wp-content\/uploads\/2018\/06\/conia-leuchte-vita.jpg\" alt=\"conia-leuchte-vita\" width=\"600\" height=\"600\" srcset=\"https:\/\/raum-blick.de\/magazin\/wp-content\/uploads\/2018\/06\/conia-leuchte-vita.jpg 600w, https:\/\/raum-blick.de\/magazin\/wp-content\/uploads\/2018\/06\/conia-leuchte-vita-150x150.jpg 150w, https:\/\/raum-blick.de\/magazin\/wp-content\/uploads\/2018\/06\/conia-leuchte-vita-300x300.jpg 300w\" sizes=\"(max-width: 600px) 100vw, 600px\" \/><\/a><\/p>\n<p style=\"text-align: justify;\">Einige praktische Pluspunkte bleiben dem Betrachter verborgen: Beim Entwurf der energiesparenden LED-Leuchte wurde darauf geachtet, dass f\u00fcr die Herstellung der LED-Leuchte wenig Ressourcen ben\u00f6tigt werden. Damit der Transport die Umwelt m\u00f6glichst wenig belastet, l\u00e4sst sich das Wohnaccessoire bemerkenswert kompakt verpacken. Die zweckorientierte Auswahl und sinnvolle Platzierung der Lampe im Landhausstil kennzeichnen das Lagom-Lebensprinzip ebenso wie der reflektierte Konsum und das nachhaltige Design.<\/p>\n<p><a href=\"https:\/\/www.raum-blick.de\/we-do-wood-scoreboard-garderobe-horizontal\"><img loading=\"lazy\" decoding=\"async\" class=\"aligncenter wp-image-5726 size-full\" title=\"Garderobe Scoreboard aus Bambus von We Do Wood | horizontal | Design: Sebastian Jorgensen\" src=\"https:\/\/www.raum-blick.de\/magazin\/wp-content\/uploads\/2018\/06\/we-do-wood-scoreboard-garderobe-horizontal.jpg\" alt=\"we-do-wood-scoreboard-garderobe-horizontal\" width=\"600\" height=\"600\" srcset=\"https:\/\/raum-blick.de\/magazin\/wp-content\/uploads\/2018\/06\/we-do-wood-scoreboard-garderobe-horizontal.jpg 600w, https:\/\/raum-blick.de\/magazin\/wp-content\/uploads\/2018\/06\/we-do-wood-scoreboard-garderobe-horizontal-150x150.jpg 150w, https:\/\/raum-blick.de\/magazin\/wp-content\/uploads\/2018\/06\/we-do-wood-scoreboard-garderobe-horizontal-300x300.jpg 300w\" sizes=\"(max-width: 600px) 100vw, 600px\" \/><\/a><\/p>\n<p style=\"text-align: justify;\">Der Respekt vor der Natur charakterisiert auch die M\u00f6bel von <a href=\"https:\/\/www.raum-blick.de\/we-do-wood\/\">We Do Wood<\/a>, die wegen der exzellenten Energiebilanz des Werkstoffes aus Bambus gefertigt werden. Trotz der minimalistischen \u00c4sthetik ist der Anblick der Garderobe Scoreboard entz\u00fcckend. Denn es erschlie\u00dft sich sogleich, dass die farbigen Kleiderhaken beim Einrichten jeweils auf der H\u00f6he eingesteckt wurden, die f\u00fcr die Erwachsenen und Kinder der Familie vorteilhaft ist. Dass die Bambusm\u00f6bel optimal zu den pers\u00f6nlichen Gewohnheiten passen, ist f\u00fcr den Wohnstil aus Skandinavien wesentlich.<\/p>\n<h2><span class=\"ez-toc-section\" id=\"Lieblingsstuecke_fuers_anhaltende_und_ausgewogene_Gluecksgefuehl\"><\/span>Lieblingsst\u00fccke f\u00fcrs anhaltende und ausgewogene Gl\u00fccksgef\u00fchl<span class=\"ez-toc-section-end\"><\/span><\/h2>\n<p style=\"text-align: justify;\">Wer ein schwedisches Landhaus betritt, f\u00fchlt sich nicht selten von den D\u00fcften in der K\u00fcche magisch angezogen. Kulinarische Gen\u00fcsse sind f\u00fcr den erf\u00fcllenden Lebenswandel im Norden ebenso wichtig wie das gemeinschaftliche Erlebnis bei den Mahlzeiten. Diesem sozialen Aspekt von Lagom w\u00fcrde es widersprechen, wenn Sie sich an den Einrichtungsobjekten nicht guten Gewissens erfreuen k\u00f6nnten. Faire Designideen wie der Messerblock von <a href=\"https:\/\/www.raum-blick.de\/side-by-side\/\">side-by-side<\/a>, der aus Werkst\u00e4tten f\u00fcr Menschen mit Behinderung stammt, passen vortrefflich zu dem trendigen Landhausstil aus Schweden.<\/p>\n<p><img loading=\"lazy\" decoding=\"async\" class=\"aligncenter wp-image-5724 size-full\" title=\"Messerblock von side-by-side | Design: J\u00f6rg G\u00e4tjens\" src=\"https:\/\/www.raum-blick.de\/magazin\/wp-content\/uploads\/2018\/06\/messerblock-side-by-side.jpg\" alt=\"messerblock-side-by-side\" width=\"600\" height=\"600\" srcset=\"https:\/\/raum-blick.de\/magazin\/wp-content\/uploads\/2018\/06\/messerblock-side-by-side.jpg 600w, https:\/\/raum-blick.de\/magazin\/wp-content\/uploads\/2018\/06\/messerblock-side-by-side-150x150.jpg 150w, https:\/\/raum-blick.de\/magazin\/wp-content\/uploads\/2018\/06\/messerblock-side-by-side-300x300.jpg 300w\" sizes=\"(max-width: 600px) 100vw, 600px\" \/><\/p>\n<p style=\"text-align: justify;\">\u00dcberzeugend ist nicht nur die Balance zwischen der pers\u00f6nlichen Freude am \u00e4sthetischen K\u00fcchenutensil und dem Beitrag zur gef\u00f6rderten Teilhabe, die wiederum andere Mitglieder der Gesellschaft gl\u00fccklich macht. Die Konstruktion aus 900 Holzspie\u00dfen kommt der Funktionalit\u00e4t zugute und ist unkonventionell. Individuelle Statements dieser Art, die eher anspruchsvoll als \u00fcbertrieben extravagant ausfallen, sind mehr als willkommen, wenn Sie sich schwedisch einrichten m\u00f6chten. Dem entgegen ziehen Trends, die kommen und gehen, gar nicht erst ein.<\/p>\n<h2><span class=\"ez-toc-section\" id=\"Qualitaet_die_bleibt\"><\/span>Qualit\u00e4t, die bleibt<span class=\"ez-toc-section-end\"><\/span><\/h2>\n<p style=\"text-align: justify;\">Gefragt sind die Punktlandungen der Designer, die bestenfalls das Leben mehrerer Generationen begleiten. V\u00f6llig unabh\u00e4ngig vom technischen Konzept des Herds tr\u00e4gt der Gusseisentopf von iittala zum kulinarischen Erfolgserlebnis bei. Die Herzen anspruchsvoller Hobbyk\u00f6che eroberte das robuste Kochgeschirr schon beim Deb\u00fct in den 1960er Jahren. Denn es bew\u00e4hrt sich bei der Zubereitung und tr\u00e4gt mit der urigen Aura zur Gem\u00fctlichkeit bei Tisch bei.<\/p>\n<p><img loading=\"lazy\" decoding=\"async\" class=\"aligncenter wp-image-5722 size-full\" title=\"Kochtopf Sarpaneva mit Deckel von iittala | Gusseisen, emailliert | Design: Timo Sarpaneva, 1960\" src=\"https:\/\/www.raum-blick.de\/magazin\/wp-content\/uploads\/2018\/06\/iittala-sarpaneva-kochtopf.jpg\" alt=\"iittala-sarpaneva-kochtopf\" width=\"600\" height=\"440\" srcset=\"https:\/\/raum-blick.de\/magazin\/wp-content\/uploads\/2018\/06\/iittala-sarpaneva-kochtopf.jpg 600w, https:\/\/raum-blick.de\/magazin\/wp-content\/uploads\/2018\/06\/iittala-sarpaneva-kochtopf-300x220.jpg 300w\" sizes=\"(max-width: 600px) 100vw, 600px\" \/><\/p>\n<p style=\"text-align: justify;\">Seither h\u00e4lt die Begeisterung f\u00fcr den Klassiker an und wird vermutlich in den kommenden Jahrzehnten nicht abflauen. Der traditionell gefertigte Topf ist deshalb ein Paradebeispiel f\u00fcr die Tendenz zu bleibenden Lieblingsst\u00fccken beim schwedisch inspirierten Landhausstil.<\/p>\n<h2><span class=\"ez-toc-section\" id=\"Gemuetliche_Lebensraeume_ohne_entbehrlichen_Schnickschnack\"><\/span>Gem\u00fctliche Lebensr\u00e4ume ohne entbehrlichen Schnickschnack<span class=\"ez-toc-section-end\"><\/span><\/h2>\n<p style=\"text-align: justify;\">Von schrillen Farben, die sich der saisonalen Mode unterwerfen, distanziert sich Lagom. Stattdessen f\u00f6rdern langfristig faszinierende Naturt\u00f6ne das harmonische Ambiente. Ob Sie beispielsweise eher zu schickem Grau oder warmen Erdt\u00f6nen tendieren, ist reine Geschmackssache. Wichtig beim Einrichten ist, dass Sie vorwiegend verwandte Nuancen aus einer Farbpalette w\u00e4hlen. Zu den sanften T\u00f6nen passen M\u00f6bel und Textilien aus Naturmaterialien, die weder nach Effekten heischen noch langweilig sind. Durch die schr\u00e4gen Beine wirkt der Esstisch Georg von <a href=\"https:\/\/www.raum-blick.de\/skagerak\/\">Skagerak<\/a> spannend, der insgesamt eher dezent gehalten ist.<\/p>\n<p><img loading=\"lazy\" decoding=\"async\" class=\"aligncenter wp-image-5718 size-full\" title=\"Esstisch &quot;Georg&quot; von Skagerak | Material: Eiche | Ma\u00dfe: 155x90x73 cm\" src=\"https:\/\/www.raum-blick.de\/magazin\/wp-content\/uploads\/2018\/06\/skagerak-georg-esstisch.jpg\" alt=\"skagerak-georg-esstisch\" width=\"600\" height=\"600\" srcset=\"https:\/\/raum-blick.de\/magazin\/wp-content\/uploads\/2018\/06\/skagerak-georg-esstisch.jpg 600w, https:\/\/raum-blick.de\/magazin\/wp-content\/uploads\/2018\/06\/skagerak-georg-esstisch-150x150.jpg 150w, https:\/\/raum-blick.de\/magazin\/wp-content\/uploads\/2018\/06\/skagerak-georg-esstisch-300x300.jpg 300w\" sizes=\"(max-width: 600px) 100vw, 600px\" \/><\/p>\n<p style=\"text-align: justify;\">Die urspr\u00fcngliche \u00c4sthetik von naturbelassenem Holz schmeichelt nicht nur dem Auge. F\u00fcr den Lagom-Lifestyle ist ebenso bedeutend, dass sich das Material angenehm anf\u00fchlt, wenn Sie es in Genussmomenten beil\u00e4ufig ber\u00fchren.<\/p>\n<h2><span class=\"ez-toc-section\" id=\"Unsere_Welt\"><\/span>Unsere Welt<span class=\"ez-toc-section-end\"><\/span><\/h2>\n<p style=\"text-align: justify;\">Unter den liebevoll ausgearbeiteten Tablett-Tischen von <a href=\"https:\/\/www.raum-blick.de\/notre-monde\/\">Notre Monde<\/a> findet sich vielleicht ein Exemplar, dem Sie f\u00fcr immer einen Stammplatz in Ihrer Sofaecke einr\u00e4umen m\u00f6chten. Die belgischen Beistellm\u00f6bel harmonieren mit dem Landhausstil aus Schweden fabelhaft: Sie erleichtern Ihnen die allt\u00e4glichen Handgriffe und beleben selbst das Ambiente, wodurch sich zus\u00e4tzliche Dekorationsartikel er\u00fcbrigen.<\/p>\n<p><img loading=\"lazy\" decoding=\"async\" class=\"aligncenter wp-image-5716 size-full\" title=\"Tisch S + L von Notre Monde | rechteckig ohne Tabletts | Design: Dawn Sweitzer\" src=\"https:\/\/www.raum-blick.de\/magazin\/wp-content\/uploads\/2018\/06\/notre-monde-tisch-set-s-und-l-rechteckig.jpg\" alt=\"notre-monde-tisch-set-s-und-l-rechteckig\" width=\"600\" height=\"600\" srcset=\"https:\/\/raum-blick.de\/magazin\/wp-content\/uploads\/2018\/06\/notre-monde-tisch-set-s-und-l-rechteckig.jpg 600w, https:\/\/raum-blick.de\/magazin\/wp-content\/uploads\/2018\/06\/notre-monde-tisch-set-s-und-l-rechteckig-150x150.jpg 150w, https:\/\/raum-blick.de\/magazin\/wp-content\/uploads\/2018\/06\/notre-monde-tisch-set-s-und-l-rechteckig-300x300.jpg 300w\" sizes=\"(max-width: 600px) 100vw, 600px\" \/><\/p>\n<p style=\"text-align: justify;\">Beim Einrichten bringen Sie grunds\u00e4tzlich nicht mehr M\u00f6bel und Accessoires ins Spiel, als f\u00fcr die wohnliche Ausstattung notwendig sind. Was Sie nicht restlos \u00fcberzeugt und zur Funktion des Raums passt, ist entbehrlich.<\/p>\n<h2><span class=\"ez-toc-section\" id=\"Hyggelig_mit_den_richtigen_Accessoires\"><\/span>Hyggelig mit den richtigen Accessoires<span class=\"ez-toc-section-end\"><\/span><\/h2>\n<p style=\"text-align: justify;\">Der Fokus auf das Wesentliche darf aber nicht mit einem \u00fcberm\u00e4\u00dfigen Minimalismus verwechselt werden. Sorgf\u00e4ltig ausgesuchte Accessoires f\u00fcr die Gem\u00fctlichkeit, deren Design Ihnen Freude bereitet, sind f\u00fcr den skandinavischen Wohnstil unverzichtbar.<\/p>\n<p><img loading=\"lazy\" decoding=\"async\" class=\"aligncenter wp-image-5710 size-full\" title=\"Fiducia Vase &amp; Kerzenhalter von K\u00e4hler | einzigartig in Formgebung und Funktion | Design: Louise Campbell\" src=\"https:\/\/www.raum-blick.de\/magazin\/wp-content\/uploads\/2018\/06\/kaehler-fiducia-vase-und-kerzenhalter.jpg\" alt=\"kaehler-fiducia-vase-und-kerzenhalter\" width=\"600\" height=\"600\" srcset=\"https:\/\/raum-blick.de\/magazin\/wp-content\/uploads\/2018\/06\/kaehler-fiducia-vase-und-kerzenhalter.jpg 600w, https:\/\/raum-blick.de\/magazin\/wp-content\/uploads\/2018\/06\/kaehler-fiducia-vase-und-kerzenhalter-150x150.jpg 150w, https:\/\/raum-blick.de\/magazin\/wp-content\/uploads\/2018\/06\/kaehler-fiducia-vase-und-kerzenhalter-300x300.jpg 300w\" sizes=\"(max-width: 600px) 100vw, 600px\" \/><\/p>\n<p style=\"text-align: justify;\">Louise Campbell bildete aus Vasen und Kerzenhaltern eine dynamisch anmutende Kette. Die Keramikarbeit von <a href=\"https:\/\/www.raum-blick.de\/kaehler-design\/\">K\u00e4hler Design<\/a> avanciert dadurch zum au\u00dfergew\u00f6hnlichen Blickfang und es gen\u00fcgt ein Designobjekt f\u00fcr die stilvolle Tischdeko.<\/p>\n<p><a href=\"https:\/\/www.raum-blick.de\/design-house-stockholm-knot-kissen\"><img loading=\"lazy\" decoding=\"async\" class=\"aligncenter wp-image-5707 size-full\" title=\"Knot Kissen von Design House Stockholm | Design: Ragnhei\u00f0ur \u00d6sp Sigur\u00f0ard\u00f3ttir\" src=\"https:\/\/www.raum-blick.de\/magazin\/wp-content\/uploads\/2018\/06\/design-house-stockholm-knot-kissen.jpg\" alt=\"design-house-stockholm-knot-kissen\" width=\"600\" height=\"600\" srcset=\"https:\/\/raum-blick.de\/magazin\/wp-content\/uploads\/2018\/06\/design-house-stockholm-knot-kissen.jpg 600w, https:\/\/raum-blick.de\/magazin\/wp-content\/uploads\/2018\/06\/design-house-stockholm-knot-kissen-150x150.jpg 150w, https:\/\/raum-blick.de\/magazin\/wp-content\/uploads\/2018\/06\/design-house-stockholm-knot-kissen-300x300.jpg 300w\" sizes=\"(max-width: 600px) 100vw, 600px\" \/><\/a><\/p>\n<p style=\"text-align: justify;\">Aus meterlangen Wollschl\u00e4uchen bestehen die weichen Kissen von Design House Stockholm, die das Sofa sowohl dezent als auch unkonventionell beleben und beim Entspannen willkommen sind.<\/p>\n<h2><span class=\"ez-toc-section\" id=\"Mit_wenigen_Gluecksgriffen_das_Leben_schoener_gestalten\"><\/span>Mit wenigen Gl\u00fccksgriffen das Leben sch\u00f6ner gestalten<span class=\"ez-toc-section-end\"><\/span><\/h2>\n<p style=\"text-align: justify;\">Lagom ist gewisserma\u00dfen die Kunst, jedes Objekt beim Einrichten bewusst auszuw\u00e4hlen und schon bei kleineren Zweifeln rund um die N\u00fctzlichkeit, Qualit\u00e4t oder \u00c4sthetik zu verzichten. Lagom pur f\u00fcr den Lifestyle im Freien ist beispielsweise der Cube von <a href=\"https:\/\/www.raum-blick.de\/hoefats\/\">h\u00f6fats<\/a>, der nicht nur formsch\u00f6n und langlebig konzipiert ist. Durch das hochwertige Outdoor-Equipment erledigen sich mehrere Anschaffungen f\u00fcr den Au\u00dfenbereich. Das schont das Portemonnaie, spart nat\u00fcrliche Ressourcen und schafft Platz auf der Terrasse, ohne etwas zu vermissen.<\/p>\n<p><a href=\"https:\/\/www.raum-blick.de\/hoefats-cube-feuerkorb\"><img loading=\"lazy\" decoding=\"async\" class=\"aligncenter wp-image-5713 size-full\" title=\"Feuerstelle CUBE von h\u00f6fats | Feuerkorb &amp; Hocker\" src=\"https:\/\/www.raum-blick.de\/magazin\/wp-content\/uploads\/2018\/06\/hoefats-cube-feuerkorb-1.jpg\" alt=\"hoefats-cube-feuerkorb\" width=\"600\" height=\"600\" srcset=\"https:\/\/raum-blick.de\/magazin\/wp-content\/uploads\/2018\/06\/hoefats-cube-feuerkorb-1.jpg 600w, https:\/\/raum-blick.de\/magazin\/wp-content\/uploads\/2018\/06\/hoefats-cube-feuerkorb-1-150x150.jpg 150w, https:\/\/raum-blick.de\/magazin\/wp-content\/uploads\/2018\/06\/hoefats-cube-feuerkorb-1-300x300.jpg 300w\" sizes=\"(max-width: 600px) 100vw, 600px\" \/><\/a><\/p>\n<p style=\"text-align: justify;\">Ganz im Gegenteil: Sie sind gl\u00fccklich, dass Sie ohne viel Aufwand mit Freunden nach dem Grillen bis tief in die Nacht am offenen Feuer plaudern k\u00f6nnen. An dieses tolle Erlebnis erinnert Sie das Multitalent am n\u00e4chsten Tag, wenn es als Beistelltisch neben der Sonnenliege auftaucht.<\/p>\n","protected":false},"excerpt":{"rendered":"<p>\u00ab Alles genau im richtigen Ma\u00dfe \u00bb Wenn es um beachtenswerte Impulse f\u00fcrs wohnliche Umfeld geht, liegt Lagom derzeit im Trend. Genau genommen handelt es sich aber um das Gegenteil von einer Modewelle. Im Rampenlicht steht eine schwedische Lebensphilosophie mit langer Tradition, die durch das Bewusstsein f\u00fcrs richtige Ma\u00df der Dinge den Weg zu Balance [&hellip;]<\/p>\n","protected":false},"author":4,"featured_media":5720,"comment_status":"closed","ping_status":"open","sticky":false,"template":"","format":"standard","meta":{"_et_pb_use_builder":"","_et_pb_old_content":"","_et_gb_content_width":"","inline_featured_image":false,"footnotes":""},"categories":[7],"tags":[495,344,331,506,571,23,357,288,296,307,605,43,297,73,581,311,133,19,55,146,99,560],"class_list":["post-5702","post","type-post","status-publish","format-standard","has-post-thumbnail","hentry","category-accessoires-lifestyle","tag-design-house-stockholm","tag-feuerstellen","tag-garderobe","tag-gewaechshaeuser","tag-hoefats","tag-iittala","tag-kaehler","tag-kerzenhalter","tag-kissen","tag-kochtoepfe","tag-lagom","tag-leuchten","tag-lifestyle","tag-messerbloecke","tag-notre-monde","tag-sarpaneva","tag-side-by-side","tag-skagerak","tag-tische","tag-vasen","tag-vita","tag-we-do-wood"],"_links":{"self":[{"href":"https:\/\/raum-blick.de\/magazin\/wp-json\/wp\/v2\/posts\/5702","targetHints":{"allow":["GET"]}}],"collection":[{"href":"https:\/\/raum-blick.de\/magazin\/wp-json\/wp\/v2\/posts"}],"about":[{"href":"https:\/\/raum-blick.de\/magazin\/wp-json\/wp\/v2\/types\/post"}],"author":[{"embeddable":true,"href":"https:\/\/raum-blick.de\/magazin\/wp-json\/wp\/v2\/users\/4"}],"replies":[{"embeddable":true,"href":"https:\/\/raum-blick.de\/magazin\/wp-json\/wp\/v2\/comments?post=5702"}],"version-history":[{"count":26,"href":"https:\/\/raum-blick.de\/magazin\/wp-json\/wp\/v2\/posts\/5702\/revisions"}],"predecessor-version":[{"id":20993,"href":"https:\/\/raum-blick.de\/magazin\/wp-json\/wp\/v2\/posts\/5702\/revisions\/20993"}],"wp:featuredmedia":[{"embeddable":true,"href":"https:\/\/raum-blick.de\/magazin\/wp-json\/wp\/v2\/media\/5720"}],"wp:attachment":[{"href":"https:\/\/raum-blick.de\/magazin\/wp-json\/wp\/v2\/media?parent=5702"}],"wp:term":[{"taxonomy":"category","embeddable":true,"href":"https:\/\/raum-blick.de\/magazin\/wp-json\/wp\/v2\/categories?post=5702"},{"taxonomy":"post_tag","embeddable":true,"href":"https:\/\/raum-blick.de\/magazin\/wp-json\/wp\/v2\/tags?post=5702"}],"curies":[{"name":"wp","href":"https:\/\/api.w.org\/{rel}","templated":true}]}}