{"id":5584,"date":"2018-05-08T12:54:15","date_gmt":"2018-05-08T10:54:15","guid":{"rendered":"https:\/\/www.raum-blick.de\/magazin\/?p=5584"},"modified":"2022-05-24T19:15:27","modified_gmt":"2022-05-24T17:15:27","slug":"balkonmoebel-fuer-kleinen-balkon","status":"publish","type":"post","link":"https:\/\/raum-blick.de\/magazin\/balkonmoebel-fuer-kleinen-balkon\/","title":{"rendered":"Balkonm\u00f6bel f\u00fcr kleinen Balkon"},"content":{"rendered":"<h2><span class=\"ez-toc-section\" id=\"%C2%AB_Freisitz-Lounge_platzsparend_einrichten_%C2%BB\"><\/span>\u00ab Freisitz-Lounge platzsparend einrichten \u00bb<span class=\"ez-toc-section-end\"><\/span><\/h2>\n<p style=\"text-align: justify;\"><strong>Wer sich eine st\u00e4dtische Oase mit weitl\u00e4ufiger Dachterrasse angelt, geh\u00f6rt zu den Gl\u00fcckspilzen. Denn die meisten Architekten beschr\u00e4nken sich bei ihren Entw\u00fcrfen f\u00fcr urbane Wohnobjekte auf Freisitze mit wenigen Quadratmetern. F\u00fcr den \u00fcbersichtlichen Au\u00dfenbereich sind platzsparende Balkonm\u00f6bel mit einer \u00c4sthetik gefragt, die zum gew\u00fcnschten Flair ma\u00dfgeblich beitr\u00e4gt. Der Mangel an Stellfl\u00e4che spricht schlie\u00dflich gegen zahlreiche Extras f\u00fcr die Dekoration. L\u00f6st sich durch das funktionale Design zugleich die Frage in Luft auf, wo Sie die M\u00f6bel im Winter lagern, ist Ihr Gestaltungskonzept ideal.<\/strong><\/p>\n<h2><span class=\"ez-toc-section\" id=\"Landhausklassiker_aus_Holz_in_platzsparendem_Format\"><\/span>Landhausklassiker aus Holz in platzsparendem Format<span class=\"ez-toc-section-end\"><\/span><\/h2>\n<p style=\"text-align: justify;\">Ein kleiner Balkon provoziert schnell die Annahme, dass sich der Wunsch nach gem\u00fctlichen Momenten im Freien nicht realisieren l\u00e4sst. Diese resignierende Quintessenz ist unbegr\u00fcndet, da es lediglich auf die richtigen Outdoor-M\u00f6bel ankommt.<\/p><div id=\"ez-toc-container\" class=\"ez-toc-v2_0_82_2 counter-hierarchy ez-toc-counter ez-toc-grey ez-toc-container-direction\">\n<div class=\"ez-toc-title-container\">\n<p class=\"ez-toc-title\" style=\"cursor:inherit\">Was hier auf Sie wartet<\/p>\n<span class=\"ez-toc-title-toggle\"><a href=\"#\" class=\"ez-toc-pull-right ez-toc-btn ez-toc-btn-xs ez-toc-btn-default ez-toc-toggle\" aria-label=\"Toggle Table of Content\"><span class=\"ez-toc-js-icon-con\"><span class=\"\"><span class=\"eztoc-hide\" style=\"display:none;\">Toggle<\/span><span class=\"ez-toc-icon-toggle-span\"><svg style=\"fill: #999;color:#999\" xmlns=\"http:\/\/www.w3.org\/2000\/svg\" class=\"list-377408\" width=\"20px\" height=\"20px\" viewBox=\"0 0 24 24\" fill=\"none\"><path d=\"M6 6H4v2h2V6zm14 0H8v2h12V6zM4 11h2v2H4v-2zm16 0H8v2h12v-2zM4 16h2v2H4v-2zm16 0H8v2h12v-2z\" fill=\"currentColor\"><\/path><\/svg><svg style=\"fill: #999;color:#999\" class=\"arrow-unsorted-368013\" xmlns=\"http:\/\/www.w3.org\/2000\/svg\" width=\"10px\" height=\"10px\" viewBox=\"0 0 24 24\" version=\"1.2\" baseProfile=\"tiny\"><path d=\"M18.2 9.3l-6.2-6.3-6.2 6.3c-.2.2-.3.4-.3.7s.1.5.3.7c.2.2.4.3.7.3h11c.3 0 .5-.1.7-.3.2-.2.3-.5.3-.7s-.1-.5-.3-.7zM5.8 14.7l6.2 6.3 6.2-6.3c.2-.2.3-.5.3-.7s-.1-.5-.3-.7c-.2-.2-.4-.3-.7-.3h-11c-.3 0-.5.1-.7.3-.2.2-.3.5-.3.7s.1.5.3.7z\"\/><\/svg><\/span><\/span><\/span><\/a><\/span><\/div>\n<nav><ul class='ez-toc-list ez-toc-list-level-1 ' ><li class='ez-toc-page-1 ez-toc-heading-level-2'><a class=\"ez-toc-link ez-toc-heading-1\" href=\"https:\/\/raum-blick.de\/magazin\/balkonmoebel-fuer-kleinen-balkon\/#%C2%AB_Freisitz-Lounge_platzsparend_einrichten_%C2%BB\" >\u00ab Freisitz-Lounge platzsparend einrichten \u00bb<\/a><\/li><li class='ez-toc-page-1 ez-toc-heading-level-2'><a class=\"ez-toc-link ez-toc-heading-2\" href=\"https:\/\/raum-blick.de\/magazin\/balkonmoebel-fuer-kleinen-balkon\/#Landhausklassiker_aus_Holz_in_platzsparendem_Format\" >Landhausklassiker aus Holz in platzsparendem Format<\/a><\/li><li class='ez-toc-page-1 ez-toc-heading-level-2'><a class=\"ez-toc-link ez-toc-heading-3\" href=\"https:\/\/raum-blick.de\/magazin\/balkonmoebel-fuer-kleinen-balkon\/#Dank_kleinen_Kniffen_Schicker_Style_fuer_den_Platz_an_der_Sonne\" >Dank kleinen Kniffen: Schicker Style f\u00fcr den Platz an der Sonne<\/a><\/li><li class='ez-toc-page-1 ez-toc-heading-level-2'><a class=\"ez-toc-link ez-toc-heading-4\" href=\"https:\/\/raum-blick.de\/magazin\/balkonmoebel-fuer-kleinen-balkon\/#Flexible_Upgrades_mit_formschoenem_Design_fuer_drinnen_und_draussen\" >Flexible Upgrades mit formsch\u00f6nem Design f\u00fcr drinnen und drau\u00dfen<\/a><\/li><li class='ez-toc-page-1 ez-toc-heading-level-2'><a class=\"ez-toc-link ez-toc-heading-5\" href=\"https:\/\/raum-blick.de\/magazin\/balkonmoebel-fuer-kleinen-balkon\/#Bunte_Lounge_fuers_laessige_Outdoorvergnuegen\" >Bunte Lounge f\u00fcrs l\u00e4ssige Outdoorvergn\u00fcgen<\/a><\/li><\/ul><\/nav><\/div>\n\n<p><a href=\"https:\/\/www.raum-blick.de\/skagerak-vendia-tisch\"><img loading=\"lazy\" decoding=\"async\" class=\"aligncenter wp-image-5611 size-full\" title=\"Tisch &quot;Vendia&quot; aus Teak von Skagerak | perfekt bei beengten Platzverh\u00e4ltnissen | ideal f\u00fcr kleine Balkons\" src=\"https:\/\/www.raum-blick.de\/magazin\/wp-content\/uploads\/2018\/06\/skagerak-vendia-tisch.jpg\" alt=\"skagerak-vendia-tisch\" width=\"600\" height=\"540\" srcset=\"https:\/\/raum-blick.de\/magazin\/wp-content\/uploads\/2018\/06\/skagerak-vendia-tisch.jpg 600w, https:\/\/raum-blick.de\/magazin\/wp-content\/uploads\/2018\/06\/skagerak-vendia-tisch-300x270.jpg 300w\" sizes=\"(max-width: 600px) 100vw, 600px\" \/><\/a><\/p>\n<p style=\"text-align: justify;\">Renommierte Marken bieten inzwischen formsch\u00f6ne Balkonm\u00f6bel f\u00fcr den kleinen Balkon an, die mit der anheimelnden Ausstattung eines weitl\u00e4ufigen Landhausgartens fast konkurrieren k\u00f6nnen. Sowohl hochwertig als auch rustikal wirken beispielsweise die kompakt konzipierten St\u00fchle und der runde Tisch aus der Kollektion Vendia von <a href=\"https:\/\/www.raum-blick.de\/skagerak\/\">Skagerak<\/a>. Das klassische Design l\u00e4sst nur angenehme Erinnerungen an die sch\u00f6nen Stunden im Biergarten wach werden.<\/p>\n<p><a href=\"https:\/\/www.raum-blick.de\/skagerak-vendia-stuhl\"><img loading=\"lazy\" decoding=\"async\" class=\"aligncenter wp-image-5609 size-full\" title=\"Stuhl &quot;Vendia&quot; aus Teak von Skagerak\" src=\"https:\/\/www.raum-blick.de\/magazin\/wp-content\/uploads\/2018\/06\/skagerak-vendia-stuhl.jpg\" alt=\"skagerak-vendia-stuhl\" width=\"600\" height=\"600\" srcset=\"https:\/\/raum-blick.de\/magazin\/wp-content\/uploads\/2018\/06\/skagerak-vendia-stuhl.jpg 600w, https:\/\/raum-blick.de\/magazin\/wp-content\/uploads\/2018\/06\/skagerak-vendia-stuhl-150x150.jpg 150w, https:\/\/raum-blick.de\/magazin\/wp-content\/uploads\/2018\/06\/skagerak-vendia-stuhl-300x300.jpg 300w\" sizes=\"(max-width: 600px) 100vw, 600px\" \/><\/a><\/p>\n<p style=\"text-align: justify;\">Da markant gemasertes Holz alle M\u00f6bel und somit die Balkongestaltung insgesamt pr\u00e4gt, entfaltet sich inmitten der City eine sehr nat\u00fcrliche Atmosph\u00e4re. Best\u00fccken Sie den Boden au\u00dferdem mit einem hochwertigen Grasteppich und s\u00e4en in den Balkonk\u00e4sten heimische K\u00fcchenkr\u00e4uter wie Schnittlauch oder Petersilie aus. Schon \u00e4hnelt die allt\u00e4gliche Auszeit auf Balkonien einem Urlaubserlebnis in idyllischen Gefilden. Wie ihre gastronomischen Vorbilder sind die kompakten Holzm\u00f6bel aus witterungsbest\u00e4ndigem Teak gefertigt und k\u00f6nnen platzsparend zusammengeklappt werden. \u00dcber die Lagerung au\u00dferhalb der Saison m\u00fcssen Sie sich demnach keine Gedanken machen.<\/p>\n<h2><span class=\"ez-toc-section\" id=\"Dank_kleinen_Kniffen_Schicker_Style_fuer_den_Platz_an_der_Sonne\"><\/span>Dank kleinen Kniffen: Schicker Style f\u00fcr den Platz an der Sonne<span class=\"ez-toc-section-end\"><\/span><\/h2>\n<p style=\"text-align: justify;\">Clever geht die Marke Weish\u00e4upl das Design ihrer Balkonm\u00f6bel f\u00fcr den kleinen Balkon an, indem sie die nat\u00fcrlichen Impressionen in den Stuhl Forest schlichtweg integriert. Beim Anblick der Sitzschale aus pulverbeschichtetem Aluminium liegen Gedanken an urw\u00fcchsige Baumbest\u00e4nde im l\u00e4ndlichen Garten oder beschauliche Waldspazierg\u00e4nge nahe.<\/p>\n<p><img loading=\"lazy\" decoding=\"async\" class=\"aligncenter wp-image-5600 size-full\" title=\"Stuhl FOREST mit einem hervorragenden Sitzkomfort von Weish\u00e4upl | f\u00fcr Indoor und Outdoor\" src=\"https:\/\/www.raum-blick.de\/magazin\/wp-content\/uploads\/2018\/06\/fast-forest-stuhl.jpg\" alt=\"fast-forest-stuhl\" width=\"600\" height=\"600\" srcset=\"https:\/\/raum-blick.de\/magazin\/wp-content\/uploads\/2018\/06\/fast-forest-stuhl.jpg 600w, https:\/\/raum-blick.de\/magazin\/wp-content\/uploads\/2018\/06\/fast-forest-stuhl-150x150.jpg 150w, https:\/\/raum-blick.de\/magazin\/wp-content\/uploads\/2018\/06\/fast-forest-stuhl-300x300.jpg 300w\" sizes=\"(max-width: 600px) 100vw, 600px\" \/><\/p>\n<p style=\"text-align: justify;\">In Kombination mit dem wei\u00dfen Bistrotisch der Linie Balcony ergibt sich gleichzeitig ein schickes Ensemble, das fabelhaft zur modernen Lebensart in der Stadt passt.<\/p>\n<p><img loading=\"lazy\" decoding=\"async\" class=\"aligncenter wp-image-5603 size-full\" title=\"Tisch BALCONY mit einem Gestell aus Edelstahl von Weish\u00e4upl | selbst f\u00fcr den schmalsten Balkon geeignet\" src=\"https:\/\/www.raum-blick.de\/magazin\/wp-content\/uploads\/2018\/06\/balcony-tisch-weishaeupl.jpg\" alt=\"balcony-tisch-weishaeupl\" width=\"600\" height=\"600\" srcset=\"https:\/\/raum-blick.de\/magazin\/wp-content\/uploads\/2018\/06\/balcony-tisch-weishaeupl.jpg 600w, https:\/\/raum-blick.de\/magazin\/wp-content\/uploads\/2018\/06\/balcony-tisch-weishaeupl-150x150.jpg 150w, https:\/\/raum-blick.de\/magazin\/wp-content\/uploads\/2018\/06\/balcony-tisch-weishaeupl-300x300.jpg 300w\" sizes=\"(max-width: 600px) 100vw, 600px\" \/><\/p>\n<p style=\"text-align: justify;\">Mit sogenannten Clickboards verlegen Sie ohne nennenswerten Aufwand einen Holzboden, um den \u00e4sthetischen Link zur Natur bei den Balkonst\u00fchlen zu unterstreichen. Den stylischen Aspekt der Balkonm\u00f6bel greifen Sie mit <a href=\"https:\/\/www.raum-blick.de\/bacsac\/\">bunten Bacsac Pflanztaschen<\/a> gekonnt auf.<\/p>\n<p><a href=\"https:\/\/www.raum-blick.de\/pflanztasche-pot-3-l-bacsac\"><img loading=\"lazy\" decoding=\"async\" class=\"aligncenter wp-image-5606 size-full\" title=\"Pflanzsack Pot von Bacsac | UV-best\u00e4ndig | frostresistent | Volumen: 3 Liter\" src=\"https:\/\/www.raum-blick.de\/magazin\/wp-content\/uploads\/2018\/06\/pflanztasche-pot-3-l-bacsac.jpg\" alt=\"pflanztasche-pot-3-l-bacsac\" width=\"600\" height=\"565\" srcset=\"https:\/\/raum-blick.de\/magazin\/wp-content\/uploads\/2018\/06\/pflanztasche-pot-3-l-bacsac.jpg 600w, https:\/\/raum-blick.de\/magazin\/wp-content\/uploads\/2018\/06\/pflanztasche-pot-3-l-bacsac-300x283.jpg 300w\" sizes=\"(max-width: 600px) 100vw, 600px\" \/><\/a><\/p>\n<p style=\"text-align: justify;\">Das angesagte Outdoorequipment l\u00e4sst sich durch die Gurte problemlos in die Balkonbr\u00fcstung einh\u00e4ngen und mit den Lieblingsblumen bepflanzen. Kleine Balkonm\u00f6bel \u00fcberzeugen meist mit ihrer durchdachten Funktionalit\u00e4t und sind entweder stapelf\u00e4hig oder klappbar. Auf diese Handgriffe k\u00f6nnen Sie bei wetterfest gefertigten Kollektionen aus rostfreiem Metall ebenso gut verzichten und die M\u00f6bel rund ums Jahr einladend auf dem Balkon drapieren. Schlie\u00dflich bereitet es an klaren Wintertagen Freude, an einem hei\u00dfen Tee zu nippen und die frische Luft zu genie\u00dfen.<\/p>\n<h2><span class=\"ez-toc-section\" id=\"Flexible_Upgrades_mit_formschoenem_Design_fuer_drinnen_und_draussen\"><\/span>Flexible Upgrades mit formsch\u00f6nem Design f\u00fcr drinnen und drau\u00dfen<span class=\"ez-toc-section-end\"><\/span><\/h2>\n<p style=\"text-align: justify;\">F\u00fcr die zeitgem\u00e4\u00dfe Wohnungseinrichtung w\u00fcnschen Sie sich nicht nur platzsparende Balkonm\u00f6bel, die Sie vielseitig nutzen k\u00f6nnen. In den Wohnr\u00e4umen sind ebenfalls pfiffige Multitalente gefragt, um auf die wechselnden Bed\u00fcrfnisse einzugehen. Interessant sind deshalb Designideen, die sich als Balkonm\u00f6bel f\u00fcr den kleinen Balkon ebenso empfehlen wie f\u00fcr die Innenausstattung.<\/p>\n<p><a href=\"https:\/\/www.raum-blick.de\/vitra-cork-family\"><img loading=\"lazy\" decoding=\"async\" class=\"aligncenter wp-image-5595 size-full\" title=\"Vitra Cork Family: Hocker \/ Beistelltisch\" src=\"https:\/\/www.raum-blick.de\/magazin\/wp-content\/uploads\/2018\/06\/vitra-cork-family.jpg\" alt=\"vitra-cork-family\" width=\"600\" height=\"415\" srcset=\"https:\/\/raum-blick.de\/magazin\/wp-content\/uploads\/2018\/06\/vitra-cork-family.jpg 600w, https:\/\/raum-blick.de\/magazin\/wp-content\/uploads\/2018\/06\/vitra-cork-family-300x208.jpg 300w, https:\/\/raum-blick.de\/magazin\/wp-content\/uploads\/2018\/06\/vitra-cork-family-110x75.jpg 110w\" sizes=\"(max-width: 600px) 100vw, 600px\" \/><\/a><\/p>\n<p style=\"text-align: justify;\">Durch ihre ungew\u00f6hnliche Form und das Naturmaterial avanciert die Kollektion Cork Family von <a href=\"https:\/\/www.raum-blick.de\/vitra\/\">Vitra<\/a> zum Blickfang. Die angenehme Haptik von Kork erinnert an den Verschluss einer Weinflasche. So wird die reduzierte \u00c4sthetik behaglich akzentuiert und es ergeben sich angenehme Assoziationen mit den sonnenverw\u00f6hnten Herkunftsl\u00e4ndern der edlen Tropfen. Ob Sie die Designm\u00f6bel als Beistelltisch, Hocker oder Fu\u00dfst\u00fctze verwenden, gibt Jasper Morrison mit seinem Entwurf nicht vor.<\/p>\n<p><img loading=\"lazy\" decoding=\"async\" class=\"aligncenter wp-image-5597 size-full\" title=\"Sessel RION aus pulverbeschichtetem Aluminium von Weish\u00e4upl | praktisch stapelbar\" src=\"https:\/\/www.raum-blick.de\/magazin\/wp-content\/uploads\/2018\/06\/fast-rion-sessel.jpg\" alt=\"fast-rion-sessel\" width=\"600\" height=\"600\" srcset=\"https:\/\/raum-blick.de\/magazin\/wp-content\/uploads\/2018\/06\/fast-rion-sessel.jpg 600w, https:\/\/raum-blick.de\/magazin\/wp-content\/uploads\/2018\/06\/fast-rion-sessel-150x150.jpg 150w, https:\/\/raum-blick.de\/magazin\/wp-content\/uploads\/2018\/06\/fast-rion-sessel-300x300.jpg 300w\" sizes=\"(max-width: 600px) 100vw, 600px\" \/><\/p>\n<p style=\"text-align: justify;\">Die Stapelst\u00fchle Rion \u00fcberzeugen mit ihrer puristischen Eleganz und der Fertigung aus wetterbest\u00e4ndigem Aluminium. Sie eignen sich deshalb als Outdoor-M\u00f6bel, machen aber in der Wohnung ebenfalls eine gute Figur. Es spricht nichts dagegen, auf dem Freisitz einige multifunktionale St\u00fchle bereitzuhalten und mit den Korkm\u00f6beln den Wohnraum aufzuwerten. So stehen die Sitzgelegenheiten drau\u00dfen bereit und werden an Sonnentagen flink durch die leichten Beistelltische erg\u00e4nzt. Schon ist die komfortable Sitzgruppe im Au\u00dfenbereich komplett. K\u00fcndigt sich eine gr\u00f6\u00dfere G\u00e4steschar an, sorgen Sie mit den \u00e4sthetischen Balkonsesseln im Handumdrehen f\u00fcr weitere Sitzpl\u00e4tze am Esstisch des Wohnzimmers.<\/p>\n<h2><span class=\"ez-toc-section\" id=\"Bunte_Lounge_fuers_laessige_Outdoorvergnuegen\"><\/span>Bunte Lounge f\u00fcrs l\u00e4ssige Outdoorvergn\u00fcgen<span class=\"ez-toc-section-end\"><\/span><\/h2>\n<p style=\"text-align: justify;\">Wenn die Aussicht ohnehin nicht sensationell ist, spricht nichts gegen eine bodennahe Kuschelwiese f\u00fcr die Au\u00dfenlounge. Hierf\u00fcr ist die Kollektion Buggle-up von <a href=\"https:\/\/www.raum-blick.de\/fatboy\/\">Fatboy<\/a> wie geschaffen: Die Sitzs\u00e4cke lassen sich unkompliziert in bequeme Sessel, komfortable Sofas oder eine gro\u00dfz\u00fcgige Liegefl\u00e4che f\u00fcrs Sonnenbad verwandeln.<\/p>\n<p><a href=\"https:\/\/www.raum-blick.de\/fatboy-buggle-up-outdoor\"><img loading=\"lazy\" decoding=\"async\" class=\"aligncenter wp-image-5588 size-full\" title=\"Fatboy Buggle-up Outdoor: Sitzsack aus Sunbrella-Stoff f\u00fcr echtes Outdoor Vergn\u00fcgen\" src=\"https:\/\/www.raum-blick.de\/magazin\/wp-content\/uploads\/2018\/06\/fatboy-buggle-up-outdoor.jpg\" alt=\"fatboy-buggle-up-outdoor\" width=\"600\" height=\"600\" srcset=\"https:\/\/raum-blick.de\/magazin\/wp-content\/uploads\/2018\/06\/fatboy-buggle-up-outdoor.jpg 600w, https:\/\/raum-blick.de\/magazin\/wp-content\/uploads\/2018\/06\/fatboy-buggle-up-outdoor-150x150.jpg 150w, https:\/\/raum-blick.de\/magazin\/wp-content\/uploads\/2018\/06\/fatboy-buggle-up-outdoor-300x300.jpg 300w\" sizes=\"(max-width: 600px) 100vw, 600px\" \/><\/a><\/p>\n<p style=\"text-align: justify;\">Zwei Exemplare der Hocker-Serie Point sind die treffende Erg\u00e4nzung, um gelegentlich die F\u00fc\u00dfe hochzulegen oder auf mehrere G\u00e4ste vorbereitet zu sein.<\/p>\n<p><a href=\"https:\/\/www.raum-blick.de\/fatboy-point-stonewashed-sitzhocker\"><img loading=\"lazy\" decoding=\"async\" class=\"aligncenter wp-image-5591 size-full\" title=\"Stonewashed-Sitzkissen &quot;Point&quot; f\u00fcr Indoor von Fatboy\" src=\"https:\/\/www.raum-blick.de\/magazin\/wp-content\/uploads\/2018\/06\/fatboy-point-stonewashed-sitzhocker.jpg\" alt=\"fatboy-point-stonewashed-sitzhocker\" width=\"600\" height=\"415\" srcset=\"https:\/\/raum-blick.de\/magazin\/wp-content\/uploads\/2018\/06\/fatboy-point-stonewashed-sitzhocker.jpg 600w, https:\/\/raum-blick.de\/magazin\/wp-content\/uploads\/2018\/06\/fatboy-point-stonewashed-sitzhocker-300x208.jpg 300w, https:\/\/raum-blick.de\/magazin\/wp-content\/uploads\/2018\/06\/fatboy-point-stonewashed-sitzhocker-110x75.jpg 110w\" sizes=\"(max-width: 600px) 100vw, 600px\" \/><\/a><\/p>\n<p style=\"text-align: justify;\">Wer keinen gr\u00fcnen Daumen hat, verzichtet auf Blumen und entscheidet sich bewusst f\u00fcr Balkonm\u00f6bel in schrillen Farben. Werden die betonierten Balkonw\u00e4nde mit sch\u00f6nen Bambusmatten und laminierten Urlaubsfotos ausstaffiert, kurbelt auch das Panorama die gute Laune an.<\/p>\n<blockquote>\n<p style=\"text-align: justify;\">Die chilligen Sitzgelegenheiten eignen sich nicht nur als Balkonm\u00f6bel f\u00fcr den kleinen Balkon. Im Herbst und Winter ist ein lauschiges Pl\u00e4tzchen ungezwungenes Relaxen ebenfalls reizvoll.<\/p>\n<\/blockquote>\n<p style=\"text-align: justify;\">Arrangieren Sie den Sitzsack und die Hocker zum Beispiel als Chillout-Ecke im Wohnzimmer oder in der Schlafoase. Wird es vor der Haust\u00fcr nebelig und grau, freuen Sie sich \u00fcber den legeren R\u00fcckzugsort beim Schm\u00f6kern oder bei romantischen Stunden zu zweit. Au\u00dferdem bilden die bunten Farben der Loungem\u00f6bel einen willkommenen Kontrast zum tr\u00fcben Wetter.<\/p>\n","protected":false},"excerpt":{"rendered":"<p>\u00ab Freisitz-Lounge platzsparend einrichten \u00bb Wer sich eine st\u00e4dtische Oase mit weitl\u00e4ufiger Dachterrasse angelt, geh\u00f6rt zu den Gl\u00fcckspilzen. Denn die meisten Architekten beschr\u00e4nken sich bei ihren Entw\u00fcrfen f\u00fcr urbane Wohnobjekte auf Freisitze mit wenigen Quadratmetern. F\u00fcr den \u00fcbersichtlichen Au\u00dfenbereich sind platzsparende Balkonm\u00f6bel mit einer \u00c4sthetik gefragt, die zum gew\u00fcnschten Flair ma\u00dfgeblich beitr\u00e4gt. Der Mangel an [&hellip;]<\/p>\n","protected":false},"author":4,"featured_media":5608,"comment_status":"closed","ping_status":"open","sticky":false,"template":"","format":"standard","meta":{"_et_pb_use_builder":"","_et_pb_old_content":"","_et_gb_content_width":"","inline_featured_image":false,"footnotes":""},"categories":[6],"tags":[48,132,594,159,449,40,158,595,57,50,476,327,539,68,19,64,416,55,520,63],"class_list":["post-5584","post","type-post","status-publish","format-standard","has-post-thumbnail","hentry","category-draussen","tag-bacsac","tag-balkon","tag-balkonmoebel","tag-beistelltische","tag-einrichtungsideen","tag-fatboy","tag-hocker","tag-landhaus","tag-outdoor","tag-pflanzsaecke","tag-platzsparend","tag-sessel","tag-sitzkissen","tag-sitzsaecke","tag-skagerak","tag-stuehle","tag-teak","tag-tische","tag-vitra","tag-weishaeupl"],"_links":{"self":[{"href":"https:\/\/raum-blick.de\/magazin\/wp-json\/wp\/v2\/posts\/5584","targetHints":{"allow":["GET"]}}],"collection":[{"href":"https:\/\/raum-blick.de\/magazin\/wp-json\/wp\/v2\/posts"}],"about":[{"href":"https:\/\/raum-blick.de\/magazin\/wp-json\/wp\/v2\/types\/post"}],"author":[{"embeddable":true,"href":"https:\/\/raum-blick.de\/magazin\/wp-json\/wp\/v2\/users\/4"}],"replies":[{"embeddable":true,"href":"https:\/\/raum-blick.de\/magazin\/wp-json\/wp\/v2\/comments?post=5584"}],"version-history":[{"count":22,"href":"https:\/\/raum-blick.de\/magazin\/wp-json\/wp\/v2\/posts\/5584\/revisions"}],"predecessor-version":[{"id":16301,"href":"https:\/\/raum-blick.de\/magazin\/wp-json\/wp\/v2\/posts\/5584\/revisions\/16301"}],"wp:featuredmedia":[{"embeddable":true,"href":"https:\/\/raum-blick.de\/magazin\/wp-json\/wp\/v2\/media\/5608"}],"wp:attachment":[{"href":"https:\/\/raum-blick.de\/magazin\/wp-json\/wp\/v2\/media?parent=5584"}],"wp:term":[{"taxonomy":"category","embeddable":true,"href":"https:\/\/raum-blick.de\/magazin\/wp-json\/wp\/v2\/categories?post=5584"},{"taxonomy":"post_tag","embeddable":true,"href":"https:\/\/raum-blick.de\/magazin\/wp-json\/wp\/v2\/tags?post=5584"}],"curies":[{"name":"wp","href":"https:\/\/api.w.org\/{rel}","templated":true}]}}