{"id":558,"date":"2016-06-28T16:01:52","date_gmt":"2016-06-28T14:01:52","guid":{"rendered":"https:\/\/www.raum-blick.de\/magazin\/?p=558"},"modified":"2024-09-04T16:10:58","modified_gmt":"2024-09-04T14:10:58","slug":"daenisches-design-par-excellence","status":"publish","type":"post","link":"https:\/\/raum-blick.de\/magazin\/daenisches-design-par-excellence\/","title":{"rendered":"D\u00e4nisches Design par excellence"},"content":{"rendered":"<h2><span class=\"ez-toc-section\" id=\"%C2%AB_Henrik_Holbaek_und_Claus_Jensen_%E2%80%93_ein_Designduo_im_Portraet_%C2%BB\"><\/span>\u00ab Henrik Holb\u00e6k und Claus Jensen \u2013 ein Designduo im Portr\u00e4t \u00bb<span class=\"ez-toc-section-end\"><\/span><\/h2>\n<p style=\"text-align: justify;\"><strong>Dass Henrik Holb\u00e6k und Claus Jensen mit ihren Entw\u00fcrfen f\u00fcr eine Karaffe, eine Isolierkanne oder einen M\u00fclleimer am laufenden Band hochdotierte Designpreise gewinnen, spricht f\u00fcr sich. Dabei \u00fcberzeugen neben der \u00c4sthetik vor allem die genialen Ideen und die Ambition, typisch d\u00e4nisches Design auf hohem Niveau zu pr\u00e4sentieren. Auf das au\u00dfergew\u00f6hnliche Talent der beiden Designer setzt beispielsweise die d\u00e4nische Marke Eva Solo, deren Wohnaccessoires und K\u00fcchenutensilien h\u00e4ufig im Designstudio Tools entworfen werden. <\/strong><\/p>\n<h2><span class=\"ez-toc-section\" id=\"Wohnkultur_zum_Wohlfuehlen_fuer_alle_Design_aus_Daenemark\"><\/span>Wohnkultur zum Wohlf\u00fchlen f\u00fcr alle: Design aus D\u00e4nemark<span class=\"ez-toc-section-end\"><\/span><\/h2>\n<p style=\"text-align: justify;\">M\u00f6bel, Heimtextilien, Wohnaccessoires oder Haushaltswaren: D\u00e4nisches Design liegt im Trend und erobert immer mehr Herzen, die f\u00fcr einen modernen und stilvollen Lifestyle schlagen. Zu den Begr\u00fcndern des unverkennbaren Stils geh\u00f6rt der D\u00e4ne Arne Jacobsen, der in der Bauhaus-\u00c4ra eine bedeutende Rolle spielte und dessen Stuhl mit dem Namen &#8222;Ameise&#8220; nahezu jedem Design-Liebhaber ein Begriff ist. Der k\u00fcnstlerische Ansatz ist eng mit der Geschichte und der Alltagskultur in dem nordeurop\u00e4ischen Land verkn\u00fcpft. Das sozialdemokratische System in Skandinavien wirkt sich begrenzend auf das Budget aus, das den meisten B\u00fcrgern f\u00fcr die Wohnungseinrichtung, Dekorationsartikel oder K\u00fcchenutensilien zur Verf\u00fcgung steht. Zugleich legen die Bewohner gro\u00dfen Wert auf eine charmante Gestaltung der Innenr\u00e4ume, die angesichts der Witterungsverh\u00e4ltnisse h\u00e4ufig f\u00fcr gesellige Runden mit G\u00e4sten genutzt werden. Daraus ergab sich eine k\u00fcnstlerische Bewegung, die eine ausgesuchte und schlicht schicke \u00c4sthetik mit einer hohen Funktionalit\u00e4t bei ihren Entw\u00fcrfen vereinte. Ebenso ma\u00dfgeblich war von Beginn an, dass die qualitativ hochwertigen Produkte f\u00fcr die gesamte Bev\u00f6lkerung erschwinglich sind. Seit der Entstehung in den 1950er Jahren hat sich an der Philosophie des d\u00e4nischen Designs nichts ge\u00e4ndert, zu dem sich Henrik Holb\u00e6k und Claus Jensen bei den Entw\u00fcrfen f\u00fcr K\u00fcchenutensilien und Wohnaccessoires uneingeschr\u00e4nkt bekennen.<\/p><div id=\"ez-toc-container\" class=\"ez-toc-v2_0_82_2 counter-hierarchy ez-toc-counter ez-toc-grey ez-toc-container-direction\">\n<div class=\"ez-toc-title-container\">\n<p class=\"ez-toc-title\" style=\"cursor:inherit\">Was hier auf Sie wartet<\/p>\n<span class=\"ez-toc-title-toggle\"><a href=\"#\" class=\"ez-toc-pull-right ez-toc-btn ez-toc-btn-xs ez-toc-btn-default ez-toc-toggle\" aria-label=\"Toggle Table of Content\"><span class=\"ez-toc-js-icon-con\"><span class=\"\"><span class=\"eztoc-hide\" style=\"display:none;\">Toggle<\/span><span class=\"ez-toc-icon-toggle-span\"><svg style=\"fill: #999;color:#999\" xmlns=\"http:\/\/www.w3.org\/2000\/svg\" class=\"list-377408\" width=\"20px\" height=\"20px\" viewBox=\"0 0 24 24\" fill=\"none\"><path d=\"M6 6H4v2h2V6zm14 0H8v2h12V6zM4 11h2v2H4v-2zm16 0H8v2h12v-2zM4 16h2v2H4v-2zm16 0H8v2h12v-2z\" fill=\"currentColor\"><\/path><\/svg><svg style=\"fill: #999;color:#999\" class=\"arrow-unsorted-368013\" xmlns=\"http:\/\/www.w3.org\/2000\/svg\" width=\"10px\" height=\"10px\" viewBox=\"0 0 24 24\" version=\"1.2\" baseProfile=\"tiny\"><path d=\"M18.2 9.3l-6.2-6.3-6.2 6.3c-.2.2-.3.4-.3.7s.1.5.3.7c.2.2.4.3.7.3h11c.3 0 .5-.1.7-.3.2-.2.3-.5.3-.7s-.1-.5-.3-.7zM5.8 14.7l6.2 6.3 6.2-6.3c.2-.2.3-.5.3-.7s-.1-.5-.3-.7c-.2-.2-.4-.3-.7-.3h-11c-.3 0-.5.1-.7.3-.2.2-.3.5-.3.7s.1.5.3.7z\"\/><\/svg><\/span><\/span><\/span><\/a><\/span><\/div>\n<nav><ul class='ez-toc-list ez-toc-list-level-1 ' ><li class='ez-toc-page-1 ez-toc-heading-level-2'><a class=\"ez-toc-link ez-toc-heading-1\" href=\"https:\/\/raum-blick.de\/magazin\/daenisches-design-par-excellence\/#%C2%AB_Henrik_Holbaek_und_Claus_Jensen_%E2%80%93_ein_Designduo_im_Portraet_%C2%BB\" >\u00ab Henrik Holb\u00e6k und Claus Jensen \u2013 ein Designduo im Portr\u00e4t \u00bb<\/a><\/li><li class='ez-toc-page-1 ez-toc-heading-level-2'><a class=\"ez-toc-link ez-toc-heading-2\" href=\"https:\/\/raum-blick.de\/magazin\/daenisches-design-par-excellence\/#Wohnkultur_zum_Wohlfuehlen_fuer_alle_Design_aus_Daenemark\" >Wohnkultur zum Wohlf\u00fchlen f\u00fcr alle: Design aus D\u00e4nemark<\/a><\/li><li class='ez-toc-page-1 ez-toc-heading-level-2'><a class=\"ez-toc-link ez-toc-heading-3\" href=\"https:\/\/raum-blick.de\/magazin\/daenisches-design-par-excellence\/#Daenisches_Design_der_Extraklasse_aus_dem_Designstudio_Tools\" >D\u00e4nisches Design der Extraklasse aus dem Designstudio Tools<\/a><\/li><li class='ez-toc-page-1 ez-toc-heading-level-2'><a class=\"ez-toc-link ez-toc-heading-4\" href=\"https:\/\/raum-blick.de\/magazin\/daenisches-design-par-excellence\/#Pointierte_Aesthetik_funktionale_Brillanz\" >Pointierte \u00c4sthetik, funktionale Brillanz<\/a><\/li><li class='ez-toc-page-1 ez-toc-heading-level-2'><a class=\"ez-toc-link ez-toc-heading-5\" href=\"https:\/\/raum-blick.de\/magazin\/daenisches-design-par-excellence\/#Weit_mehr_als_eine_Karaffe_mit_moderner_Eleganz\" >Weit mehr als eine Karaffe mit moderner Eleganz<\/a><\/li><li class='ez-toc-page-1 ez-toc-heading-level-2'><a class=\"ez-toc-link ez-toc-heading-6\" href=\"https:\/\/raum-blick.de\/magazin\/daenisches-design-par-excellence\/#Isolierkanne_%E2%80%93_garantiert_standhaft_und_tropffrei\" >Isolierkanne \u2013 garantiert standhaft und tropffrei<\/a><\/li><li class='ez-toc-page-1 ez-toc-heading-level-2'><a class=\"ez-toc-link ez-toc-heading-7\" href=\"https:\/\/raum-blick.de\/magazin\/daenisches-design-par-excellence\/#Salonfaehiger_Tischgrill\" >Salonf\u00e4higer Tischgrill<\/a><\/li><li class='ez-toc-page-1 ez-toc-heading-level-2'><a class=\"ez-toc-link ez-toc-heading-8\" href=\"https:\/\/raum-blick.de\/magazin\/daenisches-design-par-excellence\/#Blumentoepfe_mit_dem_gewissen_Etwas\" >Blument\u00f6pfe mit dem gewissen Etwas<\/a><\/li><\/ul><\/nav><\/div>\n\n<p style=\"text-align: justify;\"><img loading=\"lazy\" decoding=\"async\" class=\"aligncenter wp-image-609 size-full\" title=\"Wohnkultur zum Wohlf\u00fchlen f\u00fcr alle: Design aus D\u00e4nemark\" src=\"https:\/\/www.raum-blick.de\/magazin\/wp-content\/uploads\/2016\/07\/Wohnkultur-zum-Wohlf\u00fchlen-f\u00fcr-alle-Design-aus-D\u00e4nemark.jpg\" alt=\"Wohnkultur zum Wohlf\u00fchlen f\u00fcr alle Design aus D\u00e4nemark\" width=\"600\" height=\"600\" srcset=\"https:\/\/raum-blick.de\/magazin\/wp-content\/uploads\/2016\/07\/Wohnkultur-zum-Wohlf\u00fchlen-f\u00fcr-alle-Design-aus-D\u00e4nemark.jpg 600w, https:\/\/raum-blick.de\/magazin\/wp-content\/uploads\/2016\/07\/Wohnkultur-zum-Wohlf\u00fchlen-f\u00fcr-alle-Design-aus-D\u00e4nemark-150x150.jpg 150w, https:\/\/raum-blick.de\/magazin\/wp-content\/uploads\/2016\/07\/Wohnkultur-zum-Wohlf\u00fchlen-f\u00fcr-alle-Design-aus-D\u00e4nemark-300x300.jpg 300w, https:\/\/raum-blick.de\/magazin\/wp-content\/uploads\/2016\/07\/Wohnkultur-zum-Wohlf\u00fchlen-f\u00fcr-alle-Design-aus-D\u00e4nemark-200x200.jpg 200w\" sizes=\"(max-width: 600px) 100vw, 600px\" \/><\/p>\n<h2><span class=\"ez-toc-section\" id=\"Daenisches_Design_der_Extraklasse_aus_dem_Designstudio_Tools\"><\/span>D\u00e4nisches Design der Extraklasse aus dem Designstudio Tools<span class=\"ez-toc-section-end\"><\/span><\/h2>\n<p style=\"text-align: justify;\">In den 1960er Jahren erblickten beide Ausnahmetalente in D\u00e4nemark das Licht der Welt. Henrik Holb\u00e6k studierte an der K\u00f6niglichen Akademie von Kopenhagen, w\u00e4hrend Claus Jensen seinen Abschluss an der D\u00e4nischen Designschule in der Hauptstadt absolvierte. Dort kreuzten sich die Wege der kreativen Seelen, die eine gemeinsame Vorliebe teilten: Industriedesign. Als ausgebildeter Biochemiker entwarf Henrik Holb\u00e6k schon w\u00e4hrend des industriell ausgerichteten Studiums medizinische Ger\u00e4te. Claus Jensen absolvierte ein Examen als M\u00f6beldesigner, interessierte sich aber mehr f\u00fcr den Entwurf von elektrischen Produkten oder Maschinen. So gr\u00fcndete das Duo 1989 das Designstudio Tools mit den entsprechenden Zielen im Kopenhagener Industrieviertel. Die ersten Preise heimste das kreative Doppel jedoch f\u00fcr einen Teelichthalter (1993) und eine Zitronenpresse (1995) ein. Fortan war das Interesse an genialen Designideen f\u00fcr Wohnaccessoires und K\u00fcchenutensilien aus dem Studio sehr hoch. Deshalb setzte das Duo fortan hier einen Schwerpunkt Ihres Designs und feilten ihr Know-how in diesem Segment unentwegt aus. Die Quintessenz kann sich sehen lassen: Mit ihren Entw\u00fcrfen gewann Tools Design bis dato mehr als 350 Awards und gewiss werden noch einige Auszeichnungen folgen. Zu den Kunden z\u00e4hlen Just Mobile in Taiwan, der amerikanische Hersteller Jarden oder das d\u00e4nische Unternehmen Eva Solo, das seine d\u00e4nischen Designs ausschlie\u00dflich aus dem Designstudio Tools bezieht.<\/p>\n<p style=\"text-align: justify;\"><img loading=\"lazy\" decoding=\"async\" class=\"aligncenter wp-image-611 size-full\" title=\"D\u00e4nisches Design der Extraklasse aus dem Designstudio Tools\" src=\"https:\/\/www.raum-blick.de\/magazin\/wp-content\/uploads\/2016\/07\/D\u00e4nisches-Design-der-Extraklasse-aus-dem-Designstudio-Tools.jpg\" alt=\"D\u00e4nisches Design der Extraklasse aus dem Designstudio Tools\" width=\"600\" height=\"600\" srcset=\"https:\/\/raum-blick.de\/magazin\/wp-content\/uploads\/2016\/07\/D\u00e4nisches-Design-der-Extraklasse-aus-dem-Designstudio-Tools.jpg 600w, https:\/\/raum-blick.de\/magazin\/wp-content\/uploads\/2016\/07\/D\u00e4nisches-Design-der-Extraklasse-aus-dem-Designstudio-Tools-150x150.jpg 150w, https:\/\/raum-blick.de\/magazin\/wp-content\/uploads\/2016\/07\/D\u00e4nisches-Design-der-Extraklasse-aus-dem-Designstudio-Tools-300x300.jpg 300w, https:\/\/raum-blick.de\/magazin\/wp-content\/uploads\/2016\/07\/D\u00e4nisches-Design-der-Extraklasse-aus-dem-Designstudio-Tools-200x200.jpg 200w\" sizes=\"(max-width: 600px) 100vw, 600px\" \/><\/p>\n<h2><span class=\"ez-toc-section\" id=\"Pointierte_Aesthetik_funktionale_Brillanz\"><\/span>Pointierte \u00c4sthetik, funktionale Brillanz<span class=\"ez-toc-section-end\"><\/span><\/h2>\n<p style=\"text-align: justify;\">Henrik Holb\u00e6k und Claus Jensen genie\u00dfen nicht nur gro\u00dfes Renommee in D\u00e4nemark. Was d\u00e4nisches Design angeht, geh\u00f6rt das Duo europaweit zu den bemerkenswerten und vielerorts gefragten Talenten. Es ist Teil der Philosophie des Studios, mit minimalistisch akzentuierten und funktional innovativen Produkten die Lebensqualit\u00e4t der Menschen zu verbessern. Daraus allein erkl\u00e4rt sich der au\u00dferordentliche Erfolg der K\u00fcchenutensilien noch nicht. \u00dcber die Jahre hinweg haben sich eine Leidenschaft f\u00fcr die Produktsparte und eine einzigartige Herangehensweise entwickelt. Wenn das Duo sich f\u00fcr bestimmte Handgriffe K\u00fcchenutensilien oder Lifestyle-Accessoires w\u00fcnschen, nehmen sie dieses Bed\u00fcrfnis als motivierenden Ausgangspunkt, entwerfen einen Prototyp und verwenden diesen selbst im Alltag. So entstehen Produkte, die den hohen \u00e4sthetischen Anspr\u00fcchen und praktischen Pr\u00e4missen von Designern gen\u00fcgen, die auch penibel durchdachte Ger\u00e4te f\u00fcr die Medizin entwerfen. Wodurch sich in gewisser Weise wieder ein Kreis schlie\u00dft. Gepaart mit dem Sinn f\u00fcr d\u00e4nisches Design und der landestypischen Lebensart ergibt sich das kreative Erfolgsrezept des Designstudios Tools. Mit der Identit\u00e4t von <a href=\"https:\/\/www.raum-blick.de\/eva-solo\/\">Eva Solo<\/a> harmoniert die Philosophie wunderbar. Deshalb arbeitet die d\u00e4nische Marke quasi seit Deb\u00fct mit den Designern zusammen und verl\u00e4sst sich bei den Kollektionen f\u00fcr K\u00fcchenutensilien und Wohnaccessoires auf deren Gesp\u00fcr.<\/p>\n<h2><span class=\"ez-toc-section\" id=\"Weit_mehr_als_eine_Karaffe_mit_moderner_Eleganz\"><\/span><img loading=\"lazy\" decoding=\"async\" class=\"alignleft wp-image-581 size-full\" title=\"eva solo Karaffe: tropffrei &amp; sp\u00fclmaschinenfest | Design: Claus Jensen, Henrik Holb\u00e6k\" src=\"https:\/\/www.raum-blick.de\/magazin\/wp-content\/uploads\/2016\/07\/eva-solo-Karaffe.jpg\" alt=\"eva solo Karaffe\" width=\"270\" height=\"270\" srcset=\"https:\/\/raum-blick.de\/magazin\/wp-content\/uploads\/2016\/07\/eva-solo-Karaffe.jpg 270w, https:\/\/raum-blick.de\/magazin\/wp-content\/uploads\/2016\/07\/eva-solo-Karaffe-150x150.jpg 150w, https:\/\/raum-blick.de\/magazin\/wp-content\/uploads\/2016\/07\/eva-solo-Karaffe-200x200.jpg 200w\" sizes=\"(max-width: 270px) 100vw, 270px\" \/>Weit mehr als eine Karaffe mit moderner Eleganz<span class=\"ez-toc-section-end\"><\/span><\/h2>\n<p style=\"text-align: justify;\">Zu den preisgekr\u00f6nten Entw\u00fcrfen des Designstudio Tools geh\u00f6rt eine vielseitige Karaffe, die sowohl bei warmen als auch kalten Getr\u00e4nken die Temperatur bewahrt. Bei der ansprechenden Form haben sich Henrik Holb\u00e6k und Claus Jensen nicht nur aus \u00e4sthetischen Gr\u00fcnden von einer klassischen Milchflasche inspirieren lassen. Dank der Statue passt die Karaffe in jede K\u00fchlschrankt\u00fcr und ist oben weit genug ge\u00f6ffnet, um beispielsweise Zitronenscheiben oder Eisw\u00fcrfel hinzuzuf\u00fcgen. Grandios durchdacht ist der sogenannte Flip-Top-Deckel, der sich beim Einschenken automatisch \u00f6ffnet und beim Abstellen der Karaffe selbstt\u00e4tig schlie\u00dft. Zum ungew\u00f6hnlichen Blickfang wird das Accessoire f\u00fcr den stilvollen Alltag und die gehobene Gastlichkeit durch die Neoprenh\u00fclle mit Rei\u00dfverschluss, die in elegantem Schwarz oder in ausdrucksstarken Farben erh\u00e4ltlich ist.<\/p>\n<p style=\"text-align: justify;\"><img loading=\"lazy\" decoding=\"async\" class=\"aligncenter wp-image-573 size-full\" title=\"Weit mehr als eine Karaffe mit moderner Eleganz\" src=\"https:\/\/www.raum-blick.de\/magazin\/wp-content\/uploads\/2016\/07\/Weit-mehr-als-eine-Karaffe-mit-moderner-Eleganz.jpg\" alt=\"Weit mehr als eine Karaffe mit moderner Eleganz\" width=\"600\" height=\"600\" srcset=\"https:\/\/raum-blick.de\/magazin\/wp-content\/uploads\/2016\/07\/Weit-mehr-als-eine-Karaffe-mit-moderner-Eleganz.jpg 600w, https:\/\/raum-blick.de\/magazin\/wp-content\/uploads\/2016\/07\/Weit-mehr-als-eine-Karaffe-mit-moderner-Eleganz-150x150.jpg 150w, https:\/\/raum-blick.de\/magazin\/wp-content\/uploads\/2016\/07\/Weit-mehr-als-eine-Karaffe-mit-moderner-Eleganz-300x300.jpg 300w, https:\/\/raum-blick.de\/magazin\/wp-content\/uploads\/2016\/07\/Weit-mehr-als-eine-Karaffe-mit-moderner-Eleganz-200x200.jpg 200w\" sizes=\"(max-width: 600px) 100vw, 600px\" \/><\/p>\n<h2><span class=\"ez-toc-section\" id=\"Isolierkanne_%E2%80%93_garantiert_standhaft_und_tropffrei\"><\/span>Isolierkanne \u2013 garantiert standhaft und tropffrei<span class=\"ez-toc-section-end\"><\/span><\/h2>\n<p style=\"text-align: justify;\"><a href=\"https:\/\/www.raum-blick.de\/isolierkanne-eva-solo\"><img loading=\"lazy\" decoding=\"async\" class=\"alignright wp-image-588 size-full\" title=\"eva solo Isolierkanne: tropffrei &amp; leicht zu f\u00fcllen | Design: Claus Jensen, Henrik Holb\u00e6k\" src=\"https:\/\/www.raum-blick.de\/magazin\/wp-content\/uploads\/2016\/07\/eva-solo-Isolierkanne.jpg\" alt=\"eva solo Isolierkanne\" width=\"270\" height=\"270\" srcset=\"https:\/\/raum-blick.de\/magazin\/wp-content\/uploads\/2016\/07\/eva-solo-Isolierkanne.jpg 270w, https:\/\/raum-blick.de\/magazin\/wp-content\/uploads\/2016\/07\/eva-solo-Isolierkanne-150x150.jpg 150w, https:\/\/raum-blick.de\/magazin\/wp-content\/uploads\/2016\/07\/eva-solo-Isolierkanne-200x200.jpg 200w\" sizes=\"(max-width: 270px) 100vw, 270px\" \/><\/a>Zur gleichen Serie von Eva Solo geh\u00f6rt auch eine Isolierkanne, die aufgrund der funktionalen \u00c4sthetik beispielsweise beim International Design Award in Baden-W\u00fcrttemberg ausgezeichnet wurde. Die Formsprache und das einfarbige Design sind ebenso \u00fcberzeugend wie bei der Karaffe oder anderen K\u00fcchenutensilien von Claus Jensen und Henrik Holb\u00e6k. Im Fokus steht erneut die ausgekl\u00fcgelte Funktionalit\u00e4t, die hinreichend bekannte Probleme im Alltag l\u00f6st: Durch den patentierten Ausgie\u00dfer ist auch hier ein absolut tropffreies Einschenken m\u00f6glich.<\/p>\n<p style=\"text-align: justify;\"><img loading=\"lazy\" decoding=\"async\" class=\"size-full wp-image-584 aligncenter\" src=\"https:\/\/www.raum-blick.de\/magazin\/wp-content\/uploads\/2016\/07\/Isolierkanne-\u2013-garantiert-standhaft-und-tropffrei.jpg\" alt=\"Isolierkanne \u2013 garantiert standhaft und tropffrei\" width=\"600\" height=\"600\" title=\"\" srcset=\"https:\/\/raum-blick.de\/magazin\/wp-content\/uploads\/2016\/07\/Isolierkanne-\u2013-garantiert-standhaft-und-tropffrei.jpg 600w, https:\/\/raum-blick.de\/magazin\/wp-content\/uploads\/2016\/07\/Isolierkanne-\u2013-garantiert-standhaft-und-tropffrei-150x150.jpg 150w, https:\/\/raum-blick.de\/magazin\/wp-content\/uploads\/2016\/07\/Isolierkanne-\u2013-garantiert-standhaft-und-tropffrei-300x300.jpg 300w, https:\/\/raum-blick.de\/magazin\/wp-content\/uploads\/2016\/07\/Isolierkanne-\u2013-garantiert-standhaft-und-tropffrei-200x200.jpg 200w\" sizes=\"(max-width: 600px) 100vw, 600px\" \/><\/p>\n<h2><span class=\"ez-toc-section\" id=\"Salonfaehiger_Tischgrill\"><\/span>Salonf\u00e4higer Tischgrill<span class=\"ez-toc-section-end\"><\/span><\/h2>\n<p style=\"text-align: justify;\"><img loading=\"lazy\" decoding=\"async\" class=\"alignright wp-image-592 size-full\" title=\"eva solo Tischgrill: Leicht zu transportieren | Design: Claus Jensen, Henrik Holb\u00e6k\" src=\"https:\/\/www.raum-blick.de\/magazin\/wp-content\/uploads\/2016\/07\/eva-solo-Tischgrill.jpg\" alt=\"eva solo Tischgrill\" width=\"270\" height=\"270\" srcset=\"https:\/\/raum-blick.de\/magazin\/wp-content\/uploads\/2016\/07\/eva-solo-Tischgrill.jpg 270w, https:\/\/raum-blick.de\/magazin\/wp-content\/uploads\/2016\/07\/eva-solo-Tischgrill-150x150.jpg 150w, https:\/\/raum-blick.de\/magazin\/wp-content\/uploads\/2016\/07\/eva-solo-Tischgrill-200x200.jpg 200w\" sizes=\"(max-width: 270px) 100vw, 270px\" \/>Neben K\u00fcchenutensilien wie einem Dressingshaker z\u00e4hlt ein Tischgrill zu den Highlights von Eva Solo, f\u00fcr die Tools Design einen Preis erhielt. Die wei\u00dfe Porzellanschale mit praktischem Henkel kann ohne Grilleinsatz zum Beispiel als Salatsch\u00fcssel verwendet werden. Mit dem Kohlebeh\u00e4lter und dem Rost ergibt sich ein elegantes Barbecue direkt auf der Dinner-Tafel. Nach der gem\u00fctlichen Runde mit Spezialit\u00e4ten vom Grill k\u00f6nnen alle zugeh\u00f6rigen K\u00fcchenutensilien inklusive des Kohlebeh\u00e4lters in der Sp\u00fclmaschine gereinigt werden.<\/p>\n<p style=\"text-align: justify;\"><img loading=\"lazy\" decoding=\"async\" class=\"aligncenter wp-image-590 size-full\" title=\"Salonf\u00e4higer Tischgrill\" src=\"https:\/\/www.raum-blick.de\/magazin\/wp-content\/uploads\/2016\/07\/Salonf\u00e4higer-Tischgrill.jpg\" alt=\"Salonf\u00e4higer Tischgrill\" width=\"600\" height=\"600\" srcset=\"https:\/\/raum-blick.de\/magazin\/wp-content\/uploads\/2016\/07\/Salonf\u00e4higer-Tischgrill.jpg 600w, https:\/\/raum-blick.de\/magazin\/wp-content\/uploads\/2016\/07\/Salonf\u00e4higer-Tischgrill-150x150.jpg 150w, https:\/\/raum-blick.de\/magazin\/wp-content\/uploads\/2016\/07\/Salonf\u00e4higer-Tischgrill-300x300.jpg 300w, https:\/\/raum-blick.de\/magazin\/wp-content\/uploads\/2016\/07\/Salonf\u00e4higer-Tischgrill-200x200.jpg 200w\" sizes=\"(max-width: 600px) 100vw, 600px\" \/><\/p>\n<h2><span class=\"ez-toc-section\" id=\"Blumentoepfe_mit_dem_gewissen_Etwas\"><\/span>Blument\u00f6pfe mit dem gewissen Etwas<span class=\"ez-toc-section-end\"><\/span><\/h2>\n<p style=\"text-align: justify;\">Ein weiteres Exempel f\u00fcr clevere Designkonzepte sind die Blument\u00f6pfe von Claus Jensen und Henrik Holb\u00e6k, die im Jahr 2006 die Aufmerksamkeit der Jury beim <img loading=\"lazy\" decoding=\"async\" class=\"alignleft wp-image-602 size-full\" title=\"eva solo Blument\u00f6pfe: selbstbew\u00e4ssernd | Design: Claus Jensen, Henrik Holb\u00e6k\" src=\"https:\/\/www.raum-blick.de\/magazin\/wp-content\/uploads\/2016\/07\/eva-solo-Blument\u00f6pfe.jpg\" alt=\"eva solo Blument\u00f6pfe\" width=\"270\" height=\"270\" srcset=\"https:\/\/raum-blick.de\/magazin\/wp-content\/uploads\/2016\/07\/eva-solo-Blument\u00f6pfe.jpg 270w, https:\/\/raum-blick.de\/magazin\/wp-content\/uploads\/2016\/07\/eva-solo-Blument\u00f6pfe-150x150.jpg 150w, https:\/\/raum-blick.de\/magazin\/wp-content\/uploads\/2016\/07\/eva-solo-Blument\u00f6pfe-200x200.jpg 200w\" sizes=\"(max-width: 270px) 100vw, 270px\" \/>amerikanischen Industrial Design Excellence Award weckten. Die witterungsbest\u00e4ndigen Wohnaccessoires sind sowohl f\u00fcr den Innenraum als auch den Au\u00dfenbereich geeignet. Frostglas und Kunststein fusionieren f\u00fcr ein zeitlos faszinierendes Design, das durch den integrierten Docht funktional brillant ist. Im unteren Element wird Wasser eingef\u00fcllt und in die Erde geleitet, die sich in dem oberen Gef\u00e4\u00df befindet. So erledigt sich f\u00fcr mehr als eine Woche das Gie\u00dfen der Pflanzen. Von au\u00dfen ist leicht ersichtlich, wenn der Wasservorrat zuneige geht und das Frostglas erneut bef\u00fcllt werden muss. Im Kern ging es auch bei dieser Designidee um K\u00fcchenutensilien, denn die Blument\u00f6pfe von Eva Solo eignen sich wunderbar f\u00fcr das Anpflanzen diverser Kr\u00e4uter.<\/p>\n<p style=\"text-align: justify;\"><img loading=\"lazy\" decoding=\"async\" class=\"aligncenter wp-image-600 size-full\" title=\"Blument\u00f6pfe mit dem gewissen Etwas\" src=\"https:\/\/www.raum-blick.de\/magazin\/wp-content\/uploads\/2016\/07\/Blument\u00f6pfe-mit-dem-gewissen-Etwas.jpg\" alt=\"Blument\u00f6pfe mit dem gewissen Etwas\" width=\"600\" height=\"600\" srcset=\"https:\/\/raum-blick.de\/magazin\/wp-content\/uploads\/2016\/07\/Blument\u00f6pfe-mit-dem-gewissen-Etwas.jpg 600w, https:\/\/raum-blick.de\/magazin\/wp-content\/uploads\/2016\/07\/Blument\u00f6pfe-mit-dem-gewissen-Etwas-150x150.jpg 150w, https:\/\/raum-blick.de\/magazin\/wp-content\/uploads\/2016\/07\/Blument\u00f6pfe-mit-dem-gewissen-Etwas-300x300.jpg 300w, https:\/\/raum-blick.de\/magazin\/wp-content\/uploads\/2016\/07\/Blument\u00f6pfe-mit-dem-gewissen-Etwas-200x200.jpg 200w\" sizes=\"(max-width: 600px) 100vw, 600px\" \/><\/p>\n","protected":false},"excerpt":{"rendered":"<p>\u00ab Henrik Holb\u00e6k und Claus Jensen \u2013 ein Designduo im Portr\u00e4t \u00bb Dass Henrik Holb\u00e6k und Claus Jensen mit ihren Entw\u00fcrfen f\u00fcr eine Karaffe, eine Isolierkanne oder einen M\u00fclleimer am laufenden Band hochdotierte Designpreise gewinnen, spricht f\u00fcr sich. Dabei \u00fcberzeugen neben der \u00c4sthetik vor allem die genialen Ideen und die Ambition, typisch d\u00e4nisches Design auf [&hellip;]<\/p>\n","protected":false},"author":4,"featured_media":618,"comment_status":"closed","ping_status":"open","sticky":false,"template":"","format":"standard","meta":{"_et_pb_use_builder":"","_et_pb_old_content":"","_et_gb_content_width":"","inline_featured_image":false,"footnotes":""},"categories":[8],"tags":[14,51,18,33,61,60,11,62,27],"class_list":["post-558","post","type-post","status-publish","format-standard","has-post-thumbnail","hentry","category-features","tag-ausstattung","tag-blumentoepfe","tag-eva-solo","tag-garten","tag-isolierkannen","tag-karaffen","tag-kuechenhelfer","tag-tischgrill","tag-wohnaccessoires"],"_links":{"self":[{"href":"https:\/\/raum-blick.de\/magazin\/wp-json\/wp\/v2\/posts\/558","targetHints":{"allow":["GET"]}}],"collection":[{"href":"https:\/\/raum-blick.de\/magazin\/wp-json\/wp\/v2\/posts"}],"about":[{"href":"https:\/\/raum-blick.de\/magazin\/wp-json\/wp\/v2\/types\/post"}],"author":[{"embeddable":true,"href":"https:\/\/raum-blick.de\/magazin\/wp-json\/wp\/v2\/users\/4"}],"replies":[{"embeddable":true,"href":"https:\/\/raum-blick.de\/magazin\/wp-json\/wp\/v2\/comments?post=558"}],"version-history":[{"count":47,"href":"https:\/\/raum-blick.de\/magazin\/wp-json\/wp\/v2\/posts\/558\/revisions"}],"predecessor-version":[{"id":20942,"href":"https:\/\/raum-blick.de\/magazin\/wp-json\/wp\/v2\/posts\/558\/revisions\/20942"}],"wp:featuredmedia":[{"embeddable":true,"href":"https:\/\/raum-blick.de\/magazin\/wp-json\/wp\/v2\/media\/618"}],"wp:attachment":[{"href":"https:\/\/raum-blick.de\/magazin\/wp-json\/wp\/v2\/media?parent=558"}],"wp:term":[{"taxonomy":"category","embeddable":true,"href":"https:\/\/raum-blick.de\/magazin\/wp-json\/wp\/v2\/categories?post=558"},{"taxonomy":"post_tag","embeddable":true,"href":"https:\/\/raum-blick.de\/magazin\/wp-json\/wp\/v2\/tags?post=558"}],"curies":[{"name":"wp","href":"https:\/\/api.w.org\/{rel}","templated":true}]}}