{"id":5509,"date":"2018-04-25T10:22:36","date_gmt":"2018-04-25T08:22:36","guid":{"rendered":"https:\/\/www.raum-blick.de\/magazin\/?p=5509"},"modified":"2024-09-17T14:16:42","modified_gmt":"2024-09-17T12:16:42","slug":"wanddeko-ideen","status":"publish","type":"post","link":"https:\/\/raum-blick.de\/magazin\/wanddeko-ideen\/","title":{"rendered":"Kreative Wanddeko-Ideen im Wohnzimmer"},"content":{"rendered":"<p style=\"text-align: justify;\"><strong>Gewiss haben Sie ein grundlegendes Konzept vor Augen, wenn die Gestaltung eines Raumes ansteht. Dabei werden die funktionalen Bed\u00fcrfnisse ebenso ber\u00fccksichtigt wie der pers\u00f6nliche Stil, um geeignete Designm\u00f6bel auszuw\u00e4hlen. So passt das Interieur zu Ihrem Lifestyle und es ergibt sich ein stimmiger Gesamteindruck. Den unverwechselbaren Charme entfaltet Ihr Zuhause allerdings durch die \u00e4sthetischen Details. Hierf\u00fcr sind Accessoires wie Kerzen oder Vasen beliebt, die auf den Tischen und Kommoden platziert werden. Bedeutender als die kleinen Extras sind jedoch ausgefallene Wanddeko-Ideen, wenn Sie das Wohnzimmer bemerkenswert schick einrichten m\u00f6chten. <\/strong><\/p>\n<h2><span class=\"ez-toc-section\" id=\"Deko-Klassiker_fuers_wohnliche_Flair_neu_interpretieren\"><\/span>Deko-Klassiker f\u00fcrs wohnliche Flair neu interpretieren<span class=\"ez-toc-section-end\"><\/span><\/h2>\n<p style=\"text-align: justify;\">Auf dem Esstisch hebt sich ein Blumengesteck hervor, w\u00e4hrend das Usambaraveilchen die Fensterbank und der Gummibaum die Sofaecke belebt: Es z\u00e4hlt zu den bew\u00e4hrten Ideen beim Einrichten, die Wohnwelt mit Pflanzen aufzuwerten. Moderne Innenausstatter beweisen jedoch, dass der Gru\u00df aus dem Garten deutlich extravaganter ausfallen kann. Nachdem vertikale Beete seit einiger Zeit die Landschaftsgestaltung bereichern, erobern die gr\u00fcnen Wanddeko-Ideen nun die Innenr\u00e4ume. In gut sortierten Baum\u00e4rkten finden Sie hierf\u00fcr spezielles Equipment wie rechteckige Montageplatten, auf denen sich pflegeleichte Gattungen wie Moose oder Farne ausbreiten k\u00f6nnen.<\/p><div id=\"ez-toc-container\" class=\"ez-toc-v2_0_82_2 counter-hierarchy ez-toc-counter ez-toc-grey ez-toc-container-direction\">\n<div class=\"ez-toc-title-container\">\n<p class=\"ez-toc-title\" style=\"cursor:inherit\">Was hier auf Sie wartet<\/p>\n<span class=\"ez-toc-title-toggle\"><a href=\"#\" class=\"ez-toc-pull-right ez-toc-btn ez-toc-btn-xs ez-toc-btn-default ez-toc-toggle\" aria-label=\"Toggle Table of Content\"><span class=\"ez-toc-js-icon-con\"><span class=\"\"><span class=\"eztoc-hide\" style=\"display:none;\">Toggle<\/span><span class=\"ez-toc-icon-toggle-span\"><svg style=\"fill: #999;color:#999\" xmlns=\"http:\/\/www.w3.org\/2000\/svg\" class=\"list-377408\" width=\"20px\" height=\"20px\" viewBox=\"0 0 24 24\" fill=\"none\"><path d=\"M6 6H4v2h2V6zm14 0H8v2h12V6zM4 11h2v2H4v-2zm16 0H8v2h12v-2zM4 16h2v2H4v-2zm16 0H8v2h12v-2z\" fill=\"currentColor\"><\/path><\/svg><svg style=\"fill: #999;color:#999\" class=\"arrow-unsorted-368013\" xmlns=\"http:\/\/www.w3.org\/2000\/svg\" width=\"10px\" height=\"10px\" viewBox=\"0 0 24 24\" version=\"1.2\" baseProfile=\"tiny\"><path d=\"M18.2 9.3l-6.2-6.3-6.2 6.3c-.2.2-.3.4-.3.7s.1.5.3.7c.2.2.4.3.7.3h11c.3 0 .5-.1.7-.3.2-.2.3-.5.3-.7s-.1-.5-.3-.7zM5.8 14.7l6.2 6.3 6.2-6.3c.2-.2.3-.5.3-.7s-.1-.5-.3-.7c-.2-.2-.4-.3-.7-.3h-11c-.3 0-.5.1-.7.3-.2.2-.3.5-.3.7s.1.5.3.7z\"\/><\/svg><\/span><\/span><\/span><\/a><\/span><\/div>\n<nav><ul class='ez-toc-list ez-toc-list-level-1 ' ><li class='ez-toc-page-1 ez-toc-heading-level-2'><a class=\"ez-toc-link ez-toc-heading-1\" href=\"https:\/\/raum-blick.de\/magazin\/wanddeko-ideen\/#Deko-Klassiker_fuers_wohnliche_Flair_neu_interpretieren\" >Deko-Klassiker f\u00fcrs wohnliche Flair neu interpretieren<\/a><\/li><li class='ez-toc-page-1 ez-toc-heading-level-2'><a class=\"ez-toc-link ez-toc-heading-2\" href=\"https:\/\/raum-blick.de\/magazin\/wanddeko-ideen\/#Einrichtungsideen_fuer_die_abwechslungsreiche_Wohndekoration\" >Einrichtungsideen f\u00fcr die abwechslungsreiche Wohndekoration<\/a><\/li><li class='ez-toc-page-1 ez-toc-heading-level-2'><a class=\"ez-toc-link ez-toc-heading-3\" href=\"https:\/\/raum-blick.de\/magazin\/wanddeko-ideen\/#Extravagante_Wandgestaltung_mit_urigem_Touch\" >Extravagante Wandgestaltung mit urigem Touch<\/a><\/li><\/ul><\/nav><\/div>\n\n<p><a href=\"https:\/\/www.raum-blick.de\/vitra-sunflower-clock\"><img loading=\"lazy\" decoding=\"async\" class=\"aligncenter wp-image-5530 size-full\" title=\"Sunflower Wall Cocks von Vitra | Design: George Nelson, 1948-1960\" src=\"https:\/\/www.raum-blick.de\/magazin\/wp-content\/uploads\/2018\/05\/vitra-sunflower-clock.jpg\" alt=\"vitra-sunflower-clock\" width=\"600\" height=\"600\" srcset=\"https:\/\/raum-blick.de\/magazin\/wp-content\/uploads\/2018\/05\/vitra-sunflower-clock.jpg 600w, https:\/\/raum-blick.de\/magazin\/wp-content\/uploads\/2018\/05\/vitra-sunflower-clock-150x150.jpg 150w, https:\/\/raum-blick.de\/magazin\/wp-content\/uploads\/2018\/05\/vitra-sunflower-clock-300x300.jpg 300w\" sizes=\"(max-width: 600px) 100vw, 600px\" \/><\/a><\/p>\n<p style=\"text-align: justify;\">Kombinieren Sie den trendbewussten Wandschmuck f\u00fcr Pflanzenliebhaber beispielsweise mit der Sunflower Uhr von <a href=\"https:\/\/www.raum-blick.de\/vitra\/\">Vitra<\/a>, wenn Sie das Wohnzimmer einrichten. Mit der Form und dem hellen Birkenholz zitiert das Design \u00e4hnlich unkonventionell die Natur wie die senkrechte Begr\u00fcnung.<\/p>\n<p><a href=\"https:\/\/www.raum-blick.de\/vitra-eye-clock\"><img loading=\"lazy\" decoding=\"async\" class=\"aligncenter wp-image-5532 size-full\" title=\"Wanduhr Eye Clock von Vitra | Design: George Nelson, 1948-1960\" src=\"https:\/\/www.raum-blick.de\/magazin\/wp-content\/uploads\/2018\/05\/vitra-eye-clock.jpg\" alt=\"vitra-eye-clock\" width=\"600\" height=\"600\" srcset=\"https:\/\/raum-blick.de\/magazin\/wp-content\/uploads\/2018\/05\/vitra-eye-clock.jpg 600w, https:\/\/raum-blick.de\/magazin\/wp-content\/uploads\/2018\/05\/vitra-eye-clock-150x150.jpg 150w, https:\/\/raum-blick.de\/magazin\/wp-content\/uploads\/2018\/05\/vitra-eye-clock-300x300.jpg 300w\" sizes=\"(max-width: 600px) 100vw, 600px\" \/><\/a><\/p>\n<p style=\"text-align: justify;\">George Nelson entwarf die ersten Wanduhren der legend\u00e4ren Kollektion bereits in den 1950er Jahren, zu der auch die aparte &#8222;Eye Clock&#8220; geh\u00f6rt. Durch die un\u00fcbersehbaren Parallelen zum Sinnesorgan lenkt die funktionale Deko das Interesse auf sich. Nutzen Sie diesen Effekt, um einen weiteren Einrichtungsklassiker ins Rampenlicht zu r\u00fccken: die Galerie mit den Lieblingsfotos.<\/p>\n<blockquote>\n<p style=\"text-align: justify;\">Zeitgem\u00e4\u00df wirkt im Umfeld der Designuhr ein puristisches Regal aus naturbelassenem Holz, auf dem Sie einen digitalen Fotorahmen drapieren.<\/p>\n<\/blockquote>\n<p style=\"text-align: justify;\">Mit der modernen Technik pr\u00e4sentieren Sie die Schnappsch\u00fcsse harmonischer als mit einer Vielzahl von Bildern. Zudem k\u00f6nnen Sie regelm\u00e4\u00dfig aktuell Fotodateien aufspielen und die Besucher des Hauses mit neuen Eindr\u00fccken \u00fcberraschen, ohne f\u00fcr die Ver\u00e4nderung viel Zeit zu investieren.<\/p>\n<h2><span class=\"ez-toc-section\" id=\"Einrichtungsideen_fuer_die_abwechslungsreiche_Wohndekoration\"><\/span>Einrichtungsideen f\u00fcr die abwechslungsreiche Wohndekoration<span class=\"ez-toc-section-end\"><\/span><\/h2>\n<p style=\"text-align: justify;\">Wenn Sie eine moderne Geradlinigkeit bevorzugen und die Deko gerne variieren, sind Memoboards interessant. Ein Ensemble mit mehreren Farben eignet sich hervorragend, um eine wei\u00dfe Wand effektvoll aufzulockern. Das Prinzip dieser Wanddeko-Ideen im Wohnzimmer l\u00e4sst sich umkehren, indem Magnetspiegel mit einem kr\u00e4ftigen Anstrich kombiniert werden.<\/p>\n<p><a href=\"https:\/\/www.raum-blick.de\/spiegel-magnettafel-max-100x60-cm\"><img loading=\"lazy\" decoding=\"async\" class=\"aligncenter wp-image-5524 size-full\" title=\"Spiegel Magnettafel von raum-blick | 100x60 cm | Design: J\u00f6rg B\u00f6hler\" src=\"https:\/\/www.raum-blick.de\/magazin\/wp-content\/uploads\/2018\/05\/spiegel-magnettafel-max-100x60-cm.jpg\" alt=\"spiegel-magnettafel-max-100x60-cm\" width=\"600\" height=\"600\" srcset=\"https:\/\/raum-blick.de\/magazin\/wp-content\/uploads\/2018\/05\/spiegel-magnettafel-max-100x60-cm.jpg 600w, https:\/\/raum-blick.de\/magazin\/wp-content\/uploads\/2018\/05\/spiegel-magnettafel-max-100x60-cm-150x150.jpg 150w, https:\/\/raum-blick.de\/magazin\/wp-content\/uploads\/2018\/05\/spiegel-magnettafel-max-100x60-cm-300x300.jpg 300w\" sizes=\"(max-width: 600px) 100vw, 600px\" \/><\/a><\/p>\n<p style=\"text-align: justify;\">Im Trend liegt derzeit zum Beispiel ein sattes Orange, weil die Wandfarbe sowohl belebende als auch behagliche Aspekte hat. Spiegelfl\u00e4chen haben au\u00dferdem eine vorteilhafte Tiefenwirkung, die kleine R\u00e4ume gro\u00dfz\u00fcgiger erscheinen l\u00e4sst. Da die Boards magnetisch und beschriftbar sind, k\u00f6nnen Sie die Deko im Wohnzimmer spontan anders akzentuieren. Vielleicht skizzieren Sie im Fr\u00fchjahr einige Blumen, heften im Sommer Ansichtskarten mit Strandmotiven an oder notieren f\u00fcr die verregneten Herbstwochen motivierende Zitate, um f\u00fcr Abwechslung zu sorgen.<\/p>\n<p><img loading=\"lazy\" decoding=\"async\" class=\"aligncenter wp-image-5521 size-full\" title=\"Mini-Regalsystem &quot;Stacked&quot; von Muuto | Design: Julien De Smedt\" src=\"https:\/\/www.raum-blick.de\/magazin\/wp-content\/uploads\/2018\/05\/muuto-mini-stacked.jpg\" alt=\"muuto-mini-stacked\" width=\"600\" height=\"600\" srcset=\"https:\/\/raum-blick.de\/magazin\/wp-content\/uploads\/2018\/05\/muuto-mini-stacked.jpg 600w, https:\/\/raum-blick.de\/magazin\/wp-content\/uploads\/2018\/05\/muuto-mini-stacked-150x150.jpg 150w, https:\/\/raum-blick.de\/magazin\/wp-content\/uploads\/2018\/05\/muuto-mini-stacked-300x300.jpg 300w\" sizes=\"(max-width: 600px) 100vw, 600px\" \/><\/p>\n<p style=\"text-align: justify;\">F\u00fcr flexible Wanddeko-Ideen im Wohnzimmer ist die Kollektion Stacked von <a href=\"https:\/\/www.raum-blick.de\/muuto\/\">Muuto<\/a> ebenfalls ideal. Aus den offenen Einheiten mit farbiger R\u00fcckwand und den Modulen mit T\u00fcr l\u00e4sst sich problemlos ein individuelles Lowboard zaubern. Die kleineren Ausf\u00fchrungen des Systems montieren Sie als locker arrangiertes Potpourri dar\u00fcber. So avanciert das praktische Mobiliar f\u00fcr den ben\u00f6tigten Stauraum zur au\u00dfergew\u00f6hnlichen Wanddeko. Die F\u00e4cher auf Augenh\u00f6he k\u00f6nnen Sie bei der Grundausstattung mit Accessoires wie den Tierfiguren von <a href=\"https:\/\/www.raum-blick.de\/kay-bojesen\/\">Kay Bojesen<\/a> best\u00fccken. Passend zur Jahreszeit ver\u00e4ndern Sie die Dekoration.<\/p>\n<p><img loading=\"lazy\" decoding=\"async\" class=\"aligncenter wp-image-5527 size-full\" title=\"Holz-Figur &quot;Fahnentr\u00e4ger&quot; von Kay Bojesen | Design: Kay Bojesen\" src=\"https:\/\/www.raum-blick.de\/magazin\/wp-content\/uploads\/2018\/05\/kay-bojesen-fahnentraeger.jpg\" alt=\"kay-bojesen-fahnentraeger\" width=\"600\" height=\"600\" srcset=\"https:\/\/raum-blick.de\/magazin\/wp-content\/uploads\/2018\/05\/kay-bojesen-fahnentraeger.jpg 600w, https:\/\/raum-blick.de\/magazin\/wp-content\/uploads\/2018\/05\/kay-bojesen-fahnentraeger-150x150.jpg 150w, https:\/\/raum-blick.de\/magazin\/wp-content\/uploads\/2018\/05\/kay-bojesen-fahnentraeger-300x300.jpg 300w\" sizes=\"(max-width: 600px) 100vw, 600px\" \/><\/p>\n<p style=\"text-align: justify;\">Stellen Sie zum Beispiel das Strandgut von der Sommerreise oder die geschnitzten Engel aus, die im malerischen Wintersportort Ihr Herz eroberten. Durch das Wechselspiel kommen Ihre Souvenirs nicht nur besser zur Geltung. Sie vermeiden gleichzeitig, dass sich zu viele Erinnerungsst\u00fccke in den Regalen ansammeln und die Atmosph\u00e4re eher beschweren als bereichern.<\/p>\n<h2><span class=\"ez-toc-section\" id=\"Extravagante_Wandgestaltung_mit_urigem_Touch\"><\/span>Extravagante Wandgestaltung mit urigem Touch<span class=\"ez-toc-section-end\"><\/span><\/h2>\n<p style=\"text-align: justify;\">Charismatisch gemasertes Naturholz pr\u00e4gt das warme Ambiente. Lampen mit wuchtigen Textilschirmen spenden gediegenes Licht f\u00fcr den lauschigen Abend am gemauerten Kamin, in dem das Feuer knistert. Diese klassischen Einrichtungsideen aus Omas Stube sind kaum zu \u00fcbertreffen, wenn es um Gem\u00fctlichkeit geht. Wer sich dieser Meinung anschlie\u00dft, muss sich nicht unbedingt zum rustikalen Lebensstil bekennen. Es ist ebenso m\u00f6glich, die typischen Elemente durch Deko-Ideen aufzugreifen und anheimelnde Assoziationen zu wecken. Gestalten Sie eine Wand mit einer beinahe schwarzen Fototapete in Schieferoptik, um die \u00c4sthetik von Naturstein einzubringen.<\/p>\n<p><a href=\"https:\/\/www.raum-blick.de\/ariette-wand\/deckenleuchte-flos\"><img loading=\"lazy\" decoding=\"async\" class=\"aligncenter wp-image-5512 size-full\" title=\"Wandleuchte &quot;Ariette&quot; von Flos | Design: Tobia Scarpa, 1973\" src=\"https:\/\/www.raum-blick.de\/magazin\/wp-content\/uploads\/2018\/05\/deckenleuchte-flos.jpg\" alt=\"deckenleuchte-flos\" width=\"600\" height=\"600\" srcset=\"https:\/\/raum-blick.de\/magazin\/wp-content\/uploads\/2018\/05\/deckenleuchte-flos.jpg 600w, https:\/\/raum-blick.de\/magazin\/wp-content\/uploads\/2018\/05\/deckenleuchte-flos-150x150.jpg 150w, https:\/\/raum-blick.de\/magazin\/wp-content\/uploads\/2018\/05\/deckenleuchte-flos-300x300.jpg 300w\" sizes=\"(max-width: 600px) 100vw, 600px\" \/><\/a><\/p>\n<p style=\"text-align: justify;\">Die Wandleuchte Ariette von <a href=\"https:\/\/www.raum-blick.de\/flos\/\">Flos<\/a> hebt sich auf dem dunklen Hintergrund nicht nur deutlich hervor. Der quadratische Schirm hat durch seine grobe Textur einen urw\u00fcchsigen Charakter und beg\u00fcnstigt eine besonders sanfte Lichtwirkung.<\/p>\n<p><img loading=\"lazy\" decoding=\"async\" class=\"aligncenter wp-image-5517 size-full\" title=\"Bioethanol Kamin &quot;GAYA&quot; von safretti | Design: Roderick Vos\" src=\"https:\/\/www.raum-blick.de\/magazin\/wp-content\/uploads\/2018\/05\/safretti-gaya.jpg\" alt=\"safretti-gaya\" width=\"600\" height=\"480\" srcset=\"https:\/\/raum-blick.de\/magazin\/wp-content\/uploads\/2018\/05\/safretti-gaya.jpg 600w, https:\/\/raum-blick.de\/magazin\/wp-content\/uploads\/2018\/05\/safretti-gaya-300x240.jpg 300w\" sizes=\"(max-width: 600px) 100vw, 600px\" \/><\/p>\n<p style=\"text-align: justify;\">Erg\u00e4nzen Sie in einem anderen Winkel des Raums innovative Wanddeko-Ideen, die das spannende Spiel der Flammen inszenieren. Roderick Vos entwarf f\u00fcr <a href=\"https:\/\/www.raum-blick.de\/safretti\/\">Safretti<\/a> den puristischen Bioethanolkamin, bei dem das Feuer wie ein Kunstwerk anmutet.<\/p>\n<p><img loading=\"lazy\" decoding=\"async\" class=\"aligncenter wp-image-5519 size-full\" title=\"Hocker Forest Tree Seat von MeroWings | fotorealistischer Holzdruck Cotton\" src=\"https:\/\/www.raum-blick.de\/magazin\/wp-content\/uploads\/2018\/05\/merowings-forest-tree-seat.jpg\" alt=\"merowings-forest-tree-seat\" width=\"600\" height=\"600\" srcset=\"https:\/\/raum-blick.de\/magazin\/wp-content\/uploads\/2018\/05\/merowings-forest-tree-seat.jpg 600w, https:\/\/raum-blick.de\/magazin\/wp-content\/uploads\/2018\/05\/merowings-forest-tree-seat-150x150.jpg 150w, https:\/\/raum-blick.de\/magazin\/wp-content\/uploads\/2018\/05\/merowings-forest-tree-seat-300x300.jpg 300w\" sizes=\"(max-width: 600px) 100vw, 600px\" \/><\/p>\n<p style=\"text-align: justify;\">Die moderne Interpretation der gediegenen Wohnstube runden die Hocker mit Baumstamm-Optik von MeroWings vortrefflich ab, die Sie vor der lodernden Wanddeko arrangieren k\u00f6nnen. Schon f\u00fchlen Sie sich in entspannten Momenten wie bei einer verdienten Wanderpause in der idyllischen Almh\u00fctte. Gleichzeitig wirkt Ihr Wohnzimmer durch die Deko enorm schick, wenn Sie beim Interieur auf Designm\u00f6bel mit k\u00fchler Eleganz und klaren Linien setzen.<\/p>\n","protected":false},"excerpt":{"rendered":"<p>Gewiss haben Sie ein grundlegendes Konzept vor Augen, wenn die Gestaltung eines Raumes ansteht. Dabei werden die funktionalen Bed\u00fcrfnisse ebenso ber\u00fccksichtigt wie der pers\u00f6nliche Stil, um geeignete Designm\u00f6bel auszuw\u00e4hlen. So passt das Interieur zu Ihrem Lifestyle und es ergibt sich ein stimmiger Gesamteindruck. Den unverwechselbaren Charme entfaltet Ihr Zuhause allerdings durch die \u00e4sthetischen Details. Hierf\u00fcr [&hellip;]<\/p>\n","protected":false},"author":4,"featured_media":5535,"comment_status":"closed","ping_status":"open","sticky":false,"template":"","format":"standard","meta":{"_et_pb_use_builder":"","_et_pb_old_content":"","_et_gb_content_width":"","inline_featured_image":false,"footnotes":""},"categories":[1],"tags":[137,342,449,160,239,138,520,590,592,208,25,591,285],"class_list":["post-5509","post","type-post","status-publish","format-standard","has-post-thumbnail","hentry","category-drinnen","tag-bioethanol-kamine","tag-dekoration","tag-einrichtungsideen","tag-magnetspiegel","tag-muuto","tag-safretti","tag-vitra","tag-wanddeko","tag-wandgestaltung","tag-wandleuchten","tag-wandregale","tag-wanduhren","tag-wohnzimmer"],"_links":{"self":[{"href":"https:\/\/raum-blick.de\/magazin\/wp-json\/wp\/v2\/posts\/5509","targetHints":{"allow":["GET"]}}],"collection":[{"href":"https:\/\/raum-blick.de\/magazin\/wp-json\/wp\/v2\/posts"}],"about":[{"href":"https:\/\/raum-blick.de\/magazin\/wp-json\/wp\/v2\/types\/post"}],"author":[{"embeddable":true,"href":"https:\/\/raum-blick.de\/magazin\/wp-json\/wp\/v2\/users\/4"}],"replies":[{"embeddable":true,"href":"https:\/\/raum-blick.de\/magazin\/wp-json\/wp\/v2\/comments?post=5509"}],"version-history":[{"count":23,"href":"https:\/\/raum-blick.de\/magazin\/wp-json\/wp\/v2\/posts\/5509\/revisions"}],"predecessor-version":[{"id":21014,"href":"https:\/\/raum-blick.de\/magazin\/wp-json\/wp\/v2\/posts\/5509\/revisions\/21014"}],"wp:featuredmedia":[{"embeddable":true,"href":"https:\/\/raum-blick.de\/magazin\/wp-json\/wp\/v2\/media\/5535"}],"wp:attachment":[{"href":"https:\/\/raum-blick.de\/magazin\/wp-json\/wp\/v2\/media?parent=5509"}],"wp:term":[{"taxonomy":"category","embeddable":true,"href":"https:\/\/raum-blick.de\/magazin\/wp-json\/wp\/v2\/categories?post=5509"},{"taxonomy":"post_tag","embeddable":true,"href":"https:\/\/raum-blick.de\/magazin\/wp-json\/wp\/v2\/tags?post=5509"}],"curies":[{"name":"wp","href":"https:\/\/api.w.org\/{rel}","templated":true}]}}