{"id":5376,"date":"2018-04-13T12:04:41","date_gmt":"2018-04-13T10:04:41","guid":{"rendered":"https:\/\/www.raum-blick.de\/magazin\/?p=5376"},"modified":"2024-08-28T11:37:16","modified_gmt":"2024-08-28T09:37:16","slug":"design-beistelltische-rund","status":"publish","type":"post","link":"https:\/\/raum-blick.de\/magazin\/design-beistelltische-rund\/","title":{"rendered":"Die sch\u00f6nsten Design-Beistelltische in runder Form"},"content":{"rendered":"<p style=\"text-align: justify;\"><strong>Sofas, Betten und Schr\u00e4nke von trendbewussten Kollektionen haben oft eine Gemeinsamkeit: Sie bekennen sich zur geradlinigen \u00c4sthetik und zu vorwiegend rechteckigen Formen. Nicht ohne Grund sind viele Design-Beistelltische rund konzeptioniert. So k\u00f6nnen Sie an der geometrischen Klarheit moderner Einrichtungsideen festhalten und f\u00fcr auflockernde Kontraste sorgen. Da sich viele Tische au\u00dferdem durch unkonventionelle Details oder ausdrucksstarke Materialien hervorheben, vereinen sie gekonnt den Wunsch nach einem spannenden Blickfang mit der praktischen Ausstattung. Von den typischen Eigenschaften der Kleinm\u00f6bel k\u00f6nnen Sie bei der individuellen Gestaltung aller Wohnr\u00e4ume profitieren.<\/strong><\/p>\n<h2><span class=\"ez-toc-section\" id=\"Marmortisch_fuer_die_elegante_Flurdekoration\"><\/span>Marmortisch f\u00fcr die elegante Flurdekoration<span class=\"ez-toc-section-end\"><\/span><\/h2>\n<p style=\"text-align: justify;\">Zu den vielen praktischen Bed\u00fcrfnissen gesellt sich bei der Flurgestaltung der Wunsch, Besucher stilvoll zu empfangen. Da das Platzangebot \u00fcberschaubar ist, schmiegen sich clever durchdachte Garderobensysteme eng an die Wand. Kleinm\u00f6bel erg\u00e4nzen nicht nur die funktionale Einrichtung. Sie geh\u00f6ren zu den wenigen Objekten, die frei im Raum platziert werden und deshalb umgehend das Interesse auf sich lenken. Dieser Hauptrolle sollte ein Beistelltisch f\u00fcr den Eingangsbereich gerecht werden. Viel zu selten taucht beim modernen M\u00f6beldesign Marmor auf. Denn durch den nat\u00fcrlichen Ursprung, die edle Aura und die k\u00fchle Textur von Stein ist das Material sehr ausdrucksstark.<\/p><div id=\"ez-toc-container\" class=\"ez-toc-v2_0_82_2 counter-hierarchy ez-toc-counter ez-toc-grey ez-toc-container-direction\">\n<div class=\"ez-toc-title-container\">\n<p class=\"ez-toc-title\" style=\"cursor:inherit\">Was hier auf Sie wartet<\/p>\n<span class=\"ez-toc-title-toggle\"><a href=\"#\" class=\"ez-toc-pull-right ez-toc-btn ez-toc-btn-xs ez-toc-btn-default ez-toc-toggle\" aria-label=\"Toggle Table of Content\"><span class=\"ez-toc-js-icon-con\"><span class=\"\"><span class=\"eztoc-hide\" style=\"display:none;\">Toggle<\/span><span class=\"ez-toc-icon-toggle-span\"><svg style=\"fill: #999;color:#999\" xmlns=\"http:\/\/www.w3.org\/2000\/svg\" class=\"list-377408\" width=\"20px\" height=\"20px\" viewBox=\"0 0 24 24\" fill=\"none\"><path d=\"M6 6H4v2h2V6zm14 0H8v2h12V6zM4 11h2v2H4v-2zm16 0H8v2h12v-2zM4 16h2v2H4v-2zm16 0H8v2h12v-2z\" fill=\"currentColor\"><\/path><\/svg><svg style=\"fill: #999;color:#999\" class=\"arrow-unsorted-368013\" xmlns=\"http:\/\/www.w3.org\/2000\/svg\" width=\"10px\" height=\"10px\" viewBox=\"0 0 24 24\" version=\"1.2\" baseProfile=\"tiny\"><path d=\"M18.2 9.3l-6.2-6.3-6.2 6.3c-.2.2-.3.4-.3.7s.1.5.3.7c.2.2.4.3.7.3h11c.3 0 .5-.1.7-.3.2-.2.3-.5.3-.7s-.1-.5-.3-.7zM5.8 14.7l6.2 6.3 6.2-6.3c.2-.2.3-.5.3-.7s-.1-.5-.3-.7c-.2-.2-.4-.3-.7-.3h-11c-.3 0-.5.1-.7.3-.2.2-.3.5-.3.7s.1.5.3.7z\"\/><\/svg><\/span><\/span><\/span><\/a><\/span><\/div>\n<nav><ul class='ez-toc-list ez-toc-list-level-1 ' ><li class='ez-toc-page-1 ez-toc-heading-level-2'><a class=\"ez-toc-link ez-toc-heading-1\" href=\"https:\/\/raum-blick.de\/magazin\/design-beistelltische-rund\/#Marmortisch_fuer_die_elegante_Flurdekoration\" >Marmortisch f\u00fcr die elegante Flurdekoration<\/a><\/li><li class='ez-toc-page-1 ez-toc-heading-level-2'><a class=\"ez-toc-link ez-toc-heading-2\" href=\"https:\/\/raum-blick.de\/magazin\/design-beistelltische-rund\/#Flexibles_Ensemble_fuer_gemuetliche_Stunden\" >Flexibles Ensemble f\u00fcr gem\u00fctliche Stunden<\/a><\/li><li class='ez-toc-page-1 ez-toc-heading-level-2'><a class=\"ez-toc-link ez-toc-heading-3\" href=\"https:\/\/raum-blick.de\/magazin\/design-beistelltische-rund\/#Keine_Kleinmoebel_Farbtupfer_fuers_junge_Wohnen\" >Keine Kleinm\u00f6bel: Farbtupfer f\u00fcrs junge Wohnen<\/a><\/li><li class='ez-toc-page-1 ez-toc-heading-level-2'><a class=\"ez-toc-link ez-toc-heading-4\" href=\"https:\/\/raum-blick.de\/magazin\/design-beistelltische-rund\/#Schicke_Alleskoenner_fuer_individuelle_Einrichtungsideen\" >Schicke Allesk\u00f6nner f\u00fcr individuelle Einrichtungsideen<\/a><\/li><\/ul><\/nav><\/div>\n\n<p><a href=\"https:\/\/www.raum-blick.de\/ferm-living-marble-table\"><img loading=\"lazy\" decoding=\"async\" class=\"aligncenter wp-image-5411 size-full\" title=\"Runder Design-Beistelltisch von ferm Living: Marble Table\" src=\"https:\/\/www.raum-blick.de\/magazin\/wp-content\/uploads\/2018\/05\/ferm-living-marble-table.jpg\" alt=\"ferm-living-marble-table\" width=\"600\" height=\"796\" srcset=\"https:\/\/raum-blick.de\/magazin\/wp-content\/uploads\/2018\/05\/ferm-living-marble-table.jpg 600w, https:\/\/raum-blick.de\/magazin\/wp-content\/uploads\/2018\/05\/ferm-living-marble-table-226x300.jpg 226w\" sizes=\"(max-width: 600px) 100vw, 600px\" \/><\/a><\/p>\n<p style=\"text-align: justify;\">Gl\u00fccklicherweise erinnert sich die skandinavische Marke <a href=\"https:\/\/www.raum-blick.de\/ferm-living\/\">ferm Living<\/a> an die effektvolle \u00c4sthetik bei ihrer runden Tischkollektion, die massiven Marmorplatten in braunen Erdt\u00f6nen das Rampenlicht einr\u00e4umt. Stellen Sie den Designtisch ohne Dekoration neben einer Bank oder einem Hocker. So freuen Sie sich \u00fcber eine freie Fl\u00e4che, auf der Sie beim Ankleiden vor\u00fcbergehend Accessoires ablegen k\u00f6nnen. Gleichzeitig kommt das marmorierte Naturmaterial durch die pure Pr\u00e4sentation besonders gut zur Geltung und verleiht dem Flur einen eleganten Touch.<\/p>\n<h2><span class=\"ez-toc-section\" id=\"Flexibles_Ensemble_fuer_gemuetliche_Stunden\"><\/span>Flexibles Ensemble f\u00fcr gem\u00fctliche Stunden<span class=\"ez-toc-section-end\"><\/span><\/h2>\n<p style=\"text-align: justify;\">Wer einen kritischen Blick auf die Sofagarnitur und Schr\u00e4nke im Wohnzimmer wirft, erkennt h\u00f6chstwahrscheinlich die Dominanz der rechteckigen Formsprache. Bleibt das erg\u00e4nzende Interieur der kantigen Geometrie treu, kann die Raumgestaltung zu sachlich oder einf\u00e4ltig anmuten. Dem entgegen wirkt das Flair sofort dynamischer, wenn die Design-Beistelltische rund sind. Interessant ist aber nicht nur die abweichende Form der Kleinm\u00f6bel. Das kompakte Design ebnet spontanen Ver\u00e4nderungen den Weg und optimiert die Funktionalit\u00e4t.<\/p>\n<p><a href=\"https:\/\/www.raum-blick.de\/notre-monde-tablett-xl-rund\"><img loading=\"lazy\" decoding=\"async\" class=\"aligncenter wp-image-5409 size-full\" title=\"Rundes Tablett in verschiedenen Ausf\u00fchrungen von Notre Monde: XL\" src=\"https:\/\/www.raum-blick.de\/magazin\/wp-content\/uploads\/2018\/05\/notre-monde-tablett-xl-rund.jpg\" alt=\"notre-monde-tablett-xl-rund\" width=\"600\" height=\"600\" srcset=\"https:\/\/raum-blick.de\/magazin\/wp-content\/uploads\/2018\/05\/notre-monde-tablett-xl-rund.jpg 600w, https:\/\/raum-blick.de\/magazin\/wp-content\/uploads\/2018\/05\/notre-monde-tablett-xl-rund-150x150.jpg 150w, https:\/\/raum-blick.de\/magazin\/wp-content\/uploads\/2018\/05\/notre-monde-tablett-xl-rund-300x300.jpg 300w\" sizes=\"(max-width: 600px) 100vw, 600px\" \/><\/a><\/p>\n<p style=\"text-align: justify;\">Gewiss kennen Sie dieses Manko: Der wuchtige Couchtisch bietet theoretisch eine gro\u00dfe Abstellfl\u00e4che. Trotzdem deckt er nicht alle Sitzpl\u00e4tze in der Sofalandschaft ab. Unbequeme Verrenkungen beim Greifen nach Getr\u00e4nken oder Snacks sind die Quintessenz. Dieses Problem l\u00e4sst sich leicht l\u00f6sen, indem Sie vom klassischen Einrichtungskonzept abweichen und stattdessen mehrere runde Tische locker in der Sofaecke arrangieren.<\/p>\n<p><center><a href=\"https:\/\/www.raum-blick.de\/notre-monde-tisch-set-l-und-xl-rund-niedrig\"><img loading=\"lazy\" decoding=\"async\" class=\"alignnone wp-image-5402 size-full\" title=\"Runder, niedriger Design-Beistelltisch ohne Tablett von Notre Monde im Set: L + XL\" src=\"https:\/\/www.raum-blick.de\/magazin\/wp-content\/uploads\/2018\/05\/notre-monde-tisch-set-l-und-xl-rund-niedrig.jpg\" alt=\"notre-monde-tisch-set-l-und-xl-rund-niedrig\" width=\"300\" height=\"230\" \/><\/a> <a href=\"https:\/\/www.raum-blick.de\/notre-monde-tisch-xl-rund-niedrig\"><img loading=\"lazy\" decoding=\"async\" class=\"alignnone wp-image-5403 size-full\" title=\"Runder, niedriger Design-Beistelltisch ohne Tablett von Notre Monde: XL\" src=\"https:\/\/www.raum-blick.de\/magazin\/wp-content\/uploads\/2018\/05\/notre-monde-tisch-xl-rund-niedrig.jpg\" alt=\"notre-monde-tisch-xl-rund-niedrig\" width=\"300\" height=\"230\" \/><\/a><\/center><\/p>\n<p style=\"text-align: justify;\">F\u00fcr den Mittelpunkt des Geschehens empfehlen sich die niedrigen Beistelltische von <a href=\"https:\/\/www.raum-blick.de\/notre-monde\/\">Notre Monde<\/a>. Das grazile Design aus Metall kommt dem luftigen Ambiente zugute und erm\u00f6glicht Ihnen, die Positionen des Duos passend zum Bedarf zu variieren. Eventuell f\u00fcgen Sie im n\u00e4heren Umfeld das hohe Set der Marke hinzu, das sich im Alltag f\u00fcr dekorative Accessoires wie Kerzen anbietet. K\u00fcndigen sich G\u00e4ste an, erweitern Sie damit geschickt die Tischfl\u00e4chen f\u00fcr die gesellige Runde.<\/p>\n<p><a href=\"https:\/\/www.raum-blick.de\/notre-monde-tisch-s-rund-hoch\"><img loading=\"lazy\" decoding=\"async\" class=\"aligncenter wp-image-5407 size-full\" title=\"Runder, hoher Design-Beistelltisch ohne Tablett von Notre Monde: S\" src=\"https:\/\/www.raum-blick.de\/magazin\/wp-content\/uploads\/2018\/05\/notre-monde-tisch-s-rund-hoch.jpg\" alt=\"notre-monde-tisch-s-rund-hoch\" width=\"600\" height=\"600\" srcset=\"https:\/\/raum-blick.de\/magazin\/wp-content\/uploads\/2018\/05\/notre-monde-tisch-s-rund-hoch.jpg 600w, https:\/\/raum-blick.de\/magazin\/wp-content\/uploads\/2018\/05\/notre-monde-tisch-s-rund-hoch-150x150.jpg 150w, https:\/\/raum-blick.de\/magazin\/wp-content\/uploads\/2018\/05\/notre-monde-tisch-s-rund-hoch-300x300.jpg 300w\" sizes=\"(max-width: 600px) 100vw, 600px\" \/><\/a><\/p>\n<p style=\"text-align: justify;\">In diesen Momenten erschlie\u00dft sich der praktische Clou der Kollektion: Die Beistelltische verschmelzen mit den extravaganten Tabletts des Herstellers zur \u00e4sthetischen Einheit. Darauf k\u00f6nnen Sie die Drinks oder H\u00e4ppchen ansprechend pr\u00e4sentieren und sparen sich beim Abr\u00e4umen einige Handgriffe.<\/p>\n<h2><span class=\"ez-toc-section\" id=\"Keine_Kleinmoebel_Farbtupfer_fuers_junge_Wohnen\"><\/span>Keine Kleinm\u00f6bel: Farbtupfer f\u00fcrs junge Wohnen<span class=\"ez-toc-section-end\"><\/span><\/h2>\n<p style=\"text-align: justify;\">Thomas Bentzen entschied sich bei seinen Entw\u00fcrfen f\u00fcr <a href=\"https:\/\/www.raum-blick.de\/muuto\/\">Muuto<\/a> ebenfalls daf\u00fcr, die Design-Beistelltische rund zu gestalten. Mit dem hohen Rand, der an einer Stelle durchbrochen ist, g\u00f6nnt er der harmonischen \u00c4sthetik nicht nur ein markantes Detail. Die Einkerbung ist in vielen Momenten sehr praktisch.<\/p>\n<p><a href=\"https:\/\/www.raum-blick.de\/muuto-around-beistelltisch\"><img loading=\"lazy\" decoding=\"async\" class=\"aligncenter wp-image-5398 size-full\" title=\"Runder Beistelltisch &quot;Around&quot; von Muuto\" src=\"https:\/\/www.raum-blick.de\/magazin\/wp-content\/uploads\/2018\/05\/muuto-around-beistelltisch-rund.jpg\" alt=\"muuto-around-beistelltisch-rund\" width=\"600\" height=\"600\" srcset=\"https:\/\/raum-blick.de\/magazin\/wp-content\/uploads\/2018\/05\/muuto-around-beistelltisch-rund.jpg 600w, https:\/\/raum-blick.de\/magazin\/wp-content\/uploads\/2018\/05\/muuto-around-beistelltisch-rund-150x150.jpg 150w, https:\/\/raum-blick.de\/magazin\/wp-content\/uploads\/2018\/05\/muuto-around-beistelltisch-rund-300x300.jpg 300w\" sizes=\"(max-width: 600px) 100vw, 600px\" \/><\/a><\/p>\n<p style=\"text-align: justify;\">Beispielsweise k\u00f6nnen dar\u00fcber verstreute Kleinteile nach einer Bastelarbeit oder einem Gesellschaftsspiel z\u00fcgig wieder in die Verpackung man\u00f6vriert werden. Da die Tische au\u00dferdem in starken Farben wie Rot oder Gelb angeboten werden, sind sie f\u00fcr die junge Wohnwelt wie geschaffen. Stellen Sie bewusst ein buntes Potpourri f\u00fcr die fr\u00f6hliche Raumgestaltung zusammen. Am Bett ist der vielseitige Beistelltisch aus Skandinavien eine tolle Alternative zum Nachtschrank.<\/p>\n<p><a href=\"https:\/\/www.raum-blick.de\/muuto-around-beistelltisch\"><img loading=\"lazy\" decoding=\"async\" class=\"aligncenter wp-image-5396 size-full\" title=\"Runder Design-Beistelltisch von Muuto: Around\" src=\"https:\/\/www.raum-blick.de\/magazin\/wp-content\/uploads\/2018\/05\/muuto-around-beistelltisch.jpg\" alt=\"muuto-around-beistelltisch\" width=\"600\" height=\"600\" srcset=\"https:\/\/raum-blick.de\/magazin\/wp-content\/uploads\/2018\/05\/muuto-around-beistelltisch.jpg 600w, https:\/\/raum-blick.de\/magazin\/wp-content\/uploads\/2018\/05\/muuto-around-beistelltisch-150x150.jpg 150w, https:\/\/raum-blick.de\/magazin\/wp-content\/uploads\/2018\/05\/muuto-around-beistelltisch-300x300.jpg 300w\" sizes=\"(max-width: 600px) 100vw, 600px\" \/><\/a><\/p>\n<p style=\"text-align: justify;\">Weitere Exemplare k\u00f6nnen die Kids als Couchtisch oder Anrichte nutzen, um Getr\u00e4nke abzustellen oder das Handy abzulegen. Locker im Raum verteilt beleben die modernen Kleinm\u00f6bel das Ambiente. Als Tischgruppe formiert sind sie ein schicker Mittelpunkt f\u00fcr die Plauderstunde mit Freunden.<\/p>\n<h2><span class=\"ez-toc-section\" id=\"Schicke_Alleskoenner_fuer_individuelle_Einrichtungsideen\"><\/span>Schicke Allesk\u00f6nner f\u00fcr individuelle Einrichtungsideen<span class=\"ez-toc-section-end\"><\/span><\/h2>\n<p style=\"text-align: justify;\">Beistelltische haben den Vorteil, dass ihre konkrete Nutzung nicht vorgegeben ist. Vielmehr liegt es bei Ihnen, welche Einrichtungskonzepte Sie mit den schicken Ideen der Designer vollenden. Einer \u00e4sthetischen Punktlandung gleicht der preisgekr\u00f6nte Tisch Trio von Julian Appelius: Die Fl\u00e4chen sind rund und beg\u00fcnstigen einen harmonischen Eindruck. Gleichzeitig wirkt die asymmetrische Anordnung der drei Ebenen exzentrisch und relativiert effektvoll die Gleichf\u00f6rmigkeit.<\/p>\n<p><img loading=\"lazy\" decoding=\"async\" class=\"aligncenter wp-image-5384 size-full\" title=\"Runder Design-Beistelltisch von pulpo: Trio\" src=\"https:\/\/www.raum-blick.de\/magazin\/wp-content\/uploads\/2018\/05\/trio-beistelltisch-pulpo.jpg\" alt=\"trio-beistelltisch-pulpo\" width=\"600\" height=\"600\" srcset=\"https:\/\/raum-blick.de\/magazin\/wp-content\/uploads\/2018\/05\/trio-beistelltisch-pulpo.jpg 600w, https:\/\/raum-blick.de\/magazin\/wp-content\/uploads\/2018\/05\/trio-beistelltisch-pulpo-150x150.jpg 150w, https:\/\/raum-blick.de\/magazin\/wp-content\/uploads\/2018\/05\/trio-beistelltisch-pulpo-300x300.jpg 300w\" sizes=\"(max-width: 600px) 100vw, 600px\" \/><\/p>\n<p style=\"text-align: justify;\">Das dreistufige Designkonzept ist nicht nur optisch attraktiv. Es offeriert eine bemerkenswert gro\u00dfz\u00fcgige und praktisch unterteilte Ablagefl\u00e4che, obwohl der Tisch mit seinen kompakten Ma\u00dfen wenig Platz beansprucht. Schick macht sich das Designobjekt von <a href=\"https:\/\/www.raum-blick.de\/pulpo\/\">Pulpo<\/a> im Schlafzimmer als Nachttisch, um die Leselampe, B\u00fccher und weitere Utensilien unterzubringen. Wenn Sie im B\u00fcro Prospekte pr\u00e4sentieren m\u00f6chten, ist das innovative M\u00f6belst\u00fcck mit der dreifachen Unterteilung ebenfalls ideal.<\/p>\n<p><img loading=\"lazy\" decoding=\"async\" class=\"aligncenter wp-image-5387 size-full\" title=\"Pulpo Beistelltisch &quot;Trio&quot;\" src=\"https:\/\/www.raum-blick.de\/magazin\/wp-content\/uploads\/2018\/05\/pulpo-beistelltisch-trio.jpg\" alt=\"pulpo-beistelltisch-trio\" width=\"600\" height=\"336\" srcset=\"https:\/\/raum-blick.de\/magazin\/wp-content\/uploads\/2018\/05\/pulpo-beistelltisch-trio.jpg 600w, https:\/\/raum-blick.de\/magazin\/wp-content\/uploads\/2018\/05\/pulpo-beistelltisch-trio-300x168.jpg 300w\" sizes=\"(max-width: 600px) 100vw, 600px\" \/><\/p>\n<p style=\"text-align: justify;\">Beim Entwurf der zweifarbigen Tische von <a href=\"https:\/\/www.raum-blick.de\/normann-copenhagen\/\">Normann Copenhagen<\/a> dachte Nicholai Wiig Hansen an den platzsparenden Transport. Denn die drei Beine aus naturbelassener Esche k\u00f6nnen im Handumdrehen in die runde Kunststoffplatte eingesteckt werden. Gleicherma\u00dfen einfach f\u00e4llt logischerweise die Demontage aus. Dieses Detail avanciert im Studentenzimmer zum pfiffigen Clou. Das ist Kleinm\u00f6bel-Design in Reinform. Denn die Einzelteile k\u00f6nnen im Bettkasten des Schafsofas platzsparend verstaut werden. So ergibt sich jenseits der gem\u00fctlichen Stunden mehr Bewegungsfreiheit. Bei Bedarf wird aus den vier Komponenten flink ein Sofatisch f\u00fcr den vergn\u00fcglichen Part des Tages.<\/p>\n<p><img loading=\"lazy\" decoding=\"async\" class=\"aligncenter wp-image-5381 size-full\" title=\"Runder Design-Beistelltisch von Normann Copenhagen: Tablo Table\" src=\"https:\/\/www.raum-blick.de\/magazin\/wp-content\/uploads\/2018\/05\/normann-copenhagen-tisch-tablo-table.jpg\" alt=\"normann-copenhagen-tisch-tablo-table\" width=\"600\" height=\"400\" srcset=\"https:\/\/raum-blick.de\/magazin\/wp-content\/uploads\/2018\/05\/normann-copenhagen-tisch-tablo-table.jpg 600w, https:\/\/raum-blick.de\/magazin\/wp-content\/uploads\/2018\/05\/normann-copenhagen-tisch-tablo-table-300x200.jpg 300w\" sizes=\"(max-width: 600px) 100vw, 600px\" \/><\/p>\n<p style=\"text-align: justify;\">Das Beispiel verdeutlicht: Tische und insbesondere Beistelltische sind ausgesprochen vielseitig und h\u00e4ufig die L\u00f6sung f\u00fcr die optimale Raumgestaltung, nach der Sie suchen.<\/p>\n","protected":false},"excerpt":{"rendered":"<p>Sofas, Betten und Schr\u00e4nke von trendbewussten Kollektionen haben oft eine Gemeinsamkeit: Sie bekennen sich zur geradlinigen \u00c4sthetik und zu vorwiegend rechteckigen Formen. Nicht ohne Grund sind viele Design-Beistelltische rund konzeptioniert. So k\u00f6nnen Sie an der geometrischen Klarheit moderner Einrichtungsideen festhalten und f\u00fcr auflockernde Kontraste sorgen. Da sich viele Tische au\u00dferdem durch unkonventionelle Details oder ausdrucksstarke [&hellip;]<\/p>\n","protected":false},"author":4,"featured_media":5413,"comment_status":"closed","ping_status":"open","sticky":false,"template":"","format":"standard","meta":{"_et_pb_use_builder":"","_et_pb_old_content":"","_et_gb_content_width":"","inline_featured_image":false,"footnotes":""},"categories":[1],"tags":[159,334,206,239,21,581,582,580],"class_list":["post-5376","post","type-post","status-publish","format-standard","has-post-thumbnail","hentry","category-drinnen","tag-beistelltische","tag-design","tag-ferm-living","tag-muuto","tag-normann-copenhagen","tag-notre-monde","tag-pulpo","tag-rund"],"_links":{"self":[{"href":"https:\/\/raum-blick.de\/magazin\/wp-json\/wp\/v2\/posts\/5376","targetHints":{"allow":["GET"]}}],"collection":[{"href":"https:\/\/raum-blick.de\/magazin\/wp-json\/wp\/v2\/posts"}],"about":[{"href":"https:\/\/raum-blick.de\/magazin\/wp-json\/wp\/v2\/types\/post"}],"author":[{"embeddable":true,"href":"https:\/\/raum-blick.de\/magazin\/wp-json\/wp\/v2\/users\/4"}],"replies":[{"embeddable":true,"href":"https:\/\/raum-blick.de\/magazin\/wp-json\/wp\/v2\/comments?post=5376"}],"version-history":[{"count":28,"href":"https:\/\/raum-blick.de\/magazin\/wp-json\/wp\/v2\/posts\/5376\/revisions"}],"predecessor-version":[{"id":20756,"href":"https:\/\/raum-blick.de\/magazin\/wp-json\/wp\/v2\/posts\/5376\/revisions\/20756"}],"wp:featuredmedia":[{"embeddable":true,"href":"https:\/\/raum-blick.de\/magazin\/wp-json\/wp\/v2\/media\/5413"}],"wp:attachment":[{"href":"https:\/\/raum-blick.de\/magazin\/wp-json\/wp\/v2\/media?parent=5376"}],"wp:term":[{"taxonomy":"category","embeddable":true,"href":"https:\/\/raum-blick.de\/magazin\/wp-json\/wp\/v2\/categories?post=5376"},{"taxonomy":"post_tag","embeddable":true,"href":"https:\/\/raum-blick.de\/magazin\/wp-json\/wp\/v2\/tags?post=5376"}],"curies":[{"name":"wp","href":"https:\/\/api.w.org\/{rel}","templated":true}]}}