{"id":5233,"date":"2018-03-20T16:33:05","date_gmt":"2018-03-20T15:33:05","guid":{"rendered":"https:\/\/www.raum-blick.de\/magazin\/?p=5233"},"modified":"2024-08-30T11:59:12","modified_gmt":"2024-08-30T09:59:12","slug":"gaestezimmer-einrichten","status":"publish","type":"post","link":"https:\/\/raum-blick.de\/magazin\/gaestezimmer-einrichten\/","title":{"rendered":"G\u00e4stezimmer einrichten"},"content":{"rendered":"<h2><span class=\"ez-toc-section\" id=\"%C2%AB_Hier_fuehlt_sich_Ihr_Besuch_rundum_wohl_%C2%BB\"><\/span>\u00ab Hier f\u00fchlt sich Ihr Besuch rundum wohl \u00bb<span class=\"ez-toc-section-end\"><\/span><\/h2>\n<p style=\"text-align: justify;\"><strong>Wenn Sie Besuch erwarten, der bei Ihnen \u00fcbernachtet, dann m\u00f6chten Sie selbstverst\u00e4ndlich, dass es ihm an nichts mangelt. Entsprechend muss auch der Schlafbereich f\u00fcr Ihre G\u00e4ste ansprechend und stillvoll gestaltet sein. Wie Sie mit spannenden Einrichtungsideen Ihr G\u00e4stezimmer einrichten und worauf es zu achten gilt, erfahren Sie hier.<\/strong><\/p>\n<h2><span class=\"ez-toc-section\" id=\"Vielseitiges_Interieur_fuer_den_komfortablen_Aufenthalt_%E2%80%93_Einrichtungsideen_die_Gaeste_erfreuen\"><\/span>Vielseitiges Interieur f\u00fcr den komfortablen Aufenthalt \u2013 Einrichtungsideen, die G\u00e4ste erfreuen<span class=\"ez-toc-section-end\"><\/span><\/h2>\n<p style=\"text-align: justify;\">Niemand erwartet, dass Sie f\u00fcr gelegentliche Besucher eine exklusive Unterkunft bereithalten. Wenn Sie mit ausgefallenen Designm\u00f6beln das G\u00e4stezimmer einrichten, ist die Freude \u00fcber den Komfort und das luftige Flair dementsprechend gro\u00df.<\/p><div id=\"ez-toc-container\" class=\"ez-toc-v2_0_82_2 counter-hierarchy ez-toc-counter ez-toc-grey ez-toc-container-direction\">\n<div class=\"ez-toc-title-container\">\n<p class=\"ez-toc-title\" style=\"cursor:inherit\">Was hier auf Sie wartet<\/p>\n<span class=\"ez-toc-title-toggle\"><a href=\"#\" class=\"ez-toc-pull-right ez-toc-btn ez-toc-btn-xs ez-toc-btn-default ez-toc-toggle\" aria-label=\"Toggle Table of Content\"><span class=\"ez-toc-js-icon-con\"><span class=\"\"><span class=\"eztoc-hide\" style=\"display:none;\">Toggle<\/span><span class=\"ez-toc-icon-toggle-span\"><svg style=\"fill: #999;color:#999\" xmlns=\"http:\/\/www.w3.org\/2000\/svg\" class=\"list-377408\" width=\"20px\" height=\"20px\" viewBox=\"0 0 24 24\" fill=\"none\"><path d=\"M6 6H4v2h2V6zm14 0H8v2h12V6zM4 11h2v2H4v-2zm16 0H8v2h12v-2zM4 16h2v2H4v-2zm16 0H8v2h12v-2z\" fill=\"currentColor\"><\/path><\/svg><svg style=\"fill: #999;color:#999\" class=\"arrow-unsorted-368013\" xmlns=\"http:\/\/www.w3.org\/2000\/svg\" width=\"10px\" height=\"10px\" viewBox=\"0 0 24 24\" version=\"1.2\" baseProfile=\"tiny\"><path d=\"M18.2 9.3l-6.2-6.3-6.2 6.3c-.2.2-.3.4-.3.7s.1.5.3.7c.2.2.4.3.7.3h11c.3 0 .5-.1.7-.3.2-.2.3-.5.3-.7s-.1-.5-.3-.7zM5.8 14.7l6.2 6.3 6.2-6.3c.2-.2.3-.5.3-.7s-.1-.5-.3-.7c-.2-.2-.4-.3-.7-.3h-11c-.3 0-.5.1-.7.3-.2.2-.3.5-.3.7s.1.5.3.7z\"\/><\/svg><\/span><\/span><\/span><\/a><\/span><\/div>\n<nav><ul class='ez-toc-list ez-toc-list-level-1 ' ><li class='ez-toc-page-1 ez-toc-heading-level-2'><a class=\"ez-toc-link ez-toc-heading-1\" href=\"https:\/\/raum-blick.de\/magazin\/gaestezimmer-einrichten\/#%C2%AB_Hier_fuehlt_sich_Ihr_Besuch_rundum_wohl_%C2%BB\" >\u00ab Hier f\u00fchlt sich Ihr Besuch rundum wohl \u00bb<\/a><\/li><li class='ez-toc-page-1 ez-toc-heading-level-2'><a class=\"ez-toc-link ez-toc-heading-2\" href=\"https:\/\/raum-blick.de\/magazin\/gaestezimmer-einrichten\/#Vielseitiges_Interieur_fuer_den_komfortablen_Aufenthalt_%E2%80%93_Einrichtungsideen_die_Gaeste_erfreuen\" >Vielseitiges Interieur f\u00fcr den komfortablen Aufenthalt \u2013 Einrichtungsideen, die G\u00e4ste erfreuen<\/a><\/li><li class='ez-toc-page-1 ez-toc-heading-level-2'><a class=\"ez-toc-link ez-toc-heading-3\" href=\"https:\/\/raum-blick.de\/magazin\/gaestezimmer-einrichten\/#Pfiffige_Ideen_fuers_Gepaeck\" >Pfiffige Ideen f\u00fcrs Gep\u00e4ck<\/a><\/li><li class='ez-toc-page-1 ez-toc-heading-level-2'><a class=\"ez-toc-link ez-toc-heading-4\" href=\"https:\/\/raum-blick.de\/magazin\/gaestezimmer-einrichten\/#Einleuchtende_Einrichtungsideen_federleichte_Designleuchten_fuer_einen_Hauch_von_Gemuetlichkeit\" >Einleuchtende Einrichtungsideen: federleichte Designleuchten f\u00fcr einen Hauch von Gem\u00fctlichkeit<\/a><\/li><li class='ez-toc-page-1 ez-toc-heading-level-2'><a class=\"ez-toc-link ez-toc-heading-5\" href=\"https:\/\/raum-blick.de\/magazin\/gaestezimmer-einrichten\/#Details_beim_Einrichten_nicht_vergessen_mehrwertige_Dekoration_fuer_die_warmherzige_Begruessung\" >Details beim Einrichten nicht vergessen: mehrwertige Dekoration f\u00fcr die warmherzige Begr\u00fc\u00dfung<\/a><\/li><\/ul><\/nav><\/div>\n\n<p><img loading=\"lazy\" decoding=\"async\" class=\"aligncenter wp-image-5238 size-full\" title=\"Tojo Bett\" src=\"https:\/\/www.raum-blick.de\/magazin\/wp-content\/uploads\/2018\/04\/Tojo-Bett.jpg\" alt=\"Tojo Bett\" width=\"600\" height=\"300\" srcset=\"https:\/\/raum-blick.de\/magazin\/wp-content\/uploads\/2018\/04\/Tojo-Bett.jpg 600w, https:\/\/raum-blick.de\/magazin\/wp-content\/uploads\/2018\/04\/Tojo-Bett-300x150.jpg 300w\" sizes=\"(max-width: 600px) 100vw, 600px\" \/><\/p>\n<p style=\"text-align: justify;\">Das Tojo Bett beweist Mut zum Minimalismus, um auf kleinstem Raum eine bequeme Schlafoase zu integrieren. F\u00fcr die dauerhafte Ausstattung empfiehlt sich ein Doppelbett des schicken Raumwunders im Futonstil. Wer zugleich auf Familien vorbereitet sein m\u00f6chte, h\u00e4lt ein weiteres Einzelbett der Serie bereit. Denn das clevere Designkonzept erm\u00f6glicht den z\u00fcgigen Aufbau des M\u00f6belst\u00fccks ebenso wie die platzsparende Aufbewahrung. An diesem flexiblen und puristischen Ansatz halten Sie beim weiteren Interieur fest, wenn Sie das Zimmer einrichten.<\/p>\n<p><a href=\"https:\/\/www.raum-blick.de\/skagerak-georg-konsole-tisch\"><img loading=\"lazy\" decoding=\"async\" class=\"aligncenter wp-image-5241 size-full\" title=\"Skagerak Georg Konsole\" src=\"https:\/\/www.raum-blick.de\/magazin\/wp-content\/uploads\/2018\/04\/Skagerak-Georg-Konsole.jpg\" alt=\"Skagerak Georg Konsole\" width=\"600\" height=\"580\" srcset=\"https:\/\/raum-blick.de\/magazin\/wp-content\/uploads\/2018\/04\/Skagerak-Georg-Konsole.jpg 600w, https:\/\/raum-blick.de\/magazin\/wp-content\/uploads\/2018\/04\/Skagerak-Georg-Konsole-300x290.jpg 300w\" sizes=\"(max-width: 600px) 100vw, 600px\" \/><\/a><\/p>\n<p style=\"text-align: justify;\">Christina Liljenberg Halstr\u00f8m verdeutlicht mit ihren Entw\u00fcrfen f\u00fcr die multifunktionale Kollektion Skagerak Georg, dass formal reduzierte Einrichtungsideen eine Augenweide sein k\u00f6nnen. Drei Komponenten gen\u00fcgen der talentierten Designerin f\u00fcr die Konzeption der ausgefallenen Konsole, die als Ablage ebenso genutzt werden kann wie als Schreibtisch.<\/p>\n<p><a href=\"https:\/\/www.raum-blick.de\/skagerak-georg-hocker\"><img loading=\"lazy\" decoding=\"async\" class=\"aligncenter wp-image-5243 size-full\" title=\"Skagerak Georg Hocker\" src=\"https:\/\/www.raum-blick.de\/magazin\/wp-content\/uploads\/2018\/04\/Skagerak-Georg-Hocker.jpg\" alt=\"Skagerak Georg Hocker\" width=\"600\" height=\"575\" srcset=\"https:\/\/raum-blick.de\/magazin\/wp-content\/uploads\/2018\/04\/Skagerak-Georg-Hocker.jpg 600w, https:\/\/raum-blick.de\/magazin\/wp-content\/uploads\/2018\/04\/Skagerak-Georg-Hocker-300x288.jpg 300w\" sizes=\"(max-width: 600px) 100vw, 600px\" \/><\/a><\/p>\n<p style=\"text-align: justify;\">Auf dem passenden Hocker aus Eiche k\u00f6nnen Ihre G\u00e4ste bei einer Pause Platz nehmen. Der Spiegel der skandinavischen M\u00f6belserie ist beim Ankleiden begr\u00fc\u00dfenswert und verleiht dem G\u00e4stezimmer durch die Spiegelreflexe mehr Tiefe.<\/p>\n<p><a href=\"https:\/\/www.raum-blick.de\/skagerak-georg-spiegel\"><img loading=\"lazy\" decoding=\"async\" class=\"aligncenter wp-image-5245 size-full\" title=\"Skagerak Georg Spiegel\" src=\"https:\/\/www.raum-blick.de\/magazin\/wp-content\/uploads\/2018\/04\/Skagerak-Georg-Spiegel.jpg\" alt=\"Skagerak Georg Spiegel\" width=\"600\" height=\"590\" srcset=\"https:\/\/raum-blick.de\/magazin\/wp-content\/uploads\/2018\/04\/Skagerak-Georg-Spiegel.jpg 600w, https:\/\/raum-blick.de\/magazin\/wp-content\/uploads\/2018\/04\/Skagerak-Georg-Spiegel-300x295.jpg 300w\" sizes=\"(max-width: 600px) 100vw, 600px\" \/><\/a><\/p>\n<p style=\"text-align: justify;\">Das Ensemble von Tojo und <a href=\"https:\/\/www.raum-blick.de\/skagerak\/\">Skagerak<\/a> deckt nicht nur alle Bed\u00fcrfnisse der G\u00e4ste ab. Da die pfiffig konzipierten M\u00f6bel nur angelehnt oder aus Bausteinen zusammengef\u00fcgt werden, k\u00f6nnen Sie das Interieur im Handumdrehen passend zum Bedarf anders arrangieren, wenn Sie das G\u00e4stezimmer einrichten und immer wieder im neuen Antlitz erstrahlen lassen m\u00f6chten.<\/p>\n<h2><span class=\"ez-toc-section\" id=\"Pfiffige_Ideen_fuers_Gepaeck\"><\/span>Pfiffige Ideen f\u00fcrs Gep\u00e4ck<span class=\"ez-toc-section-end\"><\/span><\/h2>\n<p style=\"text-align: justify;\">Die modernen Holzm\u00f6bel aus Skandinavien verleihen dem G\u00e4stezimmer eine helle und einladende Atmosph\u00e4re. Der positive Eindruck vertieft sich, wenn die Freunde ihren Koffer auspacken.<\/p>\n<p><img loading=\"lazy\" decoding=\"async\" class=\"aligncenter wp-image-5250 size-full\" title=\"Garderobenstange Swing von LIND DNA\" src=\"https:\/\/www.raum-blick.de\/magazin\/wp-content\/uploads\/2018\/04\/Garderobenstange-Swing-von-LIND-DNA.jpg\" alt=\"Garderobenstange Swing von LIND DNA\" width=\"600\" height=\"500\" srcset=\"https:\/\/raum-blick.de\/magazin\/wp-content\/uploads\/2018\/04\/Garderobenstange-Swing-von-LIND-DNA.jpg 600w, https:\/\/raum-blick.de\/magazin\/wp-content\/uploads\/2018\/04\/Garderobenstange-Swing-von-LIND-DNA-300x250.jpg 300w\" sizes=\"(max-width: 600px) 100vw, 600px\" \/><\/p>\n<p style=\"text-align: justify;\">Der luftigen Extravaganz bei der Raumgestaltung schlie\u00dft sich die Garderobenstange Swing von LIND DNA an, die Sie galant von der Decke herablassen. Umgehend f\u00fchlen sich die Hausg\u00e4ste dazu inspiriert, ihre Anz\u00fcge und Kleider darauf zu drapieren.<\/p>\n<p><img loading=\"lazy\" decoding=\"async\" class=\"aligncenter wp-image-5252 size-full\" title=\"Regal YU von Konstantin Slawinski\" src=\"https:\/\/www.raum-blick.de\/magazin\/wp-content\/uploads\/2018\/04\/Regal-YU-von-Konstantin-Slawinski.jpg\" alt=\"Regal YU von Konstantin Slawinski\" width=\"600\" height=\"330\" srcset=\"https:\/\/raum-blick.de\/magazin\/wp-content\/uploads\/2018\/04\/Regal-YU-von-Konstantin-Slawinski.jpg 600w, https:\/\/raum-blick.de\/magazin\/wp-content\/uploads\/2018\/04\/Regal-YU-von-Konstantin-Slawinski-300x165.jpg 300w\" sizes=\"(max-width: 600px) 100vw, 600px\" \/><\/p>\n<p style=\"text-align: justify;\">Das Regal YU von Konstantin Slawinski frischt mit seinem mehrfarbigen Design das Ambiente auf und lenkt die Aufmerksamkeit auf sich. Es bietet sich f\u00fcr die Unterbringung kleinerer W\u00e4schest\u00fccke oder technischer Utensilien an.<\/p>\n<p><a href=\"https:\/\/www.raum-blick.de\/huk-beistelltisch-mueller-moebelwerkstaetten\"><img loading=\"lazy\" decoding=\"async\" class=\"aligncenter wp-image-5254 size-full\" title=\"Beistelltisch Huk\" src=\"https:\/\/www.raum-blick.de\/magazin\/wp-content\/uploads\/2018\/04\/Beistelltisch-Huk.jpg\" alt=\"Beistelltisch Huk\" width=\"600\" height=\"450\" srcset=\"https:\/\/raum-blick.de\/magazin\/wp-content\/uploads\/2018\/04\/Beistelltisch-Huk.jpg 600w, https:\/\/raum-blick.de\/magazin\/wp-content\/uploads\/2018\/04\/Beistelltisch-Huk-300x225.jpg 300w\" sizes=\"(max-width: 600px) 100vw, 600px\" \/><\/a><\/p>\n<p style=\"text-align: justify;\">Wer m\u00f6chte, legt auf dem Beistelltisch Huk sein Buch f\u00fcr die Nachtlekt\u00fcre ab, der das G\u00e4stebett treffend erg\u00e4nzt. Alternativ eignet sich das Multitalent aus den M\u00fcller M\u00f6belwerkst\u00fccke als Sitzgelegenheit. Wenig sp\u00e4ter f\u00fchlen sich die Besucher bereits wie daheim, wenn Sie derart viel Stauraum im G\u00e4stezimmer einrichten. Schlie\u00dflich gew\u00e4hren Sie mit dem Interieur viel Freiraum, um sich gen\u00fcsslich auszubreiten und die Privatsachen griffbereit abzulegen.<\/p>\n<p><a href=\"https:\/\/www.raum-blick.de\/loca-knax-rustique-garderobe\"><img loading=\"lazy\" decoding=\"async\" class=\"aligncenter wp-image-5258 size-full\" title=\"Garderobe LoCa KNAX Rustique\" src=\"https:\/\/www.raum-blick.de\/magazin\/wp-content\/uploads\/2018\/04\/Garderobe-LoCa-KNAX-Rustique.jpg\" alt=\"Garderobe LoCa KNAX Rustique\" width=\"600\" height=\"400\" srcset=\"https:\/\/raum-blick.de\/magazin\/wp-content\/uploads\/2018\/04\/Garderobe-LoCa-KNAX-Rustique.jpg 600w, https:\/\/raum-blick.de\/magazin\/wp-content\/uploads\/2018\/04\/Garderobe-LoCa-KNAX-Rustique-300x200.jpg 300w\" sizes=\"(max-width: 600px) 100vw, 600px\" \/><\/a><\/p>\n<p style=\"text-align: justify;\">W\u00e4hrend der Blick durch den ansprechend gestalteten Raum schweift, hebt sich das i-T\u00fcpfelchen Ihrer Einrichtungsideen hervor: die <a href=\"https:\/\/www.raum-blick.de\/loca\/\">Garderobe LoCa KNAX<\/a>. Obwohl sich das Wohnaccessoire eng an die Wand schmiegt, \u00fcbertrumpft es durch die vielen ausklappbaren Haken die Funktionalit\u00e4t einiger Garderoben mit wuchtigen Ma\u00dfen. Flink werden Jacken, Taschen und \u00e4hnliche Dinge eingeh\u00e4ngt, bevor Sie sich gemeinsam dem vergn\u00fcglichen Programm des Kurzurlaubs zuwenden.<\/p>\n<h2><span class=\"ez-toc-section\" id=\"Einleuchtende_Einrichtungsideen_federleichte_Designleuchten_fuer_einen_Hauch_von_Gemuetlichkeit\"><\/span>Einleuchtende Einrichtungsideen: federleichte Designleuchten f\u00fcr einen Hauch von Gem\u00fctlichkeit<span class=\"ez-toc-section-end\"><\/span><\/h2>\n<p style=\"text-align: justify;\">Meist ist das Platzangebot im G\u00e4stezimmer begrenzt. Gleichzeitig m\u00fcssen viele Bed\u00fcrfnisse rund um die Gep\u00e4ckaufbewahrung, die Aktivit\u00e4ten w\u00e4hrend des Tages und die Nachtruhe ber\u00fccksichtigt werden. Bewusst setzen Sie deshalb beim Einrichten auf einen geradlinigen Stil, der eher diskret und sachlich ausf\u00e4llt. Damit die Atmosph\u00e4re nicht zu k\u00fchl anmutet, sollten Sie auf gem\u00fctliche Akzente nicht g\u00e4nzlich verzichten. Geschickt verbinden Sie den Wunsch nach Behaglichkeit mit der notwendigen Raumausstattung, wenn Sie auf Leuchten mit kuscheliger Textur setzen.<\/p>\n<p><a href=\"https:\/\/www.raum-blick.de\/vita-eos\"><img loading=\"lazy\" decoding=\"async\" class=\"aligncenter wp-image-5260 size-full\" title=\"Vita EOS Leuchte\" src=\"https:\/\/www.raum-blick.de\/magazin\/wp-content\/uploads\/2018\/04\/Vita-EOS-Leuchte.jpg\" alt=\"Vita EOS Leuchte\" width=\"600\" height=\"600\" srcset=\"https:\/\/raum-blick.de\/magazin\/wp-content\/uploads\/2018\/04\/Vita-EOS-Leuchte.jpg 600w, https:\/\/raum-blick.de\/magazin\/wp-content\/uploads\/2018\/04\/Vita-EOS-Leuchte-150x150.jpg 150w, https:\/\/raum-blick.de\/magazin\/wp-content\/uploads\/2018\/04\/Vita-EOS-Leuchte-300x300.jpg 300w\" sizes=\"(max-width: 600px) 100vw, 600px\" \/><\/a><\/p>\n<p style=\"text-align: justify;\">Die <a href=\"https:\/\/www.raum-blick.de\/vita-eos\">Vita EOS Leuchte<\/a> wird aus unz\u00e4hligen G\u00e4nsefedern gefertigt. Das Material verleiht den Lampen nicht nur einen unkonventionellen Touch. Positive Assoziationen sind beim Anblick des weichen Flaums vorprogrammiert, der in der Natur f\u00fcr den Schutz vor K\u00e4lte gedacht ist. Eine tolle Einrichtungsidee ist es, wenn Sie eine Pendelleuchte als Blickfang in der Mitte des Raums platzieren und um eine Tischlampe neben dem Bett erg\u00e4nzen. So ist f\u00fcr die ben\u00f6tigte Helligkeit bei den abendlichen Lesestunden gesorgt und Sie wecken vor dem Einschlafen angenehme Emotionen.<\/p>\n<p><a href=\"https:\/\/www.raum-blick.de\/eos-leuchte-vita-inkl.-tripod\"><img loading=\"lazy\" decoding=\"async\" class=\"aligncenter wp-image-5262 size-full\" title=\"EOS Leuchte von Vita\" src=\"https:\/\/www.raum-blick.de\/magazin\/wp-content\/uploads\/2018\/04\/EOS-Leuchte-von-Vita.jpg\" alt=\"EOS Leuchte von Vita\" width=\"600\" height=\"600\" srcset=\"https:\/\/raum-blick.de\/magazin\/wp-content\/uploads\/2018\/04\/EOS-Leuchte-von-Vita.jpg 600w, https:\/\/raum-blick.de\/magazin\/wp-content\/uploads\/2018\/04\/EOS-Leuchte-von-Vita-150x150.jpg 150w, https:\/\/raum-blick.de\/magazin\/wp-content\/uploads\/2018\/04\/EOS-Leuchte-von-Vita-300x300.jpg 300w\" sizes=\"(max-width: 600px) 100vw, 600px\" \/><\/a><\/p>\n<p style=\"text-align: justify;\">Denn Ihre Freunde k\u00f6nnen gewiss nicht widerstehen, mit der Hand \u00fcber den gefiederten Schirm zu streichen und sich an dem flauschigen Gef\u00fchl zu erfreuen.<\/p>\n<h2><span class=\"ez-toc-section\" id=\"Details_beim_Einrichten_nicht_vergessen_mehrwertige_Dekoration_fuer_die_warmherzige_Begruessung\"><\/span>Details beim Einrichten nicht vergessen: mehrwertige Dekoration f\u00fcr die warmherzige Begr\u00fc\u00dfung<span class=\"ez-toc-section-end\"><\/span><\/h2>\n<p style=\"text-align: justify;\">Die Designm\u00f6bel kommen dem angenehmen Ambiente ebenso zugute wie dem Wohnkomfort, wenn Sie ein G\u00e4stezimmer einrichten. Mit erg\u00e4nzenden Accessoires tragen Sie hingegen dazu bei, dass der Empfang herzlich und pers\u00f6nlich wirkt. Demnach sind f\u00fcrs dekorative Finish im G\u00e4stezimmer Ideen gefragt, die Ihre Raumgestaltung charmant abrunden.<\/p>\n<p><img loading=\"lazy\" decoding=\"async\" class=\"aligncenter wp-image-5268 size-full\" title=\"Magnettafeln aus Glas von raum-blick\" src=\"https:\/\/www.raum-blick.de\/magazin\/wp-content\/uploads\/2018\/04\/Magnettafeln-aus-Glas-von-raum-blick.jpg\" alt=\"Magnettafeln aus Glas von raum-blick\" width=\"600\" height=\"600\" srcset=\"https:\/\/raum-blick.de\/magazin\/wp-content\/uploads\/2018\/04\/Magnettafeln-aus-Glas-von-raum-blick.jpg 600w, https:\/\/raum-blick.de\/magazin\/wp-content\/uploads\/2018\/04\/Magnettafeln-aus-Glas-von-raum-blick-150x150.jpg 150w, https:\/\/raum-blick.de\/magazin\/wp-content\/uploads\/2018\/04\/Magnettafeln-aus-Glas-von-raum-blick-300x300.jpg 300w\" sizes=\"(max-width: 600px) 100vw, 600px\" \/><\/p>\n<p style=\"text-align: justify;\">Fr\u00f6hliche Farbtupfer steuern <a href=\"https:\/\/www.raum-blick.de\/raum-blick\/\">Magnettafeln aus Glas von raum-blick<\/a> bei, die durch die r\u00e4umlichen Spiegelungen das Flair au\u00dferdem dynamischer erscheinen lassen. Vor der Ankunft drapieren Sie an den Tafeln n\u00fctzliche Infos wie den Zugangscode f\u00fcr Ihr WLAN und notieren einen Willkommensgru\u00df, um den Freunden ein L\u00e4cheln ins Gesicht zu zaubern.<\/p>\n<p><a href=\"https:\/\/www.raum-blick.de\/vitra-uten.silo\"><img loading=\"lazy\" decoding=\"async\" class=\"aligncenter wp-image-5265 size-full\" title=\"Vitra Uten.Silo\" src=\"https:\/\/www.raum-blick.de\/magazin\/wp-content\/uploads\/2018\/04\/Vitra-UtenSilo.jpg\" alt=\"Vitra UtenSilo\" width=\"600\" height=\"600\" srcset=\"https:\/\/raum-blick.de\/magazin\/wp-content\/uploads\/2018\/04\/Vitra-UtenSilo.jpg 600w, https:\/\/raum-blick.de\/magazin\/wp-content\/uploads\/2018\/04\/Vitra-UtenSilo-150x150.jpg 150w, https:\/\/raum-blick.de\/magazin\/wp-content\/uploads\/2018\/04\/Vitra-UtenSilo-300x300.jpg 300w\" sizes=\"(max-width: 600px) 100vw, 600px\" \/><\/a><\/p>\n<p style=\"text-align: justify;\">Dorothee Becker entwarf im Jahr 1969 den Uten.Silo f\u00fcr die Schweizer Marke Vitra. Der Ordnungshelfer ist nicht nur bemerkenswert praktisch f\u00fcr die Organisation kleiner Utensilien. Aufgrund der unkonventionellen \u00c4sthetik ist der Designklassiker interessant f\u00fcr die dekorative Wandgestaltung.<\/p>\n<blockquote>\n<p style=\"text-align: justify;\">Die kleinen F\u00e4cher k\u00f6nnen Sie galant nutzen, um Ihre Gastfreundschaft zu unterstreichen.<\/p>\n<\/blockquote>\n<p style=\"text-align: justify;\">F\u00fcgen Sie hilfreiche Kleinigkeiten wie ein N\u00e4hset oder Taschent\u00fccher und Leckereien wie Schokoriegel oder Kaugummis ein. Durch die zuvorkommenden Extras erhalten Ihre stimmigen Einrichtungsideen eine individuelle Note. So f\u00fchlt sich jeder Gast bei Ihnen im G\u00e4stezimmer wohl, genie\u00dft den Tapetenwechsel und wird von dem angenehmen Kurzurlaub in Ihrem Zuhause noch lange schw\u00e4rmen.<\/p>\n","protected":false},"excerpt":{"rendered":"<p>\u00ab Hier f\u00fchlt sich Ihr Besuch rundum wohl \u00bb Wenn Sie Besuch erwarten, der bei Ihnen \u00fcbernachtet, dann m\u00f6chten Sie selbstverst\u00e4ndlich, dass es ihm an nichts mangelt. Entsprechend muss auch der Schlafbereich f\u00fcr Ihre G\u00e4ste ansprechend und stillvoll gestaltet sein. Wie Sie mit spannenden Einrichtungsideen Ihr G\u00e4stezimmer einrichten und worauf es zu achten gilt, erfahren [&hellip;]<\/p>\n","protected":false},"author":4,"featured_media":5272,"comment_status":"closed","ping_status":"open","sticky":false,"template":"","format":"standard","meta":{"_et_pb_use_builder":"","_et_pb_old_content":"","_et_gb_content_width":"","inline_featured_image":false,"footnotes":""},"categories":[1],"tags":[159,98,464,334,449,331,570,158,152,113,110,26,168,19,151,69,364],"class_list":["post-5233","post","type-post","status-publish","format-standard","has-post-thumbnail","hentry","category-drinnen","tag-beistelltische","tag-beleuchtung","tag-bett","tag-design","tag-einrichtungsideen","tag-garderobe","tag-gaestezimmer","tag-hocker","tag-konsolen","tag-konstantin-slawinski","tag-lind-dna","tag-magnettafeln","tag-regale","tag-skagerak","tag-spiegel","tag-tojo","tag-vita-eos"],"_links":{"self":[{"href":"https:\/\/raum-blick.de\/magazin\/wp-json\/wp\/v2\/posts\/5233","targetHints":{"allow":["GET"]}}],"collection":[{"href":"https:\/\/raum-blick.de\/magazin\/wp-json\/wp\/v2\/posts"}],"about":[{"href":"https:\/\/raum-blick.de\/magazin\/wp-json\/wp\/v2\/types\/post"}],"author":[{"embeddable":true,"href":"https:\/\/raum-blick.de\/magazin\/wp-json\/wp\/v2\/users\/4"}],"replies":[{"embeddable":true,"href":"https:\/\/raum-blick.de\/magazin\/wp-json\/wp\/v2\/comments?post=5233"}],"version-history":[{"count":29,"href":"https:\/\/raum-blick.de\/magazin\/wp-json\/wp\/v2\/posts\/5233\/revisions"}],"predecessor-version":[{"id":20807,"href":"https:\/\/raum-blick.de\/magazin\/wp-json\/wp\/v2\/posts\/5233\/revisions\/20807"}],"wp:featuredmedia":[{"embeddable":true,"href":"https:\/\/raum-blick.de\/magazin\/wp-json\/wp\/v2\/media\/5272"}],"wp:attachment":[{"href":"https:\/\/raum-blick.de\/magazin\/wp-json\/wp\/v2\/media?parent=5233"}],"wp:term":[{"taxonomy":"category","embeddable":true,"href":"https:\/\/raum-blick.de\/magazin\/wp-json\/wp\/v2\/categories?post=5233"},{"taxonomy":"post_tag","embeddable":true,"href":"https:\/\/raum-blick.de\/magazin\/wp-json\/wp\/v2\/tags?post=5233"}],"curies":[{"name":"wp","href":"https:\/\/api.w.org\/{rel}","templated":true}]}}