{"id":5195,"date":"2018-03-14T10:07:00","date_gmt":"2018-03-14T09:07:00","guid":{"rendered":"https:\/\/www.raum-blick.de\/magazin\/?p=5195"},"modified":"2022-04-28T11:33:59","modified_gmt":"2022-04-28T09:33:59","slug":"carl-mertens-besteck","status":"publish","type":"post","link":"https:\/\/raum-blick.de\/magazin\/carl-mertens-besteck\/","title":{"rendered":"Carl Mertens Besteck aus Edelstahl"},"content":{"rendered":"<h2><span class=\"ez-toc-section\" id=\"%C2%AB_Glanzpunkte_an_der_Tafel_%C2%BB\"><\/span>\u00ab Glanzpunkte an der Tafel \u00bb<span class=\"ez-toc-section-end\"><\/span><\/h2>\n<p style=\"text-align: justify;\"><strong>Sowohl bei den allt\u00e4glichen Mahlzeiten als auch beim festlichen Dinner arrangieren Sie an jedem Essplatz Messer, Gabel und L\u00f6ffel. Mit Blick auf die h\u00e4ufige Verwendung ist es w\u00fcnschenswert, dass das Besteck au\u00dfergew\u00f6hnlich sch\u00f6n, praktisch und langlebig ist. Mit dieser Melange \u00fcberzeugen die Kollektionen aus Edelstahl von <\/strong><a href=\"https:\/\/www.raum-blick.de\/carl-mertens\/\"><strong>Carl Mertens<\/strong><\/a><strong>. Die Marke geh\u00f6rt nicht nur zu den traditionsreichen Spezialisten, wenn es um Klassiker f\u00fcr den gedeckten Tisch geht. Das Solinger Unternehmen gibt Ihnen f\u00fcr die feinen Genussmomente hochwertiges Equipment an die Hand, damit Sie Ihre G\u00e4ste mit einem versierten Service \u00fcberraschen.<\/strong><\/p>\n<h2><span class=\"ez-toc-section\" id=\"Erstklassiges_Tafelbesteck_aus_Solingen\"><\/span>Erstklassiges Tafelbesteck aus Solingen<span class=\"ez-toc-section-end\"><\/span><\/h2>\n<p style=\"text-align: justify;\">Beim Kochen verwenden Sie funktional durchdachte Messer f\u00fcr die Vorbereitung der Zutaten. Am Tisch kommen formsch\u00f6ne Accessoires zum Zuge, um die Speisen aus den drapierten Sch\u00fcsseln zu entnehmen. Wenig sp\u00e4ter greifen die G\u00e4ste zum Essbesteck und lassen sich Ihre k\u00f6stlichen Kreationen munden. F\u00fcr alle Phasen des kulinarischen Lebens ist eine Grundausstattung gefragt, auf der nicht selten Solingen als Herkunftsbezeichnung eingraviert ist.<\/p><div id=\"ez-toc-container\" class=\"ez-toc-v2_0_82_2 counter-hierarchy ez-toc-counter ez-toc-grey ez-toc-container-direction\">\n<div class=\"ez-toc-title-container\">\n<p class=\"ez-toc-title\" style=\"cursor:inherit\">Was hier auf Sie wartet<\/p>\n<span class=\"ez-toc-title-toggle\"><a href=\"#\" class=\"ez-toc-pull-right ez-toc-btn ez-toc-btn-xs ez-toc-btn-default ez-toc-toggle\" aria-label=\"Toggle Table of Content\"><span class=\"ez-toc-js-icon-con\"><span class=\"\"><span class=\"eztoc-hide\" style=\"display:none;\">Toggle<\/span><span class=\"ez-toc-icon-toggle-span\"><svg style=\"fill: #999;color:#999\" xmlns=\"http:\/\/www.w3.org\/2000\/svg\" class=\"list-377408\" width=\"20px\" height=\"20px\" viewBox=\"0 0 24 24\" fill=\"none\"><path d=\"M6 6H4v2h2V6zm14 0H8v2h12V6zM4 11h2v2H4v-2zm16 0H8v2h12v-2zM4 16h2v2H4v-2zm16 0H8v2h12v-2z\" fill=\"currentColor\"><\/path><\/svg><svg style=\"fill: #999;color:#999\" class=\"arrow-unsorted-368013\" xmlns=\"http:\/\/www.w3.org\/2000\/svg\" width=\"10px\" height=\"10px\" viewBox=\"0 0 24 24\" version=\"1.2\" baseProfile=\"tiny\"><path d=\"M18.2 9.3l-6.2-6.3-6.2 6.3c-.2.2-.3.4-.3.7s.1.5.3.7c.2.2.4.3.7.3h11c.3 0 .5-.1.7-.3.2-.2.3-.5.3-.7s-.1-.5-.3-.7zM5.8 14.7l6.2 6.3 6.2-6.3c.2-.2.3-.5.3-.7s-.1-.5-.3-.7c-.2-.2-.4-.3-.7-.3h-11c-.3 0-.5.1-.7.3-.2.2-.3.5-.3.7s.1.5.3.7z\"\/><\/svg><\/span><\/span><\/span><\/a><\/span><\/div>\n<nav><ul class='ez-toc-list ez-toc-list-level-1 ' ><li class='ez-toc-page-1 ez-toc-heading-level-2'><a class=\"ez-toc-link ez-toc-heading-1\" href=\"https:\/\/raum-blick.de\/magazin\/carl-mertens-besteck\/#%C2%AB_Glanzpunkte_an_der_Tafel_%C2%BB\" >\u00ab Glanzpunkte an der Tafel \u00bb<\/a><\/li><li class='ez-toc-page-1 ez-toc-heading-level-2'><a class=\"ez-toc-link ez-toc-heading-2\" href=\"https:\/\/raum-blick.de\/magazin\/carl-mertens-besteck\/#Erstklassiges_Tafelbesteck_aus_Solingen\" >Erstklassiges Tafelbesteck aus Solingen<\/a><\/li><li class='ez-toc-page-1 ez-toc-heading-level-2'><a class=\"ez-toc-link ez-toc-heading-3\" href=\"https:\/\/raum-blick.de\/magazin\/carl-mertens-besteck\/#Ausgezeichnete_Designideen_fuer_koestliche_Momente\" >Ausgezeichnete Designideen f\u00fcr k\u00f6stliche Momente<\/a><\/li><li class='ez-toc-page-1 ez-toc-heading-level-2'><a class=\"ez-toc-link ez-toc-heading-4\" href=\"https:\/\/raum-blick.de\/magazin\/carl-mertens-besteck\/#Melange_aus_traditionsverbundenem_Handwerk_und_Offenheit_fuer_Innovationen\" >Melange aus traditionsverbundenem Handwerk und Offenheit f\u00fcr Innovationen<\/a><\/li><li class='ez-toc-page-1 ez-toc-heading-level-2'><a class=\"ez-toc-link ez-toc-heading-5\" href=\"https:\/\/raum-blick.de\/magazin\/carl-mertens-besteck\/#Professionelles_Besteck_fuer_noble_Gaumenschmeichler\" >Professionelles Besteck f\u00fcr noble Gaumenschmeichler<\/a><\/li><\/ul><\/nav><\/div>\n\n<p><img loading=\"lazy\" decoding=\"async\" class=\"aligncenter wp-image-5222 size-full\" title=\"Brotmesser &quot;Taglio&quot; von Carl Mertens\" src=\"https:\/\/www.raum-blick.de\/magazin\/wp-content\/uploads\/2018\/04\/Carl-Mertens-Brotmesser.jpg\" alt=\"Carl Mertens Brotmesser\" width=\"600\" height=\"310\" srcset=\"https:\/\/raum-blick.de\/magazin\/wp-content\/uploads\/2018\/04\/Carl-Mertens-Brotmesser.jpg 600w, https:\/\/raum-blick.de\/magazin\/wp-content\/uploads\/2018\/04\/Carl-Mertens-Brotmesser-300x155.jpg 300w\" sizes=\"(max-width: 600px) 100vw, 600px\" \/><\/p>\n<p style=\"text-align: justify;\">W\u00e4hrend des 14. Jahrhunderts war die Stadt im Bergischen Land ber\u00fchmt f\u00fcr ihre akkurat geschmiedeten Schwerter. Wenig sp\u00e4ter siedelten sich Messermacher an und sorgten daf\u00fcr, dass die Klingenstadt zum renommierten Zentrum der deutschen Schneidwarenindustrie avancierte. Am exzellenten Ruf des Standorts hat sich bis heute nichts ge\u00e4ndert, an dem seit rund hundert Jahren Carl Mertens Besteck produziert.<\/p>\n<p><img loading=\"lazy\" decoding=\"async\" class=\"aligncenter wp-image-5225 size-full\" title=\"K\u00e4se- und Parmesanmesser | K\u00e4seset &quot;Taglio&quot; von Carl Mertens\" src=\"https:\/\/www.raum-blick.de\/magazin\/wp-content\/uploads\/2018\/04\/Carl-Mertens-Kaese-und-Parmesanmesser.jpg\" alt=\"Carl Mertens Kaese- und Parmesanmesser\" width=\"600\" height=\"600\" srcset=\"https:\/\/raum-blick.de\/magazin\/wp-content\/uploads\/2018\/04\/Carl-Mertens-Kaese-und-Parmesanmesser.jpg 600w, https:\/\/raum-blick.de\/magazin\/wp-content\/uploads\/2018\/04\/Carl-Mertens-Kaese-und-Parmesanmesser-150x150.jpg 150w, https:\/\/raum-blick.de\/magazin\/wp-content\/uploads\/2018\/04\/Carl-Mertens-Kaese-und-Parmesanmesser-300x300.jpg 300w\" sizes=\"(max-width: 600px) 100vw, 600px\" \/><\/p>\n<p style=\"text-align: justify;\">Die 1919 gegr\u00fcndete Marke wird der Tatsache gerecht, dass Solinger Schneidwaren weltweit f\u00fcr ihre exzellente Qualit\u00e4t gesch\u00e4tzt werden. Nach wie vor ist deshalb die Produktion handwerklich gepr\u00e4gt. Stets legt das Unternehmen darauf Wert, dass bei dem Edelstahlbesteck und K\u00fcchenzubeh\u00f6r jedes Detail uneingeschr\u00e4nkt \u00fcberzeugt. Zum hohen Qualit\u00e4tsanspruch gesellt sich ein umfangreicher Erfahrungsschatz, der sich positiv auf das funktionale Design auswirkt.<\/p>\n<p><img loading=\"lazy\" decoding=\"async\" class=\"aligncenter wp-image-5199 size-full\" title=\"Buttermesser &quot;Butterfly&quot; von Carl Mertens\" src=\"https:\/\/www.raum-blick.de\/magazin\/wp-content\/uploads\/2018\/04\/Carl-Mertens-Buttermesser.jpg\" alt=\"Carl Mertens Buttermesser\" width=\"600\" height=\"330\" srcset=\"https:\/\/raum-blick.de\/magazin\/wp-content\/uploads\/2018\/04\/Carl-Mertens-Buttermesser.jpg 600w, https:\/\/raum-blick.de\/magazin\/wp-content\/uploads\/2018\/04\/Carl-Mertens-Buttermesser-300x165.jpg 300w\" sizes=\"(max-width: 600px) 100vw, 600px\" \/><\/p>\n<p style=\"text-align: justify;\">Der Traditionsmarke ist zum Beispiel bewusst, dass es beim Buttermesser weniger auf die Schneidkraft ankommt. Stattdessen w\u00fcnschen Sie sich, dass das Messer mit seinem ausgepr\u00e4gten Griff gut in der Hand liegt und sich das abgenommene Butterst\u00fcck auf der ausladend geformten Klinge problemlos zum Teller transportieren l\u00e4sst. Beide Bed\u00fcrfnisse wurden beim Messer Butterfly ber\u00fccksichtigt, das au\u00dferdem mit seiner zeitlosen Eleganz dem Auge schmeichelt.<\/p>\n<blockquote>\n<p style=\"text-align: justify;\">Das Besteck empfiehlt sich dadurch f\u00fcr das allt\u00e4gliche Familienfr\u00fchst\u00fcck ebenso wie f\u00fcr ein schick ausstaffiertes Buffet zum Brunch.<\/p>\n<\/blockquote>\n<h2><span class=\"ez-toc-section\" id=\"Ausgezeichnete_Designideen_fuer_koestliche_Momente\"><\/span>Ausgezeichnete Designideen f\u00fcr k\u00f6stliche Momente<span class=\"ez-toc-section-end\"><\/span><\/h2>\n<p style=\"text-align: justify;\">Die herausragende \u00c4sthetik ist bei Produkten des allt\u00e4glichen Gebrauchs nur die halbe Miete. Mindestens genauso wichtig ist die Funktionalit\u00e4t. Stets bedenkt Carl Mertens beim Besteck alle pragmatischen Aspekte, die mit der Nutzung verkn\u00fcpft sind. Vielleicht kennen Sie dieses Malheur: Sie arrangieren beim Service das Salatbesteck sorgf\u00e4ltig in der Schale. Trotzdem rutscht es bei einer kleinen Unachtsamkeit hinein und muss anschlie\u00dfend mit den entsprechenden Begleiterscheinungen aus der Sauce gefischt werden. Karsten Gollnick bedachte diese T\u00fccke, als er die Gabel und den L\u00f6ffel f\u00fcr das preisgekr\u00f6nte Set Ginkgo entwarf.<\/p>\n<p><img loading=\"lazy\" decoding=\"async\" class=\"aligncenter wp-image-5203 size-full\" title=\"Salatbesteck &quot;Ginkgo&quot; von Carl Mertens\" src=\"https:\/\/www.raum-blick.de\/magazin\/wp-content\/uploads\/2018\/04\/Carl-Mertens-Salatbesteck.jpg\" alt=\"Carl Mertens Salatbesteck\" width=\"600\" height=\"600\" srcset=\"https:\/\/raum-blick.de\/magazin\/wp-content\/uploads\/2018\/04\/Carl-Mertens-Salatbesteck.jpg 600w, https:\/\/raum-blick.de\/magazin\/wp-content\/uploads\/2018\/04\/Carl-Mertens-Salatbesteck-150x150.jpg 150w, https:\/\/raum-blick.de\/magazin\/wp-content\/uploads\/2018\/04\/Carl-Mertens-Salatbesteck-300x300.jpg 300w\" sizes=\"(max-width: 600px) 100vw, 600px\" \/><\/p>\n<p style=\"text-align: justify;\">Dank L\u00e4nge und Form der Griffe bleibt das Edelstahlbesteck in Position und ger\u00e4t im Gegensatz zu vielen Konkurrenten nicht ins Rutschen. Der geschwungene Funktionsbereich sorgt nicht nur daf\u00fcr, dass sich der Salat gut fassen l\u00e4sst. Er ist zugleich der \u00e4sthetische Clou. Denn die Parallelen zum Blatt des Ginkgo-Baumes sind unverkennbar, das im asiatischen Raum ein Symbol der Freundschaft ist.<\/p>\n<h2><span class=\"ez-toc-section\" id=\"Melange_aus_traditionsverbundenem_Handwerk_und_Offenheit_fuer_Innovationen\"><\/span>Melange aus traditionsverbundenem Handwerk und Offenheit f\u00fcr Innovationen<span class=\"ez-toc-section-end\"><\/span><\/h2>\n<p style=\"text-align: justify;\">H\u00e4ufig entwickelte Carl Mertens Besteck, das aufgrund des innovativen Designs begehrte Auszeichnungen erhielt oder sogar in die Sammlungen ber\u00fchmter Museen aufgenommen wurde. So \u00fcberzeugend wie die pfiffigen Details ist die Entscheidung des Herstellers, f\u00fcr das Besteck Edelstahl mit der Legierung 18\/10 zu verwenden. Der 18-prozentige Chromanteil beg\u00fcnstigt den rostfreien Charakter der Produkte. Nickel mit einem Anteil von zehn Prozent tr\u00e4gt dazu bei, dass das Zubeh\u00f6r besonders lebensmittelecht ist. Der gew\u00e4hlte Edelstahl ist au\u00dferdem f\u00fcr die Sp\u00fclmaschine geeignet und erfreut mit seiner modernen Eleganz.<\/p>\n<p><img loading=\"lazy\" decoding=\"async\" class=\"aligncenter wp-image-5227 size-full\" title=\"Messl\u00f6ffel &quot;Mr. Measure&quot; von Carl Mertens\" src=\"https:\/\/www.raum-blick.de\/magazin\/wp-content\/uploads\/2018\/04\/Carl-Mertens-Mr-Measure-Messloeffel.jpg\" alt=\"Carl Mertens Mr Measure Messloeffel\" width=\"600\" height=\"600\" srcset=\"https:\/\/raum-blick.de\/magazin\/wp-content\/uploads\/2018\/04\/Carl-Mertens-Mr-Measure-Messloeffel.jpg 600w, https:\/\/raum-blick.de\/magazin\/wp-content\/uploads\/2018\/04\/Carl-Mertens-Mr-Measure-Messloeffel-150x150.jpg 150w, https:\/\/raum-blick.de\/magazin\/wp-content\/uploads\/2018\/04\/Carl-Mertens-Mr-Measure-Messloeffel-300x300.jpg 300w\" sizes=\"(max-width: 600px) 100vw, 600px\" \/><\/p>\n<p style=\"text-align: justify;\">F\u00fcr das Renommee der Marke war es von jeher wesentlich, dass Carl Mertens durchweg auf hochklassige Materialien und eine gewissenhafte Verarbeitung setzt. Dieser Produktphilosophie bleibt das Unternehmen treu, das gleichzeitig offen f\u00fcr Innovationen und neue M\u00e4rkte ist. Seit einigen Jahren produziert Carl Mertens Besteck, das gezielt die Bed\u00fcrfnisse asiatischer Feinschmecker anspricht. Schlie\u00dflich wirkt sich das Know-how bei der Besteckproduktion ganz unabh\u00e4ngig von der Esskultur positiv auf die \u00c4sthetik, Funktionalit\u00e4t und Langlebigkeit aus.<\/p>\n<p><img loading=\"lazy\" decoding=\"async\" class=\"aligncenter wp-image-5220 size-full\" title=\"Essst\u00e4bchen &quot;Minamoto&quot; aus Edelstahl von Carl Mertens\" src=\"https:\/\/www.raum-blick.de\/magazin\/wp-content\/uploads\/2018\/04\/Carl-Mertens-Essstaebchen-Edelstahl.jpg\" alt=\"Carl Mertens Essstaebchen Edelstahl\" width=\"600\" height=\"430\" srcset=\"https:\/\/raum-blick.de\/magazin\/wp-content\/uploads\/2018\/04\/Carl-Mertens-Essstaebchen-Edelstahl.jpg 600w, https:\/\/raum-blick.de\/magazin\/wp-content\/uploads\/2018\/04\/Carl-Mertens-Essstaebchen-Edelstahl-300x215.jpg 300w\" sizes=\"(max-width: 600px) 100vw, 600px\" \/><\/p>\n<p style=\"text-align: justify;\">Hierf\u00fcr sind die Essst\u00e4bchen der Kollektion Minamoto ein gelungenes Beispiel. Das kantige Duo aus mattem Edelstahl wirkt nicht nur sehr edel und l\u00e4sst sich m\u00fchelos reinigen. Beim Red Dot Design Award erhielt der Entwurf eine Auszeichnung, da auch Anf\u00e4nger die ergonomisch geformten St\u00e4bchen leicht handhaben k\u00f6nnen.<\/p>\n<h2><span class=\"ez-toc-section\" id=\"Professionelles_Besteck_fuer_noble_Gaumenschmeichler\"><\/span>Professionelles Besteck f\u00fcr noble Gaumenschmeichler<span class=\"ez-toc-section-end\"><\/span><\/h2>\n<p style=\"text-align: justify;\">Bereits beim Anblick on perfekt zubereiteten Krustentiere w\u00e4chst die Vorfreude auf den Genuss? Wer aber versucht, den Hummer mit g\u00e4ngigem Besteck zu knacken, relativiert schnell die elegante Atmosph\u00e4re. Denn bei dieser Mission sind Missgeschicke vorprogrammiert. Carl Mertens hat es sich schon fr\u00fch zur Aufgabe gemacht, etwas zur gehobenen und genussvollen Tischkultur beizutragen. Spezielles Equipment f\u00fcr Gourmets z\u00e4hlt deshalb seit Jahrzehnten zum regul\u00e4ren Sortiment der Marke.<\/p>\n<p><a href=\"https:\/\/www.raum-blick.de\/carl-mertens-hummerzange\"><img loading=\"lazy\" decoding=\"async\" class=\"aligncenter wp-image-5211 size-full\" title=\"Hummerzange &quot;Mare&quot; von Carl Mertens\" src=\"https:\/\/www.raum-blick.de\/magazin\/wp-content\/uploads\/2018\/04\/Carl-Mertens-Hummerzange.jpg\" alt=\"Carl Mertens Hummerzange\" width=\"600\" height=\"350\" srcset=\"https:\/\/raum-blick.de\/magazin\/wp-content\/uploads\/2018\/04\/Carl-Mertens-Hummerzange.jpg 600w, https:\/\/raum-blick.de\/magazin\/wp-content\/uploads\/2018\/04\/Carl-Mertens-Hummerzange-300x175.jpg 300w\" sizes=\"(max-width: 600px) 100vw, 600px\" \/><\/a><\/p>\n<p style=\"text-align: justify;\">Brillant durchdacht ist die mehrfach unterteilte Hummerzange Mare, mit der Sie problemlos an das aromatische Fleisch gelangen. Gleich darauf vollenden Sie den Service mit der filigranen Hummergabel so versiert wie die Profis im Sterne-Restaurant.<\/p>\n<p><a href=\"https:\/\/www.raum-blick.de\/carl-mertens-hummergabel-2er-set-mare\"><img loading=\"lazy\" decoding=\"async\" class=\"aligncenter wp-image-5213 size-full\" title=\"Hummergabeln &quot;Mare&quot; von Carl Mertens\" src=\"https:\/\/www.raum-blick.de\/magazin\/wp-content\/uploads\/2018\/04\/Carl-Mertens-Hummergabeln.jpg\" alt=\"Carl Mertens Hummergabeln\" width=\"600\" height=\"600\" srcset=\"https:\/\/raum-blick.de\/magazin\/wp-content\/uploads\/2018\/04\/Carl-Mertens-Hummergabeln.jpg 600w, https:\/\/raum-blick.de\/magazin\/wp-content\/uploads\/2018\/04\/Carl-Mertens-Hummergabeln-150x150.jpg 150w, https:\/\/raum-blick.de\/magazin\/wp-content\/uploads\/2018\/04\/Carl-Mertens-Hummergabeln-300x300.jpg 300w\" sizes=\"(max-width: 600px) 100vw, 600px\" \/><\/a><\/p>\n<p style=\"text-align: justify;\">Selbst wenn Feinkost wie Austern oder andere Meeresfr\u00fcchte nur selten auf dem Men\u00fcplan stehen, sollten Sie entsprechendes Spezialbesteck von Carl Mertens bereithalten. Denn erst durch die exquisite Darbietung beim Servieren wird der Feinschmecker-Abend zu einem kulinarischen Erlebnis, der alle Sinne verw\u00f6hnt.<\/p>\n<p><img loading=\"lazy\" decoding=\"async\" class=\"aligncenter wp-image-5209 size-full\" title=\"Austernbrecher &quot;Stella&quot; von Carl Mertens\" src=\"https:\/\/www.raum-blick.de\/magazin\/wp-content\/uploads\/2018\/04\/Carl-Mertens-Austernbrecher.jpg\" alt=\"Carl Mertens Austernbrecher\" width=\"600\" height=\"400\" srcset=\"https:\/\/raum-blick.de\/magazin\/wp-content\/uploads\/2018\/04\/Carl-Mertens-Austernbrecher.jpg 600w, https:\/\/raum-blick.de\/magazin\/wp-content\/uploads\/2018\/04\/Carl-Mertens-Austernbrecher-300x200.jpg 300w\" sizes=\"(max-width: 600px) 100vw, 600px\" \/><\/p>\n","protected":false},"excerpt":{"rendered":"<p>\u00ab Glanzpunkte an der Tafel \u00bb Sowohl bei den allt\u00e4glichen Mahlzeiten als auch beim festlichen Dinner arrangieren Sie an jedem Essplatz Messer, Gabel und L\u00f6ffel. Mit Blick auf die h\u00e4ufige Verwendung ist es w\u00fcnschenswert, dass das Besteck au\u00dfergew\u00f6hnlich sch\u00f6n, praktisch und langlebig ist. Mit dieser Melange \u00fcberzeugen die Kollektionen aus Edelstahl von Carl Mertens. Die [&hellip;]<\/p>\n","protected":false},"author":4,"featured_media":5232,"comment_status":"closed","ping_status":"open","sticky":false,"template":"","format":"standard","meta":{"_et_pb_use_builder":"","_et_pb_old_content":"","_et_gb_content_width":"","inline_featured_image":false,"footnotes":""},"categories":[8],"tags":[569,217,563,513,462,388,566,568,567,564,512,565,469],"class_list":["post-5195","post","type-post","status-publish","format-standard","has-post-thumbnail","hentry","category-features","tag-austernbrecher","tag-besteck","tag-brotmesser","tag-buttermesser","tag-carl-mertens","tag-edelstahl","tag-essstaebchen","tag-hummergabeln","tag-hummerzange","tag-kaesemesser","tag-messloeffel","tag-parmesanmesser","tag-salatbesteck"],"_links":{"self":[{"href":"https:\/\/raum-blick.de\/magazin\/wp-json\/wp\/v2\/posts\/5195","targetHints":{"allow":["GET"]}}],"collection":[{"href":"https:\/\/raum-blick.de\/magazin\/wp-json\/wp\/v2\/posts"}],"about":[{"href":"https:\/\/raum-blick.de\/magazin\/wp-json\/wp\/v2\/types\/post"}],"author":[{"embeddable":true,"href":"https:\/\/raum-blick.de\/magazin\/wp-json\/wp\/v2\/users\/4"}],"replies":[{"embeddable":true,"href":"https:\/\/raum-blick.de\/magazin\/wp-json\/wp\/v2\/comments?post=5195"}],"version-history":[{"count":34,"href":"https:\/\/raum-blick.de\/magazin\/wp-json\/wp\/v2\/posts\/5195\/revisions"}],"predecessor-version":[{"id":16002,"href":"https:\/\/raum-blick.de\/magazin\/wp-json\/wp\/v2\/posts\/5195\/revisions\/16002"}],"wp:featuredmedia":[{"embeddable":true,"href":"https:\/\/raum-blick.de\/magazin\/wp-json\/wp\/v2\/media\/5232"}],"wp:attachment":[{"href":"https:\/\/raum-blick.de\/magazin\/wp-json\/wp\/v2\/media?parent=5195"}],"wp:term":[{"taxonomy":"category","embeddable":true,"href":"https:\/\/raum-blick.de\/magazin\/wp-json\/wp\/v2\/categories?post=5195"},{"taxonomy":"post_tag","embeddable":true,"href":"https:\/\/raum-blick.de\/magazin\/wp-json\/wp\/v2\/tags?post=5195"}],"curies":[{"name":"wp","href":"https:\/\/api.w.org\/{rel}","templated":true}]}}