{"id":4968,"date":"2018-02-27T09:18:38","date_gmt":"2018-02-27T08:18:38","guid":{"rendered":"https:\/\/www.raum-blick.de\/magazin\/?p=4968"},"modified":"2024-08-30T13:25:03","modified_gmt":"2024-08-30T11:25:03","slug":"daenische-lampen","status":"publish","type":"post","link":"https:\/\/raum-blick.de\/magazin\/daenische-lampen\/","title":{"rendered":"Die sch\u00f6nsten d\u00e4nischen Lampen"},"content":{"rendered":"<h2><span class=\"ez-toc-section\" id=\"%C2%AB_Das_Licht_des_Nordens_kommt_in_Ihr_Zuhause_%C2%BB\"><\/span>\u00ab Das Licht des Nordens kommt in Ihr Zuhause \u00bb<span class=\"ez-toc-section-end\"><\/span><\/h2>\n<p style=\"text-align: justify;\"><strong>Es bestehen keine Zweifel am praktischen Nutzen von elektrischer Beleuchtung, sobald es drau\u00dfen dunkel wird. Au\u00dferdem ist es kein Geheimnis, dass das gew\u00e4hlte Lichtkonzept beispielsweise zum bes\u00e4nftigenden Ambiente oder inspirierenden Flair beitragen kann. D\u00e4nische Lampen gehen bei ihren mehrwertigen Entw\u00fcrfen noch einen Schritt weiter und verbinden die funktionalen Eigenschaften mit einem au\u00dfergew\u00f6hnlichen Gesp\u00fcr f\u00fcr moderne \u00c4sthetik. Deshalb pr\u00e4sentieren Ihnen renommierte Marken wie <\/strong><a href=\"https:\/\/www.raum-blick.de\/normann-copenhagen\/\"><strong>Normann Copenhagen<\/strong><\/a><strong>, <\/strong><a href=\"https:\/\/www.raum-blick.de\/eva-solo\/\"><strong>Eva Solo<\/strong><\/a><strong>, <\/strong><a href=\"https:\/\/www.raum-blick.de\/vita\/\"><strong>Vita<\/strong><\/a><strong> und <\/strong><a href=\"https:\/\/www.raum-blick.de\/gubi\/\"><strong>Gubi Designleuchten<\/strong><\/a><strong>, mit denen Sie Ihre Lebenswelt individuell gestalten k\u00f6nnen.<\/strong><\/p>\n<h2><span class=\"ez-toc-section\" id=\"Leuchtende_Skulpturen_fuer_die_ungezwungene_Atmosphaere_im_Flur\"><\/span>Leuchtende Skulpturen f\u00fcr die ungezwungene Atmosph\u00e4re im Flur<span class=\"ez-toc-section-end\"><\/span><\/h2>\n<p style=\"text-align: justify;\">Ein kreatives Abenteuer sorgt daf\u00fcr, dass sich sogleich eine pers\u00f6nliche Beziehung zu dem Design von Simon Karkovs Normann Copenhagen Lampen entfaltet. Denn der d\u00e4nische Architekt entwirft f\u00fcr die erfolgreiche Marke ausget\u00fcftelte Sets, die Sie durch einfaches Zusammenstecken selbst in d\u00e4nische Lampen verwandeln. Diese ungew\u00f6hnliche Idee harmoniert fabelhaft mit der Philosophie von Paul Mades und Jan Normann Andersen, die bei der Gr\u00fcndung ihres Unternehmens neue Interpretationen f\u00fcr das Gewohnte vor Augen hatten. St\u00fcck f\u00fcr St\u00fcck ergibt sich bei der Kollektion Norm 06 ein skulpturales Objekt, das abstrakt die Form einer Bl\u00fcte aufgreift. F\u00fcr den herzlichen Empfang mit einer sympathischen Nat\u00fcrlichkeit sind die Normann Copenhagen Leuchten wie geschaffen. Leicht verspielt wirken die floralen Bez\u00fcge, w\u00e4hrend das reine Wei\u00df den Lampen einen modernen Charakter verleiht.<\/p><div id=\"ez-toc-container\" class=\"ez-toc-v2_0_82_2 counter-hierarchy ez-toc-counter ez-toc-grey ez-toc-container-direction\">\n<div class=\"ez-toc-title-container\">\n<p class=\"ez-toc-title\" style=\"cursor:inherit\">Was hier auf Sie wartet<\/p>\n<span class=\"ez-toc-title-toggle\"><a href=\"#\" class=\"ez-toc-pull-right ez-toc-btn ez-toc-btn-xs ez-toc-btn-default ez-toc-toggle\" aria-label=\"Toggle Table of Content\"><span class=\"ez-toc-js-icon-con\"><span class=\"\"><span class=\"eztoc-hide\" style=\"display:none;\">Toggle<\/span><span class=\"ez-toc-icon-toggle-span\"><svg style=\"fill: #999;color:#999\" xmlns=\"http:\/\/www.w3.org\/2000\/svg\" class=\"list-377408\" width=\"20px\" height=\"20px\" viewBox=\"0 0 24 24\" fill=\"none\"><path d=\"M6 6H4v2h2V6zm14 0H8v2h12V6zM4 11h2v2H4v-2zm16 0H8v2h12v-2zM4 16h2v2H4v-2zm16 0H8v2h12v-2z\" fill=\"currentColor\"><\/path><\/svg><svg style=\"fill: #999;color:#999\" class=\"arrow-unsorted-368013\" xmlns=\"http:\/\/www.w3.org\/2000\/svg\" width=\"10px\" height=\"10px\" viewBox=\"0 0 24 24\" version=\"1.2\" baseProfile=\"tiny\"><path d=\"M18.2 9.3l-6.2-6.3-6.2 6.3c-.2.2-.3.4-.3.7s.1.5.3.7c.2.2.4.3.7.3h11c.3 0 .5-.1.7-.3.2-.2.3-.5.3-.7s-.1-.5-.3-.7zM5.8 14.7l6.2 6.3 6.2-6.3c.2-.2.3-.5.3-.7s-.1-.5-.3-.7c-.2-.2-.4-.3-.7-.3h-11c-.3 0-.5.1-.7.3-.2.2-.3.5-.3.7s.1.5.3.7z\"\/><\/svg><\/span><\/span><\/span><\/a><\/span><\/div>\n<nav><ul class='ez-toc-list ez-toc-list-level-1 ' ><li class='ez-toc-page-1 ez-toc-heading-level-2'><a class=\"ez-toc-link ez-toc-heading-1\" href=\"https:\/\/raum-blick.de\/magazin\/daenische-lampen\/#%C2%AB_Das_Licht_des_Nordens_kommt_in_Ihr_Zuhause_%C2%BB\" >\u00ab Das Licht des Nordens kommt in Ihr Zuhause \u00bb<\/a><\/li><li class='ez-toc-page-1 ez-toc-heading-level-2'><a class=\"ez-toc-link ez-toc-heading-2\" href=\"https:\/\/raum-blick.de\/magazin\/daenische-lampen\/#Leuchtende_Skulpturen_fuer_die_ungezwungene_Atmosphaere_im_Flur\" >Leuchtende Skulpturen f\u00fcr die ungezwungene Atmosph\u00e4re im Flur<\/a><\/li><li class='ez-toc-page-1 ez-toc-heading-level-2'><a class=\"ez-toc-link ez-toc-heading-3\" href=\"https:\/\/raum-blick.de\/magazin\/daenische-lampen\/#Kunstvoller_Purismus_fuer_die_ausgefallene_Lichtgestaltung\" >Kunstvoller Purismus f\u00fcr die ausgefallene Lichtgestaltung<\/a><\/li><li class='ez-toc-page-1 ez-toc-heading-level-2'><a class=\"ez-toc-link ez-toc-heading-4\" href=\"https:\/\/raum-blick.de\/magazin\/daenische-lampen\/#Legendaerer_Funktionalismus_aus_Daenemark_fuer_die_stilvolle_Arbeitswelt\" >Legend\u00e4rer Funktionalismus aus D\u00e4nemark f\u00fcr die stilvolle Arbeitswelt<\/a><\/li><li class='ez-toc-page-1 ez-toc-heading-level-2'><a class=\"ez-toc-link ez-toc-heading-5\" href=\"https:\/\/raum-blick.de\/magazin\/daenische-lampen\/#Stimmungsvolles_Licht_fuer_die_gemuetlichen_Stunden_im_Freien\" >Stimmungsvolles Licht f\u00fcr die gem\u00fctlichen Stunden im Freien<\/a><\/li><\/ul><\/nav><\/div>\n\n<p><img loading=\"lazy\" decoding=\"async\" class=\"aligncenter wp-image-4852 size-full\" title=\"H\u00e4ngeleuchte Norm 06 von Normann Copenhagen | Design: Simon Karkov\" src=\"https:\/\/www.raum-blick.de\/magazin\/wp-content\/uploads\/2018\/01\/Normann-Copenhagen-Norm-06-Haengeleuchte.jpg\" alt=\"Normann Copenhagen Norm 06\" width=\"600\" height=\"400\" srcset=\"https:\/\/raum-blick.de\/magazin\/wp-content\/uploads\/2018\/01\/Normann-Copenhagen-Norm-06-Haengeleuchte.jpg 600w, https:\/\/raum-blick.de\/magazin\/wp-content\/uploads\/2018\/01\/Normann-Copenhagen-Norm-06-Haengeleuchte-300x200.jpg 300w\" sizes=\"(max-width: 600px) 100vw, 600px\" \/><\/p>\n<p style=\"text-align: justify;\">Wer sich eine rundum stimmige Raumgestaltung w\u00fcnscht, wirft einen Blick auf die weiteren Designideen von Normann Copenhagen. Eine auffallend reduzierte Formsprache verbindet Simon Legald bei der Toj Garderobe mit der warmen Aura von Eschenholz. Drapieren Sie passend zu der Bl\u00fcten-Leuchte und der Garderobe aus Naturmaterialien einige Shorebirds im Flur. Da sich die Holzfiguren von Sigurj\u00f3n P\u00e1lsson ebenfalls zur formalen Klarheit und zum skulpturalen Design bekennen, runden sie die luftig-leichte Flurgestaltung sehr treffend ab.<\/p>\n<p><center><a href=\"https:\/\/www.raum-blick.de\/shorebird-holzfiguren-normann-copenhagen\"><img loading=\"lazy\" decoding=\"async\" class=\"alignnone wp-image-4975 size-full\" title=\"Holzfigur Shorebird von Normann Copenhagen | Design: Sigurj\u00f3n P\u00e1lsson\" src=\"https:\/\/www.raum-blick.de\/magazin\/wp-content\/uploads\/2018\/03\/Normann-Copenhagen-Shorebird-Holzfigur.jpg\" alt=\"Normann Copenhagen Shorebird Holzfigur\" width=\"300\" height=\"300\" srcset=\"https:\/\/raum-blick.de\/magazin\/wp-content\/uploads\/2018\/03\/Normann-Copenhagen-Shorebird-Holzfigur.jpg 300w, https:\/\/raum-blick.de\/magazin\/wp-content\/uploads\/2018\/03\/Normann-Copenhagen-Shorebird-Holzfigur-150x150.jpg 150w\" sizes=\"(max-width: 300px) 100vw, 300px\" \/><\/a> <img loading=\"lazy\" decoding=\"async\" class=\"alignnone wp-image-4976 size-full\" title=\"Garderobe Toj von Normann Copenhagen | Design: Simon Legald\" src=\"https:\/\/www.raum-blick.de\/magazin\/wp-content\/uploads\/2018\/03\/Normann-Copenhagen-Toj-Garderobe.jpg\" alt=\"Normann Copenhagen Toj Garderobe\" width=\"300\" height=\"300\" srcset=\"https:\/\/raum-blick.de\/magazin\/wp-content\/uploads\/2018\/03\/Normann-Copenhagen-Toj-Garderobe.jpg 300w, https:\/\/raum-blick.de\/magazin\/wp-content\/uploads\/2018\/03\/Normann-Copenhagen-Toj-Garderobe-150x150.jpg 150w\" sizes=\"(max-width: 300px) 100vw, 300px\" \/><\/center><\/p>\n<h2><span class=\"ez-toc-section\" id=\"Kunstvoller_Purismus_fuer_die_ausgefallene_Lichtgestaltung\"><\/span>Kunstvoller Purismus f\u00fcr die ausgefallene Lichtgestaltung<span class=\"ez-toc-section-end\"><\/span><\/h2>\n<p style=\"text-align: justify;\">F\u00fcr d\u00e4nische Leuchten, die mit ihrem unkonventionellen Bezug zur skandinavischen Natur erfreuen, ist auch die Serie Sylvia von Vita ein gelungenes Beispiel. Durch die Vielzahl der dreieckigen Bl\u00e4tter wirkt das Design au\u00dferordentlich filigran und detailreich. Gleichzeitig erscheint die \u00c4sthetik der Vita Leuchten bemerkenswert klar, die durch die gew\u00e4hlten Farbt\u00f6ne und das Metall k\u00fchl akzentuiert sind. Ein weiteres verbl\u00fcffendes Detail erschlie\u00dft sich bei der Lieferung. Denn Vita ist f\u00fcr d\u00e4nische Lampen bekannt, die sich enorm kompakt verpacken lassen. Damit wird die Marke ihrem nachhaltigem Unternehmenskonzept gerecht und sorgt f\u00fcr einen m\u00f6glichst kleinen \u00f6kologischen Fu\u00dfabdruck bei den Transportwegen.<\/p>\n<p><a href=\"https:\/\/www.raum-blick.de\/silvia-leuchte-vita-inkl.-tripod\"><img loading=\"lazy\" decoding=\"async\" class=\"aligncenter wp-image-4981 size-full\" title=\"Vita Silvia Leuchte inkl. Tripod und LED Leuchtmittel | Design: Vita\" src=\"https:\/\/www.raum-blick.de\/magazin\/wp-content\/uploads\/2018\/03\/Vita-Silvia-Leuchte.jpg\" alt=\"Vita Silvia Leuchte\" width=\"600\" height=\"600\" srcset=\"https:\/\/raum-blick.de\/magazin\/wp-content\/uploads\/2018\/03\/Vita-Silvia-Leuchte.jpg 600w, https:\/\/raum-blick.de\/magazin\/wp-content\/uploads\/2018\/03\/Vita-Silvia-Leuchte-150x150.jpg 150w, https:\/\/raum-blick.de\/magazin\/wp-content\/uploads\/2018\/03\/Vita-Silvia-Leuchte-300x300.jpg 300w\" sizes=\"(max-width: 600px) 100vw, 600px\" \/><\/a><\/p>\n<p style=\"text-align: justify;\">D\u00e4nische Designleuchten dieser Art sind ideal, wenn Sie dem puristischen Einrichtungsstil treu bleiben m\u00f6chten und sich dennoch einen markanten Blickfang w\u00fcnschen. Wie eine kunstvolle Installation mutet das Standmodell der d\u00e4nischen Leuchten an, bei dem Sie die Ausrichtung des Lichtobjekts selbst w\u00e4hlen k\u00f6nnen. Gesellt sich \u00fcber dem Esstisch ein Ensemble mit unterschiedlich gro\u00dfen Pendelleuchten hinzu, ist f\u00fcrs einzigartige Flair bereits gesorgt.<\/p>\n<p><img loading=\"lazy\" decoding=\"async\" class=\"aligncenter wp-image-4983 size-full\" title=\"Mini Leuchte Silvia von Vita inkl. Kabelset und LED Leuchtmittel | Design: Vita\" src=\"https:\/\/www.raum-blick.de\/magazin\/wp-content\/uploads\/2018\/03\/Vita-Silvia-Silvia-Mini.jpg\" alt=\"Vita Silvia Silvia Mini\" width=\"600\" height=\"600\" srcset=\"https:\/\/raum-blick.de\/magazin\/wp-content\/uploads\/2018\/03\/Vita-Silvia-Silvia-Mini.jpg 600w, https:\/\/raum-blick.de\/magazin\/wp-content\/uploads\/2018\/03\/Vita-Silvia-Silvia-Mini-150x150.jpg 150w, https:\/\/raum-blick.de\/magazin\/wp-content\/uploads\/2018\/03\/Vita-Silvia-Silvia-Mini-300x300.jpg 300w\" sizes=\"(max-width: 600px) 100vw, 600px\" \/><\/p>\n<p style=\"text-align: justify;\">Dazu tr\u00e4gt nicht nur das organische Design der Kollektion bei. Die sanfte Lichtwirkung passt fabelhaft zum harmonischen Ambiente im Wohnzimmer. Assoziationen mit den Zapfen von Nadelb\u00e4umen liegen bei der Formsprache nahe. Deshalb bietet es sich an, beim Waldspaziergang einige nat\u00fcrliche Exemplare zu sammeln und in die Raumgestaltung einzubeziehen.<\/p>\n<h2><span class=\"ez-toc-section\" id=\"Legendaerer_Funktionalismus_aus_Daenemark_fuer_die_stilvolle_Arbeitswelt\"><\/span>Legend\u00e4rer Funktionalismus aus D\u00e4nemark f\u00fcr die stilvolle Arbeitswelt<span class=\"ez-toc-section-end\"><\/span><\/h2>\n<p style=\"text-align: justify;\">Vielleicht empfinden Sie im B\u00fcro einen sachlichen Stil sowohl inspirierend als auch angemessen. Wenn das Design der Einrichtungsobjekte gleichzeitig nicht zu n\u00fcchtern ausfallen soll, sind d\u00e4nische Leuchten erneut die treffende Wahl. Zum Sortiment der Kopenhagener Marke Gubi geh\u00f6rt der Designklassiker Bestlite. Origin\u00e4r stammt der Entwurf aus der Feder von Robert Dudley Best und war f\u00fcr das britische Unternehmen Best &amp; Lloyd gedacht. Zum ausbleibenden positiven Feedback auf dem englischen Markt gesellte sich damals der marode Zustand der Produktionsst\u00e4tten.<\/p>\n<p><a href=\"https:\/\/www.raum-blick.de\/gubi-bestlite-tischleuchte-bl1\"><img loading=\"lazy\" decoding=\"async\" class=\"aligncenter wp-image-4996 size-full\" title=\"Tischleuchte Bestlite BL1 von Gubi\" src=\"https:\/\/www.raum-blick.de\/magazin\/wp-content\/uploads\/2018\/03\/Gubi-Tischleuchte-Bestlite-BL1.jpg\" alt=\"Gubi Tischleuchte Bestlite BL1\" width=\"600\" height=\"600\" srcset=\"https:\/\/raum-blick.de\/magazin\/wp-content\/uploads\/2018\/03\/Gubi-Tischleuchte-Bestlite-BL1.jpg 600w, https:\/\/raum-blick.de\/magazin\/wp-content\/uploads\/2018\/03\/Gubi-Tischleuchte-Bestlite-BL1-150x150.jpg 150w, https:\/\/raum-blick.de\/magazin\/wp-content\/uploads\/2018\/03\/Gubi-Tischleuchte-Bestlite-BL1-300x300.jpg 300w\" sizes=\"(max-width: 600px) 100vw, 600px\" \/><\/a><\/p>\n<p style=\"text-align: justify;\">Allerdings erkannte Gubi Olsen das Potenzial der Bestlite und sicherte sich die Rechte f\u00fcr die Herstellung in D\u00e4nemark. So kam es dazu, dass die Bauhaus-Ikone zum Paradebeispiel f\u00fcr d\u00e4nische Designleuchten wurde. Wenngleich die \u00c4sthetik von einem zeitlosen Funktionalismus gepr\u00e4gt ist, offenbaren sich die historischen Bez\u00fcge zur Bauhaus-\u00c4ra sogleich. D\u00e4nische Lampen der Serie verbinden deshalb sehr charmant den Wunsch nach einer stilistischen Klarheit mit einer Prise Nostalgie.<\/p>\n<p><center><img loading=\"lazy\" decoding=\"async\" class=\"alignnone wp-image-4991 size-full\" title=\"Wandleuchte Bestlite BL6 von Gubi | Design: Robert Dudley Best\" src=\"https:\/\/www.raum-blick.de\/magazin\/wp-content\/uploads\/2018\/03\/Gubi-Wandleuchte-Bestlite-BL6.jpg\" alt=\"Gubi Wandleuchte Bestlite BL6\" width=\"300\" height=\"300\" srcset=\"https:\/\/raum-blick.de\/magazin\/wp-content\/uploads\/2018\/03\/Gubi-Wandleuchte-Bestlite-BL6.jpg 300w, https:\/\/raum-blick.de\/magazin\/wp-content\/uploads\/2018\/03\/Gubi-Wandleuchte-Bestlite-BL6-150x150.jpg 150w\" sizes=\"(max-width: 300px) 100vw, 300px\" \/> <a href=\"https:\/\/www.raum-blick.de\/gubi-bestlite-wandleuchte-bl7\"><img loading=\"lazy\" decoding=\"async\" class=\"alignnone wp-image-4992 size-full\" title=\"Wandleuchte Bestlite BL7 von Gubi | Design: Robert Dudley Best\" src=\"https:\/\/www.raum-blick.de\/magazin\/wp-content\/uploads\/2018\/03\/Gubi-Wandleuchte-Bestlite-BL7.jpg\" alt=\"Gubi Wandleuchte Bestlite BL7\" width=\"300\" height=\"300\" srcset=\"https:\/\/raum-blick.de\/magazin\/wp-content\/uploads\/2018\/03\/Gubi-Wandleuchte-Bestlite-BL7.jpg 300w, https:\/\/raum-blick.de\/magazin\/wp-content\/uploads\/2018\/03\/Gubi-Wandleuchte-Bestlite-BL7-150x150.jpg 150w\" sizes=\"(max-width: 300px) 100vw, 300px\" \/><\/a><\/center><\/p>\n<p style=\"text-align: justify;\">F\u00fcr die indirekten Lichtakzente im Raum machen sich die Gubi Leuchten f\u00fcr die Wandmontage sehr schick. Im Empfangsbereich mit dem gl\u00e4sernen Beistelltisch Pedrera avanciert hingegen die Standleuchte Grasshopper zum Blickfang. Dass sich Greta Magnusson-Grossmann bei dem grazilen Design aus dem Jahr 1947 von der Bestlite inspirieren lie\u00df, ist un\u00fcbersehbar. So ergibt sich dank der Lampen aus D\u00e4nemark insgesamt ein interessantes Konzept f\u00fcr die Beleuchtung im B\u00fcro, das nicht zu viel Aufmerksamkeit bindet.<\/p>\n<p><center><a href=\"https:\/\/www.raum-blick.de\/gubi-pedrera-beistelltisch\"><img loading=\"lazy\" decoding=\"async\" class=\"alignnone wp-image-4986 size-full\" title=\"Beistelltisch Pedrera Coffee Table von Gubi | Design: Barba Corsini\" src=\"https:\/\/www.raum-blick.de\/magazin\/wp-content\/uploads\/2018\/03\/Gubi-Beistelltisch-Pedrera-Coffee-Table.jpg\" alt=\"Gubi Beistelltisch Pedrera Coffee Table\" width=\"300\" height=\"300\" srcset=\"https:\/\/raum-blick.de\/magazin\/wp-content\/uploads\/2018\/03\/Gubi-Beistelltisch-Pedrera-Coffee-Table.jpg 300w, https:\/\/raum-blick.de\/magazin\/wp-content\/uploads\/2018\/03\/Gubi-Beistelltisch-Pedrera-Coffee-Table-150x150.jpg 150w\" sizes=\"(max-width: 300px) 100vw, 300px\" \/><\/a> <a href=\"https:\/\/www.raum-blick.de\/gubi-grossmann-grasshopper-stehleuchte-gm1\"><img loading=\"lazy\" decoding=\"async\" class=\"alignnone wp-image-4987 size-full\" title=\"Stehleuchte Grossmann Grasshopper von Gubi | Design: Greta Magnusson-Grossman\" src=\"https:\/\/www.raum-blick.de\/magazin\/wp-content\/uploads\/2018\/03\/Gubi-Stehleuchte-Grossmann-Grasshopper.jpg\" alt=\"Gubi Stehleuchte Grossmann Grasshopper\" width=\"300\" height=\"300\" srcset=\"https:\/\/raum-blick.de\/magazin\/wp-content\/uploads\/2018\/03\/Gubi-Stehleuchte-Grossmann-Grasshopper.jpg 300w, https:\/\/raum-blick.de\/magazin\/wp-content\/uploads\/2018\/03\/Gubi-Stehleuchte-Grossmann-Grasshopper-150x150.jpg 150w\" sizes=\"(max-width: 300px) 100vw, 300px\" \/><\/a><\/center><\/p>\n<h2><span class=\"ez-toc-section\" id=\"Stimmungsvolles_Licht_fuer_die_gemuetlichen_Stunden_im_Freien\"><\/span>Stimmungsvolles Licht f\u00fcr die gem\u00fctlichen Stunden im Freien<span class=\"ez-toc-section-end\"><\/span><\/h2>\n<p style=\"text-align: justify;\">Das moderne Zuhause sch\u00f6ner und praktischer gestalten: Dieser Mission widmet sich Eva Solo seit \u00fcber hundert Jahren. Zu den hochwertigen Wohnaccessoires des traditionsreichen Unternehmens geh\u00f6ren auch d\u00e4nische Leuchten, die alle Lebensbereich sehr gelungen aufgreifen. Claus Jensen und Henrik Holb\u00e6k entwarfen die SunLight Bodenlampe, die mit ihrer diskreten Eleganz das Auge verw\u00f6hnt.<\/p>\n<p><img loading=\"lazy\" decoding=\"async\" class=\"aligncenter wp-image-5004 size-full\" title=\"eva solo Bodenleuchte SunLight Lounge | Design: Claus Jensen und Henrik Holb\u00e6k\" src=\"https:\/\/www.raum-blick.de\/magazin\/wp-content\/uploads\/2018\/03\/eva-solo-Bodenleuchte-SunLight-Lounge.jpg\" alt=\"eva solo Bodenleuchte SunLight Lounge\" width=\"600\" height=\"600\" srcset=\"https:\/\/raum-blick.de\/magazin\/wp-content\/uploads\/2018\/03\/eva-solo-Bodenleuchte-SunLight-Lounge.jpg 600w, https:\/\/raum-blick.de\/magazin\/wp-content\/uploads\/2018\/03\/eva-solo-Bodenleuchte-SunLight-Lounge-150x150.jpg 150w, https:\/\/raum-blick.de\/magazin\/wp-content\/uploads\/2018\/03\/eva-solo-Bodenleuchte-SunLight-Lounge-300x300.jpg 300w\" sizes=\"(max-width: 600px) 100vw, 600px\" \/><\/p>\n<p style=\"text-align: justify;\">Der technische Clou der Eva Solo Leuchten f\u00fcr den Au\u00dfenbereich ist die Kombination leistungsstarker Solarzellen mit LED-Modulen und einem Netzanschluss f\u00fcrs Aufladen. So steht unabh\u00e4ngig vom Wetter der behaglichen Atmosph\u00e4re auf der Terrasse nichts im Wege. Wenn Sie sich nun vorstellen, wie Sie den clever durchdachten Tischgrill von Eva Solo auf der Tafel platzieren und mit den Windlichtern der Kollektion Hurricane f\u00fcr romantischen Kerzenschein sorgen, wird klar: Lampen aus D\u00e4nemark und andere Designideen aus dem Norden bereichern den gehobenen Lifestyle in jeder Hinsicht.<\/p>\n<p><center><img loading=\"lazy\" decoding=\"async\" class=\"alignnone wp-image-5000 size-full\" title=\"Tischgrill von eva solo | Design: Claus Jensen und Henrik Holb\u00e6k\" src=\"https:\/\/www.raum-blick.de\/magazin\/wp-content\/uploads\/2018\/03\/eva-solo-Tischgrill.jpg\" alt=\"eva solo Tischgrill\" width=\"300\" height=\"300\" srcset=\"https:\/\/raum-blick.de\/magazin\/wp-content\/uploads\/2018\/03\/eva-solo-Tischgrill.jpg 300w, https:\/\/raum-blick.de\/magazin\/wp-content\/uploads\/2018\/03\/eva-solo-Tischgrill-150x150.jpg 150w\" sizes=\"(max-width: 300px) 100vw, 300px\" \/> <img loading=\"lazy\" decoding=\"async\" class=\"alignnone wp-image-5001 size-full\" title=\"Windlicht Hurricane mit und ohne Aufh\u00e4ngung von eva solo\" src=\"https:\/\/www.raum-blick.de\/magazin\/wp-content\/uploads\/2018\/03\/eva-solo-Windlicht-Hurricane.jpg\" alt=\"eva solo Windlicht Hurricane\" width=\"300\" height=\"300\" srcset=\"https:\/\/raum-blick.de\/magazin\/wp-content\/uploads\/2018\/03\/eva-solo-Windlicht-Hurricane.jpg 300w, https:\/\/raum-blick.de\/magazin\/wp-content\/uploads\/2018\/03\/eva-solo-Windlicht-Hurricane-150x150.jpg 150w\" sizes=\"(max-width: 300px) 100vw, 300px\" \/><\/center><\/p>\n","protected":false},"excerpt":{"rendered":"<p>\u00ab Das Licht des Nordens kommt in Ihr Zuhause \u00bb Es bestehen keine Zweifel am praktischen Nutzen von elektrischer Beleuchtung, sobald es drau\u00dfen dunkel wird. Au\u00dferdem ist es kein Geheimnis, dass das gew\u00e4hlte Lichtkonzept beispielsweise zum bes\u00e4nftigenden Ambiente oder inspirierenden Flair beitragen kann. D\u00e4nische Lampen gehen bei ihren mehrwertigen Entw\u00fcrfen noch einen Schritt weiter und [&hellip;]<\/p>\n","protected":false},"author":4,"featured_media":5008,"comment_status":"closed","ping_status":"open","sticky":false,"template":"","format":"standard","meta":{"_et_pb_use_builder":"","_et_pb_old_content":"","_et_gb_content_width":"","inline_featured_image":false,"footnotes":""},"categories":[7],"tags":[98,541,76,18,81,246,280,277,21,100,46,99,208,148],"class_list":["post-4968","post","type-post","status-publish","format-standard","has-post-thumbnail","hentry","category-accessoires-lifestyle","tag-beleuchtung","tag-bestlite","tag-bodenleuchten","tag-eva-solo","tag-gubi","tag-haengeleuchten","tag-lampen","tag-led","tag-normann-copenhagen","tag-stehleuchten","tag-tischleuchten","tag-vita","tag-wandleuchten","tag-windlichter"],"_links":{"self":[{"href":"https:\/\/raum-blick.de\/magazin\/wp-json\/wp\/v2\/posts\/4968","targetHints":{"allow":["GET"]}}],"collection":[{"href":"https:\/\/raum-blick.de\/magazin\/wp-json\/wp\/v2\/posts"}],"about":[{"href":"https:\/\/raum-blick.de\/magazin\/wp-json\/wp\/v2\/types\/post"}],"author":[{"embeddable":true,"href":"https:\/\/raum-blick.de\/magazin\/wp-json\/wp\/v2\/users\/4"}],"replies":[{"embeddable":true,"href":"https:\/\/raum-blick.de\/magazin\/wp-json\/wp\/v2\/comments?post=4968"}],"version-history":[{"count":32,"href":"https:\/\/raum-blick.de\/magazin\/wp-json\/wp\/v2\/posts\/4968\/revisions"}],"predecessor-version":[{"id":20839,"href":"https:\/\/raum-blick.de\/magazin\/wp-json\/wp\/v2\/posts\/4968\/revisions\/20839"}],"wp:featuredmedia":[{"embeddable":true,"href":"https:\/\/raum-blick.de\/magazin\/wp-json\/wp\/v2\/media\/5008"}],"wp:attachment":[{"href":"https:\/\/raum-blick.de\/magazin\/wp-json\/wp\/v2\/media?parent=4968"}],"wp:term":[{"taxonomy":"category","embeddable":true,"href":"https:\/\/raum-blick.de\/magazin\/wp-json\/wp\/v2\/categories?post=4968"},{"taxonomy":"post_tag","embeddable":true,"href":"https:\/\/raum-blick.de\/magazin\/wp-json\/wp\/v2\/tags?post=4968"}],"curies":[{"name":"wp","href":"https:\/\/api.w.org\/{rel}","templated":true}]}}