{"id":4922,"date":"2018-02-21T16:21:41","date_gmt":"2018-02-21T15:21:41","guid":{"rendered":"https:\/\/www.raum-blick.de\/magazin\/?p=4922"},"modified":"2024-08-30T11:39:46","modified_gmt":"2024-08-30T09:39:46","slug":"ordnerregale-fuer-ihr-buero","status":"publish","type":"post","link":"https:\/\/raum-blick.de\/magazin\/ordnerregale-fuer-ihr-buero\/","title":{"rendered":"Die richtigen Ordnerregale f\u00fcr Ihr B\u00fcro"},"content":{"rendered":"<h2><span class=\"ez-toc-section\" id=\"%C2%AB_Hier_bewahren_Sie_Arbeitsdokumente_auf_%C2%BB\"><\/span>\u00ab Hier bewahren Sie Arbeitsdokumente auf \u00bb<span class=\"ez-toc-section-end\"><\/span><\/h2>\n<p style=\"text-align: justify;\"><strong>Um im Arbeitszimmer die \u00dcbersicht zu bewahren, sollten Akten, Ordner und Dokumente gut sortiert und aufbewahrt werden. Zu diesem Zweck darf ein funktionelles Ordnerregal im B\u00fcro nicht fehlen. Mehrere L\u00f6sungen bieten sich hierf\u00fcr als das passende Regal an.<\/strong><\/p>\n<h2><span class=\"ez-toc-section\" id=\"Ordnung_und_Aesthetik_ergaenzen_sich\"><\/span>Ordnung und \u00c4sthetik erg\u00e4nzen sich<span class=\"ez-toc-section-end\"><\/span><\/h2>\n<p style=\"text-align: justify;\">Beruflich und privat sammeln sich im Alltag viele Dokumente an. Eine pfiffige L\u00f6sung f\u00fcr die strukturierte Ablage der Arbeitsunterlagen ist demnach im gewerblichen Arbeitszimmer ebenso gefragt wie in der Wohnung. Die konkrete Nutzung und das Gesamtkonzept bei der Raumgestaltung geben vor, mit welchen praktischen und \u00e4sthetischen Eigenschaften ein Ordnerregal das B\u00fcro oder die Schreibecke im Wohnzimmer bereichern soll.<\/p><div id=\"ez-toc-container\" class=\"ez-toc-v2_0_82_2 counter-hierarchy ez-toc-counter ez-toc-grey ez-toc-container-direction\">\n<div class=\"ez-toc-title-container\">\n<p class=\"ez-toc-title\" style=\"cursor:inherit\">Was hier auf Sie wartet<\/p>\n<span class=\"ez-toc-title-toggle\"><a href=\"#\" class=\"ez-toc-pull-right ez-toc-btn ez-toc-btn-xs ez-toc-btn-default ez-toc-toggle\" aria-label=\"Toggle Table of Content\"><span class=\"ez-toc-js-icon-con\"><span class=\"\"><span class=\"eztoc-hide\" style=\"display:none;\">Toggle<\/span><span class=\"ez-toc-icon-toggle-span\"><svg style=\"fill: #999;color:#999\" xmlns=\"http:\/\/www.w3.org\/2000\/svg\" class=\"list-377408\" width=\"20px\" height=\"20px\" viewBox=\"0 0 24 24\" fill=\"none\"><path d=\"M6 6H4v2h2V6zm14 0H8v2h12V6zM4 11h2v2H4v-2zm16 0H8v2h12v-2zM4 16h2v2H4v-2zm16 0H8v2h12v-2z\" fill=\"currentColor\"><\/path><\/svg><svg style=\"fill: #999;color:#999\" class=\"arrow-unsorted-368013\" xmlns=\"http:\/\/www.w3.org\/2000\/svg\" width=\"10px\" height=\"10px\" viewBox=\"0 0 24 24\" version=\"1.2\" baseProfile=\"tiny\"><path d=\"M18.2 9.3l-6.2-6.3-6.2 6.3c-.2.2-.3.4-.3.7s.1.5.3.7c.2.2.4.3.7.3h11c.3 0 .5-.1.7-.3.2-.2.3-.5.3-.7s-.1-.5-.3-.7zM5.8 14.7l6.2 6.3 6.2-6.3c.2-.2.3-.5.3-.7s-.1-.5-.3-.7c-.2-.2-.4-.3-.7-.3h-11c-.3 0-.5.1-.7.3-.2.2-.3.5-.3.7s.1.5.3.7z\"\/><\/svg><\/span><\/span><\/span><\/a><\/span><\/div>\n<nav><ul class='ez-toc-list ez-toc-list-level-1 ' ><li class='ez-toc-page-1 ez-toc-heading-level-2'><a class=\"ez-toc-link ez-toc-heading-1\" href=\"https:\/\/raum-blick.de\/magazin\/ordnerregale-fuer-ihr-buero\/#%C2%AB_Hier_bewahren_Sie_Arbeitsdokumente_auf_%C2%BB\" >\u00ab Hier bewahren Sie Arbeitsdokumente auf \u00bb<\/a><\/li><li class='ez-toc-page-1 ez-toc-heading-level-2'><a class=\"ez-toc-link ez-toc-heading-2\" href=\"https:\/\/raum-blick.de\/magazin\/ordnerregale-fuer-ihr-buero\/#Ordnung_und_Aesthetik_ergaenzen_sich\" >Ordnung und \u00c4sthetik erg\u00e4nzen sich<\/a><\/li><li class='ez-toc-page-1 ez-toc-heading-level-2'><a class=\"ez-toc-link ez-toc-heading-3\" href=\"https:\/\/raum-blick.de\/magazin\/ordnerregale-fuer-ihr-buero\/#Vielseitige_Regalsysteme_fuer_die_strukturierte_Ordnung_und_ansprechende_Raumgestaltung\" >Vielseitige Regalsysteme f\u00fcr die strukturierte Ordnung und ansprechende Raumgestaltung<\/a><\/li><li class='ez-toc-page-1 ez-toc-heading-level-2'><a class=\"ez-toc-link ez-toc-heading-4\" href=\"https:\/\/raum-blick.de\/magazin\/ordnerregale-fuer-ihr-buero\/#Ausgezeichnetes_Design_fuer_den_massgeschneiderten_Stauraum_mit_individuellem_Stil\" >Ausgezeichnetes Design f\u00fcr den ma\u00dfgeschneiderten Stauraum mit individuellem Stil<\/a><\/li><li class='ez-toc-page-1 ez-toc-heading-level-2'><a class=\"ez-toc-link ez-toc-heading-5\" href=\"https:\/\/raum-blick.de\/magazin\/ordnerregale-fuer-ihr-buero\/#Mit_Regalen_das_Buero_schick_und_praktisch_einrichten\" >Mit Regalen das B\u00fcro schick und praktisch einrichten<\/a><\/li><li class='ez-toc-page-1 ez-toc-heading-level-2'><a class=\"ez-toc-link ez-toc-heading-6\" href=\"https:\/\/raum-blick.de\/magazin\/ordnerregale-fuer-ihr-buero\/#Luftige_Designideen_mit_wohnlichem_Charakter\" >Luftige Designideen mit wohnlichem Charakter<\/a><\/li><\/ul><\/nav><\/div>\n\n<blockquote>\n<p style=\"text-align: justify;\">Renommierte Hersteller wie Konstantin Slawinski, String, Skagerak und die M\u00fcller M\u00f6belwerkst\u00e4tten pr\u00e4sentieren Ihnen deshalb flexible Systeme, die sich f\u00fcr individuelle Einrichtungsideen eignen.<\/p>\n<\/blockquote>\n<h2><span class=\"ez-toc-section\" id=\"Vielseitige_Regalsysteme_fuer_die_strukturierte_Ordnung_und_ansprechende_Raumgestaltung\"><\/span>Vielseitige Regalsysteme f\u00fcr die strukturierte Ordnung und ansprechende Raumgestaltung<span class=\"ez-toc-section-end\"><\/span><\/h2>\n<p style=\"text-align: justify;\">Im B\u00fcro mit Publikumsverkehr hat es Vorteile, den Arbeitsplatz vom Empfangsbereich zu trennen. Gleicherma\u00dfen kann es sich in der privaten Wohnwelt ergeben, dass ein Raum mehreren Bed\u00fcrfnissen gerecht werden muss. Bei diesen kombinierten Einrichtungskonzepten ist es ideal, wenn Sie das Ordnerregal als Raumteiler nutzen k\u00f6nnen. Hierf\u00fcr ist das M\u00f6belsystem YU von Konstantin Slawinski wie geschaffen.<\/p>\n<p><img loading=\"lazy\" decoding=\"async\" class=\"aligncenter wp-image-4960 size-full\" title=\"Konstantin Slawinski: Regalsystem SL052 YU | 1 Reihe\" src=\"https:\/\/www.raum-blick.de\/magazin\/wp-content\/uploads\/2018\/03\/Konstantin-Slawinski-Regalsystem-SL052-YU-1-Reihe.jpg\" alt=\"Konstantin Slawinski Regalsystem SL052 YU 1 Reihe\" width=\"600\" height=\"350\" srcset=\"https:\/\/raum-blick.de\/magazin\/wp-content\/uploads\/2018\/03\/Konstantin-Slawinski-Regalsystem-SL052-YU-1-Reihe.jpg 600w, https:\/\/raum-blick.de\/magazin\/wp-content\/uploads\/2018\/03\/Konstantin-Slawinski-Regalsystem-SL052-YU-1-Reihe-300x175.jpg 300w\" sizes=\"(max-width: 600px) 100vw, 600px\" \/><\/p>\n<p style=\"text-align: justify;\">Jedes Modul unterteilt sich in neun identische F\u00e4cher, von denen die meisten r\u00fcckseitig geschlossen und einige offen gestaltet sind. Im Arbeitsbereich k\u00f6nnen Sie dadurch griffbereit Ordner aufbewahren, ohne dass sie auf der anderen Seite sichtbar sind. Die R\u00fcckwand lockert die Atmosph\u00e4re gleichzeitig angenehm auf, da die vielfarbige Gestaltung wie ein Mosaik wirkt. Dank der offenen Einheiten f\u00fchlen Sie sich au\u00dferdem nicht komplett abgeschottet, wenn Sie hinter dem Raumtrenner am Schreibtisch sitzen.<\/p>\n<p><img loading=\"lazy\" decoding=\"async\" class=\"aligncenter wp-image-4962 size-full\" title=\"Konstantin Slawinski: Regalsystem SL052 YU | 2 Reihen\" src=\"https:\/\/www.raum-blick.de\/magazin\/wp-content\/uploads\/2018\/03\/Konstantin-Slawinski-Regalsystem-SL052-YU-2-Reihen.jpg\" alt=\"Konstantin Slawinski Regalsystem SL052 YU 2 Reihen\" width=\"600\" height=\"497\" srcset=\"https:\/\/raum-blick.de\/magazin\/wp-content\/uploads\/2018\/03\/Konstantin-Slawinski-Regalsystem-SL052-YU-2-Reihen.jpg 600w, https:\/\/raum-blick.de\/magazin\/wp-content\/uploads\/2018\/03\/Konstantin-Slawinski-Regalsystem-SL052-YU-2-Reihen-300x249.jpg 300w\" sizes=\"(max-width: 600px) 100vw, 600px\" \/><\/p>\n<p style=\"text-align: justify;\">Knut V\u00f6lzke achtete bei seinem Entwurf aus dem Jahr 2015 auf ein hohes Ma\u00df an Flexibilit\u00e4t. Das B\u00fcroregal k\u00f6nnen Sie nicht nur passend zum Bedarf in der H\u00f6he und Breite erweitern. Es spricht auch nichts gegen andere kreative Ideen wie die Verwendung als Beistelltisch oder Empfangstheke.<\/p>\n<p><img loading=\"lazy\" decoding=\"async\" class=\"aligncenter wp-image-4964 size-full\" title=\"Konstantin Slawinski: Regalsystem SL52 YU | 3 Reihen\" src=\"https:\/\/www.raum-blick.de\/magazin\/wp-content\/uploads\/2018\/03\/Konstantin-Slawinski-Regalsystem-SL52-YU-3-Reihen.jpg\" alt=\"Konstantin Slawinski Regalsystem SL52 YU 3 Reihen\" width=\"600\" height=\"570\" srcset=\"https:\/\/raum-blick.de\/magazin\/wp-content\/uploads\/2018\/03\/Konstantin-Slawinski-Regalsystem-SL52-YU-3-Reihen.jpg 600w, https:\/\/raum-blick.de\/magazin\/wp-content\/uploads\/2018\/03\/Konstantin-Slawinski-Regalsystem-SL52-YU-3-Reihen-300x285.jpg 300w\" sizes=\"(max-width: 600px) 100vw, 600px\" \/><\/p>\n<p style=\"text-align: justify;\">Da der Designer die Regale aus pulverbeschichtetem Stahl, ge\u00f6lter Eiche und MDF pr\u00e4zise optimierte, \u00fcberzeugt das M\u00f6belprogramm bis ins kleinste Detail: Beispielsweise wurde die H\u00f6he der Regaleinheiten so gew\u00e4hlt, dass sie mit den genormten Ma\u00dfen klassischer Aktenordner harmoniert.<\/p>\n<h2><span class=\"ez-toc-section\" id=\"Ausgezeichnetes_Design_fuer_den_massgeschneiderten_Stauraum_mit_individuellem_Stil\"><\/span>Ausgezeichnetes Design f\u00fcr den ma\u00dfgeschneiderten Stauraum mit individuellem Stil<span class=\"ez-toc-section-end\"><\/span><\/h2>\n<p style=\"text-align: justify;\">Die seit \u00fcber 140 Jahren gepflegte Liebe zum Handwerk vereint sich bei den <a href=\"https:\/\/www.raum-blick.de\/mueller-moebelwerkstaetten\/\">M\u00fcller M\u00f6belwerkst\u00e4tten<\/a> mit einem ausgepr\u00e4gten Sinn f\u00fcrs Detail und der Offenheit f\u00fcr innovative L\u00f6sungen. Clevere Einrichtungsideen sind demnach die Spezialit\u00e4t des Herstellers, f\u00fcr den Florian Gross das preisgekr\u00f6nte Ordnerregal Konnex entwarf. Die dreiteiligen Sets mit Boxen aus Schichtstoffplatten k\u00f6nnen einzeln auf dem Boden oder an der Wand platziert werden. Alternativ nutzen Sie die kammartigen Fr\u00e4sungen, um die Module zusammenzustecken und nach Belieben weitere Sets zu erg\u00e4nzen.<\/p>\n<p><img loading=\"lazy\" decoding=\"async\" class=\"aligncenter wp-image-4953 size-full\" title=\"Konnex Bodenregal von M\u00fcller M\u00f6belwerkst\u00e4tten\" src=\"https:\/\/www.raum-blick.de\/magazin\/wp-content\/uploads\/2018\/03\/Konnex-Bodenregal-von-Mueller-Moebelwerkstaetten.jpg\" alt=\"Konnex Bodenregal von Mueller Moebelwerkstaetten\" width=\"600\" height=\"687\" srcset=\"https:\/\/raum-blick.de\/magazin\/wp-content\/uploads\/2018\/03\/Konnex-Bodenregal-von-Mueller-Moebelwerkstaetten.jpg 600w, https:\/\/raum-blick.de\/magazin\/wp-content\/uploads\/2018\/03\/Konnex-Bodenregal-von-Mueller-Moebelwerkstaetten-262x300.jpg 262w\" sizes=\"(max-width: 600px) 100vw, 600px\" \/><\/p>\n<p style=\"text-align: justify;\">Dabei ergeben sich unz\u00e4hlige M\u00f6glichkeiten, wie Sie die Komponenten arrangieren. Sie erhalten dadurch bemerkenswert viel Freiraum, da Sie das formale Design kreativ beeinflussen und mit dem Ordnerregal das B\u00fcro sehr individuell gestalten k\u00f6nnen.<\/p>\n<p><img loading=\"lazy\" decoding=\"async\" class=\"aligncenter wp-image-4955 size-full\" title=\"Konnex Regal von M\u00fcller M\u00f6belwerkst\u00e4tten\" src=\"https:\/\/www.raum-blick.de\/magazin\/wp-content\/uploads\/2018\/03\/Konnex-Regal-von-Mueller-Moebelwerkstaetten.jpg\" alt=\"Konnex Regal von Mueller Moebelwerkstaetten\" width=\"600\" height=\"600\" srcset=\"https:\/\/raum-blick.de\/magazin\/wp-content\/uploads\/2018\/03\/Konnex-Regal-von-Mueller-Moebelwerkstaetten.jpg 600w, https:\/\/raum-blick.de\/magazin\/wp-content\/uploads\/2018\/03\/Konnex-Regal-von-Mueller-Moebelwerkstaetten-150x150.jpg 150w, https:\/\/raum-blick.de\/magazin\/wp-content\/uploads\/2018\/03\/Konnex-Regal-von-Mueller-Moebelwerkstaetten-300x300.jpg 300w\" sizes=\"(max-width: 600px) 100vw, 600px\" \/><\/p>\n<p style=\"text-align: justify;\">Au\u00dferdem ist es jederzeit m\u00f6glich, das urspr\u00fcngliche Arrangement zu verwerfen und das Interieur an die ver\u00e4nderten Bed\u00fcrfnisse anzupassen. Hierbei ist von Vorteil, dass das Designkonzept auf Schrauben und \u00e4hnliche Bauteile komplett verzichtet.<\/p>\n<p><img loading=\"lazy\" decoding=\"async\" class=\"aligncenter wp-image-4951 size-full\" title=\"Konnex Wandregal von M\u00fcller M\u00f6belwerkst\u00e4tten\" src=\"https:\/\/www.raum-blick.de\/magazin\/wp-content\/uploads\/2018\/03\/Konnex-Wandregal-von-Mueller-Moebelwerkstaetten.jpg\" alt=\"Konnex Wandregal von Mueller Moebelwerkstaetten\" width=\"600\" height=\"600\" srcset=\"https:\/\/raum-blick.de\/magazin\/wp-content\/uploads\/2018\/03\/Konnex-Wandregal-von-Mueller-Moebelwerkstaetten.jpg 600w, https:\/\/raum-blick.de\/magazin\/wp-content\/uploads\/2018\/03\/Konnex-Wandregal-von-Mueller-Moebelwerkstaetten-150x150.jpg 150w, https:\/\/raum-blick.de\/magazin\/wp-content\/uploads\/2018\/03\/Konnex-Wandregal-von-Mueller-Moebelwerkstaetten-300x300.jpg 300w\" sizes=\"(max-width: 600px) 100vw, 600px\" \/><\/p>\n<p style=\"text-align: justify;\">Ideal ist das Multitalent des deutschen Traditionsunternehmens, wenn Sie das Regalsystem nicht ausschlie\u00dflich f\u00fcr Ordner ben\u00f6tigen. Denn beim Zusammenf\u00fcgen der Elemente k\u00f6nnen Sie daf\u00fcr sorgen, dass F\u00e4cher mit verschiedensten Formaten entstehen. So ergeben sich beim B\u00fcroregal passgenaue Stammpl\u00e4tze f\u00fcr Aktenordner, B\u00fccher, Stifte, Schreibpapier und andere Utensilien im Arbeitszimmer.<\/p>\n<h2><span class=\"ez-toc-section\" id=\"Mit_Regalen_das_Buero_schick_und_praktisch_einrichten\"><\/span>Mit Regalen das B\u00fcro schick und praktisch einrichten<span class=\"ez-toc-section-end\"><\/span><\/h2>\n<p style=\"text-align: justify;\">Selbstverst\u00e4ndlich ist die Einrichtung mit einem Ordnerregal im B\u00fcro nicht komplett. Es ist deshalb gut m\u00f6glich, dass Sie generell nach einer exzellent durchdachten M\u00f6bellinie f\u00fcr das Arbeitszimmer suchen.<\/p>\n<p><a href=\"https:\/\/www.raum-blick.de\/string-pocket-regal\"><img loading=\"lazy\" decoding=\"async\" class=\"aligncenter wp-image-4945 size-full\" title=\"Pocket Wandregal von String\" src=\"https:\/\/www.raum-blick.de\/magazin\/wp-content\/uploads\/2018\/03\/Wandregal-Pocket-von-String.jpg\" alt=\"Wandregal Pocket von String\" width=\"600\" height=\"550\" srcset=\"https:\/\/raum-blick.de\/magazin\/wp-content\/uploads\/2018\/03\/Wandregal-Pocket-von-String.jpg 600w, https:\/\/raum-blick.de\/magazin\/wp-content\/uploads\/2018\/03\/Wandregal-Pocket-von-String-300x275.jpg 300w\" sizes=\"(max-width: 600px) 100vw, 600px\" \/><\/a><\/p>\n<p style=\"text-align: justify;\">Im Jahr 1949 entwickelte Nils Strinning f\u00fcr den Wettbewerb eines schwedischen Buchverlags das <a href=\"https:\/\/www.raum-blick.de\/string-regal\/\">String Regal<\/a>. Anschlie\u00dfend avancierte das Regalsystem zum Designklassiker und wurde umfangreich erweitert.<\/p>\n<p><img loading=\"lazy\" decoding=\"async\" class=\"aligncenter wp-image-4938 size-full\" title=\"Seitenteile des String Regalsystems\" src=\"https:\/\/www.raum-blick.de\/magazin\/wp-content\/uploads\/2018\/03\/Seitenteile-des-String-Regalsystem.jpg\" alt=\"Seitenteile des String Regalsystem\" width=\"600\" height=\"600\" srcset=\"https:\/\/raum-blick.de\/magazin\/wp-content\/uploads\/2018\/03\/Seitenteile-des-String-Regalsystem.jpg 600w, https:\/\/raum-blick.de\/magazin\/wp-content\/uploads\/2018\/03\/Seitenteile-des-String-Regalsystem-150x150.jpg 150w, https:\/\/raum-blick.de\/magazin\/wp-content\/uploads\/2018\/03\/Seitenteile-des-String-Regalsystem-300x300.jpg 300w\" sizes=\"(max-width: 600px) 100vw, 600px\" \/><\/p>\n<p style=\"text-align: justify;\">Das zentrale Element des Regals String sind leiterartige Seitenteile, die mit allen verf\u00fcgbaren Komponenten der Marke kombiniert werden k\u00f6nnen. Wenn Sie Regale f\u00fcr ein B\u00fcro gestalten m\u00f6chten, die optimal zu Ihren Arbeitsabl\u00e4ufen passen, liegen Sie mit dem legend\u00e4ren M\u00f6belkonzept aus Skandinavien richtig.<\/p>\n<p><a href=\"https:\/\/www.raum-blick.de\/string-schrank-mit-schiebetueren\"><img loading=\"lazy\" decoding=\"async\" class=\"aligncenter wp-image-4940 size-full\" title=\"Schrank mit Schiebet\u00fcren des String Regalsystems\" src=\"https:\/\/www.raum-blick.de\/magazin\/wp-content\/uploads\/2018\/03\/Schrank-mit-Schiebetueren-des-String-Regalsystem.jpg\" alt=\"Schrank mit Schiebetueren des String Regalsystem\" width=\"600\" height=\"530\" srcset=\"https:\/\/raum-blick.de\/magazin\/wp-content\/uploads\/2018\/03\/Schrank-mit-Schiebetueren-des-String-Regalsystem.jpg 600w, https:\/\/raum-blick.de\/magazin\/wp-content\/uploads\/2018\/03\/Schrank-mit-Schiebetueren-des-String-Regalsystem-300x265.jpg 300w\" sizes=\"(max-width: 600px) 100vw, 600px\" \/><\/a><\/p>\n<p style=\"text-align: justify;\">Integrieren Sie beispielsweise Schr\u00e4nke mit Schiebet\u00fcren f\u00fcr die geschlossene Aufbewahrung der archivierten Dokumente. Ein offenes Ordnerregal empfiehlt sich hingegen f\u00fcr B\u00fccher und Materialien, in denen Sie gelegentlich etwas nachschlagen m\u00fcssen.<\/p>\n<p><a href=\"https:\/\/www.raum-blick.de\/string-zeitschriftenablage\"><img loading=\"lazy\" decoding=\"async\" class=\"aligncenter wp-image-4942 size-full\" title=\"Zeitschriftenablage des String Regalsystems\" src=\"https:\/\/www.raum-blick.de\/magazin\/wp-content\/uploads\/2018\/03\/Zeitschriftenablage-des-String-Regalsystem.jpg\" alt=\"Zeitschriftenablage des String Regalsystem\" width=\"600\" height=\"585\" srcset=\"https:\/\/raum-blick.de\/magazin\/wp-content\/uploads\/2018\/03\/Zeitschriftenablage-des-String-Regalsystem.jpg 600w, https:\/\/raum-blick.de\/magazin\/wp-content\/uploads\/2018\/03\/Zeitschriftenablage-des-String-Regalsystem-300x293.jpg 300w\" sizes=\"(max-width: 600px) 100vw, 600px\" \/><\/a><\/p>\n<p style=\"text-align: justify;\">Die schr\u00e4gen Ablagen der Kollektion sind ideal, um die aktuell gefragten Dokumente griffbereit auszubreiten. Das sowohl funktionale als auch elegante Programm bietet Ihnen au\u00dferdem die M\u00f6glichkeit, Schreibtisch und Organizer f\u00fcr B\u00fcroutensilien direkt in die Regale einzuf\u00fcgen. Sie freuen sich demnach nicht nur \u00fcber ein Ordnerregal, das bestm\u00f6glich auf Ihre Bed\u00fcrfnisse eingeht. Mit dem vielseitigen Regalsystem k\u00f6nnen Sie selbst B\u00fcrom\u00f6bel entwerfen und ein professionelles Arbeitszimmer gestalten.<\/p>\n<p><img loading=\"lazy\" decoding=\"async\" class=\"aligncenter wp-image-3749 size-full\" title=\"Regalsystem von String\" src=\"https:\/\/www.raum-blick.de\/magazin\/wp-content\/uploads\/2017\/08\/Regalboeden-Regalsystem-von-String.jpg\" alt=\"Regalsystem von String\" width=\"600\" height=\"720\" srcset=\"https:\/\/raum-blick.de\/magazin\/wp-content\/uploads\/2017\/08\/Regalboeden-Regalsystem-von-String.jpg 600w, https:\/\/raum-blick.de\/magazin\/wp-content\/uploads\/2017\/08\/Regalboeden-Regalsystem-von-String-250x300.jpg 250w\" sizes=\"(max-width: 600px) 100vw, 600px\" \/><\/p>\n<h2><span class=\"ez-toc-section\" id=\"Luftige_Designideen_mit_wohnlichem_Charakter\"><\/span>Luftige Designideen mit wohnlichem Charakter<span class=\"ez-toc-section-end\"><\/span><\/h2>\n<p style=\"text-align: justify;\">Beim Ordnerregal im B\u00fcro stehen die praktischen Eigenschaften im Vordergrund. Die Anspr\u00fcche ver\u00e4ndern sich zum Beispiel bei der Gestaltung eines Appartements, in dem sich der Arbeitsplatz mit der Wohnwelt r\u00e4umlich vereint. Derartigen Einrichtungsideen kommt das Ordnerregal Do von <a href=\"https:\/\/www.raum-blick.de\/skagerak\/\">Skagerak<\/a> entgegen, das von strahlend wei\u00dfen Fl\u00e4chen ebenso gepr\u00e4gt wird wie von naturbelassener Eiche. Dank der gew\u00e4hlten Materialien erh\u00e4lt das Design einen gem\u00fctlichen Akzent und wirkt angenehm luftig.<\/p>\n<p><img loading=\"lazy\" decoding=\"async\" class=\"aligncenter wp-image-4927 size-full\" title=\"DO Regal von Skagerak\" src=\"https:\/\/www.raum-blick.de\/magazin\/wp-content\/uploads\/2018\/03\/DO-Regal-von-Skagerak.jpg\" alt=\"DO Regal von Skagerak\" width=\"600\" height=\"520\" srcset=\"https:\/\/raum-blick.de\/magazin\/wp-content\/uploads\/2018\/03\/DO-Regal-von-Skagerak.jpg 600w, https:\/\/raum-blick.de\/magazin\/wp-content\/uploads\/2018\/03\/DO-Regal-von-Skagerak-300x260.jpg 300w\" sizes=\"(max-width: 600px) 100vw, 600px\" \/><\/p>\n<p style=\"text-align: justify;\">Rikke Frost gestaltete f\u00fcr die Serie ein weiteres Regal, das an einem anderen Ort im Raum als TV-Board ins Spiel gebracht werden kann. So ergeben sich stilistische Bez\u00fcge zwischen den Einrichtungsobjekten, die dem harmonischen Flair zugutekommen. Zu den B\u00fcroregalen der Linie Do passen die weiteren Kollektionen der d\u00e4nischen Marke wunderbar, die sich ebenso zur \u00e4sthetischen Leichtigkeit bekennen.<\/p>\n<p><img loading=\"lazy\" decoding=\"async\" class=\"aligncenter wp-image-4934 size-full\" title=\"Georg Esstisch von Skagerak\" src=\"https:\/\/www.raum-blick.de\/magazin\/wp-content\/uploads\/2018\/03\/Georg-Esstisch-von-Skagerak-e1519228258785.jpg\" alt=\"Georg Esstisch von Skagerak\" width=\"600\" height=\"600\" srcset=\"https:\/\/raum-blick.de\/magazin\/wp-content\/uploads\/2018\/03\/Georg-Esstisch-von-Skagerak-e1519228258785.jpg 600w, https:\/\/raum-blick.de\/magazin\/wp-content\/uploads\/2018\/03\/Georg-Esstisch-von-Skagerak-e1519228258785-150x150.jpg 150w, https:\/\/raum-blick.de\/magazin\/wp-content\/uploads\/2018\/03\/Georg-Esstisch-von-Skagerak-e1519228258785-300x300.jpg 300w\" sizes=\"(max-width: 600px) 100vw, 600px\" \/><\/p>\n<p style=\"text-align: justify;\">Tags\u00fcber ist der Eichentisch Georg ein gro\u00dfz\u00fcgig bemessener Arbeitsplatz. K\u00fcndigen sich abends G\u00e4ste an, verwandelt er sich in Kombination mit den Sitzb\u00e4nken der Serie in eine schicke Tafel f\u00fcrs Dinner. Die Designideen von Skagerak sind ein hervorragendes Beispiel daf\u00fcr, dass Regale nicht nur ein praktischer Stauraum f\u00fcr Ordner und andere Gegenst\u00e4nde sind. Design-Regalsysteme k\u00f6nnen ma\u00dfgeblich dazu beitragen, dass sich ein dynamisches und modernes Ambiente entfaltet.<\/p>\n","protected":false},"excerpt":{"rendered":"<p>\u00ab Hier bewahren Sie Arbeitsdokumente auf \u00bb Um im Arbeitszimmer die \u00dcbersicht zu bewahren, sollten Akten, Ordner und Dokumente gut sortiert und aufbewahrt werden. Zu diesem Zweck darf ein funktionelles Ordnerregal im B\u00fcro nicht fehlen. Mehrere L\u00f6sungen bieten sich hierf\u00fcr als das passende Regal an. Ordnung und \u00c4sthetik erg\u00e4nzen sich Beruflich und privat sammeln sich [&hellip;]<\/p>\n","protected":false},"author":4,"featured_media":4967,"comment_status":"closed","ping_status":"open","sticky":false,"template":"","format":"standard","meta":{"_et_pb_use_builder":"","_et_pb_old_content":"","_et_gb_content_width":"","inline_featured_image":false,"footnotes":""},"categories":[1],"tags":[419,543,113,80,542,168,16,19,24,25],"class_list":["post-4922","post","type-post","status-publish","format-standard","has-post-thumbnail","hentry","category-drinnen","tag-buero","tag-konnex","tag-konstantin-slawinski","tag-mueller-moebelwerkstaetten","tag-ordnerregale","tag-regale","tag-regalsysteme","tag-skagerak","tag-string-pocket","tag-wandregale"],"_links":{"self":[{"href":"https:\/\/raum-blick.de\/magazin\/wp-json\/wp\/v2\/posts\/4922","targetHints":{"allow":["GET"]}}],"collection":[{"href":"https:\/\/raum-blick.de\/magazin\/wp-json\/wp\/v2\/posts"}],"about":[{"href":"https:\/\/raum-blick.de\/magazin\/wp-json\/wp\/v2\/types\/post"}],"author":[{"embeddable":true,"href":"https:\/\/raum-blick.de\/magazin\/wp-json\/wp\/v2\/users\/4"}],"replies":[{"embeddable":true,"href":"https:\/\/raum-blick.de\/magazin\/wp-json\/wp\/v2\/comments?post=4922"}],"version-history":[{"count":39,"href":"https:\/\/raum-blick.de\/magazin\/wp-json\/wp\/v2\/posts\/4922\/revisions"}],"predecessor-version":[{"id":20800,"href":"https:\/\/raum-blick.de\/magazin\/wp-json\/wp\/v2\/posts\/4922\/revisions\/20800"}],"wp:featuredmedia":[{"embeddable":true,"href":"https:\/\/raum-blick.de\/magazin\/wp-json\/wp\/v2\/media\/4967"}],"wp:attachment":[{"href":"https:\/\/raum-blick.de\/magazin\/wp-json\/wp\/v2\/media?parent=4922"}],"wp:term":[{"taxonomy":"category","embeddable":true,"href":"https:\/\/raum-blick.de\/magazin\/wp-json\/wp\/v2\/categories?post=4922"},{"taxonomy":"post_tag","embeddable":true,"href":"https:\/\/raum-blick.de\/magazin\/wp-json\/wp\/v2\/tags?post=4922"}],"curies":[{"name":"wp","href":"https:\/\/api.w.org\/{rel}","templated":true}]}}