{"id":4831,"date":"2018-01-29T13:19:08","date_gmt":"2018-01-29T12:19:08","guid":{"rendered":"https:\/\/www.raum-blick.de\/magazin\/?p=4831"},"modified":"2024-08-27T09:47:56","modified_gmt":"2024-08-27T07:47:56","slug":"skandinavische-lampen","status":"publish","type":"post","link":"https:\/\/raum-blick.de\/magazin\/skandinavische-lampen\/","title":{"rendered":"Skandinavische Lampen"},"content":{"rendered":"<h2><span class=\"ez-toc-section\" id=\"%C2%AB_Das_Licht_des_Nordens_in_Ihrem_Zuhause_%C2%BB\"><\/span>\u00ab Das Licht des Nordens in Ihrem Zuhause \u00bb<span class=\"ez-toc-section-end\"><\/span><\/h2>\n<p style=\"text-align: justify;\"><strong>Mit der gelungenen Symbiose aus zeitgem\u00e4\u00dfer Funktionalit\u00e4t und ansprechender Form begeistert skandinavisches Design. Hinzu gesellt sich ein Minimalismus, der raffiniert abgerundet wird und Bez\u00fcge zur heimatlichen Tradition oder Natur aufweist. Vielerorts wird das Leben von geographischen Besonderheiten wie dem Polarlicht, der sommerlichen Mitternachtssonne und der andauernden Dunkelheit im Winter gepr\u00e4gt. Diese generelle Bedeutung des Lichts tr\u00e4gt vermutlich dazu bei, dass Designer aus dem hohen Norden das Flair mit au\u00dfergew\u00f6hnlich sch\u00f6nen Lampen bereichern.<\/strong><\/p>\n<h2><span class=\"ez-toc-section\" id=\"Skandinaviens_fruehe_Begeisterung_fuer_formschoenen_Funktionalismus\"><\/span>Skandinaviens fr\u00fche Begeisterung f\u00fcr formsch\u00f6nen Funktionalismus<span class=\"ez-toc-section-end\"><\/span><\/h2>\n<p style=\"text-align: justify;\">Zuf\u00e4llig entdeckte Gubi Olsen in einem Kopenhagener Schuhladen die Tischleuchte Bestlite und war von ihrer sachlichen \u00c4sthetik ebenso fasziniert wie von ihrer wegweisenden Funktionalit\u00e4t. Urheber des Entwurfes aus dem 1930er Jahren war Robert Dudley Best, der in seiner britischen Heimat mit den Design-Leuchten auf wenig Interesse stie\u00df. Der D\u00e4ne traf deshalb bei seiner Gesch\u00e4ftsreise nach Birmingham auf einen insolventen Betrieb und sicherte sich die Produktionsrechte f\u00fcr die Bestlite. Vielleicht offenbarten sich ihm die Parallelen zur Bauhaus-Schule, von denen sich damals die Pioniere f\u00fcr skandinavisches Design wie Arne Jacobsen und Alvar Aalto inspirieren lie\u00dfen.<\/p><div id=\"ez-toc-container\" class=\"ez-toc-v2_0_82_2 counter-hierarchy ez-toc-counter ez-toc-grey ez-toc-container-direction\">\n<div class=\"ez-toc-title-container\">\n<p class=\"ez-toc-title\" style=\"cursor:inherit\">Was hier auf Sie wartet<\/p>\n<span class=\"ez-toc-title-toggle\"><a href=\"#\" class=\"ez-toc-pull-right ez-toc-btn ez-toc-btn-xs ez-toc-btn-default ez-toc-toggle\" aria-label=\"Toggle Table of Content\"><span class=\"ez-toc-js-icon-con\"><span class=\"\"><span class=\"eztoc-hide\" style=\"display:none;\">Toggle<\/span><span class=\"ez-toc-icon-toggle-span\"><svg style=\"fill: #999;color:#999\" xmlns=\"http:\/\/www.w3.org\/2000\/svg\" class=\"list-377408\" width=\"20px\" height=\"20px\" viewBox=\"0 0 24 24\" fill=\"none\"><path d=\"M6 6H4v2h2V6zm14 0H8v2h12V6zM4 11h2v2H4v-2zm16 0H8v2h12v-2zM4 16h2v2H4v-2zm16 0H8v2h12v-2z\" fill=\"currentColor\"><\/path><\/svg><svg style=\"fill: #999;color:#999\" class=\"arrow-unsorted-368013\" xmlns=\"http:\/\/www.w3.org\/2000\/svg\" width=\"10px\" height=\"10px\" viewBox=\"0 0 24 24\" version=\"1.2\" baseProfile=\"tiny\"><path d=\"M18.2 9.3l-6.2-6.3-6.2 6.3c-.2.2-.3.4-.3.7s.1.5.3.7c.2.2.4.3.7.3h11c.3 0 .5-.1.7-.3.2-.2.3-.5.3-.7s-.1-.5-.3-.7zM5.8 14.7l6.2 6.3 6.2-6.3c.2-.2.3-.5.3-.7s-.1-.5-.3-.7c-.2-.2-.4-.3-.7-.3h-11c-.3 0-.5.1-.7.3-.2.2-.3.5-.3.7s.1.5.3.7z\"\/><\/svg><\/span><\/span><\/span><\/a><\/span><\/div>\n<nav><ul class='ez-toc-list ez-toc-list-level-1 ' ><li class='ez-toc-page-1 ez-toc-heading-level-2'><a class=\"ez-toc-link ez-toc-heading-1\" href=\"https:\/\/raum-blick.de\/magazin\/skandinavische-lampen\/#%C2%AB_Das_Licht_des_Nordens_in_Ihrem_Zuhause_%C2%BB\" >\u00ab Das Licht des Nordens in Ihrem Zuhause \u00bb<\/a><\/li><li class='ez-toc-page-1 ez-toc-heading-level-2'><a class=\"ez-toc-link ez-toc-heading-2\" href=\"https:\/\/raum-blick.de\/magazin\/skandinavische-lampen\/#Skandinaviens_fruehe_Begeisterung_fuer_formschoenen_Funktionalismus\" >Skandinaviens fr\u00fche Begeisterung f\u00fcr formsch\u00f6nen Funktionalismus<\/a><\/li><li class='ez-toc-page-1 ez-toc-heading-level-2'><a class=\"ez-toc-link ez-toc-heading-3\" href=\"https:\/\/raum-blick.de\/magazin\/skandinavische-lampen\/#Ungewoehnliche_Akzente_fuer_funktionelle_Klassiker\" >Ungew\u00f6hnliche Akzente f\u00fcr funktionelle Klassiker<\/a><\/li><li class='ez-toc-page-1 ez-toc-heading-level-2'><a class=\"ez-toc-link ez-toc-heading-4\" href=\"https:\/\/raum-blick.de\/magazin\/skandinavische-lampen\/#Pures_Lichtdesign_fuer_kreative_Einrichtungsideen\" >Pures Lichtdesign f\u00fcr kreative Einrichtungsideen<\/a><\/li><li class='ez-toc-page-1 ez-toc-heading-level-2'><a class=\"ez-toc-link ez-toc-heading-5\" href=\"https:\/\/raum-blick.de\/magazin\/skandinavische-lampen\/#Fortschrittliche_Design-Leuchten_fuer_die_distinktive_Lebensart\" >Fortschrittliche Design-Leuchten f\u00fcr die distinktive Lebensart<\/a><\/li><li class='ez-toc-page-1 ez-toc-heading-level-2'><a class=\"ez-toc-link ez-toc-heading-6\" href=\"https:\/\/raum-blick.de\/magazin\/skandinavische-lampen\/#Rundum_ueberzeugende_Accessoires_fuer_stilvolle_und_lebensnahe_Einrichtungsideen\" >Rundum \u00fcberzeugende Accessoires f\u00fcr stilvolle und lebensnahe Einrichtungsideen<\/a><\/li><\/ul><\/nav><\/div>\n\n<p><a href=\"https:\/\/www.raum-blick.de\/gubi-bestlite-tischleuchte-bl1\"><img loading=\"lazy\" decoding=\"async\" class=\"aligncenter wp-image-4844 size-full\" title=\"Tischleuchte von Gubi: Bestlite BL1\" src=\"https:\/\/www.raum-blick.de\/magazin\/wp-content\/uploads\/2018\/01\/Gubi-Bestlite-BL1-Tischleuchte.jpg\" alt=\"Gubi Bestlite BL1 Tischleuchte\" width=\"600\" height=\"600\" srcset=\"https:\/\/raum-blick.de\/magazin\/wp-content\/uploads\/2018\/01\/Gubi-Bestlite-BL1-Tischleuchte.jpg 600w, https:\/\/raum-blick.de\/magazin\/wp-content\/uploads\/2018\/01\/Gubi-Bestlite-BL1-Tischleuchte-150x150.jpg 150w, https:\/\/raum-blick.de\/magazin\/wp-content\/uploads\/2018\/01\/Gubi-Bestlite-BL1-Tischleuchte-300x300.jpg 300w\" sizes=\"(max-width: 600px) 100vw, 600px\" \/><\/a><\/p>\n<p style=\"text-align: justify;\">So z\u00e4hlt die Leuchte trotz ihrer Wurzeln in Gro\u00dfbritannien zu den weltbekannten Design-Ikonen einer d\u00e4nischen Marke <a href=\"https:\/\/www.raum-blick.de\/gubi\/\">Gubi<\/a>. Heutzutage vereint die umfangreiche Kollektion einen Hauch von Nostalgie mit zeitlos faszinierendem Funktionalismus. Aufgrund des integrierten Kugelgelenks l\u00e4sst sich die Lichtwirkung bei nahezu allen Modellen sehr gezielt ausrichten.<\/p>\n<p><img loading=\"lazy\" decoding=\"async\" class=\"aligncenter wp-image-4845 size-full\" title=\"Tischleuchte von Gubi: Bestlite BL2\" src=\"https:\/\/www.raum-blick.de\/magazin\/wp-content\/uploads\/2018\/01\/Gubi-Bestlite-BL2-Tischleuchte.jpg\" alt=\"Gubi Bestlite BL2 Tischleuchte\" width=\"600\" height=\"600\" srcset=\"https:\/\/raum-blick.de\/magazin\/wp-content\/uploads\/2018\/01\/Gubi-Bestlite-BL2-Tischleuchte.jpg 600w, https:\/\/raum-blick.de\/magazin\/wp-content\/uploads\/2018\/01\/Gubi-Bestlite-BL2-Tischleuchte-150x150.jpg 150w, https:\/\/raum-blick.de\/magazin\/wp-content\/uploads\/2018\/01\/Gubi-Bestlite-BL2-Tischleuchte-300x300.jpg 300w\" sizes=\"(max-width: 600px) 100vw, 600px\" \/><\/p>\n<p style=\"text-align: justify;\">Auf dem Schreibtisch im B\u00fcro macht sich die legend\u00e4re Tischlampe sehr schick, deren \u00c4sthetik Sie durch weitere Wandleuchten im Raum gekonnt aufgreifen k\u00f6nnen. Diese bereichern beim Verweilen am Arbeitsplatz das Ambiente mit indirekten Lichtakzenten und erf\u00fcllen einen praktischen Zweck, wenn Sie unter den Wandlampen einen Lesesessel f\u00fcr entspannte Arbeitsphasen platzieren.<\/p>\n<h2><span class=\"ez-toc-section\" id=\"Ungewoehnliche_Akzente_fuer_funktionelle_Klassiker\"><\/span>Ungew\u00f6hnliche Akzente f\u00fcr funktionelle Klassiker<span class=\"ez-toc-section-end\"><\/span><\/h2>\n<p style=\"text-align: justify;\">Designliebhaber verbinden mit dem Markennamen <a href=\"https:\/\/www.raum-blick.de\/le-klint\/\">Le Klint<\/a> skandinavische Leuchten, die kunstvoll von Hand gefaltet werden. Tats\u00e4chlich sch\u00fcrten die plissierten Schirme beim Unternehmensgr\u00fcnder Tage Klint das Interesse f\u00fcrs Lampendesign, die er als Junge bei famili\u00e4ren Bastelstunden mit seinem Vater kreierte. Die Spezialit\u00e4t des K\u00f6niglichen Hoflieferanten sind noch immer Plissee-Lampen, die durch zeitgen\u00f6ssische Serien erg\u00e4nzt werden.<\/p>\n<p><img loading=\"lazy\" decoding=\"async\" class=\"aligncenter wp-image-4841 size-full\" title=\"Wand- und Tischleuchte von Le Klint: Carronade\" src=\"https:\/\/www.raum-blick.de\/magazin\/wp-content\/uploads\/2018\/01\/Le-Klint-Carronade-Wand-und-Tischleuchte.jpg\" alt=\"Le Klint Carronade Wand- und Tischleuchte\" width=\"600\" height=\"580\" srcset=\"https:\/\/raum-blick.de\/magazin\/wp-content\/uploads\/2018\/01\/Le-Klint-Carronade-Wand-und-Tischleuchte.jpg 600w, https:\/\/raum-blick.de\/magazin\/wp-content\/uploads\/2018\/01\/Le-Klint-Carronade-Wand-und-Tischleuchte-300x290.jpg 300w\" sizes=\"(max-width: 600px) 100vw, 600px\" \/><\/p>\n<p style=\"text-align: justify;\">F\u00fcr die Kollektion Carronade zeigt sich Markus Johansson verantwortlich, der passend zur Designtradition seiner Heimat den bestm\u00f6glichen Einklang aus Form und Funktion anstrebt. Technisch orientiert sich der d\u00e4nische Jungdesigner an einem beliebig schwenkbaren Spot, der an die praktische Beleuchtung in Filmstudios erinnert.<\/p>\n<p><img loading=\"lazy\" decoding=\"async\" class=\"aligncenter wp-image-4839 size-full\" title=\"Pendelleuchte von Le Klint: Carronade\" src=\"https:\/\/www.raum-blick.de\/magazin\/wp-content\/uploads\/2018\/01\/Le-Klint-Carronade-Pendelleuchte.jpg\" alt=\"Le Klint Carronade Pendelleuchte\" width=\"600\" height=\"600\" srcset=\"https:\/\/raum-blick.de\/magazin\/wp-content\/uploads\/2018\/01\/Le-Klint-Carronade-Pendelleuchte.jpg 600w, https:\/\/raum-blick.de\/magazin\/wp-content\/uploads\/2018\/01\/Le-Klint-Carronade-Pendelleuchte-150x150.jpg 150w, https:\/\/raum-blick.de\/magazin\/wp-content\/uploads\/2018\/01\/Le-Klint-Carronade-Pendelleuchte-300x300.jpg 300w\" sizes=\"(max-width: 600px) 100vw, 600px\" \/><\/p>\n<p style=\"text-align: justify;\">Mit wenigen Details wie dem auff\u00e4lligen Holzbogen gelingt es ihm jedoch, dass die \u00c4sthetik zu unkonventionellen Assoziationen mit den Kanonen auf Schiffen im 18. Jahrhundert einl\u00e4dt. Dass kleine Modifikationen vertrauter Entw\u00fcrfe etwas Neuartiges hervorbringen und den Betrachter positiv \u00fcberraschen, ist typisch f\u00fcr skandinavische Lampen. Zum Portfolio der Kollektion geh\u00f6rt eine Pendellampe, mit denen Sie den Esstisch in Szene setzen k\u00f6nnen.<\/p>\n<p><img loading=\"lazy\" decoding=\"async\" class=\"aligncenter wp-image-4836 size-full\" title=\"Stehleuchte von Le Klint: Carronade\" src=\"https:\/\/www.raum-blick.de\/magazin\/wp-content\/uploads\/2018\/01\/Le-Klint-Carronade-Stehleuchte.jpg\" alt=\"Le Klint Carronade Stehleuchte\" width=\"600\" height=\"580\" srcset=\"https:\/\/raum-blick.de\/magazin\/wp-content\/uploads\/2018\/01\/Le-Klint-Carronade-Stehleuchte.jpg 600w, https:\/\/raum-blick.de\/magazin\/wp-content\/uploads\/2018\/01\/Le-Klint-Carronade-Stehleuchte-300x290.jpg 300w\" sizes=\"(max-width: 600px) 100vw, 600px\" \/><\/p>\n<p style=\"text-align: justify;\">F\u00fcr die Leseecke empfiehlt sich hingegen die Stehleuchte Carronade, die durch die historisierenden Aspekte und das grazile Gestell zum Blickfang avanciert.<\/p>\n<h2><span class=\"ez-toc-section\" id=\"Pures_Lichtdesign_fuer_kreative_Einrichtungsideen\"><\/span>Pures Lichtdesign f\u00fcr kreative Einrichtungsideen<span class=\"ez-toc-section-end\"><\/span><\/h2>\n<p style=\"text-align: justify;\">Skandinavische Lampen fokussieren sich auf das Wesentliche, ohne dabei langweilig zu wirken. Dieses Bekenntnis zum Minimalismus greift <a href=\"https:\/\/www.raum-blick.de\/nud-collection\/\">NUD Collection<\/a> auf und bel\u00e4sst es bei dem puren Licht. Die \u00e4sthetische Quintessenz ist \u00fcberraschend: Trotz des industriellen Ursprungs der elektrischen Beleuchtung erfreuen die H\u00e4ngeleuchten mit ihrer Nat\u00fcrlichkeit, da auf jedwede gek\u00fcnstelte Details verzichtet wird.<\/p>\n<p><a href=\"https:\/\/www.raum-blick.de\/nud-collection-classic-white-leuchte\"><img loading=\"lazy\" decoding=\"async\" class=\"aligncenter wp-image-4848 size-full\" title=\"Pendelleuchte von NUD Collection: Classic White\" src=\"https:\/\/www.raum-blick.de\/magazin\/wp-content\/uploads\/2018\/01\/NUD-Collection-Classic-White-Pendelleuchte.jpg\" alt=\"NUD Collection Classic White Pendelleuchte\" width=\"600\" height=\"600\" srcset=\"https:\/\/raum-blick.de\/magazin\/wp-content\/uploads\/2018\/01\/NUD-Collection-Classic-White-Pendelleuchte.jpg 600w, https:\/\/raum-blick.de\/magazin\/wp-content\/uploads\/2018\/01\/NUD-Collection-Classic-White-Pendelleuchte-150x150.jpg 150w, https:\/\/raum-blick.de\/magazin\/wp-content\/uploads\/2018\/01\/NUD-Collection-Classic-White-Pendelleuchte-300x300.jpg 300w\" sizes=\"(max-width: 600px) 100vw, 600px\" \/><\/a><\/p>\n<p style=\"text-align: justify;\">Die beliebte Classic Line von NUD bel\u00e4sst es bei einer Fassung aus Porzellan, einem kompakten Baldachin und einem Textilkabel. Im Mittelpunkt steht dadurch die Gl\u00fchbirne als geniale Erfindung, die das Relativieren der Dunkelheit durch eine moderne Beleuchtung erm\u00f6glicht.<\/p>\n<p><a href=\"https:\/\/www.raum-blick.de\/nud-collection-classic-black-leuchte\"><img loading=\"lazy\" decoding=\"async\" class=\"aligncenter wp-image-4849 size-full\" title=\"Pendelleuchte von NUD Collection: Classic Black\" src=\"https:\/\/www.raum-blick.de\/magazin\/wp-content\/uploads\/2018\/01\/NUD-Collection-Classic-Black-Pendelleuchte.jpg\" alt=\"NUD Collection Classic Black Pendelleuchte\" width=\"600\" height=\"600\" srcset=\"https:\/\/raum-blick.de\/magazin\/wp-content\/uploads\/2018\/01\/NUD-Collection-Classic-Black-Pendelleuchte.jpg 600w, https:\/\/raum-blick.de\/magazin\/wp-content\/uploads\/2018\/01\/NUD-Collection-Classic-Black-Pendelleuchte-150x150.jpg 150w, https:\/\/raum-blick.de\/magazin\/wp-content\/uploads\/2018\/01\/NUD-Collection-Classic-Black-Pendelleuchte-300x300.jpg 300w\" sizes=\"(max-width: 600px) 100vw, 600px\" \/><\/a><\/p>\n<p style=\"text-align: justify;\">Designer des Nordens bevorzugen h\u00e4ufig Entw\u00fcrfe, die Ihnen viel Freiraum bei der individuellen Nutzung der Wohnaccessoires gew\u00e4hren. Dieser Fraktion schlie\u00dfen sich die puristischen Pendelleuchten aus Schweden an. Denn es bleibt Ihnen \u00fcberlassen, welche Farbe Sie f\u00fcr das Textilkabel w\u00e4hlen und inwieweit Sie es bei der Montage k\u00fcrzen. Au\u00dferdem beeinflusst die Entscheidung f\u00fcr eine einzelne Platzierung oder ein kreatives Ensemble ebenso den Gesamteindruck wie die Wahl des Leuchtmittels. So wird aus einem betont simplen Lichtdesign ein h\u00f6chst individueller Blickfang, der zu allen Wohnr\u00e4umen und Einrichtungsstilen passt.<\/p>\n<h2><span class=\"ez-toc-section\" id=\"Fortschrittliche_Design-Leuchten_fuer_die_distinktive_Lebensart\"><\/span>Fortschrittliche Design-Leuchten f\u00fcr die distinktive Lebensart<span class=\"ez-toc-section-end\"><\/span><\/h2>\n<p style=\"text-align: justify;\">Purismus widerspricht nicht dem Wunsch nach einer extravaganten Einrichtung und pragmatische \u00dcberlegungen k\u00f6nnen die \u00c4sthetik positiv beeinflussen. Hierf\u00fcr liefern skandinavische Lampen immer wieder eindrucksvolle Beweise, wobei die Natur als Inspirationsquelle und der unkonventionelle Umgang mit traditionellen Materialien oft eine Rolle spielen. Seit dem Jahr 2008 widmet sich das Kopenhagener Studio <a href=\"https:\/\/www.raum-blick.de\/vita\/\">Vita<\/a> der Mission, nordisches Lampendesign experimentell weiterzuentwickeln.<\/p>\n<p><a href=\"https:\/\/www.raum-blick.de\/eos-leuchte-light-grey-vita\"><img loading=\"lazy\" decoding=\"async\" class=\"aligncenter wp-image-4859 size-full\" title=\"Leuchte von Vita: EOS light grey aus G\u00e4nsefedern\" src=\"https:\/\/www.raum-blick.de\/magazin\/wp-content\/uploads\/2018\/01\/Vita-EOS-light-grey-aus-Gaensefedern.jpg\" alt=\"Vita EOS light grey aus Gaensefedern\" width=\"600\" height=\"600\" srcset=\"https:\/\/raum-blick.de\/magazin\/wp-content\/uploads\/2018\/01\/Vita-EOS-light-grey-aus-Gaensefedern.jpg 600w, https:\/\/raum-blick.de\/magazin\/wp-content\/uploads\/2018\/01\/Vita-EOS-light-grey-aus-Gaensefedern-150x150.jpg 150w, https:\/\/raum-blick.de\/magazin\/wp-content\/uploads\/2018\/01\/Vita-EOS-light-grey-aus-Gaensefedern-300x300.jpg 300w\" sizes=\"(max-width: 600px) 100vw, 600px\" \/><\/a><\/p>\n<p style=\"text-align: justify;\">Von Hand werden f\u00fcr die kugelrunde Pendelleuchte EOS unz\u00e4hlige G\u00e4nsefedern verkn\u00fcpft, um der modernen Wohnwelt einen luftig-leichten Blickfang zu g\u00f6nnen. So imposant wie das gr\u00f6\u00dfte Modell mit einem Durchmesser von mehr als einem Meter wirkt ein Arrangement mit mehreren kleinen Exemplaren, das frei im Raum zu schweben scheint. Der ungew\u00f6hnliche Werkstoff befl\u00fcgelt nicht nur die \u00c4sthetik der Lampe EOS, die das gem\u00fctliche Landhaus ebenso aufwertet wie das urbane Loft.<\/p>\n<p><a href=\"https:\/\/www.raum-blick.de\/eos-leuchte-light-brown-vita\"><img loading=\"lazy\" decoding=\"async\" class=\"aligncenter wp-image-4855 size-full\" title=\"Leuchte von Vita: EOS light brown aus G\u00e4nsefedern\" src=\"https:\/\/www.raum-blick.de\/magazin\/wp-content\/uploads\/2018\/01\/Vita-EOS-light-brown-aus-Gaensefedern.jpg\" alt=\"Vita EOS light brown aus Gaensefedern\" width=\"600\" height=\"600\" srcset=\"https:\/\/raum-blick.de\/magazin\/wp-content\/uploads\/2018\/01\/Vita-EOS-light-brown-aus-Gaensefedern.jpg 600w, https:\/\/raum-blick.de\/magazin\/wp-content\/uploads\/2018\/01\/Vita-EOS-light-brown-aus-Gaensefedern-150x150.jpg 150w, https:\/\/raum-blick.de\/magazin\/wp-content\/uploads\/2018\/01\/Vita-EOS-light-brown-aus-Gaensefedern-300x300.jpg 300w\" sizes=\"(max-width: 600px) 100vw, 600px\" \/><\/a><\/p>\n<p style=\"text-align: justify;\">Aufgrund der Textur der Federn ergibt sich ein bemerkenswert weiches Licht f\u00fcrs harmonische Ambiente. F\u00fcr skandinavische Leuchten, die mit ihrem innovativen Charakter und ihrer puristischen Extravaganz \u00fcberzeugen, ist die H\u00e4ngelampe Norm 06 von <a href=\"https:\/\/www.raum-blick.de\/normann-copenhagen\/\">Normann Copenhagen<\/a> ebenfalls ein gelungenes Beispiel. Durch das Zusammenf\u00fcgen der flachen Elemente aus wei\u00dfer Leuchtschirm-Folie entsteht eine detailreiche Skulptur mit Bl\u00fctenform, die das Interieur dekorativ belebt und der atmosph\u00e4rischen Beleuchtung zugutekommt.<\/p>\n<p><img loading=\"lazy\" decoding=\"async\" class=\"aligncenter wp-image-4852 size-full\" title=\"H\u00e4ngeleuchte von Normann Copenhagen: Norm 06\" src=\"https:\/\/www.raum-blick.de\/magazin\/wp-content\/uploads\/2018\/01\/Normann-Copenhagen-Norm-06-Haengeleuchte.jpg\" alt=\"Normann Copenhagen Norm 06 Haengeleuchte\" width=\"600\" height=\"400\" srcset=\"https:\/\/raum-blick.de\/magazin\/wp-content\/uploads\/2018\/01\/Normann-Copenhagen-Norm-06-Haengeleuchte.jpg 600w, https:\/\/raum-blick.de\/magazin\/wp-content\/uploads\/2018\/01\/Normann-Copenhagen-Norm-06-Haengeleuchte-300x200.jpg 300w\" sizes=\"(max-width: 600px) 100vw, 600px\" \/><\/p>\n<p style=\"text-align: justify;\">Beide skandinavische Lampen von Vita und Normann Copenhagen haben einen interessanten Mehrwert: Sie lassen sich wegen dem ausgekl\u00fcgelten Designkonzepts extrem platzsparend verpacken, um die Vertriebskosten und die Umweltbelastung beim Transport zu verringern.<\/p>\n<h2><span class=\"ez-toc-section\" id=\"Rundum_ueberzeugende_Accessoires_fuer_stilvolle_und_lebensnahe_Einrichtungsideen\"><\/span>Rundum \u00fcberzeugende Accessoires f\u00fcr stilvolle und lebensnahe Einrichtungsideen<span class=\"ez-toc-section-end\"><\/span><\/h2>\n<p style=\"text-align: justify;\">Die Kombination aus der Offenheit f\u00fcr neue Denkans\u00e4tze und dem Vertrauen in die traditionelle Handwerkskunst ist ein wesentlicher Grund daf\u00fcr, dass skandinavische Lampen bei Designliebhabern mit sehr unterschiedlichen stilistischen Pr\u00e4ferenzen so beliebt sind. Gleicherma\u00dfen \u00fcberzeugend ist, dass die nordischen Kollektionen den Wunsch nach einer au\u00dfergew\u00f6hnlichen Raumgestaltung ber\u00fccksichtigen, ohne bei den praktischen Erfordernissen f\u00fcr die effektive Beleuchtung Kompromisse einzugehen. So findet sich im Portfolio der Designmarken aus Skandinavien stets ein Wohnaccessoire, das optimal zu den individuellen Einrichtungsideen und den konkreten Nutzungsmustern passt.<\/p>\n<p><img loading=\"lazy\" decoding=\"async\" class=\"aligncenter wp-image-4862 size-full\" title=\"Wolkenlampe von ferm Living\" src=\"https:\/\/www.raum-blick.de\/magazin\/wp-content\/uploads\/2018\/01\/ferm-Living-Wolken-Lampe.jpg\" alt=\"ferm Living Wolken Lampe\" width=\"600\" height=\"600\" srcset=\"https:\/\/raum-blick.de\/magazin\/wp-content\/uploads\/2018\/01\/ferm-Living-Wolken-Lampe.jpg 600w, https:\/\/raum-blick.de\/magazin\/wp-content\/uploads\/2018\/01\/ferm-Living-Wolken-Lampe-150x150.jpg 150w, https:\/\/raum-blick.de\/magazin\/wp-content\/uploads\/2018\/01\/ferm-Living-Wolken-Lampe-300x300.jpg 300w\" sizes=\"(max-width: 600px) 100vw, 600px\" \/><\/p>\n<p style=\"text-align: justify;\">Sogar f\u00fcr das Kinderzimmer treffen Sie auf Leuchten, die exakt auf die Bed\u00fcrfnisse der M\u00e4dchen und Jungen abgestimmt sind: Die Cloud Wandlampe von <a href=\"https:\/\/www.raum-blick.de\/ferm-living\/\">ferm Living<\/a> verbindet die diskret verspielte Dekoration mit der Lichtwirkung, die beim Lesen willkommen ist und beim friedlichen Schlummern die Dunkelheit sanft durchbricht.<\/p>\n","protected":false},"excerpt":{"rendered":"<p>\u00ab Das Licht des Nordens in Ihrem Zuhause \u00bb Mit der gelungenen Symbiose aus zeitgem\u00e4\u00dfer Funktionalit\u00e4t und ansprechender Form begeistert skandinavisches Design. Hinzu gesellt sich ein Minimalismus, der raffiniert abgerundet wird und Bez\u00fcge zur heimatlichen Tradition oder Natur aufweist. Vielerorts wird das Leben von geographischen Besonderheiten wie dem Polarlicht, der sommerlichen Mitternachtssonne und der andauernden [&hellip;]<\/p>\n","protected":false},"author":4,"featured_media":4858,"comment_status":"closed","ping_status":"open","sticky":false,"template":"","format":"standard","meta":{"_et_pb_use_builder":"","_et_pb_old_content":"","_et_gb_content_width":"","inline_featured_image":false,"footnotes":""},"categories":[7],"tags":[243,206,81,246,280,523,21,531,47,100,46,99,208],"class_list":["post-4831","post","type-post","status-publish","format-standard","has-post-thumbnail","hentry","category-accessoires-lifestyle","tag-design-leuchten","tag-ferm-living","tag-gubi","tag-haengeleuchten","tag-lampen","tag-le-klint","tag-normann-copenhagen","tag-nud-collection","tag-pendelleuchten","tag-stehleuchten","tag-tischleuchten","tag-vita","tag-wandleuchten"],"_links":{"self":[{"href":"https:\/\/raum-blick.de\/magazin\/wp-json\/wp\/v2\/posts\/4831","targetHints":{"allow":["GET"]}}],"collection":[{"href":"https:\/\/raum-blick.de\/magazin\/wp-json\/wp\/v2\/posts"}],"about":[{"href":"https:\/\/raum-blick.de\/magazin\/wp-json\/wp\/v2\/types\/post"}],"author":[{"embeddable":true,"href":"https:\/\/raum-blick.de\/magazin\/wp-json\/wp\/v2\/users\/4"}],"replies":[{"embeddable":true,"href":"https:\/\/raum-blick.de\/magazin\/wp-json\/wp\/v2\/comments?post=4831"}],"version-history":[{"count":23,"href":"https:\/\/raum-blick.de\/magazin\/wp-json\/wp\/v2\/posts\/4831\/revisions"}],"predecessor-version":[{"id":20654,"href":"https:\/\/raum-blick.de\/magazin\/wp-json\/wp\/v2\/posts\/4831\/revisions\/20654"}],"wp:featuredmedia":[{"embeddable":true,"href":"https:\/\/raum-blick.de\/magazin\/wp-json\/wp\/v2\/media\/4858"}],"wp:attachment":[{"href":"https:\/\/raum-blick.de\/magazin\/wp-json\/wp\/v2\/media?parent=4831"}],"wp:term":[{"taxonomy":"category","embeddable":true,"href":"https:\/\/raum-blick.de\/magazin\/wp-json\/wp\/v2\/categories?post=4831"},{"taxonomy":"post_tag","embeddable":true,"href":"https:\/\/raum-blick.de\/magazin\/wp-json\/wp\/v2\/tags?post=4831"}],"curies":[{"name":"wp","href":"https:\/\/api.w.org\/{rel}","templated":true}]}}