{"id":4800,"date":"2018-01-23T16:39:26","date_gmt":"2018-01-23T15:39:26","guid":{"rendered":"https:\/\/www.raum-blick.de\/magazin\/?p=4800"},"modified":"2018-01-23T17:50:19","modified_gmt":"2018-01-23T16:50:19","slug":"loca-knax-garderobe","status":"publish","type":"post","link":"https:\/\/raum-blick.de\/magazin\/loca-knax-garderobe\/","title":{"rendered":"LoCa Knax Garderobe"},"content":{"rendered":"<h2><span class=\"ez-toc-section\" id=\"%C2%AB_Flexibler_Minimalismus_aus_Daenemark_%C2%BB\"><\/span>\u00ab Flexibler Minimalismus aus D\u00e4nemark \u00bb<span class=\"ez-toc-section-end\"><\/span><\/h2>\n<p style=\"text-align: justify;\"><strong>Mit ihrem augenf\u00e4lligen Minimalismus passt die <\/strong><a href=\"https:\/\/www.raum-blick.de\/loca\/\"><strong>Loca Knax Garderobenleiste<\/strong><\/a><strong> fabelhaft zu modernen Einrichtungsideen. Die zeitgem\u00e4\u00dfe \u00c4sthetik ist aber nicht der einzige Grund daf\u00fcr, dass das Wohnaccessoire aus der beschauliche Gemeinde Tureby weltweit zum erfolgreichen Paradebeispiel f\u00fcr skandinavisches Design wurde. In Zusammenarbeit mit dem Studio Harrit &amp; S\u00f8rensen ist es dem Unternehmen LoCa gelungen, eine Vielzahl von funktionalen Bed\u00fcrfnissen bemerkenswert einfach und sch\u00f6n zu beantworten. Deshalb empfiehlt sich die schmale Leiste keineswegs nur f\u00fcr die Gestaltung des Eingangsbereichs, bei der jedes kleine Detail pr\u00e4zise durchdacht wurde. <\/strong><\/p>\n<h2><span class=\"ez-toc-section\" id=\"Vom_privaten_Bedarf_zur_preisgekroenten_Garderobenausstattung\"><\/span>Vom privaten Bedarf zur preisgekr\u00f6nten Garderobenausstattung<span class=\"ez-toc-section-end\"><\/span><\/h2>\n<p style=\"text-align: justify;\">F\u00fcr die Gestaltung des frisch renovierten Zimmers seiner Tochter suchte Thorkild Lundsgaard sowohl praktische als auch sch\u00f6ne Kleiderhaken. Da der Ingenieur nicht f\u00fcndig wurde, befasste er sich in der eigenen Garage selbst mit dem Entwurf des Einrichtungszubeh\u00f6rs. \u00dcber den Prototypen im Jahr 1992 gelang er zu der Idee, dass es einen generellen Bedarf f\u00fcr optimal konzipierte Garderobenleisten geben k\u00f6nnte.<\/p><div id=\"ez-toc-container\" class=\"ez-toc-v2_0_82_2 counter-hierarchy ez-toc-counter ez-toc-grey ez-toc-container-direction\">\n<div class=\"ez-toc-title-container\">\n<p class=\"ez-toc-title\" style=\"cursor:inherit\">Was hier auf Sie wartet<\/p>\n<span class=\"ez-toc-title-toggle\"><a href=\"#\" class=\"ez-toc-pull-right ez-toc-btn ez-toc-btn-xs ez-toc-btn-default ez-toc-toggle\" aria-label=\"Toggle Table of Content\"><span class=\"ez-toc-js-icon-con\"><span class=\"\"><span class=\"eztoc-hide\" style=\"display:none;\">Toggle<\/span><span class=\"ez-toc-icon-toggle-span\"><svg style=\"fill: #999;color:#999\" xmlns=\"http:\/\/www.w3.org\/2000\/svg\" class=\"list-377408\" width=\"20px\" height=\"20px\" viewBox=\"0 0 24 24\" fill=\"none\"><path d=\"M6 6H4v2h2V6zm14 0H8v2h12V6zM4 11h2v2H4v-2zm16 0H8v2h12v-2zM4 16h2v2H4v-2zm16 0H8v2h12v-2z\" fill=\"currentColor\"><\/path><\/svg><svg style=\"fill: #999;color:#999\" class=\"arrow-unsorted-368013\" xmlns=\"http:\/\/www.w3.org\/2000\/svg\" width=\"10px\" height=\"10px\" viewBox=\"0 0 24 24\" version=\"1.2\" baseProfile=\"tiny\"><path d=\"M18.2 9.3l-6.2-6.3-6.2 6.3c-.2.2-.3.4-.3.7s.1.5.3.7c.2.2.4.3.7.3h11c.3 0 .5-.1.7-.3.2-.2.3-.5.3-.7s-.1-.5-.3-.7zM5.8 14.7l6.2 6.3 6.2-6.3c.2-.2.3-.5.3-.7s-.1-.5-.3-.7c-.2-.2-.4-.3-.7-.3h-11c-.3 0-.5.1-.7.3-.2.2-.3.5-.3.7s.1.5.3.7z\"\/><\/svg><\/span><\/span><\/span><\/a><\/span><\/div>\n<nav><ul class='ez-toc-list ez-toc-list-level-1 ' ><li class='ez-toc-page-1 ez-toc-heading-level-2'><a class=\"ez-toc-link ez-toc-heading-1\" href=\"https:\/\/raum-blick.de\/magazin\/loca-knax-garderobe\/#%C2%AB_Flexibler_Minimalismus_aus_Daenemark_%C2%BB\" >\u00ab Flexibler Minimalismus aus D\u00e4nemark \u00bb<\/a><\/li><li class='ez-toc-page-1 ez-toc-heading-level-2'><a class=\"ez-toc-link ez-toc-heading-2\" href=\"https:\/\/raum-blick.de\/magazin\/loca-knax-garderobe\/#Vom_privaten_Bedarf_zur_preisgekroenten_Garderobenausstattung\" >Vom privaten Bedarf zur preisgekr\u00f6nten Garderobenausstattung<\/a><\/li><li class='ez-toc-page-1 ez-toc-heading-level-2'><a class=\"ez-toc-link ez-toc-heading-3\" href=\"https:\/\/raum-blick.de\/magazin\/loca-knax-garderobe\/#Ausgetuefteltes_Materialkonzept_trifft_auf_daenische_Handwerkstradition\" >Ausget\u00fcfteltes Materialkonzept trifft auf d\u00e4nische Handwerkstradition<\/a><\/li><li class='ez-toc-page-1 ez-toc-heading-level-2'><a class=\"ez-toc-link ez-toc-heading-4\" href=\"https:\/\/raum-blick.de\/magazin\/loca-knax-garderobe\/#Flexibles_Raumwunder_mit_kreativem_Mehrwert\" >Flexibles Raumwunder mit kreativem Mehrwert<\/a><\/li><li class='ez-toc-page-1 ez-toc-heading-level-2'><a class=\"ez-toc-link ez-toc-heading-5\" href=\"https:\/\/raum-blick.de\/magazin\/loca-knax-garderobe\/#Multitalent_fuer_die_moderne_Raumausstattung_aus_Skandinavien\" >Multitalent f\u00fcr die moderne Raumausstattung aus Skandinavien<\/a><\/li><\/ul><\/nav><\/div>\n\n<p><a href=\"https:\/\/www.raum-blick.de\/loca-knax-garderobe-waagrecht-schwarz\"><img loading=\"lazy\" decoding=\"async\" class=\"aligncenter wp-image-4815 size-full\" title=\"Garderobe mit schwarzen Haken | LoCa KNAX\" src=\"https:\/\/www.raum-blick.de\/magazin\/wp-content\/uploads\/2018\/01\/LoCa-KNAX-Garderobe-mit-schwarzen-Haken.jpg\" alt=\"LoCa KNAX Garderobe mit schwarzen Haken\" width=\"600\" height=\"600\" srcset=\"https:\/\/raum-blick.de\/magazin\/wp-content\/uploads\/2018\/01\/LoCa-KNAX-Garderobe-mit-schwarzen-Haken.jpg 600w, https:\/\/raum-blick.de\/magazin\/wp-content\/uploads\/2018\/01\/LoCa-KNAX-Garderobe-mit-schwarzen-Haken-150x150.jpg 150w, https:\/\/raum-blick.de\/magazin\/wp-content\/uploads\/2018\/01\/LoCa-KNAX-Garderobe-mit-schwarzen-Haken-300x300.jpg 300w\" sizes=\"(max-width: 600px) 100vw, 600px\" \/><\/a><\/p>\n<p style=\"text-align: justify;\">Er bezog Thomas Harrit und Nicolai S\u00f8rensen in sein Projekt mit ein, die gerade ihr Studium an der Danish Design School abgeschlossen hatten. Den inzwischen international gefragten Designern gelang ein fulminanter Auftakt, da ihr erstes Produkt sowohl \u00e4sthetisch als auch funktionell einer Punktlandung glich.<\/p>\n<blockquote>\n<p style=\"text-align: justify;\">Gleichzeitig legte der Initiator mit der Garderobenleiste den Grundstein f\u00fcr das renommierte Unternehmen LoCa.<\/p>\n<\/blockquote>\n<p style=\"text-align: justify;\">Eventuell verleitet Sie der Produktname zu spontanen Assoziationen mit einem typischen Klangprofil. Damit liegen Sie richtig, da die Kollektion Knax ihre Bezeichnung dem Ger\u00e4usch beim Einrasten ihrer Haken verdankt.<\/p>\n<h2><span class=\"ez-toc-section\" id=\"Ausgetuefteltes_Materialkonzept_trifft_auf_daenische_Handwerkstradition\"><\/span>Ausget\u00fcfteltes Materialkonzept trifft auf d\u00e4nische Handwerkstradition<span class=\"ez-toc-section-end\"><\/span><\/h2>\n<p style=\"text-align: justify;\">Die pfiffige Integration der Kleiderhaken geh\u00f6rt zu den wesentlichen Details, die der LoCa Knax Garderobe ihren Erfolg bescherten. Denn bei der Nutzung heben sich stets nur die Haken hervor, an denen tats\u00e4chlich etwas aufgeh\u00e4ngt wurde. Danach klappen sie dank einer Spannfeder automatisch wieder ein und vereinen sich mit der Holzleiste zu einer durchgehenden Fl\u00e4che. Damit dieses Konzept optimal funktioniert, testete das Designb\u00fcro Harrit &amp; S\u00f8rensen in Zusammenarbeit mit Thorkild Lundsgaard diverse Entw\u00fcrfe und Materialkombinationen aus.<\/p>\n<p><a href=\"https:\/\/www.raum-blick.de\/loca\/\"><img loading=\"lazy\" decoding=\"async\" class=\"aligncenter wp-image-4821 size-full\" title=\"Produkte von LoCa\" src=\"https:\/\/www.raum-blick.de\/magazin\/wp-content\/uploads\/2018\/01\/LoCa.jpg\" alt=\"LoCa\" width=\"600\" height=\"167\" srcset=\"https:\/\/raum-blick.de\/magazin\/wp-content\/uploads\/2018\/01\/LoCa.jpg 600w, https:\/\/raum-blick.de\/magazin\/wp-content\/uploads\/2018\/01\/LoCa-300x84.jpg 300w\" sizes=\"(max-width: 600px) 100vw, 600px\" \/><\/a><\/p>\n<p style=\"text-align: justify;\">So n\u00e4herte sich das Team Schritt f\u00fcr Schritt der Garderobe an, die seit \u00fcber zwanzig Jahren private Designliebhaber ebenso \u00fcberzeugt wie professionelle Innenausstatter. Die Front der klassischen LoCa Knax Kollektion pr\u00e4gt hochwertiges Holz, w\u00e4hrend die R\u00fcckseite aus solidem Metall gefertigt ist. Dadurch erleichtert sich die fachkundige Montage an der Wand. Eloxiertes Aluminium wurde f\u00fcr die Garderobenhaken gew\u00e4hlt, deren Traglast mit bis zu 25 Kilogramm pro Exemplar beachtlich ist.<\/p>\n<p><a href=\"https:\/\/www.raum-blick.de\/loca-knax-garderobe-waagrecht\"><img loading=\"lazy\" decoding=\"async\" class=\"aligncenter wp-image-4817 size-full\" title=\"Garderobe in verschiedenen Ausf\u00fchrungen | LoCa KNAX\" src=\"https:\/\/www.raum-blick.de\/magazin\/wp-content\/uploads\/2018\/01\/LoCa-KNAX-Garderobe-in-verschiedenen-Ausfuehrungen.jpg\" alt=\"LoCa KNAX Garderobe in verschiedenen Ausfuehrungen\" width=\"600\" height=\"600\" srcset=\"https:\/\/raum-blick.de\/magazin\/wp-content\/uploads\/2018\/01\/LoCa-KNAX-Garderobe-in-verschiedenen-Ausfuehrungen.jpg 600w, https:\/\/raum-blick.de\/magazin\/wp-content\/uploads\/2018\/01\/LoCa-KNAX-Garderobe-in-verschiedenen-Ausfuehrungen-150x150.jpg 150w, https:\/\/raum-blick.de\/magazin\/wp-content\/uploads\/2018\/01\/LoCa-KNAX-Garderobe-in-verschiedenen-Ausfuehrungen-300x300.jpg 300w\" sizes=\"(max-width: 600px) 100vw, 600px\" \/><\/a><\/p>\n<p style=\"text-align: justify;\">Angesichts der kompakten Statur ist die Leiste verbl\u00fcffend schwer ausgef\u00fchrt, die beispielsweise in der kleinsten Ausf\u00fchrung beinahe ein halbes Kilogramm auf die Waage bringt. So wird die Marke ihrer Philosophie gerecht, eine ausgesprochen langlebige und belastbare Kollektion f\u00fcr die Garderobe anzubieten.<\/p>\n<blockquote>\n<p style=\"text-align: justify;\">Die qualitative Messlatte liegt bereits beim Einkauf der Holzrohstoffe enorm hoch, die von einem Kooperationspartner auf der Insel Falster professionell getrocknet und aufbereitet werden.<\/p>\n<\/blockquote>\n<p style=\"text-align: justify;\">Am Unternehmenssitz im s\u00fcdlichen D\u00e4nemark erfolgt die Fertigung der Kollektionen, die von Handarbeit gepr\u00e4gt ist. Bewusst entscheidet sich der Hersteller bei allen Verarbeitungsschritten f\u00fcr die skandinavische Heimat, um die Qualit\u00e4t zu jeder Zeit positiv beeinflussen zu k\u00f6nnen.<\/p>\n<h2><span class=\"ez-toc-section\" id=\"Flexibles_Raumwunder_mit_kreativem_Mehrwert\"><\/span>Flexibles Raumwunder mit kreativem Mehrwert<span class=\"ez-toc-section-end\"><\/span><\/h2>\n<p style=\"text-align: justify;\">Gleich nach der Entwicklung stellte der d\u00e4nische Ingenieur die Garderobenleiste auf einer Kunsthandwerksmesse in Herning vor und ergatterte umgehend den Formland Preis f\u00fcr das innovativste Design. Diese Auszeichnung galt nat\u00fcrlich nicht nur der fulminanten Funktionalit\u00e4t. Die origin\u00e4re Serie der Knax Garderobe spielt mit dem Kontrast zwischen der k\u00fchlen Textur von Aluminium und der warmen Aura von naturbelassenem Holz mit charaktervoller Maserung. Hinzu gesellt sich das au\u00dferordentlich puristische Design, das vor allem f\u00fcr Einrichtungsl\u00f6sungen in kleinen R\u00e4umen oder schmalen Fluren wie geschaffen ist. Denn die Kleiderleiste ist nicht einmal acht Zentimeter breit und hebt sich weniger als zwei Zentimeter von der Wand hervor, wenn die Haken eingeklappt sind. Auch nach dem Ausklappen reicht die Garderobe nicht wesentlich mehr in den Raum hinein.<\/p>\n<p><a href=\"https:\/\/www.raum-blick.de\/loca-knax-garderobe-senkrecht\"><img loading=\"lazy\" decoding=\"async\" class=\"aligncenter wp-image-4805 size-full\" title=\"Senkrechte Garderobe | LoCa KNAX\" src=\"https:\/\/www.raum-blick.de\/magazin\/wp-content\/uploads\/2018\/01\/LoCa-KNAX-Garderobe-senkrecht.jpg\" alt=\"LoCa KNAX Garderobe senkrecht\" width=\"600\" height=\"600\" srcset=\"https:\/\/raum-blick.de\/magazin\/wp-content\/uploads\/2018\/01\/LoCa-KNAX-Garderobe-senkrecht.jpg 600w, https:\/\/raum-blick.de\/magazin\/wp-content\/uploads\/2018\/01\/LoCa-KNAX-Garderobe-senkrecht-150x150.jpg 150w, https:\/\/raum-blick.de\/magazin\/wp-content\/uploads\/2018\/01\/LoCa-KNAX-Garderobe-senkrecht-300x300.jpg 300w\" sizes=\"(max-width: 600px) 100vw, 600px\" \/><\/a><\/p>\n<p style=\"text-align: justify;\">Erh\u00e4ltlich ist die Kollektion in diversen L\u00e4ngen mit zwei bis zehn Aufh\u00e4ngungen f\u00fcr Kleidung oder andere Utensilien. Au\u00dferdem wurde das Portfolio durch Versionen in pr\u00e4gnanten Farben wie Rot und eine senkrecht verlaufende Serie erg\u00e4nzt. So finden Sie im Sortiment leicht ein Exemplar, das zur Raumgestaltung und zu den Bed\u00fcrfnissen passt. Au\u00dferdem k\u00f6nnen Sie durch das kreative Kombinieren der verf\u00fcgbaren Designvarianten sehr individuelle Einrichtungsideen umsetzen und der Garderobe einen einzigartigen Charakter verleihen.<\/p>\n<h2><span class=\"ez-toc-section\" id=\"Multitalent_fuer_die_moderne_Raumausstattung_aus_Skandinavien\"><\/span>Multitalent f\u00fcr die moderne Raumausstattung aus Skandinavien<span class=\"ez-toc-section-end\"><\/span><\/h2>\n<p style=\"text-align: justify;\">Aus mehreren mineralischen und organischen Werkstoffen wurde im Jahr 1967 DuPont Corian entwickelt. Da das Material an edles Marmor erinnert und mit einer Vielzahl vorteilhafter Eigenschaften punktet, weckte es z\u00fcgig das Interesse bedeutender Industriedesigner wie Ingo Maurer und Philippe Starck. Die d\u00e4nische Marke f\u00fcr M\u00f6bel und Accessoires freut sich demnach \u00fcber ber\u00fchmte Mitstreiter, was den Einsatz von Corian angeht.<\/p>\n<p><a href=\"https:\/\/www.raum-blick.de\/loca-knax-lite-garderobe\"><img loading=\"lazy\" decoding=\"async\" class=\"aligncenter wp-image-4813 size-full\" title=\"Garderobe: Made with DuPont CORIAN | LoCa KNAX lite\" src=\"https:\/\/www.raum-blick.de\/magazin\/wp-content\/uploads\/2018\/01\/LoCa-KNAX-lite-Garderobe-Made-with-DuPont-CORIAN.jpg\" alt=\"LoCa KNAX lite Garderobe Made with DuPont CORIAN\" width=\"600\" height=\"600\" srcset=\"https:\/\/raum-blick.de\/magazin\/wp-content\/uploads\/2018\/01\/LoCa-KNAX-lite-Garderobe-Made-with-DuPont-CORIAN.jpg 600w, https:\/\/raum-blick.de\/magazin\/wp-content\/uploads\/2018\/01\/LoCa-KNAX-lite-Garderobe-Made-with-DuPont-CORIAN-150x150.jpg 150w, https:\/\/raum-blick.de\/magazin\/wp-content\/uploads\/2018\/01\/LoCa-KNAX-lite-Garderobe-Made-with-DuPont-CORIAN-300x300.jpg 300w\" sizes=\"(max-width: 600px) 100vw, 600px\" \/><\/a><\/p>\n<p style=\"text-align: justify;\">Konkret kommt es bei der Produktlinie LoCa Knax Lite ins Spiel, die f\u00fcr Feuchtr\u00e4ume wie B\u00e4der oder K\u00fcchen optimiert wurde. Dass der fugenlose Werkstoff unter anderem f\u00fcr die Ausstattung von Operationsr\u00e4umen und Labors bevorzugt wird, unterstreicht seinen \u00e4u\u00dferst hygienischen Charakter. Davon profitiert die Knax Lite Garderobenleiste ebenso wie von der modernen Eleganz des Materials.<\/p>\n<p><a href=\"https:\/\/www.raum-blick.de\/loca-knax-lite-garderobe\"><img loading=\"lazy\" decoding=\"async\" class=\"aligncenter wp-image-4807 size-full\" title=\"Garderobe f\u00fcrs Bad | LoCa KNAX lite\" src=\"https:\/\/www.raum-blick.de\/magazin\/wp-content\/uploads\/2018\/01\/LoCa-KNAX-lite-Garderobe-Bad.jpg\" alt=\"LoCa KNAX lite Garderobe Bad\" width=\"600\" height=\"600\" srcset=\"https:\/\/raum-blick.de\/magazin\/wp-content\/uploads\/2018\/01\/LoCa-KNAX-lite-Garderobe-Bad.jpg 600w, https:\/\/raum-blick.de\/magazin\/wp-content\/uploads\/2018\/01\/LoCa-KNAX-lite-Garderobe-Bad-150x150.jpg 150w, https:\/\/raum-blick.de\/magazin\/wp-content\/uploads\/2018\/01\/LoCa-KNAX-lite-Garderobe-Bad-300x300.jpg 300w\" sizes=\"(max-width: 600px) 100vw, 600px\" \/><\/a><\/p>\n<p style=\"text-align: justify;\">Die Erweiterung der LoCa Knax Garderobe durch Designvarianten f\u00fcr feuchte R\u00e4ume deutet an, dass sich die Kollektion nicht nur f\u00fcr den Eingangsbereich empfiehlt. Da die Leisten sowohl diskret als auch schick sind, wirken sie in allen R\u00e4umen treffend platziert und k\u00f6nnen h\u00f6chst unterschiedlich verwendet werden. Diese Offenheit f\u00fcr individuelle Nutzungsmuster ist sehr inspirierend. Denn nahezu in jedem Zimmer ergeben sich Situationen, in denen Sie etwas aufh\u00e4ngen oder zwischenlagern m\u00f6chten.<\/p>\n<p><a href=\"https:\/\/www.raum-blick.de\/loca-knax-lite-garderobe\"><img loading=\"lazy\" decoding=\"async\" class=\"aligncenter wp-image-4810 size-full\" title=\"Garderobe f\u00fcr die K\u00fcche | LoCa KNAX lite\" src=\"https:\/\/www.raum-blick.de\/magazin\/wp-content\/uploads\/2018\/01\/LoCa-KNAX-lite-Garderobe-Kueche.jpg\" alt=\"LoCa KNAX lite Garderobe Kueche\" width=\"600\" height=\"600\" srcset=\"https:\/\/raum-blick.de\/magazin\/wp-content\/uploads\/2018\/01\/LoCa-KNAX-lite-Garderobe-Kueche.jpg 600w, https:\/\/raum-blick.de\/magazin\/wp-content\/uploads\/2018\/01\/LoCa-KNAX-lite-Garderobe-Kueche-150x150.jpg 150w, https:\/\/raum-blick.de\/magazin\/wp-content\/uploads\/2018\/01\/LoCa-KNAX-lite-Garderobe-Kueche-300x300.jpg 300w\" sizes=\"(max-width: 600px) 100vw, 600px\" \/><\/a><\/p>\n<p style=\"text-align: justify;\">Dass eine kreative Idee die funktionale Raumgestaltung vom Arbeitszimmer \u00fcber den Flur und das Kinderzimmer bis zur Waschk\u00fcche bereichert, ist typisch f\u00fcr skandinavisches Design und das Erfolgsrezept der Knax Garderobenleiste von LoCa.<\/p>\n","protected":false},"excerpt":{"rendered":"<p>\u00ab Flexibler Minimalismus aus D\u00e4nemark \u00bb Mit ihrem augenf\u00e4lligen Minimalismus passt die Loca Knax Garderobenleiste fabelhaft zu modernen Einrichtungsideen. Die zeitgem\u00e4\u00dfe \u00c4sthetik ist aber nicht der einzige Grund daf\u00fcr, dass das Wohnaccessoire aus der beschauliche Gemeinde Tureby weltweit zum erfolgreichen Paradebeispiel f\u00fcr skandinavisches Design wurde. In Zusammenarbeit mit dem Studio Harrit &amp; S\u00f8rensen ist es [&hellip;]<\/p>\n","protected":false},"author":4,"featured_media":4826,"comment_status":"closed","ping_status":"open","sticky":false,"template":"","format":"standard","meta":{"_et_pb_use_builder":"","_et_pb_old_content":"","_et_gb_content_width":"","inline_featured_image":false,"footnotes":""},"categories":[8],"tags":[14,518,331,530,528,529,386],"class_list":["post-4800","post","type-post","status-publish","format-standard","has-post-thumbnail","hentry","category-features","tag-ausstattung","tag-bad","tag-garderobe","tag-kueche","tag-loca","tag-loca-knax","tag-wandgarderoben"],"_links":{"self":[{"href":"https:\/\/raum-blick.de\/magazin\/wp-json\/wp\/v2\/posts\/4800","targetHints":{"allow":["GET"]}}],"collection":[{"href":"https:\/\/raum-blick.de\/magazin\/wp-json\/wp\/v2\/posts"}],"about":[{"href":"https:\/\/raum-blick.de\/magazin\/wp-json\/wp\/v2\/types\/post"}],"author":[{"embeddable":true,"href":"https:\/\/raum-blick.de\/magazin\/wp-json\/wp\/v2\/users\/4"}],"replies":[{"embeddable":true,"href":"https:\/\/raum-blick.de\/magazin\/wp-json\/wp\/v2\/comments?post=4800"}],"version-history":[{"count":16,"href":"https:\/\/raum-blick.de\/magazin\/wp-json\/wp\/v2\/posts\/4800\/revisions"}],"predecessor-version":[{"id":4827,"href":"https:\/\/raum-blick.de\/magazin\/wp-json\/wp\/v2\/posts\/4800\/revisions\/4827"}],"wp:featuredmedia":[{"embeddable":true,"href":"https:\/\/raum-blick.de\/magazin\/wp-json\/wp\/v2\/media\/4826"}],"wp:attachment":[{"href":"https:\/\/raum-blick.de\/magazin\/wp-json\/wp\/v2\/media?parent=4800"}],"wp:term":[{"taxonomy":"category","embeddable":true,"href":"https:\/\/raum-blick.de\/magazin\/wp-json\/wp\/v2\/categories?post=4800"},{"taxonomy":"post_tag","embeddable":true,"href":"https:\/\/raum-blick.de\/magazin\/wp-json\/wp\/v2\/tags?post=4800"}],"curies":[{"name":"wp","href":"https:\/\/api.w.org\/{rel}","templated":true}]}}