{"id":4697,"date":"2018-01-08T15:01:20","date_gmt":"2018-01-08T14:01:20","guid":{"rendered":"https:\/\/www.raum-blick.de\/magazin\/?p=4697"},"modified":"2020-05-13T14:11:27","modified_gmt":"2020-05-13T12:11:27","slug":"holzdeko-im-wohnzimmer","status":"publish","type":"post","link":"https:\/\/raum-blick.de\/magazin\/holzdeko-im-wohnzimmer\/","title":{"rendered":"Holzdeko im Wohnzimmer"},"content":{"rendered":"<h2><span class=\"ez-toc-section\" id=\"%C2%AB_Dekoration_mit_natuerlichem_Charme_%C2%BB\"><\/span>\u00ab Dekoration mit nat\u00fcrlichem Charme \u00bb<span class=\"ez-toc-section-end\"><\/span><\/h2>\n<p style=\"text-align: justify;\"><strong>Hochwertige Designm\u00f6bel \u00fcberzeugen mit der durchdachten Funktionalit\u00e4t und spiegeln Ihren Sinn f\u00fcr Stil wider. Gem\u00fctlichkeit kommt jedoch erst auf, wenn Sie das Wohnzimmer dekorieren. Nicht ohne Grund beleben die Holzfiguren aus den Kollektionen von <\/strong><a href=\"https:\/\/www.raum-blick.de\/kay-bojesen\/\"><strong>Kay Bojesen<\/strong><\/a><strong>, <\/strong><a href=\"https:\/\/www.raum-blick.de\/vitra\/\"><strong>Vitra<\/strong><\/a><strong> und anderen Marken seit Generationen die Atmosph\u00e4re in vielen Wohnungen: Die Designklassiker erfreuen mit dem warmen Charisma des nat\u00fcrlichen Werkstoffs und einer verspielten \u00c4sthetik, die sich diskret in das Interieur einf\u00fcgt.<\/strong><\/p>\n<h2><span class=\"ez-toc-section\" id=\"Deko_aus_Holz_fuer_den_saisonalen_Akzent_im_Wohnzimmer\"><\/span>Deko aus Holz f\u00fcr den saisonalen Akzent im Wohnzimmer<span class=\"ez-toc-section-end\"><\/span><\/h2>\n<p style=\"text-align: justify;\">Rund ums Jahr k\u00f6nnen Sie bei Spazierg\u00e4ngen V\u00f6gel beobachten. Dennoch kommt beim eifrigen Zwitschern umgehend der Gedanke auf, dass sich das winterliche Grau verabschiedet und die Natur alsbald bunt erbl\u00fcht. Deshalb harmonieren Holzv\u00f6gel wunderbar mit der fr\u00f6hlichen Wohnzimmer-Deko im Fr\u00fchjahr.<\/p><div id=\"ez-toc-container\" class=\"ez-toc-v2_0_82_2 counter-hierarchy ez-toc-counter ez-toc-grey ez-toc-container-direction\">\n<div class=\"ez-toc-title-container\">\n<p class=\"ez-toc-title\" style=\"cursor:inherit\">Was hier auf Sie wartet<\/p>\n<span class=\"ez-toc-title-toggle\"><a href=\"#\" class=\"ez-toc-pull-right ez-toc-btn ez-toc-btn-xs ez-toc-btn-default ez-toc-toggle\" aria-label=\"Toggle Table of Content\"><span class=\"ez-toc-js-icon-con\"><span class=\"\"><span class=\"eztoc-hide\" style=\"display:none;\">Toggle<\/span><span class=\"ez-toc-icon-toggle-span\"><svg style=\"fill: #999;color:#999\" xmlns=\"http:\/\/www.w3.org\/2000\/svg\" class=\"list-377408\" width=\"20px\" height=\"20px\" viewBox=\"0 0 24 24\" fill=\"none\"><path d=\"M6 6H4v2h2V6zm14 0H8v2h12V6zM4 11h2v2H4v-2zm16 0H8v2h12v-2zM4 16h2v2H4v-2zm16 0H8v2h12v-2z\" fill=\"currentColor\"><\/path><\/svg><svg style=\"fill: #999;color:#999\" class=\"arrow-unsorted-368013\" xmlns=\"http:\/\/www.w3.org\/2000\/svg\" width=\"10px\" height=\"10px\" viewBox=\"0 0 24 24\" version=\"1.2\" baseProfile=\"tiny\"><path d=\"M18.2 9.3l-6.2-6.3-6.2 6.3c-.2.2-.3.4-.3.7s.1.5.3.7c.2.2.4.3.7.3h11c.3 0 .5-.1.7-.3.2-.2.3-.5.3-.7s-.1-.5-.3-.7zM5.8 14.7l6.2 6.3 6.2-6.3c.2-.2.3-.5.3-.7s-.1-.5-.3-.7c-.2-.2-.4-.3-.7-.3h-11c-.3 0-.5.1-.7.3-.2.2-.3.5-.3.7s.1.5.3.7z\"\/><\/svg><\/span><\/span><\/span><\/a><\/span><\/div>\n<nav><ul class='ez-toc-list ez-toc-list-level-1 ' ><li class='ez-toc-page-1 ez-toc-heading-level-2'><a class=\"ez-toc-link ez-toc-heading-1\" href=\"https:\/\/raum-blick.de\/magazin\/holzdeko-im-wohnzimmer\/#%C2%AB_Dekoration_mit_natuerlichem_Charme_%C2%BB\" >\u00ab Dekoration mit nat\u00fcrlichem Charme \u00bb<\/a><\/li><li class='ez-toc-page-1 ez-toc-heading-level-2'><a class=\"ez-toc-link ez-toc-heading-2\" href=\"https:\/\/raum-blick.de\/magazin\/holzdeko-im-wohnzimmer\/#Deko_aus_Holz_fuer_den_saisonalen_Akzent_im_Wohnzimmer\" >Deko aus Holz f\u00fcr den saisonalen Akzent im Wohnzimmer<\/a><ul class='ez-toc-list-level-3' ><li class='ez-toc-heading-level-3'><a class=\"ez-toc-link ez-toc-heading-3\" href=\"https:\/\/raum-blick.de\/magazin\/holzdeko-im-wohnzimmer\/#Normann_Copenhagen_Shorebirds\" >Normann Copenhagen Shorebirds<\/a><\/li><\/ul><\/li><li class='ez-toc-page-1 ez-toc-heading-level-2'><a class=\"ez-toc-link ez-toc-heading-4\" href=\"https:\/\/raum-blick.de\/magazin\/holzdeko-im-wohnzimmer\/#Holzdeko_fuer_den_entspannten_Lifestyle\" >Holzdeko f\u00fcr den entspannten Lifestyle<\/a><ul class='ez-toc-list-level-3' ><li class='ez-toc-heading-level-3'><a class=\"ez-toc-link ez-toc-heading-5\" href=\"https:\/\/raum-blick.de\/magazin\/holzdeko-im-wohnzimmer\/#side-by-side_Weinlicht\" >side-by-side Weinlicht<\/a><\/li><li class='ez-toc-page-1 ez-toc-heading-level-3'><a class=\"ez-toc-link ez-toc-heading-6\" href=\"https:\/\/raum-blick.de\/magazin\/holzdeko-im-wohnzimmer\/#Architectmade_Holzfiguren\" >Architectmade Holzfiguren<\/a><\/li><\/ul><\/li><li class='ez-toc-page-1 ez-toc-heading-level-2'><a class=\"ez-toc-link ez-toc-heading-7\" href=\"https:\/\/raum-blick.de\/magazin\/holzdeko-im-wohnzimmer\/#Deko_aus_Holz_fuer_den_gedeckten_Tisch\" >Deko aus Holz f\u00fcr den gedeckten Tisch<\/a><ul class='ez-toc-list-level-3' ><li class='ez-toc-heading-level-3'><a class=\"ez-toc-link ez-toc-heading-8\" href=\"https:\/\/raum-blick.de\/magazin\/holzdeko-im-wohnzimmer\/#Design_House_Stockholm_Nordic_Light\" >Design House Stockholm Nordic Light<\/a><\/li><\/ul><\/li><li class='ez-toc-page-1 ez-toc-heading-level-2'><a class=\"ez-toc-link ez-toc-heading-9\" href=\"https:\/\/raum-blick.de\/magazin\/holzdeko-im-wohnzimmer\/#Dekoration_aus_Holz_fuer_die_individuellen_Akzente_jenseits_des_Wohnzimmers\" >Dekoration aus Holz f\u00fcr die individuellen Akzente jenseits des Wohnzimmers<\/a><\/li><\/ul><\/nav><\/div>\n\n<p><img loading=\"lazy\" decoding=\"async\" class=\"aligncenter wp-image-4723 size-full\" title=\"Holzfigur Kaninchen von Kay Bojesen\" src=\"https:\/\/www.raum-blick.de\/magazin\/wp-content\/uploads\/2018\/01\/Holzfigur-Kaninchen-von-Kay-Bojesen.jpg\" alt=\"Holzfigur Kaninchen von Kay Bojesen\" width=\"600\" height=\"600\" srcset=\"https:\/\/raum-blick.de\/magazin\/wp-content\/uploads\/2018\/01\/Holzfigur-Kaninchen-von-Kay-Bojesen.jpg 600w, https:\/\/raum-blick.de\/magazin\/wp-content\/uploads\/2018\/01\/Holzfigur-Kaninchen-von-Kay-Bojesen-150x150.jpg 150w, https:\/\/raum-blick.de\/magazin\/wp-content\/uploads\/2018\/01\/Holzfigur-Kaninchen-von-Kay-Bojesen-300x300.jpg 300w\" sizes=\"(max-width: 600px) 100vw, 600px\" \/><\/p>\n<p style=\"text-align: justify;\">Der d\u00e4nische Designer Kay Bojesen entwickelte durch die Geburt seines Sohnes eine Vorliebe f\u00fcr Holzspielzeug, die sp\u00e4ter zur kreativen Passion avancierte. Bewusst distanzierte er sich von lebensechten Kopien und fokussierte sich auf abstrakte Interpretationen der tierischen Vorbilder. So entstanden in den 1950er Jahren Design-Ikonen aus naturbelassenem Holz wie das enorm bewegliche Kaninchen oder der gelenkige Affe, die zur Erwachsenenwelt ebenso wie zur Kinderstube passen.<\/p>\n<p><a href=\"https:\/\/www.raum-blick.de\/kay-bojesen-unzertrennliche\"><img loading=\"lazy\" decoding=\"async\" class=\"aligncenter wp-image-4721 size-full\" title=\"Unzertrennliche (V\u00f6gel) von Kay Bojesen\" src=\"https:\/\/www.raum-blick.de\/magazin\/wp-content\/uploads\/2018\/01\/Vogel-Unzertrennliche-von-Kay-Bojesen.jpg\" alt=\"Vogel Unzertrennliche von Kay Bojesen\" width=\"600\" height=\"600\" srcset=\"https:\/\/raum-blick.de\/magazin\/wp-content\/uploads\/2018\/01\/Vogel-Unzertrennliche-von-Kay-Bojesen.jpg 600w, https:\/\/raum-blick.de\/magazin\/wp-content\/uploads\/2018\/01\/Vogel-Unzertrennliche-von-Kay-Bojesen-150x150.jpg 150w, https:\/\/raum-blick.de\/magazin\/wp-content\/uploads\/2018\/01\/Vogel-Unzertrennliche-von-Kay-Bojesen-300x300.jpg 300w\" sizes=\"(max-width: 600px) 100vw, 600px\" \/><\/a><\/p>\n<p style=\"text-align: justify;\">Sein unzertrennliches Vogelp\u00e4rchen begeistert nicht nur mit dem zeitlos entz\u00fcckenden Design. Es gen\u00fcgt eine kleine Ver\u00e4nderung beim Arrangieren der beiden Figuren, damit die Holzdeko von Kay Bojesen beispielsweise Assoziationen mit einem entweder streitenden oder verliebten Paar weckt.<\/p>\n<h3><span class=\"ez-toc-section\" id=\"Normann_Copenhagen_Shorebirds\"><\/span>Normann Copenhagen Shorebirds<span class=\"ez-toc-section-end\"><\/span><\/h3>\n<p style=\"text-align: justify;\">Das Bekenntnis zu minimalistischen Entw\u00fcrfen, die zugleich viel Wert auf die feinen Details legen, verleiht auch den Shorebirds von Sigurj\u00f3n P\u00e1lsson ihren Charme.<\/p>\n<blockquote>\n<p style=\"text-align: justify;\">Hervorragend gelang es dem isl\u00e4ndischen Designer, mit der silhouettenhaften Holzdeko die Eleganz der Brachv\u00f6gel ebenso einzufangen wie ihre anmutigen Bewegungen.<\/p>\n<\/blockquote>\n<p style=\"text-align: justify;\">Deshalb ergibt sich ein sehr lebendiges Szenario, wenn Sie mehrere Exemplare der Figuren von <a href=\"https:\/\/www.raum-blick.de\/normann-copenhagen\/\">Normann Copenhagen<\/a> auf der Kommode im Wohnzimmer drapieren. Gleichzeitig bleibt die fr\u00fchlingshafte Dekoration durch den puristischen Stil dezent und driftet nicht ins Kitschige ab.<\/p>\n<p><a href=\"https:\/\/www.raum-blick.de\/shorebird-holzfiguren-normann-copenhagen\"><img loading=\"lazy\" decoding=\"async\" class=\"aligncenter wp-image-4717 size-full\" title=\"Holzfigur &quot;Shorebird&quot; von Normann Copenhagen\" src=\"https:\/\/www.raum-blick.de\/magazin\/wp-content\/uploads\/2018\/01\/Holzfigur-Shorebird-von-Normann-Copenhagen.jpg\" alt=\"Holzfigur Shorebird von Normann Copenhagen\" width=\"600\" height=\"300\" srcset=\"https:\/\/raum-blick.de\/magazin\/wp-content\/uploads\/2018\/01\/Holzfigur-Shorebird-von-Normann-Copenhagen.jpg 600w, https:\/\/raum-blick.de\/magazin\/wp-content\/uploads\/2018\/01\/Holzfigur-Shorebird-von-Normann-Copenhagen-300x150.jpg 300w\" sizes=\"(max-width: 600px) 100vw, 600px\" \/><\/a><\/p>\n<h2><span class=\"ez-toc-section\" id=\"Holzdeko_fuer_den_entspannten_Lifestyle\"><\/span>Holzdeko f\u00fcr den entspannten Lifestyle<span class=\"ez-toc-section-end\"><\/span><\/h2>\n<p style=\"text-align: justify;\">Zuhause f\u00fchlen Sie sich besonders wohl. Diese angenehme Empfindung h\u00e4ngt nicht nur damit zusammen, dass die Einrichtung dem pers\u00f6nlichen Geschmack entspricht. Bei dem harmonisierenden Effekt spielen wiederkehrende Rituale und vertraute Objekte eine gro\u00dfe Rolle, die Sie seit Jahren begleiten. Deshalb ist in den gem\u00fctlichen Ecken eine Deko f\u00fcr das Wohnzimmer interessant, die Ihnen t\u00e4glich die regenerierenden Stunden vers\u00fc\u00dft.<\/p>\n<p><a href=\"https:\/\/www.raum-blick.de\/kay-bojesen-papageitaucher\"><img loading=\"lazy\" decoding=\"async\" class=\"aligncenter wp-image-4728 size-full\" title=\"Holzfigur &quot;Papageitaucher&quot; von Kay Bojesen\" src=\"https:\/\/www.raum-blick.de\/magazin\/wp-content\/uploads\/2018\/01\/Holzfigur-Papageitaucher-von-Kay-Bojesen.jpg\" alt=\"Holzfigur Papageitaucher von Kay Bojesen\" width=\"600\" height=\"600\" srcset=\"https:\/\/raum-blick.de\/magazin\/wp-content\/uploads\/2018\/01\/Holzfigur-Papageitaucher-von-Kay-Bojesen.jpg 600w, https:\/\/raum-blick.de\/magazin\/wp-content\/uploads\/2018\/01\/Holzfigur-Papageitaucher-von-Kay-Bojesen-150x150.jpg 150w, https:\/\/raum-blick.de\/magazin\/wp-content\/uploads\/2018\/01\/Holzfigur-Papageitaucher-von-Kay-Bojesen-300x300.jpg 300w\" sizes=\"(max-width: 600px) 100vw, 600px\" \/><\/a><\/p>\n<h3><span class=\"ez-toc-section\" id=\"side-by-side_Weinlicht\"><\/span>side-by-side Weinlicht<span class=\"ez-toc-section-end\"><\/span><\/h3>\n<p style=\"text-align: justify;\">Stellen Sie sich vor, wie Sie am Feierabend einen edlen Tropfen genie\u00dfen und dabei auf dem Sofa Platz nehmen. Nichts adelt den ruhigen Moment so wie das warme Licht einer Kerze. Deshalb gleicht das WeinLicht von <a href=\"https:\/\/www.raum-blick.de\/side-by-side\/\">side-by-side<\/a> einem \u00e4sthetischen Coup. Denn die Holzdeko verbindet das urige Charisma von Eiche mit der oberen Partie einer echten Weinflasche f\u00fcr die Gestaltung eines stimmungsvollen Windlichts. So sympathisch wie die Designidee von Sabine Meyer sind die sozialen Aspekte der Dekoration, die in karitativen Werkst\u00e4tten gefertigt wird.<\/p>\n<p><a href=\"https:\/\/www.raum-blick.de\/weinlicht-side-by-side\"><img loading=\"lazy\" decoding=\"async\" class=\"aligncenter wp-image-4715 size-full\" title=\"Weinlicht von side-by-side\" src=\"https:\/\/www.raum-blick.de\/magazin\/wp-content\/uploads\/2018\/01\/Weinlicht-von-von-side-by-side.jpg\" alt=\"Weinlicht von side-by-side\" width=\"600\" height=\"585\" srcset=\"https:\/\/raum-blick.de\/magazin\/wp-content\/uploads\/2018\/01\/Weinlicht-von-von-side-by-side.jpg 600w, https:\/\/raum-blick.de\/magazin\/wp-content\/uploads\/2018\/01\/Weinlicht-von-von-side-by-side-300x293.jpg 300w\" sizes=\"(max-width: 600px) 100vw, 600px\" \/><\/a><\/p>\n<h3><span class=\"ez-toc-section\" id=\"Architectmade_Holzfiguren\"><\/span>Architectmade Holzfiguren<span class=\"ez-toc-section-end\"><\/span><\/h3>\n<p style=\"text-align: justify;\">W\u00e4hrend Sie sich am sanften Flackern der Flamme und vollmundigen Aroma des Rotweins erfreuen, weckt eine weitere Dekoration aus Holz auf dem Sofatisch das Interesse. Paul Anker Hansen entwarf zun\u00e4chst f\u00fcr den Eigenbedarf Holzfiguren. Seine Kreationen waren aber derart ansprechend, dass aus dem Hobby eine Berufung und ein erfolgreiches Kapitel der d\u00e4nischen Designgeschichte wurde. Aus dem Jahr 1960 stammen die Entw\u00fcrfe f\u00fcr die Holzeulen, die inzwischen das Label <a href=\"https:\/\/www.raum-blick.de\/architectmade\/\">Architectmade<\/a> anbietet. Zum behaglichen Schlusspunkt des Tages passen die Accessoires aus Eiche und Wenge wunderbar.<\/p>\n<p><a href=\"https:\/\/www.raum-blick.de\/holzeule-owl-architectmade\"><img loading=\"lazy\" decoding=\"async\" class=\"aligncenter wp-image-4713 size-full\" title=\"Holzeule &quot;Owl&quot; von Architectmade\" src=\"https:\/\/www.raum-blick.de\/magazin\/wp-content\/uploads\/2018\/01\/Holzeule-Owl-von-Architectmade.jpg\" alt=\"Holzeule Owl von Architectmade\" width=\"600\" height=\"600\" srcset=\"https:\/\/raum-blick.de\/magazin\/wp-content\/uploads\/2018\/01\/Holzeule-Owl-von-Architectmade.jpg 600w, https:\/\/raum-blick.de\/magazin\/wp-content\/uploads\/2018\/01\/Holzeule-Owl-von-Architectmade-150x150.jpg 150w, https:\/\/raum-blick.de\/magazin\/wp-content\/uploads\/2018\/01\/Holzeule-Owl-von-Architectmade-300x300.jpg 300w\" sizes=\"(max-width: 600px) 100vw, 600px\" \/><\/a><\/p>\n<p style=\"text-align: justify;\">Schlie\u00dflich werden mit der Spezies nicht nur Weisheit und Gl\u00fcck assoziiert. Eulen sind bekannterma\u00dfen erst nach Einbruch der Dunkelheit aktiv und ein typisches Element der romantischen Abendstimmung. Au\u00dferdem l\u00e4dt Sie die Holzdeko im Wohnzimmer dazu ein, die individuellen Emotionen zu reflektieren: Der Kopf ist \u00fcber einen Magneten mit dem K\u00f6rper verbunden und kann so positioniert werden, dass der Nachtvogel \u00fcberrascht, nachdenklich, betr\u00fcbt oder erfreut wirkt.<\/p>\n<p><a href=\"https:\/\/www.raum-blick.de\/holzfiguren-birds-architectmade\"><img loading=\"lazy\" decoding=\"async\" class=\"aligncenter wp-image-4725 size-full\" title=\"Holzfiguren &quot;Birds&quot; von Architectmade\" src=\"https:\/\/www.raum-blick.de\/magazin\/wp-content\/uploads\/2018\/01\/Holzfiguren-Birds-von-Architectmade.jpg\" alt=\"Holzfiguren Birds von Architectmade\" width=\"600\" height=\"600\" srcset=\"https:\/\/raum-blick.de\/magazin\/wp-content\/uploads\/2018\/01\/Holzfiguren-Birds-von-Architectmade.jpg 600w, https:\/\/raum-blick.de\/magazin\/wp-content\/uploads\/2018\/01\/Holzfiguren-Birds-von-Architectmade-150x150.jpg 150w, https:\/\/raum-blick.de\/magazin\/wp-content\/uploads\/2018\/01\/Holzfiguren-Birds-von-Architectmade-300x300.jpg 300w\" sizes=\"(max-width: 600px) 100vw, 600px\" \/><\/a><\/p>\n<h2><span class=\"ez-toc-section\" id=\"Deko_aus_Holz_fuer_den_gedeckten_Tisch\"><\/span>Deko aus Holz f\u00fcr den gedeckten Tisch<span class=\"ez-toc-section-end\"><\/span><\/h2>\n<p style=\"text-align: justify;\">Nicht nur im Alltag w\u00fcnschen Sie sich eine ansprechende Atmosph\u00e4re bei den Mahlzeiten. Auch beim Dinner m\u00f6chten Sie die geladenen G\u00e4ste mit einer stilvoll gedeckten Tafel \u00fcberraschen. Gelungen wirkt stets ein Arrangement, das das Flair belebt und dennoch den servierten K\u00f6stlichkeiten die Hauptrolle \u00fcberl\u00e4sst. Da Holzdeko in der Regel diskret ausf\u00e4llt und mit der warmen Aura des nat\u00fcrlichen Materials punktet, ist sie ein idealer Tischschmuck.<\/p>\n<p><a href=\"https:\/\/www.raum-blick.de\/vitra-wooden-dolls-mother-fish-child\"><img loading=\"lazy\" decoding=\"async\" class=\"aligncenter wp-image-4704 size-full\" title=\"Dekofigur Wooden Dolls &quot;Mother Fish &amp; Child&quot; von Vitra\" src=\"https:\/\/www.raum-blick.de\/magazin\/wp-content\/uploads\/2018\/01\/Dekofigur-Wooden-Dolls-Mother-Fish-and-Child-von-Vitra.jpg\" alt=\"Dekofigur Wooden Dolls Mother Fish and Child von Vitra\" width=\"600\" height=\"300\" srcset=\"https:\/\/raum-blick.de\/magazin\/wp-content\/uploads\/2018\/01\/Dekofigur-Wooden-Dolls-Mother-Fish-and-Child-von-Vitra.jpg 600w, https:\/\/raum-blick.de\/magazin\/wp-content\/uploads\/2018\/01\/Dekofigur-Wooden-Dolls-Mother-Fish-and-Child-von-Vitra-300x150.jpg 300w\" sizes=\"(max-width: 600px) 100vw, 600px\" \/><\/a><\/p>\n<p style=\"text-align: justify;\">Alexander Girard erg\u00e4nzte das lustige Portfolio der Vitra Wooden Dolls in den 1950er Jahren durch einen Mutterfisch mit Kind. Noch immer bereichert das Duo mit den rot akzentuierten Flossen das Sortiment der Schweizer Marke, das in einer h\u00fcbschen Schatulle geliefert wird. Platzieren Sie beispielsweise die Holzfische in einem Bereich des Esstisches neben dem K\u00e4stchen, das Sie mit einer Serviette und einem mundgerechten Gru\u00df aus der K\u00fcche best\u00fccken.<\/p>\n<blockquote>\n<p style=\"text-align: justify;\">Passend wirkt die Holzdeko nicht nur, wenn Meeresfr\u00fcchte im Men\u00fc auftauchen.<\/p>\n<\/blockquote>\n<p style=\"text-align: justify;\">Fische haben h\u00f6chst unterschiedliche symbolische Bedeutungen und stehen unter anderem f\u00fcr das Gl\u00fcck, die geheimen Tr\u00e4ume, reich gef\u00fcllte Vorratskammern und die religi\u00f6se Gemeinschaft. Welche der durchweg positiven Assoziationen aufkommen, bleibt also der Phantasie der G\u00e4ste \u00fcberlassen.<\/p>\n<h3><span class=\"ez-toc-section\" id=\"Design_House_Stockholm_Nordic_Light\"><\/span>Design House Stockholm Nordic Light<span class=\"ez-toc-section-end\"><\/span><\/h3>\n<p style=\"text-align: justify;\">\u00c4hnlich vielseitig wie die leicht verspielte Deko aus Holz ist der Kerzenst\u00e4nder Nordic Light von <a href=\"https:\/\/www.raum-blick.de\/design-house-stockholm\/\">Design House Stockholm<\/a>. Das Wohnaccessoire \u00fcberzeugt nicht nur mit seiner harmonischen Form und zeitlosen \u00c4sthetik, die dem farbig akzentuierten Gummibaumholz zu verdanken ist.<\/p>\n<p><a href=\"https:\/\/www.raum-blick.de\/design-house-stockholm-nordic-light-kerzenleuchter\"><img loading=\"lazy\" decoding=\"async\" class=\"aligncenter wp-image-4699 size-full\" title=\"Kerzenst\u00e4nder &quot;Nordic Light&quot; von Design House Stockholm\" src=\"https:\/\/www.raum-blick.de\/magazin\/wp-content\/uploads\/2018\/01\/Kerzenstaender-Nordic-Light-von-Design-House-Stockholm.jpg\" alt=\"Kerzenstaender Nordic Light von Design House Stockholm\" width=\"600\" height=\"600\" srcset=\"https:\/\/raum-blick.de\/magazin\/wp-content\/uploads\/2018\/01\/Kerzenstaender-Nordic-Light-von-Design-House-Stockholm.jpg 600w, https:\/\/raum-blick.de\/magazin\/wp-content\/uploads\/2018\/01\/Kerzenstaender-Nordic-Light-von-Design-House-Stockholm-150x150.jpg 150w, https:\/\/raum-blick.de\/magazin\/wp-content\/uploads\/2018\/01\/Kerzenstaender-Nordic-Light-von-Design-House-Stockholm-300x300.jpg 300w\" sizes=\"(max-width: 600px) 100vw, 600px\" \/><\/a><\/p>\n<p style=\"text-align: justify;\">Jonas Grundell gestaltete die Holzdeko so flexibel, dass Sie den optischen Eindruck vielfach variieren kann. Denn die faltbaren Arme lassen sich f\u00fcr den extravaganten Look asymmetrisch auff\u00e4chern, bei der puristischen Deko in einer Reihe positionieren oder f\u00fcr den festlichen Anlass wie bei einem ausladenden Kerzenleuchter arrangieren. Wird die Deko nicht ben\u00f6tigt, l\u00e4sst sie sich au\u00dferdem platzsparend zusammenklappen und im Schrank verstauen.<\/p>\n<h2><span class=\"ez-toc-section\" id=\"Dekoration_aus_Holz_fuer_die_individuellen_Akzente_jenseits_des_Wohnzimmers\"><\/span>Dekoration aus Holz f\u00fcr die individuellen Akzente jenseits des Wohnzimmers<span class=\"ez-toc-section-end\"><\/span><\/h2>\n<p style=\"text-align: justify;\">Unabh\u00e4ngig von den \u00fcbergeordneten Einrichtungsideen wirkt hochwertige Holzdeko im Wohnzimmer stets stilvoll und charmant. Gleiches gilt selbstverst\u00e4ndlich f\u00fcr andere Lebensbereiche. Relativieren Sie zum Beispiel die sachliche Atmosph\u00e4re am Schreibtisch im B\u00fcro mit der Kollektion ARCH:YOU von <a href=\"https:\/\/www.raum-blick.de\/applicata\/\">applicata<\/a>.<\/p>\n<p><img loading=\"lazy\" decoding=\"async\" class=\"aligncenter wp-image-4702 size-full\" title=\"Haus ARCH:YOU von applicata\" src=\"https:\/\/www.raum-blick.de\/magazin\/wp-content\/uploads\/2018\/01\/Haus-ARCH-YOU-von-applicata.jpg\" alt=\"Haus ARCH YOU von applicata\" width=\"600\" height=\"450\" srcset=\"https:\/\/raum-blick.de\/magazin\/wp-content\/uploads\/2018\/01\/Haus-ARCH-YOU-von-applicata.jpg 600w, https:\/\/raum-blick.de\/magazin\/wp-content\/uploads\/2018\/01\/Haus-ARCH-YOU-von-applicata-300x225.jpg 300w\" sizes=\"(max-width: 600px) 100vw, 600px\" \/><\/p>\n<p style=\"text-align: justify;\">Die puristischen H\u00e4user aus Holz sind in diversen Varianten erh\u00e4ltlich und ergeben kombiniert eine urbane Landschaft. Dabei erweist sich der Link zum kreativen Metier der Architektur und Stadtplanung als inspirierend. So w\u00e4chst die Dekoration \u00fcber ihren \u00e4sthetischen Aspekt hinaus, spornt die Phantasie an und initiiert den einen oder anderen Geistesblitz.<\/p>\n","protected":false},"excerpt":{"rendered":"<p>\u00ab Dekoration mit nat\u00fcrlichem Charme \u00bb Hochwertige Designm\u00f6bel \u00fcberzeugen mit der durchdachten Funktionalit\u00e4t und spiegeln Ihren Sinn f\u00fcr Stil wider. Gem\u00fctlichkeit kommt jedoch erst auf, wenn Sie das Wohnzimmer dekorieren. Nicht ohne Grund beleben die Holzfiguren aus den Kollektionen von Kay Bojesen, Vitra und anderen Marken seit Generationen die Atmosph\u00e4re in vielen Wohnungen: Die Designklassiker [&hellip;]<\/p>\n","protected":false},"author":4,"featured_media":4732,"comment_status":"closed","ping_status":"open","sticky":false,"template":"","format":"standard","meta":{"_et_pb_use_builder":"","_et_pb_old_content":"","_et_gb_content_width":"","inline_featured_image":false,"footnotes":""},"categories":[7],"tags":[22,491,342,495,452,519,323,322,122,21,133,520,343,285,521],"class_list":["post-4697","post","type-post","status-publish","format-standard","has-post-thumbnail","hentry","category-accessoires-lifestyle","tag-applicata","tag-architectmade","tag-dekoration","tag-design-house-stockholm","tag-holz","tag-holzdeko","tag-holzfiguren","tag-kay-bojesen","tag-kerzenstaender","tag-normann-copenhagen","tag-side-by-side","tag-vitra","tag-weinlicht","tag-wohnzimmer","tag-wooden-dolls"],"_links":{"self":[{"href":"https:\/\/raum-blick.de\/magazin\/wp-json\/wp\/v2\/posts\/4697","targetHints":{"allow":["GET"]}}],"collection":[{"href":"https:\/\/raum-blick.de\/magazin\/wp-json\/wp\/v2\/posts"}],"about":[{"href":"https:\/\/raum-blick.de\/magazin\/wp-json\/wp\/v2\/types\/post"}],"author":[{"embeddable":true,"href":"https:\/\/raum-blick.de\/magazin\/wp-json\/wp\/v2\/users\/4"}],"replies":[{"embeddable":true,"href":"https:\/\/raum-blick.de\/magazin\/wp-json\/wp\/v2\/comments?post=4697"}],"version-history":[{"count":24,"href":"https:\/\/raum-blick.de\/magazin\/wp-json\/wp\/v2\/posts\/4697\/revisions"}],"predecessor-version":[{"id":10571,"href":"https:\/\/raum-blick.de\/magazin\/wp-json\/wp\/v2\/posts\/4697\/revisions\/10571"}],"wp:featuredmedia":[{"embeddable":true,"href":"https:\/\/raum-blick.de\/magazin\/wp-json\/wp\/v2\/media\/4732"}],"wp:attachment":[{"href":"https:\/\/raum-blick.de\/magazin\/wp-json\/wp\/v2\/media?parent=4697"}],"wp:term":[{"taxonomy":"category","embeddable":true,"href":"https:\/\/raum-blick.de\/magazin\/wp-json\/wp\/v2\/categories?post=4697"},{"taxonomy":"post_tag","embeddable":true,"href":"https:\/\/raum-blick.de\/magazin\/wp-json\/wp\/v2\/tags?post=4697"}],"curies":[{"name":"wp","href":"https:\/\/api.w.org\/{rel}","templated":true}]}}