{"id":4604,"date":"2017-12-13T11:01:16","date_gmt":"2017-12-13T10:01:16","guid":{"rendered":"https:\/\/www.raum-blick.de\/magazin\/?p=4604"},"modified":"2024-09-17T15:18:46","modified_gmt":"2024-09-17T13:18:46","slug":"kuechenhelfer-aus-edelstahl","status":"publish","type":"post","link":"https:\/\/raum-blick.de\/magazin\/kuechenhelfer-aus-edelstahl\/","title":{"rendered":"Schicke und hochwertige K\u00fcchenhelfer aus Edelstahl"},"content":{"rendered":"<h2><span class=\"ez-toc-section\" id=\"%C2%AB_Praktische_Accessoires_mit_besonderem_Glanz_%C2%BB\"><\/span>\u00ab Praktische Accessoires mit besonderem Glanz \u00bb<span class=\"ez-toc-section-end\"><\/span><\/h2>\n<p style=\"text-align: justify;\"><strong>Es ist robust, neigt nicht zu Verf\u00e4rbungen und nimmt den Geschmack von Lebensmitteln nicht an. Deshalb ist Edelstahl f\u00fcr Besteck ebenso gut geeignet wie f\u00fcr K\u00fcchenzubeh\u00f6r. Traditionsreiche Marken wie <\/strong><a href=\"https:\/\/www.raum-blick.de\/carl-mertens\/\"><strong>Carl Mertens<\/strong><\/a><strong> und <\/strong><a href=\"https:\/\/www.raum-blick.de\/georg-jensen\/\"><strong>Georg Jensen<\/strong><\/a><strong> favorisieren das hochwertige Material aber nicht nur wegen der funktionalen Vorteile. Durch die silbrige Textur ergibt sich eine moderne Eleganz. So schmeicheln die K\u00fcchenutensilien nicht nur dem Auge des Kochs, sondern machen auch beim Service eine gute Figur. <\/strong><\/p>\n<h2><span class=\"ez-toc-section\" id=\"Formschoenes_Kuechenzubehoer_fuer_die_alltaeglichen_Handgriffe\"><\/span>Formsch\u00f6nes K\u00fcchenzubeh\u00f6r f\u00fcr die allt\u00e4glichen Handgriffe<span class=\"ez-toc-section-end\"><\/span><\/h2>\n<p style=\"text-align: justify;\">Obwohl viele Basics im Haushalt stetig ben\u00f6tigt werden, verschwinden sie gerne in den scheinbar endlosen Tiefen von Schubladen und provozieren damit langwierige Suche. Dieser Widerspruch l\u00e4sst sich vermeiden, wenn das Design weniger pragmatisch als \u00fcblich ausf\u00e4llt. F\u00fcr seine exzellente Melange aus Funktionalit\u00e4t und \u00c4sthetik war Georg Jensen bekannt, der den Grundstein f\u00fcr die gleichnamige Marke legte.<\/p><div id=\"ez-toc-container\" class=\"ez-toc-v2_0_82_2 counter-hierarchy ez-toc-counter ez-toc-grey ez-toc-container-direction\">\n<div class=\"ez-toc-title-container\">\n<p class=\"ez-toc-title\" style=\"cursor:inherit\">Was hier auf Sie wartet<\/p>\n<span class=\"ez-toc-title-toggle\"><a href=\"#\" class=\"ez-toc-pull-right ez-toc-btn ez-toc-btn-xs ez-toc-btn-default ez-toc-toggle\" aria-label=\"Toggle Table of Content\"><span class=\"ez-toc-js-icon-con\"><span class=\"\"><span class=\"eztoc-hide\" style=\"display:none;\">Toggle<\/span><span class=\"ez-toc-icon-toggle-span\"><svg style=\"fill: #999;color:#999\" xmlns=\"http:\/\/www.w3.org\/2000\/svg\" class=\"list-377408\" width=\"20px\" height=\"20px\" viewBox=\"0 0 24 24\" fill=\"none\"><path d=\"M6 6H4v2h2V6zm14 0H8v2h12V6zM4 11h2v2H4v-2zm16 0H8v2h12v-2zM4 16h2v2H4v-2zm16 0H8v2h12v-2z\" fill=\"currentColor\"><\/path><\/svg><svg style=\"fill: #999;color:#999\" class=\"arrow-unsorted-368013\" xmlns=\"http:\/\/www.w3.org\/2000\/svg\" width=\"10px\" height=\"10px\" viewBox=\"0 0 24 24\" version=\"1.2\" baseProfile=\"tiny\"><path d=\"M18.2 9.3l-6.2-6.3-6.2 6.3c-.2.2-.3.4-.3.7s.1.5.3.7c.2.2.4.3.7.3h11c.3 0 .5-.1.7-.3.2-.2.3-.5.3-.7s-.1-.5-.3-.7zM5.8 14.7l6.2 6.3 6.2-6.3c.2-.2.3-.5.3-.7s-.1-.5-.3-.7c-.2-.2-.4-.3-.7-.3h-11c-.3 0-.5.1-.7.3-.2.2-.3.5-.3.7s.1.5.3.7z\"\/><\/svg><\/span><\/span><\/span><\/a><\/span><\/div>\n<nav><ul class='ez-toc-list ez-toc-list-level-1 ' ><li class='ez-toc-page-1 ez-toc-heading-level-2'><a class=\"ez-toc-link ez-toc-heading-1\" href=\"https:\/\/raum-blick.de\/magazin\/kuechenhelfer-aus-edelstahl\/#%C2%AB_Praktische_Accessoires_mit_besonderem_Glanz_%C2%BB\" >\u00ab Praktische Accessoires mit besonderem Glanz \u00bb<\/a><\/li><li class='ez-toc-page-1 ez-toc-heading-level-2'><a class=\"ez-toc-link ez-toc-heading-2\" href=\"https:\/\/raum-blick.de\/magazin\/kuechenhelfer-aus-edelstahl\/#Formschoenes_Kuechenzubehoer_fuer_die_alltaeglichen_Handgriffe\" >Formsch\u00f6nes K\u00fcchenzubeh\u00f6r f\u00fcr die allt\u00e4glichen Handgriffe<\/a><\/li><li class='ez-toc-page-1 ez-toc-heading-level-2'><a class=\"ez-toc-link ez-toc-heading-3\" href=\"https:\/\/raum-blick.de\/magazin\/kuechenhelfer-aus-edelstahl\/#Clevere_Designideen_fuer_die_Kueche_aus_Edelstahl\" >Clevere Designideen f\u00fcr die K\u00fcche aus Edelstahl<\/a><\/li><li class='ez-toc-page-1 ez-toc-heading-level-2'><a class=\"ez-toc-link ez-toc-heading-4\" href=\"https:\/\/raum-blick.de\/magazin\/kuechenhelfer-aus-edelstahl\/#Funktionales_Besteck_und_Kuechenutensilien_von_Carl_Mertens\" >Funktionales Besteck und K\u00fcchenutensilien von Carl Mertens<\/a><\/li><li class='ez-toc-page-1 ez-toc-heading-level-2'><a class=\"ez-toc-link ez-toc-heading-5\" href=\"https:\/\/raum-blick.de\/magazin\/kuechenhelfer-aus-edelstahl\/#Zum_Servieren_Multitalente_aus_Edelstahl_fuer_die_stilvolle_Tischdekoration\" >Zum Servieren: Multitalente aus Edelstahl f\u00fcr die stilvolle Tischdekoration<\/a><\/li><\/ul><\/nav><\/div>\n\n<p><img loading=\"lazy\" decoding=\"async\" class=\"aligncenter wp-image-4642 size-full\" title=\"Flaschen\u00f6ffner von Georg Jensen\" src=\"https:\/\/www.raum-blick.de\/magazin\/wp-content\/uploads\/2017\/12\/Georg-Jensen-Flaschenoeffner.jpg\" alt=\"Georg Jensen Flaschenoeffner\" width=\"600\" height=\"480\" srcset=\"https:\/\/raum-blick.de\/magazin\/wp-content\/uploads\/2017\/12\/Georg-Jensen-Flaschenoeffner.jpg 600w, https:\/\/raum-blick.de\/magazin\/wp-content\/uploads\/2017\/12\/Georg-Jensen-Flaschenoeffner-300x240.jpg 300w\" sizes=\"(max-width: 600px) 100vw, 600px\" \/><\/p>\n<p style=\"text-align: justify;\">Der legend\u00e4re Designer w\u00e4re von dem Flaschen\u00f6ffner Elephant gewiss entz\u00fcckt gewesen, den J\u00f6rgen M\u00f6ller f\u00fcr die modernen Kollektionen des skandinavischen Unternehmens entwarf. Der K\u00fcchenhelfer aus Edelstahl wurde pr\u00e4zise optimiert, damit das \u00d6ffnen leicht von der Hand geht. Gleichzeitig ist das Accessoire durch die formalen Parallelen mit dem Dickh\u00e4uter so dekorativ, dass es sich einen Stammplatz auf der K\u00fcchentheke verdient hat.<\/p>\n<p><img loading=\"lazy\" decoding=\"async\" class=\"aligncenter wp-image-4644 size-full\" title=\"Pfefferm\u00fchle Mahe von Peugeot\" src=\"https:\/\/www.raum-blick.de\/magazin\/wp-content\/uploads\/2017\/12\/Peugeot-Mahe-Pfeffermuehle.jpg\" alt=\"Peugeot Mahe Pfeffermuehle\" width=\"600\" height=\"600\" srcset=\"https:\/\/raum-blick.de\/magazin\/wp-content\/uploads\/2017\/12\/Peugeot-Mahe-Pfeffermuehle.jpg 600w, https:\/\/raum-blick.de\/magazin\/wp-content\/uploads\/2017\/12\/Peugeot-Mahe-Pfeffermuehle-150x150.jpg 150w, https:\/\/raum-blick.de\/magazin\/wp-content\/uploads\/2017\/12\/Peugeot-Mahe-Pfeffermuehle-300x300.jpg 300w\" sizes=\"(max-width: 600px) 100vw, 600px\" \/><\/p>\n<p style=\"text-align: justify;\">Gleicherma\u00dfen sehenswert ist die leicht geschwungene Pfefferm\u00fchle Mahe aus dem Sortiment von <a href=\"https:\/\/www.raum-blick.de\/peugeot\/\">Peugeot<\/a>, die ebenfalls aus Edelstahl gefertigt ist. Die elegante \u00c4sthetik ist begr\u00fc\u00dfenswert, da das K\u00fcchenzubeh\u00f6r zu den Basics beim Kochen und beim Service geh\u00f6rt. Die Gew\u00fcrzm\u00fchle hat jedoch weit mehr zu bieten als ein gelungenes Design: F\u00fcr das neuartige Mahlwerk wurde der Hersteller 2009 mit dem K\u00fccheninnovationspreis ausgezeichnet.<\/p>\n<blockquote>\n<p style=\"text-align: justify;\">Denn die sogenannte U&#8217;Select Technologie erm\u00f6glicht Ihnen, den Mahlgrad nach Belieben besonders einfach anzupassen. Eine Herausforderung an der zahlreiche, andere K\u00fcchenhelfer scheitern.<\/p>\n<\/blockquote>\n<h2><span class=\"ez-toc-section\" id=\"Clevere_Designideen_fuer_die_Kueche_aus_Edelstahl\"><\/span>Clevere Designideen f\u00fcr die K\u00fcche aus Edelstahl<span class=\"ez-toc-section-end\"><\/span><\/h2>\n<p style=\"text-align: justify;\">F\u00fcr Knoblauch sind M\u00f6glichkeiten zur geruchsarmen Aufbewahrung und ordentliche Verarbeitung gefragt. Beide Bed\u00fcrfnisse beantwortet <a href=\"https:\/\/www.raum-blick.de\/eva-solo\/\">Eva Solo<\/a> mit nur einem Accessoire. Der K\u00fcchenhelfer aus Edelstahl und mundgeblasenem Glas \u00e4hnelt insgesamt einer Knoblauchknolle. Die ungesch\u00e4lten Zehen k\u00f6nnen Sie im Gef\u00e4\u00df platzieren, dass durch das zweite Element verschlossen wird. Dabei handelt es sich zugleich um eine ergonomisch geformte Knoblauchpresse, die leicht zu reinigen ist und dank des gew\u00e4hlten Materials keine Ger\u00fcche annimmt.<\/p>\n<p><img loading=\"lazy\" decoding=\"async\" class=\"aligncenter wp-image-4636 size-full\" title=\"Knoblauchpresse von Eva Solo\" src=\"https:\/\/www.raum-blick.de\/magazin\/wp-content\/uploads\/2017\/12\/Eva-Solo-Knoblauchpresse.jpg\" alt=\"Eva Solo Knoblauchpresse\" width=\"600\" height=\"600\" srcset=\"https:\/\/raum-blick.de\/magazin\/wp-content\/uploads\/2017\/12\/Eva-Solo-Knoblauchpresse.jpg 600w, https:\/\/raum-blick.de\/magazin\/wp-content\/uploads\/2017\/12\/Eva-Solo-Knoblauchpresse-150x150.jpg 150w, https:\/\/raum-blick.de\/magazin\/wp-content\/uploads\/2017\/12\/Eva-Solo-Knoblauchpresse-300x300.jpg 300w\" sizes=\"(max-width: 600px) 100vw, 600px\" \/><\/p>\n<p style=\"text-align: justify;\">Ohnehin f\u00fcllen sich die Schr\u00e4nke schnell mit dem ben\u00f6tigten Equipment f\u00fcrs Zubereiten und Servieren. Deshalb ist K\u00fcchenzubeh\u00f6r mehr als willkommen, das sich vielseitig verwenden l\u00e4sst. Die <a href=\"https:\/\/www.raum-blick.de\/mono\/\">deutsche Manufaktur mono<\/a> greift die Tatsache auf, dass viele Kochgef\u00e4\u00dfe ohne Deckel geliefert werden.<\/p>\n<p><a href=\"https:\/\/www.raum-blick.de\/mono-multitop-kochdeckel\"><img loading=\"lazy\" decoding=\"async\" class=\"aligncenter wp-image-4638 size-full\" title=\"Multitop Kochdeckel von mono\" src=\"https:\/\/www.raum-blick.de\/magazin\/wp-content\/uploads\/2017\/12\/mono-Multitop-Kochdeckel.jpg\" alt=\"mono Multitop Kochdeckel\" width=\"600\" height=\"600\" srcset=\"https:\/\/raum-blick.de\/magazin\/wp-content\/uploads\/2017\/12\/mono-Multitop-Kochdeckel.jpg 600w, https:\/\/raum-blick.de\/magazin\/wp-content\/uploads\/2017\/12\/mono-Multitop-Kochdeckel-150x150.jpg 150w, https:\/\/raum-blick.de\/magazin\/wp-content\/uploads\/2017\/12\/mono-Multitop-Kochdeckel-300x300.jpg 300w\" sizes=\"(max-width: 600px) 100vw, 600px\" \/><\/a><\/p>\n<p style=\"text-align: justify;\">Der Kochdeckel Multitop widmet sich aber nicht nur diesem Bedarf. Durch die gew\u00f6lbte Form tropft das Kondenswasser in den Topf und nicht auf den Herd. W\u00e4hrend den Vorbereitungen empfiehlt sich das multifunktionale K\u00fcchenzubeh\u00f6r als Ablage f\u00fcr den Kochl\u00f6ffel oder die vorbereiteten Zutaten. Da Sie den K\u00fcchenhelfer beim Kochprozess mehrfach ins Spiel bringen k\u00f6nnen, minimiert sich ganz nebenbei auch der Abwasch.<\/p>\n<h2><span class=\"ez-toc-section\" id=\"Funktionales_Besteck_und_Kuechenutensilien_von_Carl_Mertens\"><\/span>Funktionales Besteck und K\u00fcchenutensilien von Carl Mertens<span class=\"ez-toc-section-end\"><\/span><\/h2>\n<p style=\"text-align: justify;\">Schwerlich l\u00e4sst sich die Butter auf der schmalen Messerspitze balancieren und landet auf dem K\u00fcchenboden statt im Kochtopf. Ein \u00e4hnliches Malheur schlie\u00dft sich an, sobald Sie die glitschigen Spaghetti portionieren m\u00f6chten.<\/p>\n<p><img loading=\"lazy\" decoding=\"async\" class=\"aligncenter wp-image-4632 size-full\" title=\"Salatbesteck von Carl Mertens\" src=\"https:\/\/www.raum-blick.de\/magazin\/wp-content\/uploads\/2017\/12\/Carl-Mertens-Salatbesteck.jpg\" alt=\"Carl Mertens Salatbesteck\" width=\"600\" height=\"600\" srcset=\"https:\/\/raum-blick.de\/magazin\/wp-content\/uploads\/2017\/12\/Carl-Mertens-Salatbesteck.jpg 600w, https:\/\/raum-blick.de\/magazin\/wp-content\/uploads\/2017\/12\/Carl-Mertens-Salatbesteck-150x150.jpg 150w, https:\/\/raum-blick.de\/magazin\/wp-content\/uploads\/2017\/12\/Carl-Mertens-Salatbesteck-300x300.jpg 300w\" sizes=\"(max-width: 600px) 100vw, 600px\" \/><\/p>\n<p style=\"text-align: justify;\">Da das Drehen des Garguts mit dem herk\u00f6mmlichen K\u00fcchenzubeh\u00f6r einem Geschicklichkeitstraining gleicht, stechen Sie letztlich doch mit der Gabel ins Fleisch. Gleich darauf tritt der Saft aus und die G\u00e4ste werden mit z\u00e4hen Tatsachen konfrontiert.<\/p>\n<p><img loading=\"lazy\" decoding=\"async\" class=\"aligncenter wp-image-4634 size-full\" title=\"Mr. Measure Messl\u00f6ffel von Carl Mertens\" src=\"https:\/\/www.raum-blick.de\/magazin\/wp-content\/uploads\/2017\/12\/Carl-Mertens-Mr-Measure-Messloeffel.jpg\" alt=\"Carl Mertens Mr Measure Messloeffel\" width=\"600\" height=\"600\" srcset=\"https:\/\/raum-blick.de\/magazin\/wp-content\/uploads\/2017\/12\/Carl-Mertens-Mr-Measure-Messloeffel.jpg 600w, https:\/\/raum-blick.de\/magazin\/wp-content\/uploads\/2017\/12\/Carl-Mertens-Mr-Measure-Messloeffel-150x150.jpg 150w, https:\/\/raum-blick.de\/magazin\/wp-content\/uploads\/2017\/12\/Carl-Mertens-Mr-Measure-Messloeffel-300x300.jpg 300w\" sizes=\"(max-width: 600px) 100vw, 600px\" \/><\/p>\n<p style=\"text-align: justify;\">All diese Pannen geh\u00f6ren der Vergangenheit an, wenn Sie professionelle K\u00fcchenhelfer aus Edelstahl bevorzugen. International bekannt ist Carl Mertens f\u00fcr Besteck und K\u00fcchenzubeh\u00f6r, dass ebenso \u00e4sthetisch wie praktisch durchdacht ist. Der deutsche Hersteller wirft beinahe hundert Jahre Erfahrung in die Waagschale und h\u00e4lt sowohl an traditioneller Handarbeit als auch hohen Qualit\u00e4tsma\u00dfst\u00e4ben fest. Gleichzeitig werden die Kollektionen unentwegt optimiert, um die Bed\u00fcrfnisse der Kunden noch besser zu beantworten. Deshalb bietet Carl Mertens Besteck f\u00fcr spezielle Handgriffe an.<\/p>\n<p><img loading=\"lazy\" decoding=\"async\" class=\"aligncenter wp-image-4621 size-full\" title=\"Buttermesser von Carl Mertens\" src=\"https:\/\/www.raum-blick.de\/magazin\/wp-content\/uploads\/2017\/12\/Carl-Mertens-Buttermesser.jpg\" alt=\"Carl Mertens Buttermesser\" width=\"600\" height=\"350\" srcset=\"https:\/\/raum-blick.de\/magazin\/wp-content\/uploads\/2017\/12\/Carl-Mertens-Buttermesser.jpg 600w, https:\/\/raum-blick.de\/magazin\/wp-content\/uploads\/2017\/12\/Carl-Mertens-Buttermesser-300x175.jpg 300w\" sizes=\"(max-width: 600px) 100vw, 600px\" \/><\/p>\n<p style=\"text-align: justify;\">Dazu z\u00e4hlt auch ein Buttermesser, das sich durch eine besonders breite Klinge auszeichnet. Nicht nur beim Kochen erweist der K\u00fcchenhelfer aus Edelstahl seine Dienste. Auch beim Fr\u00fchst\u00fcck ist das praktische Accessoire sehr willkommen.<\/p>\n<p><img loading=\"lazy\" decoding=\"async\" class=\"aligncenter wp-image-4618 size-full\" title=\"Pastaheber von Carl Mertens\" src=\"https:\/\/www.raum-blick.de\/magazin\/wp-content\/uploads\/2017\/12\/Carl-Mertens-Pastaheber.jpg\" alt=\"Carl Mertens Pastaheber\" width=\"600\" height=\"600\" srcset=\"https:\/\/raum-blick.de\/magazin\/wp-content\/uploads\/2017\/12\/Carl-Mertens-Pastaheber.jpg 600w, https:\/\/raum-blick.de\/magazin\/wp-content\/uploads\/2017\/12\/Carl-Mertens-Pastaheber-150x150.jpg 150w, https:\/\/raum-blick.de\/magazin\/wp-content\/uploads\/2017\/12\/Carl-Mertens-Pastaheber-300x300.jpg 300w\" sizes=\"(max-width: 600px) 100vw, 600px\" \/><\/p>\n<p style=\"text-align: justify;\">Axel Wowereit g\u00f6nnte dem Pastaheber, den er f\u00fcr die Traditionsmarke entwarf, ausgepr\u00e4gte Zacken. Dadurch lassen sich nicht nur Teigwaren gut greifen und problemlos transferieren. In Kombination mit dem passenden L\u00f6ffel eignet sich das K\u00fcchenzubeh\u00f6r ebenfalls f\u00fcr das Mischen oder Anrichten von Salaten. Dank der ergonomischen Form und dem breiten Arbeitsbereich wird mit der gebogenen Universalzange jedes Wendeman\u00f6ver zum Kinderspiel. Au\u00dferdem freuen Sie sich \u00fcber den K\u00fcchenhelfer, wenn f\u00fcrs Dinner ein elegantes Vorlege-Besteck gefragt ist.<\/p>\n<p><img loading=\"lazy\" decoding=\"async\" class=\"aligncenter wp-image-4626 size-full\" title=\"Universalzange von Carl Mertens\" src=\"https:\/\/www.raum-blick.de\/magazin\/wp-content\/uploads\/2017\/12\/Carl-Mertens-Universalzange.jpg\" alt=\"Carl Mertens Universalzange\" width=\"600\" height=\"600\" srcset=\"https:\/\/raum-blick.de\/magazin\/wp-content\/uploads\/2017\/12\/Carl-Mertens-Universalzange.jpg 600w, https:\/\/raum-blick.de\/magazin\/wp-content\/uploads\/2017\/12\/Carl-Mertens-Universalzange-150x150.jpg 150w, https:\/\/raum-blick.de\/magazin\/wp-content\/uploads\/2017\/12\/Carl-Mertens-Universalzange-300x300.jpg 300w\" sizes=\"(max-width: 600px) 100vw, 600px\" \/><\/p>\n<h2><span class=\"ez-toc-section\" id=\"Zum_Servieren_Multitalente_aus_Edelstahl_fuer_die_stilvolle_Tischdekoration\"><\/span>Zum Servieren: Multitalente aus Edelstahl f\u00fcr die stilvolle Tischdekoration<span class=\"ez-toc-section-end\"><\/span><\/h2>\n<p style=\"text-align: justify;\">Ohnehin landen einige K\u00fcchenhelfer aus Edelstahl als Besteck auf der gedeckten Tafel. Deshalb liegt es nahe, an der modernen Eleganz des Materials mit weiteren Accessoires anzukn\u00fcpfen.<\/p>\n<p><center><img loading=\"lazy\" decoding=\"async\" class=\"alignnone wp-image-4612 size-full\" title=\"Carl Mertens Schalenset Liaison | 3 St\u00fcck\" src=\"https:\/\/www.raum-blick.de\/magazin\/wp-content\/uploads\/2017\/12\/Carl-Mertens-Schalenset-Liaison-3-Stueck.jpg\" alt=\"Carl Mertens Schalenset Liaison 3 Stueck\" width=\"300\" height=\"300\" srcset=\"https:\/\/raum-blick.de\/magazin\/wp-content\/uploads\/2017\/12\/Carl-Mertens-Schalenset-Liaison-3-Stueck.jpg 300w, https:\/\/raum-blick.de\/magazin\/wp-content\/uploads\/2017\/12\/Carl-Mertens-Schalenset-Liaison-3-Stueck-150x150.jpg 150w\" sizes=\"(max-width: 300px) 100vw, 300px\" \/> <img loading=\"lazy\" decoding=\"async\" class=\"alignnone wp-image-4613 size-full\" title=\"Georg Jensen Krug Cobra | Wein- oder Wasserkrug\" src=\"https:\/\/www.raum-blick.de\/magazin\/wp-content\/uploads\/2017\/12\/Georg-Jensen-Krug-Cobra-Wein-oder-Wasserkrug.jpg\" alt=\"Georg Jensen Krug Cobra Wein- oder Wasserkrug\" width=\"300\" height=\"300\" srcset=\"https:\/\/raum-blick.de\/magazin\/wp-content\/uploads\/2017\/12\/Georg-Jensen-Krug-Cobra-Wein-oder-Wasserkrug.jpg 300w, https:\/\/raum-blick.de\/magazin\/wp-content\/uploads\/2017\/12\/Georg-Jensen-Krug-Cobra-Wein-oder-Wasserkrug-150x150.jpg 150w\" sizes=\"(max-width: 300px) 100vw, 300px\" \/><\/center><\/p>\n<p style=\"text-align: justify;\">\u00c4hnlich vielseitig wie die K\u00fcchenutensilien von Carl Mertens ist das Schalenset Liason. F\u00fcr Milch, Zucker und Sahne auf der Kaffeetafel empfiehlt sich das Trio ebenso wie f\u00fcr Dips beim Dinner oder die Knabbereien beim Videoabend.<\/p>\n<p><img loading=\"lazy\" decoding=\"async\" class=\"aligncenter wp-image-4616 size-full\" title=\"Georg Jensen Krug f\u00fcr Wein, Wasser oder als Vase\" src=\"https:\/\/www.raum-blick.de\/magazin\/wp-content\/uploads\/2017\/12\/Georg-Jensen-Krug-fuer-Wein-Wasser-Vase.jpg\" alt=\"Georg Jensen Krug fuer Wein Wasser Vase\" width=\"600\" height=\"600\" srcset=\"https:\/\/raum-blick.de\/magazin\/wp-content\/uploads\/2017\/12\/Georg-Jensen-Krug-fuer-Wein-Wasser-Vase.jpg 600w, https:\/\/raum-blick.de\/magazin\/wp-content\/uploads\/2017\/12\/Georg-Jensen-Krug-fuer-Wein-Wasser-Vase-150x150.jpg 150w, https:\/\/raum-blick.de\/magazin\/wp-content\/uploads\/2017\/12\/Georg-Jensen-Krug-fuer-Wein-Wasser-Vase-300x300.jpg 300w\" sizes=\"(max-width: 600px) 100vw, 600px\" \/><\/p>\n<p style=\"text-align: justify;\">Zu den Klassikern von Georg Jensen geh\u00f6rt der formsch\u00f6ne Edelstahlkrug, der von Henning Koppel entworfen wurde und f\u00fcr Tafelwasser, Wein oder die Blumendekoration geeignet ist. Durch den wiederkehrenden silbrigen Glanz bei den praktischen Utensilien ergibt sich ein stimmiges und schickes Ambiente, ohne dass sie sich \u00fcber die Tischdeko gro\u00dfe Gedanken machen m\u00fcssen.<\/p>\n","protected":false},"excerpt":{"rendered":"<p>\u00ab Praktische Accessoires mit besonderem Glanz \u00bb Es ist robust, neigt nicht zu Verf\u00e4rbungen und nimmt den Geschmack von Lebensmitteln nicht an. Deshalb ist Edelstahl f\u00fcr Besteck ebenso gut geeignet wie f\u00fcr K\u00fcchenzubeh\u00f6r. Traditionsreiche Marken wie Carl Mertens und Georg Jensen favorisieren das hochwertige Material aber nicht nur wegen der funktionalen Vorteile. Durch die silbrige [&hellip;]<\/p>\n","protected":false},"author":4,"featured_media":4646,"comment_status":"closed","ping_status":"open","sticky":false,"template":"","format":"standard","meta":{"_et_pb_use_builder":"","_et_pb_old_content":"","_et_gb_content_width":"","inline_featured_image":false,"footnotes":""},"categories":[7],"tags":[217,513,462,388,18,508,341,509,510,350,13,11,511,507,512,218,514,316,317,469,468,515],"class_list":["post-4604","post","type-post","status-publish","format-standard","has-post-thumbnail","hentry","category-accessoires-lifestyle","tag-besteck","tag-buttermesser","tag-carl-mertens","tag-edelstahl","tag-eva-solo","tag-flaschenoeffner","tag-georg-jensen","tag-knoblauchpresse","tag-kochdeckel","tag-kruege","tag-kuechenaccessoires","tag-kuechenhelfer","tag-kuechenutensilien","tag-kuechenzubehoer","tag-messloeffel","tag-mono","tag-pastaheber","tag-peugeot","tag-pfeffermuehlen","tag-salatbesteck","tag-schalen","tag-universalzange"],"_links":{"self":[{"href":"https:\/\/raum-blick.de\/magazin\/wp-json\/wp\/v2\/posts\/4604","targetHints":{"allow":["GET"]}}],"collection":[{"href":"https:\/\/raum-blick.de\/magazin\/wp-json\/wp\/v2\/posts"}],"about":[{"href":"https:\/\/raum-blick.de\/magazin\/wp-json\/wp\/v2\/types\/post"}],"author":[{"embeddable":true,"href":"https:\/\/raum-blick.de\/magazin\/wp-json\/wp\/v2\/users\/4"}],"replies":[{"embeddable":true,"href":"https:\/\/raum-blick.de\/magazin\/wp-json\/wp\/v2\/comments?post=4604"}],"version-history":[{"count":40,"href":"https:\/\/raum-blick.de\/magazin\/wp-json\/wp\/v2\/posts\/4604\/revisions"}],"predecessor-version":[{"id":21031,"href":"https:\/\/raum-blick.de\/magazin\/wp-json\/wp\/v2\/posts\/4604\/revisions\/21031"}],"wp:featuredmedia":[{"embeddable":true,"href":"https:\/\/raum-blick.de\/magazin\/wp-json\/wp\/v2\/media\/4646"}],"wp:attachment":[{"href":"https:\/\/raum-blick.de\/magazin\/wp-json\/wp\/v2\/media?parent=4604"}],"wp:term":[{"taxonomy":"category","embeddable":true,"href":"https:\/\/raum-blick.de\/magazin\/wp-json\/wp\/v2\/categories?post=4604"},{"taxonomy":"post_tag","embeddable":true,"href":"https:\/\/raum-blick.de\/magazin\/wp-json\/wp\/v2\/tags?post=4604"}],"curies":[{"name":"wp","href":"https:\/\/api.w.org\/{rel}","templated":true}]}}