{"id":4467,"date":"2017-12-05T11:26:53","date_gmt":"2017-12-05T10:26:53","guid":{"rendered":"https:\/\/www.raum-blick.de\/magazin\/?p=4467"},"modified":"2020-11-30T08:47:18","modified_gmt":"2020-11-30T07:47:18","slug":"skandinavische-weihnachtsdeko","status":"publish","type":"post","link":"https:\/\/raum-blick.de\/magazin\/skandinavische-weihnachtsdeko\/","title":{"rendered":"Skandinavische Weihnachtsdeko"},"content":{"rendered":"<h2><span class=\"ez-toc-section\" id=\"%C2%AB_Nordisch_festlich_dekorieren_%C2%BB\"><\/span>\u00ab Nordisch festlich dekorieren \u00bb<span class=\"ez-toc-section-end\"><\/span><\/h2>\n<p style=\"text-align: justify;\"><strong>Der hohe Norden ist bekannt f\u00fcr seine liebenswert gestalteten Wohnwelten. Daf\u00fcr gibt es einen guten Grund: Gem\u00fctliche Momente liegen den Skandinaviern am Herzen. Das gilt besonders f\u00fcr die Zeit rund um Weihnachten. In D\u00e4nemark hat sich mit &#8222;julehygge&#8220; sogar ein Wort f\u00fcr das behagliche Ambiente ab dem ersten Advent eingeb\u00fcrgert. Skandinavische Deko und nordische Br\u00e4uche sind demnach eine fabelhafte Inspirationsquelle, wenn Sie die letzten Wochen des Jahres vortrefflich genie\u00dfen m\u00f6chten. <\/strong><\/p>\n<h2><span class=\"ez-toc-section\" id=\"Hommage_an_die_heilige_Lucia_%E2%80%93_Kerzen_in_allen_Variationen_fuer_die_Weihnachtsdekoration\"><\/span>Hommage an die heilige Lucia \u2013 Kerzen in allen Variationen f\u00fcr die Weihnachtsdekoration<span class=\"ez-toc-section-end\"><\/span><\/h2>\n<p style=\"text-align: justify;\">Vor der Einf\u00fchrung des Gregorianischen Kalenders war der 13. Dezember der k\u00fcrzeste Tag im winterlichen Skandinavien. So etablierte sich ausgehend von Schweden das Luciafest, bei dem die Lichterk\u00f6nigin mit ihrem Kerzenschmuck im Mittelpunkt steht und von einer Kinderschar in wei\u00dfen Gew\u00e4ndern begleitet wird. Vermutlich tr\u00e4gt diese Tradition dazu bei, dass unz\u00e4hlige Lichter die Deko zu Weihnachten charakterisieren. Dabei werten die Accessoires nicht nur als Tischdekoration die Innenr\u00e4ume auf. Gerne werden die Kerzenhalter so platziert, dass sich auch die Passanten vor den H\u00e4usern daran erfreuen k\u00f6nnen.<\/p><div id=\"ez-toc-container\" class=\"ez-toc-v2_0_82_2 counter-hierarchy ez-toc-counter ez-toc-grey ez-toc-container-direction\">\n<div class=\"ez-toc-title-container\">\n<p class=\"ez-toc-title\" style=\"cursor:inherit\">Was hier auf Sie wartet<\/p>\n<span class=\"ez-toc-title-toggle\"><a href=\"#\" class=\"ez-toc-pull-right ez-toc-btn ez-toc-btn-xs ez-toc-btn-default ez-toc-toggle\" aria-label=\"Toggle Table of Content\"><span class=\"ez-toc-js-icon-con\"><span class=\"\"><span class=\"eztoc-hide\" style=\"display:none;\">Toggle<\/span><span class=\"ez-toc-icon-toggle-span\"><svg style=\"fill: #999;color:#999\" xmlns=\"http:\/\/www.w3.org\/2000\/svg\" class=\"list-377408\" width=\"20px\" height=\"20px\" viewBox=\"0 0 24 24\" fill=\"none\"><path d=\"M6 6H4v2h2V6zm14 0H8v2h12V6zM4 11h2v2H4v-2zm16 0H8v2h12v-2zM4 16h2v2H4v-2zm16 0H8v2h12v-2z\" fill=\"currentColor\"><\/path><\/svg><svg style=\"fill: #999;color:#999\" class=\"arrow-unsorted-368013\" xmlns=\"http:\/\/www.w3.org\/2000\/svg\" width=\"10px\" height=\"10px\" viewBox=\"0 0 24 24\" version=\"1.2\" baseProfile=\"tiny\"><path d=\"M18.2 9.3l-6.2-6.3-6.2 6.3c-.2.2-.3.4-.3.7s.1.5.3.7c.2.2.4.3.7.3h11c.3 0 .5-.1.7-.3.2-.2.3-.5.3-.7s-.1-.5-.3-.7zM5.8 14.7l6.2 6.3 6.2-6.3c.2-.2.3-.5.3-.7s-.1-.5-.3-.7c-.2-.2-.4-.3-.7-.3h-11c-.3 0-.5.1-.7.3-.2.2-.3.5-.3.7s.1.5.3.7z\"\/><\/svg><\/span><\/span><\/span><\/a><\/span><\/div>\n<nav><ul class='ez-toc-list ez-toc-list-level-1 ' ><li class='ez-toc-page-1 ez-toc-heading-level-2'><a class=\"ez-toc-link ez-toc-heading-1\" href=\"https:\/\/raum-blick.de\/magazin\/skandinavische-weihnachtsdeko\/#%C2%AB_Nordisch_festlich_dekorieren_%C2%BB\" >\u00ab Nordisch festlich dekorieren \u00bb<\/a><\/li><li class='ez-toc-page-1 ez-toc-heading-level-2'><a class=\"ez-toc-link ez-toc-heading-2\" href=\"https:\/\/raum-blick.de\/magazin\/skandinavische-weihnachtsdeko\/#Hommage_an_die_heilige_Lucia_%E2%80%93_Kerzen_in_allen_Variationen_fuer_die_Weihnachtsdekoration\" >Hommage an die heilige Lucia \u2013 Kerzen in allen Variationen f\u00fcr die Weihnachtsdekoration<\/a><\/li><li class='ez-toc-page-1 ez-toc-heading-level-2'><a class=\"ez-toc-link ez-toc-heading-3\" href=\"https:\/\/raum-blick.de\/magazin\/skandinavische-weihnachtsdeko\/#Dezente_Weihnachtsdekoration_fuer_den_ganzen_Winter\" >Dezente Weihnachtsdekoration f\u00fcr den ganzen Winter<\/a><\/li><li class='ez-toc-page-1 ez-toc-heading-level-2'><a class=\"ez-toc-link ez-toc-heading-4\" href=\"https:\/\/raum-blick.de\/magazin\/skandinavische-weihnachtsdeko\/#Mit_der_Weihnachtsdekoration_traditionelle_Braeuche_zelebrieren\" >Mit der Weihnachtsdekoration traditionelle Br\u00e4uche zelebrieren<\/a><\/li><li class='ez-toc-page-1 ez-toc-heading-level-2'><a class=\"ez-toc-link ez-toc-heading-5\" href=\"https:\/\/raum-blick.de\/magazin\/skandinavische-weihnachtsdeko\/#Skandinavische_Weihnachtsdeko_fuer_den_Christbaum\" >Skandinavische Weihnachtsdeko f\u00fcr den Christbaum<\/a><\/li><li class='ez-toc-page-1 ez-toc-heading-level-2'><a class=\"ez-toc-link ez-toc-heading-6\" href=\"https:\/\/raum-blick.de\/magazin\/skandinavische-weihnachtsdeko\/#Inspirierende_Weihnachtsbraeuche_aus_Nordeuropa\" >Inspirierende Weihnachtsbr\u00e4uche aus Nordeuropa<\/a><\/li><\/ul><\/nav><\/div>\n\n<p><img loading=\"lazy\" decoding=\"async\" class=\"aligncenter wp-image-4481 size-full\" title=\"Laterne &quot;Design with Light&quot; von Holmegaard\" src=\"https:\/\/www.raum-blick.de\/magazin\/wp-content\/uploads\/2017\/12\/Holmegaard-Design-with-Light-Laterne.jpg\" alt=\"Holmegaard Design with Light Laterne\" width=\"600\" height=\"600\" srcset=\"https:\/\/raum-blick.de\/magazin\/wp-content\/uploads\/2017\/12\/Holmegaard-Design-with-Light-Laterne.jpg 600w, https:\/\/raum-blick.de\/magazin\/wp-content\/uploads\/2017\/12\/Holmegaard-Design-with-Light-Laterne-150x150.jpg 150w, https:\/\/raum-blick.de\/magazin\/wp-content\/uploads\/2017\/12\/Holmegaard-Design-with-Light-Laterne-300x300.jpg 300w\" sizes=\"(max-width: 600px) 100vw, 600px\" \/><\/p>\n<p style=\"text-align: justify;\">Stilvoll umschmeicheln die mundgeblasenen Glaslaternen von <a href=\"https:\/\/www.raum-blick.de\/holmegaard\/\">Holmegaard<\/a> das flackernde Licht, die sich f\u00fcr die skandinavische Weihnachtsdeko auf der Fensterbank empfehlen.<\/p>\n<p><a href=\"https:\/\/www.raum-blick.de\/kaehler-stella-haengender-teelichthalter\"><img loading=\"lazy\" decoding=\"async\" class=\"aligncenter wp-image-4476 size-full\" title=\"H\u00e4ngender Teelichthalter &quot;Stella&quot; von K\u00e4hler\" src=\"https:\/\/www.raum-blick.de\/magazin\/wp-content\/uploads\/2017\/12\/Kaehler-Stella-Teelichthalter-haengend.jpg\" alt=\"Kaehler Stella Teelichthalter haengend\" width=\"600\" height=\"600\" srcset=\"https:\/\/raum-blick.de\/magazin\/wp-content\/uploads\/2017\/12\/Kaehler-Stella-Teelichthalter-haengend.jpg 600w, https:\/\/raum-blick.de\/magazin\/wp-content\/uploads\/2017\/12\/Kaehler-Stella-Teelichthalter-haengend-150x150.jpg 150w, https:\/\/raum-blick.de\/magazin\/wp-content\/uploads\/2017\/12\/Kaehler-Stella-Teelichthalter-haengend-300x300.jpg 300w\" sizes=\"(max-width: 600px) 100vw, 600px\" \/><\/a><\/p>\n<p style=\"text-align: justify;\">Eine weitere Ebene erschlie\u00dfen Sie mit den sternf\u00f6rmigen Teelichthaltern von <a href=\"https:\/\/www.raum-blick.de\/kaehler-design\/\">K\u00e4hler<\/a> bei der Dekoration der Fenster.<\/p>\n<p><img loading=\"lazy\" decoding=\"async\" class=\"aligncenter wp-image-4479 size-full\" title=\"Teelichtleuchter &quot;Nobili&quot; von K\u00e4hler\" src=\"https:\/\/www.raum-blick.de\/magazin\/wp-content\/uploads\/2017\/12\/Kaehler-Nobili-Teelichtleuchter.jpg\" alt=\"Kaehler Nobili Teelichtleuchter\" width=\"600\" height=\"600\" srcset=\"https:\/\/raum-blick.de\/magazin\/wp-content\/uploads\/2017\/12\/Kaehler-Nobili-Teelichtleuchter.jpg 600w, https:\/\/raum-blick.de\/magazin\/wp-content\/uploads\/2017\/12\/Kaehler-Nobili-Teelichtleuchter-150x150.jpg 150w, https:\/\/raum-blick.de\/magazin\/wp-content\/uploads\/2017\/12\/Kaehler-Nobili-Teelichtleuchter-300x300.jpg 300w\" sizes=\"(max-width: 600px) 100vw, 600px\" \/><\/p>\n<p style=\"text-align: justify;\">Abstrakt greifen die Leuchter der Kollektion Nobili die Form eines Christbaums oder Schneeballs auf. Eines ist gewiss: Wer beim Vorbeigehen das Lichtermeer in Ihrer Wohnung bemerkt, w\u00fcrde sich am liebsten selbst einladen.<\/p>\n<h2><span class=\"ez-toc-section\" id=\"Dezente_Weihnachtsdekoration_fuer_den_ganzen_Winter\"><\/span>Dezente Weihnachtsdekoration f\u00fcr den ganzen Winter<span class=\"ez-toc-section-end\"><\/span><\/h2>\n<p style=\"text-align: justify;\">Die Schweden, Norweger, D\u00e4nen und Finnen haben eine Gemeinsamkeit: Sie kosten das behagliche Ambiente zum Jahreswechsel vollends aus. Deshalb wird die Weihnachtsdeko sp\u00e4testens am ersten Advent drapiert und bereichert bis zum Knutstag am 13. Januar das Flair. Die skandinavische Weihnachtsdeko wirkt \u00fcber diesen langen Zeitraum nicht deplatziert, weil auf Figuren mit konkretem Bezug zu den Festtagen weitgehend verzichtet wird. Vielmehr werden Motive f\u00fcr die Dekoration favorisiert, die gut zur Jahreszeit passen.<\/p>\n<p><img loading=\"lazy\" decoding=\"async\" class=\"aligncenter wp-image-4484 size-full\" title=\"Golden Ornaments von ferm Living\" src=\"https:\/\/www.raum-blick.de\/magazin\/wp-content\/uploads\/2017\/12\/ferm-Living-Golden-Ornaments.jpg\" alt=\"ferm Living Golden Ornaments\" width=\"600\" height=\"600\" srcset=\"https:\/\/raum-blick.de\/magazin\/wp-content\/uploads\/2017\/12\/ferm-Living-Golden-Ornaments.jpg 600w, https:\/\/raum-blick.de\/magazin\/wp-content\/uploads\/2017\/12\/ferm-Living-Golden-Ornaments-150x150.jpg 150w, https:\/\/raum-blick.de\/magazin\/wp-content\/uploads\/2017\/12\/ferm-Living-Golden-Ornaments-300x300.jpg 300w\" sizes=\"(max-width: 600px) 100vw, 600px\" \/><\/p>\n<p style=\"text-align: justify;\">Versehen Sie einige getrocknete Zweige mit Schneespray, von denen sich die goldenen Papier-Ornamente von ferm Living hervorheben. Dieses Arrangement ist im Gegensatz zu den klassisch dekorierten Tannenzweigen f\u00fcr den ganzen Winter als Deko angemessen. \u00c4hnlich diskret f\u00e4llt der Weihnachtsschmuck der Serie Winterland aus. Die Sterne und B\u00e4ume aus hochwertigem Messing wecken Assoziationen mit den Naturszenarien in den frostigen Monaten.<\/p>\n<p><a href=\"https:\/\/www.raum-blick.de\/ferm-living-winterland-messing-baum\"><img loading=\"lazy\" decoding=\"async\" class=\"aligncenter wp-image-4487 size-full\" title=\"Messing-Baum &quot;Winterland&quot; von ferm Living\" src=\"https:\/\/www.raum-blick.de\/magazin\/wp-content\/uploads\/2017\/12\/ferm-Living-Winterland-Messing-Baum.jpg\" alt=\"ferm Living Winterland Messing Baum\" width=\"600\" height=\"600\" srcset=\"https:\/\/raum-blick.de\/magazin\/wp-content\/uploads\/2017\/12\/ferm-Living-Winterland-Messing-Baum.jpg 600w, https:\/\/raum-blick.de\/magazin\/wp-content\/uploads\/2017\/12\/ferm-Living-Winterland-Messing-Baum-150x150.jpg 150w, https:\/\/raum-blick.de\/magazin\/wp-content\/uploads\/2017\/12\/ferm-Living-Winterland-Messing-Baum-300x300.jpg 300w\" sizes=\"(max-width: 600px) 100vw, 600px\" \/><\/a><\/p>\n<p style=\"text-align: justify;\">Auch beim Basteln sind in Skandinavien nat\u00fcrliche Dekorationsideen beliebt. Typisch sind kreativ mit Nelken gespickte Orangen. Diese Konstellation verbreitet einen angenehm weihnachtlichen Duft im ganzen Raum.<\/p>\n<h2><span class=\"ez-toc-section\" id=\"Mit_der_Weihnachtsdekoration_traditionelle_Braeuche_zelebrieren\"><\/span>Mit der Weihnachtsdekoration traditionelle Br\u00e4uche zelebrieren<span class=\"ez-toc-section-end\"><\/span><\/h2>\n<p style=\"text-align: justify;\">Wenngleich neue Ideen f\u00fcr die st\u00e4dtischen Events und die heimische Weihnachtsdeko willkommen sind, werden viele Traditionen gepflegt. Selbstverst\u00e4ndlich wird am Adventssonntag eine Kerze angez\u00fcndet, wobei erneut das Flackern der Flamme im Rampenlicht steht. Deshalb pr\u00e4sentieren skandinavische Marken au\u00dfergew\u00f6hnlich schlichte Adventskr\u00e4nze. Daf\u00fcr ist der Kerzenhalter Circle aus Messing ein ebenso gelungenes Beispiel wie der L\u00fcster Nordic Light.<\/p>\n<p><a href=\"https:\/\/www.raum-blick.de\/ferm-living-kerzenhalter-circle\"><img loading=\"lazy\" decoding=\"async\" class=\"aligncenter wp-image-4493 size-full\" title=\"Kerzenhalter &quot;Circle&quot; von ferm Living\" src=\"https:\/\/www.raum-blick.de\/magazin\/wp-content\/uploads\/2017\/12\/ferm-Living-Circle-Kerzenhalter.jpg\" alt=\"ferm Living Circle Kerzenhalter\" width=\"600\" height=\"600\" srcset=\"https:\/\/raum-blick.de\/magazin\/wp-content\/uploads\/2017\/12\/ferm-Living-Circle-Kerzenhalter.jpg 600w, https:\/\/raum-blick.de\/magazin\/wp-content\/uploads\/2017\/12\/ferm-Living-Circle-Kerzenhalter-150x150.jpg 150w, https:\/\/raum-blick.de\/magazin\/wp-content\/uploads\/2017\/12\/ferm-Living-Circle-Kerzenhalter-300x300.jpg 300w\" sizes=\"(max-width: 600px) 100vw, 600px\" \/><\/a><\/p>\n<p style=\"text-align: justify;\">Da sich dieses Modell von <a href=\"https:\/\/www.raum-blick.de\/design-house-stockholm\/\">Design House Stockholm<\/a> unterschiedlich justieren l\u00e4sst, eignet es sich nicht nur f\u00fcr die Deko zu Weihnachten. Die skandinavische Weihnachtsdeko ist lediglich die Signatur f\u00fcr gem\u00fctliche Stunden, bei denen alle Sinne zugleich verw\u00f6hnt werden.<\/p>\n<p><a href=\"https:\/\/www.raum-blick.de\/design-house-stockholm-nordic-light-kerzenleuchter\"><img loading=\"lazy\" decoding=\"async\" class=\"aligncenter wp-image-4490 size-full\" title=\"Kerzenst\u00e4nder &quot;Nordic Light&quot; von Design House Stockholm\" src=\"https:\/\/www.raum-blick.de\/magazin\/wp-content\/uploads\/2017\/12\/Design-House-Stockholm-Nordic-Light-Kerzenstaender.jpg\" alt=\"Design House Stockholm Nordic Light Kerzenstaender\" width=\"600\" height=\"600\" srcset=\"https:\/\/raum-blick.de\/magazin\/wp-content\/uploads\/2017\/12\/Design-House-Stockholm-Nordic-Light-Kerzenstaender.jpg 600w, https:\/\/raum-blick.de\/magazin\/wp-content\/uploads\/2017\/12\/Design-House-Stockholm-Nordic-Light-Kerzenstaender-150x150.jpg 150w, https:\/\/raum-blick.de\/magazin\/wp-content\/uploads\/2017\/12\/Design-House-Stockholm-Nordic-Light-Kerzenstaender-300x300.jpg 300w\" sizes=\"(max-width: 600px) 100vw, 600px\" \/><\/a><\/p>\n<p style=\"text-align: justify;\">Bereiten Sie sich einen Gl\u00f6gg zu, bevor Sie s\u00e4mtliche Kerzen der Weihnachtsdekoration entz\u00fcnden. Das Hei\u00dfgetr\u00e4nk darf an einem Winterabend mit nordischem Flair nicht fehlen und wird traditionell mit Rosinen oder Mandeln serviert. W\u00e4hrend der Drink Sie von innen w\u00e4rmt, greifen Sie zu typischen Leckereien wie zum Beispiel dem schwedischen Safrangeb\u00e4ck Lussekatter. So ger\u00e4t die kalte Witterung schnell in Vergessenheit und Sie freuen sich dank der skandinavischen Deko bestens gelaunt auf die Weihnachtsfeiertage.<\/p>\n<h2><span class=\"ez-toc-section\" id=\"Skandinavische_Weihnachtsdeko_fuer_den_Christbaum\"><\/span>Skandinavische Weihnachtsdeko f\u00fcr den Christbaum<span class=\"ez-toc-section-end\"><\/span><\/h2>\n<p style=\"text-align: justify;\">Urspr\u00fcnglich stammt der Brauch, an den Festtagen einen Christbaum aufzustellen, aus Deutschland. Seit dem 19. Jahrhundert ist er auch in Skandinavien das Highlight der Weihnachtsdekoration und wird auf einer speziellen Decke platziert.<\/p>\n<p><img loading=\"lazy\" decoding=\"async\" class=\"aligncenter wp-image-4495 size-full\" title=\"Christbaumkugeln &quot;Omaggio&quot; von K\u00e4hler\" src=\"https:\/\/www.raum-blick.de\/magazin\/wp-content\/uploads\/2017\/12\/Kaehler-Omaggio-Christbaumkugeln.jpg\" alt=\"Kaehler Omaggio Christbaumkugeln\" width=\"600\" height=\"600\" srcset=\"https:\/\/raum-blick.de\/magazin\/wp-content\/uploads\/2017\/12\/Kaehler-Omaggio-Christbaumkugeln.jpg 600w, https:\/\/raum-blick.de\/magazin\/wp-content\/uploads\/2017\/12\/Kaehler-Omaggio-Christbaumkugeln-150x150.jpg 150w, https:\/\/raum-blick.de\/magazin\/wp-content\/uploads\/2017\/12\/Kaehler-Omaggio-Christbaumkugeln-300x300.jpg 300w\" sizes=\"(max-width: 600px) 100vw, 600px\" \/><\/p>\n<p style=\"text-align: justify;\">F\u00fcr die zeitgem\u00e4\u00dfe Dekoration der Zweige empfehlen sich die Keramikkugeln im Perlmutt-Ton von K\u00e4hler und die Messingsterne von ferm Living. Dank der diskreten Deko kommen die verzierten Pepperkakor besser zur Geltung, die schwedische Familien f\u00fcr Weihnachten vorbereiten. Es ist nicht nur eine sch\u00f6ne Idee, beim Backen der Lebkuchen-Anh\u00e4nger die Vorfreude aufs Fest anzustacheln. So wirkt die Weihnachtsdeko sehr individuell und l\u00e4dt zum Naschen ein.<\/p>\n<p><img loading=\"lazy\" decoding=\"async\" class=\"aligncenter wp-image-4497 size-full\" title=\"Winterland &quot;Brass Star&quot; von ferm Living\" src=\"https:\/\/www.raum-blick.de\/magazin\/wp-content\/uploads\/2017\/12\/ferm-Living-Winterland-Brass-Star.jpg\" alt=\"ferm Living Winterland Brass Star\" width=\"600\" height=\"600\" srcset=\"https:\/\/raum-blick.de\/magazin\/wp-content\/uploads\/2017\/12\/ferm-Living-Winterland-Brass-Star.jpg 600w, https:\/\/raum-blick.de\/magazin\/wp-content\/uploads\/2017\/12\/ferm-Living-Winterland-Brass-Star-150x150.jpg 150w, https:\/\/raum-blick.de\/magazin\/wp-content\/uploads\/2017\/12\/ferm-Living-Winterland-Brass-Star-300x300.jpg 300w\" sizes=\"(max-width: 600px) 100vw, 600px\" \/><\/p>\n<p style=\"text-align: justify;\">Dass die Skandinavier die Wohnr\u00e4ume recht fr\u00fch mit der saisonalen Dekoration aufwerten hat einen Vorteil: Angesichts der zahlreichen Kerzen und Accessoires gen\u00fcgt es, f\u00fcr die Feiertage einige i-T\u00fcpfelchen zu erg\u00e4nzen. W\u00e4hrend in vielen nordischen L\u00e4ndern Kobolde die Geschenke bringen, erwarten die D\u00e4nen den Weihnachtsmann.<\/p>\n<p><img loading=\"lazy\" decoding=\"async\" class=\"aligncenter wp-image-4501 size-full\" title=\"Weihnachtsmann Holz-Figur von Kay Bojesen\" src=\"https:\/\/www.raum-blick.de\/magazin\/wp-content\/uploads\/2017\/12\/Kay-Bojesen-Weihnachtsmann-Holz-Figur.jpg\" alt=\"Kay Bojesen Weihnachtsmann Holz-Figur\" width=\"600\" height=\"600\" srcset=\"https:\/\/raum-blick.de\/magazin\/wp-content\/uploads\/2017\/12\/Kay-Bojesen-Weihnachtsmann-Holz-Figur.jpg 600w, https:\/\/raum-blick.de\/magazin\/wp-content\/uploads\/2017\/12\/Kay-Bojesen-Weihnachtsmann-Holz-Figur-150x150.jpg 150w, https:\/\/raum-blick.de\/magazin\/wp-content\/uploads\/2017\/12\/Kay-Bojesen-Weihnachtsmann-Holz-Figur-300x300.jpg 300w\" sizes=\"(max-width: 600px) 100vw, 600px\" \/><\/p>\n<p style=\"text-align: justify;\">Deshalb findet sich im Sortiment eine Weihnachtsmann-Holzfigur von Kay Bojesen, die ein toller Blickfang f\u00fcr die Tischdekoration ist. Gesellen sich derartige Extras zur Weihnachtsdeko, wird allen Familienmitgliedern klar: Der H\u00f6hepunkt der Adventszeit k\u00fcndigt sich an.<\/p>\n<h2><span class=\"ez-toc-section\" id=\"Inspirierende_Weihnachtsbraeuche_aus_Nordeuropa\"><\/span>Inspirierende Weihnachtsbr\u00e4uche aus Nordeuropa<span class=\"ez-toc-section-end\"><\/span><\/h2>\n<p style=\"text-align: justify;\">Die skandinavische Weihnachtsdeko l\u00e4dt dazu ein, bei der Inszenierung der Feiertage \u00fcber den Tellerrand zu schauen. Am 23. Dezember bereiten die D\u00e4nen eine Sch\u00fcssel mit Milchreis vor, in der eine Mandel versteckt wird. Wer beim Essen darauf st\u00f6\u00dft, freut sich \u00fcber ein zus\u00e4tzliches Geschenk. Das skandinavische Weihnachten wird generell eher ausgelassen als gediegen zelebriert. Daf\u00fcr ist in D\u00e4nemark der frei platzierte Weihnachtsbaum ein Indiz, um den die G\u00e4steschar vor der Bescherung tanzt. Interessant ist der Brauch nicht nur wegen der lebendigen Einlage, die angesichts des \u00fcppigen Weihnachtsessens nicht schadet. Wird der Christbaum mitten im Raum aufgestellt, k\u00f6nnen Sie ihn von allen Seiten bewundern.<\/p>\n<blockquote>\n<p style=\"text-align: justify;\">Seit dem Jahr 1320 existiert in Finnland ein offizieller Weihnachtsfrieden. Wer sich fr\u00fcher daran nicht hielt, wurde mit einem deutlich h\u00f6heren Strafma\u00df als \u00fcblich konfrontiert.<\/p>\n<\/blockquote>\n<p style=\"text-align: justify;\">Wenngleich der juristische Part nicht mehr relevant ist, halten sich viele Finnen noch immer an den friedfertigen Brauch. Vielleicht denken Sie daran, indem Sie den \u00fcblichen Stress bei den Vorbereitungen und damit diverse Diskussionen vermeiden. In Skandinavien sind beispielsweise Schlemmereien wie gebackener Schinken, K\u00f6ttbullar und eingelegte Fischspezialit\u00e4ten beliebt, die vor den Festtagen zubereitet und unkompliziert als Buffet gereicht werden k\u00f6nnen. So steht an Weihnachten das harmonische Miteinander im Vordergrund, da sich keiner um das kulinarische Programm k\u00fcmmern muss.<\/p>\n<div id=\"attachment_4505\" style=\"width: 610px\" class=\"wp-caption aligncenter\"><img loading=\"lazy\" decoding=\"async\" aria-describedby=\"caption-attachment-4505\" class=\"wp-image-4505 size-full\" title=\"Stockholm mit belichtetem Weihnachtsbaum und festlichen Dekorationen\" src=\"https:\/\/www.raum-blick.de\/magazin\/wp-content\/uploads\/2017\/12\/Stockholm-mit-belichtetem-Weihnachtsbaum-und-festlichen-Dekorationen.jpg\" alt=\"Stockholm mit belichtetem Weihnachtsbaum und festlichen Dekorationen\" width=\"600\" height=\"403\" srcset=\"https:\/\/raum-blick.de\/magazin\/wp-content\/uploads\/2017\/12\/Stockholm-mit-belichtetem-Weihnachtsbaum-und-festlichen-Dekorationen.jpg 600w, https:\/\/raum-blick.de\/magazin\/wp-content\/uploads\/2017\/12\/Stockholm-mit-belichtetem-Weihnachtsbaum-und-festlichen-Dekorationen-300x202.jpg 300w, https:\/\/raum-blick.de\/magazin\/wp-content\/uploads\/2017\/12\/Stockholm-mit-belichtetem-Weihnachtsbaum-und-festlichen-Dekorationen-110x75.jpg 110w\" sizes=\"(max-width: 600px) 100vw, 600px\" \/><p id=\"caption-attachment-4505\" class=\"wp-caption-text\">\u00a9 huxflux \/ Fotolia.com<\/p><\/div>\n<\/p>","protected":false},"excerpt":{"rendered":"<p>\u00ab Nordisch festlich dekorieren \u00bb Der hohe Norden ist bekannt f\u00fcr seine liebenswert gestalteten Wohnwelten. Daf\u00fcr gibt es einen guten Grund: Gem\u00fctliche Momente liegen den Skandinaviern am Herzen. Das gilt besonders f\u00fcr die Zeit rund um Weihnachten. In D\u00e4nemark hat sich mit &#8222;julehygge&#8220; sogar ein Wort f\u00fcr das behagliche Ambiente ab dem ersten Advent eingeb\u00fcrgert. [&hellip;]<\/p>\n","protected":false},"author":4,"featured_media":4508,"comment_status":"closed","ping_status":"open","sticky":false,"template":"","format":"standard","meta":{"_et_pb_use_builder":"","_et_pb_old_content":"","_et_gb_content_width":"","inline_featured_image":false,"footnotes":""},"categories":[7],"tags":[496,342,495,206,221,323,357,322,288,122,223,493,494,486,497],"class_list":["post-4467","post","type-post","status-publish","format-standard","has-post-thumbnail","hentry","category-accessoires-lifestyle","tag-christbaumkugeln","tag-dekoration","tag-design-house-stockholm","tag-ferm-living","tag-holmegaard","tag-holzfiguren","tag-kaehler","tag-kay-bojesen","tag-kerzenhalter","tag-kerzenstaender","tag-laternen","tag-teelichthalter","tag-teelichtleuchter","tag-weihnachten","tag-winterland"],"_links":{"self":[{"href":"https:\/\/raum-blick.de\/magazin\/wp-json\/wp\/v2\/posts\/4467","targetHints":{"allow":["GET"]}}],"collection":[{"href":"https:\/\/raum-blick.de\/magazin\/wp-json\/wp\/v2\/posts"}],"about":[{"href":"https:\/\/raum-blick.de\/magazin\/wp-json\/wp\/v2\/types\/post"}],"author":[{"embeddable":true,"href":"https:\/\/raum-blick.de\/magazin\/wp-json\/wp\/v2\/users\/4"}],"replies":[{"embeddable":true,"href":"https:\/\/raum-blick.de\/magazin\/wp-json\/wp\/v2\/comments?post=4467"}],"version-history":[{"count":35,"href":"https:\/\/raum-blick.de\/magazin\/wp-json\/wp\/v2\/posts\/4467\/revisions"}],"predecessor-version":[{"id":11775,"href":"https:\/\/raum-blick.de\/magazin\/wp-json\/wp\/v2\/posts\/4467\/revisions\/11775"}],"wp:featuredmedia":[{"embeddable":true,"href":"https:\/\/raum-blick.de\/magazin\/wp-json\/wp\/v2\/media\/4508"}],"wp:attachment":[{"href":"https:\/\/raum-blick.de\/magazin\/wp-json\/wp\/v2\/media?parent=4467"}],"wp:term":[{"taxonomy":"category","embeddable":true,"href":"https:\/\/raum-blick.de\/magazin\/wp-json\/wp\/v2\/categories?post=4467"},{"taxonomy":"post_tag","embeddable":true,"href":"https:\/\/raum-blick.de\/magazin\/wp-json\/wp\/v2\/tags?post=4467"}],"curies":[{"name":"wp","href":"https:\/\/api.w.org\/{rel}","templated":true}]}}