{"id":4271,"date":"2017-11-07T10:44:08","date_gmt":"2017-11-07T09:44:08","guid":{"rendered":"https:\/\/www.raum-blick.de\/magazin\/?p=4271"},"modified":"2021-11-29T10:39:19","modified_gmt":"2021-11-29T09:39:19","slug":"laternen-und-windlichter","status":"publish","type":"post","link":"https:\/\/raum-blick.de\/magazin\/laternen-und-windlichter\/","title":{"rendered":"Laternen und Windlichter"},"content":{"rendered":"<h2><span class=\"ez-toc-section\" id=\"%C2%AB_Schoene_Beleuchtung_im_Haus_Garten_oder_Wintergarten_%C2%BB\"><\/span>\u00ab Sch\u00f6ne Beleuchtung im Haus, Garten oder Wintergarten \u00bb<span class=\"ez-toc-section-end\"><\/span><\/h2>\n<p style=\"text-align: justify;\"><strong>Windlichter erf\u00fcllten einst einen praktischen Zweck und erhellten vor allem in den k\u00fchlen Jahreszeiten den finsteren Weg oder die abendliche Stube. Inzwischen sind Laternen f\u00fcr die herbstlich oder winterlich akzentuierte Dekoration beliebte Accessoires, die mit traditionellen Festen wie Sankt Martin ebenso in Verbindung gebracht werden wie mit einer urigen Behaglichkeit. Dass der Hauch von Nostalgie einer modernen Eleganz nicht widerspricht, beweisen gelungene Designideen aus Skandinavien.<\/strong><\/p>\n<h2><span class=\"ez-toc-section\" id=\"Romantische_Laternen_fuers_ganze_Jahr\"><\/span>Romantische Laternen f\u00fcrs ganze Jahr<span class=\"ez-toc-section-end\"><\/span><\/h2>\n<p style=\"text-align: justify;\"><a href=\"https:\/\/www.raum-blick.de\/eva-solo\/\">Eva Solo<\/a> setzt bei der Kollektion Hurricane auf ein reduziertes Design mit einem Edelstahlsockel und einer klar geformten Glaskuppel, die das Kerzenlicht vor Wind sch\u00fctzt. Pfiffig ist, dass sich Wachsr\u00fcckst\u00e4nde von dem biegsamen Silikonboden leicht l\u00f6sen und ein integriertes Loch im Sockel das Ru\u00dfen verhindert. Auf eine saisonale Stilisierung wurde bewusst verzichtet, damit Ihnen die Accessoires bei lauen Sommern\u00e4chten ebenso viel Freude bereiten wie an gem\u00fctlichen Winterabenden.<\/p><div id=\"ez-toc-container\" class=\"ez-toc-v2_0_82_2 counter-hierarchy ez-toc-counter ez-toc-grey ez-toc-container-direction\">\n<div class=\"ez-toc-title-container\">\n<p class=\"ez-toc-title\" style=\"cursor:inherit\">Was hier auf Sie wartet<\/p>\n<span class=\"ez-toc-title-toggle\"><a href=\"#\" class=\"ez-toc-pull-right ez-toc-btn ez-toc-btn-xs ez-toc-btn-default ez-toc-toggle\" aria-label=\"Toggle Table of Content\"><span class=\"ez-toc-js-icon-con\"><span class=\"\"><span class=\"eztoc-hide\" style=\"display:none;\">Toggle<\/span><span class=\"ez-toc-icon-toggle-span\"><svg style=\"fill: #999;color:#999\" xmlns=\"http:\/\/www.w3.org\/2000\/svg\" class=\"list-377408\" width=\"20px\" height=\"20px\" viewBox=\"0 0 24 24\" fill=\"none\"><path d=\"M6 6H4v2h2V6zm14 0H8v2h12V6zM4 11h2v2H4v-2zm16 0H8v2h12v-2zM4 16h2v2H4v-2zm16 0H8v2h12v-2z\" fill=\"currentColor\"><\/path><\/svg><svg style=\"fill: #999;color:#999\" class=\"arrow-unsorted-368013\" xmlns=\"http:\/\/www.w3.org\/2000\/svg\" width=\"10px\" height=\"10px\" viewBox=\"0 0 24 24\" version=\"1.2\" baseProfile=\"tiny\"><path d=\"M18.2 9.3l-6.2-6.3-6.2 6.3c-.2.2-.3.4-.3.7s.1.5.3.7c.2.2.4.3.7.3h11c.3 0 .5-.1.7-.3.2-.2.3-.5.3-.7s-.1-.5-.3-.7zM5.8 14.7l6.2 6.3 6.2-6.3c.2-.2.3-.5.3-.7s-.1-.5-.3-.7c-.2-.2-.4-.3-.7-.3h-11c-.3 0-.5.1-.7.3-.2.2-.3.5-.3.7s.1.5.3.7z\"\/><\/svg><\/span><\/span><\/span><\/a><\/span><\/div>\n<nav><ul class='ez-toc-list ez-toc-list-level-1 ' ><li class='ez-toc-page-1 ez-toc-heading-level-2'><a class=\"ez-toc-link ez-toc-heading-1\" href=\"https:\/\/raum-blick.de\/magazin\/laternen-und-windlichter\/#%C2%AB_Schoene_Beleuchtung_im_Haus_Garten_oder_Wintergarten_%C2%BB\" >\u00ab Sch\u00f6ne Beleuchtung im Haus, Garten oder Wintergarten \u00bb<\/a><\/li><li class='ez-toc-page-1 ez-toc-heading-level-2'><a class=\"ez-toc-link ez-toc-heading-2\" href=\"https:\/\/raum-blick.de\/magazin\/laternen-und-windlichter\/#Romantische_Laternen_fuers_ganze_Jahr\" >Romantische Laternen f\u00fcrs ganze Jahr<\/a><\/li><li class='ez-toc-page-1 ez-toc-heading-level-2'><a class=\"ez-toc-link ez-toc-heading-3\" href=\"https:\/\/raum-blick.de\/magazin\/laternen-und-windlichter\/#Stilvolle_Romantik_fuer_das_gemuetliche_Zuhause\" >Stilvolle Romantik f\u00fcr das gem\u00fctliche Zuhause<\/a><\/li><li class='ez-toc-page-1 ez-toc-heading-level-2'><a class=\"ez-toc-link ez-toc-heading-4\" href=\"https:\/\/raum-blick.de\/magazin\/laternen-und-windlichter\/#Entzueckendes_Symbol_des_nordischen_Lifestyles\" >Entz\u00fcckendes Symbol des nordischen Lifestyles<\/a><\/li><li class='ez-toc-page-1 ez-toc-heading-level-2'><a class=\"ez-toc-link ez-toc-heading-5\" href=\"https:\/\/raum-blick.de\/magazin\/laternen-und-windlichter\/#Laternen_mit_natuerlichen_Materialien_individuell_dekorieren\" >Laternen mit nat\u00fcrlichen Materialien individuell dekorieren<\/a><\/li><li class='ez-toc-page-1 ez-toc-heading-level-2'><a class=\"ez-toc-link ez-toc-heading-6\" href=\"https:\/\/raum-blick.de\/magazin\/laternen-und-windlichter\/#Die_sinnlichen_Facetten_des_Lebens_geniessen\" >Die sinnlichen Facetten des Lebens genie\u00dfen<\/a><\/li><\/ul><\/nav><\/div>\n\n<p><img loading=\"lazy\" decoding=\"async\" class=\"aligncenter wp-image-4279 size-full\" title=\"Windlicht aus der Kollektion Hurricane von Eva Solo\" src=\"https:\/\/www.raum-blick.de\/magazin\/wp-content\/uploads\/2017\/11\/Eva-Solo-Hurricane-Windlicht.jpg\" alt=\"Eva Solo Hurricane Windlicht\" width=\"600\" height=\"600\" srcset=\"https:\/\/raum-blick.de\/magazin\/wp-content\/uploads\/2017\/11\/Eva-Solo-Hurricane-Windlicht.jpg 600w, https:\/\/raum-blick.de\/magazin\/wp-content\/uploads\/2017\/11\/Eva-Solo-Hurricane-Windlicht-150x150.jpg 150w, https:\/\/raum-blick.de\/magazin\/wp-content\/uploads\/2017\/11\/Eva-Solo-Hurricane-Windlicht-300x300.jpg 300w\" sizes=\"(max-width: 600px) 100vw, 600px\" \/><\/p>\n<p style=\"text-align: justify;\">Drapieren Sie auf einer naturbelassenen Holzscheibe gesammelte Bucheckern und Eicheln, die Sie mit einer Hei\u00dfklebepistole fixieren. Dabei lassen Sie eine Fl\u00e4che frei, um das Windlicht in die Herbst-Dekoration zu integrieren. Wenn es um einen Blickfang f\u00fcr die winterliche Deko geht, gen\u00fcgt der Griff zum wei\u00dfen Kreidemarker. Damit lassen sich flink ein paar Schneeflocken im oberen Bereich der Glaskuppel skizzieren, unter die Sie eine dunkelgr\u00fcne Kegelkerze platzieren. Schon liegt die Assoziation mit einem Tannenbaum im Schneegest\u00f6ber nahe, die wunderbar zum Ambiente in der Adventszeit passt.<\/p>\n<h2><span class=\"ez-toc-section\" id=\"Stilvolle_Romantik_fuer_das_gemuetliche_Zuhause\"><\/span>Stilvolle Romantik f\u00fcr das gem\u00fctliche Zuhause<span class=\"ez-toc-section-end\"><\/span><\/h2>\n<p style=\"text-align: justify;\">Zwei Verliebte greifen zu ihren Laternen, um im Schutz der Dunkelheit einen romantischen Spaziergang durch die verschneite Winterlandschaft zu unternehmen. An derartige Begebenheiten erinnern die mundgeblasenen Windlichter mit ihrer bauchigen Form und dem ledernen Henkel, die Maria Berntsen f\u00fcr <a href=\"https:\/\/www.raum-blick.de\/holmegaard\/\">Holmegaard<\/a> entwarf. Zu der Serie Design with Light geh\u00f6ren Varianten aus klarem Glas und Milchglas in verschiedenen Gr\u00f6\u00dfen, mit denen Sie ein interessantes Ensemble f\u00fcr die Wintergarten-Gestaltung zusammenstellen k\u00f6nnen.<\/p>\n<p><img loading=\"lazy\" decoding=\"async\" class=\"aligncenter wp-image-4275 size-full\" title=\"Laterne aus Klarglas oder Milchglas aus der Kollektion Design with Light von Holmegaard\" src=\"https:\/\/www.raum-blick.de\/magazin\/wp-content\/uploads\/2017\/11\/Holmegaard-Design-with-Light-Laterne-aus-Klarglas-oder-Milchglas.jpg\" alt=\"Holmegaard Design with Light Laterne aus Klarglas oder Milchglas\" width=\"600\" height=\"600\" srcset=\"https:\/\/raum-blick.de\/magazin\/wp-content\/uploads\/2017\/11\/Holmegaard-Design-with-Light-Laterne-aus-Klarglas-oder-Milchglas.jpg 600w, https:\/\/raum-blick.de\/magazin\/wp-content\/uploads\/2017\/11\/Holmegaard-Design-with-Light-Laterne-aus-Klarglas-oder-Milchglas-150x150.jpg 150w, https:\/\/raum-blick.de\/magazin\/wp-content\/uploads\/2017\/11\/Holmegaard-Design-with-Light-Laterne-aus-Klarglas-oder-Milchglas-300x300.jpg 300w\" sizes=\"(max-width: 600px) 100vw, 600px\" \/><\/p>\n<p style=\"text-align: justify;\">Bereits ohne saisonale Akzente schmeichelt das hochwertige Design dem Auge. Es spricht aber nichts dagegen, den Boden der Laternen mit Maisk\u00f6rnern zu bedecken und passend zum Herbst Kerzen in warmen Braunt\u00f6nen zu verwenden. F\u00fcr die Winter-Dekoration befestigen Sie am Henkel ein Potpourri aus Tannenzweig, Zimtstange und getrockneter Orangenscheibe. So erhalten die Windlichter einen saisonalen Akzent, ohne dass die beeindruckende Handwerkskunst der traditionsreichen Glasbl\u00e4serei zur Nebensache wird.<\/p>\n<h2><span class=\"ez-toc-section\" id=\"Entzueckendes_Symbol_des_nordischen_Lifestyles\"><\/span>Entz\u00fcckendes Symbol des nordischen Lifestyles<span class=\"ez-toc-section-end\"><\/span><\/h2>\n<p style=\"text-align: justify;\">Raue Winde, frostige Temperaturen und anhaltende Niederschl\u00e4ge charakterisieren die Witterung. Deshalb freuen Sie sich im Herbst und Winter ganz besonders auf das warme Ambiente daheim. Zu dieser Faszination f\u00fcr das wohnliche Zuhause passt die Lighthouse Laterne fabelhaft, bei deren Silhouette sich die Designer an der typisch nordischen Architektur orientierten. Platzieren Sie die dezent verspielten Windlichter von <a href=\"https:\/\/www.raum-blick.de\/normann-copenhagen\/\">Normann Copenhagen<\/a> im Garten vor der Haust\u00fcr, um schon bei der Ankunft die Vorfreude auf die heimische Gem\u00fctlichkeit zu sch\u00fcren. Auch im Wintergarten l\u00e4sst sich das Accessoire so positionieren, dass es von au\u00dfen das Interesse auf sich lenkt und gleichzeitig die Wohnwelt aufwertet.<\/p>\n<p><img loading=\"lazy\" decoding=\"async\" class=\"aligncenter wp-image-4281 size-full\" title=\"Windlicht &quot;Lighthouse&quot; von Normann Copenhagen\" src=\"https:\/\/www.raum-blick.de\/magazin\/wp-content\/uploads\/2017\/11\/Normann-Copenhagen-Lighthouse-Windlicht.jpg\" alt=\"Normann Copenhagen Lighthouse Windlicht\" width=\"600\" height=\"600\" srcset=\"https:\/\/raum-blick.de\/magazin\/wp-content\/uploads\/2017\/11\/Normann-Copenhagen-Lighthouse-Windlicht.jpg 600w, https:\/\/raum-blick.de\/magazin\/wp-content\/uploads\/2017\/11\/Normann-Copenhagen-Lighthouse-Windlicht-150x150.jpg 150w, https:\/\/raum-blick.de\/magazin\/wp-content\/uploads\/2017\/11\/Normann-Copenhagen-Lighthouse-Windlicht-300x300.jpg 300w\" sizes=\"(max-width: 600px) 100vw, 600px\" \/><\/p>\n<p style=\"text-align: justify;\">Da das Design f\u00fcr sich spricht, gen\u00fcgt eine typische Kerzenfarbe f\u00fcr die herbstlich oder winterlich anmutende Dekoration. Authentisch wirkt au\u00dferdem etwas buntes Laub vor den gl\u00e4sernen Fassaden der ausgefallenen Laterne. F\u00fcr das am\u00fcsante Detail zur Winterzeit stellen Sie auf den angedeuteten Schornstein einen kleinen Weihnachtsmann. Sogleich kommt der Gedanke auf, dass er durch den Kamin ins Innere gelangen und seine Geschenke unter den Christbaum legen m\u00f6chte.<\/p>\n<h2><span class=\"ez-toc-section\" id=\"Laternen_mit_natuerlichen_Materialien_individuell_dekorieren\"><\/span>Laternen mit nat\u00fcrlichen Materialien individuell dekorieren<span class=\"ez-toc-section-end\"><\/span><\/h2>\n<p style=\"text-align: justify;\">Der warme Kerzenschein kontrastiert die k\u00fchlen Naturt\u00f6ne der Laternen von Eva Solo, die von wei\u00df satiniertem Glas und grauem Rauchglas gepr\u00e4gt sind. Gleichzeitig scheint es so, als ob die skandinavische Marke eine Milchflasche mit einem stabilen Draht f\u00fcr den Henkel kombiniert h\u00e4tte. Diese unkomplizierte Designidee appelliert ans Herz, da sie an selbstgebastelte Accessoires erinnert. Am besten kommen die Windlichter zur Geltung, wenn Sie mehrere Exemplare im Garten, im Wintergarten oder im Wohnzimmer drapieren. Dabei bietet sich ein stehendes Ensemble ebenso an wie ein h\u00e4ngendes Arrangement.<\/p>\n<p><img loading=\"lazy\" decoding=\"async\" class=\"aligncenter wp-image-4277 size-full\" title=\"Glaslaterne von Eva Solo\" src=\"https:\/\/www.raum-blick.de\/magazin\/wp-content\/uploads\/2017\/11\/Eva-Solo-Glaslaterne.jpg\" alt=\"Eva Solo Glaslaterne\" width=\"600\" height=\"590\" srcset=\"https:\/\/raum-blick.de\/magazin\/wp-content\/uploads\/2017\/11\/Eva-Solo-Glaslaterne.jpg 600w, https:\/\/raum-blick.de\/magazin\/wp-content\/uploads\/2017\/11\/Eva-Solo-Glaslaterne-300x295.jpg 300w\" sizes=\"(max-width: 600px) 100vw, 600px\" \/><\/p>\n<p style=\"text-align: justify;\">Legen Sie ein Band aus grobem Sackleinen auf mittlerer H\u00f6he um das Glas und stecken einige Erika-Zweige hinein. F\u00fcr die schonende Befestigung des Leinenbands eignet sich zum Beispiel Klebeknete. Anschlie\u00dfend kombinieren Sie f\u00fcr die Herbst-Dekoration die verzierten Windlichter mit einem Blumenkorb auf dem Esstisch, der ebenfalls mit Heidekraut best\u00fcckt ist. Auf \u00e4hnliche Weise k\u00f6nnen Sie f\u00fcr winterliche Deko mit Bast einige Mistelzweige oder etwas Tannengr\u00fcn an den Glaslaternen befestigen. Halten Sie bei einem Waldspaziergang Ausschau nach einem sch\u00f6nen Ast, den Sie mit durchsichtigen Nylonschn\u00fcren an Deckenhaken fixieren. Werden die Windlichter darin eingeh\u00e4ngt, erschlie\u00dfen Sie bei der Winter-Dekoration eine weitere Ebene und die stimmungsvollen Akzente werten alle Bereiche des Wohnraums auf.<\/p>\n<h2><span class=\"ez-toc-section\" id=\"Die_sinnlichen_Facetten_des_Lebens_geniessen\"><\/span>Die sinnlichen Facetten des Lebens genie\u00dfen<span class=\"ez-toc-section-end\"><\/span><\/h2>\n<p style=\"text-align: justify;\">Nebelschwaden und Dauerregen k\u00f6nnen daf\u00fcr sorgen, dass Herbst oder Winter etwas trostlos anmuten. Die nasskalte Witterung k\u00f6nnen Sie aber auch als Chance begreifen, eine behagliche Gem\u00fctlichkeit in Ihrer stilvoll eingerichteten Wohnung zu kreieren und auszukosten. Ber\u00fccksichtigen Sie bei der saisonalen Dekoration alle Sinne.<\/p>\n<p><img loading=\"lazy\" decoding=\"async\" class=\"aligncenter wp-image-4283 size-full\" title=\"Design with Light f\u00fcr Teelichter und Tafelkerzen von Holmegaard\" src=\"https:\/\/www.raum-blick.de\/magazin\/wp-content\/uploads\/2017\/11\/Holmegaard-Design-with-Light-fuer-Teelichter-und-Tafelkerzen.jpg\" alt=\"Holmegaard Design with Light fuer Teelichter und Tafelkerzen\" width=\"600\" height=\"600\" srcset=\"https:\/\/raum-blick.de\/magazin\/wp-content\/uploads\/2017\/11\/Holmegaard-Design-with-Light-fuer-Teelichter-und-Tafelkerzen.jpg 600w, https:\/\/raum-blick.de\/magazin\/wp-content\/uploads\/2017\/11\/Holmegaard-Design-with-Light-fuer-Teelichter-und-Tafelkerzen-150x150.jpg 150w, https:\/\/raum-blick.de\/magazin\/wp-content\/uploads\/2017\/11\/Holmegaard-Design-with-Light-fuer-Teelichter-und-Tafelkerzen-300x300.jpg 300w\" sizes=\"(max-width: 600px) 100vw, 600px\" \/><\/p>\n<p style=\"text-align: justify;\">Werden die Laternen mit Duftkerzen ausgestattet, gesellen sich zum warmen Kerzenlicht wohltuende Aromen. Auf dem Sofa hebt sich eine weiche Decke hervor, in die Sie sich nach Feierabend zufrieden einkuscheln. Wenn nun noch ein hei\u00dfer Punsch den Gaumen verw\u00f6hnt, kurbeln die entspannten Stunden in den kalten Monaten ebenso die gute Laune an wie die sonnenverw\u00f6hnten Momente im Sommer.<\/p>\n","protected":false},"excerpt":{"rendered":"<p>\u00ab Sch\u00f6ne Beleuchtung im Haus, Garten oder Wintergarten \u00bb Windlichter erf\u00fcllten einst einen praktischen Zweck und erhellten vor allem in den k\u00fchlen Jahreszeiten den finsteren Weg oder die abendliche Stube. Inzwischen sind Laternen f\u00fcr die herbstlich oder winterlich akzentuierte Dekoration beliebte Accessoires, die mit traditionellen Festen wie Sankt Martin ebenso in Verbindung gebracht werden wie [&hellip;]<\/p>\n","protected":false},"author":4,"featured_media":4287,"comment_status":"closed","ping_status":"open","sticky":false,"template":"","format":"standard","meta":{"_et_pb_use_builder":"","_et_pb_old_content":"","_et_gb_content_width":"","inline_featured_image":false,"footnotes":""},"categories":[6],"tags":[98,18,221,223,21,148],"class_list":["post-4271","post","type-post","status-publish","format-standard","has-post-thumbnail","hentry","category-draussen","tag-beleuchtung","tag-eva-solo","tag-holmegaard","tag-laternen","tag-normann-copenhagen","tag-windlichter"],"_links":{"self":[{"href":"https:\/\/raum-blick.de\/magazin\/wp-json\/wp\/v2\/posts\/4271","targetHints":{"allow":["GET"]}}],"collection":[{"href":"https:\/\/raum-blick.de\/magazin\/wp-json\/wp\/v2\/posts"}],"about":[{"href":"https:\/\/raum-blick.de\/magazin\/wp-json\/wp\/v2\/types\/post"}],"author":[{"embeddable":true,"href":"https:\/\/raum-blick.de\/magazin\/wp-json\/wp\/v2\/users\/4"}],"replies":[{"embeddable":true,"href":"https:\/\/raum-blick.de\/magazin\/wp-json\/wp\/v2\/comments?post=4271"}],"version-history":[{"count":13,"href":"https:\/\/raum-blick.de\/magazin\/wp-json\/wp\/v2\/posts\/4271\/revisions"}],"predecessor-version":[{"id":14520,"href":"https:\/\/raum-blick.de\/magazin\/wp-json\/wp\/v2\/posts\/4271\/revisions\/14520"}],"wp:featuredmedia":[{"embeddable":true,"href":"https:\/\/raum-blick.de\/magazin\/wp-json\/wp\/v2\/media\/4287"}],"wp:attachment":[{"href":"https:\/\/raum-blick.de\/magazin\/wp-json\/wp\/v2\/media?parent=4271"}],"wp:term":[{"taxonomy":"category","embeddable":true,"href":"https:\/\/raum-blick.de\/magazin\/wp-json\/wp\/v2\/categories?post=4271"},{"taxonomy":"post_tag","embeddable":true,"href":"https:\/\/raum-blick.de\/magazin\/wp-json\/wp\/v2\/tags?post=4271"}],"curies":[{"name":"wp","href":"https:\/\/api.w.org\/{rel}","templated":true}]}}