{"id":4214,"date":"2017-11-03T13:01:06","date_gmt":"2017-11-03T12:01:06","guid":{"rendered":"https:\/\/www.raum-blick.de\/magazin\/?p=4214"},"modified":"2024-08-30T11:43:09","modified_gmt":"2024-08-30T09:43:09","slug":"platzsparende-bueromoebel","status":"publish","type":"post","link":"https:\/\/raum-blick.de\/magazin\/platzsparende-bueromoebel\/","title":{"rendered":"Platzsparende B\u00fcrom\u00f6bel"},"content":{"rendered":"<h2><span class=\"ez-toc-section\" id=\"%C2%AB_Kleine_Arbeitsbereiche_effizient_einrichten_%C2%BB\"><\/span>\u00ab Kleine Arbeitsbereiche effizient einrichten \u00bb<span class=\"ez-toc-section-end\"><\/span><\/h2>\n<p style=\"text-align: justify;\"><strong>Das Studium, die Selbst\u00e4ndigkeit oder das flexible Besch\u00e4ftigungsmodell mit Phasen im Home-Office sind drei Beispiele daf\u00fcr, warum ein Arbeitsplatz in der Wohnung ben\u00f6tigt wird. Allerdings steht hierf\u00fcr selten ein gro\u00dfes Zimmer zur Verf\u00fcgung. Wer etwas Mut zum Minimalismus beweist und platzsparende B\u00fcrom\u00f6bel bevorzugt, kann enge R\u00e4ume so einrichten, dass eine luftige und inspirierende Atmosph\u00e4re bewahrt bleibt. F\u00fcr das moderne B\u00fcrokonzept ist das <\/strong><a href=\"https:\/\/www.raum-blick.de\/string\/\"><strong>String Regal<\/strong><\/a><strong> wie geschaffen. Denn der Designklassiker aus Skandinavien erm\u00f6glicht Ihnen, jeden Zentimeter sinnvoll zu nutzen und das Interieur akkurat an Ihre Bed\u00fcrfnisse anzupassen. <\/strong><\/p>\n<h2><span class=\"ez-toc-section\" id=\"Minimalistischer_Ansatz_bei_der_Bueroausstattung\"><\/span>Minimalistischer Ansatz bei der B\u00fcroausstattung<span class=\"ez-toc-section-end\"><\/span><\/h2>\n<p style=\"text-align: justify;\">Wuchtige B\u00fcrom\u00f6bel stehen nicht zur Diskussion, wenn nur wenige Quadratmeter verf\u00fcgbar stehen. Zumeist gen\u00fcgt aber ein kleines Regal f\u00fcr Utensilien oder ein kompakter Aktenschrank f\u00fcr Dokumente, sofern Sie vor dem Einrichten einige Tipps beherzigen und sich von herk\u00f6mmlichen Denkans\u00e4tzen verabschieden.<\/p><div id=\"ez-toc-container\" class=\"ez-toc-v2_0_82_2 counter-hierarchy ez-toc-counter ez-toc-grey ez-toc-container-direction\">\n<div class=\"ez-toc-title-container\">\n<p class=\"ez-toc-title\" style=\"cursor:inherit\">Was hier auf Sie wartet<\/p>\n<span class=\"ez-toc-title-toggle\"><a href=\"#\" class=\"ez-toc-pull-right ez-toc-btn ez-toc-btn-xs ez-toc-btn-default ez-toc-toggle\" aria-label=\"Toggle Table of Content\"><span class=\"ez-toc-js-icon-con\"><span class=\"\"><span class=\"eztoc-hide\" style=\"display:none;\">Toggle<\/span><span class=\"ez-toc-icon-toggle-span\"><svg style=\"fill: #999;color:#999\" xmlns=\"http:\/\/www.w3.org\/2000\/svg\" class=\"list-377408\" width=\"20px\" height=\"20px\" viewBox=\"0 0 24 24\" fill=\"none\"><path d=\"M6 6H4v2h2V6zm14 0H8v2h12V6zM4 11h2v2H4v-2zm16 0H8v2h12v-2zM4 16h2v2H4v-2zm16 0H8v2h12v-2z\" fill=\"currentColor\"><\/path><\/svg><svg style=\"fill: #999;color:#999\" class=\"arrow-unsorted-368013\" xmlns=\"http:\/\/www.w3.org\/2000\/svg\" width=\"10px\" height=\"10px\" viewBox=\"0 0 24 24\" version=\"1.2\" baseProfile=\"tiny\"><path d=\"M18.2 9.3l-6.2-6.3-6.2 6.3c-.2.2-.3.4-.3.7s.1.5.3.7c.2.2.4.3.7.3h11c.3 0 .5-.1.7-.3.2-.2.3-.5.3-.7s-.1-.5-.3-.7zM5.8 14.7l6.2 6.3 6.2-6.3c.2-.2.3-.5.3-.7s-.1-.5-.3-.7c-.2-.2-.4-.3-.7-.3h-11c-.3 0-.5.1-.7.3-.2.2-.3.5-.3.7s.1.5.3.7z\"\/><\/svg><\/span><\/span><\/span><\/a><\/span><\/div>\n<nav><ul class='ez-toc-list ez-toc-list-level-1 ' ><li class='ez-toc-page-1 ez-toc-heading-level-2'><a class=\"ez-toc-link ez-toc-heading-1\" href=\"https:\/\/raum-blick.de\/magazin\/platzsparende-bueromoebel\/#%C2%AB_Kleine_Arbeitsbereiche_effizient_einrichten_%C2%BB\" >\u00ab Kleine Arbeitsbereiche effizient einrichten \u00bb<\/a><\/li><li class='ez-toc-page-1 ez-toc-heading-level-2'><a class=\"ez-toc-link ez-toc-heading-2\" href=\"https:\/\/raum-blick.de\/magazin\/platzsparende-bueromoebel\/#Minimalistischer_Ansatz_bei_der_Bueroausstattung\" >Minimalistischer Ansatz bei der B\u00fcroausstattung<\/a><ul class='ez-toc-list-level-3' ><li class='ez-toc-heading-level-3'><a class=\"ez-toc-link ez-toc-heading-3\" href=\"https:\/\/raum-blick.de\/magazin\/platzsparende-bueromoebel\/#Materialien_zeitgemaess_archivieren\" >Materialien zeitgem\u00e4\u00df archivieren<\/a><\/li><li class='ez-toc-page-1 ez-toc-heading-level-3'><a class=\"ez-toc-link ez-toc-heading-4\" href=\"https:\/\/raum-blick.de\/magazin\/platzsparende-bueromoebel\/#Technischen_Fortschritt_ausschoepfen\" >Technischen Fortschritt aussch\u00f6pfen<\/a><\/li><li class='ez-toc-page-1 ez-toc-heading-level-3'><a class=\"ez-toc-link ez-toc-heading-5\" href=\"https:\/\/raum-blick.de\/magazin\/platzsparende-bueromoebel\/#Fokus_auf_die_unverzichtbaren_Utensilien\" >Fokus auf die unverzichtbaren Utensilien<\/a><\/li><\/ul><\/li><li class='ez-toc-page-1 ez-toc-heading-level-2'><a class=\"ez-toc-link ez-toc-heading-6\" href=\"https:\/\/raum-blick.de\/magazin\/platzsparende-bueromoebel\/#String_Regalsystem_fuer_massgeschneiderte_Bueromoebel\" >String Regalsystem f\u00fcr ma\u00dfgeschneiderte B\u00fcrom\u00f6bel<\/a><\/li><li class='ez-toc-page-1 ez-toc-heading-level-2'><a class=\"ez-toc-link ez-toc-heading-7\" href=\"https:\/\/raum-blick.de\/magazin\/platzsparende-bueromoebel\/#Moderne_Designideen_fuer_das_schicke_Buero_im_Kleinformat\" >Moderne Designideen f\u00fcr das schicke B\u00fcro im Kleinformat<\/a><\/li><\/ul><\/nav><\/div>\n\n<p><a href=\"https:\/\/www.raum-blick.de\/skagerak-nomad-letter-tray\"><img loading=\"lazy\" decoding=\"async\" class=\"aligncenter wp-image-4254 size-full\" title=\"Ablagefach &quot;Nomad&quot; von Skagerak\" src=\"https:\/\/www.raum-blick.de\/magazin\/wp-content\/uploads\/2017\/12\/Skagerak-Nomad-Ablagefach.jpg\" alt=\"Skagerak Nomad Ablagefach\" width=\"600\" height=\"600\" srcset=\"https:\/\/raum-blick.de\/magazin\/wp-content\/uploads\/2017\/12\/Skagerak-Nomad-Ablagefach.jpg 600w, https:\/\/raum-blick.de\/magazin\/wp-content\/uploads\/2017\/12\/Skagerak-Nomad-Ablagefach-150x150.jpg 150w, https:\/\/raum-blick.de\/magazin\/wp-content\/uploads\/2017\/12\/Skagerak-Nomad-Ablagefach-300x300.jpg 300w\" sizes=\"(max-width: 600px) 100vw, 600px\" \/><\/a><\/p>\n<h3><span class=\"ez-toc-section\" id=\"Materialien_zeitgemaess_archivieren\"><\/span>Materialien zeitgem\u00e4\u00df archivieren<span class=\"ez-toc-section-end\"><\/span><\/h3>\n<p style=\"text-align: justify;\">Alle Beh\u00f6rden und Unternehmen setzen zunehmend auf papierlosen Schriftverkehr. Greifen Sie diesen Gedanken auf, wenn Sie Ihr B\u00fcro platzsparend einrichten m\u00f6chten. Da die meisten Kommunikationspartner ohnehin die digitalisierte Variante bevorzugen, k\u00f6nnen Sie sich weitgehend auf das elektronische Archiv beschr\u00e4nken.<\/p>\n<p><a href=\"https:\/\/www.raum-blick.de\/dania-ablage-skagerak\"><img loading=\"lazy\" decoding=\"async\" class=\"aligncenter wp-image-4231 size-full\" title=\"Ablage &quot;Dania&quot; von Skagerak\" src=\"https:\/\/www.raum-blick.de\/magazin\/wp-content\/uploads\/2017\/12\/Skagerak-Dania-Ablage.jpg\" alt=\"Skagerak Dania Ablage\" width=\"600\" height=\"600\" srcset=\"https:\/\/raum-blick.de\/magazin\/wp-content\/uploads\/2017\/12\/Skagerak-Dania-Ablage.jpg 600w, https:\/\/raum-blick.de\/magazin\/wp-content\/uploads\/2017\/12\/Skagerak-Dania-Ablage-150x150.jpg 150w, https:\/\/raum-blick.de\/magazin\/wp-content\/uploads\/2017\/12\/Skagerak-Dania-Ablage-300x300.jpg 300w\" sizes=\"(max-width: 600px) 100vw, 600px\" \/><\/a><\/p>\n<p style=\"text-align: justify;\">Mit den wenigen unvermeidlichen Drucksachen best\u00fccken Sie schmale Ordner oder Hefter, die exakt dem Papierformat DIN A4 entsprechen. Dadurch f\u00e4llt die Dokumentensammlung nicht nur sehr platzsparend aus. Dank des ebenso schlanken wie differenzierten Ablagesystems lassen sich die Arbeitsmaterialien leichter handhaben und transportieren.<\/p>\n<h3><span class=\"ez-toc-section\" id=\"Technischen_Fortschritt_ausschoepfen\"><\/span>Technischen Fortschritt aussch\u00f6pfen<span class=\"ez-toc-section-end\"><\/span><\/h3>\n<p style=\"text-align: justify;\">Platzsparende B\u00fcrom\u00f6bel sind nur die halbe Miete, wenn Sie enge R\u00e4ume einrichten. Auch bei der technischen Ausr\u00fcstung sollten Sie konsequent effiziente L\u00f6sungen bevorzugen. Interessant sind Kombi-Ger\u00e4te f\u00fcrs Kopieren, Drucken und Scannen. \u00c4hnlich sinnvoll ist die Entscheidung f\u00fcr ein leistungsstarkes Notebook, das den volumin\u00f6sen Stand-PC \u00fcberfl\u00fcssig macht.<\/p>\n<p><a href=\"https:\/\/www.raum-blick.de\/plane-sekretaer-mueller-moebelwerkstaetten\"><img loading=\"lazy\" decoding=\"async\" class=\"aligncenter wp-image-4252 size-full\" title=\"Sekret\u00e4r &quot;PLANE&quot; von M\u00fcller M\u00f6belwerkst\u00e4tten\" src=\"https:\/\/www.raum-blick.de\/magazin\/wp-content\/uploads\/2017\/12\/Mueller-Moebelwerkstaetten-PLANE-Sekretaer.jpg\" alt=\"Mueller Moebelwerkstaetten PLANE Sekretaer\" width=\"600\" height=\"600\" srcset=\"https:\/\/raum-blick.de\/magazin\/wp-content\/uploads\/2017\/12\/Mueller-Moebelwerkstaetten-PLANE-Sekretaer.jpg 600w, https:\/\/raum-blick.de\/magazin\/wp-content\/uploads\/2017\/12\/Mueller-Moebelwerkstaetten-PLANE-Sekretaer-150x150.jpg 150w, https:\/\/raum-blick.de\/magazin\/wp-content\/uploads\/2017\/12\/Mueller-Moebelwerkstaetten-PLANE-Sekretaer-300x300.jpg 300w\" sizes=\"(max-width: 600px) 100vw, 600px\" \/><\/a><\/p>\n<p style=\"text-align: justify;\">Eventuell lohnt sich ein Blick auf Modelle, die sich f\u00fcr eine sogenannte Dockingstation eignen. Damit integriert sich das mobile Ger\u00e4t flink in die heimische Infrastruktur und l\u00e4sst sich f\u00fcr komfortables Arbeiten mit einem externen Monitor verkn\u00fcpfen.<\/p>\n<p><img loading=\"lazy\" decoding=\"async\" class=\"aligncenter wp-image-4248 size-full\" title=\"Sekret\u00e4r &quot;FLATMATE&quot; von M\u00fcller M\u00f6belwerkst\u00e4tten\" src=\"https:\/\/www.raum-blick.de\/magazin\/wp-content\/uploads\/2017\/12\/Mueller-Moebelwerkstaetten-FLATMATE-Sekretaer.jpg\" alt=\"Mueller Moebelwerkstaetten FLATMATE Sekretaer\" width=\"600\" height=\"575\" srcset=\"https:\/\/raum-blick.de\/magazin\/wp-content\/uploads\/2017\/12\/Mueller-Moebelwerkstaetten-FLATMATE-Sekretaer.jpg 600w, https:\/\/raum-blick.de\/magazin\/wp-content\/uploads\/2017\/12\/Mueller-Moebelwerkstaetten-FLATMATE-Sekretaer-300x288.jpg 300w\" sizes=\"(max-width: 600px) 100vw, 600px\" \/><\/p>\n<p style=\"text-align: justify;\">Gleicherma\u00dfen empfehlenswert ist die Anschaffung eines Tablets, auf dem Sie digitale Nachschlagewerke und Fachliteratur b\u00fcndeln. So er\u00fcbrigen sich viele B\u00fccher im Regal und Sie k\u00f6nnen bei Ausw\u00e4rtsterminen Ihre digitale Bibliothek einfach mitnehmen.<\/p>\n<h3><span class=\"ez-toc-section\" id=\"Fokus_auf_die_unverzichtbaren_Utensilien\"><\/span>Fokus auf die unverzichtbaren Utensilien<span class=\"ez-toc-section-end\"><\/span><\/h3>\n<p style=\"text-align: justify;\">Locher, Schere, Lineal und andere B\u00fcrohelfer tauchen an vielen Arbeitspl\u00e4tzen mehrfach auf. Trennen Sie sich von den Doppelg\u00e4ngern und platzieren nur ein Exemplar im praktischen Wand-Organizer von String, um jederzeit darauf zugreifen zu k\u00f6nnen. Von Verbrauchsmaterialien wie Druckerpapier und Briefumschl\u00e4gen reicht ein \u00fcberschaubares Portfolio, das nicht mehr als zwei Schubladen f\u00fcllt.<\/p>\n<p><a href=\"https:\/\/www.raum-blick.de\/string-organizer-boxen\"><img loading=\"lazy\" decoding=\"async\" class=\"aligncenter wp-image-4229 size-full\" title=\"string Organizer f\u00fcr die Wand\" src=\"https:\/\/www.raum-blick.de\/magazin\/wp-content\/uploads\/2017\/12\/string-Organizer-fuer-die-Wand.jpg\" alt=\"string Organizer fuer die Wand\" width=\"600\" height=\"570\" srcset=\"https:\/\/raum-blick.de\/magazin\/wp-content\/uploads\/2017\/12\/string-Organizer-fuer-die-Wand.jpg 600w, https:\/\/raum-blick.de\/magazin\/wp-content\/uploads\/2017\/12\/string-Organizer-fuer-die-Wand-300x285.jpg 300w\" sizes=\"(max-width: 600px) 100vw, 600px\" \/><\/a><\/p>\n<p style=\"text-align: justify;\">Etwaige Vorr\u00e4te k\u00f6nnen zum Beispiel im Keller gelagert werden und m\u00fcssen nicht unn\u00f6tig Raum einfordern, wenn Sie sich platzsparend einrichten.<\/p>\n<h2><span class=\"ez-toc-section\" id=\"String_Regalsystem_fuer_massgeschneiderte_Bueromoebel\"><\/span>String Regalsystem f\u00fcr ma\u00dfgeschneiderte B\u00fcrom\u00f6bel<span class=\"ez-toc-section-end\"><\/span><\/h2>\n<p style=\"text-align: justify;\">Im Jahr 1949 forderte der Stockholmer Verlag Bonnier die M\u00f6beldesigner zu einem Wettbewerb auf. Gefragt waren Ideen f\u00fcr ein Regal, das sich passend zum wachsenden Umfang der privaten Buchsammlung erweitern l\u00e4sst. Als Gewinner ging der Entwurf von Kajsa und Nisse Strinning hervor. Seither gilt das preisgekr\u00f6nte String Regal als Paradebeispiel f\u00fcr gelungenes Design, das \u00e4sthetisch und funktional kaum zu \u00fcberbieten ist. Zugleich ist das Grundprinzip derart einfach, dass jeder Laie mit dem ausgekl\u00fcgelten System platzsparende B\u00fcrom\u00f6bel entwerfen kann:<\/p>\n<p><img loading=\"lazy\" decoding=\"async\" class=\"aligncenter wp-image-4234 size-full\" title=\"Seitenteile f\u00fcr das Regalsystem von String\" src=\"https:\/\/www.raum-blick.de\/magazin\/wp-content\/uploads\/2017\/12\/String-Regalsystem-Seitenteile.jpg\" alt=\"String Regalsystem Seitenteile\" width=\"600\" height=\"600\" srcset=\"https:\/\/raum-blick.de\/magazin\/wp-content\/uploads\/2017\/12\/String-Regalsystem-Seitenteile.jpg 600w, https:\/\/raum-blick.de\/magazin\/wp-content\/uploads\/2017\/12\/String-Regalsystem-Seitenteile-150x150.jpg 150w, https:\/\/raum-blick.de\/magazin\/wp-content\/uploads\/2017\/12\/String-Regalsystem-Seitenteile-300x300.jpg 300w\" sizes=\"(max-width: 600px) 100vw, 600px\" \/><\/p>\n<p style=\"text-align: justify;\">Die Seitenteile sind wie Drahtleitern aufgebaut, in die mit wenigen Handgriffen die gew\u00fcnschten Komponenten integriert werden. Obwohl das Regalsystem die funktionalen Gesichtspunkte in den Vordergrund r\u00fcckt und sich auf das absolut Wesentliche fokussiert, wirkt die puristische \u00c4sthetik ausgesprochen schick. Da das Portfolio passender Elemente \u00fcber die Jahrzehnte sukzessive erg\u00e4nzt wurde, finden Sie f\u00fcr nahezu alle B\u00fcrom\u00f6bel ein Modul.<\/p>\n<p><a href=\"https:\/\/www.raum-blick.de\/string-schrank-mit-schiebetueren\"><img loading=\"lazy\" decoding=\"async\" class=\"aligncenter wp-image-4242 size-full\" title=\"Schiebet\u00fcren-Schrank f\u00fcr das Regalsystem von String\" src=\"https:\/\/www.raum-blick.de\/magazin\/wp-content\/uploads\/2017\/12\/String-Regalsystem-Schiebetueren-Schrank.jpg\" alt=\"String Regalsystem Schiebetueren Schrank\" width=\"600\" height=\"520\" srcset=\"https:\/\/raum-blick.de\/magazin\/wp-content\/uploads\/2017\/12\/String-Regalsystem-Schiebetueren-Schrank.jpg 600w, https:\/\/raum-blick.de\/magazin\/wp-content\/uploads\/2017\/12\/String-Regalsystem-Schiebetueren-Schrank-300x260.jpg 300w\" sizes=\"(max-width: 600px) 100vw, 600px\" \/><\/a><\/p>\n<p style=\"text-align: justify;\">F\u00fcr eine klare Raumgestaltung mit motivierendem Arbeitsklima sind die wei\u00dfen Ausf\u00fchrungen des Systems ideal. Vielleicht streuen Sie drei Komponenten aus heller Esche ein, um dem M\u00f6beldesign einen nat\u00fcrlich warmen Akzent zu g\u00f6nnen. Ein Regal mit vier Borden reicht f\u00fcr die offene Platzierung vollkommen aus. Den Wunsch nach geschlossenem Stauraum decken Sie mit dem Schiebet\u00fcren-Schrank von String ab, damit Sie f\u00fcrs \u00d6ffnen keinen Freiraum einkalkulieren m\u00fcssen.<\/p>\n<p><a href=\"https:\/\/www.raum-blick.de\/string-zeitschriftenablage\"><img loading=\"lazy\" decoding=\"async\" class=\"aligncenter wp-image-4238 size-full\" title=\"Zeitschriftenablage f\u00fcr das Regalsystem von String\" src=\"https:\/\/www.raum-blick.de\/magazin\/wp-content\/uploads\/2017\/12\/String-Regalsystem-Zeitschriftenablage.jpg\" alt=\"String Regalsystem Zeitschriftenablage\" width=\"600\" height=\"580\" srcset=\"https:\/\/raum-blick.de\/magazin\/wp-content\/uploads\/2017\/12\/String-Regalsystem-Zeitschriftenablage.jpg 600w, https:\/\/raum-blick.de\/magazin\/wp-content\/uploads\/2017\/12\/String-Regalsystem-Zeitschriftenablage-300x290.jpg 300w\" sizes=\"(max-width: 600px) 100vw, 600px\" \/><\/a><\/p>\n<p style=\"text-align: justify;\">Im direkten Umfeld des Arbeitsplatzes erweist sich die Zeitschriften-Ablage als praktisch, um aktuell ben\u00f6tigte Arbeitsmaterialien griffbereit zu platzieren. Eine gelungene Alternative zum Schreibtisch ist die Arbeitsplatte, die vorzugsweise nahe dem Fenster in das String Regal integriert wird. So k\u00f6nnen Sie beim Nachdenken den Blick zur Seite schweifen lassen und den Ausblick genie\u00dfen.<\/p>\n<p><a href=\"https:\/\/www.raum-blick.de\/string-arbeitsplatte\"><img loading=\"lazy\" decoding=\"async\" class=\"aligncenter wp-image-4240 size-full\" title=\"Arbeitsplatte f\u00fcr das Regalsystem von String\" src=\"https:\/\/www.raum-blick.de\/magazin\/wp-content\/uploads\/2017\/12\/String-Regalsystem-Arbeitsplatte.jpg\" alt=\"String Regalsystem Arbeitsplatte\" width=\"600\" height=\"600\" srcset=\"https:\/\/raum-blick.de\/magazin\/wp-content\/uploads\/2017\/12\/String-Regalsystem-Arbeitsplatte.jpg 600w, https:\/\/raum-blick.de\/magazin\/wp-content\/uploads\/2017\/12\/String-Regalsystem-Arbeitsplatte-150x150.jpg 150w, https:\/\/raum-blick.de\/magazin\/wp-content\/uploads\/2017\/12\/String-Regalsystem-Arbeitsplatte-300x300.jpg 300w\" sizes=\"(max-width: 600px) 100vw, 600px\" \/><\/a><\/p>\n<p style=\"text-align: justify;\">F\u00fcr die Grundausstattung eines Arbeitsbereichs mit einer platzsparend charakterisierten B\u00fcrotechnik und Archivierung reichen diese wenigen Module vollkommen aus. Falls sich nachtr\u00e4glich der Platzbedarf erh\u00f6ht, steht wegen des ausgezeichneten Konzepts von String einer Erweiterung nichts im Wege.<\/p>\n<h2><span class=\"ez-toc-section\" id=\"Moderne_Designideen_fuer_das_schicke_Buero_im_Kleinformat\"><\/span>Moderne Designideen f\u00fcr das schicke B\u00fcro im Kleinformat<span class=\"ez-toc-section-end\"><\/span><\/h2>\n<p style=\"text-align: justify;\">Kajsa und Nisse Strinning ist es gelungen, mit einem minimalistischen Design f\u00fcr platzsparende B\u00fcrom\u00f6bel bemerkenswert viele individuelle W\u00fcnsche zu beantworten. Halten Sie an dieser kreativen Strategie fest und bevorzugen Designideen, die mehrere Bed\u00fcrfnisse zugleich abdecken.<\/p>\n<p><img loading=\"lazy\" decoding=\"async\" class=\"aligncenter wp-image-4220 size-full\" title=\"Sitzw\u00fcrfel &quot;Cube&quot; von Moree\" src=\"https:\/\/www.raum-blick.de\/magazin\/wp-content\/uploads\/2017\/12\/Moree-Cube-Sitzwuerfel.jpg\" alt=\"Moree Cube Sitzwuerfel\" width=\"600\" height=\"450\" srcset=\"https:\/\/raum-blick.de\/magazin\/wp-content\/uploads\/2017\/12\/Moree-Cube-Sitzwuerfel.jpg 600w, https:\/\/raum-blick.de\/magazin\/wp-content\/uploads\/2017\/12\/Moree-Cube-Sitzwuerfel-300x225.jpg 300w\" sizes=\"(max-width: 600px) 100vw, 600px\" \/><\/p>\n<p style=\"text-align: justify;\">Vier Exemplare des quadratischen Leuchtm\u00f6bels Cube von moree lassen sich sogar in sehr kleine R\u00e4ume integrieren und k\u00f6nnen als Sitzgelegenheit oder als Tisch genutzt werden. Ganz nebenbei sorgen Sie mit den LED-M\u00f6beln f\u00fcr interessante Lichtakzente, die sich flexibel Ihrer Stimmung anpassen.<\/p>\n<p><a href=\"https:\/\/www.raum-blick.de\/normann-copenhagen-block-beistelltisch\"><img loading=\"lazy\" decoding=\"async\" class=\"aligncenter wp-image-4223 size-full\" title=\"Beistelltisch &quot;Block&quot; von Normann Copenhagen\" src=\"https:\/\/www.raum-blick.de\/magazin\/wp-content\/uploads\/2017\/12\/Normann-Copenhagen-Block-Beistelltisch.jpg\" alt=\"Normann Copenhagen Block Beistelltisch\" width=\"600\" height=\"600\" srcset=\"https:\/\/raum-blick.de\/magazin\/wp-content\/uploads\/2017\/12\/Normann-Copenhagen-Block-Beistelltisch.jpg 600w, https:\/\/raum-blick.de\/magazin\/wp-content\/uploads\/2017\/12\/Normann-Copenhagen-Block-Beistelltisch-150x150.jpg 150w, https:\/\/raum-blick.de\/magazin\/wp-content\/uploads\/2017\/12\/Normann-Copenhagen-Block-Beistelltisch-300x300.jpg 300w\" sizes=\"(max-width: 600px) 100vw, 600px\" \/><\/a><\/p>\n<p style=\"text-align: justify;\">K\u00fcndigen sich G\u00e4ste f\u00fcr ein Gespr\u00e4ch oder eine Teamarbeit an, gesellt sich der <a href=\"https:\/\/www.raum-blick.de\/normann-copenhagen-block-beistelltisch\">Beistelltisch Block<\/a> von <a href=\"https:\/\/www.raum-blick.de\/normann-copenhagen\/\">Normann Copenhagen<\/a> hinzu. Alternativ erweitert das vielseitige M\u00f6belst\u00fcck die Arbeitsfl\u00e4che am Schreibtisch, wenn Sie f\u00fcr ein Projekt viele Materialien bereitlegen m\u00fcssen. Platzsparend ist auch die justierbare Wandleuchte BL6 von Gubi, die sich f\u00fcr die gezielte Beleuchtung des Arbeitsplatzes eignet.<\/p>\n<p><img loading=\"lazy\" decoding=\"async\" class=\"aligncenter wp-image-4226 size-full\" title=\"Wandleuchte &quot;BL6&quot; von Gubi\" src=\"https:\/\/www.raum-blick.de\/magazin\/wp-content\/uploads\/2017\/12\/Gubi-Wandleuchte-BL6.jpg\" alt=\"Gubi Wandleuchte BL6\" width=\"600\" height=\"585\" srcset=\"https:\/\/raum-blick.de\/magazin\/wp-content\/uploads\/2017\/12\/Gubi-Wandleuchte-BL6.jpg 600w, https:\/\/raum-blick.de\/magazin\/wp-content\/uploads\/2017\/12\/Gubi-Wandleuchte-BL6-300x293.jpg 300w\" sizes=\"(max-width: 600px) 100vw, 600px\" \/><\/p>\n<p style=\"text-align: justify;\">Dank der clever konzipierten M\u00f6bel und Wohnaccessoires gen\u00fcgen nur wenige Objekte f\u00fcr die Einrichtung eines vollwertigen B\u00fcros. Genau dieser Effekt ist w\u00fcnschenswert, wenn Sie einen kleinen Raum platzsparend einrichten.<\/p>\n<blockquote>\n<p style=\"text-align: justify;\">Denn je mehr ungenutzte Freifl\u00e4che bleibt, umso gro\u00dfz\u00fcgiger und anregender wirkt die B\u00fcrogestaltung.<\/p>\n<\/blockquote>\n<\/p>","protected":false},"excerpt":{"rendered":"<p>\u00ab Kleine Arbeitsbereiche effizient einrichten \u00bb Das Studium, die Selbst\u00e4ndigkeit oder das flexible Besch\u00e4ftigungsmodell mit Phasen im Home-Office sind drei Beispiele daf\u00fcr, warum ein Arbeitsplatz in der Wohnung ben\u00f6tigt wird. Allerdings steht hierf\u00fcr selten ein gro\u00dfes Zimmer zur Verf\u00fcgung. Wer etwas Mut zum Minimalismus beweist und platzsparende B\u00fcrom\u00f6bel bevorzugt, kann enge R\u00e4ume so einrichten, dass [&hellip;]<\/p>\n","protected":false},"author":4,"featured_media":4250,"comment_status":"closed","ping_status":"open","sticky":false,"template":"","format":"standard","meta":{"_et_pb_use_builder":"","_et_pb_old_content":"","_et_gb_content_width":"","inline_featured_image":false,"footnotes":""},"categories":[1],"tags":[479,420,478,302,159,477,475,81,35,80,21,480,476,16,300,79,481,19,15,208,298],"class_list":["post-4214","post","type-post","status-publish","format-standard","has-post-thumbnail","hentry","category-drinnen","tag-ablagefaecher","tag-ablagen","tag-arbeitsbereich","tag-arbeitsplatten","tag-beistelltische","tag-bueroausstattung","tag-bueromoebel","tag-gubi","tag-moree","tag-mueller-moebelwerkstaetten","tag-normann-copenhagen","tag-organizer","tag-platzsparend","tag-regalsysteme","tag-schraenke","tag-sekretaere","tag-sitzwuerfel","tag-skagerak","tag-string","tag-wandleuchten","tag-zeitschriftenablagen"],"_links":{"self":[{"href":"https:\/\/raum-blick.de\/magazin\/wp-json\/wp\/v2\/posts\/4214","targetHints":{"allow":["GET"]}}],"collection":[{"href":"https:\/\/raum-blick.de\/magazin\/wp-json\/wp\/v2\/posts"}],"about":[{"href":"https:\/\/raum-blick.de\/magazin\/wp-json\/wp\/v2\/types\/post"}],"author":[{"embeddable":true,"href":"https:\/\/raum-blick.de\/magazin\/wp-json\/wp\/v2\/users\/4"}],"replies":[{"embeddable":true,"href":"https:\/\/raum-blick.de\/magazin\/wp-json\/wp\/v2\/comments?post=4214"}],"version-history":[{"count":31,"href":"https:\/\/raum-blick.de\/magazin\/wp-json\/wp\/v2\/posts\/4214\/revisions"}],"predecessor-version":[{"id":20802,"href":"https:\/\/raum-blick.de\/magazin\/wp-json\/wp\/v2\/posts\/4214\/revisions\/20802"}],"wp:featuredmedia":[{"embeddable":true,"href":"https:\/\/raum-blick.de\/magazin\/wp-json\/wp\/v2\/media\/4250"}],"wp:attachment":[{"href":"https:\/\/raum-blick.de\/magazin\/wp-json\/wp\/v2\/media?parent=4214"}],"wp:term":[{"taxonomy":"category","embeddable":true,"href":"https:\/\/raum-blick.de\/magazin\/wp-json\/wp\/v2\/categories?post=4214"},{"taxonomy":"post_tag","embeddable":true,"href":"https:\/\/raum-blick.de\/magazin\/wp-json\/wp\/v2\/tags?post=4214"}],"curies":[{"name":"wp","href":"https:\/\/api.w.org\/{rel}","templated":true}]}}