{"id":4144,"date":"2017-10-19T09:16:08","date_gmt":"2017-10-19T07:16:08","guid":{"rendered":"https:\/\/www.raum-blick.de\/magazin\/?p=4144"},"modified":"2025-01-07T11:09:59","modified_gmt":"2025-01-07T10:09:59","slug":"zimmer-mit-dachschraege-einrichten","status":"publish","type":"post","link":"https:\/\/raum-blick.de\/magazin\/zimmer-mit-dachschraege-einrichten\/","title":{"rendered":"Zimmer mit Dachschr\u00e4ge einrichten"},"content":{"rendered":"<h2><span class=\"ez-toc-section\" id=\"%C2%AB_Auch_niedrige_Schraegen_ideal_nutzen_%C2%BB\"><\/span>\u00ab Auch niedrige Schr\u00e4gen ideal nutzen \u00bb<span class=\"ez-toc-section-end\"><\/span><\/h2>\n<p style=\"text-align: justify;\"><strong>Wenn R\u00e4ume vom architektonischen Standard abweichen, ist der Grundstein f\u00fcr ein au\u00dfergew\u00f6hnliches Flair bereits gelegt. Gleichzeitig ist mehr Geschick beim Einrichten gefragt, da sich klassische Wohnideen und M\u00f6bel nur bedingt f\u00fcr die Ausstattung eignen. Vor diese Herausforderung sehen Sie sich zum Beispiel gestellt, wenn Sie ein Zimmer mit Dachschr\u00e4ge gestalten m\u00f6chten. Es gen\u00fcgen aber ein paar Ideen und pfiffige Objekte von talentierten Designern, um die wenigen Stellfl\u00e4chen optimal zu nutzen und den unkonventionellen Grundriss in einen \u00e4sthetischen Vorteil bei der Raumgestaltung umzum\u00fcnzen.<\/strong><\/p>\n<h2><span class=\"ez-toc-section\" id=\"Stellflaechen_optimal_nutzen_und_die_Raumtiefe_bewahren\"><\/span>Stellfl\u00e4chen optimal nutzen und die Raumtiefe bewahren<span class=\"ez-toc-section-end\"><\/span><\/h2>\n<p style=\"text-align: justify;\">Gerade W\u00e4nde f\u00fcr die Platzierung hoher M\u00f6bel sind bei einer Wohnung unterm Dach kaum vorhanden. Stattdessen ergeben sich einige niedrige Winkel, die mit gerader K\u00f6rperhaltung nicht begehbar sind. Diese Bereiche sind f\u00fcr den ben\u00f6tigten Stauraum wie geschaffen, wenn Sie ein Zimmer mit Dachschr\u00e4ge einrichten. Da die Ma\u00dfe sehr speziell sind, finden sich in den normierten Kollektionen selten passende Schr\u00e4nke f\u00fcr diesen Zweck. Deshalb haben flexible Systeme die Nase vorn, mit denen die Einrichtung selbst entworfen werden kann.<\/p><div id=\"ez-toc-container\" class=\"ez-toc-v2_0_82_2 counter-hierarchy ez-toc-counter ez-toc-grey ez-toc-container-direction\">\n<div class=\"ez-toc-title-container\">\n<p class=\"ez-toc-title\" style=\"cursor:inherit\">Was hier auf Sie wartet<\/p>\n<span class=\"ez-toc-title-toggle\"><a href=\"#\" class=\"ez-toc-pull-right ez-toc-btn ez-toc-btn-xs ez-toc-btn-default ez-toc-toggle\" aria-label=\"Toggle Table of Content\"><span class=\"ez-toc-js-icon-con\"><span class=\"\"><span class=\"eztoc-hide\" style=\"display:none;\">Toggle<\/span><span class=\"ez-toc-icon-toggle-span\"><svg style=\"fill: #999;color:#999\" xmlns=\"http:\/\/www.w3.org\/2000\/svg\" class=\"list-377408\" width=\"20px\" height=\"20px\" viewBox=\"0 0 24 24\" fill=\"none\"><path d=\"M6 6H4v2h2V6zm14 0H8v2h12V6zM4 11h2v2H4v-2zm16 0H8v2h12v-2zM4 16h2v2H4v-2zm16 0H8v2h12v-2z\" fill=\"currentColor\"><\/path><\/svg><svg style=\"fill: #999;color:#999\" class=\"arrow-unsorted-368013\" xmlns=\"http:\/\/www.w3.org\/2000\/svg\" width=\"10px\" height=\"10px\" viewBox=\"0 0 24 24\" version=\"1.2\" baseProfile=\"tiny\"><path d=\"M18.2 9.3l-6.2-6.3-6.2 6.3c-.2.2-.3.4-.3.7s.1.5.3.7c.2.2.4.3.7.3h11c.3 0 .5-.1.7-.3.2-.2.3-.5.3-.7s-.1-.5-.3-.7zM5.8 14.7l6.2 6.3 6.2-6.3c.2-.2.3-.5.3-.7s-.1-.5-.3-.7c-.2-.2-.4-.3-.7-.3h-11c-.3 0-.5.1-.7.3-.2.2-.3.5-.3.7s.1.5.3.7z\"\/><\/svg><\/span><\/span><\/span><\/a><\/span><\/div>\n<nav><ul class='ez-toc-list ez-toc-list-level-1 ' ><li class='ez-toc-page-1 ez-toc-heading-level-2'><a class=\"ez-toc-link ez-toc-heading-1\" href=\"https:\/\/raum-blick.de\/magazin\/zimmer-mit-dachschraege-einrichten\/#%C2%AB_Auch_niedrige_Schraegen_ideal_nutzen_%C2%BB\" >\u00ab Auch niedrige Schr\u00e4gen ideal nutzen \u00bb<\/a><\/li><li class='ez-toc-page-1 ez-toc-heading-level-2'><a class=\"ez-toc-link ez-toc-heading-2\" href=\"https:\/\/raum-blick.de\/magazin\/zimmer-mit-dachschraege-einrichten\/#Stellflaechen_optimal_nutzen_und_die_Raumtiefe_bewahren\" >Stellfl\u00e4chen optimal nutzen und die Raumtiefe bewahren<\/a><\/li><li class='ez-toc-page-1 ez-toc-heading-level-2'><a class=\"ez-toc-link ez-toc-heading-3\" href=\"https:\/\/raum-blick.de\/magazin\/zimmer-mit-dachschraege-einrichten\/#Den_Lifestyle_eine_Stufe_niedriger_als_gewoehnlich_angehen\" >Den Lifestyle eine Stufe niedriger als gew\u00f6hnlich angehen<\/a><\/li><li class='ez-toc-page-1 ez-toc-heading-level-2'><a class=\"ez-toc-link ez-toc-heading-4\" href=\"https:\/\/raum-blick.de\/magazin\/zimmer-mit-dachschraege-einrichten\/#Multifunktionale_und_optionale_Moebel_fuer_Dachschraegen\" >Multifunktionale und optionale M\u00f6bel f\u00fcr Dachschr\u00e4gen<\/a><\/li><li class='ez-toc-page-1 ez-toc-heading-level-2'><a class=\"ez-toc-link ez-toc-heading-5\" href=\"https:\/\/raum-blick.de\/magazin\/zimmer-mit-dachschraege-einrichten\/#Lichtdesign_und_Wandgestaltung_bei_Raeumen_mit_Dachschraege\" >Lichtdesign und Wandgestaltung bei R\u00e4umen mit Dachschr\u00e4ge<\/a><\/li><\/ul><\/nav><\/div>\n\n<p><img loading=\"lazy\" decoding=\"async\" class=\"aligncenter wp-image-4148 size-full\" title=\"Regal &quot;Hochstapler&quot; von Tojo\" src=\"https:\/\/www.raum-blick.de\/magazin\/wp-content\/uploads\/2017\/10\/Regal-Hochstapler-von-Tojo.jpg\" alt=\"Regal Hochstapler von Tojo\" width=\"600\" height=\"600\" srcset=\"https:\/\/raum-blick.de\/magazin\/wp-content\/uploads\/2017\/10\/Regal-Hochstapler-von-Tojo.jpg 600w, https:\/\/raum-blick.de\/magazin\/wp-content\/uploads\/2017\/10\/Regal-Hochstapler-von-Tojo-150x150.jpg 150w, https:\/\/raum-blick.de\/magazin\/wp-content\/uploads\/2017\/10\/Regal-Hochstapler-von-Tojo-300x300.jpg 300w\" sizes=\"(max-width: 600px) 100vw, 600px\" \/><\/p>\n<p style=\"text-align: justify;\">F\u00fcr die Konzeption offener Regale, die sich optimal in die Ecken der Dachschr\u00e4gen schmiegen, ist die Linie Tojo hochstapler ideal.<\/p>\n<p><a href=\"https:\/\/www.raum-blick.de\/string-schrank-mit-schiebetueren\"><img loading=\"lazy\" decoding=\"async\" class=\"aligncenter wp-image-4152 size-full\" title=\"Schrank mit Schiebet\u00fcren Regalsystem von String\" src=\"https:\/\/www.raum-blick.de\/magazin\/wp-content\/uploads\/2017\/10\/Schrank-mit-Schiebetueren-Regalsystem-von-String.jpg\" alt=\"Schrank mit Schiebetueren Regalsystem von String\" width=\"600\" height=\"520\" srcset=\"https:\/\/raum-blick.de\/magazin\/wp-content\/uploads\/2017\/10\/Schrank-mit-Schiebetueren-Regalsystem-von-String.jpg 600w, https:\/\/raum-blick.de\/magazin\/wp-content\/uploads\/2017\/10\/Schrank-mit-Schiebetueren-Regalsystem-von-String-300x260.jpg 300w\" sizes=\"(max-width: 600px) 100vw, 600px\" \/><\/a><\/p>\n<p style=\"text-align: justify;\">Falls auch geschlossene Schrankeinheiten gew\u00fcnscht werden, lohnt sich ein Blick auf das legend\u00e4re <a href=\"https:\/\/www.raum-blick.de\/string\/\">String Regalsystem<\/a>. Die Module mit Schiebet\u00fcren oder Schubladen pr\u00e4sentieren sich vergleichsweise niedrig und schmal, wodurch sie sich bei vielen Dachwohnungen an den schr\u00e4gen W\u00e4nden platzieren lassen.<\/p>\n<p><img loading=\"lazy\" decoding=\"async\" class=\"aligncenter wp-image-4153 size-full\" title=\"Schubladen-Element Regalsystem von String\" src=\"https:\/\/www.raum-blick.de\/magazin\/wp-content\/uploads\/2017\/10\/Schubladen-Element-Regalsystem-von-String.jpg\" alt=\"Schubladen-Element Regalsystem von String\" width=\"600\" height=\"520\" srcset=\"https:\/\/raum-blick.de\/magazin\/wp-content\/uploads\/2017\/10\/Schubladen-Element-Regalsystem-von-String.jpg 600w, https:\/\/raum-blick.de\/magazin\/wp-content\/uploads\/2017\/10\/Schubladen-Element-Regalsystem-von-String-300x260.jpg 300w\" sizes=\"(max-width: 600px) 100vw, 600px\" \/><\/p>\n<p style=\"text-align: justify;\">H\u00e4ufig werden die wenigen Stellw\u00e4nde in einem Zimmer mit Dachschr\u00e4ge f\u00fcr die Integration wuchtiger M\u00f6bel genutzt. Allerdings f\u00fchrt gerade diese Entscheidung dazu, dass das Zimmer zugestellt und klein anmutet. Damit eine luftige Atmosph\u00e4re bewahrt wird und sich gen\u00fcgend Bewegungsfreiheit ergibt, sollte die Raummitte m\u00f6glichst freibleiben und das Interieur an den geraden W\u00e4nden schmal ausfallen.<\/p>\n<p><img loading=\"lazy\" decoding=\"async\" class=\"aligncenter wp-image-4157 size-full\" title=\"Sekret\u00e4r &quot;Flatmate&quot; von M\u00fcller M\u00f6belwerkst\u00e4tten\" src=\"https:\/\/www.raum-blick.de\/magazin\/wp-content\/uploads\/2017\/10\/Sekretaer-Flatmate-von-Mueller-Moebelwerkstaetten.jpg\" alt=\"Sekretaer Flatmate von Mueller Moebelwerkstaetten\" width=\"600\" height=\"575\" srcset=\"https:\/\/raum-blick.de\/magazin\/wp-content\/uploads\/2017\/10\/Sekretaer-Flatmate-von-Mueller-Moebelwerkstaetten.jpg 600w, https:\/\/raum-blick.de\/magazin\/wp-content\/uploads\/2017\/10\/Sekretaer-Flatmate-von-Mueller-Moebelwerkstaetten-300x288.jpg 300w\" sizes=\"(max-width: 600px) 100vw, 600px\" \/><\/p>\n<p style=\"text-align: justify;\">Bemerkenswert platzsparend integrieren Sie mit dem M\u00fcller M\u00f6belwerkst\u00e4tten Flatmate Sekret\u00e4r ein Home-Office, das jenseits der Arbeitsphasen kaum Platz braucht.<\/p>\n<h2><span class=\"ez-toc-section\" id=\"Den_Lifestyle_eine_Stufe_niedriger_als_gewoehnlich_angehen\"><\/span>Den Lifestyle eine Stufe niedriger als gew\u00f6hnlich angehen<span class=\"ez-toc-section-end\"><\/span><\/h2>\n<p style=\"text-align: justify;\">Wer ein Zimmer mit Dachschr\u00e4ge einrichten m\u00f6chte, st\u00f6\u00dft ganz w\u00f6rtlich gemeint oben schnell an Grenzen. Die hohen Zimmerbereiche sind f\u00fcr die Aktivit\u00e4ten gefragt, die Sie aufrecht angehen. Beim entspannten Lifestyle im Sitzen oder Liegen ist eine geringere Raumh\u00f6he weniger problematisch. Das gilt besonders dann, wenn bewusst niedrige M\u00f6bel f\u00fcr Dachschr\u00e4gen ausgew\u00e4hlt werden. Geht es beispielsweise um ein Kinderzimmer, belebt das \u00fcberdimensionale Kuschel-Kaninchen von Fatboy das Szenario und bietet sich zugleich zum Relaxen an. In der erwachsenen Wohnwelt sind hingegen die Sitzs\u00e4cke der Marke eine gelungene Alternative zum Sofa.<\/p>\n<p><img loading=\"lazy\" decoding=\"async\" class=\"aligncenter wp-image-4159 size-full\" title=\"Kaninchen als Sitzsack &quot;Co9 XS&quot; von Fatboy\" src=\"https:\/\/www.raum-blick.de\/magazin\/wp-content\/uploads\/2017\/10\/Kaninchen-als-Sitzsack-Co9-XS-von-Fatboy.jpg\" alt=\"Kaninchen als Sitzsack Co9 XS von Fatboy\" width=\"600\" height=\"400\" srcset=\"https:\/\/raum-blick.de\/magazin\/wp-content\/uploads\/2017\/10\/Kaninchen-als-Sitzsack-Co9-XS-von-Fatboy.jpg 600w, https:\/\/raum-blick.de\/magazin\/wp-content\/uploads\/2017\/10\/Kaninchen-als-Sitzsack-Co9-XS-von-Fatboy-300x200.jpg 300w\" sizes=\"(max-width: 600px) 100vw, 600px\" \/><\/p>\n<p style=\"text-align: justify;\">Als Beistelltisch f\u00fcr eine bodennahe Chillout-Lounge ist das Modell Twin by Lassen ideal. Dank des filigranen Gestells f\u00fcgt sich das Designm\u00f6bel nahezu unbemerkt ins Szenario ein und versperrt beim Liegen kaum die Sicht.<\/p>\n<p><img loading=\"lazy\" decoding=\"async\" class=\"aligncenter wp-image-4161 size-full\" title=\"Beistelltische &quot;Twin&quot; von by Lassen\" src=\"https:\/\/www.raum-blick.de\/magazin\/wp-content\/uploads\/2017\/10\/Beistelltische-Twin-von-by-Lassen.jpg\" alt=\"Beistelltische Twin von by Lassen\" width=\"600\" height=\"600\" srcset=\"https:\/\/raum-blick.de\/magazin\/wp-content\/uploads\/2017\/10\/Beistelltische-Twin-von-by-Lassen.jpg 600w, https:\/\/raum-blick.de\/magazin\/wp-content\/uploads\/2017\/10\/Beistelltische-Twin-von-by-Lassen-150x150.jpg 150w, https:\/\/raum-blick.de\/magazin\/wp-content\/uploads\/2017\/10\/Beistelltische-Twin-von-by-Lassen-300x300.jpg 300w\" sizes=\"(max-width: 600px) 100vw, 600px\" \/><\/p>\n<p style=\"text-align: justify;\">Auch bei der Nachtruhe spricht nichts gegen Wohnideen, bei denen Sie sich eher dem Boden als der Zimmerdecke n\u00e4hern. Deshalb k\u00f6nnen Sie die Schlafoase auch direkt in der Dachschr\u00e4ge einrichten. Zu diesem Gedanken passen Betten, deren Design sich an einem Futon orientiert. Ein unkonventionelles Raumwunder dieser Art pr\u00e4sentiert wiederum Tojo, das zugleich ein logistisches Problem bei Dachzimmern l\u00f6st.<\/p>\n<p><img loading=\"lazy\" decoding=\"async\" class=\"aligncenter wp-image-4164 size-full\" title=\"Bett &quot;System&quot; von Tojo\" src=\"https:\/\/www.raum-blick.de\/magazin\/wp-content\/uploads\/2017\/10\/Bett-System-von-Tojo.jpg\" alt=\"Bett System von Tojo\" width=\"600\" height=\"600\" srcset=\"https:\/\/raum-blick.de\/magazin\/wp-content\/uploads\/2017\/10\/Bett-System-von-Tojo.jpg 600w, https:\/\/raum-blick.de\/magazin\/wp-content\/uploads\/2017\/10\/Bett-System-von-Tojo-150x150.jpg 150w, https:\/\/raum-blick.de\/magazin\/wp-content\/uploads\/2017\/10\/Bett-System-von-Tojo-300x300.jpg 300w\" sizes=\"(max-width: 600px) 100vw, 600px\" \/><\/p>\n<p style=\"text-align: justify;\">Da es sich meist um nachtr\u00e4glich gewonnenen Wohnraum handelt, charakterisieren in der Regel enge Treppen den Zugang. Sp\u00e4testens beim Doppelbett stellt sich die Frage, wie das M\u00f6belst\u00fcck ins Zimmer gelangen soll. Das innovative Designkonzept des Herstellers aus Schorndorf gleicht einem Puzzle mit kompakten Einzelteilen, das Sie vor Ort in eine komfortable Liegewiese verwandeln.<\/p>\n<h2><span class=\"ez-toc-section\" id=\"Multifunktionale_und_optionale_Moebel_fuer_Dachschraegen\"><\/span>Multifunktionale und optionale M\u00f6bel f\u00fcr Dachschr\u00e4gen<span class=\"ez-toc-section-end\"><\/span><\/h2>\n<p style=\"text-align: justify;\">Bei einem Zimmer mit Dachschr\u00e4ge gen\u00fcgt eine kleine Ver\u00e4nderung des Blickwinkels, damit sich ein anderer Sinneseindruck ergibt. Hinzu kommt, dass die effektive Nutzfl\u00e4che begrenzt ist. Angesichts dieser Rahmenbedingungen ist es empfehlenswert, sich auf m\u00f6glichst wenige Objekte zu beschr\u00e4nken und das Interesse auf vielseitige Wohnideen zu lenken. Der <a href=\"https:\/\/www.raum-blick.de\/ferm-living-wire-basket\">Drahtkorb von ferm Living<\/a> eignet sich f\u00fcr das Verstauen verschiedenster Dinge und empfiehlt sich in Kombination mit dem passenden Deckel aus Holz auch als Sofatisch.<\/p>\n<p><a href=\"https:\/\/www.raum-blick.de\/ferm-living-wire-basket\"><img loading=\"lazy\" decoding=\"async\" class=\"aligncenter wp-image-4166 size-full\" title=\"Drahtkorb &quot;Wire&quot; von ferm Living\" src=\"https:\/\/www.raum-blick.de\/magazin\/wp-content\/uploads\/2017\/10\/Drahtkorb-Wire-von-ferm-Living.jpg\" alt=\"Drahtkorb Wire von ferm Living\" width=\"600\" height=\"600\" srcset=\"https:\/\/raum-blick.de\/magazin\/wp-content\/uploads\/2017\/10\/Drahtkorb-Wire-von-ferm-Living.jpg 600w, https:\/\/raum-blick.de\/magazin\/wp-content\/uploads\/2017\/10\/Drahtkorb-Wire-von-ferm-Living-150x150.jpg 150w, https:\/\/raum-blick.de\/magazin\/wp-content\/uploads\/2017\/10\/Drahtkorb-Wire-von-ferm-Living-300x300.jpg 300w\" sizes=\"(max-width: 600px) 100vw, 600px\" \/><\/a><\/p>\n<p style=\"text-align: justify;\">\u00c4hnlich clever konzipierte der Designer Murken Hansen den <a href=\"https:\/\/www.raum-blick.de\/ronda-beistelltisch-pieperconcept\">Tisch Ronda von pieperconzept<\/a>, der durch die Filzoptik sehr ungew\u00f6hnlich und dekorativ ist.<\/p>\n<p><a href=\"https:\/\/www.raum-blick.de\/ronda-beistelltisch-pieperconcept\"><img loading=\"lazy\" decoding=\"async\" class=\"aligncenter wp-image-4168 size-full\" title=\"Beistelltisch &quot;Ronda&quot; von pieperconcept\" src=\"https:\/\/www.raum-blick.de\/magazin\/wp-content\/uploads\/2017\/10\/Beistelltisch-Ronda-von-pieperconcept.jpg\" alt=\"Beistelltisch Ronda von pieperconcept\" width=\"600\" height=\"600\" srcset=\"https:\/\/raum-blick.de\/magazin\/wp-content\/uploads\/2017\/10\/Beistelltisch-Ronda-von-pieperconcept.jpg 600w, https:\/\/raum-blick.de\/magazin\/wp-content\/uploads\/2017\/10\/Beistelltisch-Ronda-von-pieperconcept-150x150.jpg 150w, https:\/\/raum-blick.de\/magazin\/wp-content\/uploads\/2017\/10\/Beistelltisch-Ronda-von-pieperconcept-300x300.jpg 300w\" sizes=\"(max-width: 600px) 100vw, 600px\" \/><\/a><\/p>\n<p style=\"text-align: justify;\">So interessant wie multifunktionale Einrichtungsobjekte sind Designideen, die nur gelegentlich das Mobiliar erg\u00e4nzen. K\u00fcndigt sich Besuch an, k\u00f6nnen Sie beispielsweise das Luftkissen Lamzac flink entfalten. Schon steht f\u00fcr die gesellige Runde ein weiteres Sofa zur Verf\u00fcgung. Angesichts der kompakten Packma\u00dfe passt das Accessoire in jeden Schrank und ist au\u00dferdem ein toller Begleiter f\u00fcr Outdoor-Aktivit\u00e4ten.<\/p>\n<p><img loading=\"lazy\" decoding=\"async\" class=\"aligncenter wp-image-4170 size-full\" title=\"Luftkissen &quot;Lamzac the Original&quot; von Fatboy\" src=\"https:\/\/www.raum-blick.de\/magazin\/wp-content\/uploads\/2017\/10\/Luftkissen-Lamzac-the-Original-von-Fatboy.jpg\" alt=\"Luftkissen Lamzac the Original von Fatboy\" width=\"600\" height=\"600\" srcset=\"https:\/\/raum-blick.de\/magazin\/wp-content\/uploads\/2017\/10\/Luftkissen-Lamzac-the-Original-von-Fatboy.jpg 600w, https:\/\/raum-blick.de\/magazin\/wp-content\/uploads\/2017\/10\/Luftkissen-Lamzac-the-Original-von-Fatboy-150x150.jpg 150w, https:\/\/raum-blick.de\/magazin\/wp-content\/uploads\/2017\/10\/Luftkissen-Lamzac-the-Original-von-Fatboy-300x300.jpg 300w\" sizes=\"(max-width: 600px) 100vw, 600px\" \/><\/p>\n<h2><span class=\"ez-toc-section\" id=\"Lichtdesign_und_Wandgestaltung_bei_Raeumen_mit_Dachschraege\"><\/span>Lichtdesign und Wandgestaltung bei R\u00e4umen mit Dachschr\u00e4ge<span class=\"ez-toc-section-end\"><\/span><\/h2>\n<p style=\"text-align: justify;\">In der klassischen Wohnwelt ist es wichtig, mit dem integrierten Interieur mehrere Ebenen zu erschlie\u00dfen. Aufgrund der Architektur ist diese Dynamik bereits vorhanden, wenn Sie ein Zimmer mit Dachschr\u00e4ge einrichten. Demnach kehrt sich die Aufgabe um und es gilt, das Auge nicht unn\u00f6tig herauszufordern. Pendelleuchten lassen sich bei einer Dachschr\u00e4ge nur an wenigen Orten installieren und k\u00f6nnen dazu beitragen, dass die Raumgestaltung zu unruhig wirkt. Dem entgegen sind Leuchten wie die Flos WAN sehr gut geeignet, die sich von der Wand oder der Decke kaum hervorheben und gegebenenfalls schr\u00e4g montiert werden k\u00f6nnen.<\/p>\n<p><a href=\"https:\/\/www.raum-blick.de\/wan-wand\/deckenleuchte-flos\"><img loading=\"lazy\" decoding=\"async\" class=\"aligncenter wp-image-4174 size-full\" title=\"Wand- und Deckenleuchte &quot;WAN&quot; von Flos\" src=\"https:\/\/www.raum-blick.de\/magazin\/wp-content\/uploads\/2017\/10\/Wand-und-Deckenleuchte-WAN-von-Flos.jpg\" alt=\"Wand- und Deckenleuchte WAN von Flos\" width=\"600\" height=\"580\" srcset=\"https:\/\/raum-blick.de\/magazin\/wp-content\/uploads\/2017\/10\/Wand-und-Deckenleuchte-WAN-von-Flos.jpg 600w, https:\/\/raum-blick.de\/magazin\/wp-content\/uploads\/2017\/10\/Wand-und-Deckenleuchte-WAN-von-Flos-300x290.jpg 300w\" sizes=\"(max-width: 600px) 100vw, 600px\" \/><\/a><\/p>\n<p style=\"text-align: justify;\">Wenn Sie beim Einrichten auf eine niedrige Sofalandschaft oder Ruheoase setzen, ergibt sich zu der Allgemeinbeleuchtung unter der Decke ein gro\u00dfer Abstand. Deshalb d\u00fcrfen bodennahe Lichtakzente nicht fehlen, um dunkle Ecken zu vermeiden und ein angenehmes Ambiente zu erzeugen. Ausgesprochen dekorativ, vielseitig und effektvoll sind rundum leuchtenden LED-M\u00f6bel wie das Modell Bubble von moree, deren Lichtwirkung variiert werden kann.<\/p>\n<p><img loading=\"lazy\" decoding=\"async\" class=\"aligncenter wp-image-4176 size-full\" title=\"Indoor LED-M\u00f6bel &quot;Bubble&quot; von moree\" src=\"https:\/\/www.raum-blick.de\/magazin\/wp-content\/uploads\/2017\/10\/Indoor-LED-Moebel-Bubble-von-moree.jpg\" alt=\"Indoor LED-Moebel Bubble von moree\" width=\"600\" height=\"600\" srcset=\"https:\/\/raum-blick.de\/magazin\/wp-content\/uploads\/2017\/10\/Indoor-LED-Moebel-Bubble-von-moree.jpg 600w, https:\/\/raum-blick.de\/magazin\/wp-content\/uploads\/2017\/10\/Indoor-LED-Moebel-Bubble-von-moree-150x150.jpg 150w, https:\/\/raum-blick.de\/magazin\/wp-content\/uploads\/2017\/10\/Indoor-LED-Moebel-Bubble-von-moree-300x300.jpg 300w\" sizes=\"(max-width: 600px) 100vw, 600px\" \/><\/p>\n<p style=\"text-align: justify;\">Wer beim Einrichten niedrige Designideen ins Spiel bringt, die Raummitte frei l\u00e4sst und wenige multifunktionale M\u00f6bel bevorzugt, erkennt schon bald die Vorteile der Dachschr\u00e4ge. Denn durch die diagonalen Linien der Architektur wirkt die Wohnwelt sehr dynamisch und entstehen automatisch gem\u00fctliche Ecken. Diese positiven Eigenschaften k\u00f6nnen Sie unterstreichen, indem Sie die Schr\u00e4gen in einem sehr hellen Ton streichen und eine gerade Wand farbig hervorheben. So erzielen Sie eine optische Tiefe, die das Zimmer gro\u00dfz\u00fcgig erscheinen l\u00e4sst.<\/p>\n","protected":false},"excerpt":{"rendered":"<p>\u00ab Auch niedrige Schr\u00e4gen ideal nutzen \u00bb Wenn R\u00e4ume vom architektonischen Standard abweichen, ist der Grundstein f\u00fcr ein au\u00dfergew\u00f6hnliches Flair bereits gelegt. Gleichzeitig ist mehr Geschick beim Einrichten gefragt, da sich klassische Wohnideen und M\u00f6bel nur bedingt f\u00fcr die Ausstattung eignen. Vor diese Herausforderung sehen Sie sich zum Beispiel gestellt, wenn Sie ein Zimmer mit [&hellip;]<\/p>\n","protected":false},"author":4,"featured_media":4178,"comment_status":"closed","ping_status":"open","sticky":false,"template":"","format":"standard","meta":{"_et_pb_use_builder":"","_et_pb_old_content":"","_et_gb_content_width":"","inline_featured_image":false,"footnotes":""},"categories":[1],"tags":[159,464,287,463,102,116,449,40,206,45,56,328,67,43,466,35,80,465,168,16,300,79,68,15,69,103],"class_list":["post-4144","post","type-post","status-publish","format-standard","has-post-thumbnail","hentry","category-drinnen","tag-beistelltische","tag-bett","tag-by-lassen","tag-dachschraege","tag-deckenleuchte","tag-drahtkoerbe","tag-einrichtungsideen","tag-fatboy","tag-ferm-living","tag-flos","tag-indoor","tag-lamzac","tag-led-moebel","tag-leuchten","tag-luftkissen","tag-moree","tag-mueller-moebelwerkstaetten","tag-pieperconcept","tag-regale","tag-regalsysteme","tag-schraenke","tag-sekretaere","tag-sitzsaecke","tag-string","tag-tojo","tag-wandleuchte"],"_links":{"self":[{"href":"https:\/\/raum-blick.de\/magazin\/wp-json\/wp\/v2\/posts\/4144","targetHints":{"allow":["GET"]}}],"collection":[{"href":"https:\/\/raum-blick.de\/magazin\/wp-json\/wp\/v2\/posts"}],"about":[{"href":"https:\/\/raum-blick.de\/magazin\/wp-json\/wp\/v2\/types\/post"}],"author":[{"embeddable":true,"href":"https:\/\/raum-blick.de\/magazin\/wp-json\/wp\/v2\/users\/4"}],"replies":[{"embeddable":true,"href":"https:\/\/raum-blick.de\/magazin\/wp-json\/wp\/v2\/comments?post=4144"}],"version-history":[{"count":29,"href":"https:\/\/raum-blick.de\/magazin\/wp-json\/wp\/v2\/posts\/4144\/revisions"}],"predecessor-version":[{"id":21290,"href":"https:\/\/raum-blick.de\/magazin\/wp-json\/wp\/v2\/posts\/4144\/revisions\/21290"}],"wp:featuredmedia":[{"embeddable":true,"href":"https:\/\/raum-blick.de\/magazin\/wp-json\/wp\/v2\/media\/4178"}],"wp:attachment":[{"href":"https:\/\/raum-blick.de\/magazin\/wp-json\/wp\/v2\/media?parent=4144"}],"wp:term":[{"taxonomy":"category","embeddable":true,"href":"https:\/\/raum-blick.de\/magazin\/wp-json\/wp\/v2\/categories?post=4144"},{"taxonomy":"post_tag","embeddable":true,"href":"https:\/\/raum-blick.de\/magazin\/wp-json\/wp\/v2\/tags?post=4144"}],"curies":[{"name":"wp","href":"https:\/\/api.w.org\/{rel}","templated":true}]}}