{"id":4045,"date":"2017-10-05T16:46:19","date_gmt":"2017-10-05T14:46:19","guid":{"rendered":"https:\/\/www.raum-blick.de\/magazin\/?p=4045"},"modified":"2024-08-30T13:20:58","modified_gmt":"2024-08-30T11:20:58","slug":"ankleidezimmer-gestalten","status":"publish","type":"post","link":"https:\/\/raum-blick.de\/magazin\/ankleidezimmer-gestalten\/","title":{"rendered":"Ankleidezimmer gestalten"},"content":{"rendered":"<h2><span class=\"ez-toc-section\" id=\"%C2%AB_Wohnideen_fuer_den_Moderaum_%C2%BB\"><\/span>\u00ab Wohnideen f\u00fcr den Moderaum \u00bb<span class=\"ez-toc-section-end\"><\/span><\/h2>\n<p style=\"text-align: justify;\"><strong>Wird im Hotelzimmer ein begehbarer Kleiderschrank entdeckt, ist die Freude gro\u00df und die Vorteile offenbaren sich geschwind. In den privaten Gefilden bleibt diese gro\u00dfz\u00fcgige Ausstattung meist ein unerf\u00fcllter Traum. Wenn Sie sich f\u00fcr Mode interessieren oder das Leben gerne angenehm gestalten, sollten Sie sich diesen Komfort allerdings g\u00f6nnen und sogar ein Ankleidezimmer einrichten. Dabei sind nicht nur funktionale M\u00f6bel f\u00fcr ein durchdachtes Ordnungssystem interessant \u2013 mit etwas Phantasie k\u00f6nnen Sie zugleich einen R\u00fcckzugsort einrichten, um fern vom Alltag zur Ruhe zu kommen.<\/strong><\/p>\n<h2><span class=\"ez-toc-section\" id=\"Refugium_fuer_den_schicken_Lifestyle_und_ungestoerte_Momente\"><\/span>Refugium f\u00fcr den schicken Lifestyle und ungest\u00f6rte Momente<span class=\"ez-toc-section-end\"><\/span><\/h2>\n<p style=\"text-align: justify;\">&#8222;Kleider machen Leute&#8220;: Dieser Ausspruch des Schweizer Dichters Gottfried Keller ist bis heute relevant. Selbst Personen, die sich nicht intensiv mit aktuellen Trends befassen, w\u00e4hlen ihr Outfit wohlbedacht und passend zum Anlass aus. Wer eine Schw\u00e4che f\u00fcr modische Kollektionen hegt und gerne neue Looks ausprobiert, legt deshalb auf ein vielseitiges Portfolio wert und erfreut sich an der umfangreichen Garderobe. Die Fashionista tr\u00e4umt mit all Ihren Kleidern und It-Pieces insgeheim davon, sich ein komfortables Ankleidezimmer zu gestalten. So w\u00fcrden endlich alle Lieblingsst\u00fccke einen angemessenen Platz finden.<\/p><div id=\"ez-toc-container\" class=\"ez-toc-v2_0_82_2 counter-hierarchy ez-toc-counter ez-toc-grey ez-toc-container-direction\">\n<div class=\"ez-toc-title-container\">\n<p class=\"ez-toc-title\" style=\"cursor:inherit\">Was hier auf Sie wartet<\/p>\n<span class=\"ez-toc-title-toggle\"><a href=\"#\" class=\"ez-toc-pull-right ez-toc-btn ez-toc-btn-xs ez-toc-btn-default ez-toc-toggle\" aria-label=\"Toggle Table of Content\"><span class=\"ez-toc-js-icon-con\"><span class=\"\"><span class=\"eztoc-hide\" style=\"display:none;\">Toggle<\/span><span class=\"ez-toc-icon-toggle-span\"><svg style=\"fill: #999;color:#999\" xmlns=\"http:\/\/www.w3.org\/2000\/svg\" class=\"list-377408\" width=\"20px\" height=\"20px\" viewBox=\"0 0 24 24\" fill=\"none\"><path d=\"M6 6H4v2h2V6zm14 0H8v2h12V6zM4 11h2v2H4v-2zm16 0H8v2h12v-2zM4 16h2v2H4v-2zm16 0H8v2h12v-2z\" fill=\"currentColor\"><\/path><\/svg><svg style=\"fill: #999;color:#999\" class=\"arrow-unsorted-368013\" xmlns=\"http:\/\/www.w3.org\/2000\/svg\" width=\"10px\" height=\"10px\" viewBox=\"0 0 24 24\" version=\"1.2\" baseProfile=\"tiny\"><path d=\"M18.2 9.3l-6.2-6.3-6.2 6.3c-.2.2-.3.4-.3.7s.1.5.3.7c.2.2.4.3.7.3h11c.3 0 .5-.1.7-.3.2-.2.3-.5.3-.7s-.1-.5-.3-.7zM5.8 14.7l6.2 6.3 6.2-6.3c.2-.2.3-.5.3-.7s-.1-.5-.3-.7c-.2-.2-.4-.3-.7-.3h-11c-.3 0-.5.1-.7.3-.2.2-.3.5-.3.7s.1.5.3.7z\"\/><\/svg><\/span><\/span><\/span><\/a><\/span><\/div>\n<nav><ul class='ez-toc-list ez-toc-list-level-1 ' ><li class='ez-toc-page-1 ez-toc-heading-level-2'><a class=\"ez-toc-link ez-toc-heading-1\" href=\"https:\/\/raum-blick.de\/magazin\/ankleidezimmer-gestalten\/#%C2%AB_Wohnideen_fuer_den_Moderaum_%C2%BB\" >\u00ab Wohnideen f\u00fcr den Moderaum \u00bb<\/a><\/li><li class='ez-toc-page-1 ez-toc-heading-level-2'><a class=\"ez-toc-link ez-toc-heading-2\" href=\"https:\/\/raum-blick.de\/magazin\/ankleidezimmer-gestalten\/#Refugium_fuer_den_schicken_Lifestyle_und_ungestoerte_Momente\" >Refugium f\u00fcr den schicken Lifestyle und ungest\u00f6rte Momente<\/a><\/li><li class='ez-toc-page-1 ez-toc-heading-level-2'><a class=\"ez-toc-link ez-toc-heading-3\" href=\"https:\/\/raum-blick.de\/magazin\/ankleidezimmer-gestalten\/#Nicht_nur_fuer_Mode-Liebhaber\" >Nicht nur f\u00fcr Mode-Liebhaber<\/a><\/li><li class='ez-toc-page-1 ez-toc-heading-level-2'><a class=\"ez-toc-link ez-toc-heading-4\" href=\"https:\/\/raum-blick.de\/magazin\/ankleidezimmer-gestalten\/#Ungenutzte_Flaeche_aufspueren_und_ein_Ankleidezimmer_gestalten\" >Ungenutzte Fl\u00e4che aufsp\u00fcren und ein Ankleidezimmer gestalten<\/a><\/li><li class='ez-toc-page-1 ez-toc-heading-level-2'><a class=\"ez-toc-link ez-toc-heading-5\" href=\"https:\/\/raum-blick.de\/magazin\/ankleidezimmer-gestalten\/#Individuelle_Einrichtungsideen_mit_Paradeplaetzen_fuer_die_Highlights_Ihrer_Kollektion\" >Individuelle Einrichtungsideen mit Paradepl\u00e4tzen f\u00fcr die Highlights Ihrer Kollektion<\/a><\/li><li class='ez-toc-page-1 ez-toc-heading-level-2'><a class=\"ez-toc-link ez-toc-heading-6\" href=\"https:\/\/raum-blick.de\/magazin\/ankleidezimmer-gestalten\/#Spiegelflaechen_fuers_Controlling_und_offene_Garderoben_fuer_die_Zwischenablage\" >Spiegelfl\u00e4chen f\u00fcrs Controlling und offene Garderoben f\u00fcr die Zwischenablage<\/a><\/li><li class='ez-toc-page-1 ez-toc-heading-level-2'><a class=\"ez-toc-link ez-toc-heading-7\" href=\"https:\/\/raum-blick.de\/magazin\/ankleidezimmer-gestalten\/#Weit_mehr_als_ein_begehbarer_Kleiderschrank\" >Weit mehr als ein begehbarer Kleiderschrank<\/a><\/li><\/ul><\/nav><\/div>\n\n<p><a href=\"https:\/\/www.raum-blick.de\/skagerak-cutter-mini-garderobe\"><img loading=\"lazy\" decoding=\"async\" class=\"aligncenter wp-image-4070 size-full\" title=\"Mini Garderobe &quot;Cutter&quot; von Skagerak\" src=\"https:\/\/www.raum-blick.de\/magazin\/wp-content\/uploads\/2017\/10\/Mini-Garderobe-Cutter-von-Skagerak.jpg\" alt=\"Mini Garderobe Cutter von Skagerak\" width=\"600\" height=\"600\" srcset=\"https:\/\/raum-blick.de\/magazin\/wp-content\/uploads\/2017\/10\/Mini-Garderobe-Cutter-von-Skagerak.jpg 600w, https:\/\/raum-blick.de\/magazin\/wp-content\/uploads\/2017\/10\/Mini-Garderobe-Cutter-von-Skagerak-150x150.jpg 150w, https:\/\/raum-blick.de\/magazin\/wp-content\/uploads\/2017\/10\/Mini-Garderobe-Cutter-von-Skagerak-300x300.jpg 300w\" sizes=\"(max-width: 600px) 100vw, 600px\" \/><\/a><\/p>\n<h2><span class=\"ez-toc-section\" id=\"Nicht_nur_fuer_Mode-Liebhaber\"><\/span>Nicht nur f\u00fcr Mode-Liebhaber<span class=\"ez-toc-section-end\"><\/span><\/h2>\n<p style=\"text-align: justify;\">Umgekehrt kann das Ankleidezimmer gerade f\u00fcr Frauen und M\u00e4nner, die sich f\u00fcrs Styling weniger interessieren, ein praktisches Plus sein. Denn die strukturierte Unterbringung der Kleidung, Schuhe und Accessoires tr\u00e4gt ma\u00dfgeblich dazu bei, dass \u00fcberzeugende Outfits innerhalb von Minuten stehen. Nicht selten ist es so, dass Frauen sich mit der Alternative zum klassischen Kleiderschrank einen Wunsch erf\u00fcllen, der Herr des Hauses die Vorz\u00fcge aber alsbald gleicherma\u00dfen zu sch\u00e4tzen wei\u00df. Deshalb ist es eine gute Idee, beim Einrichten die partnerschaftliche Nutzung einzuplanen und geeignete M\u00f6bel f\u00fcr die Damenmode und Herrenbekleidung auszuw\u00e4hlen.<\/p>\n<p><a href=\"https:\/\/www.raum-blick.de\/skagerak-georg-garderobe\"><img loading=\"lazy\" decoding=\"async\" class=\"aligncenter wp-image-4072 size-full\" title=\"Garderobenleiste &quot;Georg&quot; von Skagerak\" src=\"https:\/\/www.raum-blick.de\/magazin\/wp-content\/uploads\/2017\/10\/Garderobenleiste-Georg-von-Skagerak.jpg\" alt=\"Garderobenleiste Georg von Skagerak\" width=\"600\" height=\"600\" srcset=\"https:\/\/raum-blick.de\/magazin\/wp-content\/uploads\/2017\/10\/Garderobenleiste-Georg-von-Skagerak.jpg 600w, https:\/\/raum-blick.de\/magazin\/wp-content\/uploads\/2017\/10\/Garderobenleiste-Georg-von-Skagerak-150x150.jpg 150w, https:\/\/raum-blick.de\/magazin\/wp-content\/uploads\/2017\/10\/Garderobenleiste-Georg-von-Skagerak-300x300.jpg 300w\" sizes=\"(max-width: 600px) 100vw, 600px\" \/><\/a><\/p>\n<h2><span class=\"ez-toc-section\" id=\"Ungenutzte_Flaeche_aufspueren_und_ein_Ankleidezimmer_gestalten\"><\/span>Ungenutzte Fl\u00e4che aufsp\u00fcren und ein Ankleidezimmer gestalten<span class=\"ez-toc-section-end\"><\/span><\/h2>\n<p style=\"text-align: justify;\">Viele Wohntr\u00e4ume werden von der Annahme ausgebremst, dass es kein Platz f\u00fcr das Projekt gibt. Wer die privaten Gefilde jedoch rational betrachtet und die bisherige Aufteilung \u00fcberdenkt, sp\u00fcrt den ben\u00f6tigten Freiraum meistens doch irgendwo auf. Eventuell werden das B\u00fcro oder das G\u00e4stezimmer kaum genutzt und k\u00f6nnen problemlos mit dem Wohnzimmer fusionieren. Vielerorts kann das Schlafzimmer unterteilt werden, damit sich ein begehbarer Kleiderschrank gestalten l\u00e4sst. Schlie\u00dflich sorgen moderne Schranksysteme und Regale daf\u00fcr, dass wenige Quadratmeter f\u00fcr die Umsetzung gen\u00fcgen.<\/p>\n<p><img loading=\"lazy\" decoding=\"async\" class=\"aligncenter wp-image-4050 size-full\" title=\"Schrank &quot;Modular&quot; von M\u00fcller M\u00f6belwerkst\u00e4tten\" src=\"https:\/\/www.raum-blick.de\/magazin\/wp-content\/uploads\/2017\/10\/Schrank-Modular-von-Mueller-Moebelwerkstaetten.jpg\" alt=\"Schrank Modular von Mueller Moebelwerkstaetten\" width=\"600\" height=\"570\" srcset=\"https:\/\/raum-blick.de\/magazin\/wp-content\/uploads\/2017\/10\/Schrank-Modular-von-Mueller-Moebelwerkstaetten.jpg 600w, https:\/\/raum-blick.de\/magazin\/wp-content\/uploads\/2017\/10\/Schrank-Modular-von-Mueller-Moebelwerkstaetten-300x285.jpg 300w\" sizes=\"(max-width: 600px) 100vw, 600px\" \/><\/p>\n<p style=\"text-align: justify;\">Einige geschlossene Einheiten sind f\u00fcr das staubfreie Verstauen hochwertiger Kleider und Anz\u00fcge ohnehin gefragt. Deshalb sind gro\u00dffl\u00e4chige und flexibel erweiterbare Systeme wie der Modular Anbau Schrank von den <a href=\"https:\/\/www.raum-blick.de\/mueller-moebelwerkstaetten\/\">M\u00fcller M\u00f6belwerkst\u00e4tten<\/a> ideal. Wird die Schrankfront freistehend positioniert und die R\u00fcckseite beispielsweise mit einer Tapete verkleidet, hat sich beim Einrichten die Frage nach dem Raumteiler bereits erledigt. Selten werden im Ankleidezimmer nur M\u00f6bel mit T\u00fcren integriert. Denn gerade die griffbereite Organisation des schicken Portfolios und das effektvolle Positionieren der Lieblingsst\u00fccke sind die wesentlichen Vorteile gegen\u00fcber dem \u00fcblichen Kleiderschrank.<\/p>\n<p><a href=\"https:\/\/www.raum-blick.de\/string-pocket-regal\"><img loading=\"lazy\" decoding=\"async\" class=\"aligncenter wp-image-4052 size-full\" title=\"Wandregal &quot;Pocket&quot; von String\" src=\"https:\/\/www.raum-blick.de\/magazin\/wp-content\/uploads\/2017\/10\/Wandregal-Pocket-von-String.jpg\" alt=\"Wandregal Pocket von String\" width=\"600\" height=\"550\" srcset=\"https:\/\/raum-blick.de\/magazin\/wp-content\/uploads\/2017\/10\/Wandregal-Pocket-von-String.jpg 600w, https:\/\/raum-blick.de\/magazin\/wp-content\/uploads\/2017\/10\/Wandregal-Pocket-von-String-300x275.jpg 300w\" sizes=\"(max-width: 600px) 100vw, 600px\" \/><\/a><\/p>\n<p style=\"text-align: justify;\">Also ist ein erg\u00e4nzendes Regalsystem gefragt, bei dem Sie offenen Stauraum passend zu ihren Bed\u00fcrfnissen mit Schubladen, Schrankeinheiten, Schuhablagen und Kleiderhaken kombinieren k\u00f6nnen. Diesen Anspr\u00fcchen wird das <a href=\"https:\/\/www.raum-blick.de\/string\/\">String Regal<\/a> in zahlreichen Variationen gerecht, das seit 1949 mit durchdachter Funktionalit\u00e4t und enormer Vielseitigkeit \u00fcberzeugt.<\/p>\n<h2><span class=\"ez-toc-section\" id=\"Individuelle_Einrichtungsideen_mit_Paradeplaetzen_fuer_die_Highlights_Ihrer_Kollektion\"><\/span>Individuelle Einrichtungsideen mit Paradepl\u00e4tzen f\u00fcr die Highlights Ihrer Kollektion<span class=\"ez-toc-section-end\"><\/span><\/h2>\n<p style=\"text-align: justify;\">Ein detailliertes Konzept ist der Schl\u00fcssel zum Gl\u00fcck, wenn Sie f\u00fcr das Ankleidezimmer M\u00f6bel gestalten und Schr\u00e4nke ausw\u00e4hlen. Schlie\u00dflich h\u00e4ngt es von den pers\u00f6nlichen Pr\u00e4ferenzen ab, ob beispielsweise viele Anz\u00fcge oder Kost\u00fcme f\u00fcrs Business, eindrucksvolle Schuhkollektionen oder unz\u00e4hlige Accessoires untergebracht werden m\u00fcssen. Allerdings wirken sich nicht nur diese praktischen \u00dcberlegungen auf die Zusammenstellung der M\u00f6bel aus. Unter anderem k\u00f6nnen offene Regale bewusst in der Mitte und an den \u00e4u\u00dferen Seiten integriert werden, um vorzeigbare Designerst\u00fccke ins Rampenlicht zu r\u00fccken. So \u00fcbernehmen die modischen Highlights zugleich die Rolle der thematisch passenden Dekoration.<\/p>\n<p><a href=\"https:\/\/www.raum-blick.de\/muuto-the-dots-metal-wandhaken-5er-set\"><img loading=\"lazy\" decoding=\"async\" class=\"aligncenter wp-image-4055 size-full\" title=\"Wandhaken im 5er-Set von Muuto | The Dots Metal\" src=\"https:\/\/www.raum-blick.de\/magazin\/wp-content\/uploads\/2017\/10\/Wandhaken-im-5er-Set-von-Muuto-The-Dots-Metal.jpg\" alt=\"Wandhaken im 5er Set von Muuto The Dots Metal\" width=\"600\" height=\"600\" srcset=\"https:\/\/raum-blick.de\/magazin\/wp-content\/uploads\/2017\/10\/Wandhaken-im-5er-Set-von-Muuto-The-Dots-Metal.jpg 600w, https:\/\/raum-blick.de\/magazin\/wp-content\/uploads\/2017\/10\/Wandhaken-im-5er-Set-von-Muuto-The-Dots-Metal-150x150.jpg 150w, https:\/\/raum-blick.de\/magazin\/wp-content\/uploads\/2017\/10\/Wandhaken-im-5er-Set-von-Muuto-The-Dots-Metal-300x300.jpg 300w\" sizes=\"(max-width: 600px) 100vw, 600px\" \/><\/a><\/p>\n<p style=\"text-align: justify;\">\u00c4hnlich effektvoll k\u00f6nnen Sie eine Wand mit den <a href=\"https:\/\/www.raum-blick.de\/muuto\/\">Dots von Muuto<\/a> gestalten. Die runden Haken sind in verschiedenen Gr\u00f6\u00dfen und zahlreichen Farben erh\u00e4ltlich. Werden einige Exemplare miteinander kombiniert, ergibt sich ein einzigartiges Arrangement f\u00fcr die individuelle Raumausstattung. Au\u00dferdem sind die Wandhaken ausgesprochen praktisch f\u00fcr die Ablage von H\u00fcten, T\u00fcchern, G\u00fcrteln und anderen Accessoires.<\/p>\n<p><a href=\"https:\/\/www.raum-blick.de\/muuto-the-dots-5er-set-wandhaken\"><img loading=\"lazy\" decoding=\"async\" class=\"aligncenter wp-image-4056 size-full\" title=\"Wandhaken in 5er-Set von Muuto | The Dots\" src=\"https:\/\/www.raum-blick.de\/magazin\/wp-content\/uploads\/2017\/10\/Wandhaken-in-5er-Set-von-Muuto-The-Dots.jpg\" alt=\"Wandhaken in 5er Set von Muuto The Dots\" width=\"600\" height=\"600\" srcset=\"https:\/\/raum-blick.de\/magazin\/wp-content\/uploads\/2017\/10\/Wandhaken-in-5er-Set-von-Muuto-The-Dots.jpg 600w, https:\/\/raum-blick.de\/magazin\/wp-content\/uploads\/2017\/10\/Wandhaken-in-5er-Set-von-Muuto-The-Dots-150x150.jpg 150w, https:\/\/raum-blick.de\/magazin\/wp-content\/uploads\/2017\/10\/Wandhaken-in-5er-Set-von-Muuto-The-Dots-300x300.jpg 300w\" sizes=\"(max-width: 600px) 100vw, 600px\" \/><\/a><\/p>\n<p style=\"text-align: justify;\">Vielleicht entdecken Sie im Antiquariat einen nostalgischen Zylinder oder eine glamour\u00f6se Federboa aus den Zwanzigern. Werden derartige Fundst\u00fccke wie zuf\u00e4llig unter die gegenw\u00e4rtige Garderobe gemischt und an den Haken drapiert, ergeben sich interessante dekorative Akzente.<\/p>\n<h2><span class=\"ez-toc-section\" id=\"Spiegelflaechen_fuers_Controlling_und_offene_Garderoben_fuer_die_Zwischenablage\"><\/span>Spiegelfl\u00e4chen f\u00fcrs Controlling und offene Garderoben f\u00fcr die Zwischenablage<span class=\"ez-toc-section-end\"><\/span><\/h2>\n<p style=\"text-align: justify;\">Beim Ankleidezimmer steht der clever arrangierte und umfangreiche Stauraum zweifelsohne im Vordergrund. Trotzdem darf nicht in Vergessenheit geraten, dass es auch um mehr Komfort beim Styling geht. Deshalb sind f\u00fcrs Einrichten einige praktische Wohnaccessoires interessant. Unverzichtbar ist selbstverst\u00e4ndlich ein gro\u00dfz\u00fcgiger Spiegel, in dem der zusammengestellte Look begutachtet werden kann.<\/p>\n<p><a href=\"https:\/\/www.raum-blick.de\/skagerak-georg-spiegel\"><img loading=\"lazy\" decoding=\"async\" class=\"aligncenter wp-image-4064 size-full\" title=\"Spiegel &quot;Georg&quot; von Skagerak\" src=\"https:\/\/www.raum-blick.de\/magazin\/wp-content\/uploads\/2017\/10\/Spiegel-Georg-von-Skagerak.jpg\" alt=\"Spiegel Georg von Skagerak\" width=\"600\" height=\"672\" srcset=\"https:\/\/raum-blick.de\/magazin\/wp-content\/uploads\/2017\/10\/Spiegel-Georg-von-Skagerak.jpg 600w, https:\/\/raum-blick.de\/magazin\/wp-content\/uploads\/2017\/10\/Spiegel-Georg-von-Skagerak-268x300.jpg 268w\" sizes=\"(max-width: 600px) 100vw, 600px\" \/><\/a><\/p>\n<p style=\"text-align: justify;\">Das Modell aus der Kollektion <a href=\"https:\/\/www.raum-blick.de\/skagerak-georg-spiegel\">Georg von Skagerak<\/a> \u00fcberzeugt nicht nur mit seiner \u00e4sthetischen Leichtigkeit. Es wird schlichtweg an die Wand gelehnt, sodass die Position spontan ver\u00e4ndert werden kann.<\/p>\n<p><img loading=\"lazy\" decoding=\"async\" class=\"aligncenter wp-image-4061 size-full\" title=\"Garderobe mit Spiegel &quot;Push&quot; von Skagerak\" src=\"https:\/\/www.raum-blick.de\/magazin\/wp-content\/uploads\/2017\/10\/Garderobe-mit-Spiegel-Push-von-Skagerak.jpg\" alt=\"Garderobe mit Spiegel Push von Skagerak\" width=\"600\" height=\"657\" srcset=\"https:\/\/raum-blick.de\/magazin\/wp-content\/uploads\/2017\/10\/Garderobe-mit-Spiegel-Push-von-Skagerak.jpg 600w, https:\/\/raum-blick.de\/magazin\/wp-content\/uploads\/2017\/10\/Garderobe-mit-Spiegel-Push-von-Skagerak-274x300.jpg 274w\" sizes=\"(max-width: 600px) 100vw, 600px\" \/><\/p>\n<p style=\"text-align: justify;\">Ein praktisches Extra bringt hingegen der Standspiegel Skagerak Push mit: Da er sich gleichzeitig als Garderobe eignet, k\u00f6nnen Sie zum Beispiel abends das Outfit f\u00fcr den n\u00e4chsten Arbeitstag vorbereiten und einh\u00e4ngen, damit sie am fr\u00fchen Morgen nur noch zugreifen m\u00fcssen. Eine \u00e4hnliche Funktion \u00fcbernehmen Beistellm\u00f6bel wie die Garderobe Toj von Normann Copenhagen im Ankleidezimmer. Auf der Stange kann das pr\u00e4ferierte Portfolio f\u00fcr die Woche oder eine engere Auswahl an Kleidungsst\u00fccken f\u00fcr ein Date drapiert werden, die Sie miteinander vergleichen m\u00f6chten.<\/p>\n<p><img loading=\"lazy\" decoding=\"async\" class=\"aligncenter wp-image-4059 size-full\" title=\"Garderobe &quot;Toj&quot; von Normann Copenhagen\" src=\"https:\/\/www.raum-blick.de\/magazin\/wp-content\/uploads\/2017\/10\/Garderobe-Toj-von-Normann-Copenhagen.jpg\" alt=\"Garderobe Toj von Normann Copenhagen\" width=\"600\" height=\"600\" srcset=\"https:\/\/raum-blick.de\/magazin\/wp-content\/uploads\/2017\/10\/Garderobe-Toj-von-Normann-Copenhagen.jpg 600w, https:\/\/raum-blick.de\/magazin\/wp-content\/uploads\/2017\/10\/Garderobe-Toj-von-Normann-Copenhagen-150x150.jpg 150w, https:\/\/raum-blick.de\/magazin\/wp-content\/uploads\/2017\/10\/Garderobe-Toj-von-Normann-Copenhagen-300x300.jpg 300w\" sizes=\"(max-width: 600px) 100vw, 600px\" \/><\/p>\n<h2><span class=\"ez-toc-section\" id=\"Weit_mehr_als_ein_begehbarer_Kleiderschrank\"><\/span>Weit mehr als ein begehbarer Kleiderschrank<span class=\"ez-toc-section-end\"><\/span><\/h2>\n<p style=\"text-align: justify;\">Selbst wenn Sie sich nur eine kleine Nische f\u00fcrs Ankleiden gestalten, m\u00f6chten Sie auf eine Sitzgelegenheit nicht verzichten. Hierf\u00fcr empfiehlt sich eine praktische Sitzbank, beispielsweise Skagerak Cutter, die auch als Ablage verwendet werden kann. Allerdings muss es bei diesem Angebot f\u00fcr die spontane Pause nicht bleiben. Diesbez\u00fcglich lohnt sich ein Blick in die Vergangenheit, wenn Sie das Ankleidezimmer einrichten. Keineswegs ist die Idee v\u00f6llig neu, der Kleiderfrage etwas mehr Lebensraum zuzusprechen. Vor allem in den mond\u00e4nen Haushalten freuten sich die Damen \u00fcber das sogenannte Boudoir, in dem sich nicht nur die modischen Sch\u00e4tze verbargen oder an dem atemberaubenden Auftritt f\u00fcr den n\u00e4chsten Ball gefeilt wurde. Etwas humorvoll spielt der franz\u00f6sische Begriff darauf an, dass es sich dabei auch um einen ansprechend eingerichteten R\u00fcckzugsort f\u00fcrs Schmollen handelte.<\/p>\n<p><img loading=\"lazy\" decoding=\"async\" class=\"aligncenter wp-image-4066 size-full\" title=\"Bank &quot;Cutter&quot; von Skagerak\" src=\"https:\/\/www.raum-blick.de\/magazin\/wp-content\/uploads\/2017\/10\/Bank-Cutter-von-Skagerak.jpg\" alt=\"Bank Cutter von Skagerak\" width=\"600\" height=\"600\" srcset=\"https:\/\/raum-blick.de\/magazin\/wp-content\/uploads\/2017\/10\/Bank-Cutter-von-Skagerak.jpg 600w, https:\/\/raum-blick.de\/magazin\/wp-content\/uploads\/2017\/10\/Bank-Cutter-von-Skagerak-150x150.jpg 150w, https:\/\/raum-blick.de\/magazin\/wp-content\/uploads\/2017\/10\/Bank-Cutter-von-Skagerak-300x300.jpg 300w\" sizes=\"(max-width: 600px) 100vw, 600px\" \/><\/p>\n<p style=\"text-align: justify;\">Greifen Sie diesen Gedanken auf und richten sich eine bequeme Sitzecke ein, um gelegentlich dem Alltag zu entfliehen oder schlechter Stimmung aus dem Weg zu gehen. Dazu passen multifunktionale M\u00f6bel wie der leuchtende Beistelltisch von moree, der mit seinem Farbwechselprogramm f\u00fcr gute Laune sorgt. Gleicherma\u00dfen gut harmoniert der Sessel Forest von Weish\u00e4upl mit dem schicken Flair in Ihrem zeitgem\u00e4\u00dfen Boudoir. Ziehen zwei Exemplare von dem ausgefallenen Stuhl ein, eignet sich der Moderaum auch f\u00fcr die intime Plauderei mit der Freundin. Au\u00dferdem sollten Sie sogleich an das stylische Finish denken, wenn Sie das Ankleidezimmer gestalten. Ein schmaler Schreibtisch, ein Spiegel und einige Aufbewahrungsboxen reichen bereits aus, damit Sie sich \u00fcber einen angenehmen Ort f\u00fcrs Make-up freuen.<\/p>\n","protected":false},"excerpt":{"rendered":"<p>\u00ab Wohnideen f\u00fcr den Moderaum \u00bb Wird im Hotelzimmer ein begehbarer Kleiderschrank entdeckt, ist die Freude gro\u00df und die Vorteile offenbaren sich geschwind. In den privaten Gefilden bleibt diese gro\u00dfz\u00fcgige Ausstattung meist ein unerf\u00fcllter Traum. Wenn Sie sich f\u00fcr Mode interessieren oder das Leben gerne angenehm gestalten, sollten Sie sich diesen Komfort allerdings g\u00f6nnen und [&hellip;]<\/p>\n","protected":false},"author":4,"featured_media":4068,"comment_status":"closed","ping_status":"open","sticky":false,"template":"","format":"standard","meta":{"_et_pb_use_builder":"","_et_pb_old_content":"","_et_gb_content_width":"","inline_featured_image":false,"footnotes":""},"categories":[1],"tags":[450,157,449,331,149,385,80,239,21,300,154,382,151,24,408,25],"class_list":["post-4045","post","type-post","status-publish","format-standard","has-post-thumbnail","hentry","category-drinnen","tag-ankleidezimmer","tag-baenke","tag-einrichtungsideen","tag-garderobe","tag-garderoben","tag-garderobenleisten","tag-mueller-moebelwerkstaetten","tag-muuto","tag-normann-copenhagen","tag-schraenke","tag-skagerak-cutter","tag-skagerak-georg","tag-spiegel","tag-string-pocket","tag-wandhaken","tag-wandregale"],"_links":{"self":[{"href":"https:\/\/raum-blick.de\/magazin\/wp-json\/wp\/v2\/posts\/4045","targetHints":{"allow":["GET"]}}],"collection":[{"href":"https:\/\/raum-blick.de\/magazin\/wp-json\/wp\/v2\/posts"}],"about":[{"href":"https:\/\/raum-blick.de\/magazin\/wp-json\/wp\/v2\/types\/post"}],"author":[{"embeddable":true,"href":"https:\/\/raum-blick.de\/magazin\/wp-json\/wp\/v2\/users\/4"}],"replies":[{"embeddable":true,"href":"https:\/\/raum-blick.de\/magazin\/wp-json\/wp\/v2\/comments?post=4045"}],"version-history":[{"count":20,"href":"https:\/\/raum-blick.de\/magazin\/wp-json\/wp\/v2\/posts\/4045\/revisions"}],"predecessor-version":[{"id":20836,"href":"https:\/\/raum-blick.de\/magazin\/wp-json\/wp\/v2\/posts\/4045\/revisions\/20836"}],"wp:featuredmedia":[{"embeddable":true,"href":"https:\/\/raum-blick.de\/magazin\/wp-json\/wp\/v2\/media\/4068"}],"wp:attachment":[{"href":"https:\/\/raum-blick.de\/magazin\/wp-json\/wp\/v2\/media?parent=4045"}],"wp:term":[{"taxonomy":"category","embeddable":true,"href":"https:\/\/raum-blick.de\/magazin\/wp-json\/wp\/v2\/categories?post=4045"},{"taxonomy":"post_tag","embeddable":true,"href":"https:\/\/raum-blick.de\/magazin\/wp-json\/wp\/v2\/tags?post=4045"}],"curies":[{"name":"wp","href":"https:\/\/api.w.org\/{rel}","templated":true}]}}