{"id":4011,"date":"2017-10-04T16:37:13","date_gmt":"2017-10-04T14:37:13","guid":{"rendered":"https:\/\/www.raum-blick.de\/magazin\/?p=4011"},"modified":"2021-06-11T09:45:21","modified_gmt":"2021-06-11T07:45:21","slug":"deko-glasvasen","status":"publish","type":"post","link":"https:\/\/raum-blick.de\/magazin\/deko-glasvasen\/","title":{"rendered":"Deko-Glasvasen"},"content":{"rendered":"<h2><span class=\"ez-toc-section\" id=\"%C2%ABKunstfertige_Kreationen_in_wundervollen_Designs%C2%BB\"><\/span>\u00abKunstfertige Kreationen in wundervollen Designs\u00bb<span class=\"ez-toc-section-end\"><\/span><\/h2>\n<p style=\"text-align: justify;\"><strong>Deko-Glasvasen \u00fcberzeugen stets mit ihrer Eleganz und werten das Interieur als Solisten ebenso auf wie im Duett mit einem bl\u00fchenden Gru\u00df aus dem Garten. Besonders lange h\u00e4lt die Freude an der formsch\u00f6nen \u00c4sthetik an, wenn sich das Talent renommierter Designer mit der hohen Kunst der Glasbl\u00e4serei vereint. Sowohl traditionelle Hersteller als auch Trendmarken aus Skandinavien pr\u00e4sentieren zeitlos faszinierende Vasen-Klassiker, die sich f\u00fcr die Tischdeko beim Dinner oder die stilvolle Signatur bei der Raumgestaltung empfehlen.<\/strong><\/p>\n<h2><span class=\"ez-toc-section\" id=\"Ungewoehnliche_Liaison_aus_Glas_und_Holz_von_Muuto\"><\/span>Ungew\u00f6hnliche Liaison aus Glas und Holz von Muuto<span class=\"ez-toc-section-end\"><\/span><\/h2>\n<p style=\"text-align: justify;\">Eine Glasvase sollte nicht nur als Komposition mit Blumenstr\u00e4u\u00dfen, sondern f\u00fcr sich selbst ein spannender Blickfang sein und so die Dekoration in Ihrer Wohnung bereichern. Mit den Deko-Glasvasen Muuto Elevated gelingt Thomas Bentzen dieses Anliegen wunderbar.<\/p><div id=\"ez-toc-container\" class=\"ez-toc-v2_0_82_2 counter-hierarchy ez-toc-counter ez-toc-grey ez-toc-container-direction\">\n<div class=\"ez-toc-title-container\">\n<p class=\"ez-toc-title\" style=\"cursor:inherit\">Was hier auf Sie wartet<\/p>\n<span class=\"ez-toc-title-toggle\"><a href=\"#\" class=\"ez-toc-pull-right ez-toc-btn ez-toc-btn-xs ez-toc-btn-default ez-toc-toggle\" aria-label=\"Toggle Table of Content\"><span class=\"ez-toc-js-icon-con\"><span class=\"\"><span class=\"eztoc-hide\" style=\"display:none;\">Toggle<\/span><span class=\"ez-toc-icon-toggle-span\"><svg style=\"fill: #999;color:#999\" xmlns=\"http:\/\/www.w3.org\/2000\/svg\" class=\"list-377408\" width=\"20px\" height=\"20px\" viewBox=\"0 0 24 24\" fill=\"none\"><path d=\"M6 6H4v2h2V6zm14 0H8v2h12V6zM4 11h2v2H4v-2zm16 0H8v2h12v-2zM4 16h2v2H4v-2zm16 0H8v2h12v-2z\" fill=\"currentColor\"><\/path><\/svg><svg style=\"fill: #999;color:#999\" class=\"arrow-unsorted-368013\" xmlns=\"http:\/\/www.w3.org\/2000\/svg\" width=\"10px\" height=\"10px\" viewBox=\"0 0 24 24\" version=\"1.2\" baseProfile=\"tiny\"><path d=\"M18.2 9.3l-6.2-6.3-6.2 6.3c-.2.2-.3.4-.3.7s.1.5.3.7c.2.2.4.3.7.3h11c.3 0 .5-.1.7-.3.2-.2.3-.5.3-.7s-.1-.5-.3-.7zM5.8 14.7l6.2 6.3 6.2-6.3c.2-.2.3-.5.3-.7s-.1-.5-.3-.7c-.2-.2-.4-.3-.7-.3h-11c-.3 0-.5.1-.7.3-.2.2-.3.5-.3.7s.1.5.3.7z\"\/><\/svg><\/span><\/span><\/span><\/a><\/span><\/div>\n<nav><ul class='ez-toc-list ez-toc-list-level-1 ' ><li class='ez-toc-page-1 ez-toc-heading-level-2'><a class=\"ez-toc-link ez-toc-heading-1\" href=\"https:\/\/raum-blick.de\/magazin\/deko-glasvasen\/#%C2%ABKunstfertige_Kreationen_in_wundervollen_Designs%C2%BB\" >\u00abKunstfertige Kreationen in wundervollen Designs\u00bb<\/a><\/li><li class='ez-toc-page-1 ez-toc-heading-level-2'><a class=\"ez-toc-link ez-toc-heading-2\" href=\"https:\/\/raum-blick.de\/magazin\/deko-glasvasen\/#Ungewoehnliche_Liaison_aus_Glas_und_Holz_von_Muuto\" >Ungew\u00f6hnliche Liaison aus Glas und Holz von Muuto<\/a><\/li><li class='ez-toc-page-1 ez-toc-heading-level-2'><a class=\"ez-toc-link ez-toc-heading-3\" href=\"https:\/\/raum-blick.de\/magazin\/deko-glasvasen\/#Glaskollektion_mit_grafischem_Dekor_von_Kaehler\" >Glaskollektion mit grafischem Dekor von K\u00e4hler<\/a><\/li><li class='ez-toc-page-1 ez-toc-heading-level-2'><a class=\"ez-toc-link ez-toc-heading-4\" href=\"https:\/\/raum-blick.de\/magazin\/deko-glasvasen\/#Harmonische_Designideen_fuer_die_elegante_Dekoration_von_Georg_Jensen\" >Harmonische Designideen f\u00fcr die elegante Dekoration von Georg Jensen<\/a><\/li><li class='ez-toc-page-1 ez-toc-heading-level-2'><a class=\"ez-toc-link ez-toc-heading-5\" href=\"https:\/\/raum-blick.de\/magazin\/deko-glasvasen\/#Deko-Glasvasen_mit_meisterhafter_Extravaganz_aus_Finnland\" >Deko-Glasvasen mit meisterhafter Extravaganz aus Finnland<\/a><ul class='ez-toc-list-level-3' ><li class='ez-toc-heading-level-3'><a class=\"ez-toc-link ez-toc-heading-6\" href=\"https:\/\/raum-blick.de\/magazin\/deko-glasvasen\/#Eine_wahre_Design-Legende_die_Alvar_Aalto_Vase\" >Eine wahre Design-Legende: die Alvar Aalto Vase<\/a><\/li><\/ul><\/li><li class='ez-toc-page-1 ez-toc-heading-level-2'><a class=\"ez-toc-link ez-toc-heading-7\" href=\"https:\/\/raum-blick.de\/magazin\/deko-glasvasen\/#Skandinavisches_Design_%E2%80%93_geradezu_praedestiniert_fuer_wundervolle_Glasvasen\" >Skandinavisches Design \u2013 geradezu pr\u00e4destiniert f\u00fcr wundervolle Glasvasen<\/a><\/li><\/ul><\/nav><\/div>\n\n<p><img loading=\"lazy\" decoding=\"async\" class=\"aligncenter wp-image-4016 size-full\" title=\"Vase &quot;Elevated&quot; von Muuto\" src=\"https:\/\/www.raum-blick.de\/magazin\/wp-content\/uploads\/2017\/10\/Vase-Elevated-von-Muuto.jpg\" alt=\"Vase Elevated von Muuto\" width=\"600\" height=\"600\" srcset=\"https:\/\/raum-blick.de\/magazin\/wp-content\/uploads\/2017\/10\/Vase-Elevated-von-Muuto.jpg 600w, https:\/\/raum-blick.de\/magazin\/wp-content\/uploads\/2017\/10\/Vase-Elevated-von-Muuto-150x150.jpg 150w, https:\/\/raum-blick.de\/magazin\/wp-content\/uploads\/2017\/10\/Vase-Elevated-von-Muuto-300x300.jpg 300w\" sizes=\"(max-width: 600px) 100vw, 600px\" \/><\/p>\n<p style=\"text-align: justify;\">Dank der dezent kantigen Statur ergibt sich eine moderne Aura, w\u00e4hrend materielle Kontraste das Design unkonventionell abrunden. Die handgearbeitete Basis aus Eschenholz repr\u00e4sentiert die irdische Verwurzelung der drapierten Blumen in ihrem nat\u00fcrlichen Umfeld und steht zugleich f\u00fcr das Schwere. Davon hebt sich die optische Leichtigkeit des get\u00f6nten Glases ab, mit der der Designer die luftigen H\u00f6hen aufgreift, denen die Pflanzen beim Wachstum entgegenstreben. So avanciert der Dekorationsartikel von Muuto zu einer kreativen Studie, die sich mit dem Charakter verschiedener Werkstoffe ebenso befasst wie mit den Eindr\u00fccken in der Natur.<\/p>\n<p><img loading=\"lazy\" decoding=\"async\" class=\"aligncenter wp-image-4018 size-full\" title=\"Muuto Elevated Vase\" src=\"https:\/\/www.raum-blick.de\/magazin\/wp-content\/uploads\/2017\/10\/Muuto-Elevated-Vase.jpg\" alt=\"Muuto Elevated Vase\" width=\"600\" height=\"300\" srcset=\"https:\/\/raum-blick.de\/magazin\/wp-content\/uploads\/2017\/10\/Muuto-Elevated-Vase.jpg 600w, https:\/\/raum-blick.de\/magazin\/wp-content\/uploads\/2017\/10\/Muuto-Elevated-Vase-300x150.jpg 300w\" sizes=\"(max-width: 600px) 100vw, 600px\" \/><\/p>\n<h2><span class=\"ez-toc-section\" id=\"Glaskollektion_mit_grafischem_Dekor_von_Kaehler\"><\/span>Glaskollektion mit grafischem Dekor von K\u00e4hler<span class=\"ez-toc-section-end\"><\/span><\/h2>\n<p style=\"text-align: justify;\">Die eindrucksvolle Geschichte der skandinavischen Marke K\u00e4hler begann mit einer Vase, deren Design \u00fcber die d\u00e4nischen Landesgrenzen hinaus beeindruckte. Nach dem fulminanten Deb\u00fct vor rund 175 Jahren entwickelte sich die kleine T\u00f6pferei zu einem konstruktiven Treffpunkt f\u00fcr aufstrebende K\u00fcnstler. An dieser Vita h\u00e4lt das Unternehmen bis heute fest und dort kn\u00fcpft auch das Designer-Duo Stilleben an, das f\u00fcr die Traditionsmarke die K\u00e4hler Omaggio Glasvase entwarf.<\/p>\n<p><img loading=\"lazy\" decoding=\"async\" class=\"aligncenter wp-image-4023 size-full\" title=\"Gro\u00dfe Glasvase &quot;Omaggio&quot; von K\u00e4hler | Farbe: Blau\" src=\"https:\/\/www.raum-blick.de\/magazin\/wp-content\/uploads\/2017\/10\/Glasvase-Omaggio-von-Kaehler-gross-blau.jpg\" alt=\"Glasvase Omaggio von Kaehler gross blau\" width=\"600\" height=\"600\" srcset=\"https:\/\/raum-blick.de\/magazin\/wp-content\/uploads\/2017\/10\/Glasvase-Omaggio-von-Kaehler-gross-blau.jpg 600w, https:\/\/raum-blick.de\/magazin\/wp-content\/uploads\/2017\/10\/Glasvase-Omaggio-von-Kaehler-gross-blau-150x150.jpg 150w, https:\/\/raum-blick.de\/magazin\/wp-content\/uploads\/2017\/10\/Glasvase-Omaggio-von-Kaehler-gross-blau-300x300.jpg 300w\" sizes=\"(max-width: 600px) 100vw, 600px\" \/><\/p>\n<p style=\"text-align: justify;\">Ditte Reckweg und Jelena Nordentoft sind bedeutende Vertreterinnen des d\u00e4nischen Designs der Gegenwart und begegnen dem Erbe K\u00e4hlers sowie dem Handwerk mit gro\u00dfem Respekt. Mit der \u00e4sthetischen Klarheit bleiben die beiden K\u00fcnstlerinnen ihrem markanten Stil treu. Gleichzeitig ergibt sich ein diskreter Kontrast zwischen der pr\u00e4zisen Geometrie des feinen Streifendekors und der einzigartigen organischen Form der Schnittblumen. Dass diese vom Bl\u00fctenblatt bis zur unteren Spitze des Stiels in Szene gesetzt werden, ist die generell begr\u00fc\u00dfenswerte Eigenschaft von \u00e4sthetisch herausragenden Deko-Glasvasen.<\/p>\n<p><img loading=\"lazy\" decoding=\"async\" class=\"aligncenter wp-image-4025 size-full\" title=\"Gro\u00dfe Glasvase &quot;Omaggio&quot; von K\u00e4hler | Farbe: Pflaume\" src=\"https:\/\/www.raum-blick.de\/magazin\/wp-content\/uploads\/2017\/10\/Glasvase-Omaggio-von-Kaehler-gross-pflaume.jpg\" alt=\"Glasvase Omaggio von Kaehler gross pflaume\" width=\"600\" height=\"600\" srcset=\"https:\/\/raum-blick.de\/magazin\/wp-content\/uploads\/2017\/10\/Glasvase-Omaggio-von-Kaehler-gross-pflaume.jpg 600w, https:\/\/raum-blick.de\/magazin\/wp-content\/uploads\/2017\/10\/Glasvase-Omaggio-von-Kaehler-gross-pflaume-150x150.jpg 150w, https:\/\/raum-blick.de\/magazin\/wp-content\/uploads\/2017\/10\/Glasvase-Omaggio-von-Kaehler-gross-pflaume-300x300.jpg 300w\" sizes=\"(max-width: 600px) 100vw, 600px\" \/><\/p>\n<p style=\"text-align: justify;\">Wenn es um die Dekoration auf der Kommode geht, macht sich ein Ensemble mit Vasen in verschiedenen Gr\u00f6\u00dfen und den passenden Teelichthaltern aus der Kollektion K\u00e4hler Omaggio sehr schick.<\/p>\n<h2><span class=\"ez-toc-section\" id=\"Harmonische_Designideen_fuer_die_elegante_Dekoration_von_Georg_Jensen\"><\/span>Harmonische Designideen f\u00fcr die elegante Dekoration von Georg Jensen<span class=\"ez-toc-section-end\"><\/span><\/h2>\n<p style=\"text-align: justify;\">Gerade bei der zeitgem\u00e4\u00dfen Tischdeko kommt es bei der Dekoration auf ein stimmiges Ensemble an, das Glanzpunkte setzt. Diesen Kriterien wird die Glasvase Cafu bestens gerecht. Das elegante Zusammenspiel aus weichen Konturen und sattem Blau ist der Kreativit\u00e4t von Sebastian Holmb\u00e4ck und Ulrik Nordentoft zu verdanken. Die d\u00e4nische Marke <a href=\"https:\/\/www.raum-blick.de\/georg-jensen\/\">Georg Jensen<\/a> steht seit 1904 f\u00fcr hochwertige Designideen mit einer erlesenen \u00c4sthetik, die auch das K\u00f6nigshaus bevorzugt. Deshalb ist es nicht verwunderlich, welch edler Touch sich auf der gedeckten Tafel ergibt, wenn die passenden Kerzenhalter der Serie aus hochglanzpoliertem Edelstahl das mundgeblasene Glasgef\u00e4\u00df erg\u00e4nzen.<\/p>\n<p><center><img loading=\"lazy\" decoding=\"async\" class=\"alignnone wp-image-4028 size-full\" title=\"Kerzenhalter &quot;Cafu&quot; von Georg Jensen\" src=\"https:\/\/www.raum-blick.de\/magazin\/wp-content\/uploads\/2017\/10\/Kerzenhalter-Cafu-von-Georg-Jensen.jpg\" alt=\"Kerzenhalter Cafu von Georg Jensen\" width=\"300\" height=\"300\" srcset=\"https:\/\/raum-blick.de\/magazin\/wp-content\/uploads\/2017\/10\/Kerzenhalter-Cafu-von-Georg-Jensen.jpg 300w, https:\/\/raum-blick.de\/magazin\/wp-content\/uploads\/2017\/10\/Kerzenhalter-Cafu-von-Georg-Jensen-150x150.jpg 150w\" sizes=\"(max-width: 300px) 100vw, 300px\" \/> <img loading=\"lazy\" decoding=\"async\" class=\"alignnone wp-image-4029 size-full\" title=\"Vase &quot;Cafu&quot; von Georg Jensen\" src=\"https:\/\/www.raum-blick.de\/magazin\/wp-content\/uploads\/2017\/10\/Vase-Cafu-von-Georg-Jensen.jpg\" alt=\"Vase Cafu von Georg Jensen\" width=\"300\" height=\"300\" srcset=\"https:\/\/raum-blick.de\/magazin\/wp-content\/uploads\/2017\/10\/Vase-Cafu-von-Georg-Jensen.jpg 300w, https:\/\/raum-blick.de\/magazin\/wp-content\/uploads\/2017\/10\/Vase-Cafu-von-Georg-Jensen-150x150.jpg 150w\" sizes=\"(max-width: 300px) 100vw, 300px\" \/><\/center><\/p>\n<p style=\"text-align: justify;\">Alfredo H\u00e4berli wird weltweit daf\u00fcr gesch\u00e4tzt, mit einer verbl\u00fcffenden Einfachheit h\u00f6chst eindrucksvolle Designobjekte hervorzubringen. Im Jahr 2015 stellte er die Alfredo Vase vor, die lediglich durch die markante Form und ihren hellen Gr\u00fcnton zu einem Highlight f\u00fcr die distinktive Deko wird.<\/p>\n<p><center><a href=\"https:\/\/www.raum-blick.de\/georg-jensen-alfredo-vase\"><img loading=\"lazy\" decoding=\"async\" class=\"alignnone wp-image-4031 size-full\" title=\"Vase &quot;Alfredo&quot; von Georg Jensen\" src=\"https:\/\/www.raum-blick.de\/magazin\/wp-content\/uploads\/2017\/10\/Vase-Alfredo-von-Georg-Jensen.jpg\" alt=\"Vase Alfredo von Georg Jensen\" width=\"300\" height=\"300\" srcset=\"https:\/\/raum-blick.de\/magazin\/wp-content\/uploads\/2017\/10\/Vase-Alfredo-von-Georg-Jensen.jpg 300w, https:\/\/raum-blick.de\/magazin\/wp-content\/uploads\/2017\/10\/Vase-Alfredo-von-Georg-Jensen-150x150.jpg 150w\" sizes=\"(max-width: 300px) 100vw, 300px\" \/><\/a> <img loading=\"lazy\" decoding=\"async\" class=\"alignnone wp-image-4032 size-full\" title=\"Vase &quot;Facet&quot; von Georg Jensen\" src=\"https:\/\/www.raum-blick.de\/magazin\/wp-content\/uploads\/2017\/10\/Vase-Facet-von-Georg-Jensen.jpg\" alt=\"Vase Facet von Georg Jensen\" width=\"300\" height=\"300\" srcset=\"https:\/\/raum-blick.de\/magazin\/wp-content\/uploads\/2017\/10\/Vase-Facet-von-Georg-Jensen.jpg 300w, https:\/\/raum-blick.de\/magazin\/wp-content\/uploads\/2017\/10\/Vase-Facet-von-Georg-Jensen-150x150.jpg 150w\" sizes=\"(max-width: 300px) 100vw, 300px\" \/><\/center><\/p>\n<p style=\"text-align: justify;\">Mit der flie\u00dfenden Form kn\u00fcpft H\u00e4berli bewusst an den stilistischen Pr\u00e4ferenzen an, f\u00fcr die der einstige Markengr\u00fcnder Georg Jensen bekannt war. Gleichzeitig pr\u00e4gen innovative Aspekte das Accessoire, da die faszinierende Farbe in Kooperation mit dem schwedischen Glasforschungsinstitut Glafo entwickelt wurde.<\/p>\n<h2><span class=\"ez-toc-section\" id=\"Deko-Glasvasen_mit_meisterhafter_Extravaganz_aus_Finnland\"><\/span>Deko-Glasvasen mit meisterhafter Extravaganz aus Finnland<span class=\"ez-toc-section-end\"><\/span><\/h2>\n<p style=\"text-align: justify;\">Kaum eine Marke wird derart eng mit der finnischen Designschule in Verbindung gebracht wie Iittala. Im Repertoire des Unternehmens finden sich einige der bekanntesten Designideen aus Glas, die in die Sammlungen vieler Museen aufgenommen wurden. Zu den preisgekr\u00f6nten Kollektionen der j\u00fcngeren Markengeschichte geh\u00f6ren die Deko-Glasvasen Iittala Ruutu. Dass der Name der Serie \u00fcbersetzt einen Diamanten bezeichnet, scheint absolut treffend. Denn die Vasen entpuppen sich als Juwelen f\u00fcr eine ebenso hochwertige wie individuelle Dekoration.<\/p>\n<p><img loading=\"lazy\" decoding=\"async\" class=\"aligncenter wp-image-4035 size-full\" title=\"Vase &quot;Ruutu&quot; von iittala\" src=\"https:\/\/www.raum-blick.de\/magazin\/wp-content\/uploads\/2017\/10\/Vase-Ruutu-von-iittala.jpg\" alt=\"Vase Ruutu von iittala\" width=\"600\" height=\"600\" srcset=\"https:\/\/raum-blick.de\/magazin\/wp-content\/uploads\/2017\/10\/Vase-Ruutu-von-iittala.jpg 600w, https:\/\/raum-blick.de\/magazin\/wp-content\/uploads\/2017\/10\/Vase-Ruutu-von-iittala-150x150.jpg 150w, https:\/\/raum-blick.de\/magazin\/wp-content\/uploads\/2017\/10\/Vase-Ruutu-von-iittala-300x300.jpg 300w\" sizes=\"(max-width: 600px) 100vw, 600px\" \/><\/p>\n<p style=\"text-align: justify;\">Die rautenf\u00f6rmigen Deko-Accessoires sind in mehreren kr\u00e4ftigen Farben und verschiedenen Gr\u00f6\u00dfen erh\u00e4ltlich. So k\u00f6nnen Sie ein interessantes Ensemble zusammenstellen, das sich bei der Tischdeko ebenso bew\u00e4hrt wie bei der lebendigen Akzentuierung des Interieurs. Obwohl das Design auf den ersten Blick recht minimalistisch anmutet, ist jede mundgeblasene Glasvase der Linie ein Meisterst\u00fcck des Handwerks. Damit sich die pr\u00e4zisen rechteckigen Formen ergeben, die von den Br\u00fcdern Ronan und Erwan Bouroullec skizziert wurden, m\u00fcssen sieben Glasbl\u00e4ser ihr vortreffliches K\u00f6nnen in die Waagschale werfen.<\/p>\n<h3><span class=\"ez-toc-section\" id=\"Eine_wahre_Design-Legende_die_Alvar_Aalto_Vase\"><\/span>Eine wahre Design-Legende: die Alvar Aalto Vase<span class=\"ez-toc-section-end\"><\/span><\/h3>\n<p style=\"text-align: justify;\">\u00c4hnlich aufwendig f\u00e4llt die Herstellung der legend\u00e4ren <a href=\"https:\/\/www.raum-blick.de\/aalto-vase\/\">Alvar Aalto Vase<\/a> von Iittala aus. Der Sch\u00f6pfer dieser Designikone gilt als Wegbereiter der modernen skandinavischen Design\u00e4ra. Zu den Meisterleistungen seines k\u00fcnstlerischen Lebenswerks z\u00e4hlen zweifelsohne die Deko-Vasen mit der aparten Asymmetrie. Dabei dachte Alvar Aalto einerseits an die organischen Konturen der finnischen Landschaft, die von vielen Seen gepr\u00e4gt ist. Andererseits steckt in dem Entwurf ein Bezug auf seinen Nachnamen, der eine Welle bezeichnet. Augenf\u00e4llig ist nicht nur die ungew\u00f6hnliche Linienf\u00fchrung der Deko-Vasen, die bei der Herstellung viele Stunden beanspruchen.<\/p>\n<p><img loading=\"lazy\" decoding=\"async\" class=\"aligncenter wp-image-4038 size-full\" title=\"Vase &quot;Savoy&quot; von Alvar Aalto\" src=\"https:\/\/www.raum-blick.de\/magazin\/wp-content\/uploads\/2017\/10\/Vase-Savoy-von-Alvar-Aalto.jpg\" alt=\"Vase Savoy von Alvar Aalto\" width=\"600\" height=\"600\" srcset=\"https:\/\/raum-blick.de\/magazin\/wp-content\/uploads\/2017\/10\/Vase-Savoy-von-Alvar-Aalto.jpg 600w, https:\/\/raum-blick.de\/magazin\/wp-content\/uploads\/2017\/10\/Vase-Savoy-von-Alvar-Aalto-150x150.jpg 150w, https:\/\/raum-blick.de\/magazin\/wp-content\/uploads\/2017\/10\/Vase-Savoy-von-Alvar-Aalto-300x300.jpg 300w\" sizes=\"(max-width: 600px) 100vw, 600px\" \/><\/p>\n<p style=\"text-align: justify;\">Aufgrund der speziellen Fertigungsweise nimmt das Glas trotz der Transparenz farbige Nuancen an, wenn Licht darauf trifft. Origin\u00e4r wurde die Alvar Aalto-Vase im Jahr 1936 f\u00fcr die au\u00dfergew\u00f6hnliche Dekoration des Restaurants Savoy entwickelt.<\/p>\n<blockquote>\n<p style=\"text-align: justify;\">Deshalb ist die Glasvase weit mehr als ein bedeutendes Exponat der internationalen Designgeschichte.<\/p>\n<\/blockquote>\n<p style=\"text-align: justify;\">Durch die extravagante Form ergeben sich unterschiedlich gro\u00dfe Aussparungen, die das Drapieren der Blumen erleichtern. So gelingen Ihnen ohne floristische Kenntnisse und mit wenigen Handgriffen ausgefallene Arrangements bei der Tischdeko.<\/p>\n<p><img loading=\"lazy\" decoding=\"async\" class=\"aligncenter wp-image-4040 size-full\" title=\"Vasen-Set &quot;Savoy&quot; von Alvar Aalto\" src=\"https:\/\/www.raum-blick.de\/magazin\/wp-content\/uploads\/2017\/10\/Vasen-Set-Savoy-von-Alvar-Aalto.jpg\" alt=\"Vasen-Set Savoy von Alvar Aalto\" width=\"600\" height=\"600\" srcset=\"https:\/\/raum-blick.de\/magazin\/wp-content\/uploads\/2017\/10\/Vasen-Set-Savoy-von-Alvar-Aalto.jpg 600w, https:\/\/raum-blick.de\/magazin\/wp-content\/uploads\/2017\/10\/Vasen-Set-Savoy-von-Alvar-Aalto-150x150.jpg 150w, https:\/\/raum-blick.de\/magazin\/wp-content\/uploads\/2017\/10\/Vasen-Set-Savoy-von-Alvar-Aalto-300x300.jpg 300w\" sizes=\"(max-width: 600px) 100vw, 600px\" \/><\/p>\n<p style=\"text-align: justify;\">Dieses praktische Detail bei dem Klassiker von Iittala verdeutlicht besonders gut, dass es bei Glasvasen auf den brillanten Entwurf ebenso ankommt wie auf das solide Handwerk erfahrener Glasbl\u00e4ser. Nur dann begeistert das formsch\u00f6ne Gef\u00e4\u00df langfristig mit seiner \u00c4sthetik, Funktionalit\u00e4t und Vielseitigkeit.<\/p>\n<h2><span class=\"ez-toc-section\" id=\"Skandinavisches_Design_%E2%80%93_geradezu_praedestiniert_fuer_wundervolle_Glasvasen\"><\/span>Skandinavisches Design \u2013 geradezu pr\u00e4destiniert f\u00fcr wundervolle Glasvasen<span class=\"ez-toc-section-end\"><\/span><\/h2>\n<p style=\"text-align: justify;\">Gerade aus Skandinavien haben es viele kreative Design-Ideen f\u00fcr Vasen \u00fcber die Grenzen des hohen Nordens hinaus geschafft und erfreuen sich weltweit gro\u00dfer Popularit\u00e4t. Das filigrane, dezente und doch elegante Design solcher Glasvasen f\u00fcgt sich in vielerlei Wohnwelten ein und stellt einen Botschafter eines erlesenen Geschmacks dar. Es lohnt sich also, sich etwas nordisch einzurichten.<\/p>\n","protected":false},"excerpt":{"rendered":"<p>\u00abKunstfertige Kreationen in wundervollen Designs\u00bb Deko-Glasvasen \u00fcberzeugen stets mit ihrer Eleganz und werten das Interieur als Solisten ebenso auf wie im Duett mit einem bl\u00fchenden Gru\u00df aus dem Garten. Besonders lange h\u00e4lt die Freude an der formsch\u00f6nen \u00c4sthetik an, wenn sich das Talent renommierter Designer mit der hohen Kunst der Glasbl\u00e4serei vereint. Sowohl traditionelle Hersteller [&hellip;]<\/p>\n","protected":false},"author":4,"featured_media":4043,"comment_status":"closed","ping_status":"open","sticky":false,"template":"","format":"standard","meta":{"_et_pb_use_builder":"","_et_pb_old_content":"","_et_gb_content_width":"","inline_featured_image":false,"footnotes":""},"categories":[7],"tags":[145,342,341,359,23,357,239,146],"class_list":["post-4011","post","type-post","status-publish","format-standard","has-post-thumbnail","hentry","category-accessoires-lifestyle","tag-alvar-aalto","tag-dekoration","tag-georg-jensen","tag-glasvasen","tag-iittala","tag-kaehler","tag-muuto","tag-vasen"],"_links":{"self":[{"href":"https:\/\/raum-blick.de\/magazin\/wp-json\/wp\/v2\/posts\/4011","targetHints":{"allow":["GET"]}}],"collection":[{"href":"https:\/\/raum-blick.de\/magazin\/wp-json\/wp\/v2\/posts"}],"about":[{"href":"https:\/\/raum-blick.de\/magazin\/wp-json\/wp\/v2\/types\/post"}],"author":[{"embeddable":true,"href":"https:\/\/raum-blick.de\/magazin\/wp-json\/wp\/v2\/users\/4"}],"replies":[{"embeddable":true,"href":"https:\/\/raum-blick.de\/magazin\/wp-json\/wp\/v2\/comments?post=4011"}],"version-history":[{"count":28,"href":"https:\/\/raum-blick.de\/magazin\/wp-json\/wp\/v2\/posts\/4011\/revisions"}],"predecessor-version":[{"id":13142,"href":"https:\/\/raum-blick.de\/magazin\/wp-json\/wp\/v2\/posts\/4011\/revisions\/13142"}],"wp:featuredmedia":[{"embeddable":true,"href":"https:\/\/raum-blick.de\/magazin\/wp-json\/wp\/v2\/media\/4043"}],"wp:attachment":[{"href":"https:\/\/raum-blick.de\/magazin\/wp-json\/wp\/v2\/media?parent=4011"}],"wp:term":[{"taxonomy":"category","embeddable":true,"href":"https:\/\/raum-blick.de\/magazin\/wp-json\/wp\/v2\/categories?post=4011"},{"taxonomy":"post_tag","embeddable":true,"href":"https:\/\/raum-blick.de\/magazin\/wp-json\/wp\/v2\/tags?post=4011"}],"curies":[{"name":"wp","href":"https:\/\/api.w.org\/{rel}","templated":true}]}}